{"id":83287,"date":"2026-03-15T10:41:43","date_gmt":"2026-03-15T13:41:43","guid":{"rendered":"https:\/\/noticiasribeiraopreto.com.br\/index.php\/2026\/03\/15\/comercial-empata-sem-gols-com-o-aracatuba-fora-de-casa-na-a4\/"},"modified":"2026-03-15T10:41:43","modified_gmt":"2026-03-15T13:41:43","slug":"comercial-empata-sem-gols-com-o-aracatuba-fora-de-casa-na-a4","status":"publish","type":"post","link":"https:\/\/noticiasribeiraopreto.com.br\/index.php\/2026\/03\/15\/comercial-empata-sem-gols-com-o-aracatuba-fora-de-casa-na-a4\/","title":{"rendered":"Comercial empata sem gols com o Ara\u00e7atuba fora de casa na A4"},"content":{"rendered":"<div class='code-block code-block-1' style='margin: 8px 0 8px auto; text-align: right; display: block; clear: both;'>\n<p><a href=\"https:\/\/wa.link\/vpicfd\"><img data-recalc-dims=\"1\" class=\"wp-image-4922\" style=\"aspect-ratio: 2.0253164556962027; width: 561px; height: auto;\" src=\"https:\/\/i0.wp.com\/ismaelcolosi.com.br\/wp-content\/uploads\/2023\/11\/grupo-de-empregos-whatsapp-e-facebook-ismael-colosi-vagas.jpg?ssl=1\" alt=\"\" \/><\/a><\/p>\n<!-- \/wp:image -->\n<\/div>\n<p> <br \/>\n<\/p>\n<div data-td-block-uid=\"tdi_95\">\n<div class=\"tdb-block-inner td-fix-index\">\n<p><strong>O Comercial empatou em 0 a 0 com o Ara\u00e7atuba neste s\u00e1bado (14), fora de casa, pela d\u00e9cima rodada da S\u00e9rie A4 do Campeonato Paulista.<\/strong><\/p>\n<p>Ap\u00f3s a sa\u00edda de Pinho, Osny comandou o Le\u00e3o no est\u00e1dio Doutor Adhemar de Barros, em Ara\u00e7atuba.<\/p>\n<p>As melhores chances de gols do Comercial foram duas bolas na trave.<\/p>\n<p>Com resultado, o Le\u00e3o est\u00e1 com oito pontos, na 11\u00aa posi\u00e7\u00e3o, e segue na luta contra o rebaixamento. O AEA soma cinco pontos e se manteve na zona de rebaixamento, na vice-lanterna da competi\u00e7\u00e3o.<\/p>\n<p>O Comercial volta a campo na pr\u00f3xima quarta-feira (18), \u00e0s 20h, contra o Vocem, no est\u00e1dio Palma Travassos. J\u00e1 o Ara\u00e7atuba recebe o lanterna Nacional-SP no mesmo dia e hor\u00e1rio, no Adhemar de Barros.<\/p>\n<p><!-- AI CONTENT END 1 -->\n<\/div>\n<\/div>\n<p><br \/>\n<br \/><a href=\"https:\/\/www.acidadeon.com\/ribeiraopreto\/cotidiano\/comercial-empata-sem-gols-com-o-aracatuba-fora-de-casa-na-a4\/\">Source link <\/a><\/p>\n<!-- CONTENT END 1 -->\n","protected":false},"excerpt":{"rendered":"<p>O Comercial empatou em 0 a 0 com o Ara\u00e7atuba neste s\u00e1bado (14), fora de casa, pela d\u00e9cima rodada da S\u00e9rie A4 do Campeonato Paulista&#8230;.<\/p>\n","protected":false},"author":1,"featured_media":83288,"comment_status":"open","ping_status":"open","sticky":false,"template":"","format":"standard","meta":{"advanced_seo_description":"","jetpack_seo_html_title":"","jetpack_seo_noindex":false,"jetpack_post_was_ever_published":false,"_jetpack_newsletter_access":"","_jetpack_dont_email_post_to_subs":false,"_jetpack_newsletter_tier_id":0,"_jetpack_memberships_contains_paywalled_content":false,"_jetpack_memberships_contains_paid_content":false,"footnotes":"","jetpack_publicize_message":"","jetpack_publicize_feature_enabled":true,"jetpack_social_post_already_shared":true,"jetpack_social_options":{"image_generator_settings":{"template":"highway","default_image_id":0,"font":"","enabled":false},"version":2}},"categories":[11],"tags":[],"class_list":["post-83287","post","type-post","status-publish","format-standard","has-post-thumbnail","hentry","category-noticias-de-ribeirao-preto-sp-e-regiao-ismael-colosi"],"jetpack_publicize_connections":[],"jetpack_featured_media_url":"https:\/\/i0.wp.com\/noticiasribeiraopreto.com.br\/wp-content\/uploads\/2026\/03\/DSC_5836.jpg_2026-03-14_20-29-58.webp.webp?fit=1200%2C960&ssl=1","jetpack-related-posts":[{"id":83275,"url":"https:\/\/noticiasribeiraopreto.com.br\/index.php\/2026\/03\/14\/comercial-fica-no-empate-em-aracatuba\/","url_meta":{"origin":83287,"position":0},"title":"Comercial fica no empate em Ara\u00e7atuba","author":"noticiasribeiraopreto.com.br","date":"14 de March de 2026","format":false,"excerpt":"\r \r \r 14 de mar\u00e7o de 2026 19:31 \r Compartilhar0 Deu empate sem gols no jogo entre Ara\u00e7atuba e Comercial, realizado na tarde deste s\u00e1bado no est\u00e1dio Doutor Adhemar de Barros, em Ara\u00e7atuba, pela d\u00e9cima rodada da S\u00e9rie A4 do Campeonato Paulista. No jogo de hoje o Le\u00e3o foi\u2026","rel":"","context":"In &quot;Not\u00edcias de Ribeir\u00e3o Preto-SP e Regi\u00e3o&quot;","block_context":{"text":"Not\u00edcias de Ribeir\u00e3o Preto-SP e Regi\u00e3o","link":"https:\/\/noticiasribeiraopreto.com.br\/index.php\/category\/noticias-de-ribeirao-preto-sp-e-regiao-ismael-colosi\/"},"img":{"alt_text":"","src":"https:\/\/i0.wp.com\/noticiasribeiraopreto.com.br\/wp-content\/uploads\/2026\/03\/AEA-0-x-0-CFC-scaled.jpg?fit=975%2C780&ssl=1&resize=350%2C200","width":350,"height":200,"srcset":"https:\/\/i0.wp.com\/noticiasribeiraopreto.com.br\/wp-content\/uploads\/2026\/03\/AEA-0-x-0-CFC-scaled.jpg?fit=975%2C780&ssl=1&resize=350%2C200 1x, https:\/\/i0.wp.com\/noticiasribeiraopreto.com.br\/wp-content\/uploads\/2026\/03\/AEA-0-x-0-CFC-scaled.jpg?fit=975%2C780&ssl=1&resize=525%2C300 1.5x, https:\/\/i0.wp.com\/noticiasribeiraopreto.com.br\/wp-content\/uploads\/2026\/03\/AEA-0-x-0-CFC-scaled.jpg?fit=975%2C780&ssl=1&resize=700%2C400 2x"},"classes":[]},{"id":83050,"url":"https:\/\/noticiasribeiraopreto.com.br\/index.php\/2026\/03\/07\/comercial-vence-a-primeira-em-casa-na-a4\/","url_meta":{"origin":83287,"position":1},"title":"Comercial vence a primeira em casa na A4","author":"noticiasribeiraopreto.com.br","date":"7 de March de 2026","format":false,"excerpt":"\r \r \r Na reestreia de Pinho, Bafo supera lanterna Nacional\r \r 7 de mar\u00e7o de 2026 17:21 \r Compartilhar1 \r Por Hugo LuqueO Comercial enfim venceu sua primeira partida em casa nesta temporada. No Palma Travassos, a equipe superou o Nacional por 2 a 0 neste s\u00e1bado (7), pela\u2026","rel":"","context":"In &quot;Not\u00edcias de Ribeir\u00e3o Preto-SP e Regi\u00e3o&quot;","block_context":{"text":"Not\u00edcias de Ribeir\u00e3o Preto-SP e Regi\u00e3o","link":"https:\/\/noticiasribeiraopreto.com.br\/index.php\/category\/noticias-de-ribeirao-preto-sp-e-regiao-ismael-colosi\/"},"img":{"alt_text":"","src":"https:\/\/i0.wp.com\/noticiasribeiraopreto.com.br\/wp-content\/uploads\/2026\/03\/764ff3d9-b946-4844-add4-c3cd3f5d1535-scaled.jpeg?fit=1169%2C780&ssl=1&resize=350%2C200","width":350,"height":200,"srcset":"https:\/\/i0.wp.com\/noticiasribeiraopreto.com.br\/wp-content\/uploads\/2026\/03\/764ff3d9-b946-4844-add4-c3cd3f5d1535-scaled.jpeg?fit=1169%2C780&ssl=1&resize=350%2C200 1x, https:\/\/i0.wp.com\/noticiasribeiraopreto.com.br\/wp-content\/uploads\/2026\/03\/764ff3d9-b946-4844-add4-c3cd3f5d1535-scaled.jpeg?fit=1169%2C780&ssl=1&resize=525%2C300 1.5x, https:\/\/i0.wp.com\/noticiasribeiraopreto.com.br\/wp-content\/uploads\/2026\/03\/764ff3d9-b946-4844-add4-c3cd3f5d1535-scaled.jpeg?fit=1169%2C780&ssl=1&resize=700%2C400 2x, https:\/\/i0.wp.com\/noticiasribeiraopreto.com.br\/wp-content\/uploads\/2026\/03\/764ff3d9-b946-4844-add4-c3cd3f5d1535-scaled.jpeg?fit=1169%2C780&ssl=1&resize=1050%2C600 3x"},"classes":[]},{"id":83175,"url":"https:\/\/noticiasribeiraopreto.com.br\/index.php\/2026\/03\/11\/comercial-perde-jogador-devido-miocardite-causada-pela-covid\/","url_meta":{"origin":83287,"position":2},"title":"Comercial perde jogador devido miocardite causada pela Covid","author":"noticiasribeiraopreto.com.br","date":"11 de March de 2026","format":false,"excerpt":"\r \r \r \r \r 11 de mar\u00e7o de 2026 13:5911 de mar\u00e7o de 2026 12:21 \r Compartilhar0 \r Lateral-direito n\u00e3o atuar\u00e1 mais pelo clube na S\u00e9rie A4 devido complica\u00e7\u00f5es m\u00e9dicas O Comercial perdeu um jogador do seu elenco at\u00e9 o final da S\u00e9rie A4 em decorr\u00eancia de complica\u00e7\u00f5es\u00a0 m\u00e9dicas.\u2026","rel":"","context":"In &quot;Not\u00edcias de Ribeir\u00e3o Preto-SP e Regi\u00e3o&quot;","block_context":{"text":"Not\u00edcias de Ribeir\u00e3o Preto-SP e Regi\u00e3o","link":"https:\/\/noticiasribeiraopreto.com.br\/index.php\/category\/noticias-de-ribeirao-preto-sp-e-regiao-ismael-colosi\/"},"img":{"alt_text":"","src":"https:\/\/i0.wp.com\/noticiasribeiraopreto.com.br\/wp-content\/uploads\/2026\/03\/WhatsApp-Image-2026-03-11-at-11.56.01-scaled.jpeg?fit=1169%2C780&ssl=1&resize=350%2C200","width":350,"height":200,"srcset":"https:\/\/i0.wp.com\/noticiasribeiraopreto.com.br\/wp-content\/uploads\/2026\/03\/WhatsApp-Image-2026-03-11-at-11.56.01-scaled.jpeg?fit=1169%2C780&ssl=1&resize=350%2C200 1x, https:\/\/i0.wp.com\/noticiasribeiraopreto.com.br\/wp-content\/uploads\/2026\/03\/WhatsApp-Image-2026-03-11-at-11.56.01-scaled.jpeg?fit=1169%2C780&ssl=1&resize=525%2C300 1.5x, https:\/\/i0.wp.com\/noticiasribeiraopreto.com.br\/wp-content\/uploads\/2026\/03\/WhatsApp-Image-2026-03-11-at-11.56.01-scaled.jpeg?fit=1169%2C780&ssl=1&resize=700%2C400 2x, https:\/\/i0.wp.com\/noticiasribeiraopreto.com.br\/wp-content\/uploads\/2026\/03\/WhatsApp-Image-2026-03-11-at-11.56.01-scaled.jpeg?fit=1169%2C780&ssl=1&resize=1050%2C600 3x"},"classes":[]},{"id":64095,"url":"https:\/\/noticiasribeiraopreto.com.br\/index.php\/2025\/03\/01\/na-luta-contra-o-rebaixamento-comercial-empata-sem-gols-com-o-sao-bernardo\/","url_meta":{"origin":83287,"position":3},"title":"Na luta contra o rebaixamento, Comercial empata sem gols com o S\u00e3o Bernardo","author":"noticiasribeiraopreto.com.br","date":"1 de March de 2025","format":false,"excerpt":"Neste s\u00e1bado de Carnaval, o Comercial ficou no empate sem gols com o EC S\u00e3o Bernardo, no Est\u00e1dio Palma Travassos, em partida v\u00e1lida pela 12\u00aa rodada do Campeonato Paulista da S\u00e9rie A3. Com o resultado, o Bafo segue na lanterna da competi\u00e7\u00e3o. O Le\u00e3o do Norte conquistou apenas sete pontos,\u2026","rel":"","context":"In &quot;Not\u00edcias de Ribeir\u00e3o Preto-SP e Regi\u00e3o&quot;","block_context":{"text":"Not\u00edcias de Ribeir\u00e3o Preto-SP e Regi\u00e3o","link":"https:\/\/noticiasribeiraopreto.com.br\/index.php\/category\/noticias-de-ribeirao-preto-sp-e-regiao-ismael-colosi\/"},"img":{"alt_text":"","src":"https:\/\/i0.wp.com\/noticiasribeiraopreto.com.br\/wp-content\/uploads\/2025\/03\/Copia-de-Copia-de-Copia-de-TAMANHO-EXATO-PARA-FOTOS-NO-SISTEMA-NOVO-2025-03-01T183531.540_2025-03-01_21-35-51_png_2025-03-01_21-35-51.webp.webp?fit=1200%2C675&ssl=1&resize=350%2C200","width":350,"height":200,"srcset":"https:\/\/i0.wp.com\/noticiasribeiraopreto.com.br\/wp-content\/uploads\/2025\/03\/Copia-de-Copia-de-Copia-de-TAMANHO-EXATO-PARA-FOTOS-NO-SISTEMA-NOVO-2025-03-01T183531.540_2025-03-01_21-35-51_png_2025-03-01_21-35-51.webp.webp?fit=1200%2C675&ssl=1&resize=350%2C200 1x, https:\/\/i0.wp.com\/noticiasribeiraopreto.com.br\/wp-content\/uploads\/2025\/03\/Copia-de-Copia-de-Copia-de-TAMANHO-EXATO-PARA-FOTOS-NO-SISTEMA-NOVO-2025-03-01T183531.540_2025-03-01_21-35-51_png_2025-03-01_21-35-51.webp.webp?fit=1200%2C675&ssl=1&resize=525%2C300 1.5x, https:\/\/i0.wp.com\/noticiasribeiraopreto.com.br\/wp-content\/uploads\/2025\/03\/Copia-de-Copia-de-Copia-de-TAMANHO-EXATO-PARA-FOTOS-NO-SISTEMA-NOVO-2025-03-01T183531.540_2025-03-01_21-35-51_png_2025-03-01_21-35-51.webp.webp?fit=1200%2C675&ssl=1&resize=700%2C400 2x, https:\/\/i0.wp.com\/noticiasribeiraopreto.com.br\/wp-content\/uploads\/2025\/03\/Copia-de-Copia-de-Copia-de-TAMANHO-EXATO-PARA-FOTOS-NO-SISTEMA-NOVO-2025-03-01T183531.540_2025-03-01_21-35-51_png_2025-03-01_21-35-51.webp.webp?fit=1200%2C675&ssl=1&resize=1050%2C600 3x"},"classes":[]},{"id":83464,"url":"https:\/\/noticiasribeiraopreto.com.br\/index.php\/2026\/03\/18\/comercial-bate-vocem-e-se-afasta-da-zona-de-rebaixamento-na-a4\/","url_meta":{"origin":83287,"position":4},"title":"Comercial bate Vocem e se afasta da zona de rebaixamento na A4","author":"noticiasribeiraopreto.com.br","date":"18 de March de 2026","format":false,"excerpt":"\r Bafo chega a tr\u00eas jogos seguidos sem perder e respira aliviado\r \r 18 de mar\u00e7o de 2026 22:24 \r Compartilhar1 O Comercial derrotou o Vocem por 3 a 1 nesta quarta-feira (18), no Est\u00e1dio Palma Travassos, pela 11\u00aa rodada da S\u00e9rie A4 do Campeonato Paulista. Em seu terceiro jogo\u2026","rel":"","context":"In &quot;Not\u00edcias de Ribeir\u00e3o Preto-SP e Regi\u00e3o&quot;","block_context":{"text":"Not\u00edcias de Ribeir\u00e3o Preto-SP e Regi\u00e3o","link":"https:\/\/noticiasribeiraopreto.com.br\/index.php\/category\/noticias-de-ribeirao-preto-sp-e-regiao-ismael-colosi\/"},"img":{"alt_text":"","src":"https:\/\/i0.wp.com\/noticiasribeiraopreto.com.br\/wp-content\/uploads\/2026\/03\/ATA-Mikael-Raul-Ramos-2-scaled.jpeg?fit=1200%2C800&ssl=1&resize=350%2C200","width":350,"height":200,"srcset":"https:\/\/i0.wp.com\/noticiasribeiraopreto.com.br\/wp-content\/uploads\/2026\/03\/ATA-Mikael-Raul-Ramos-2-scaled.jpeg?fit=1200%2C800&ssl=1&resize=350%2C200 1x, https:\/\/i0.wp.com\/noticiasribeiraopreto.com.br\/wp-content\/uploads\/2026\/03\/ATA-Mikael-Raul-Ramos-2-scaled.jpeg?fit=1200%2C800&ssl=1&resize=525%2C300 1.5x, https:\/\/i0.wp.com\/noticiasribeiraopreto.com.br\/wp-content\/uploads\/2026\/03\/ATA-Mikael-Raul-Ramos-2-scaled.jpeg?fit=1200%2C800&ssl=1&resize=700%2C400 2x, https:\/\/i0.wp.com\/noticiasribeiraopreto.com.br\/wp-content\/uploads\/2026\/03\/ATA-Mikael-Raul-Ramos-2-scaled.jpeg?fit=1200%2C800&ssl=1&resize=1050%2C600 3x"},"classes":[]},{"id":40410,"url":"https:\/\/noticiasribeiraopreto.com.br\/index.php\/2024\/03\/03\/comercial-sofre-goleada-em-casa\/","url_meta":{"origin":83287,"position":5},"title":"Comercial sofre goleada em casa","author":"noticiasribeiraopreto.com.br","date":"3 de March de 2024","format":false,"excerpt":"3 de mar\u00e7o de 2024 | 13:29 0O Comercial precisava de uma vit\u00f3ria, a primeira no Campeonato Paulista da S\u00e9rie A2, para ter for\u00e7as e lutar com a incomoda situa\u00e7\u00e3o de rebaixamento. Jogando em seus dom\u00ednios, no est\u00e1dio Palma Travassos, o Le\u00e3o do Norte recebeu o XV de Piracicaba, na\u2026","rel":"","context":"In &quot;Not\u00edcias de Ribeir\u00e3o Preto-SP e Regi\u00e3o&quot;","block_context":{"text":"Not\u00edcias de Ribeir\u00e3o Preto-SP e Regi\u00e3o","link":"https:\/\/noticiasribeiraopreto.com.br\/index.php\/category\/noticias-de-ribeirao-preto-sp-e-regiao-ismael-colosi\/"},"img":{"alt_text":"","src":"https:\/\/i0.wp.com\/noticiasribeiraopreto.com.br\/wp-content\/uploads\/2024\/03\/cfc-scaled.jpeg?fit=967%2C645&ssl=1&resize=350%2C200","width":350,"height":200,"srcset":"https:\/\/i0.wp.com\/noticiasribeiraopreto.com.br\/wp-content\/uploads\/2024\/03\/cfc-scaled.jpeg?fit=967%2C645&ssl=1&resize=350%2C200 1x, https:\/\/i0.wp.com\/noticiasribeiraopreto.com.br\/wp-content\/uploads\/2024\/03\/cfc-scaled.jpeg?fit=967%2C645&ssl=1&resize=525%2C300 1.5x, https:\/\/i0.wp.com\/noticiasribeiraopreto.com.br\/wp-content\/uploads\/2024\/03\/cfc-scaled.jpeg?fit=967%2C645&ssl=1&resize=700%2C400 2x"},"classes":[]}],"jetpack_sharing_enabled":true,"jetpack_shortlink":"https:\/\/wp.me\/peQAOb-lFl","_links":{"self":[{"href":"https:\/\/noticiasribeiraopreto.com.br\/index.php\/wp-json\/wp\/v2\/posts\/83287","targetHints":{"allow":["GET"]}}],"collection":[{"href":"https:\/\/noticiasribeiraopreto.com.br\/index.php\/wp-json\/wp\/v2\/posts"}],"about":[{"href":"https:\/\/noticiasribeiraopreto.com.br\/index.php\/wp-json\/wp\/v2\/types\/post"}],"author":[{"embeddable":true,"href":"https:\/\/noticiasribeiraopreto.com.br\/index.php\/wp-json\/wp\/v2\/users\/1"}],"replies":[{"embeddable":true,"href":"https:\/\/noticiasribeiraopreto.com.br\/index.php\/wp-json\/wp\/v2\/comments?post=83287"}],"version-history":[{"count":0,"href":"https:\/\/noticiasribeiraopreto.com.br\/index.php\/wp-json\/wp\/v2\/posts\/83287\/revisions"}],"wp:featuredmedia":[{"embeddable":true,"href":"https:\/\/noticiasribeiraopreto.com.br\/index.php\/wp-json\/wp\/v2\/media\/83288"}],"wp:attachment":[{"href":"https:\/\/noticiasribeiraopreto.com.br\/index.php\/wp-json\/wp\/v2\/media?parent=83287"}],"wp:term":[{"taxonomy":"category","embeddable":true,"href":"https:\/\/noticiasribeiraopreto.com.br\/index.php\/wp-json\/wp\/v2\/categories?post=83287"},{"taxonomy":"post_tag","embeddable":true,"href":"https:\/\/noticiasribeiraopreto.com.br\/index.php\/wp-json\/wp\/v2\/tags?post=83287"}],"curies":[{"name":"wp","href":"https:\/\/api.w.org\/{rel}","templated":true}]}}