{"id":83289,"date":"2026-03-15T10:48:15","date_gmt":"2026-03-15T13:48:15","guid":{"rendered":"https:\/\/noticiasribeiraopreto.com.br\/index.php\/2026\/03\/15\/pedro-severino-da-pontape-inicial-em-inauguracao-do-ct-da-base-do-botafogo-video\/"},"modified":"2026-03-15T10:48:15","modified_gmt":"2026-03-15T13:48:15","slug":"pedro-severino-da-pontape-inicial-em-inauguracao-do-ct-da-base-do-botafogo-video","status":"publish","type":"post","link":"https:\/\/noticiasribeiraopreto.com.br\/index.php\/2026\/03\/15\/pedro-severino-da-pontape-inicial-em-inauguracao-do-ct-da-base-do-botafogo-video\/","title":{"rendered":"Pedro Severino d\u00e1 pontap\u00e9 inicial em inaugura\u00e7\u00e3o do CT da base do Botafogo; V\u00eddeo"},"content":{"rendered":"<div class='code-block code-block-1' style='margin: 8px 0 8px auto; text-align: right; display: block; clear: both;'>\n<p><a href=\"https:\/\/wa.link\/vpicfd\"><img data-recalc-dims=\"1\" class=\"wp-image-4922\" style=\"aspect-ratio: 2.0253164556962027; width: 561px; height: auto;\" src=\"https:\/\/i0.wp.com\/ismaelcolosi.com.br\/wp-content\/uploads\/2023\/11\/grupo-de-empregos-whatsapp-e-facebook-ismael-colosi-vagas.jpg?ssl=1\" alt=\"\" \/><\/a><\/p>\n<!-- \/wp:image -->\n<\/div>\n<p> <br \/>\n<\/p>\n<div data-td-block-uid=\"tdi_95\">\n<div class=\"tdb-block-inner td-fix-index\">\n<p><strong>O atacante Pedro Severino participou neste s\u00e1bado (14) da inaugura\u00e7\u00e3o da primeira etapa do novo centro de treinamento das categorias de base do Botafogo, entre Jardin\u00f3polis e Brodowski, na regi\u00e3o de Ribeir\u00e3o Preto.<\/strong><\/p>\n<p><mark style=\"background-color:#fcb900\" class=\"has-inline-color\">O jogador, que se recupera de um acidente de carro, deu o pontap\u00e9 simb\u00f3lico da inaugura\u00e7\u00e3o em um dos tr\u00eas campos de grama sint\u00e9tica entregues.<\/mark> <strong>Assista <\/strong>ao <strong>v\u00eddeo <\/strong>abaixo.<\/p>\n<p>\u201cNa minha cabe\u00e7a, preciso melhorar o mais r\u00e1pido poss\u00edvel este ano, atingir 100%. J\u00e1 estou melhorando, mas ainda n\u00e3o estou 100%. Preciso melhorar para voltar como era antes\u201d, disse o atleta na primeira vez em que ele falou com a imprensa ap\u00f3s o acidente, ocorrido em 4 de mar\u00e7o de 2025.<\/p>\n<p>Al\u00e9m de Pedro e de seu pai, o ex-jogador Lucas Severino, participaram da inaugura\u00e7\u00e3o o presidente da Federa\u00e7\u00e3o Paulista de Futebol, Reinaldo Carneiro Bastos, e o vice-presidente da entidade, Mauro Silva.<\/p>\n<blockquote class=\"instagram-media\" data-instgrm-permalink=\"https:\/\/www.instagram.com\/reel\/DV4JXahDk6I\/?utm_source=ig_embed&amp;utm_campaign=loading\" data-instgrm-version=\"14\" style=\" background:#FFF; border:0; border-radius:3px; box-shadow:0 0 1px 0 rgba(0,0,0,0.5),0 1px 10px 0 rgba(0,0,0,0.15); margin: 1px; max-width:540px; min-width:326px; padding:0; width:99.375%; width:-webkit-calc(100% - 2px); width:calc(100% - 2px);\"\/>\n<p>SAIBA MAIS<\/p>\n<p>CT da base do Botafogo tem primeira etapa inaugurada na regi\u00e3o de Ribeir\u00e3o Preto; Veja imagens<\/p>\n<h2 class=\"wp-block-heading\"><strong>FIQUE ON<\/strong><\/h2>\n<p>Fique ligado em tudo que acontece em Ribeir\u00e3o Preto e regi\u00e3o. Siga os perfis do\u00a0<strong>acidade on<\/strong>\u00a0no\u00a0<a href=\"https:\/\/www.instagram.com\/acidadeonribeirao\" target=\"_blank\" rel=\"noreferrer noopener\">Instagram<\/a>\u00a0e no<a href=\"https:\/\/www.facebook.com\/acidadeonribeirao\/\" target=\"_blank\" rel=\"noreferrer noopener\">\u00a0Facebook<\/a>.<\/p>\n<p>Receba not\u00edcias do\u00a0<strong>acidade on<\/strong>\u00a0no WhatsApp. Para entrar no grupo,\u00a0basta\u00a0<a href=\"https:\/\/whatsapp.com\/channel\/0029Vb6IQl1JENyAeS57fk2p\" target=\"_blank\" rel=\"noreferrer noopener\">clicar aqui<\/a>. Ou, acesse o nosso\u00a0Canal\u00a0<a href=\"https:\/\/chat.whatsapp.com\/GFH9HUMUTHNFJdnyEd0xxq\" target=\"_blank\" rel=\"noreferrer noopener\">clicando aqui<\/a>.<\/p>\n<p>Fa\u00e7a uma den\u00fancia ou sugira uma reportagem sobre Ribeir\u00e3o Preto e regi\u00e3o pelo WhatsApp: 16 99117 7802.<\/p>\n<p>VEJA TAMB\u00c9M<\/p>\n<p>Sopas e cremes termog\u00eanicos: 10 receitas para ajudar a emagrecer no outono<\/p>\n<p><!-- AI CONTENT END 1 -->\n<\/div>\n<\/div>\n<p><script async src=\"\/\/www.instagram.com\/embed.js\"><\/script><br \/>\n<br \/><br \/>\n<br \/><a href=\"https:\/\/www.acidadeon.com\/ribeiraopreto\/esportes\/pedro-severino-da-pontape-inicial-em-inauguracao-do-ct-da-base-do-botafogo-video\/\">Source link <\/a><\/p>\n<!-- CONTENT END 1 -->\n","protected":false},"excerpt":{"rendered":"<p>O atacante Pedro Severino participou neste s\u00e1bado (14) da inaugura\u00e7\u00e3o da primeira etapa do novo centro de treinamento das categorias de base do Botafogo, entre&#8230;<\/p>\n","protected":false},"author":1,"featured_media":83290,"comment_status":"open","ping_status":"open","sticky":false,"template":"","format":"standard","meta":{"advanced_seo_description":"","jetpack_seo_html_title":"","jetpack_seo_noindex":false,"jetpack_post_was_ever_published":false,"_jetpack_newsletter_access":"","_jetpack_dont_email_post_to_subs":false,"_jetpack_newsletter_tier_id":0,"_jetpack_memberships_contains_paywalled_content":false,"_jetpack_memberships_contains_paid_content":false,"footnotes":"","jetpack_publicize_message":"","jetpack_publicize_feature_enabled":true,"jetpack_social_post_already_shared":true,"jetpack_social_options":{"image_generator_settings":{"template":"highway","default_image_id":0,"font":"","enabled":false},"version":2}},"categories":[11],"tags":[],"class_list":["post-83289","post","type-post","status-publish","format-standard","has-post-thumbnail","hentry","category-noticias-de-ribeirao-preto-sp-e-regiao-ismael-colosi"],"jetpack_publicize_connections":[],"jetpack_featured_media_url":"https:\/\/i0.wp.com\/noticiasribeiraopreto.com.br\/wp-content\/uploads\/2026\/03\/WhatsApp-Image-2026-03-14-at-15.56.29_2026-03-14_19-56-00.webp.webp?fit=1200%2C675&ssl=1","jetpack-related-posts":[{"id":76822,"url":"https:\/\/noticiasribeiraopreto.com.br\/index.php\/2025\/09\/05\/em-recuperacao-pedro-severino-vai-dar-o-pontape-inicial-em-botafogo-x-athletico\/","url_meta":{"origin":83289,"position":0},"title":"Em recupera\u00e7\u00e3o, Pedro Severino vai dar o pontap\u00e9 inicial em Botafogo x Athletico","author":"noticiasribeiraopreto.com.br","date":"5 de September de 2025","format":false,"excerpt":"O atacante Pedro Severino participa neste s\u00e1bado (6) do confronto entre Botafogo e Athletico, pela 25\u00aa rodada da S\u00e9rie B do Campeonato Brasileiro. Ele entra em campo no Est\u00e1dio Santa Cruz, em Ribeir\u00e3o Preto, para dar o pontap\u00e9 inicial da partida. Homenagens Segundo nota do Botafogo, uma bandeira com a\u2026","rel":"","context":"In &quot;Not\u00edcias de Ribeir\u00e3o Preto-SP e Regi\u00e3o&quot;","block_context":{"text":"Not\u00edcias de Ribeir\u00e3o Preto-SP e Regi\u00e3o","link":"https:\/\/noticiasribeiraopreto.com.br\/index.php\/category\/noticias-de-ribeirao-preto-sp-e-regiao-ismael-colosi\/"},"img":{"alt_text":"","src":"https:\/\/i0.wp.com\/noticiasribeiraopreto.com.br\/wp-content\/uploads\/2025\/09\/Copia-de-Copia-de-Copia-de-TAMANHO-EXATO-PARA-FOTOS-NO-SISTEMA-NOVO-2025-03-07T122327.849_2025-03-07_15-23-33_png_2025-03-07_15-23-33.webp.webp?fit=1200%2C675&ssl=1&resize=350%2C200","width":350,"height":200,"srcset":"https:\/\/i0.wp.com\/noticiasribeiraopreto.com.br\/wp-content\/uploads\/2025\/09\/Copia-de-Copia-de-Copia-de-TAMANHO-EXATO-PARA-FOTOS-NO-SISTEMA-NOVO-2025-03-07T122327.849_2025-03-07_15-23-33_png_2025-03-07_15-23-33.webp.webp?fit=1200%2C675&ssl=1&resize=350%2C200 1x, https:\/\/i0.wp.com\/noticiasribeiraopreto.com.br\/wp-content\/uploads\/2025\/09\/Copia-de-Copia-de-Copia-de-TAMANHO-EXATO-PARA-FOTOS-NO-SISTEMA-NOVO-2025-03-07T122327.849_2025-03-07_15-23-33_png_2025-03-07_15-23-33.webp.webp?fit=1200%2C675&ssl=1&resize=525%2C300 1.5x, https:\/\/i0.wp.com\/noticiasribeiraopreto.com.br\/wp-content\/uploads\/2025\/09\/Copia-de-Copia-de-Copia-de-TAMANHO-EXATO-PARA-FOTOS-NO-SISTEMA-NOVO-2025-03-07T122327.849_2025-03-07_15-23-33_png_2025-03-07_15-23-33.webp.webp?fit=1200%2C675&ssl=1&resize=700%2C400 2x, https:\/\/i0.wp.com\/noticiasribeiraopreto.com.br\/wp-content\/uploads\/2025\/09\/Copia-de-Copia-de-Copia-de-TAMANHO-EXATO-PARA-FOTOS-NO-SISTEMA-NOVO-2025-03-07T122327.849_2025-03-07_15-23-33_png_2025-03-07_15-23-33.webp.webp?fit=1200%2C675&ssl=1&resize=1050%2C600 3x"},"classes":[]},{"id":77174,"url":"https:\/\/noticiasribeiraopreto.com.br\/index.php\/2025\/09\/12\/pedro-severino-participa-de-treinos-e-chuta-bola-apos-acidente-grave-veja-video\/","url_meta":{"origin":83289,"position":1},"title":"Pedro Severino participa de treinos e chuta bola ap\u00f3s acidente grave; veja v\u00eddeo","author":"noticiasribeiraopreto.com.br","date":"12 de September de 2025","format":false,"excerpt":"O atacante Pedro Severino, de 19 anos, voltou a treinar em campo ap\u00f3s sofrer um acidente grave em mar\u00e7o. Um v\u00eddeo publicado pela terapeuta ocupacional Larissa Carvalho mostra Pedro correndo com o apoio da profissional e do pai, o ex-jogador Lucas Severino, e chutando a bola para o gol. Reprodu\u00e7\u00e3o\/\u2026","rel":"","context":"In &quot;Not\u00edcias de Ribeir\u00e3o Preto-SP e Regi\u00e3o&quot;","block_context":{"text":"Not\u00edcias de Ribeir\u00e3o Preto-SP e Regi\u00e3o","link":"https:\/\/noticiasribeiraopreto.com.br\/index.php\/category\/noticias-de-ribeirao-preto-sp-e-regiao-ismael-colosi\/"},"img":{"alt_text":"","src":"https:\/\/i0.wp.com\/noticiasribeiraopreto.com.br\/wp-content\/uploads\/2025\/09\/Copia-de-Copia-de-Copia-de-TAMANHO-EXATO-PARA-FOTOS-NO-SISTEMA-NOVO-2025-09-12T165039.300_2025-09-12_19-51-01.webp.webp?fit=1200%2C675&ssl=1&resize=350%2C200","width":350,"height":200,"srcset":"https:\/\/i0.wp.com\/noticiasribeiraopreto.com.br\/wp-content\/uploads\/2025\/09\/Copia-de-Copia-de-Copia-de-TAMANHO-EXATO-PARA-FOTOS-NO-SISTEMA-NOVO-2025-09-12T165039.300_2025-09-12_19-51-01.webp.webp?fit=1200%2C675&ssl=1&resize=350%2C200 1x, https:\/\/i0.wp.com\/noticiasribeiraopreto.com.br\/wp-content\/uploads\/2025\/09\/Copia-de-Copia-de-Copia-de-TAMANHO-EXATO-PARA-FOTOS-NO-SISTEMA-NOVO-2025-09-12T165039.300_2025-09-12_19-51-01.webp.webp?fit=1200%2C675&ssl=1&resize=525%2C300 1.5x, https:\/\/i0.wp.com\/noticiasribeiraopreto.com.br\/wp-content\/uploads\/2025\/09\/Copia-de-Copia-de-Copia-de-TAMANHO-EXATO-PARA-FOTOS-NO-SISTEMA-NOVO-2025-09-12T165039.300_2025-09-12_19-51-01.webp.webp?fit=1200%2C675&ssl=1&resize=700%2C400 2x, https:\/\/i0.wp.com\/noticiasribeiraopreto.com.br\/wp-content\/uploads\/2025\/09\/Copia-de-Copia-de-Copia-de-TAMANHO-EXATO-PARA-FOTOS-NO-SISTEMA-NOVO-2025-09-12T165039.300_2025-09-12_19-51-01.webp.webp?fit=1200%2C675&ssl=1&resize=1050%2C600 3x"},"classes":[]},{"id":76845,"url":"https:\/\/noticiasribeiraopreto.com.br\/index.php\/2025\/09\/06\/ele-e-um-milagre-diz-pai-de-pedro-severino-durante-homenagem-em-ribeirao-preto\/","url_meta":{"origin":83289,"position":2},"title":"&#8216;Ele \u00e9 um milagre&#8217;, diz pai de Pedro Severino durante homenagem em Ribeir\u00e3o Preto","author":"noticiasribeiraopreto.com.br","date":"6 de September de 2025","format":false,"excerpt":"O p\u00fablico presente no Est\u00e1dio Santa Cruz, em Ribeir\u00e3o Preto, viveu um momento emocionante na tarde deste s\u00e1bado (6). O jogador Pedro Severino, que se recupera de um grave acidente de carro sofrido em mar\u00e7o, foi homenageado antes do duelo entre Botafogo e Athletico-PR, v\u00e1lido pela 25\u00aa rodada da S\u00e9rie\u2026","rel":"","context":"In &quot;Not\u00edcias de Ribeir\u00e3o Preto-SP e Regi\u00e3o&quot;","block_context":{"text":"Not\u00edcias de Ribeir\u00e3o Preto-SP e Regi\u00e3o","link":"https:\/\/noticiasribeiraopreto.com.br\/index.php\/category\/noticias-de-ribeirao-preto-sp-e-regiao-ismael-colosi\/"},"img":{"alt_text":"","src":"https:\/\/i0.wp.com\/noticiasribeiraopreto.com.br\/wp-content\/uploads\/2025\/09\/Copia-de-Copia-de-Copia-de-TAMANHO-EXATO-PARA-FOTOS-NO-SISTEMA-NOVO-2025-09-06T163544.151_2025-09-06_19-36-22.webp.webp?fit=1200%2C675&ssl=1&resize=350%2C200","width":350,"height":200,"srcset":"https:\/\/i0.wp.com\/noticiasribeiraopreto.com.br\/wp-content\/uploads\/2025\/09\/Copia-de-Copia-de-Copia-de-TAMANHO-EXATO-PARA-FOTOS-NO-SISTEMA-NOVO-2025-09-06T163544.151_2025-09-06_19-36-22.webp.webp?fit=1200%2C675&ssl=1&resize=350%2C200 1x, https:\/\/i0.wp.com\/noticiasribeiraopreto.com.br\/wp-content\/uploads\/2025\/09\/Copia-de-Copia-de-Copia-de-TAMANHO-EXATO-PARA-FOTOS-NO-SISTEMA-NOVO-2025-09-06T163544.151_2025-09-06_19-36-22.webp.webp?fit=1200%2C675&ssl=1&resize=525%2C300 1.5x, https:\/\/i0.wp.com\/noticiasribeiraopreto.com.br\/wp-content\/uploads\/2025\/09\/Copia-de-Copia-de-Copia-de-TAMANHO-EXATO-PARA-FOTOS-NO-SISTEMA-NOVO-2025-09-06T163544.151_2025-09-06_19-36-22.webp.webp?fit=1200%2C675&ssl=1&resize=700%2C400 2x, https:\/\/i0.wp.com\/noticiasribeiraopreto.com.br\/wp-content\/uploads\/2025\/09\/Copia-de-Copia-de-Copia-de-TAMANHO-EXATO-PARA-FOTOS-NO-SISTEMA-NOVO-2025-09-06T163544.151_2025-09-06_19-36-22.webp.webp?fit=1200%2C675&ssl=1&resize=1050%2C600 3x"},"classes":[]},{"id":64267,"url":"https:\/\/noticiasribeiraopreto.com.br\/index.php\/2025\/03\/06\/funcionarios-do-botafogo-fazem-oracao-pela-recuperacao-do-jogador-pedro-severino\/","url_meta":{"origin":83289,"position":3},"title":"Funcion\u00e1rios do Botafogo fazem ora\u00e7\u00e3o pela recupera\u00e7\u00e3o do jogador Pedro Severino","author":"noticiasribeiraopreto.com.br","date":"6 de March de 2025","format":false,"excerpt":"Funcion\u00e1rios, jogadores e a comiss\u00e3o t\u00e9cnica do Botafogo se reuniram na manh\u00e3 desta quinta-feira (6), em um c\u00edrculo no gramado do Est\u00e1dio Santa Cruz, em Ribeir\u00e3o Preto, para realizarem uma ora\u00e7\u00e3o pela recupera\u00e7\u00e3o do jogador Pedro Severino, v\u00edtima de acidente na \u00faltima ter\u00e7a-feira (4). O atacante, que tem 19 anos\u2026","rel":"","context":"In &quot;Not\u00edcias de Ribeir\u00e3o Preto-SP e Regi\u00e3o&quot;","block_context":{"text":"Not\u00edcias de Ribeir\u00e3o Preto-SP e Regi\u00e3o","link":"https:\/\/noticiasribeiraopreto.com.br\/index.php\/category\/noticias-de-ribeirao-preto-sp-e-regiao-ismael-colosi\/"},"img":{"alt_text":"","src":"https:\/\/i0.wp.com\/noticiasribeiraopreto.com.br\/wp-content\/uploads\/2025\/03\/BOTAFOGO_2025-03-06_14-32-13_jpg_2025-03-06_14-32-14.webp.webp?fit=1200%2C797&ssl=1&resize=350%2C200","width":350,"height":200,"srcset":"https:\/\/i0.wp.com\/noticiasribeiraopreto.com.br\/wp-content\/uploads\/2025\/03\/BOTAFOGO_2025-03-06_14-32-13_jpg_2025-03-06_14-32-14.webp.webp?fit=1200%2C797&ssl=1&resize=350%2C200 1x, https:\/\/i0.wp.com\/noticiasribeiraopreto.com.br\/wp-content\/uploads\/2025\/03\/BOTAFOGO_2025-03-06_14-32-13_jpg_2025-03-06_14-32-14.webp.webp?fit=1200%2C797&ssl=1&resize=525%2C300 1.5x, https:\/\/i0.wp.com\/noticiasribeiraopreto.com.br\/wp-content\/uploads\/2025\/03\/BOTAFOGO_2025-03-06_14-32-13_jpg_2025-03-06_14-32-14.webp.webp?fit=1200%2C797&ssl=1&resize=700%2C400 2x, https:\/\/i0.wp.com\/noticiasribeiraopreto.com.br\/wp-content\/uploads\/2025\/03\/BOTAFOGO_2025-03-06_14-32-13_jpg_2025-03-06_14-32-14.webp.webp?fit=1200%2C797&ssl=1&resize=1050%2C600 3x"},"classes":[]},{"id":64980,"url":"https:\/\/noticiasribeiraopreto.com.br\/index.php\/2025\/03\/14\/jogador-pedro-severino-respira-sem-aparelhos-em-parte-do-dia-diz-boletim-medico\/","url_meta":{"origin":83289,"position":4},"title":"Jogador Pedro Severino respira sem aparelhos em parte do dia, diz boletim m\u00e9dico","author":"noticiasribeiraopreto.com.br","date":"14 de March de 2025","format":false,"excerpt":"O jogador Pedro Severino, de 19 anos, est\u00e1 em processo de retirada da ventila\u00e7\u00e3o mec\u00e2nica, o que permite que ele passe per\u00edodos do dia com respira\u00e7\u00e3o espont\u00e2nea, segundo o boletim m\u00e9dico divulgado na manh\u00e3 desta sexta-feira (14), pelo Hospital Unimed Ribeir\u00e3o Preto.\u00a0O atleta segue\u00a0internado\u00a0na\u00a0UTI (Unidade de Terapia Intensiva), ap\u00f3s sofrer\u2026","rel":"","context":"In &quot;Not\u00edcias de Ribeir\u00e3o Preto-SP e Regi\u00e3o&quot;","block_context":{"text":"Not\u00edcias de Ribeir\u00e3o Preto-SP e Regi\u00e3o","link":"https:\/\/noticiasribeiraopreto.com.br\/index.php\/category\/noticias-de-ribeirao-preto-sp-e-regiao-ismael-colosi\/"},"img":{"alt_text":"","src":"https:\/\/i0.wp.com\/noticiasribeiraopreto.com.br\/wp-content\/uploads\/2025\/03\/IMG-20250305-WA0006_2025-03-05_13-27-33_jpg_2025-03-05_13-27-33.webp.webp?fit=1200%2C799&ssl=1&resize=350%2C200","width":350,"height":200,"srcset":"https:\/\/i0.wp.com\/noticiasribeiraopreto.com.br\/wp-content\/uploads\/2025\/03\/IMG-20250305-WA0006_2025-03-05_13-27-33_jpg_2025-03-05_13-27-33.webp.webp?fit=1200%2C799&ssl=1&resize=350%2C200 1x, https:\/\/i0.wp.com\/noticiasribeiraopreto.com.br\/wp-content\/uploads\/2025\/03\/IMG-20250305-WA0006_2025-03-05_13-27-33_jpg_2025-03-05_13-27-33.webp.webp?fit=1200%2C799&ssl=1&resize=525%2C300 1.5x, https:\/\/i0.wp.com\/noticiasribeiraopreto.com.br\/wp-content\/uploads\/2025\/03\/IMG-20250305-WA0006_2025-03-05_13-27-33_jpg_2025-03-05_13-27-33.webp.webp?fit=1200%2C799&ssl=1&resize=700%2C400 2x, https:\/\/i0.wp.com\/noticiasribeiraopreto.com.br\/wp-content\/uploads\/2025\/03\/IMG-20250305-WA0006_2025-03-05_13-27-33_jpg_2025-03-05_13-27-33.webp.webp?fit=1200%2C799&ssl=1&resize=1050%2C600 3x"},"classes":[]},{"id":64171,"url":"https:\/\/noticiasribeiraopreto.com.br\/index.php\/2025\/03\/04\/jogador-emprestado-do-botafogo-ao-bragantino-fica-gravemente-ferido-em-acidente-na-anhanguera\/","url_meta":{"origin":83289,"position":5},"title":"Jogador emprestado do Botafogo ao Bragantino fica gravemente ferido em acidente na Anhanguera","author":"noticiasribeiraopreto.com.br","date":"4 de March de 2025","format":false,"excerpt":"O atacante Pedro Severino, de 19 anos, que est\u00e1 emprestado do Botafogo ao Red Bull Bragantino, foi internado em estado grave ap\u00f3s sofrer um acidente na madrugada desta ter\u00e7a-feira (4), na rodovia Anhanguera (SP-330), em Americana, na regi\u00e3o de Campinas. Pedro \u00e9 filho do ex-atacante Lucas Severino, \u00eddolo do Botafogo\u2026","rel":"","context":"In &quot;Not\u00edcias de Ribeir\u00e3o Preto-SP e Regi\u00e3o&quot;","block_context":{"text":"Not\u00edcias de Ribeir\u00e3o Preto-SP e Regi\u00e3o","link":"https:\/\/noticiasribeiraopreto.com.br\/index.php\/category\/noticias-de-ribeirao-preto-sp-e-regiao-ismael-colosi\/"},"img":{"alt_text":"","src":"https:\/\/i0.wp.com\/noticiasribeiraopreto.com.br\/wp-content\/uploads\/2025\/03\/PEDRO_2025-03-04_14-47-44_jpg_2025-03-04_14-47-44.webp.webp?fit=1200%2C699&ssl=1&resize=350%2C200","width":350,"height":200,"srcset":"https:\/\/i0.wp.com\/noticiasribeiraopreto.com.br\/wp-content\/uploads\/2025\/03\/PEDRO_2025-03-04_14-47-44_jpg_2025-03-04_14-47-44.webp.webp?fit=1200%2C699&ssl=1&resize=350%2C200 1x, https:\/\/i0.wp.com\/noticiasribeiraopreto.com.br\/wp-content\/uploads\/2025\/03\/PEDRO_2025-03-04_14-47-44_jpg_2025-03-04_14-47-44.webp.webp?fit=1200%2C699&ssl=1&resize=525%2C300 1.5x, https:\/\/i0.wp.com\/noticiasribeiraopreto.com.br\/wp-content\/uploads\/2025\/03\/PEDRO_2025-03-04_14-47-44_jpg_2025-03-04_14-47-44.webp.webp?fit=1200%2C699&ssl=1&resize=700%2C400 2x, https:\/\/i0.wp.com\/noticiasribeiraopreto.com.br\/wp-content\/uploads\/2025\/03\/PEDRO_2025-03-04_14-47-44_jpg_2025-03-04_14-47-44.webp.webp?fit=1200%2C699&ssl=1&resize=1050%2C600 3x"},"classes":[]}],"jetpack_sharing_enabled":true,"jetpack_shortlink":"https:\/\/wp.me\/peQAOb-lFn","_links":{"self":[{"href":"https:\/\/noticiasribeiraopreto.com.br\/index.php\/wp-json\/wp\/v2\/posts\/83289","targetHints":{"allow":["GET"]}}],"collection":[{"href":"https:\/\/noticiasribeiraopreto.com.br\/index.php\/wp-json\/wp\/v2\/posts"}],"about":[{"href":"https:\/\/noticiasribeiraopreto.com.br\/index.php\/wp-json\/wp\/v2\/types\/post"}],"author":[{"embeddable":true,"href":"https:\/\/noticiasribeiraopreto.com.br\/index.php\/wp-json\/wp\/v2\/users\/1"}],"replies":[{"embeddable":true,"href":"https:\/\/noticiasribeiraopreto.com.br\/index.php\/wp-json\/wp\/v2\/comments?post=83289"}],"version-history":[{"count":0,"href":"https:\/\/noticiasribeiraopreto.com.br\/index.php\/wp-json\/wp\/v2\/posts\/83289\/revisions"}],"wp:featuredmedia":[{"embeddable":true,"href":"https:\/\/noticiasribeiraopreto.com.br\/index.php\/wp-json\/wp\/v2\/media\/83290"}],"wp:attachment":[{"href":"https:\/\/noticiasribeiraopreto.com.br\/index.php\/wp-json\/wp\/v2\/media?parent=83289"}],"wp:term":[{"taxonomy":"category","embeddable":true,"href":"https:\/\/noticiasribeiraopreto.com.br\/index.php\/wp-json\/wp\/v2\/categories?post=83289"},{"taxonomy":"post_tag","embeddable":true,"href":"https:\/\/noticiasribeiraopreto.com.br\/index.php\/wp-json\/wp\/v2\/tags?post=83289"}],"curies":[{"name":"wp","href":"https:\/\/api.w.org\/{rel}","templated":true}]}}