{"id":83291,"date":"2026-03-15T10:55:36","date_gmt":"2026-03-15T13:55:36","guid":{"rendered":"https:\/\/noticiasribeiraopreto.com.br\/index.php\/2026\/03\/15\/ct-da-base-do-botafogo-tem-primeira-etapa-inaugurada-na-regiao-de-ribeirao-preto-veja-imagens\/"},"modified":"2026-03-15T10:55:36","modified_gmt":"2026-03-15T13:55:36","slug":"ct-da-base-do-botafogo-tem-primeira-etapa-inaugurada-na-regiao-de-ribeirao-preto-veja-imagens","status":"publish","type":"post","link":"https:\/\/noticiasribeiraopreto.com.br\/index.php\/2026\/03\/15\/ct-da-base-do-botafogo-tem-primeira-etapa-inaugurada-na-regiao-de-ribeirao-preto-veja-imagens\/","title":{"rendered":"CT da base do Botafogo tem primeira etapa inaugurada na regi\u00e3o de Ribeir\u00e3o Preto; Veja imagens"},"content":{"rendered":"<div class='code-block code-block-1' style='margin: 8px 0 8px auto; text-align: right; display: block; clear: both;'>\n<p><a href=\"https:\/\/wa.link\/vpicfd\"><img data-recalc-dims=\"1\" class=\"wp-image-4922\" style=\"aspect-ratio: 2.0253164556962027; width: 561px; height: auto;\" src=\"https:\/\/i0.wp.com\/ismaelcolosi.com.br\/wp-content\/uploads\/2023\/11\/grupo-de-empregos-whatsapp-e-facebook-ismael-colosi-vagas.jpg?ssl=1\" alt=\"\" \/><\/a><\/p>\n<!-- \/wp:image -->\n<\/div>\n<p> <br \/>\n<\/p>\n<div>\n<p><strong>O\u00a0Botafogo\u00a0inaugurou neste s\u00e1bado (14) a primeira etapa de seu novo centro de treinamento das categorias de base, localizado em uma \u00e1rea de 80 mil metros quadrados na rodovia C\u00e2ndido Portinari (SP-334), entre\u00a0Jardin\u00f3polis\u00a0e\u00a0Brodowski, na regi\u00e3o de\u00a0Ribeir\u00e3o Preto.<\/strong> <strong>Assista <\/strong>ao <strong>v\u00eddeo <\/strong>e <strong>veja fotos<\/strong> abaixo.<\/p>\n<p><mark style=\"background-color:#fcb900\" class=\"has-inline-color has-black-color\">Nesta fase foram entregues tr\u00eas campos de grama sint\u00e9tica, dos quais um com dimens\u00f5es oficiais, arquibancada para 800 pessoas e vesti\u00e1rios.<\/mark> O <strong>gramado recebeu <\/strong>o <strong>selo FIFA Quality Pro<\/strong> para competi\u00e7\u00f5es oficiais.<\/p>\n<p>O presidente da Federa\u00e7\u00e3o Paulista de Futebol, Reinaldo Carneiro Bastos, o vice-presidente da entidade, Mauro Silva, al\u00e9m de autoridades locais participaram da cerim\u00f4nia. O ex-jogador Lucas Severino e seu filho, Pedro, que se recupera de um acidente de carro, tamb\u00e9m estiveram presentes.<\/p>\n<blockquote class=\"instagram-media\" data-instgrm-permalink=\"https:\/\/www.instagram.com\/reel\/DV4CLM_jsfF\/?utm_source=ig_embed&amp;utm_campaign=loading\" data-instgrm-version=\"14\" style=\" background:#FFF; border:0; border-radius:3px; box-shadow:0 0 1px 0 rgba(0,0,0,0.5),0 1px 10px 0 rgba(0,0,0,0.15); margin: 1px; max-width:540px; min-width:326px; padding:0; width:99.375%; width:-webkit-calc(100% - 2px); width:calc(100% - 2px);\"\/>\n<h2 class=\"wp-block-heading\"><strong>Novas fases<\/strong><\/h2>\n<p>Um dos campos oficiais ser\u00e1 um est\u00e1dio com capacidade para 3 mil torcedores, que dever\u00e1 ser entregue na terceira etapa. Antes, devem ser constru\u00eddos alojamentos, refeit\u00f3rio e academia para 90 atletas. <\/p>\n<p>O investimento inicial foi de R$ 25 milh\u00f5es da Trexx, de Adalberto Baptista, presidente do Conselho Administrativo da Botafogo SA, que forma a SAF do Tricolor. Quando estiver conclu\u00eddo, o valor total deve chegar a R$ 40 milh\u00f5es.<\/p>\n<figure class=\"wp-block-gallery has-nested-images columns-default is-cropped wp-block-gallery-1 is-layout-flex wp-block-gallery-is-layout-flex\">\n<figure class=\"wp-block-image size-large\"><img data-recalc-dims=\"1\" fetchpriority=\"high\" decoding=\"async\" width=\"1024\" height=\"768\" data-id=\"148863\" src=\"https:\/\/i0.wp.com\/cdn.media-acidadeon.com.br\/ribeiraopreto\/wp-content\/uploads\/sites\/3\/2026\/03\/WhatsApp-Image-2026-03-14-at-14.43.30_2026-03-14_18-21-37-1024x768.webp?resize=1024%2C768&#038;ssl=1\" alt=\"WhatsApp Image 2026 03 14 at 14.43.30 2026 03 14 18 21 37\" class=\"wp-image-148863\" title=\"CT da base do Botafogo tem primeira etapa inaugurada na regi\u00e3o de Ribeir\u00e3o Preto; Veja imagens 1\" srcset=\"https:\/\/cdn.media-acidadeon.com.br\/ribeiraopreto\/wp-content\/uploads\/sites\/3\/2026\/03\/WhatsApp-Image-2026-03-14-at-14.43.30_2026-03-14_18-21-37-1024x768.webp 1024w, https:\/\/cdn.media-acidadeon.com.br\/ribeiraopreto\/wp-content\/uploads\/sites\/3\/2026\/03\/WhatsApp-Image-2026-03-14-at-14.43.30_2026-03-14_18-21-37-300x225.webp 300w, https:\/\/cdn.media-acidadeon.com.br\/ribeiraopreto\/wp-content\/uploads\/sites\/3\/2026\/03\/WhatsApp-Image-2026-03-14-at-14.43.30_2026-03-14_18-21-37-768x576.webp 768w, https:\/\/cdn.media-acidadeon.com.br\/ribeiraopreto\/wp-content\/uploads\/sites\/3\/2026\/03\/WhatsApp-Image-2026-03-14-at-14.43.30_2026-03-14_18-21-37-696x522.webp 696w, https:\/\/cdn.media-acidadeon.com.br\/ribeiraopreto\/wp-content\/uploads\/sites\/3\/2026\/03\/WhatsApp-Image-2026-03-14-at-14.43.30_2026-03-14_18-21-37-1068x801.webp 1068w, https:\/\/cdn.media-acidadeon.com.br\/ribeiraopreto\/wp-content\/uploads\/sites\/3\/2026\/03\/WhatsApp-Image-2026-03-14-at-14.43.30_2026-03-14_18-21-37.webp 1200w\" sizes=\"(max-width: 1024px) 100vw, 1024px\"\/><\/figure>\n<figure class=\"wp-block-image size-large\"><img data-recalc-dims=\"1\" loading=\"lazy\" decoding=\"async\" width=\"1024\" height=\"768\" data-id=\"148864\" src=\"https:\/\/i0.wp.com\/cdn.media-acidadeon.com.br\/ribeiraopreto\/wp-content\/uploads\/sites\/3\/2026\/03\/WhatsApp-Image-2026-03-14-at-14.43.29_2026-03-14_18-21-37-1024x768.webp?resize=1024%2C768&#038;ssl=1\" alt=\"WhatsApp Image 2026 03 14 at 14.43.29 2026 03 14 18 21 37\" class=\"wp-image-148864\" title=\"CT da base do Botafogo tem primeira etapa inaugurada na regi\u00e3o de Ribeir\u00e3o Preto; Veja imagens 2\" srcset=\"https:\/\/cdn.media-acidadeon.com.br\/ribeiraopreto\/wp-content\/uploads\/sites\/3\/2026\/03\/WhatsApp-Image-2026-03-14-at-14.43.29_2026-03-14_18-21-37-1024x768.webp 1024w, https:\/\/cdn.media-acidadeon.com.br\/ribeiraopreto\/wp-content\/uploads\/sites\/3\/2026\/03\/WhatsApp-Image-2026-03-14-at-14.43.29_2026-03-14_18-21-37-300x225.webp 300w, https:\/\/cdn.media-acidadeon.com.br\/ribeiraopreto\/wp-content\/uploads\/sites\/3\/2026\/03\/WhatsApp-Image-2026-03-14-at-14.43.29_2026-03-14_18-21-37-768x576.webp 768w, https:\/\/cdn.media-acidadeon.com.br\/ribeiraopreto\/wp-content\/uploads\/sites\/3\/2026\/03\/WhatsApp-Image-2026-03-14-at-14.43.29_2026-03-14_18-21-37-696x522.webp 696w, https:\/\/cdn.media-acidadeon.com.br\/ribeiraopreto\/wp-content\/uploads\/sites\/3\/2026\/03\/WhatsApp-Image-2026-03-14-at-14.43.29_2026-03-14_18-21-37-1068x801.webp 1068w, https:\/\/cdn.media-acidadeon.com.br\/ribeiraopreto\/wp-content\/uploads\/sites\/3\/2026\/03\/WhatsApp-Image-2026-03-14-at-14.43.29_2026-03-14_18-21-37.webp 1200w\" sizes=\"auto, (max-width: 1024px) 100vw, 1024px\"\/><\/figure>\n<figure class=\"wp-block-image size-large\"><img data-recalc-dims=\"1\" loading=\"lazy\" decoding=\"async\" width=\"1024\" height=\"768\" data-id=\"148866\" src=\"https:\/\/i0.wp.com\/cdn.media-acidadeon.com.br\/ribeiraopreto\/wp-content\/uploads\/sites\/3\/2026\/03\/WhatsApp-Image-2026-03-14-at-15.21.00_2026-03-14_18-21-51-1024x768.webp?resize=1024%2C768&#038;ssl=1\" alt=\"WhatsApp Image 2026 03 14 at 15.21.00 2026 03 14 18 21 51\" class=\"wp-image-148866\" title=\"CT da base do Botafogo tem primeira etapa inaugurada na regi\u00e3o de Ribeir\u00e3o Preto; Veja imagens 3\" srcset=\"https:\/\/cdn.media-acidadeon.com.br\/ribeiraopreto\/wp-content\/uploads\/sites\/3\/2026\/03\/WhatsApp-Image-2026-03-14-at-15.21.00_2026-03-14_18-21-51-1024x768.webp 1024w, https:\/\/cdn.media-acidadeon.com.br\/ribeiraopreto\/wp-content\/uploads\/sites\/3\/2026\/03\/WhatsApp-Image-2026-03-14-at-15.21.00_2026-03-14_18-21-51-300x225.webp 300w, https:\/\/cdn.media-acidadeon.com.br\/ribeiraopreto\/wp-content\/uploads\/sites\/3\/2026\/03\/WhatsApp-Image-2026-03-14-at-15.21.00_2026-03-14_18-21-51-768x576.webp 768w, https:\/\/cdn.media-acidadeon.com.br\/ribeiraopreto\/wp-content\/uploads\/sites\/3\/2026\/03\/WhatsApp-Image-2026-03-14-at-15.21.00_2026-03-14_18-21-51-696x522.webp 696w, https:\/\/cdn.media-acidadeon.com.br\/ribeiraopreto\/wp-content\/uploads\/sites\/3\/2026\/03\/WhatsApp-Image-2026-03-14-at-15.21.00_2026-03-14_18-21-51-1068x801.webp 1068w, https:\/\/cdn.media-acidadeon.com.br\/ribeiraopreto\/wp-content\/uploads\/sites\/3\/2026\/03\/WhatsApp-Image-2026-03-14-at-15.21.00_2026-03-14_18-21-51.webp 1200w\" sizes=\"auto, (max-width: 1024px) 100vw, 1024px\"\/><\/figure>\n<\/figure>\n<p>SAIBA MAIS<\/p>\n<p>Palmeiras procura cidade para construir novo CT da base em projeto de R$ 100 milh\u00f5es<\/p>\n<h3 class=\"wp-block-heading\"><strong>FIQUE ON<\/strong><\/h3>\n<p>Fique ligado em tudo que acontece em Ribeir\u00e3o Preto e regi\u00e3o. Siga os perfis do\u00a0<strong>acidade on<\/strong>\u00a0no\u00a0<a href=\"https:\/\/www.instagram.com\/acidadeonribeirao\" target=\"_blank\" rel=\"noreferrer noopener\">Instagram<\/a>\u00a0e no<a href=\"https:\/\/www.facebook.com\/acidadeonribeirao\/\" target=\"_blank\" rel=\"noreferrer noopener\">\u00a0Facebook<\/a>.<\/p>\n<p>Receba not\u00edcias do\u00a0<strong>acidade on<\/strong>\u00a0no WhatsApp. Para entrar no grupo,\u00a0basta\u00a0<a href=\"https:\/\/whatsapp.com\/channel\/0029Vb6IQl1JENyAeS57fk2p\" target=\"_blank\" rel=\"noreferrer noopener\">clicar aqui<\/a>. Ou, acesse o nosso\u00a0Canal\u00a0<a href=\"https:\/\/chat.whatsapp.com\/GFH9HUMUTHNFJdnyEd0xxq\" target=\"_blank\" rel=\"noreferrer noopener\">clicando aqui<\/a>.<\/p>\n<p>Fa\u00e7a uma den\u00fancia ou sugira uma reportagem sobre Ribeir\u00e3o Preto e regi\u00e3o pelo WhatsApp: 16 99117 7802.<\/p>\n<p>VEJA TAMB\u00c9M<\/p>\n<p>Sopas e cremes termog\u00eanicos: 10 receitas para ajudar a emagrecer no outono<\/p>\n<p><!-- AI CONTENT END 1 -->\n<\/div>\n<p><script async src=\"\/\/www.instagram.com\/embed.js\"><\/script><br \/>\n<br \/><br \/>\n<br \/><a href=\"https:\/\/www.acidadeon.com\/ribeiraopreto\/esportes\/ct-da-base-do-botafogo-tem-primeira-etapa-inaugurada-na-regiao-de-ribeirao-preto-veja-imagens\/\">Source link <\/a><\/p>\n<!-- CONTENT END 1 -->\n","protected":false},"excerpt":{"rendered":"<p>O\u00a0Botafogo\u00a0inaugurou neste s\u00e1bado (14) a primeira etapa de seu novo centro de treinamento das categorias de base, localizado em uma \u00e1rea de 80 mil metros&#8230;<\/p>\n","protected":false},"author":1,"featured_media":83292,"comment_status":"open","ping_status":"open","sticky":false,"template":"","format":"standard","meta":{"advanced_seo_description":"","jetpack_seo_html_title":"","jetpack_seo_noindex":false,"jetpack_post_was_ever_published":false,"_jetpack_newsletter_access":"","_jetpack_dont_email_post_to_subs":false,"_jetpack_newsletter_tier_id":0,"_jetpack_memberships_contains_paywalled_content":false,"_jetpack_memberships_contains_paid_content":false,"footnotes":"","jetpack_publicize_message":"","jetpack_publicize_feature_enabled":true,"jetpack_social_post_already_shared":true,"jetpack_social_options":{"image_generator_settings":{"template":"highway","default_image_id":0,"font":"","enabled":false},"version":2}},"categories":[11],"tags":[],"class_list":["post-83291","post","type-post","status-publish","format-standard","has-post-thumbnail","hentry","category-noticias-de-ribeirao-preto-sp-e-regiao-ismael-colosi"],"jetpack_publicize_connections":[],"jetpack_featured_media_url":"https:\/\/i0.wp.com\/noticiasribeiraopreto.com.br\/wp-content\/uploads\/2026\/03\/WhatsApp-Image-2026-03-14-at-14.43.301_2026-03-14_18-15-42.webp.webp?fit=1200%2C900&ssl=1","jetpack-related-posts":[{"id":83289,"url":"https:\/\/noticiasribeiraopreto.com.br\/index.php\/2026\/03\/15\/pedro-severino-da-pontape-inicial-em-inauguracao-do-ct-da-base-do-botafogo-video\/","url_meta":{"origin":83291,"position":0},"title":"Pedro Severino d\u00e1 pontap\u00e9 inicial em inaugura\u00e7\u00e3o do CT da base do Botafogo; V\u00eddeo","author":"noticiasribeiraopreto.com.br","date":"15 de March de 2026","format":false,"excerpt":"O atacante Pedro Severino participou neste s\u00e1bado (14) da inaugura\u00e7\u00e3o da primeira etapa do novo centro de treinamento das categorias de base do Botafogo, entre Jardin\u00f3polis e Brodowski, na regi\u00e3o de Ribeir\u00e3o Preto. O jogador, que se recupera de um acidente de carro, deu o pontap\u00e9 simb\u00f3lico da inaugura\u00e7\u00e3o em\u2026","rel":"","context":"In &quot;Not\u00edcias de Ribeir\u00e3o Preto-SP e Regi\u00e3o&quot;","block_context":{"text":"Not\u00edcias de Ribeir\u00e3o Preto-SP e Regi\u00e3o","link":"https:\/\/noticiasribeiraopreto.com.br\/index.php\/category\/noticias-de-ribeirao-preto-sp-e-regiao-ismael-colosi\/"},"img":{"alt_text":"","src":"https:\/\/i0.wp.com\/noticiasribeiraopreto.com.br\/wp-content\/uploads\/2026\/03\/WhatsApp-Image-2026-03-14-at-15.56.29_2026-03-14_19-56-00.webp.webp?fit=1200%2C675&ssl=1&resize=350%2C200","width":350,"height":200,"srcset":"https:\/\/i0.wp.com\/noticiasribeiraopreto.com.br\/wp-content\/uploads\/2026\/03\/WhatsApp-Image-2026-03-14-at-15.56.29_2026-03-14_19-56-00.webp.webp?fit=1200%2C675&ssl=1&resize=350%2C200 1x, https:\/\/i0.wp.com\/noticiasribeiraopreto.com.br\/wp-content\/uploads\/2026\/03\/WhatsApp-Image-2026-03-14-at-15.56.29_2026-03-14_19-56-00.webp.webp?fit=1200%2C675&ssl=1&resize=525%2C300 1.5x, https:\/\/i0.wp.com\/noticiasribeiraopreto.com.br\/wp-content\/uploads\/2026\/03\/WhatsApp-Image-2026-03-14-at-15.56.29_2026-03-14_19-56-00.webp.webp?fit=1200%2C675&ssl=1&resize=700%2C400 2x, https:\/\/i0.wp.com\/noticiasribeiraopreto.com.br\/wp-content\/uploads\/2026\/03\/WhatsApp-Image-2026-03-14-at-15.56.29_2026-03-14_19-56-00.webp.webp?fit=1200%2C675&ssl=1&resize=1050%2C600 3x"},"classes":[]},{"id":83273,"url":"https:\/\/noticiasribeiraopreto.com.br\/index.php\/2026\/03\/14\/com-investimento-inicial-de-r-25-milhoes-botafogo-inaugura-a-botafogo-academy-o-centro-de-treinamento-das-categorias-de-base\/","url_meta":{"origin":83291,"position":1},"title":"Com investimento inicial de R$ 25 milh\u00f5es, Botafogo inaugura a Botafogo Academy, o Centro de Treinamento das categorias de base","author":"noticiasribeiraopreto.com.br","date":"14 de March de 2026","format":false,"excerpt":"\r \r \r 14 de mar\u00e7o de 2026 12:24 \r Compartilhar0 Com investimento inicial de R$ 25 milh\u00f5es, a Botafogo Futebol SA entregou neste s\u00e1bado (14) a primeira etapa da Botafogo Academy, o Centro de Treinamento das categorias de base do clube. A cerim\u00f4nia de inaugura\u00e7\u00e3o contou com a presen\u00e7a\u2026","rel":"","context":"In &quot;Not\u00edcias de Ribeir\u00e3o Preto-SP e Regi\u00e3o&quot;","block_context":{"text":"Not\u00edcias de Ribeir\u00e3o Preto-SP e Regi\u00e3o","link":"https:\/\/noticiasribeiraopreto.com.br\/index.php\/category\/noticias-de-ribeirao-preto-sp-e-regiao-ismael-colosi\/"},"img":{"alt_text":"","src":"https:\/\/i0.wp.com\/noticiasribeiraopreto.com.br\/wp-content\/uploads\/2026\/03\/WhatsApp-Image-2026-03-14-at-12.11.25-scaled.jpeg?fit=1040%2C780&ssl=1&resize=350%2C200","width":350,"height":200,"srcset":"https:\/\/i0.wp.com\/noticiasribeiraopreto.com.br\/wp-content\/uploads\/2026\/03\/WhatsApp-Image-2026-03-14-at-12.11.25-scaled.jpeg?fit=1040%2C780&ssl=1&resize=350%2C200 1x, https:\/\/i0.wp.com\/noticiasribeiraopreto.com.br\/wp-content\/uploads\/2026\/03\/WhatsApp-Image-2026-03-14-at-12.11.25-scaled.jpeg?fit=1040%2C780&ssl=1&resize=525%2C300 1.5x, https:\/\/i0.wp.com\/noticiasribeiraopreto.com.br\/wp-content\/uploads\/2026\/03\/WhatsApp-Image-2026-03-14-at-12.11.25-scaled.jpeg?fit=1040%2C780&ssl=1&resize=700%2C400 2x"},"classes":[]},{"id":72078,"url":"https:\/\/noticiasribeiraopreto.com.br\/index.php\/2025\/06\/13\/novo-ct-da-base-do-botafogo-comeca-a-ser-construido-em-ribeirao-preto\/","url_meta":{"origin":83291,"position":2},"title":"Novo CT da base do Botafogo come\u00e7a a ser constru\u00eddo em Ribeir\u00e3o Preto","author":"noticiasribeiraopreto.com.br","date":"13 de June de 2025","format":false,"excerpt":"A Botafogo Futebol SA deu in\u00edcio, nesta quinta-feira (12), \u00e0s obras do novo Centro de Treinamento das categorias de base, localizado \u00e0s margens da rodovia C\u00e2ndido Portinari, em Ribeir\u00e3o Preto. Na primeira fase, os trabalhos se concentram na limpeza da \u00e1rea e na terraplenagem do terreno onde ser\u00e1 constru\u00eddo um\u2026","rel":"","context":"In &quot;Not\u00edcias de Ribeir\u00e3o Preto-SP e Regi\u00e3o&quot;","block_context":{"text":"Not\u00edcias de Ribeir\u00e3o Preto-SP e Regi\u00e3o","link":"https:\/\/noticiasribeiraopreto.com.br\/index.php\/category\/noticias-de-ribeirao-preto-sp-e-regiao-ismael-colosi\/"},"img":{"alt_text":"","src":"https:\/\/i0.wp.com\/noticiasribeiraopreto.com.br\/wp-content\/uploads\/2025\/06\/54585811325_80e97d60c8_o_2025-06-13_00-40-29.webp.webp?fit=1200%2C800&ssl=1&resize=350%2C200","width":350,"height":200,"srcset":"https:\/\/i0.wp.com\/noticiasribeiraopreto.com.br\/wp-content\/uploads\/2025\/06\/54585811325_80e97d60c8_o_2025-06-13_00-40-29.webp.webp?fit=1200%2C800&ssl=1&resize=350%2C200 1x, https:\/\/i0.wp.com\/noticiasribeiraopreto.com.br\/wp-content\/uploads\/2025\/06\/54585811325_80e97d60c8_o_2025-06-13_00-40-29.webp.webp?fit=1200%2C800&ssl=1&resize=525%2C300 1.5x, https:\/\/i0.wp.com\/noticiasribeiraopreto.com.br\/wp-content\/uploads\/2025\/06\/54585811325_80e97d60c8_o_2025-06-13_00-40-29.webp.webp?fit=1200%2C800&ssl=1&resize=700%2C400 2x, https:\/\/i0.wp.com\/noticiasribeiraopreto.com.br\/wp-content\/uploads\/2025\/06\/54585811325_80e97d60c8_o_2025-06-13_00-40-29.webp.webp?fit=1200%2C800&ssl=1&resize=1050%2C600 3x"},"classes":[]},{"id":53697,"url":"https:\/\/noticiasribeiraopreto.com.br\/index.php\/2024\/06\/22\/bicampeao-da-champions-league-realiza-intercambio-com-botafogo-veja-como-participar\/","url_meta":{"origin":83291,"position":3},"title":"Bicampe\u00e3o da Champions League realiza interc\u00e2mbio com Botafogo; Veja como participar","author":"noticiasribeiraopreto.com.br","date":"22 de June de 2024","format":false,"excerpt":"O Botafogo FC fechou uma parceria com o FC Porto, de Portugal, clube bicampe\u00e3o da Champions League, para realiza\u00e7\u00e3o de um interc\u00e2mbio com sua escola de futebol ao longo dos pr\u00f3ximos meses. A primeira etapa ser\u00e1 em julho. De acordo com o Botafogo FC, respons\u00e1vel pela administra\u00e7\u00e3o da escolinha do\u2026","rel":"","context":"In &quot;Not\u00edcias de Ribeir\u00e3o Preto-SP e Regi\u00e3o&quot;","block_context":{"text":"Not\u00edcias de Ribeir\u00e3o Preto-SP e Regi\u00e3o","link":"https:\/\/noticiasribeiraopreto.com.br\/index.php\/category\/noticias-de-ribeirao-preto-sp-e-regiao-ismael-colosi\/"},"img":{"alt_text":"","src":"https:\/\/i0.wp.com\/noticiasribeiraopreto.com.br\/wp-content\/uploads\/2024\/06\/AnyConv.com__porto_2024-06-22_20-51-17-scaled.webp.webp?fit=1200%2C800&ssl=1&resize=350%2C200","width":350,"height":200,"srcset":"https:\/\/i0.wp.com\/noticiasribeiraopreto.com.br\/wp-content\/uploads\/2024\/06\/AnyConv.com__porto_2024-06-22_20-51-17-scaled.webp.webp?fit=1200%2C800&ssl=1&resize=350%2C200 1x, https:\/\/i0.wp.com\/noticiasribeiraopreto.com.br\/wp-content\/uploads\/2024\/06\/AnyConv.com__porto_2024-06-22_20-51-17-scaled.webp.webp?fit=1200%2C800&ssl=1&resize=525%2C300 1.5x, https:\/\/i0.wp.com\/noticiasribeiraopreto.com.br\/wp-content\/uploads\/2024\/06\/AnyConv.com__porto_2024-06-22_20-51-17-scaled.webp.webp?fit=1200%2C800&ssl=1&resize=700%2C400 2x, https:\/\/i0.wp.com\/noticiasribeiraopreto.com.br\/wp-content\/uploads\/2024\/06\/AnyConv.com__porto_2024-06-22_20-51-17-scaled.webp.webp?fit=1200%2C800&ssl=1&resize=1050%2C600 3x"},"classes":[]},{"id":74130,"url":"https:\/\/noticiasribeiraopreto.com.br\/index.php\/2025\/07\/16\/botafogo-revela-imagens-da-construcao-do-ct-da-base-veja-o-video\/","url_meta":{"origin":83291,"position":4},"title":"Botafogo revela imagens da constru\u00e7\u00e3o do CT da base; Veja o v\u00eddeo","author":"noticiasribeiraopreto.com.br","date":"16 de July de 2025","format":false,"excerpt":"O Botafogo divulgou nesta quarta-feira (16) imagens sobre os andamentos das obras de constru\u00e7\u00e3o do novo centro de treinamento das categorias de base \u2013 veja o v\u00eddeo abaixo. O centro de treinamento fica em uma \u00e1rea de 80 mil metros quadrados \u00e0s margens da rodovia Candido Portinari, entre Jardin\u00f3polis e\u2026","rel":"","context":"In &quot;Not\u00edcias de Ribeir\u00e3o Preto-SP e Regi\u00e3o&quot;","block_context":{"text":"Not\u00edcias de Ribeir\u00e3o Preto-SP e Regi\u00e3o","link":"https:\/\/noticiasribeiraopreto.com.br\/index.php\/category\/noticias-de-ribeirao-preto-sp-e-regiao-ismael-colosi\/"},"img":{"alt_text":"","src":"https:\/\/i0.wp.com\/noticiasribeiraopreto.com.br\/wp-content\/uploads\/2025\/07\/CT-BASE-BOTAFOGO_2025-07-16_17-40-34.webp.webp?fit=1200%2C498&ssl=1&resize=350%2C200","width":350,"height":200,"srcset":"https:\/\/i0.wp.com\/noticiasribeiraopreto.com.br\/wp-content\/uploads\/2025\/07\/CT-BASE-BOTAFOGO_2025-07-16_17-40-34.webp.webp?fit=1200%2C498&ssl=1&resize=350%2C200 1x, https:\/\/i0.wp.com\/noticiasribeiraopreto.com.br\/wp-content\/uploads\/2025\/07\/CT-BASE-BOTAFOGO_2025-07-16_17-40-34.webp.webp?fit=1200%2C498&ssl=1&resize=525%2C300 1.5x, https:\/\/i0.wp.com\/noticiasribeiraopreto.com.br\/wp-content\/uploads\/2025\/07\/CT-BASE-BOTAFOGO_2025-07-16_17-40-34.webp.webp?fit=1200%2C498&ssl=1&resize=700%2C400 2x, https:\/\/i0.wp.com\/noticiasribeiraopreto.com.br\/wp-content\/uploads\/2025\/07\/CT-BASE-BOTAFOGO_2025-07-16_17-40-34.webp.webp?fit=1200%2C498&ssl=1&resize=1050%2C600 3x"},"classes":[]},{"id":61840,"url":"https:\/\/noticiasribeiraopreto.com.br\/index.php\/2024\/12\/24\/botafogo-anuncia-compra-de-terreno-para-construcao-de-novo-ct\/","url_meta":{"origin":83291,"position":5},"title":"Botafogo anuncia compra de terreno para constru\u00e7\u00e3o de novo CT","author":"noticiasribeiraopreto.com.br","date":"24 de December de 2024","format":false,"excerpt":"Botafogo Futebol SA anunciou a aquisi\u00e7\u00e3o de uma \u00e1rea de 140.000 m\u00b2 para a constru\u00e7\u00e3o do novo Centro de Treinamento das categorias de base do clube. O terreno adquirido est\u00e1 localizado na rodovia C\u00e2ndido Portinari, no Centro de Eventos Vit\u00f3ria Hill. O Centro de Treinamento ser\u00e1 um dos maiores investimentos\u2026","rel":"","context":"In &quot;Not\u00edcias de Ribeir\u00e3o Preto-SP e Regi\u00e3o&quot;","block_context":{"text":"Not\u00edcias de Ribeir\u00e3o Preto-SP e Regi\u00e3o","link":"https:\/\/noticiasribeiraopreto.com.br\/index.php\/category\/noticias-de-ribeirao-preto-sp-e-regiao-ismael-colosi\/"},"img":{"alt_text":"","src":"https:\/\/i0.wp.com\/noticiasribeiraopreto.com.br\/wp-content\/uploads\/2024\/12\/Copia-de-Copia-de-Copia-de-TAMANHO-EXATO-PARA-FOTOS-NO-SISTEMA-NOVO-2024-12-24T101142.946_2024-12-24_13-11-47_png_2024-12-24_13-11-48.webp.webp?fit=1200%2C675&ssl=1&resize=350%2C200","width":350,"height":200,"srcset":"https:\/\/i0.wp.com\/noticiasribeiraopreto.com.br\/wp-content\/uploads\/2024\/12\/Copia-de-Copia-de-Copia-de-TAMANHO-EXATO-PARA-FOTOS-NO-SISTEMA-NOVO-2024-12-24T101142.946_2024-12-24_13-11-47_png_2024-12-24_13-11-48.webp.webp?fit=1200%2C675&ssl=1&resize=350%2C200 1x, https:\/\/i0.wp.com\/noticiasribeiraopreto.com.br\/wp-content\/uploads\/2024\/12\/Copia-de-Copia-de-Copia-de-TAMANHO-EXATO-PARA-FOTOS-NO-SISTEMA-NOVO-2024-12-24T101142.946_2024-12-24_13-11-47_png_2024-12-24_13-11-48.webp.webp?fit=1200%2C675&ssl=1&resize=525%2C300 1.5x, https:\/\/i0.wp.com\/noticiasribeiraopreto.com.br\/wp-content\/uploads\/2024\/12\/Copia-de-Copia-de-Copia-de-TAMANHO-EXATO-PARA-FOTOS-NO-SISTEMA-NOVO-2024-12-24T101142.946_2024-12-24_13-11-47_png_2024-12-24_13-11-48.webp.webp?fit=1200%2C675&ssl=1&resize=700%2C400 2x, https:\/\/i0.wp.com\/noticiasribeiraopreto.com.br\/wp-content\/uploads\/2024\/12\/Copia-de-Copia-de-Copia-de-TAMANHO-EXATO-PARA-FOTOS-NO-SISTEMA-NOVO-2024-12-24T101142.946_2024-12-24_13-11-47_png_2024-12-24_13-11-48.webp.webp?fit=1200%2C675&ssl=1&resize=1050%2C600 3x"},"classes":[]}],"jetpack_sharing_enabled":true,"jetpack_shortlink":"https:\/\/wp.me\/peQAOb-lFp","_links":{"self":[{"href":"https:\/\/noticiasribeiraopreto.com.br\/index.php\/wp-json\/wp\/v2\/posts\/83291","targetHints":{"allow":["GET"]}}],"collection":[{"href":"https:\/\/noticiasribeiraopreto.com.br\/index.php\/wp-json\/wp\/v2\/posts"}],"about":[{"href":"https:\/\/noticiasribeiraopreto.com.br\/index.php\/wp-json\/wp\/v2\/types\/post"}],"author":[{"embeddable":true,"href":"https:\/\/noticiasribeiraopreto.com.br\/index.php\/wp-json\/wp\/v2\/users\/1"}],"replies":[{"embeddable":true,"href":"https:\/\/noticiasribeiraopreto.com.br\/index.php\/wp-json\/wp\/v2\/comments?post=83291"}],"version-history":[{"count":0,"href":"https:\/\/noticiasribeiraopreto.com.br\/index.php\/wp-json\/wp\/v2\/posts\/83291\/revisions"}],"wp:featuredmedia":[{"embeddable":true,"href":"https:\/\/noticiasribeiraopreto.com.br\/index.php\/wp-json\/wp\/v2\/media\/83292"}],"wp:attachment":[{"href":"https:\/\/noticiasribeiraopreto.com.br\/index.php\/wp-json\/wp\/v2\/media?parent=83291"}],"wp:term":[{"taxonomy":"category","embeddable":true,"href":"https:\/\/noticiasribeiraopreto.com.br\/index.php\/wp-json\/wp\/v2\/categories?post=83291"},{"taxonomy":"post_tag","embeddable":true,"href":"https:\/\/noticiasribeiraopreto.com.br\/index.php\/wp-json\/wp\/v2\/tags?post=83291"}],"curies":[{"name":"wp","href":"https:\/\/api.w.org\/{rel}","templated":true}]}}