{"id":83294,"date":"2026-03-15T11:09:43","date_gmt":"2026-03-15T14:09:43","guid":{"rendered":"https:\/\/noticiasribeiraopreto.com.br\/index.php\/2026\/03\/15\/policia-investiga-quadrilha-disfarcada-de-policiais-civis-em-ribeirao-preto\/"},"modified":"2026-03-15T11:09:43","modified_gmt":"2026-03-15T14:09:43","slug":"policia-investiga-quadrilha-disfarcada-de-policiais-civis-em-ribeirao-preto","status":"publish","type":"post","link":"https:\/\/noticiasribeiraopreto.com.br\/index.php\/2026\/03\/15\/policia-investiga-quadrilha-disfarcada-de-policiais-civis-em-ribeirao-preto\/","title":{"rendered":"Pol\u00edcia investiga quadrilha disfar\u00e7ada de policiais civis em Ribeir\u00e3o Preto"},"content":{"rendered":"<div class='code-block code-block-1' style='margin: 8px 0 8px auto; text-align: right; display: block; clear: both;'>\n<p><a href=\"https:\/\/wa.link\/vpicfd\"><img data-recalc-dims=\"1\" class=\"wp-image-4922\" style=\"aspect-ratio: 2.0253164556962027; width: 561px; height: auto;\" src=\"https:\/\/i0.wp.com\/ismaelcolosi.com.br\/wp-content\/uploads\/2023\/11\/grupo-de-empregos-whatsapp-e-facebook-ismael-colosi-vagas.jpg?ssl=1\" alt=\"\" \/><\/a><\/p>\n<!-- \/wp:image -->\n<\/div>\n<p> <br \/>\n<\/p>\n<div>\n<p><strong>A Pol\u00edcia Civil de Ribeir\u00e3o Preto, com apoio do 11\u00ba Baep (Batalh\u00e3o de A\u00e7\u00f5es Especiais de Pol\u00edcia), prendeu nesta sexta-feira (13) um policial civil aposentado apontado por integrar uma quadrilha que se disfar\u00e7ou com uniformes de policiais civis e roubou duas v\u00edtimas em um im\u00f3vel alugado na Ribeir\u00e2nia, zona Leste da cidade.<\/strong> Um <strong>homem<\/strong> tamb\u00e9m foi <strong>preso <\/strong>na a\u00e7\u00e3o.<\/p>\n<p>Segundo a <strong>pol\u00edcia<\/strong>, <mark style=\"background-color:#abb8c3\" class=\"has-inline-color has-black-color\">o crime ocorreu no \u00faltimo dia 13 de fevereiro e oito pessoas s\u00e3o suspeitas de envolvimento, entre as quais cinco\u00a0foram identificadas \u2013 dois s\u00e3o ex-policiais civis.<\/mark><\/p>\n<p>O policial civil aposentado Jair Jorge Cano foi preso na a\u00e7\u00e3o. Ele foi encontrado em Jaboticabal, a 50 quil\u00f4metros de Ribeir\u00e3o. J\u00e1 outro ex-policial, que est\u00e1 exonerado da Pol\u00edcia Civil, \u00e9 considerado foragido.<\/p>\n<p>Guilherme Zapparoli Manieri, apontado por atrair as v\u00edtimas at\u00e9 Ribeir\u00e3o, tamb\u00e9m \u00e9 um dos presos. Ele foi encontrado no bairro Nova Alian\u00e7a, zona Sul da cidade, com 67,5 mil d\u00f3lares e R$ 60,7 mil. <\/p>\n<p>Conforme a pol\u00edcia, Guilherme chegou a ser rendido pela quadrilha no dia do crime, mas apenas como simula\u00e7\u00e3o, j\u00e1 que foi liberado em seguida.<\/p>\n<p>As v\u00edtimas, que vieram de S\u00e3o Paulo (SP) e Fortaleza (CE), teriam sido atra\u00eddas para comprar tr\u00eas telefones celulares por R$ 10 mil cada.<\/p>\n<p>O delegado Andr\u00e9 Baldochi, respons\u00e1vel pela investiga\u00e7\u00e3o, afirmou, por\u00e9m, que dever\u00e1 apurar se o grupo atuava na troca de d\u00f3lares por valores menores que o c\u00e2mbio. <\/p>\n<h2 class=\"wp-block-heading\"><strong>Outro lado<\/strong><\/h2>\n<p>A produ\u00e7\u00e3o da EPTV n\u00e3o conseguiu contato com as defesas dos suspeitos. O espa\u00e7o segue aberto. (Com EPTV)<\/p>\n<p>SAIBA MAIS<\/p>\n<p>Morre advogado baleado na regi\u00e3o de Ribeir\u00e3o Preto; Vice-prefeito \u00e9 suspeito<\/p>\n<h3 class=\"wp-block-heading\"><strong>FIQUE ON<\/strong><\/h3>\n<p>Fique ligado em tudo que acontece em Ribeir\u00e3o Preto e regi\u00e3o. Siga os perfis do\u00a0<strong>acidade on<\/strong>\u00a0no\u00a0<a href=\"https:\/\/www.instagram.com\/acidadeonribeirao\" target=\"_blank\" rel=\"noreferrer noopener\">Instagram<\/a>\u00a0e no<a href=\"https:\/\/www.facebook.com\/acidadeonribeirao\/\" target=\"_blank\" rel=\"noreferrer noopener\">\u00a0Facebook<\/a>.<\/p>\n<p>Receba not\u00edcias do\u00a0<strong>acidade on<\/strong>\u00a0no WhatsApp. Para entrar no grupo,\u00a0basta\u00a0<a href=\"https:\/\/whatsapp.com\/channel\/0029Vb6IQl1JENyAeS57fk2p\" target=\"_blank\" rel=\"noreferrer noopener\">clicar aqui<\/a>. Ou, acesse o nosso\u00a0Canal\u00a0<a href=\"https:\/\/chat.whatsapp.com\/GFH9HUMUTHNFJdnyEd0xxq\" target=\"_blank\" rel=\"noreferrer noopener\">clicando aqui<\/a>.<\/p>\n<p>Fa\u00e7a uma den\u00fancia ou sugira uma reportagem sobre Ribeir\u00e3o Preto e regi\u00e3o pelo WhatsApp: 16 99117 7802.<\/p>\n<p>VEJA TAMB\u00c9M<\/p>\n<p>Sopas e cremes termog\u00eanicos: 10 receitas para ajudar a emagrecer no outono<\/p>\n<p><!-- AI CONTENT END 1 -->\n<\/div>\n<p><script async src=\"\/\/www.instagram.com\/embed.js\"><\/script><br \/>\n<br \/><br \/>\n<br \/><a href=\"https:\/\/www.acidadeon.com\/ribeiraopreto\/cotidiano\/policia-investiga-quadrilha-disfarcada-de-policiais-civis-ribeirao-preto\/\">Source link <\/a><\/p>\n<!-- CONTENT END 1 -->\n","protected":false},"excerpt":{"rendered":"<p>A Pol\u00edcia Civil de Ribeir\u00e3o Preto, com apoio do 11\u00ba Baep (Batalh\u00e3o de A\u00e7\u00f5es Especiais de Pol\u00edcia), prendeu nesta sexta-feira (13) um policial civil aposentado&#8230;<\/p>\n","protected":false},"author":1,"featured_media":83295,"comment_status":"open","ping_status":"open","sticky":false,"template":"","format":"standard","meta":{"advanced_seo_description":"","jetpack_seo_html_title":"","jetpack_seo_noindex":false,"jetpack_post_was_ever_published":false,"_jetpack_newsletter_access":"","_jetpack_dont_email_post_to_subs":false,"_jetpack_newsletter_tier_id":0,"_jetpack_memberships_contains_paywalled_content":false,"_jetpack_memberships_contains_paid_content":false,"footnotes":"","jetpack_publicize_message":"","jetpack_publicize_feature_enabled":true,"jetpack_social_post_already_shared":true,"jetpack_social_options":{"image_generator_settings":{"template":"highway","default_image_id":0,"font":"","enabled":false},"version":2}},"categories":[11],"tags":[],"class_list":["post-83294","post","type-post","status-publish","format-standard","has-post-thumbnail","hentry","category-noticias-de-ribeirao-preto-sp-e-regiao-ismael-colosi"],"jetpack_publicize_connections":[],"jetpack_featured_media_url":"https:\/\/i0.wp.com\/noticiasribeiraopreto.com.br\/wp-content\/uploads\/2026\/03\/ribeirania-1_2026-03-14_16-26-51.webp.webp?fit=1200%2C918&ssl=1","jetpack-related-posts":[{"id":74110,"url":"https:\/\/noticiasribeiraopreto.com.br\/index.php\/2025\/07\/16\/policiais-civis-realizam-protesto-contra-tarcisio-de-freitas\/","url_meta":{"origin":83294,"position":0},"title":"Policiais civis realizam protesto contra Tarc\u00edsio de Freitas","author":"noticiasribeiraopreto.com.br","date":"16 de July de 2025","format":false,"excerpt":"16 de julho de 2025 10:5515 Compartilhar0 Os policiais civis v\u00e3o protestar contra o governador Tarc\u00edsio de Freitas (Republicanos), nesta quarta-feira, 16 de julho. Segundo a presidente do Sindicato dos Policiais Civis de Ribeir\u00e3o Preto e regi\u00e3o (Sinpol), F\u00e1tima Aparecida Silva, ser\u00e1 um protesto virtual. Descontentes com o reajuste de\u2026","rel":"","context":"In &quot;Not\u00edcias de Ribeir\u00e3o Preto-SP e Regi\u00e3o&quot;","block_context":{"text":"Not\u00edcias de Ribeir\u00e3o Preto-SP e Regi\u00e3o","link":"https:\/\/noticiasribeiraopreto.com.br\/index.php\/category\/noticias-de-ribeirao-preto-sp-e-regiao-ismael-colosi\/"},"img":{"alt_text":"","src":"https:\/\/i0.wp.com\/noticiasribeiraopreto.com.br\/wp-content\/uploads\/2025\/07\/Giroflex-PM-foto-noturna.jpg?fit=649%2C433&ssl=1&resize=350%2C200","width":350,"height":200,"srcset":"https:\/\/i0.wp.com\/noticiasribeiraopreto.com.br\/wp-content\/uploads\/2025\/07\/Giroflex-PM-foto-noturna.jpg?fit=649%2C433&ssl=1&resize=350%2C200 1x, https:\/\/i0.wp.com\/noticiasribeiraopreto.com.br\/wp-content\/uploads\/2025\/07\/Giroflex-PM-foto-noturna.jpg?fit=649%2C433&ssl=1&resize=525%2C300 1.5x"},"classes":[]},{"id":80969,"url":"https:\/\/noticiasribeiraopreto.com.br\/index.php\/2025\/12\/19\/video-policia-civil-caca-sequestradores-de-empresario\/","url_meta":{"origin":83294,"position":1},"title":"V\u00cdDEO &#8211; Pol\u00edcia Civil ca\u00e7a sequestradores de empres\u00e1rio","author":"noticiasribeiraopreto.com.br","date":"19 de December de 2025","format":false,"excerpt":"\r Opera\u00e7\u00e3o simult\u00e2nea \u00e9 realizada em Ribeir\u00e3o Preto, Guaruj\u00e1 e Capital, para cumprir mandados de pris\u00e3o e de busca contra envolvidos\r \r 19 de dezembro de 2025 09:57 \r Compartilhar2 Por: Adalberto Luque \u2013 A Pol\u00edcia Civil est\u00e1 realizando uma grande opera\u00e7\u00e3o, na manh\u00e3 desta sexta-feira (19), contra suspeitos de\u2026","rel":"","context":"In &quot;Not\u00edcias de Ribeir\u00e3o Preto-SP e Regi\u00e3o&quot;","block_context":{"text":"Not\u00edcias de Ribeir\u00e3o Preto-SP e Regi\u00e3o","link":"https:\/\/noticiasribeiraopreto.com.br\/index.php\/category\/noticias-de-ribeirao-preto-sp-e-regiao-ismael-colosi\/"},"img":{"alt_text":"","src":"https:\/\/i0.wp.com\/noticiasribeiraopreto.com.br\/wp-content\/uploads\/2025\/12\/19-dez-2025-rastofinal1.jpg?fit=788%2C780&ssl=1&resize=350%2C200","width":350,"height":200,"srcset":"https:\/\/i0.wp.com\/noticiasribeiraopreto.com.br\/wp-content\/uploads\/2025\/12\/19-dez-2025-rastofinal1.jpg?fit=788%2C780&ssl=1&resize=350%2C200 1x, https:\/\/i0.wp.com\/noticiasribeiraopreto.com.br\/wp-content\/uploads\/2025\/12\/19-dez-2025-rastofinal1.jpg?fit=788%2C780&ssl=1&resize=525%2C300 1.5x, https:\/\/i0.wp.com\/noticiasribeiraopreto.com.br\/wp-content\/uploads\/2025\/12\/19-dez-2025-rastofinal1.jpg?fit=788%2C780&ssl=1&resize=700%2C400 2x"},"classes":[]},{"id":42402,"url":"https:\/\/noticiasribeiraopreto.com.br\/index.php\/2024\/03\/14\/policia-prende-grupo-que-recrutava-menores-para-trafico-na-regiao\/","url_meta":{"origin":83294,"position":2},"title":"Pol\u00edcia prende grupo que recrutava menores para tr\u00e1fico na regi\u00e3o","author":"noticiasribeiraopreto.com.br","date":"14 de March de 2024","format":false,"excerpt":"Opera\u00e7\u00e3o envolveu Pol\u00edcia Civil, Militar e o Canil da Guarda Civil Metropolitana de Ribeir\u00e3o Preto 14 de mar\u00e7o de 2024 | 12:50 0Por: Adalberto LuqueUma for\u00e7a-tarefa resultou na pris\u00e3o de quatro pessoas suspeitas de recrutarem menores de idade para trabalhar no tr\u00e1fico de drogas. A opera\u00e7\u00e3o foi realizada nesta quarta-feira\u2026","rel":"","context":"In &quot;Not\u00edcias de Ribeir\u00e3o Preto-SP e Regi\u00e3o&quot;","block_context":{"text":"Not\u00edcias de Ribeir\u00e3o Preto-SP e Regi\u00e3o","link":"https:\/\/noticiasribeiraopreto.com.br\/index.php\/category\/noticias-de-ribeirao-preto-sp-e-regiao-ismael-colosi\/"},"img":{"alt_text":"","src":"https:\/\/i0.wp.com\/noticiasribeiraopreto.com.br\/wp-content\/uploads\/2024\/03\/00-14-mar-2024-operacao-serrana-01-foto-divulgacao-gcm-scaled.jpg?fit=861%2C645&ssl=1&resize=350%2C200","width":350,"height":200,"srcset":"https:\/\/i0.wp.com\/noticiasribeiraopreto.com.br\/wp-content\/uploads\/2024\/03\/00-14-mar-2024-operacao-serrana-01-foto-divulgacao-gcm-scaled.jpg?fit=861%2C645&ssl=1&resize=350%2C200 1x, https:\/\/i0.wp.com\/noticiasribeiraopreto.com.br\/wp-content\/uploads\/2024\/03\/00-14-mar-2024-operacao-serrana-01-foto-divulgacao-gcm-scaled.jpg?fit=861%2C645&ssl=1&resize=525%2C300 1.5x, https:\/\/i0.wp.com\/noticiasribeiraopreto.com.br\/wp-content\/uploads\/2024\/03\/00-14-mar-2024-operacao-serrana-01-foto-divulgacao-gcm-scaled.jpg?fit=861%2C645&ssl=1&resize=700%2C400 2x"},"classes":[]},{"id":29519,"url":"https:\/\/noticiasribeiraopreto.com.br\/index.php\/2024\/01\/18\/utm_sourcerssutm_mediumrssutm_campaignoperacao-rapadura-policia-de-rp-prende-cinco-criminosos-em-guariba-integrantes-de-uma-quadrilha-que-furtava-acucar-de-trens\/","url_meta":{"origin":83294,"position":3},"title":"Pol\u00edcia de RP prende cinco criminosos em Guariba integrantes de uma quadrilha que furtava a\u00e7\u00facar de trens \u2013 X Tudo Ribeir\u00e3o","author":"noticiasribeiraopreto.com.br","date":"18 de January de 2024","format":false,"excerpt":"Cinco homens integrantes de uma quadrilha especializada em furtar a\u00e7\u00facar de vag\u00f5es de trens foram presos durante a Opera\u00e7\u00e3o Rapadura deflagrada pelas equipes do GOE (Grupo de Opera\u00e7\u00e3o Especial) e da 1\u00aa DIG \/ do Deinter 3 na tarde desta quarta-feira (17\/) na cidade de Guariba. A quadrilha em um\u2026","rel":"","context":"In &quot;Not\u00edcias de Ribeir\u00e3o Preto-SP e Regi\u00e3o&quot;","block_context":{"text":"Not\u00edcias de Ribeir\u00e3o Preto-SP e Regi\u00e3o","link":"https:\/\/noticiasribeiraopreto.com.br\/index.php\/category\/noticias-de-ribeirao-preto-sp-e-regiao-ismael-colosi\/"},"img":{"alt_text":"","src":"https:\/\/i0.wp.com\/noticiasribeiraopreto.com.br\/wp-content\/uploads\/2024\/01\/Screenshot-2024-01-18-10.32.22.png?fit=657%2C676&ssl=1&resize=350%2C200","width":350,"height":200,"srcset":"https:\/\/i0.wp.com\/noticiasribeiraopreto.com.br\/wp-content\/uploads\/2024\/01\/Screenshot-2024-01-18-10.32.22.png?fit=657%2C676&ssl=1&resize=350%2C200 1x, https:\/\/i0.wp.com\/noticiasribeiraopreto.com.br\/wp-content\/uploads\/2024\/01\/Screenshot-2024-01-18-10.32.22.png?fit=657%2C676&ssl=1&resize=525%2C300 1.5x"},"classes":[]},{"id":26870,"url":"https:\/\/noticiasribeiraopreto.com.br\/index.php\/2024\/01\/11\/deic-prende-traficantes-em-tocaia-que-contou-com-ajuda-de-trem\/","url_meta":{"origin":83294,"position":4},"title":"DEIC prende traficantes em tocaia que contou com ajuda de trem","author":"noticiasribeiraopreto.com.br","date":"11 de January de 2024","format":false,"excerpt":"A\u00e7\u00e3o contou com participa\u00e7\u00e3o do deputado federal Delegado Palumbo em regi\u00e3o onde tr\u00e1fico tem sido recorrente 10 de janeiro de 2024 | 15:53 2Por: Adalberto LuqueUma opera\u00e7\u00e3o realizada pela Delegacia de Investiga\u00e7\u00f5es Sobre Entorpecentes da Divis\u00e3o Especializada em Investiga\u00e7\u00f5es Criminais (DISE\/DEIC) prendeu, na manh\u00e3 desta quarta-feira, dois homens envolvidos com\u2026","rel":"","context":"In &quot;Not\u00edcias de Ribeir\u00e3o Preto-SP e Regi\u00e3o&quot;","block_context":{"text":"Not\u00edcias de Ribeir\u00e3o Preto-SP e Regi\u00e3o","link":"https:\/\/noticiasribeiraopreto.com.br\/index.php\/category\/noticias-de-ribeirao-preto-sp-e-regiao-ismael-colosi\/"},"img":{"alt_text":"","src":"https:\/\/i0.wp.com\/noticiasribeiraopreto.com.br\/wp-content\/uploads\/2024\/01\/00-10-jan-2024-apreensao-dise-01-foto-divulgacao.jpg?fit=746%2C426&ssl=1&resize=350%2C200","width":350,"height":200,"srcset":"https:\/\/i0.wp.com\/noticiasribeiraopreto.com.br\/wp-content\/uploads\/2024\/01\/00-10-jan-2024-apreensao-dise-01-foto-divulgacao.jpg?fit=746%2C426&ssl=1&resize=350%2C200 1x, https:\/\/i0.wp.com\/noticiasribeiraopreto.com.br\/wp-content\/uploads\/2024\/01\/00-10-jan-2024-apreensao-dise-01-foto-divulgacao.jpg?fit=746%2C426&ssl=1&resize=525%2C300 1.5x, https:\/\/i0.wp.com\/noticiasribeiraopreto.com.br\/wp-content\/uploads\/2024\/01\/00-10-jan-2024-apreensao-dise-01-foto-divulgacao.jpg?fit=746%2C426&ssl=1&resize=700%2C400 2x"},"classes":[]},{"id":80651,"url":"https:\/\/noticiasribeiraopreto.com.br\/index.php\/2025\/12\/09\/policia-localiza-casa-bomba-na-zona-norte\/","url_meta":{"origin":83294,"position":5},"title":"Pol\u00edcia localiza \u2018casa bomba\u2019 na zona Norte","author":"noticiasribeiraopreto.com.br","date":"9 de December de 2025","format":false,"excerpt":"\r Local era utilizado para deposito e fracionamento de drogas e respons\u00e1vel pela casa foi preso\r \r 9 de dezembro de 2025 07:13 \r Compartilhar0 Por: Adalberto Luque Um homem foi preso, nesta segunda-feira (8) e uma grande apreens\u00e3o de drogas foi realizada em uma casa usada para dep\u00f3sito, armazenamento\u2026","rel":"","context":"In &quot;Not\u00edcias de Ribeir\u00e3o Preto-SP e Regi\u00e3o&quot;","block_context":{"text":"Not\u00edcias de Ribeir\u00e3o Preto-SP e Regi\u00e3o","link":"https:\/\/noticiasribeiraopreto.com.br\/index.php\/category\/noticias-de-ribeirao-preto-sp-e-regiao-ismael-colosi\/"},"img":{"alt_text":"","src":"","width":0,"height":0},"classes":[]}],"jetpack_sharing_enabled":true,"jetpack_shortlink":"https:\/\/wp.me\/peQAOb-lFs","_links":{"self":[{"href":"https:\/\/noticiasribeiraopreto.com.br\/index.php\/wp-json\/wp\/v2\/posts\/83294","targetHints":{"allow":["GET"]}}],"collection":[{"href":"https:\/\/noticiasribeiraopreto.com.br\/index.php\/wp-json\/wp\/v2\/posts"}],"about":[{"href":"https:\/\/noticiasribeiraopreto.com.br\/index.php\/wp-json\/wp\/v2\/types\/post"}],"author":[{"embeddable":true,"href":"https:\/\/noticiasribeiraopreto.com.br\/index.php\/wp-json\/wp\/v2\/users\/1"}],"replies":[{"embeddable":true,"href":"https:\/\/noticiasribeiraopreto.com.br\/index.php\/wp-json\/wp\/v2\/comments?post=83294"}],"version-history":[{"count":0,"href":"https:\/\/noticiasribeiraopreto.com.br\/index.php\/wp-json\/wp\/v2\/posts\/83294\/revisions"}],"wp:featuredmedia":[{"embeddable":true,"href":"https:\/\/noticiasribeiraopreto.com.br\/index.php\/wp-json\/wp\/v2\/media\/83295"}],"wp:attachment":[{"href":"https:\/\/noticiasribeiraopreto.com.br\/index.php\/wp-json\/wp\/v2\/media?parent=83294"}],"wp:term":[{"taxonomy":"category","embeddable":true,"href":"https:\/\/noticiasribeiraopreto.com.br\/index.php\/wp-json\/wp\/v2\/categories?post=83294"},{"taxonomy":"post_tag","embeddable":true,"href":"https:\/\/noticiasribeiraopreto.com.br\/index.php\/wp-json\/wp\/v2\/tags?post=83294"}],"curies":[{"name":"wp","href":"https:\/\/api.w.org\/{rel}","templated":true}]}}