{"id":83296,"date":"2026-03-15T11:16:23","date_gmt":"2026-03-15T14:16:23","guid":{"rendered":"https:\/\/noticiasribeiraopreto.com.br\/index.php\/2026\/03\/15\/morre-advogado-baleado-na-regiao-de-ribeirao-preto-vice-prefeito-e-suspeito\/"},"modified":"2026-03-15T11:16:23","modified_gmt":"2026-03-15T14:16:23","slug":"morre-advogado-baleado-na-regiao-de-ribeirao-preto-vice-prefeito-e-suspeito","status":"publish","type":"post","link":"https:\/\/noticiasribeiraopreto.com.br\/index.php\/2026\/03\/15\/morre-advogado-baleado-na-regiao-de-ribeirao-preto-vice-prefeito-e-suspeito\/","title":{"rendered":"Morre advogado baleado na regi\u00e3o de Ribeir\u00e3o Preto; Vice-prefeito \u00e9 suspeito"},"content":{"rendered":"<div class='code-block code-block-1' style='margin: 8px 0 8px auto; text-align: right; display: block; clear: both;'>\n<p><a href=\"https:\/\/wa.link\/vpicfd\"><img data-recalc-dims=\"1\" class=\"wp-image-4922\" style=\"aspect-ratio: 2.0253164556962027; width: 561px; height: auto;\" src=\"https:\/\/i0.wp.com\/ismaelcolosi.com.br\/wp-content\/uploads\/2023\/11\/grupo-de-empregos-whatsapp-e-facebook-ismael-colosi-vagas.jpg?ssl=1\" alt=\"\" \/><\/a><\/p>\n<!-- \/wp:image -->\n<\/div>\n<p> <br \/>\n<\/p>\n<div data-td-block-uid=\"tdi_95\">\n<div class=\"tdb-block-inner td-fix-index\">\n<p><strong>O advogado e professor de jiu-jitsu\u00a0Marcos Aur\u00e9lio Abe, de 46 anos, morreu na madrugada deste s\u00e1bado (14), depois de ter sido baleado na noite do \u00faltimo domingo (8), em Colina, a 100 quil\u00f4metros de Ribeir\u00e3o Preto. <\/strong>Ele estava <strong>internado <\/strong>em estado grave na <strong>Santa Casa de Barretos<\/strong>.<\/p>\n<p>O\u00a0<strong>vice-prefeito de Colina<\/strong>,\u00a0<strong>Rafael Correia Rodrigues (PP), <\/strong>mais <strong>conhecido <\/strong>como <strong>Rafael Maring\u00e1<\/strong>, \u00e9 <mark style=\"background-color:#fcb900\" class=\"has-inline-color has-black-color\">suspeito de atirar contra a v\u00edtima. Marcos Aur\u00e9lio j\u00e1 havia sido casado com a cunhada dele.<\/mark><\/p>\n<p>Rodrigues, que possui registro como colecionador de armas, se apresentou \u00e0 pol\u00edcia, prestou depoimento e alegou ter agido em leg\u00edtima defesa durante uma discuss\u00e3o entre ambos na porta e sua resid\u00eancia.<\/p>\n<p>O caso est\u00e1 sob investiga\u00e7\u00e3o da Pol\u00edcia Civil e passou de homic\u00eddio tentado para consumado.<\/p>\n<p>Em nota, a Prefeitura de Colina disse que o caso se refere a uma quest\u00e3o pessoal e que n\u00e3o h\u00e1 rela\u00e7\u00e3o com a gest\u00e3o administrativa (Com EPTV).<\/p>\n<p>SAIBA MAIS<\/p>\n<p>Veja os voos afetados pela neblina no aeroporto de Ribeir\u00e3o Preto<\/p>\n<h2 class=\"wp-block-heading\"><strong>FIQUE ON<\/strong><\/h2>\n<p>Fique ligado em tudo que acontece em Ribeir\u00e3o Preto e regi\u00e3o. Siga os perfis do\u00a0<strong>acidade on<\/strong>\u00a0no\u00a0<a href=\"https:\/\/www.instagram.com\/acidadeonribeirao\" target=\"_blank\" rel=\"noreferrer noopener\">Instagram<\/a>\u00a0e no<a href=\"https:\/\/www.facebook.com\/acidadeonribeirao\/\" target=\"_blank\" rel=\"noreferrer noopener\">\u00a0Facebook<\/a>.<\/p>\n<p>Receba not\u00edcias do\u00a0<strong>acidade on<\/strong>\u00a0no WhatsApp. Para entrar no grupo,\u00a0basta\u00a0<a href=\"https:\/\/whatsapp.com\/channel\/0029Vb6IQl1JENyAeS57fk2p\" target=\"_blank\" rel=\"noreferrer noopener\">clicar aqui<\/a>. Ou, acesse o nosso\u00a0Canal\u00a0<a href=\"https:\/\/chat.whatsapp.com\/GFH9HUMUTHNFJdnyEd0xxq\" target=\"_blank\" rel=\"noreferrer noopener\">clicando aqui<\/a>.<\/p>\n<p>Fa\u00e7a uma den\u00fancia ou sugira uma reportagem sobre Ribeir\u00e3o Preto e regi\u00e3o pelo WhatsApp: 16 99117 7802.<\/p>\n<p>VEJA TAMB\u00c9M<\/p>\n<p>Sopas e cremes termog\u00eanicos: 10 receitas para ajudar a emagrecer no outono<\/p>\n<p><!-- AI CONTENT END 1 -->\n<\/div>\n<\/div>\n<p><script async src=\"\/\/www.instagram.com\/embed.js\"><\/script><br \/>\n<br \/><br \/>\n<br \/><a href=\"https:\/\/www.acidadeon.com\/ribeiraopreto\/cotidiano\/morre-advogado-baleado-na-regiao-de-ribeirao-preto-vice-prefeito-e-suspeito\/\">Source link <\/a><\/p>\n<!-- CONTENT END 1 -->\n","protected":false},"excerpt":{"rendered":"<p>O advogado e professor de jiu-jitsu\u00a0Marcos Aur\u00e9lio Abe, de 46 anos, morreu na madrugada deste s\u00e1bado (14), depois de ter sido baleado na noite do&#8230;<\/p>\n","protected":false},"author":1,"featured_media":83297,"comment_status":"open","ping_status":"open","sticky":false,"template":"","format":"standard","meta":{"advanced_seo_description":"","jetpack_seo_html_title":"","jetpack_seo_noindex":false,"jetpack_post_was_ever_published":false,"_jetpack_newsletter_access":"","_jetpack_dont_email_post_to_subs":false,"_jetpack_newsletter_tier_id":0,"_jetpack_memberships_contains_paywalled_content":false,"_jetpack_memberships_contains_paid_content":false,"footnotes":"","jetpack_publicize_message":"","jetpack_publicize_feature_enabled":true,"jetpack_social_post_already_shared":true,"jetpack_social_options":{"image_generator_settings":{"template":"highway","default_image_id":0,"font":"","enabled":false},"version":2}},"categories":[11],"tags":[],"class_list":["post-83296","post","type-post","status-publish","format-standard","has-post-thumbnail","hentry","category-noticias-de-ribeirao-preto-sp-e-regiao-ismael-colosi"],"jetpack_publicize_connections":[],"jetpack_featured_media_url":"https:\/\/i0.wp.com\/noticiasribeiraopreto.com.br\/wp-content\/uploads\/2026\/03\/WhatsApp-Image-2026-03-14-at-11.37.25_2026-03-14_14-38-01.webp.webp?fit=1200%2C741&ssl=1","jetpack-related-posts":[{"id":83146,"url":"https:\/\/noticiasribeiraopreto.com.br\/index.php\/2026\/03\/10\/colina-vice-de-colina-diz-que-agiu-em-legitima-defesa\/","url_meta":{"origin":83296,"position":0},"title":"Colina &#8211; Vice de Colina diz que agiu em leg\u00edtima defesa","author":"noticiasribeiraopreto.com.br","date":"10 de March de 2026","format":false,"excerpt":"\r \r \r 10 de mar\u00e7o de 2026 18:19 \r Compartilhar0 Rafael Corr\u00eaa Rodrigues (PP), vice-prefeito da cidade de Colina, na macrorregi\u00e3o de Ribeir\u00e3o Preto, suspeito de atirar no advogado Marcos Aur\u00e9lio Abe na noite de domingo (8), no Jardim Universal, se apresentou na Delegacia de Pol\u00edcia Civil de Barretos\u2026","rel":"","context":"In &quot;Not\u00edcias de Ribeir\u00e3o Preto-SP e Regi\u00e3o&quot;","block_context":{"text":"Not\u00edcias de Ribeir\u00e3o Preto-SP e Regi\u00e3o","link":"https:\/\/noticiasribeiraopreto.com.br\/index.php\/category\/noticias-de-ribeirao-preto-sp-e-regiao-ismael-colosi\/"},"img":{"alt_text":"","src":"https:\/\/i0.wp.com\/noticiasribeiraopreto.com.br\/wp-content\/uploads\/2026\/03\/colina.jpeg?fit=600%2C376&ssl=1&resize=350%2C200","width":350,"height":200,"srcset":"https:\/\/i0.wp.com\/noticiasribeiraopreto.com.br\/wp-content\/uploads\/2026\/03\/colina.jpeg?fit=600%2C376&ssl=1&resize=350%2C200 1x, https:\/\/i0.wp.com\/noticiasribeiraopreto.com.br\/wp-content\/uploads\/2026\/03\/colina.jpeg?fit=600%2C376&ssl=1&resize=525%2C300 1.5x"},"classes":[]},{"id":52198,"url":"https:\/\/noticiasribeiraopreto.com.br\/index.php\/2024\/06\/05\/morre-jovem-baleado-por-engano-em-estacionamento-no-centro-de-ribeirao\/","url_meta":{"origin":83296,"position":1},"title":"Morre jovem baleado por engano em estacionamento no Centro de Ribeir\u00e3o","author":"noticiasribeiraopreto.com.br","date":"5 de June de 2024","format":false,"excerpt":"Morreu na noite desta ter\u00e7a-feira (04), o jovem baleado por engano, ap\u00f3s uma confus\u00e3o em um estacionamento de ve\u00edculos, neste final de semana, em Ribeir\u00e3o Preto. A informa\u00e7\u00e3o foi confirmada pelo pai da v\u00edtima. Segundo o boletim de ocorr\u00eancia (BO), Ruan C\u00e9sar Godoi, de 22 anos, seria cliente do estacionamento\u2026","rel":"","context":"In &quot;Not\u00edcias de Ribeir\u00e3o Preto-SP e Regi\u00e3o&quot;","block_context":{"text":"Not\u00edcias de Ribeir\u00e3o Preto-SP e Regi\u00e3o","link":"https:\/\/noticiasribeiraopreto.com.br\/index.php\/category\/noticias-de-ribeirao-preto-sp-e-regiao-ismael-colosi\/"},"img":{"alt_text":"","src":"https:\/\/i0.wp.com\/noticiasribeiraopreto.com.br\/wp-content\/uploads\/2024\/06\/IMG_2453_2024-06-05_02-09-00_jpeg_2024-06-05_02-09-00.webp.webp?fit=611%2C340&ssl=1&resize=350%2C200","width":350,"height":200,"srcset":"https:\/\/i0.wp.com\/noticiasribeiraopreto.com.br\/wp-content\/uploads\/2024\/06\/IMG_2453_2024-06-05_02-09-00_jpeg_2024-06-05_02-09-00.webp.webp?fit=611%2C340&ssl=1&resize=350%2C200 1x, https:\/\/i0.wp.com\/noticiasribeiraopreto.com.br\/wp-content\/uploads\/2024\/06\/IMG_2453_2024-06-05_02-09-00_jpeg_2024-06-05_02-09-00.webp.webp?fit=611%2C340&ssl=1&resize=525%2C300 1.5x"},"classes":[]},{"id":50875,"url":"https:\/\/noticiasribeiraopreto.com.br\/index.php\/2024\/05\/20\/morre-homem-baleado-durante-confusao-em-partida-de-futebol-na-regiao-de-ribeirao-preto\/","url_meta":{"origin":83296,"position":2},"title":"Morre homem baleado durante confus\u00e3o em partida de futebol na regi\u00e3o de Ribeir\u00e3o Preto","author":"noticiasribeiraopreto.com.br","date":"20 de May de 2024","format":false,"excerpt":"Morreu nesta segunda-feira (20), o homem baleado durante uma confus\u00e3o em uma partida de futebol amador na tarde de s\u00e1bado (18), em C\u00e2ndido Rodrigues, cidade na regi\u00e3o de Ribeir\u00e3o Preto. Maicon Domingues tinha 35 anos e teria sido socorrido em estado grave para a Santa Casa de Taquaritinga, contudo, n\u00e3o\u2026","rel":"","context":"In &quot;Not\u00edcias de Ribeir\u00e3o Preto-SP e Regi\u00e3o&quot;","block_context":{"text":"Not\u00edcias de Ribeir\u00e3o Preto-SP e Regi\u00e3o","link":"https:\/\/noticiasribeiraopreto.com.br\/index.php\/category\/noticias-de-ribeirao-preto-sp-e-regiao-ismael-colosi\/"},"img":{"alt_text":"","src":"https:\/\/i0.wp.com\/noticiasribeiraopreto.com.br\/wp-content\/uploads\/2024\/05\/BALEADO1_2024-05-19_19-04-02_jpg_2024-05-19_19-04-02.webp.webp?fit=1200%2C675&ssl=1&resize=350%2C200","width":350,"height":200,"srcset":"https:\/\/i0.wp.com\/noticiasribeiraopreto.com.br\/wp-content\/uploads\/2024\/05\/BALEADO1_2024-05-19_19-04-02_jpg_2024-05-19_19-04-02.webp.webp?fit=1200%2C675&ssl=1&resize=350%2C200 1x, https:\/\/i0.wp.com\/noticiasribeiraopreto.com.br\/wp-content\/uploads\/2024\/05\/BALEADO1_2024-05-19_19-04-02_jpg_2024-05-19_19-04-02.webp.webp?fit=1200%2C675&ssl=1&resize=525%2C300 1.5x, https:\/\/i0.wp.com\/noticiasribeiraopreto.com.br\/wp-content\/uploads\/2024\/05\/BALEADO1_2024-05-19_19-04-02_jpg_2024-05-19_19-04-02.webp.webp?fit=1200%2C675&ssl=1&resize=700%2C400 2x, https:\/\/i0.wp.com\/noticiasribeiraopreto.com.br\/wp-content\/uploads\/2024\/05\/BALEADO1_2024-05-19_19-04-02_jpg_2024-05-19_19-04-02.webp.webp?fit=1200%2C675&ssl=1&resize=1050%2C600 3x"},"classes":[]},{"id":64970,"url":"https:\/\/noticiasribeiraopreto.com.br\/index.php\/2025\/03\/14\/entregador-de-39-anos-e-baleado-na-zona-sul-de-ribeirao-preto\/","url_meta":{"origin":83296,"position":3},"title":"Entregador de 39 anos \u00e9 baleado na zona Sul de Ribeir\u00e3o Preto","author":"noticiasribeiraopreto.com.br","date":"14 de March de 2025","format":false,"excerpt":"Um entregador de 39 anos foi baleado na madrugada desta sexta-feira (14), no Jardim Jo\u00e3o Rossi, zona Sul de Ribeir\u00e3o Preto. Segundo o boletim de ocorr\u00eancia (BO), a v\u00edtima foi atingida no t\u00f3rax e abd\u00f4men na liga\u00e7\u00e3o da rua Ant\u00f4nio Rodrigues de Almeida com a avenida Independ\u00eancia, e socorrida ao\u2026","rel":"","context":"In &quot;Not\u00edcias de Ribeir\u00e3o Preto-SP e Regi\u00e3o&quot;","block_context":{"text":"Not\u00edcias de Ribeir\u00e3o Preto-SP e Regi\u00e3o","link":"https:\/\/noticiasribeiraopreto.com.br\/index.php\/category\/noticias-de-ribeirao-preto-sp-e-regiao-ismael-colosi\/"},"img":{"alt_text":"","src":"https:\/\/i0.wp.com\/noticiasribeiraopreto.com.br\/wp-content\/uploads\/2025\/03\/sirene_pm_1024x576_04022021085205.jpg?fit=1024%2C576&ssl=1&resize=350%2C200","width":350,"height":200,"srcset":"https:\/\/i0.wp.com\/noticiasribeiraopreto.com.br\/wp-content\/uploads\/2025\/03\/sirene_pm_1024x576_04022021085205.jpg?fit=1024%2C576&ssl=1&resize=350%2C200 1x, https:\/\/i0.wp.com\/noticiasribeiraopreto.com.br\/wp-content\/uploads\/2025\/03\/sirene_pm_1024x576_04022021085205.jpg?fit=1024%2C576&ssl=1&resize=525%2C300 1.5x, https:\/\/i0.wp.com\/noticiasribeiraopreto.com.br\/wp-content\/uploads\/2025\/03\/sirene_pm_1024x576_04022021085205.jpg?fit=1024%2C576&ssl=1&resize=700%2C400 2x"},"classes":[]},{"id":17159,"url":"https:\/\/noticiasribeiraopreto.com.br\/index.php\/2023\/12\/17\/sequestradores-de-musico-na-regiao-de-ribeirao-sao-condenados-um-dos-suspeitos-foi-morto\/","url_meta":{"origin":83296,"position":4},"title":"Sequestradores de m\u00fasico na regi\u00e3o de Ribeir\u00e3o s\u00e3o condenados; Um dos suspeitos foi morto","author":"noticiasribeiraopreto.com.br","date":"17 de December de 2023","format":false,"excerpt":"Foram condenados os quatro homens acusados de sequestrarem um m\u00fasico, de 33 anos, em outubro do ano passado, em S\u00e3o Sim\u00e3o, cidade a cerca de 50 quil\u00f4metros de Ribeir\u00e3o Preto. Na \u00e9poca, cinco pessoas participaram do crime, contudo, um dos suspeitos de participa\u00e7\u00e3o foi morto a tiros em confronto com\u2026","rel":"","context":"In &quot;Not\u00edcias de Ribeir\u00e3o Preto-SP e Regi\u00e3o&quot;","block_context":{"text":"Not\u00edcias de Ribeir\u00e3o Preto-SP e Regi\u00e3o","link":"https:\/\/noticiasribeiraopreto.com.br\/index.php\/category\/noticias-de-ribeirao-preto-sp-e-regiao-ismael-colosi\/"},"img":{"alt_text":"","src":"https:\/\/noticiasribeiraopreto.com.br\/wp-content\/uploads\/2023\/12\/whatsapp_image_2022-10-23_at_15_33_49.jpe","width":350,"height":200,"srcset":"https:\/\/noticiasribeiraopreto.com.br\/wp-content\/uploads\/2023\/12\/whatsapp_image_2022-10-23_at_15_33_49.jpe 1x, https:\/\/noticiasribeiraopreto.com.br\/wp-content\/uploads\/2023\/12\/whatsapp_image_2022-10-23_at_15_33_49.jpe 1.5x, https:\/\/noticiasribeiraopreto.com.br\/wp-content\/uploads\/2023\/12\/whatsapp_image_2022-10-23_at_15_33_49.jpe 2x, https:\/\/noticiasribeiraopreto.com.br\/wp-content\/uploads\/2023\/12\/whatsapp_image_2022-10-23_at_15_33_49.jpe 3x"},"classes":[]},{"id":58153,"url":"https:\/\/noticiasribeiraopreto.com.br\/index.php\/2024\/09\/19\/saiba-quem-e-marco-aurelio-candidato-a-prefeito-de-ribeirao-preto\/","url_meta":{"origin":83296,"position":5},"title":"Saiba quem \u00e9 Marco Aur\u00e9lio, candidato a prefeito de Ribeir\u00e3o Preto","author":"noticiasribeiraopreto.com.br","date":"19 de September de 2024","format":false,"excerpt":"A pesquisa Quaest\/EPTV, divulgada na \u00faltima quarta-feira (18), apontou que o empres\u00e1rio Marco Aur\u00e9lio Martins (Novo), aparece em terceiro na inten\u00e7\u00e3o de votos dos eleitores de Ribeir\u00e3o Preto, com 5%. A Quaest consultou 852 eleitores presencialmente entre os dias 15 e 17 de setembro. A margem de erro \u00e9 de\u2026","rel":"","context":"In &quot;Not\u00edcias de Ribeir\u00e3o Preto-SP e Regi\u00e3o&quot;","block_context":{"text":"Not\u00edcias de Ribeir\u00e3o Preto-SP e Regi\u00e3o","link":"https:\/\/noticiasribeiraopreto.com.br\/index.php\/category\/noticias-de-ribeirao-preto-sp-e-regiao-ismael-colosi\/"},"img":{"alt_text":"","src":"https:\/\/i0.wp.com\/noticiasribeiraopreto.com.br\/wp-content\/uploads\/2024\/09\/marco-aurelio_2024-09-19_21-26-57_jpg_2024-09-19_21-26-57.webp.webp?fit=1200%2C755&ssl=1&resize=350%2C200","width":350,"height":200,"srcset":"https:\/\/i0.wp.com\/noticiasribeiraopreto.com.br\/wp-content\/uploads\/2024\/09\/marco-aurelio_2024-09-19_21-26-57_jpg_2024-09-19_21-26-57.webp.webp?fit=1200%2C755&ssl=1&resize=350%2C200 1x, https:\/\/i0.wp.com\/noticiasribeiraopreto.com.br\/wp-content\/uploads\/2024\/09\/marco-aurelio_2024-09-19_21-26-57_jpg_2024-09-19_21-26-57.webp.webp?fit=1200%2C755&ssl=1&resize=525%2C300 1.5x, https:\/\/i0.wp.com\/noticiasribeiraopreto.com.br\/wp-content\/uploads\/2024\/09\/marco-aurelio_2024-09-19_21-26-57_jpg_2024-09-19_21-26-57.webp.webp?fit=1200%2C755&ssl=1&resize=700%2C400 2x, https:\/\/i0.wp.com\/noticiasribeiraopreto.com.br\/wp-content\/uploads\/2024\/09\/marco-aurelio_2024-09-19_21-26-57_jpg_2024-09-19_21-26-57.webp.webp?fit=1200%2C755&ssl=1&resize=1050%2C600 3x"},"classes":[]}],"jetpack_sharing_enabled":true,"jetpack_shortlink":"https:\/\/wp.me\/peQAOb-lFu","_links":{"self":[{"href":"https:\/\/noticiasribeiraopreto.com.br\/index.php\/wp-json\/wp\/v2\/posts\/83296","targetHints":{"allow":["GET"]}}],"collection":[{"href":"https:\/\/noticiasribeiraopreto.com.br\/index.php\/wp-json\/wp\/v2\/posts"}],"about":[{"href":"https:\/\/noticiasribeiraopreto.com.br\/index.php\/wp-json\/wp\/v2\/types\/post"}],"author":[{"embeddable":true,"href":"https:\/\/noticiasribeiraopreto.com.br\/index.php\/wp-json\/wp\/v2\/users\/1"}],"replies":[{"embeddable":true,"href":"https:\/\/noticiasribeiraopreto.com.br\/index.php\/wp-json\/wp\/v2\/comments?post=83296"}],"version-history":[{"count":0,"href":"https:\/\/noticiasribeiraopreto.com.br\/index.php\/wp-json\/wp\/v2\/posts\/83296\/revisions"}],"wp:featuredmedia":[{"embeddable":true,"href":"https:\/\/noticiasribeiraopreto.com.br\/index.php\/wp-json\/wp\/v2\/media\/83297"}],"wp:attachment":[{"href":"https:\/\/noticiasribeiraopreto.com.br\/index.php\/wp-json\/wp\/v2\/media?parent=83296"}],"wp:term":[{"taxonomy":"category","embeddable":true,"href":"https:\/\/noticiasribeiraopreto.com.br\/index.php\/wp-json\/wp\/v2\/categories?post=83296"},{"taxonomy":"post_tag","embeddable":true,"href":"https:\/\/noticiasribeiraopreto.com.br\/index.php\/wp-json\/wp\/v2\/tags?post=83296"}],"curies":[{"name":"wp","href":"https:\/\/api.w.org\/{rel}","templated":true}]}}