{"id":83298,"date":"2026-03-15T11:25:20","date_gmt":"2026-03-15T14:25:20","guid":{"rendered":"https:\/\/noticiasribeiraopreto.com.br\/index.php\/2026\/03\/15\/veja-os-voos-afetados-pela-neblina-no-aeroporto-de-ribeirao-preto\/"},"modified":"2026-03-15T11:25:20","modified_gmt":"2026-03-15T14:25:20","slug":"veja-os-voos-afetados-pela-neblina-no-aeroporto-de-ribeirao-preto","status":"publish","type":"post","link":"https:\/\/noticiasribeiraopreto.com.br\/index.php\/2026\/03\/15\/veja-os-voos-afetados-pela-neblina-no-aeroporto-de-ribeirao-preto\/","title":{"rendered":"Veja os voos afetados pela neblina no aeroporto de Ribeir\u00e3o Preto"},"content":{"rendered":"<div class='code-block code-block-1' style='margin: 8px 0 8px auto; text-align: right; display: block; clear: both;'>\n<p><a href=\"https:\/\/wa.link\/vpicfd\"><img data-recalc-dims=\"1\" class=\"wp-image-4922\" style=\"aspect-ratio: 2.0253164556962027; width: 561px; height: auto;\" src=\"https:\/\/i0.wp.com\/ismaelcolosi.com.br\/wp-content\/uploads\/2023\/11\/grupo-de-empregos-whatsapp-e-facebook-ismael-colosi-vagas.jpg?ssl=1\" alt=\"\" \/><\/a><\/p>\n<!-- \/wp:image -->\n<\/div>\n<p> <br \/>\n<\/p>\n<div data-td-block-uid=\"tdi_95\">\n<div class=\"tdb-block-inner td-fix-index\">\n<p><strong>Um voo foi cancelado e outros dois tiveram atraso no aeroporto Leite Lopes, por causa da forte neblina\u00a0que atinge Ribeir\u00e3o Preto neste s\u00e1bado (14).<\/strong> <strong>Assista <\/strong>ao <strong>v\u00eddeo <\/strong>abaixo.<\/p>\n<p>A\u00a0<a href=\"https:\/\/redevoa.com.br\/\" target=\"_blank\" rel=\"noreferrer noopener\">Rede Voa<\/a>, <strong>concession\u00e1ria <\/strong>respons\u00e1vel pela <strong>administra\u00e7\u00e3o <\/strong>do <strong>aeroporto de Ribeir\u00e3o<\/strong>, informou que <mark style=\"background-color:#fcb900\" class=\"has-inline-color has-black-color\">o voo cancelado \u00e9 o 3700, da Latam, que tinha origem em Congonhas e foi alternado para o mesmo aeroporto.<\/mark><\/p>\n<p>Ainda conforme a empresa, um voo da Latam (4729) com destino a Guarulhos e um da Azul (4211) para Campinas registraram mais de tr\u00eas horas de atraso.<\/p>\n<p>No momento, o aeroporto Leite Lopes est\u00e1 operando por instrumentos.<\/p>\n<blockquote class=\"instagram-media\" data-instgrm-permalink=\"https:\/\/www.instagram.com\/reel\/DV3hfiYFSF_\/?utm_source=ig_embed&amp;utm_campaign=loading\" data-instgrm-version=\"14\" style=\" background:#FFF; border:0; border-radius:3px; box-shadow:0 0 1px 0 rgba(0,0,0,0.5),0 1px 10px 0 rgba(0,0,0,0.15); margin: 1px; max-width:540px; min-width:326px; padding:0; width:99.375%; width:-webkit-calc(100% - 2px); width:calc(100% - 2px);\"\/>\n<p>SAIBA MAIS<\/p>\n<p>Ribeir\u00e3o Preto fica sob forte neblina e registra reflexos no aeroporto; Veja previs\u00e3o<\/p>\n<h2 class=\"wp-block-heading\"><strong>FIQUE ON<\/strong><\/h2>\n<p>Fique ligado em tudo que acontece em Ribeir\u00e3o Preto e regi\u00e3o. Siga os perfis do\u00a0<strong>acidade on<\/strong>\u00a0no\u00a0<a href=\"https:\/\/www.instagram.com\/acidadeonribeirao\" target=\"_blank\" rel=\"noreferrer noopener\">Instagram<\/a>\u00a0e no<a href=\"https:\/\/www.facebook.com\/acidadeonribeirao\/\" target=\"_blank\" rel=\"noreferrer noopener\">\u00a0Facebook<\/a>.<\/p>\n<p>Receba not\u00edcias do\u00a0<strong>acidade on<\/strong>\u00a0no WhatsApp. Para entrar no grupo,\u00a0basta\u00a0<a href=\"https:\/\/whatsapp.com\/channel\/0029Vb6IQl1JENyAeS57fk2p\" target=\"_blank\" rel=\"noreferrer noopener\">clicar aqui<\/a>. Ou, acesse o nosso\u00a0Canal\u00a0<a href=\"https:\/\/chat.whatsapp.com\/GFH9HUMUTHNFJdnyEd0xxq\" target=\"_blank\" rel=\"noreferrer noopener\">clicando aqui<\/a>.<\/p>\n<p>Fa\u00e7a uma den\u00fancia ou sugira uma reportagem sobre Ribeir\u00e3o Preto e regi\u00e3o pelo WhatsApp: 16 99117 7802.<\/p>\n<p>VEJA TAMB\u00c9M<\/p>\n<p>Sopas e cremes termog\u00eanicos: 10 receitas para ajudar a emagrecer no outono<\/p>\n<p><!-- AI CONTENT END 1 -->\n<\/div>\n<\/div>\n<p><script async src=\"\/\/www.instagram.com\/embed.js\"><\/script><br \/>\n<br \/><br \/>\n<br \/><a href=\"https:\/\/www.acidadeon.com\/ribeiraopreto\/cotidiano\/veja-os-voos-afetados-pela-neblina-no-aeroporto-de-ribeirao-preto\/\">Source link <\/a><\/p>\n<!-- CONTENT END 1 -->\n","protected":false},"excerpt":{"rendered":"<p>Um voo foi cancelado e outros dois tiveram atraso no aeroporto Leite Lopes, por causa da forte neblina\u00a0que atinge Ribeir\u00e3o Preto neste s\u00e1bado (14). Assista&#8230;<\/p>\n","protected":false},"author":1,"featured_media":83299,"comment_status":"open","ping_status":"open","sticky":false,"template":"","format":"standard","meta":{"advanced_seo_description":"","jetpack_seo_html_title":"","jetpack_seo_noindex":false,"jetpack_post_was_ever_published":false,"_jetpack_newsletter_access":"","_jetpack_dont_email_post_to_subs":false,"_jetpack_newsletter_tier_id":0,"_jetpack_memberships_contains_paywalled_content":false,"_jetpack_memberships_contains_paid_content":false,"footnotes":"","jetpack_publicize_message":"","jetpack_publicize_feature_enabled":true,"jetpack_social_post_already_shared":true,"jetpack_social_options":{"image_generator_settings":{"template":"highway","default_image_id":0,"font":"","enabled":false},"version":2}},"categories":[11],"tags":[],"class_list":["post-83298","post","type-post","status-publish","format-standard","has-post-thumbnail","hentry","category-noticias-de-ribeirao-preto-sp-e-regiao-ismael-colosi"],"jetpack_publicize_connections":[],"jetpack_featured_media_url":"https:\/\/i0.wp.com\/noticiasribeiraopreto.com.br\/wp-content\/uploads\/2026\/03\/WhatsApp-Image-2026-03-14-at-10.25.03_2026-03-14_13-25-15.webp.webp?fit=1200%2C854&ssl=1","jetpack-related-posts":[{"id":68663,"url":"https:\/\/noticiasribeiraopreto.com.br\/index.php\/2025\/04\/27\/neblina-aeroporto-de-ribeirao-preto-registra-atrasos-e-cancelamentos-de-voos\/","url_meta":{"origin":83298,"position":0},"title":"Neblina: Aeroporto de Ribeir\u00e3o Preto registra atrasos e cancelamentos de voos","author":"noticiasribeiraopreto.com.br","date":"27 de April de 2025","format":false,"excerpt":"O Aeroporto Leite Lopes, em Ribeir\u00e3o Preto, registrou uma s\u00e9rie de atrasos e cancelamentos de voos na manh\u00e3 deste domingo (27), devido a condi\u00e7\u00f5es meteorol\u00f3gicas adversas, especialmente a presen\u00e7a de neblina. Veja os detalhes das opera\u00e7\u00f5es afetadas: 1. Cancelamentos: Voo 4211 da Azul, com destino a Campinas (VCP), teve sua\u2026","rel":"","context":"In &quot;Not\u00edcias de Ribeir\u00e3o Preto-SP e Regi\u00e3o&quot;","block_context":{"text":"Not\u00edcias de Ribeir\u00e3o Preto-SP e Regi\u00e3o","link":"https:\/\/noticiasribeiraopreto.com.br\/index.php\/category\/noticias-de-ribeirao-preto-sp-e-regiao-ismael-colosi\/"},"img":{"alt_text":"","src":"https:\/\/i0.wp.com\/noticiasribeiraopreto.com.br\/wp-content\/uploads\/2025\/02\/aeroporto-ribeirao-_2025-02-27_14-32-15_jpeg_2025-02-27_14-32-15.webp.webp?fit=1200%2C540&ssl=1&resize=350%2C200","width":350,"height":200,"srcset":"https:\/\/i0.wp.com\/noticiasribeiraopreto.com.br\/wp-content\/uploads\/2025\/02\/aeroporto-ribeirao-_2025-02-27_14-32-15_jpeg_2025-02-27_14-32-15.webp.webp?fit=1200%2C540&ssl=1&resize=350%2C200 1x, https:\/\/i0.wp.com\/noticiasribeiraopreto.com.br\/wp-content\/uploads\/2025\/02\/aeroporto-ribeirao-_2025-02-27_14-32-15_jpeg_2025-02-27_14-32-15.webp.webp?fit=1200%2C540&ssl=1&resize=525%2C300 1.5x, https:\/\/i0.wp.com\/noticiasribeiraopreto.com.br\/wp-content\/uploads\/2025\/02\/aeroporto-ribeirao-_2025-02-27_14-32-15_jpeg_2025-02-27_14-32-15.webp.webp?fit=1200%2C540&ssl=1&resize=700%2C400 2x, https:\/\/i0.wp.com\/noticiasribeiraopreto.com.br\/wp-content\/uploads\/2025\/02\/aeroporto-ribeirao-_2025-02-27_14-32-15_jpeg_2025-02-27_14-32-15.webp.webp?fit=1200%2C540&ssl=1&resize=1050%2C600 3x"},"classes":[]},{"id":76378,"url":"https:\/\/noticiasribeiraopreto.com.br\/index.php\/2025\/08\/27\/voos-sao-cancelados-no-aeroporto-de-ribeirao-preto-nesta-quarta-entenda-o-que-aconteceu\/","url_meta":{"origin":83298,"position":1},"title":"Voos s\u00e3o cancelados no aeroporto de Ribeir\u00e3o Preto nesta quarta; entenda o que aconteceu","author":"noticiasribeiraopreto.com.br","date":"27 de August de 2025","format":false,"excerpt":"O Aeroporto Dr. Leite Lopes, em Ribeir\u00e3o Preto, interrompeu pousos e decolagens por cerca de 50 minutos na noite desta quarta-feira (27) devido a um problema t\u00e9cnico no sistema de balizamento da pista. A falha ocorreu entre 18h e 18h50 e obrigou a emiss\u00e3o de um aviso aos navegantes a\u00e9reos\u2026","rel":"","context":"In &quot;Not\u00edcias de Ribeir\u00e3o Preto-SP e Regi\u00e3o&quot;","block_context":{"text":"Not\u00edcias de Ribeir\u00e3o Preto-SP e Regi\u00e3o","link":"https:\/\/noticiasribeiraopreto.com.br\/index.php\/category\/noticias-de-ribeirao-preto-sp-e-regiao-ismael-colosi\/"},"img":{"alt_text":"","src":"https:\/\/i0.wp.com\/noticiasribeiraopreto.com.br\/wp-content\/uploads\/2025\/08\/WhatsApp-Image-2023-09-18-at-14.49.44-1068x601-1_2024-07-10_18-40-53_jpeg_2024-07-10_18-40-53.webp.webp?fit=1068%2C601&ssl=1&resize=350%2C200","width":350,"height":200,"srcset":"https:\/\/i0.wp.com\/noticiasribeiraopreto.com.br\/wp-content\/uploads\/2025\/08\/WhatsApp-Image-2023-09-18-at-14.49.44-1068x601-1_2024-07-10_18-40-53_jpeg_2024-07-10_18-40-53.webp.webp?fit=1068%2C601&ssl=1&resize=350%2C200 1x, https:\/\/i0.wp.com\/noticiasribeiraopreto.com.br\/wp-content\/uploads\/2025\/08\/WhatsApp-Image-2023-09-18-at-14.49.44-1068x601-1_2024-07-10_18-40-53_jpeg_2024-07-10_18-40-53.webp.webp?fit=1068%2C601&ssl=1&resize=525%2C300 1.5x, https:\/\/i0.wp.com\/noticiasribeiraopreto.com.br\/wp-content\/uploads\/2025\/08\/WhatsApp-Image-2023-09-18-at-14.49.44-1068x601-1_2024-07-10_18-40-53_jpeg_2024-07-10_18-40-53.webp.webp?fit=1068%2C601&ssl=1&resize=700%2C400 2x, https:\/\/i0.wp.com\/noticiasribeiraopreto.com.br\/wp-content\/uploads\/2025\/08\/WhatsApp-Image-2023-09-18-at-14.49.44-1068x601-1_2024-07-10_18-40-53_jpeg_2024-07-10_18-40-53.webp.webp?fit=1068%2C601&ssl=1&resize=1050%2C600 3x"},"classes":[]},{"id":83258,"url":"https:\/\/noticiasribeiraopreto.com.br\/index.php\/2026\/03\/14\/ribeirao-preto-fica-sob-forte-neblina-e-registra-reflexos-no-aeroporto-veja-previsao\/","url_meta":{"origin":83298,"position":2},"title":"Ribeir\u00e3o Preto fica sob forte neblina e registra reflexos no aeroporto; Veja previs\u00e3o","author":"noticiasribeiraopreto.com.br","date":"14 de March de 2026","format":false,"excerpt":"Ribeir\u00e3o Preto amanheceu sob uma forte neblina neste s\u00e1bado (14). Assista\u00a0ao\u00a0v\u00eddeo\u00a0e veja fotos abaixo.A\u00a0neblina\u00a0\u00e9 um\u00a0fen\u00f4meno meteorol\u00f3gico\u00a0que ocorre quando a\u00a0umidade\u00a0do\u00a0ar\u00a0se\u00a0condensa\u00a0perto do\u00a0solo, formando pequenas\u00a0got\u00edculas\u00a0de\u00a0\u00e1gua\u00a0que ficam em suspens\u00e3o. A umidade relativa do ar precisa estar acima de 90% para que ocorra a forma\u00e7\u00e3o da neblina. Aeroporto Por conta da neblina, o presidente estadual\u2026","rel":"","context":"In &quot;Not\u00edcias de Ribeir\u00e3o Preto-SP e Regi\u00e3o&quot;","block_context":{"text":"Not\u00edcias de Ribeir\u00e3o Preto-SP e Regi\u00e3o","link":"https:\/\/noticiasribeiraopreto.com.br\/index.php\/category\/noticias-de-ribeirao-preto-sp-e-regiao-ismael-colosi\/"},"img":{"alt_text":"","src":"https:\/\/i0.wp.com\/noticiasribeiraopreto.com.br\/wp-content\/uploads\/2026\/03\/neblina_2026-03-14_12-39-06.webp.webp?fit=1200%2C679&ssl=1&resize=350%2C200","width":350,"height":200,"srcset":"https:\/\/i0.wp.com\/noticiasribeiraopreto.com.br\/wp-content\/uploads\/2026\/03\/neblina_2026-03-14_12-39-06.webp.webp?fit=1200%2C679&ssl=1&resize=350%2C200 1x, https:\/\/i0.wp.com\/noticiasribeiraopreto.com.br\/wp-content\/uploads\/2026\/03\/neblina_2026-03-14_12-39-06.webp.webp?fit=1200%2C679&ssl=1&resize=525%2C300 1.5x, https:\/\/i0.wp.com\/noticiasribeiraopreto.com.br\/wp-content\/uploads\/2026\/03\/neblina_2026-03-14_12-39-06.webp.webp?fit=1200%2C679&ssl=1&resize=700%2C400 2x, https:\/\/i0.wp.com\/noticiasribeiraopreto.com.br\/wp-content\/uploads\/2026\/03\/neblina_2026-03-14_12-39-06.webp.webp?fit=1200%2C679&ssl=1&resize=1050%2C600 3x"},"classes":[]},{"id":77621,"url":"https:\/\/noticiasribeiraopreto.com.br\/index.php\/2025\/09\/22\/chuvas-fortes-causam-vazamentos-e-cancelamento-de-voos-no-aeroporto-de-ribeirao-preto-video\/","url_meta":{"origin":83298,"position":3},"title":"Chuvas fortes causam vazamentos e cancelamento de voos no Aeroporto de Ribeir\u00e3o Preto; V\u00eddeo","author":"noticiasribeiraopreto.com.br","date":"22 de September de 2025","format":false,"excerpt":"A forte chuva e os ventos intensos que atingem Ribeir\u00e3o Preto nesta segunda-feira (22) provocaram transtornos no aeroporto Dr. Leite Lopes. O teto da \u00e1rea de desembarque e do acesso tempor\u00e1rio ao terminal de passageiros apresentou vazamentos ap\u00f3s o alagamento do forro, e parte das opera\u00e7\u00f5es de voo precisou ser\u2026","rel":"","context":"In &quot;Not\u00edcias de Ribeir\u00e3o Preto-SP e Regi\u00e3o&quot;","block_context":{"text":"Not\u00edcias de Ribeir\u00e3o Preto-SP e Regi\u00e3o","link":"https:\/\/noticiasribeiraopreto.com.br\/index.php\/category\/noticias-de-ribeirao-preto-sp-e-regiao-ismael-colosi\/"},"img":{"alt_text":"","src":"https:\/\/i0.wp.com\/noticiasribeiraopreto.com.br\/wp-content\/uploads\/2025\/09\/Copia-de-Copia-de-Copia-de-TAMANHO-EXATO-PARA-FOTOS-NO-SISTEMA-NOVO-2025-09-22T152433.341_2025-09-22_18-24-45.webp.webp?fit=1200%2C675&ssl=1&resize=350%2C200","width":350,"height":200,"srcset":"https:\/\/i0.wp.com\/noticiasribeiraopreto.com.br\/wp-content\/uploads\/2025\/09\/Copia-de-Copia-de-Copia-de-TAMANHO-EXATO-PARA-FOTOS-NO-SISTEMA-NOVO-2025-09-22T152433.341_2025-09-22_18-24-45.webp.webp?fit=1200%2C675&ssl=1&resize=350%2C200 1x, https:\/\/i0.wp.com\/noticiasribeiraopreto.com.br\/wp-content\/uploads\/2025\/09\/Copia-de-Copia-de-Copia-de-TAMANHO-EXATO-PARA-FOTOS-NO-SISTEMA-NOVO-2025-09-22T152433.341_2025-09-22_18-24-45.webp.webp?fit=1200%2C675&ssl=1&resize=525%2C300 1.5x, https:\/\/i0.wp.com\/noticiasribeiraopreto.com.br\/wp-content\/uploads\/2025\/09\/Copia-de-Copia-de-Copia-de-TAMANHO-EXATO-PARA-FOTOS-NO-SISTEMA-NOVO-2025-09-22T152433.341_2025-09-22_18-24-45.webp.webp?fit=1200%2C675&ssl=1&resize=700%2C400 2x, https:\/\/i0.wp.com\/noticiasribeiraopreto.com.br\/wp-content\/uploads\/2025\/09\/Copia-de-Copia-de-Copia-de-TAMANHO-EXATO-PARA-FOTOS-NO-SISTEMA-NOVO-2025-09-22T152433.341_2025-09-22_18-24-45.webp.webp?fit=1200%2C675&ssl=1&resize=1050%2C600 3x"},"classes":[]},{"id":81906,"url":"https:\/\/noticiasribeiraopreto.com.br\/index.php\/2026\/01\/29\/bateria-pega-fogo-a-bordo-e-voo-e-desviado-para-o-leite-lopes\/","url_meta":{"origin":83298,"position":4},"title":"Bateria pega fogo a bordo e voo \u00e9 desviado para o Leite Lopes","author":"noticiasribeiraopreto.com.br","date":"29 de January de 2026","format":false,"excerpt":"\r \r \r 29 de janeiro de 2026 19:13 \r Compartilhar0 Incidente ocorreu em aeronave que seguia de S\u00e3o Paulo para Bras\u00edlia; tripula\u00e7\u00e3o controlou a situa\u00e7\u00e3o e n\u00e3o houve feridos graves Um voo da Latam precisou ser alternado para o Aeroporto Estadual Leite Lopes, em Ribeir\u00e3o Preto, na tarde desta\u2026","rel":"","context":"In &quot;Not\u00edcias de Ribeir\u00e3o Preto-SP e Regi\u00e3o&quot;","block_context":{"text":"Not\u00edcias de Ribeir\u00e3o Preto-SP e Regi\u00e3o","link":"https:\/\/noticiasribeiraopreto.com.br\/index.php\/category\/noticias-de-ribeirao-preto-sp-e-regiao-ismael-colosi\/"},"img":{"alt_text":"","src":"https:\/\/i0.wp.com\/noticiasribeiraopreto.com.br\/wp-content\/uploads\/2026\/01\/Latam-Divulgacao-02-scaled.jpg?fit=750%2C500&ssl=1&resize=350%2C200","width":350,"height":200,"srcset":"https:\/\/i0.wp.com\/noticiasribeiraopreto.com.br\/wp-content\/uploads\/2026\/01\/Latam-Divulgacao-02-scaled.jpg?fit=750%2C500&ssl=1&resize=350%2C200 1x, https:\/\/i0.wp.com\/noticiasribeiraopreto.com.br\/wp-content\/uploads\/2026\/01\/Latam-Divulgacao-02-scaled.jpg?fit=750%2C500&ssl=1&resize=525%2C300 1.5x, https:\/\/i0.wp.com\/noticiasribeiraopreto.com.br\/wp-content\/uploads\/2026\/01\/Latam-Divulgacao-02-scaled.jpg?fit=750%2C500&ssl=1&resize=700%2C400 2x"},"classes":[]},{"id":64004,"url":"https:\/\/noticiasribeiraopreto.com.br\/index.php\/2025\/02\/27\/aeroporto-de-ribeirao-preto-estuda-receber-voos-internacionais-durante-a-agrishow\/","url_meta":{"origin":83298,"position":5},"title":"Aeroporto de Ribeir\u00e3o Preto estuda receber voos internacionais durante a Agrishow","author":"noticiasribeiraopreto.com.br","date":"27 de February de 2025","format":false,"excerpt":"O aeroporto Leite Lopes, em Ribeir\u00e3o Preto, pode receber voos internacionais a partir de abril. A informa\u00e7\u00e3o foi confirmada ao portal acidade on pela Rede Voa, concession\u00e1ria respons\u00e1vel pelo local. De acordo com a empresa, foi realizada a solicita\u00e7\u00e3o para uma \u201cinternacionaliza\u00e7\u00e3o tempor\u00e1ria extraordin\u00e1ria\u201d, que est\u00e1 em fase de aprova\u00e7\u00e3o\u2026","rel":"","context":"In &quot;Not\u00edcias de Ribeir\u00e3o Preto-SP e Regi\u00e3o&quot;","block_context":{"text":"Not\u00edcias de Ribeir\u00e3o Preto-SP e Regi\u00e3o","link":"https:\/\/noticiasribeiraopreto.com.br\/index.php\/category\/noticias-de-ribeirao-preto-sp-e-regiao-ismael-colosi\/"},"img":{"alt_text":"","src":"https:\/\/i0.wp.com\/noticiasribeiraopreto.com.br\/wp-content\/uploads\/2025\/02\/aeroporto-ribeirao-_2025-02-27_14-32-15_jpeg_2025-02-27_14-32-15.webp.webp?fit=1200%2C540&ssl=1&resize=350%2C200","width":350,"height":200,"srcset":"https:\/\/i0.wp.com\/noticiasribeiraopreto.com.br\/wp-content\/uploads\/2025\/02\/aeroporto-ribeirao-_2025-02-27_14-32-15_jpeg_2025-02-27_14-32-15.webp.webp?fit=1200%2C540&ssl=1&resize=350%2C200 1x, https:\/\/i0.wp.com\/noticiasribeiraopreto.com.br\/wp-content\/uploads\/2025\/02\/aeroporto-ribeirao-_2025-02-27_14-32-15_jpeg_2025-02-27_14-32-15.webp.webp?fit=1200%2C540&ssl=1&resize=525%2C300 1.5x, https:\/\/i0.wp.com\/noticiasribeiraopreto.com.br\/wp-content\/uploads\/2025\/02\/aeroporto-ribeirao-_2025-02-27_14-32-15_jpeg_2025-02-27_14-32-15.webp.webp?fit=1200%2C540&ssl=1&resize=700%2C400 2x, https:\/\/i0.wp.com\/noticiasribeiraopreto.com.br\/wp-content\/uploads\/2025\/02\/aeroporto-ribeirao-_2025-02-27_14-32-15_jpeg_2025-02-27_14-32-15.webp.webp?fit=1200%2C540&ssl=1&resize=1050%2C600 3x"},"classes":[]}],"jetpack_sharing_enabled":true,"jetpack_shortlink":"https:\/\/wp.me\/peQAOb-lFw","_links":{"self":[{"href":"https:\/\/noticiasribeiraopreto.com.br\/index.php\/wp-json\/wp\/v2\/posts\/83298","targetHints":{"allow":["GET"]}}],"collection":[{"href":"https:\/\/noticiasribeiraopreto.com.br\/index.php\/wp-json\/wp\/v2\/posts"}],"about":[{"href":"https:\/\/noticiasribeiraopreto.com.br\/index.php\/wp-json\/wp\/v2\/types\/post"}],"author":[{"embeddable":true,"href":"https:\/\/noticiasribeiraopreto.com.br\/index.php\/wp-json\/wp\/v2\/users\/1"}],"replies":[{"embeddable":true,"href":"https:\/\/noticiasribeiraopreto.com.br\/index.php\/wp-json\/wp\/v2\/comments?post=83298"}],"version-history":[{"count":0,"href":"https:\/\/noticiasribeiraopreto.com.br\/index.php\/wp-json\/wp\/v2\/posts\/83298\/revisions"}],"wp:featuredmedia":[{"embeddable":true,"href":"https:\/\/noticiasribeiraopreto.com.br\/index.php\/wp-json\/wp\/v2\/media\/83299"}],"wp:attachment":[{"href":"https:\/\/noticiasribeiraopreto.com.br\/index.php\/wp-json\/wp\/v2\/media?parent=83298"}],"wp:term":[{"taxonomy":"category","embeddable":true,"href":"https:\/\/noticiasribeiraopreto.com.br\/index.php\/wp-json\/wp\/v2\/categories?post=83298"},{"taxonomy":"post_tag","embeddable":true,"href":"https:\/\/noticiasribeiraopreto.com.br\/index.php\/wp-json\/wp\/v2\/tags?post=83298"}],"curies":[{"name":"wp","href":"https:\/\/api.w.org\/{rel}","templated":true}]}}