{"id":83300,"date":"2026-03-15T12:08:53","date_gmt":"2026-03-15T15:08:53","guid":{"rendered":"https:\/\/noticiasribeiraopreto.com.br\/index.php\/2026\/03\/15\/teatro-municipal-recebe-dois-espetaculos-infantis-neste-domingo\/"},"modified":"2026-03-15T12:08:53","modified_gmt":"2026-03-15T15:08:53","slug":"teatro-municipal-recebe-dois-espetaculos-infantis-neste-domingo","status":"publish","type":"post","link":"https:\/\/noticiasribeiraopreto.com.br\/index.php\/2026\/03\/15\/teatro-municipal-recebe-dois-espetaculos-infantis-neste-domingo\/","title":{"rendered":"Teatro Municipal recebe dois espet\u00e1culos infantis neste domingo"},"content":{"rendered":"<div class='code-block code-block-1' style='margin: 8px 0 8px auto; text-align: right; display: block; clear: both;'>\n<p><a href=\"https:\/\/wa.link\/vpicfd\"><img data-recalc-dims=\"1\" class=\"wp-image-4922\" style=\"aspect-ratio: 2.0253164556962027; width: 561px; height: auto;\" src=\"https:\/\/i0.wp.com\/ismaelcolosi.com.br\/wp-content\/uploads\/2023\/11\/grupo-de-empregos-whatsapp-e-facebook-ismael-colosi-vagas.jpg?ssl=1\" alt=\"\" \/><\/a><\/p>\n<!-- \/wp:image -->\n<\/div>\n<p> <br \/>\n<\/p>\n<div id=\"\">&#13;<br \/>\n\t\t\t\t\t\t\t\t&#13;<\/p>\n<p>&#13;<br \/>\n\t\t\t\t\t\t\t\t\t<span class=\"entry-meta-item penci-posted-on\"><i class=\"fa fa-clock-o\"\/><time class=\"entry-date published\" datetime=\"2026-03-15T12:06:18-03:00\">15 de mar\u00e7o de 2026 12:06<\/time><time class=\"updated\" datetime=\"2026-03-14T17:05:40-03:00\">14 de mar\u00e7o de 2026 17:05<\/time><\/span><span class=\"entry-meta-item penci-post-countview\"\/>\t\t\t\t\t\t\t\t<\/p>\n<p><!-- .entry-meta -->&#13;<br \/>\n\t\t\t\t\t\t\t\t<span class=\"penci-social-buttons penci-social-share-footer\"><span class=\"penci-social-share-text\">Compartilhar<\/span><a href=\"#\" class=\"penci-post-like penci_post-meta_item  single-like-button penci-social-item like\" data-post_id=\"457407\" title=\"Like\" data-like=\"Like\" data-unlike=\"Unlike\"><i class=\"fa fa-thumbs-o-up\"\/><span class=\"penci-share-number\">0<\/span><\/a><i class=\"fa fa-facebook\"\/><a class=\"penci-social-item twitter\" target=\"_blank\" rel=\"noopener\" title=\"\" href=\"https:\/\/twitter.com\/intent\/tweet?text=Teatro%20Municipal%20recebe%20dois%20espet\u00e1culos%20infantis%20neste%20domingo%20-%20https:\/\/www.tribunaribeirao.com.br\/teatro-municipal-recebe-dois-espetaculos-infantis-neste-domingo\/\"><i class=\"fa fa-twitter\"\/><\/a><i class=\"fa fa-linkedin\"\/><i class=\"fa fa-whatsapp\"\/><i class=\"fa fa-telegram\"\/><i class=\"fa fa-envelope\"\/><\/span>\t\t\t\t\t\t\t<\/div>\n<div>\n<p>O Teatro Municipal de Ribeir\u00e3o Preto recebe neste domingo (15) duas apresenta\u00e7\u00f5es voltadas ao p\u00fablico infantil: \u201cO Casamento da Dona Baratinha\u201d, \u00e0s 11h, e o musical \u201cOs Tr\u00eas Porquinhos\u201d, \u00e0s 16h. As duas montagens t\u00eam dire\u00e7\u00e3o de Ant\u00f4nio Veiga e integram a programa\u00e7\u00e3o cultural dedicada \u00e0s fam\u00edlias na cidade.<\/p>\n<p>Na primeira sess\u00e3o do dia, a pe\u00e7a \u201cO Casamento da Dona Baratinha\u201d apresenta uma adapta\u00e7\u00e3o teatral da tradicional f\u00e1bula infantil com abordagem contempor\u00e2nea. A hist\u00f3ria acompanha a personagem que, ap\u00f3s herdar os bens da tia Baratonilda, decide procurar um marido participando de um programa de televis\u00e3o. Diversos pretendentes aparecem, vindos de diferentes regi\u00f5es do pa\u00eds, at\u00e9 que ela escolhe o ratinho, considerado educado e discreto. A situa\u00e7\u00e3o muda quando o noivo foge com a cozinheira respons\u00e1vel pela feijoada preparada para a festa, levando a protagonista a refletir sobre valores como amor, dinheiro e escolhas pessoais.<\/p>\n<figure id=\"attachment_457409\" aria-describedby=\"caption-attachment-457409\" style=\"width: 307px\" class=\"wp-caption alignleft\"><img data-recalc-dims=\"1\" loading=\"lazy\" decoding=\"async\" class=\"wp-image-457409 lazyload\" src=\"https:\/\/i0.wp.com\/www.tribunaribeirao.com.br\/wp-content\/uploads\/2026\/03\/1-casamento-300x286.jpg?resize=307%2C293&#038;ssl=1\" alt=\"\" width=\"307\" height=\"293\" srcset=\"https:\/\/www.tribunaribeirao.com.br\/wp-content\/uploads\/2026\/03\/1-casamento-300x286.jpg 300w, https:\/\/www.tribunaribeirao.com.br\/wp-content\/uploads\/2026\/03\/1-casamento-768x732.jpg 768w, https:\/\/www.tribunaribeirao.com.br\/wp-content\/uploads\/2026\/03\/1-casamento-960x915.jpg 960w, https:\/\/www.tribunaribeirao.com.br\/wp-content\/uploads\/2026\/03\/1-casamento-420x400.jpg 420w, https:\/\/www.tribunaribeirao.com.br\/wp-content\/uploads\/2026\/03\/1-casamento-585x558.jpg 585w, https:\/\/www.tribunaribeirao.com.br\/wp-content\/uploads\/2026\/03\/1-casamento.jpg 818w\" data-sizes=\"(max-width: 307px) 100vw, 307px\" style=\"--smush-placeholder-width: 307px; --smush-placeholder-aspect-ratio: 307\/293;\"\/><figcaption id=\"caption-attachment-457409\" class=\"wp-caption-text\">\u201cO Casamento da Dona Baratinha\u201d apresenta uma adapta\u00e7\u00e3o teatral da tradicional f\u00e1bula infantil com abordagem contempor\u00e2nea | Divulga\u00e7\u00e3o<\/figcaption><\/figure>\n<p>O espet\u00e1culo conta com Vivi Reis, Brunno Brunelli, Nen\u00ea Alcantara e Antonio Veiga no elenco.<\/p>\n<p>J\u00e1 \u00e0 tarde, o p\u00fablico acompanha o musical infantil \u201cOs Tr\u00eas Porquinhos\u201d, baseado no conto popular que atravessa gera\u00e7\u00f5es. Na adapta\u00e7\u00e3o dirigida por Antonio Veiga, os personagens Heitor, C\u00edcero e Pr\u00e1tico decidem construir suas casas de maneiras diferentes. Enquanto os dois primeiros optam por solu\u00e7\u00f5es mais r\u00e1pidas, o terceiro escolhe uma constru\u00e7\u00e3o s\u00f3lida, que acaba se mostrando a \u00fanica capaz de resistir \u00e0s tentativas do lobo de derrub\u00e1-la.<\/p>\n<p>A hist\u00f3ria, conhecida do p\u00fablico infantil, combina humor e m\u00fasica para transmitir valores como responsabilidade, prud\u00eancia e coopera\u00e7\u00e3o.<\/p>\n<p>O elenco do musical re\u00fane Walter Navarro, Nen\u00ea Alcantara, Gesmar Nunes e Guilherme Medeiros.<\/p>\n<p>\u00a0<\/p>\n<h3><strong>Servi\u00e7o<\/strong><\/h3>\n<p><strong>O Casamento da Dona Baratinha<br \/><\/strong>Hor\u00e1rio: 11h<\/p>\n<p><strong>Os Tr\u00eas Porquinhos<br \/><\/strong>Hor\u00e1rio: 16h<\/p>\n<p>Local: Teatro Municipal de Ribeir\u00e3o Preto<br \/>Ingressos: megabilheteria.com<\/p>\n<p>Valores:<br \/>R$ 60 (inteira)<br \/>R$ 30 (meia-entrada)<\/p>\n<\/div>\n<p><script async src=\"\/\/platform.twitter.com\/widgets.js\" charset=\"utf-8\"><\/script><br \/>\n<br \/><br \/>\n<br \/><a href=\"https:\/\/www.tribunaribeirao.com.br\/teatro-municipal-recebe-dois-espetaculos-infantis-neste-domingo\/\">Source link <\/a><\/p>\n<!-- CONTENT END 1 -->\n","protected":false},"excerpt":{"rendered":"<p>&#13; &#13; &#13; 15 de mar\u00e7o de 2026 12:0614 de mar\u00e7o de 2026 17:05 &#13; Compartilhar0 O Teatro Municipal de Ribeir\u00e3o Preto recebe neste domingo&#8230;<\/p>\n","protected":false},"author":1,"featured_media":83301,"comment_status":"open","ping_status":"open","sticky":false,"template":"","format":"standard","meta":{"advanced_seo_description":"","jetpack_seo_html_title":"","jetpack_seo_noindex":false,"jetpack_post_was_ever_published":false,"_jetpack_newsletter_access":"","_jetpack_dont_email_post_to_subs":false,"_jetpack_newsletter_tier_id":0,"_jetpack_memberships_contains_paywalled_content":false,"_jetpack_memberships_contains_paid_content":false,"footnotes":"","jetpack_publicize_message":"","jetpack_publicize_feature_enabled":true,"jetpack_social_post_already_shared":true,"jetpack_social_options":{"image_generator_settings":{"template":"highway","default_image_id":0,"font":"","enabled":false},"version":2}},"categories":[11],"tags":[],"class_list":["post-83300","post","type-post","status-publish","format-standard","has-post-thumbnail","hentry","category-noticias-de-ribeirao-preto-sp-e-regiao-ismael-colosi"],"jetpack_publicize_connections":[],"jetpack_featured_media_url":"https:\/\/i0.wp.com\/noticiasribeiraopreto.com.br\/wp-content\/uploads\/2026\/03\/1-os-3-porquinhos.jpg?fit=1040%2C780&ssl=1","jetpack-related-posts":[{"id":83473,"url":"https:\/\/noticiasribeiraopreto.com.br\/index.php\/2026\/03\/19\/bolsa-familia-atende-19-999-familias-na-cidade\/","url_meta":{"origin":83300,"position":0},"title":"Bolsa Fam\u00edlia atende 19.999\u2028 fam\u00edlias na cidade","author":"noticiasribeiraopreto.com.br","date":"19 de March de 2026","format":false,"excerpt":"\r \r \r 19 de mar\u00e7o de 2026 06:2419 de mar\u00e7o de 2026 06:28 \r Compartilhar0 O pagamento do Bolsa Fam\u00edlia come\u00e7ou nesta quarta-feira, 18 de mar\u00e7o, e segue at\u00e9 o dia 31, conforme o \u00faltimo d\u00edgito do N\u00famero de Identifica\u00e7\u00e3o Social (NIS) de cada benefici\u00e1rio. Neste m\u00eas, o programa\u2026","rel":"","context":"In &quot;Not\u00edcias de Ribeir\u00e3o Preto-SP e Regi\u00e3o&quot;","block_context":{"text":"Not\u00edcias de Ribeir\u00e3o Preto-SP e Regi\u00e3o","link":"https:\/\/noticiasribeiraopreto.com.br\/index.php\/category\/noticias-de-ribeirao-preto-sp-e-regiao-ismael-colosi\/"},"img":{"alt_text":"","src":"https:\/\/i0.wp.com\/noticiasribeiraopreto.com.br\/wp-content\/uploads\/2026\/03\/Bolsa-Lyon-Santos-MDS.jpg?fit=768%2C512&ssl=1&resize=350%2C200","width":350,"height":200,"srcset":"https:\/\/i0.wp.com\/noticiasribeiraopreto.com.br\/wp-content\/uploads\/2026\/03\/Bolsa-Lyon-Santos-MDS.jpg?fit=768%2C512&ssl=1&resize=350%2C200 1x, https:\/\/i0.wp.com\/noticiasribeiraopreto.com.br\/wp-content\/uploads\/2026\/03\/Bolsa-Lyon-Santos-MDS.jpg?fit=768%2C512&ssl=1&resize=525%2C300 1.5x, https:\/\/i0.wp.com\/noticiasribeiraopreto.com.br\/wp-content\/uploads\/2026\/03\/Bolsa-Lyon-Santos-MDS.jpg?fit=768%2C512&ssl=1&resize=700%2C400 2x"},"classes":[]},{"id":80723,"url":"https:\/\/noticiasribeiraopreto.com.br\/index.php\/2025\/12\/12\/comercial-conhece-tabela-da-1a-fase-do-paulistao-a4-2026-confira\/","url_meta":{"origin":83300,"position":1},"title":"Comercial conhece tabela da 1\u00aa fase do Paulist\u00e3o A4 2026; Confira","author":"noticiasribeiraopreto.com.br","date":"12 de December de 2025","format":false,"excerpt":"A tabela b\u00e1sica de jogos do Paulist\u00e3o A4 2026 est\u00e1 definida. O Comercial estreia contra o Ecus, fora de casa \u2013 veja a tabela abaixo. A competi\u00e7\u00e3o tem in\u00edcio no primeiro final de semana de fevereiro e a decis\u00e3o est\u00e1 prevista para o dia 10 de maio. Regulamento Com a\u2026","rel":"","context":"In &quot;Not\u00edcias de Ribeir\u00e3o Preto-SP e Regi\u00e3o&quot;","block_context":{"text":"Not\u00edcias de Ribeir\u00e3o Preto-SP e Regi\u00e3o","link":"https:\/\/noticiasribeiraopreto.com.br\/index.php\/category\/noticias-de-ribeirao-preto-sp-e-regiao-ismael-colosi\/"},"img":{"alt_text":"","src":"https:\/\/i0.wp.com\/noticiasribeiraopreto.com.br\/wp-content\/uploads\/2025\/12\/roberval_2025-12-11_21-03-39.webp.webp?fit=1200%2C903&ssl=1&resize=350%2C200","width":350,"height":200,"srcset":"https:\/\/i0.wp.com\/noticiasribeiraopreto.com.br\/wp-content\/uploads\/2025\/12\/roberval_2025-12-11_21-03-39.webp.webp?fit=1200%2C903&ssl=1&resize=350%2C200 1x, https:\/\/i0.wp.com\/noticiasribeiraopreto.com.br\/wp-content\/uploads\/2025\/12\/roberval_2025-12-11_21-03-39.webp.webp?fit=1200%2C903&ssl=1&resize=525%2C300 1.5x, https:\/\/i0.wp.com\/noticiasribeiraopreto.com.br\/wp-content\/uploads\/2025\/12\/roberval_2025-12-11_21-03-39.webp.webp?fit=1200%2C903&ssl=1&resize=700%2C400 2x, https:\/\/i0.wp.com\/noticiasribeiraopreto.com.br\/wp-content\/uploads\/2025\/12\/roberval_2025-12-11_21-03-39.webp.webp?fit=1200%2C903&ssl=1&resize=1050%2C600 3x"},"classes":[]},{"id":85093,"url":"https:\/\/noticiasribeiraopreto.com.br\/index.php\/2026\/04\/21\/preco-medio-do-frete-sobe-336-em-marco\/","url_meta":{"origin":83300,"position":2},"title":"Pre\u00e7o m\u00e9dio do frete \u2028sobe 3,36% em mar\u00e7o","author":"noticiasribeiraopreto.com.br","date":"21 de April de 2026","format":false,"excerpt":"\r \r \r 21 de abril de 2026 14:2321 de abril de 2026 11:25 \r Compartilhar0 O pre\u00e7o m\u00e9dio do frete rodovi\u00e1rio por quil\u00f4metro rodado no Brasil fechou mar\u00e7o em R$ 7,99, alta de 3,36% em rela\u00e7\u00e3o a fevereiro (R$ 7,73), segundo a mais recente an\u00e1lise do \u00cdndice de Frete\u2026","rel":"","context":"In &quot;Not\u00edcias de Ribeir\u00e3o Preto-SP e Regi\u00e3o&quot;","block_context":{"text":"Not\u00edcias de Ribeir\u00e3o Preto-SP e Regi\u00e3o","link":"https:\/\/noticiasribeiraopreto.com.br\/index.php\/category\/noticias-de-ribeirao-preto-sp-e-regiao-ismael-colosi\/"},"img":{"alt_text":"","src":"https:\/\/i0.wp.com\/noticiasribeiraopreto.com.br\/wp-content\/uploads\/2026\/04\/Frete-Paulo-Whitaker-Reuters.jpg?fit=1170%2C700&ssl=1&resize=350%2C200","width":350,"height":200,"srcset":"https:\/\/i0.wp.com\/noticiasribeiraopreto.com.br\/wp-content\/uploads\/2026\/04\/Frete-Paulo-Whitaker-Reuters.jpg?fit=1170%2C700&ssl=1&resize=350%2C200 1x, https:\/\/i0.wp.com\/noticiasribeiraopreto.com.br\/wp-content\/uploads\/2026\/04\/Frete-Paulo-Whitaker-Reuters.jpg?fit=1170%2C700&ssl=1&resize=525%2C300 1.5x, https:\/\/i0.wp.com\/noticiasribeiraopreto.com.br\/wp-content\/uploads\/2026\/04\/Frete-Paulo-Whitaker-Reuters.jpg?fit=1170%2C700&ssl=1&resize=700%2C400 2x, https:\/\/i0.wp.com\/noticiasribeiraopreto.com.br\/wp-content\/uploads\/2026\/04\/Frete-Paulo-Whitaker-Reuters.jpg?fit=1170%2C700&ssl=1&resize=1050%2C600 3x"},"classes":[]},{"id":84600,"url":"https:\/\/noticiasribeiraopreto.com.br\/index.php\/2026\/04\/13\/financiamento-de-veiculos-cresce-128-no-trimestre\/","url_meta":{"origin":83300,"position":3},"title":"Financiamento de ve\u00edculos cresce 12,8% no trimestre","author":"noticiasribeiraopreto.com.br","date":"13 de April de 2026","format":false,"excerpt":"As vendas financiadas de ve\u00edculos cresceram 12,8% no primeiro trimestre de 2026 na compara\u00e7\u00e3o com o mesmo per\u00edodo do ano passado. Ao todo foram concedidos cr\u00e9ditos na compra de 1,89 milh\u00e3o de unidades. A soma inclui autom\u00f3veis leves, motos e ve\u00edculos pesados, considerando novos e usados. Segundo o balan\u00e7o feito\u2026","rel":"","context":"In &quot;Not\u00edcias de Ribeir\u00e3o Preto-SP e Regi\u00e3o&quot;","block_context":{"text":"Not\u00edcias de Ribeir\u00e3o Preto-SP e Regi\u00e3o","link":"https:\/\/noticiasribeiraopreto.com.br\/index.php\/category\/noticias-de-ribeirao-preto-sp-e-regiao-ismael-colosi\/"},"img":{"alt_text":"","src":"https:\/\/i0.wp.com\/noticiasribeiraopreto.com.br\/wp-content\/uploads\/2026\/04\/1500mc_0062.jpg?fit=1170%2C700&ssl=1&resize=350%2C200","width":350,"height":200,"srcset":"https:\/\/i0.wp.com\/noticiasribeiraopreto.com.br\/wp-content\/uploads\/2026\/04\/1500mc_0062.jpg?fit=1170%2C700&ssl=1&resize=350%2C200 1x, https:\/\/i0.wp.com\/noticiasribeiraopreto.com.br\/wp-content\/uploads\/2026\/04\/1500mc_0062.jpg?fit=1170%2C700&ssl=1&resize=525%2C300 1.5x, https:\/\/i0.wp.com\/noticiasribeiraopreto.com.br\/wp-content\/uploads\/2026\/04\/1500mc_0062.jpg?fit=1170%2C700&ssl=1&resize=700%2C400 2x, https:\/\/i0.wp.com\/noticiasribeiraopreto.com.br\/wp-content\/uploads\/2026\/04\/1500mc_0062.jpg?fit=1170%2C700&ssl=1&resize=1050%2C600 3x"},"classes":[]},{"id":83630,"url":"https:\/\/noticiasribeiraopreto.com.br\/index.php\/2026\/03\/22\/saiba-a-previsao-do-tempo-para-ribeirao-preto-nos-proximos-7-dias\/","url_meta":{"origin":83300,"position":4},"title":"Saiba a previs\u00e3o do tempo para Ribeir\u00e3o Preto nos pr\u00f3ximos 7 dias","author":"noticiasribeiraopreto.com.br","date":"22 de March de 2026","format":false,"excerpt":"A semana deve come\u00e7ar em Ribeir\u00e3o Preto com possibilidade de pancadas de chuva no final da tarde, segundo a Climatempo. Contudo, os meteorologistas apontam que, a partir do final da pr\u00f3xima semana, o tempo deve permanecer firme na cidade. Veja a previs\u00e3o do tempo Segunda-feira, 23 de mar\u00e7o M\u00e1xima: 30\u00b0\u2026","rel":"","context":"In &quot;Not\u00edcias de Ribeir\u00e3o Preto-SP e Regi\u00e3o&quot;","block_context":{"text":"Not\u00edcias de Ribeir\u00e3o Preto-SP e Regi\u00e3o","link":"https:\/\/noticiasribeiraopreto.com.br\/index.php\/category\/noticias-de-ribeirao-preto-sp-e-regiao-ismael-colosi\/"},"img":{"alt_text":"","src":"https:\/\/i0.wp.com\/noticiasribeiraopreto.com.br\/wp-content\/uploads\/2026\/03\/WhatsApp-Image-2026-01-21-at-05.57.30_2026-01-21_09-40-11-e1768988461559.webp.webp?fit=834%2C553&ssl=1&resize=350%2C200","width":350,"height":200,"srcset":"https:\/\/i0.wp.com\/noticiasribeiraopreto.com.br\/wp-content\/uploads\/2026\/03\/WhatsApp-Image-2026-01-21-at-05.57.30_2026-01-21_09-40-11-e1768988461559.webp.webp?fit=834%2C553&ssl=1&resize=350%2C200 1x, https:\/\/i0.wp.com\/noticiasribeiraopreto.com.br\/wp-content\/uploads\/2026\/03\/WhatsApp-Image-2026-01-21-at-05.57.30_2026-01-21_09-40-11-e1768988461559.webp.webp?fit=834%2C553&ssl=1&resize=525%2C300 1.5x, https:\/\/i0.wp.com\/noticiasribeiraopreto.com.br\/wp-content\/uploads\/2026\/03\/WhatsApp-Image-2026-01-21-at-05.57.30_2026-01-21_09-40-11-e1768988461559.webp.webp?fit=834%2C553&ssl=1&resize=700%2C400 2x"},"classes":[]},{"id":85220,"url":"https:\/\/noticiasribeiraopreto.com.br\/index.php\/2026\/04\/25\/inadimplencia-bate-recordes-em-rp\/","url_meta":{"origin":83300,"position":5},"title":"Inadimpl\u00eancia bate recordes em RP","author":"noticiasribeiraopreto.com.br","date":"25 de April de 2026","format":false,"excerpt":"Ribeir\u00e3o Preto fechou o ano passado com 318.910 inadimplentes em dezembro e abriu 2026 com 320.599 em janeiro, mas este n\u00famero saltou a 321.888 em fevereiro e disparou para 326.656 no m\u00eas de mar\u00e7o, 4.768 a mais, crescimento de 1,48% e novo recorde hist\u00f3rico da s\u00e9rie divulgada mensalmente pela Serasa\u2026","rel":"","context":"In &quot;Not\u00edcias de Ribeir\u00e3o Preto-SP e Regi\u00e3o&quot;","block_context":{"text":"Not\u00edcias de Ribeir\u00e3o Preto-SP e Regi\u00e3o","link":"https:\/\/noticiasribeiraopreto.com.br\/index.php\/category\/noticias-de-ribeirao-preto-sp-e-regiao-ismael-colosi\/"},"img":{"alt_text":"","src":"https:\/\/i0.wp.com\/noticiasribeiraopreto.com.br\/wp-content\/uploads\/2026\/04\/Calote-Divulgacao-Receita-Federal.jpg?fit=1170%2C700&ssl=1&resize=350%2C200","width":350,"height":200,"srcset":"https:\/\/i0.wp.com\/noticiasribeiraopreto.com.br\/wp-content\/uploads\/2026\/04\/Calote-Divulgacao-Receita-Federal.jpg?fit=1170%2C700&ssl=1&resize=350%2C200 1x, https:\/\/i0.wp.com\/noticiasribeiraopreto.com.br\/wp-content\/uploads\/2026\/04\/Calote-Divulgacao-Receita-Federal.jpg?fit=1170%2C700&ssl=1&resize=525%2C300 1.5x, https:\/\/i0.wp.com\/noticiasribeiraopreto.com.br\/wp-content\/uploads\/2026\/04\/Calote-Divulgacao-Receita-Federal.jpg?fit=1170%2C700&ssl=1&resize=700%2C400 2x, https:\/\/i0.wp.com\/noticiasribeiraopreto.com.br\/wp-content\/uploads\/2026\/04\/Calote-Divulgacao-Receita-Federal.jpg?fit=1170%2C700&ssl=1&resize=1050%2C600 3x"},"classes":[]}],"jetpack_sharing_enabled":true,"jetpack_shortlink":"https:\/\/wp.me\/peQAOb-lFy","_links":{"self":[{"href":"https:\/\/noticiasribeiraopreto.com.br\/index.php\/wp-json\/wp\/v2\/posts\/83300","targetHints":{"allow":["GET"]}}],"collection":[{"href":"https:\/\/noticiasribeiraopreto.com.br\/index.php\/wp-json\/wp\/v2\/posts"}],"about":[{"href":"https:\/\/noticiasribeiraopreto.com.br\/index.php\/wp-json\/wp\/v2\/types\/post"}],"author":[{"embeddable":true,"href":"https:\/\/noticiasribeiraopreto.com.br\/index.php\/wp-json\/wp\/v2\/users\/1"}],"replies":[{"embeddable":true,"href":"https:\/\/noticiasribeiraopreto.com.br\/index.php\/wp-json\/wp\/v2\/comments?post=83300"}],"version-history":[{"count":0,"href":"https:\/\/noticiasribeiraopreto.com.br\/index.php\/wp-json\/wp\/v2\/posts\/83300\/revisions"}],"wp:featuredmedia":[{"embeddable":true,"href":"https:\/\/noticiasribeiraopreto.com.br\/index.php\/wp-json\/wp\/v2\/media\/83301"}],"wp:attachment":[{"href":"https:\/\/noticiasribeiraopreto.com.br\/index.php\/wp-json\/wp\/v2\/media?parent=83300"}],"wp:term":[{"taxonomy":"category","embeddable":true,"href":"https:\/\/noticiasribeiraopreto.com.br\/index.php\/wp-json\/wp\/v2\/categories?post=83300"},{"taxonomy":"post_tag","embeddable":true,"href":"https:\/\/noticiasribeiraopreto.com.br\/index.php\/wp-json\/wp\/v2\/tags?post=83300"}],"curies":[{"name":"wp","href":"https:\/\/api.w.org\/{rel}","templated":true}]}}