{"id":83302,"date":"2026-03-15T14:06:23","date_gmt":"2026-03-15T17:06:23","guid":{"rendered":"https:\/\/noticiasribeiraopreto.com.br\/index.php\/2026\/03\/15\/declaracao-do-imposto-de-renda-2026-vai-comecar-saiba-quem-precisa-declarar-e-como-se-organizar\/"},"modified":"2026-03-15T14:06:23","modified_gmt":"2026-03-15T17:06:23","slug":"declaracao-do-imposto-de-renda-2026-vai-comecar-saiba-quem-precisa-declarar-e-como-se-organizar","status":"publish","type":"post","link":"https:\/\/noticiasribeiraopreto.com.br\/index.php\/2026\/03\/15\/declaracao-do-imposto-de-renda-2026-vai-comecar-saiba-quem-precisa-declarar-e-como-se-organizar\/","title":{"rendered":"Declara\u00e7\u00e3o do Imposto de Renda 2026 vai come\u00e7ar: saiba quem precisa declarar e como se organizar"},"content":{"rendered":"<div class='code-block code-block-1' style='margin: 8px 0 8px auto; text-align: right; display: block; clear: both;'>\n<p><a href=\"https:\/\/wa.link\/vpicfd\"><img data-recalc-dims=\"1\" class=\"wp-image-4922\" style=\"aspect-ratio: 2.0253164556962027; width: 561px; height: auto;\" src=\"https:\/\/i0.wp.com\/ismaelcolosi.com.br\/wp-content\/uploads\/2023\/11\/grupo-de-empregos-whatsapp-e-facebook-ismael-colosi-vagas.jpg?ssl=1\" alt=\"\" \/><\/a><\/p>\n<!-- \/wp:image -->\n<\/div>\n<p> <br \/>\n<\/p>\n<div>\n<p>A <strong>Receita Federal <\/strong>divulga nesta <strong>segunda-feira (16)<\/strong> as regras para a declara\u00e7\u00e3o do <strong>Imposto de Renda Pessoa F\u00edsica (IRPF) 2026<\/strong>.<\/p>\n<p>Apesar de o calend\u00e1rio oficial ainda n\u00e3o ter sido divulgado, a <strong>expectativa <\/strong>\u00e9 de que o prazo para entregar a declara\u00e7\u00e3o comece em 16 de maio e v\u00e1 at\u00e9 29 de maio, \u00faltimo dia \u00fatil do m\u00eas, como nos anos anteriores.<\/p>\n<p>Neste ano, a amplia\u00e7\u00e3o da faixa de isen\u00e7\u00e3o do <strong>Imposto de Renda<\/strong> para quem recebe at\u00e9<strong> R$ 5 mil por m\u00eas <\/strong>j\u00e1 est\u00e1 em vigor, mas isso gerou d\u00favidas entre os contribuintes sobre como declarar o imposto.<\/p>\n<p><mark style=\"background-color:#fcb900\" class=\"has-inline-color\">\u00c9 importante lembrar, no entanto, <strong>que a declara\u00e7\u00e3o entregue este ano se refere a 2025<\/strong>, ou seja, as regras permanecem as mesmas, como explica <strong>Alessandra Santana Camargo<\/strong>, coordenadora dos cursos de gest\u00e3o da Est\u00e1cio de Ribeir\u00e3o Preto.<\/mark><\/p>\n<figure class=\"wp-block-pullquote\">\n<blockquote>\n<p>A isen\u00e7\u00e3o at\u00e9 R$ 5 mil passa a valer para os rendimentos recebidos a partir de 2026. A declara\u00e7\u00e3o que ser\u00e1 entregue este ano considera os ganhos de 2025 e segue as regras anteriores<\/p>\n<p><cite>Alessandra Santana Camargo<\/cite><\/p><\/blockquote>\n<\/figure>\n<p>Mesmo com a novidade da isen\u00e7\u00e3o, \u00e9 fundamental entender quem precisa declarar neste ano e como se organizar para n\u00e3o ter problemas com a Receita Federal.<\/p>\n<p><em>\u203c\ufe0f<\/em> <em>Atualmente, o limite oficial de isen\u00e7\u00e3o do imposto \u00e9 de <strong>R$ 2.428,80 por m\u00eas<\/strong>. Com os ajustes aplicados na tabela, que criou dedu\u00e7\u00f5es adicionais, a isen\u00e7\u00e3o efetiva alcan\u00e7a <strong>rendimentos mensais de at\u00e9 R$ 3.036<\/strong>, valor equivalente a dois sal\u00e1rios m\u00ednimos em 2025.<\/em><\/p>\n<div class=\"wp-block-image\">\n<figure class=\"aligncenter size-full is-resized\"><img data-recalc-dims=\"1\" fetchpriority=\"high\" decoding=\"async\" width=\"1024\" height=\"575\" src=\"https:\/\/i0.wp.com\/cdn.media-acidadeon.com.br\/ribeiraopreto\/wp-content\/uploads\/sites\/3\/2025\/11\/novo_lote_1024x576_22072020125933_2025-11-26_20-09-13.webp?resize=1024%2C575&#038;ssl=1\" alt=\"Imposto de renda - Foto: Marcelo Casal \/ Ag\u00eancia Brasil\" class=\"wp-image-137298\" style=\"width:654px\" title=\"Declara\u00e7\u00e3o do Imposto de Renda 2026 vai come\u00e7ar: saiba quem precisa declarar e como se organizar 1\" srcset=\"https:\/\/cdn.media-acidadeon.com.br\/ribeiraopreto\/wp-content\/uploads\/sites\/3\/2025\/11\/novo_lote_1024x576_22072020125933_2025-11-26_20-09-13.webp 1024w, https:\/\/cdn.media-acidadeon.com.br\/ribeiraopreto\/wp-content\/uploads\/sites\/3\/2025\/11\/novo_lote_1024x576_22072020125933_2025-11-26_20-09-13-300x168.webp 300w, https:\/\/cdn.media-acidadeon.com.br\/ribeiraopreto\/wp-content\/uploads\/sites\/3\/2025\/11\/novo_lote_1024x576_22072020125933_2025-11-26_20-09-13-768x431.webp 768w, https:\/\/cdn.media-acidadeon.com.br\/ribeiraopreto\/wp-content\/uploads\/sites\/3\/2025\/11\/novo_lote_1024x576_22072020125933_2025-11-26_20-09-13-696x391.webp 696w\" sizes=\"(max-width: 1024px) 100vw, 1024px\"\/><figcaption class=\"wp-element-caption\">Imposto de renda \u2013 Foto: Marcelo Casal \/ Ag\u00eancia Brasil<\/figcaption><\/figure>\n<\/div>\n<h2 class=\"wp-block-heading\"><strong>Quem precisa declarar o imposto de renda?<\/strong><\/h2>\n<p>Com base nas regras aplicadas no \u00faltimo exerc\u00edcio fiscal, que n\u00e3o sofreram altera\u00e7\u00e3o neste ano,\u00a0<strong>devem apresentar a declara\u00e7\u00e3o os contribuintes que, em 2025<\/strong>:<\/p>\n<ul class=\"wp-block-list\">\n<li>Receberam rendimentos tribut\u00e1veis, como sal\u00e1rios, aposentadorias ou alugu\u00e9is, acima de R$ 33.888;<\/li>\n<\/ul>\n<ul class=\"wp-block-list\">\n<li>Obtiveram rendimentos isentos, n\u00e3o tribut\u00e1veis ou tributados exclusivamente na fonte superiores a R$ 200 mil;<\/li>\n<\/ul>\n<ul class=\"wp-block-list\">\n<li>Tiveram receita bruta de atividade rural acima de R$ 169.440;<\/li>\n<\/ul>\n<ul class=\"wp-block-list\">\n<li>Obtiveram ganho de capital na venda de bens ou direitos;<\/li>\n<\/ul>\n<ul class=\"wp-block-list\">\n<li>Fizeram opera\u00e7\u00f5es em bolsas de valores, mercadorias ou futuros com soma superior a R$ 40 mil;<\/li>\n<\/ul>\n<ul class=\"wp-block-list\">\n<li>Fizeram opera\u00e7\u00f5es de day trade (compra e venda na bolsa no mesmo dia) com lucro;<\/li>\n<\/ul>\n<ul class=\"wp-block-list\">\n<li>Venderam a\u00e7\u00f5es com lucro em meses com volume superior a R$ 20 mil;<\/li>\n<\/ul>\n<ul class=\"wp-block-list\">\n<li>Possu\u00edam bens ou direitos acima de R$ 800 mil em 31 de dezembro;<\/li>\n<\/ul>\n<ul class=\"wp-block-list\">\n<li>Tornaram-se residentes no Brasil ao longo de 2025;<\/li>\n<\/ul>\n<ul class=\"wp-block-list\">\n<li>Declararam bens ou participa\u00e7\u00f5es em entidades no exterior;<\/li>\n<\/ul>\n<ul class=\"wp-block-list\">\n<li>Foram titulares de\u00a0<em>trusts<\/em>\u00a0(empresas de investimento) no exterior;<\/li>\n<\/ul>\n<ul class=\"wp-block-list\">\n<li>Atualizaram bens no exterior a valor de mercado ou receberam rendimentos financeiros de entidades estrangeiras;<\/li>\n<\/ul>\n<ul class=\"wp-block-list\">\n<li>Optaram por isen\u00e7\u00e3o de ganho de capital na venda de im\u00f3vel residencial, desde que tenham reinvestido o valor em outro im\u00f3vel em 180 dias.<\/li>\n<\/ul>\n<blockquote class=\"instagram-media\" data-instgrm-permalink=\"https:\/\/www.instagram.com\/reel\/DTS75LIjvs7\/?utm_source=ig_embed&amp;utm_campaign=loading\" data-instgrm-version=\"14\" style=\" background:#FFF; border:0; border-radius:3px; box-shadow:0 0 1px 0 rgba(0,0,0,0.5),0 1px 10px 0 rgba(0,0,0,0.15); margin: 1px; max-width:540px; min-width:326px; padding:0; width:99.375%; width:-webkit-calc(100% - 2px); width:calc(100% - 2px);\"\/>\n<h2 class=\"wp-block-heading\"><strong>Documento necess\u00e1rios para declara\u00e7\u00e3o<\/strong><\/h2>\n<p>Para evitar a temida\u00a0<strong>malha fina<\/strong>, especialistas recomendam reunir os documentos comprobat\u00f3rios ainda no in\u00edcio do ano. Portanto, o contribuinte deve reunir documentos pessoais e comprovantes de renda e patrim\u00f4nio \u2013 veja abaixo.<\/p>\n<p>Um documento essencial para preencher a declara\u00e7\u00e3o \u00e9 o informe de rendimentos, que foi repassado por empregadores e pelo Instituto Nacional do Seguro Social (INSS) em fevereiro. O mesmo vale para as institui\u00e7\u00f5es financeiras, que eram obrigadas a enviar os rendimentos de aplica\u00e7\u00f5es e o saldo em contas at\u00e9 a mesma data.<\/p>\n<p>Caso n\u00e3o tenha recebido o documento, o contribuinte deve pedi-lo diretamente \u00e0 empresa ou utilizar a declara\u00e7\u00e3o pr\u00e9-preenchida dispon\u00edvel no sistema da Receita Federal a partir do primeiro dia de declara\u00e7\u00e3o.<\/p>\n<h3 class=\"wp-block-heading\"><strong>Documentos de identifica\u00e7\u00e3o<\/strong><\/h3>\n<ul class=\"wp-block-list\">\n<li>Documento oficial com CPF (RG ou CNH);<\/li>\n<\/ul>\n<ul class=\"wp-block-list\">\n<li>Comprovante de endere\u00e7o atualizado;<\/li>\n<\/ul>\n<ul class=\"wp-block-list\">\n<li>N\u00famero do t\u00edtulo de eleitor;<\/li>\n<\/ul>\n<ul class=\"wp-block-list\">\n<li>Recibo da declara\u00e7\u00e3o do ano anterior;<\/li>\n<\/ul>\n<ul class=\"wp-block-list\">\n<li>N\u00famero do PIS, NIT ou inscri\u00e7\u00e3o no INSS;<\/li>\n<\/ul>\n<ul class=\"wp-block-list\">\n<li>Dados de dependentes e alimentandos.<\/li>\n<\/ul>\n<h3 class=\"wp-block-heading\"><strong>Comprovantes de renda:<\/strong><\/h3>\n<ul class=\"wp-block-list\">\n<li>Informes de rendimentos do titular e dependentes;<\/li>\n<\/ul>\n<ul class=\"wp-block-list\">\n<li>Extratos banc\u00e1rios e de aplica\u00e7\u00f5es financeiras;<\/li>\n<\/ul>\n<ul class=\"wp-block-list\">\n<li>Relat\u00f3rios de alugu\u00e9is recebidos;<\/li>\n<\/ul>\n<ul class=\"wp-block-list\">\n<li>Informes de previd\u00eancia privada;<\/li>\n<\/ul>\n<ul class=\"wp-block-list\">\n<li>Rendimentos de programas de incentivo \u00e0 nota fiscal.<\/li>\n<\/ul>\n<h3 class=\"wp-block-heading\"><strong>Comprovantes de renda vari\u00e1vel:<\/strong><\/h3>\n<ul class=\"wp-block-list\">\n<li>Informes de rendimentos de investimentos.<\/li>\n<\/ul>\n<h2 class=\"wp-block-heading\"><strong>Restitui\u00e7\u00e3o<\/strong><\/h2>\n<p>Seguindo o padr\u00e3o dos \u00faltimos anos, o pagamento das restitui\u00e7\u00f5es deve come\u00e7ar no fim de maio. A expectativa \u00e9 que o primeiro lote seja liberado em 29 de maio, enquanto o quinto e \u00faltimo lote tende a ser pago em 30 de setembro.<\/p>\n<p><em>*Com informa\u00e7\u00f5es de Wellton M\u00e1ximo, Rep\u00f3rter da Ag\u00eancia Brasil<\/em><\/p>\n<figure class=\"wp-block-gallery has-nested-images columns-default is-cropped wp-block-gallery-1 is-layout-flex wp-block-gallery-is-layout-flex\">\n<figure class=\"wp-block-image size-large\"><img data-recalc-dims=\"1\" loading=\"lazy\" decoding=\"async\" width=\"1024\" height=\"613\" data-id=\"72424\" src=\"https:\/\/i0.wp.com\/cdn.media-acidadeon.com.br\/ribeiraopreto\/wp-content\/uploads\/sites\/3\/2024\/03\/imposto-de-renda-1024x613.webp?resize=1024%2C613&#038;ssl=1\" alt=\"Isen\u00e7\u00e3o do Imposto de Renda n\u00e3o altera regras para a declara\u00e7\u00e3o que deve ser entregue neste ano - Foto: Jo\u00e9dson Alves\/ Ag\u00eancia Brasil.\" class=\"wp-image-72424\" title=\"Declara\u00e7\u00e3o do Imposto de Renda 2026 vai come\u00e7ar: saiba quem precisa declarar e como se organizar 2\" srcset=\"https:\/\/cdn.media-acidadeon.com.br\/ribeiraopreto\/wp-content\/uploads\/sites\/3\/2024\/03\/imposto-de-renda-1024x613.webp 1024w, https:\/\/cdn.media-acidadeon.com.br\/ribeiraopreto\/wp-content\/uploads\/sites\/3\/2024\/03\/imposto-de-renda-300x179.webp 300w, https:\/\/cdn.media-acidadeon.com.br\/ribeiraopreto\/wp-content\/uploads\/sites\/3\/2024\/03\/imposto-de-renda-768x459.webp 768w, https:\/\/cdn.media-acidadeon.com.br\/ribeiraopreto\/wp-content\/uploads\/sites\/3\/2024\/03\/imposto-de-renda-696x416.webp 696w, https:\/\/cdn.media-acidadeon.com.br\/ribeiraopreto\/wp-content\/uploads\/sites\/3\/2024\/03\/imposto-de-renda-1068x639.webp 1068w, https:\/\/cdn.media-acidadeon.com.br\/ribeiraopreto\/wp-content\/uploads\/sites\/3\/2024\/03\/imposto-de-renda.webp 1170w\" sizes=\"auto, (max-width: 1024px) 100vw, 1024px\"\/><figcaption class=\"wp-element-caption\">Isen\u00e7\u00e3o do Imposto de Renda n\u00e3o altera regras para a declara\u00e7\u00e3o que deve ser entregue neste ano \u2013 Foto: Jo\u00e9dson Alves\/ Ag\u00eancia Brasil.<\/figcaption><\/figure>\n<figure class=\"wp-block-image size-large\"><img data-recalc-dims=\"1\" decoding=\"async\" data-id=\"50810\" src=\"https:\/\/i0.wp.com\/cdn.media-acidadeon.com.br\/ribeiraopreto\/wp-content\/uploads\/sites\/3\/2023\/09\/novo_lote_1024x576_22072020125933.jpg?ssl=1\" alt=\"Isen\u00e7\u00e3o do Imposto de Renda n\u00e3o altera regras para a declara\u00e7\u00e3o que deve ser entregue neste ano - Foto: Marcelo Casal \/ Ag\u00eancia Brasil\" class=\"wp-image-50810\" title=\"Declara\u00e7\u00e3o do Imposto de Renda 2026 vai come\u00e7ar: saiba quem precisa declarar e como se organizar 3\"\/><figcaption class=\"wp-element-caption\">Isen\u00e7\u00e3o do Imposto de Renda n\u00e3o altera regras para a declara\u00e7\u00e3o que deve ser entregue neste ano \u2013 Foto: Marcelo Casal \/ Ag\u00eancia Brasil<\/figcaption><\/figure>\n<figure class=\"wp-block-image size-large\"><img data-recalc-dims=\"1\" decoding=\"async\" data-id=\"32520\" src=\"https:\/\/i0.wp.com\/cdn.media-acidadeon.com.br\/ribeiraopreto\/wp-content\/uploads\/sites\/3\/2023\/08\/20220619_034903522_dinheiro_brasileiro_1200x675_01042022141012.jpg?ssl=1\" alt=\"Isen\u00e7\u00e3o do Imposto de Renda n\u00e3o altera regras para a declara\u00e7\u00e3o que deve ser entregue neste ano - Foto: divulga\u00e7\u00e3o.\" class=\"wp-image-32520\" title=\"Declara\u00e7\u00e3o do Imposto de Renda 2026 vai come\u00e7ar: saiba quem precisa declarar e como se organizar 4\"\/><figcaption class=\"wp-element-caption\">Isen\u00e7\u00e3o do Imposto de Renda n\u00e3o altera regras para a declara\u00e7\u00e3o que deve ser entregue neste ano \u2013 Foto: divulga\u00e7\u00e3o.<\/figcaption><\/figure>\n<\/figure>\n<hr class=\"wp-block-separator has-alpha-channel-opacity\"\/>\n<p>SAIBA MAIS<\/p>\n<p>Pol\u00edcia Militar abre concurso com 36 vagas e sal\u00e1rios de R$ 9,8 mil; Veja como se inscrever<\/p>\n<h3 class=\"wp-block-heading\"><strong>FIQUE ON<\/strong><\/h3>\n<p>Fique ligado em tudo que acontece em Ribeir\u00e3o Preto e regi\u00e3o. Siga os perfis do\u00a0<strong>acidade on<\/strong>\u00a0no\u00a0<a href=\"https:\/\/www.instagram.com\/acidadeonribeirao\" target=\"_blank\" rel=\"noreferrer noopener\">Instagram<\/a>\u00a0e no<a href=\"https:\/\/www.facebook.com\/acidadeonribeirao\/\" target=\"_blank\" rel=\"noreferrer noopener\">\u00a0Facebook<\/a>.<\/p>\n<p>Receba not\u00edcias do\u00a0<strong>acidade on<\/strong>\u00a0no WhatsApp. Para entrar no grupo,\u00a0basta\u00a0<a href=\"https:\/\/whatsapp.com\/channel\/0029Vb6IQl1JENyAeS57fk2p\" target=\"_blank\" rel=\"noreferrer noopener\">clicar aqui<\/a>. Ou, acesse o nosso\u00a0Canal\u00a0<a href=\"https:\/\/chat.whatsapp.com\/GFH9HUMUTHNFJdnyEd0xxq\" target=\"_blank\" rel=\"noreferrer noopener\">clicando aqui<\/a>.<\/p>\n<p>Fa\u00e7a uma den\u00fancia ou sugira uma reportagem sobre Ribeir\u00e3o Preto e regi\u00e3o pelo WhatsApp: 16 99117 7802.<\/p>\n<p>VEJA TAMB\u00c9M<\/p>\n<p><!-- AI CONTENT END 1 -->\n<\/div>\n<p><script async src=\"\/\/www.instagram.com\/embed.js\"><\/script><br \/>\n<br \/><br \/>\n<br \/><a href=\"https:\/\/www.acidadeon.com\/ribeiraopreto\/economia\/declaracao-do-imposto-de-renda-2026-vai-comecar-saiba-quem-precisa-declarar-e-como-se-organizar\/\">Source link <\/a><\/p>\n<!-- CONTENT END 1 -->\n","protected":false},"excerpt":{"rendered":"<p>A Receita Federal divulga nesta segunda-feira (16) as regras para a declara\u00e7\u00e3o do Imposto de Renda Pessoa F\u00edsica (IRPF) 2026. Apesar de o calend\u00e1rio oficial&#8230;<\/p>\n","protected":false},"author":1,"featured_media":81466,"comment_status":"open","ping_status":"open","sticky":false,"template":"","format":"standard","meta":{"advanced_seo_description":"","jetpack_seo_html_title":"","jetpack_seo_noindex":false,"jetpack_post_was_ever_published":false,"_jetpack_newsletter_access":"","_jetpack_dont_email_post_to_subs":false,"_jetpack_newsletter_tier_id":0,"_jetpack_memberships_contains_paywalled_content":false,"_jetpack_memberships_contains_paid_content":false,"footnotes":"","jetpack_publicize_message":"","jetpack_publicize_feature_enabled":true,"jetpack_social_post_already_shared":true,"jetpack_social_options":{"image_generator_settings":{"template":"highway","default_image_id":0,"font":"","enabled":false},"version":2}},"categories":[11],"tags":[],"class_list":["post-83302","post","type-post","status-publish","format-standard","has-post-thumbnail","hentry","category-noticias-de-ribeirao-preto-sp-e-regiao-ismael-colosi"],"jetpack_publicize_connections":[],"jetpack_featured_media_url":"https:\/\/i0.wp.com\/noticiasribeiraopreto.com.br\/wp-content\/uploads\/2026\/01\/mg_7893.webp.webp?fit=1170%2C700&ssl=1","jetpack-related-posts":[{"id":65676,"url":"https:\/\/noticiasribeiraopreto.com.br\/index.php\/2025\/03\/23\/quem-precisa-declarar-o-imposto-de-renda-em-2025\/","url_meta":{"origin":83302,"position":0},"title":"Quem precisa declarar o Imposto de Renda em 2025?","author":"noticiasribeiraopreto.com.br","date":"23 de March de 2025","format":false,"excerpt":"Quem precisa declarar o Imposto de Renda em 2025: Rendimentos tribut\u00e1veis acima de R$ 33.888: Quem recebeu rendimentos como sal\u00e1rios, aposentadorias ou pens\u00f5es que, somados, ultrapassaram R$ 33.888 em 2024. Rendimentos isentos ou tributados exclusivamente na fonte superiores a R$ 200 mil: Inclui, por exemplo, rendimentos de poupan\u00e7a ou indeniza\u00e7\u00f5es.\u200b\u2026","rel":"","context":"In &quot;Not\u00edcias de Ribeir\u00e3o Preto-SP e Regi\u00e3o&quot;","block_context":{"text":"Not\u00edcias de Ribeir\u00e3o Preto-SP e Regi\u00e3o","link":"https:\/\/noticiasribeiraopreto.com.br\/index.php\/category\/noticias-de-ribeirao-preto-sp-e-regiao-ismael-colosi\/"},"img":{"alt_text":"","src":"https:\/\/i0.wp.com\/noticiasribeiraopreto.com.br\/wp-content\/uploads\/2025\/03\/mg_7893.webp.webp?fit=1170%2C700&ssl=1&resize=350%2C200","width":350,"height":200,"srcset":"https:\/\/i0.wp.com\/noticiasribeiraopreto.com.br\/wp-content\/uploads\/2025\/03\/mg_7893.webp.webp?fit=1170%2C700&ssl=1&resize=350%2C200 1x, https:\/\/i0.wp.com\/noticiasribeiraopreto.com.br\/wp-content\/uploads\/2025\/03\/mg_7893.webp.webp?fit=1170%2C700&ssl=1&resize=525%2C300 1.5x, https:\/\/i0.wp.com\/noticiasribeiraopreto.com.br\/wp-content\/uploads\/2025\/03\/mg_7893.webp.webp?fit=1170%2C700&ssl=1&resize=700%2C400 2x, https:\/\/i0.wp.com\/noticiasribeiraopreto.com.br\/wp-content\/uploads\/2025\/03\/mg_7893.webp.webp?fit=1170%2C700&ssl=1&resize=1050%2C600 3x"},"classes":[]},{"id":18421,"url":"https:\/\/noticiasribeiraopreto.com.br\/index.php\/2023\/12\/20\/emprestimo-paga-imposto-de-renda-saiba-como-declarar-em-7-passos\/","url_meta":{"origin":83302,"position":1},"title":"Empr\u00e9stimo Paga Imposto de Renda? Saiba Como Declarar em 7 Passos","author":"noticiasribeiraopreto.com.br","date":"20 de December de 2023","format":false,"excerpt":"Voc\u00ea j\u00e1 se perguntou se o empr\u00e9stimo que voc\u00ea fez precisa ser declarado no Imposto de Renda? A rela\u00e7\u00e3o entre empr\u00e9stimos e imposto de renda pode ser um territ\u00f3rio nebuloso para muitos contribuintes, mas n\u00e3o se preocupe. Este guia abrangente ir\u00e1 desvendar os mist\u00e9rios, fornecendo respostas claras sobre se empr\u00e9stimo\u2026","rel":"","context":"In &quot;Dinheiro e Investimento&quot;","block_context":{"text":"Dinheiro e Investimento","link":"https:\/\/noticiasribeiraopreto.com.br\/index.php\/category\/dinheiro-e-investimento-como-fazer-como-ganhar\/"},"img":{"alt_text":"","src":"https:\/\/i0.wp.com\/noticiasribeiraopreto.com.br\/wp-content\/uploads\/2023\/12\/emprestimo-paga-imposto-de-renda1.jpg?fit=1000%2C667&ssl=1&resize=350%2C200","width":350,"height":200,"srcset":"https:\/\/i0.wp.com\/noticiasribeiraopreto.com.br\/wp-content\/uploads\/2023\/12\/emprestimo-paga-imposto-de-renda1.jpg?fit=1000%2C667&ssl=1&resize=350%2C200 1x, https:\/\/i0.wp.com\/noticiasribeiraopreto.com.br\/wp-content\/uploads\/2023\/12\/emprestimo-paga-imposto-de-renda1.jpg?fit=1000%2C667&ssl=1&resize=525%2C300 1.5x, https:\/\/i0.wp.com\/noticiasribeiraopreto.com.br\/wp-content\/uploads\/2023\/12\/emprestimo-paga-imposto-de-renda1.jpg?fit=1000%2C667&ssl=1&resize=700%2C400 2x"},"classes":[]},{"id":41060,"url":"https:\/\/noticiasribeiraopreto.com.br\/index.php\/2024\/03\/06\/veja-as-novas-regras-para-declaracao-do-imposto-de-renda-2024\/","url_meta":{"origin":83302,"position":2},"title":"Veja as novas regras para declara\u00e7\u00e3o do Imposto de Renda 2024","author":"noticiasribeiraopreto.com.br","date":"6 de March de 2024","format":false,"excerpt":"A Receita Federal divulgou nesta quarta-feira (6) as novas regras para declara\u00e7\u00e3o do Imposto de Renda Pessoa F\u00edsica 2024. O prazo para a entrega da declara\u00e7\u00e3o, ano-base 2023, ser\u00e1 de 15 de mar\u00e7o a 31 de maio. O programa para preenchimento ser\u00e1 liberado pela Receita Federal no mesmo dia da\u2026","rel":"","context":"In &quot;Not\u00edcias de Ribeir\u00e3o Preto-SP e Regi\u00e3o&quot;","block_context":{"text":"Not\u00edcias de Ribeir\u00e3o Preto-SP e Regi\u00e3o","link":"https:\/\/noticiasribeiraopreto.com.br\/index.php\/category\/noticias-de-ribeirao-preto-sp-e-regiao-ismael-colosi\/"},"img":{"alt_text":"","src":"https:\/\/i0.wp.com\/noticiasribeiraopreto.com.br\/wp-content\/uploads\/2024\/03\/imposto-de-renda.webp.webp?fit=1170%2C700&ssl=1&resize=350%2C200","width":350,"height":200,"srcset":"https:\/\/i0.wp.com\/noticiasribeiraopreto.com.br\/wp-content\/uploads\/2024\/03\/imposto-de-renda.webp.webp?fit=1170%2C700&ssl=1&resize=350%2C200 1x, https:\/\/i0.wp.com\/noticiasribeiraopreto.com.br\/wp-content\/uploads\/2024\/03\/imposto-de-renda.webp.webp?fit=1170%2C700&ssl=1&resize=525%2C300 1.5x, https:\/\/i0.wp.com\/noticiasribeiraopreto.com.br\/wp-content\/uploads\/2024\/03\/imposto-de-renda.webp.webp?fit=1170%2C700&ssl=1&resize=700%2C400 2x, https:\/\/i0.wp.com\/noticiasribeiraopreto.com.br\/wp-content\/uploads\/2024\/03\/imposto-de-renda.webp.webp?fit=1170%2C700&ssl=1&resize=1050%2C600 3x"},"classes":[]},{"id":83646,"url":"https:\/\/noticiasribeiraopreto.com.br\/index.php\/2026\/03\/23\/quando-comeca-a-restituicao-do-imposto-de-renda-veja-o-calendario\/","url_meta":{"origin":83302,"position":3},"title":"Quando come\u00e7a a restitui\u00e7\u00e3o do Imposto de Renda? Veja o calend\u00e1rio","author":"noticiasribeiraopreto.com.br","date":"23 de March de 2026","format":false,"excerpt":"Os contribuintes j\u00e1 podem acertar as contas com o Le\u00e3o. Come\u00e7ou nesta segunda-feira (23) o prazo de envio da Declara\u00e7\u00e3o do Imposto de Renda Pessoa F\u00edsica 2026 (ano-base 2025). Segundo a Receita Federal, o 1\u00ba lote de restitui\u00e7\u00e3o ser\u00e1 pago a partir de 29 de maio \u2013 veja o calend\u00e1rio\u2026","rel":"","context":"In &quot;Not\u00edcias de Ribeir\u00e3o Preto-SP e Regi\u00e3o&quot;","block_context":{"text":"Not\u00edcias de Ribeir\u00e3o Preto-SP e Regi\u00e3o","link":"https:\/\/noticiasribeiraopreto.com.br\/index.php\/category\/noticias-de-ribeirao-preto-sp-e-regiao-ismael-colosi\/"},"img":{"alt_text":"","src":"https:\/\/i0.wp.com\/noticiasribeiraopreto.com.br\/wp-content\/uploads\/2026\/03\/imposto-de-renda_2026-03-20_12-43-21.webp.webp?fit=1170%2C700&ssl=1&resize=350%2C200","width":350,"height":200,"srcset":"https:\/\/i0.wp.com\/noticiasribeiraopreto.com.br\/wp-content\/uploads\/2026\/03\/imposto-de-renda_2026-03-20_12-43-21.webp.webp?fit=1170%2C700&ssl=1&resize=350%2C200 1x, https:\/\/i0.wp.com\/noticiasribeiraopreto.com.br\/wp-content\/uploads\/2026\/03\/imposto-de-renda_2026-03-20_12-43-21.webp.webp?fit=1170%2C700&ssl=1&resize=525%2C300 1.5x, https:\/\/i0.wp.com\/noticiasribeiraopreto.com.br\/wp-content\/uploads\/2026\/03\/imposto-de-renda_2026-03-20_12-43-21.webp.webp?fit=1170%2C700&ssl=1&resize=700%2C400 2x, https:\/\/i0.wp.com\/noticiasribeiraopreto.com.br\/wp-content\/uploads\/2026\/03\/imposto-de-renda_2026-03-20_12-43-21.webp.webp?fit=1170%2C700&ssl=1&resize=1050%2C600 3x"},"classes":[]},{"id":84952,"url":"https:\/\/noticiasribeiraopreto.com.br\/index.php\/2026\/04\/18\/cashback-na-restituicao-do-ir-veja-o-que-muda-e-quem-tem-direito\/","url_meta":{"origin":83302,"position":4},"title":"Cashback na restitui\u00e7\u00e3o do IR: veja o que muda e quem tem direito","author":"noticiasribeiraopreto.com.br","date":"18 de April de 2026","format":false,"excerpt":"Ler o resumo da not\u00edcia \r A Receita Federal lan\u00e7ar\u00e1 em 15\u202fde\u202fjulho\u202fde\u202f2024 o \u201ccashback\u201d da restitui\u00e7\u00e3o do IR para quem n\u00e3o precisou declarar em 2025, mas tem direito a at\u00e9 R$\u202f1\u202fmil.\r Para receber, o contribuinte deve ter CPF regular, dados banc\u00e1rios atualizados (chave Pix) e estar sem restri\u00e7\u00e3o na Receita.\r\u2026","rel":"","context":"In &quot;Not\u00edcias de Ribeir\u00e3o Preto-SP e Regi\u00e3o&quot;","block_context":{"text":"Not\u00edcias de Ribeir\u00e3o Preto-SP e Regi\u00e3o","link":"https:\/\/noticiasribeiraopreto.com.br\/index.php\/category\/noticias-de-ribeirao-preto-sp-e-regiao-ismael-colosi\/"},"img":{"alt_text":"","src":"https:\/\/i0.wp.com\/noticiasribeiraopreto.com.br\/wp-content\/uploads\/2026\/04\/novo_lote_1024x576_22072020125933_2026-04-18_14-28-17.webp.webp?fit=1024%2C575&ssl=1&resize=350%2C200","width":350,"height":200,"srcset":"https:\/\/i0.wp.com\/noticiasribeiraopreto.com.br\/wp-content\/uploads\/2026\/04\/novo_lote_1024x576_22072020125933_2026-04-18_14-28-17.webp.webp?fit=1024%2C575&ssl=1&resize=350%2C200 1x, https:\/\/i0.wp.com\/noticiasribeiraopreto.com.br\/wp-content\/uploads\/2026\/04\/novo_lote_1024x576_22072020125933_2026-04-18_14-28-17.webp.webp?fit=1024%2C575&ssl=1&resize=525%2C300 1.5x, https:\/\/i0.wp.com\/noticiasribeiraopreto.com.br\/wp-content\/uploads\/2026\/04\/novo_lote_1024x576_22072020125933_2026-04-18_14-28-17.webp.webp?fit=1024%2C575&ssl=1&resize=700%2C400 2x"},"classes":[]},{"id":64811,"url":"https:\/\/noticiasribeiraopreto.com.br\/index.php\/2025\/03\/12\/confira-as-regras-do-imposto-de-renda-2025-prazo-para-declaracao-comeca-na-segunda-feira\/","url_meta":{"origin":83302,"position":5},"title":"Confira as regras do Imposto de Renda 2025; Prazo para declara\u00e7\u00e3o come\u00e7a na segunda-feira","author":"noticiasribeiraopreto.com.br","date":"12 de March de 2025","format":false,"excerpt":"A Receita Federal divulgou na tarde desta quarta-feira (12), as regras do Imposto de Renda 2025. O prazo para a entrega da declara\u00e7\u00e3o ano-base 2024 ser\u00e1 de 17 de mar\u00e7o a 30 de maio. O programa do IR 2025 estar\u00e1 dispon\u00edvel para download a partir desta quinta-feira (13), no entanto,\u2026","rel":"","context":"In &quot;Not\u00edcias de Ribeir\u00e3o Preto-SP e Regi\u00e3o&quot;","block_context":{"text":"Not\u00edcias de Ribeir\u00e3o Preto-SP e Regi\u00e3o","link":"https:\/\/noticiasribeiraopreto.com.br\/index.php\/category\/noticias-de-ribeirao-preto-sp-e-regiao-ismael-colosi\/"},"img":{"alt_text":"","src":"https:\/\/i0.wp.com\/noticiasribeiraopreto.com.br\/wp-content\/uploads\/2025\/03\/novo_lote_1024x576_22072020125933.jpg?fit=1024%2C575&ssl=1&resize=350%2C200","width":350,"height":200,"srcset":"https:\/\/i0.wp.com\/noticiasribeiraopreto.com.br\/wp-content\/uploads\/2025\/03\/novo_lote_1024x576_22072020125933.jpg?fit=1024%2C575&ssl=1&resize=350%2C200 1x, https:\/\/i0.wp.com\/noticiasribeiraopreto.com.br\/wp-content\/uploads\/2025\/03\/novo_lote_1024x576_22072020125933.jpg?fit=1024%2C575&ssl=1&resize=525%2C300 1.5x, https:\/\/i0.wp.com\/noticiasribeiraopreto.com.br\/wp-content\/uploads\/2025\/03\/novo_lote_1024x576_22072020125933.jpg?fit=1024%2C575&ssl=1&resize=700%2C400 2x"},"classes":[]}],"jetpack_sharing_enabled":true,"jetpack_shortlink":"https:\/\/wp.me\/peQAOb-lFA","_links":{"self":[{"href":"https:\/\/noticiasribeiraopreto.com.br\/index.php\/wp-json\/wp\/v2\/posts\/83302","targetHints":{"allow":["GET"]}}],"collection":[{"href":"https:\/\/noticiasribeiraopreto.com.br\/index.php\/wp-json\/wp\/v2\/posts"}],"about":[{"href":"https:\/\/noticiasribeiraopreto.com.br\/index.php\/wp-json\/wp\/v2\/types\/post"}],"author":[{"embeddable":true,"href":"https:\/\/noticiasribeiraopreto.com.br\/index.php\/wp-json\/wp\/v2\/users\/1"}],"replies":[{"embeddable":true,"href":"https:\/\/noticiasribeiraopreto.com.br\/index.php\/wp-json\/wp\/v2\/comments?post=83302"}],"version-history":[{"count":0,"href":"https:\/\/noticiasribeiraopreto.com.br\/index.php\/wp-json\/wp\/v2\/posts\/83302\/revisions"}],"wp:featuredmedia":[{"embeddable":true,"href":"https:\/\/noticiasribeiraopreto.com.br\/index.php\/wp-json\/wp\/v2\/media\/81466"}],"wp:attachment":[{"href":"https:\/\/noticiasribeiraopreto.com.br\/index.php\/wp-json\/wp\/v2\/media?parent=83302"}],"wp:term":[{"taxonomy":"category","embeddable":true,"href":"https:\/\/noticiasribeiraopreto.com.br\/index.php\/wp-json\/wp\/v2\/categories?post=83302"},{"taxonomy":"post_tag","embeddable":true,"href":"https:\/\/noticiasribeiraopreto.com.br\/index.php\/wp-json\/wp\/v2\/tags?post=83302"}],"curies":[{"name":"wp","href":"https:\/\/api.w.org\/{rel}","templated":true}]}}