{"id":83303,"date":"2026-03-16T10:20:08","date_gmt":"2026-03-16T13:20:08","guid":{"rendered":"https:\/\/noticiasribeiraopreto.com.br\/index.php\/2026\/03\/16\/ancelotti-convoca-selecao-brasileira-para-amistosos-nos-eua\/"},"modified":"2026-03-16T10:20:08","modified_gmt":"2026-03-16T13:20:08","slug":"ancelotti-convoca-selecao-brasileira-para-amistosos-nos-eua","status":"publish","type":"post","link":"https:\/\/noticiasribeiraopreto.com.br\/index.php\/2026\/03\/16\/ancelotti-convoca-selecao-brasileira-para-amistosos-nos-eua\/","title":{"rendered":"Ancelotti convoca sele\u00e7\u00e3o brasileira para amistosos nos EUA"},"content":{"rendered":"<div class='code-block code-block-1' style='margin: 8px 0 8px auto; text-align: right; display: block; clear: both;'>\n<p><a href=\"https:\/\/wa.link\/vpicfd\"><img data-recalc-dims=\"1\" class=\"wp-image-4922\" style=\"aspect-ratio: 2.0253164556962027; width: 561px; height: auto;\" src=\"https:\/\/i0.wp.com\/ismaelcolosi.com.br\/wp-content\/uploads\/2023\/11\/grupo-de-empregos-whatsapp-e-facebook-ismael-colosi-vagas.jpg?ssl=1\" alt=\"\" \/><\/a><\/p>\n<!-- \/wp:image -->\n<\/div>\n<p> <br \/>\n<\/p>\n<div id=\"Corpo\">O treinador Carlo Ancelotti faz nesta segunda-feira, \u00e0s 15h30, a \u00faltima convoca\u00e7\u00e3o da sele\u00e7\u00e3o brasileira antes da defini\u00e7\u00e3o da lista dos 26 atletas que disputar\u00e3o a Copa do Mundo na Am\u00e9rica do Norte entre junho e julho.<\/p>\n<p>Os amistosos do fim deste m\u00eas, contra Fran\u00e7a, dia 26, e Cro\u00e1cia, dia 31, podem servir para tirar algumas d\u00favidas que ainda est\u00e3o na cabe\u00e7a do treinador italiano. As partidas ser\u00e3o realizadas nos Estados Unidos e v\u00e3o marcar a estreia dos novos uniformes do Brasil, lan\u00e7ados pela Nike na semana passada.<\/p>\n<p>O t\u00e9cnico tem uma espinha dorsal definida, mas existem incertezas em posi\u00e7\u00f5es importantes, como o gol, as laterais e o comando do ataque. Pelo menos oito nomes ainda est\u00e3o em aberto, em todas as posi\u00e7\u00f5es, conforme o colunista do Estad\u00e3o Marcel Rizzo.<\/p>\n<p>Ao menos 13 jogadores est\u00e3o assegurados no Mundial, casos, por exemplo, de Casemiro (Manchester United), Est\u00eav\u00e3o (Chelsea), Vini Jr. (Real Madrid) e Raphinha (Barcelona)<\/p>\n<p>Na zaga, Bremer, da Juventus, pode reaparecer no chamado desta segunda-feira. No meio de campo, o treinador busca um reserva para Bruno Guimar\u00e3es. Gabriel Sara, do Galatasaray, e Danilo, do Botafogo, vivem excelente fase e t\u00eam grande chance de serem lembrados.<\/p>\n<p>No ataque, n\u00e3o h\u00e1 nenhum centroavante t\u00e3o elogiado nas \u00faltimas semanas como Endrick. Preterido no Real Madrid, o jovem de 19 anos tem recebido os minutos que precisava no Lyon, pelo qual joga emprestado, e tem brilhado com gols e assist\u00eancias.<\/p>\n<p>Endrick, que trabalhou com Ancelotti no Real Madrid, est\u00e1 sendo acompanhado de perto em Lyon e \u00e9 muito prov\u00e1vel que seja convocado. Outro jovem atacante monitorado \u00e9 Rayan, ex-Vasco, negociado no ano passado com o Bournemouth, da Inglaterra.<\/p>\n<p>Nos \u00faltimos dias, Ancelotti e sua equipe, incluindo seu filho, Davide Ancelotti, viajaram pelo Pa\u00eds para assistir in loco a sete partidas do Brasileir\u00e3o: Mirassol x Santos, Flamengo x Cruzeiro, Bahia x Vit\u00f3ria, Vasco x Palmeiras, Botafogo e Flamengo, Santos x Corinthians e Palmeiras x Mirassol.<\/p>\n<p>\u201c\u00c9 um momento de observa\u00e7\u00e3o. Obviamente, temos que fazer bem os amistosos com Fran\u00e7a e Cro\u00e1cia e observar as partidas dos jogadores que podem estar na Copa do Mundo em junho\u201d, afirmou Carlo Ancelotti, t\u00e9cnico da sele\u00e7\u00e3o brasileira.<\/p>\n<p>NEYMAR SER\u00c1 CONVOCADO?<\/p>\n<p>Neymar est\u00e1 na pr\u00e9-lista para os duelos contra franceses e croatas. Ancelotti foi a Mirassol com o pensamento de assistir ao craque santista. Mas o atacante desfalcou o Santos no jogo de ter\u00e7a-feira. Foi poupado por \u201ccontrole de carga\u201d, e isso reduziu suas chances de ser convocado agora.<\/p>\n<p>O astro do Santos n\u00e3o consegue se firmar em sua equipe por causa de recorrentes problemas f\u00edsicos. Desde a s\u00e9ria les\u00e3o sofrida em outubro de 2024, em Montevid\u00e9u, o camisa 10 tem enfrentado dificuldade para conseguir emplacar uma sequ\u00eancia de partidas e nunca mais voltou a defender a sele\u00e7\u00e3o brasileira.<\/p>\n<p>Ancelotti n\u00e3o foi v\u00ea-lo em campo contra o Corinthians, na Vila, Belmiro, neste domingo, mas mandou seus auxiliares. Eles viram um jogo ruim de Neymar, que tentou \u2013 e n\u00e3o conseguiu \u2013 ser protagonista.<\/p>\n<\/div>\n<p><br \/>\n<br \/><a href=\"https:\/\/www.tribunaribeirao.com.br\/ancelotti-convoca-selecao-brasileira-para-amistosos-nos-eua\/\">Source link <\/a><\/p>\n<!-- CONTENT END 1 -->\n","protected":false},"excerpt":{"rendered":"<p>O treinador Carlo Ancelotti faz nesta segunda-feira, \u00e0s 15h30, a \u00faltima convoca\u00e7\u00e3o da sele\u00e7\u00e3o brasileira antes da defini\u00e7\u00e3o da lista dos 26 atletas que disputar\u00e3o&#8230;<\/p>\n","protected":false},"author":1,"featured_media":83304,"comment_status":"open","ping_status":"open","sticky":false,"template":"","format":"standard","meta":{"advanced_seo_description":"","jetpack_seo_html_title":"","jetpack_seo_noindex":false,"jetpack_post_was_ever_published":false,"_jetpack_newsletter_access":"","_jetpack_dont_email_post_to_subs":false,"_jetpack_newsletter_tier_id":0,"_jetpack_memberships_contains_paywalled_content":false,"_jetpack_memberships_contains_paid_content":false,"footnotes":"","jetpack_publicize_message":"","jetpack_publicize_feature_enabled":true,"jetpack_social_post_already_shared":true,"jetpack_social_options":{"image_generator_settings":{"template":"highway","default_image_id":0,"font":"","enabled":false},"version":2}},"categories":[11],"tags":[],"class_list":["post-83303","post","type-post","status-publish","format-standard","has-post-thumbnail","hentry","category-noticias-de-ribeirao-preto-sp-e-regiao-ismael-colosi"],"jetpack_publicize_connections":[],"jetpack_featured_media_url":"https:\/\/i0.wp.com\/noticiasribeiraopreto.com.br\/wp-content\/uploads\/2026\/03\/ancelotti.webp.webp?fit=1024%2C689&ssl=1","jetpack-related-posts":[{"id":79539,"url":"https:\/\/noticiasribeiraopreto.com.br\/index.php\/2025\/11\/03\/ancelotti-convoca-selecao-para-dois-ultimos-jogos-de-2025\/","url_meta":{"origin":83303,"position":0},"title":"Ancelotti convoca sele\u00e7\u00e3o para dois \u00faltimos jogos de 2025","author":"noticiasribeiraopreto.com.br","date":"3 de November de 2025","format":false,"excerpt":"3 de novembro de 2025 17:133 de novembro de 2025 17:157 Compartilhar0 Brasil encara Senegal em 15 de novembro e Tun\u00edsia tr\u00eas dias depois O t\u00e9cnico Carlo Ancelotti convocou a sele\u00e7\u00e3o brasileira masculina de futebol nesta segunda-feira (3) para os dois \u00faltimos amistosos de 2025, contra Senegal e Tun\u00edsia, nos\u2026","rel":"","context":"In &quot;Not\u00edcias de Ribeir\u00e3o Preto-SP e Regi\u00e3o&quot;","block_context":{"text":"Not\u00edcias de Ribeir\u00e3o Preto-SP e Regi\u00e3o","link":"https:\/\/noticiasribeiraopreto.com.br\/index.php\/category\/noticias-de-ribeirao-preto-sp-e-regiao-ismael-colosi\/"},"img":{"alt_text":"","src":"https:\/\/i0.wp.com\/noticiasribeiraopreto.com.br\/wp-content\/uploads\/2025\/11\/convocacao_ultima_selecao_2025.webp.webp?fit=1170%2C700&ssl=1&resize=350%2C200","width":350,"height":200,"srcset":"https:\/\/i0.wp.com\/noticiasribeiraopreto.com.br\/wp-content\/uploads\/2025\/11\/convocacao_ultima_selecao_2025.webp.webp?fit=1170%2C700&ssl=1&resize=350%2C200 1x, https:\/\/i0.wp.com\/noticiasribeiraopreto.com.br\/wp-content\/uploads\/2025\/11\/convocacao_ultima_selecao_2025.webp.webp?fit=1170%2C700&ssl=1&resize=525%2C300 1.5x, https:\/\/i0.wp.com\/noticiasribeiraopreto.com.br\/wp-content\/uploads\/2025\/11\/convocacao_ultima_selecao_2025.webp.webp?fit=1170%2C700&ssl=1&resize=700%2C400 2x, https:\/\/i0.wp.com\/noticiasribeiraopreto.com.br\/wp-content\/uploads\/2025\/11\/convocacao_ultima_selecao_2025.webp.webp?fit=1170%2C700&ssl=1&resize=1050%2C600 3x"},"classes":[]},{"id":70463,"url":"https:\/\/noticiasribeiraopreto.com.br\/index.php\/2025\/05\/26\/ao-vivo-veja-a-primeira-convocacao-de-carlo-ancelotti-na-selecao-brasileira\/","url_meta":{"origin":83303,"position":1},"title":"AO VIVO: Veja a primeira convoca\u00e7\u00e3o de Carlo Ancelotti na sele\u00e7\u00e3o brasileira","author":"noticiasribeiraopreto.com.br","date":"26 de May de 2025","format":false,"excerpt":"O novo treinador da sele\u00e7\u00e3o brasileira, Carlo Ancelotti, realiza sua primeira convoca\u00e7\u00e3o nesta segunda-feira (26), a partir das 15h \u2013 veja no player acima. O italiano ser\u00e1 apresentado oficialmente em um hotel na zona Oeste do Rio de Janeiro. O ex-t\u00e9cnico do Real Madrid desembarcou no Brasil na noite desse\u2026","rel":"","context":"In &quot;Not\u00edcias de Ribeir\u00e3o Preto-SP e Regi\u00e3o&quot;","block_context":{"text":"Not\u00edcias de Ribeir\u00e3o Preto-SP e Regi\u00e3o","link":"https:\/\/noticiasribeiraopreto.com.br\/index.php\/category\/noticias-de-ribeirao-preto-sp-e-regiao-ismael-colosi\/"},"img":{"alt_text":"","src":"https:\/\/i0.wp.com\/noticiasribeiraopreto.com.br\/wp-content\/uploads\/2025\/05\/CARLO-ANCELOTTI_2025-05-26_14-59-16.webp.webp?fit=1087%2C760&ssl=1&resize=350%2C200","width":350,"height":200,"srcset":"https:\/\/i0.wp.com\/noticiasribeiraopreto.com.br\/wp-content\/uploads\/2025\/05\/CARLO-ANCELOTTI_2025-05-26_14-59-16.webp.webp?fit=1087%2C760&ssl=1&resize=350%2C200 1x, https:\/\/i0.wp.com\/noticiasribeiraopreto.com.br\/wp-content\/uploads\/2025\/05\/CARLO-ANCELOTTI_2025-05-26_14-59-16.webp.webp?fit=1087%2C760&ssl=1&resize=525%2C300 1.5x, https:\/\/i0.wp.com\/noticiasribeiraopreto.com.br\/wp-content\/uploads\/2025\/05\/CARLO-ANCELOTTI_2025-05-26_14-59-16.webp.webp?fit=1087%2C760&ssl=1&resize=700%2C400 2x, https:\/\/i0.wp.com\/noticiasribeiraopreto.com.br\/wp-content\/uploads\/2025\/05\/CARLO-ANCELOTTI_2025-05-26_14-59-16.webp.webp?fit=1087%2C760&ssl=1&resize=1050%2C600 3x"},"classes":[]},{"id":83325,"url":"https:\/\/noticiasribeiraopreto.com.br\/index.php\/2026\/03\/16\/ancelotti-convoca-selecao-brasileira-sem-neymar-em-ultima-lista-antes-da-copa-do-mundo\/","url_meta":{"origin":83303,"position":2},"title":"Ancelotti convoca sele\u00e7\u00e3o brasileira sem Neymar em \u00faltima lista antes da Copa do Mundo","author":"noticiasribeiraopreto.com.br","date":"16 de March de 2026","format":false,"excerpt":"Por Leonardo Catto O t\u00e9cnico Carlo Ancelotti fez a \u00faltima convoca\u00e7\u00e3o da sele\u00e7\u00e3o brasileira antes da defini\u00e7\u00e3o da lista dos 26 atletas que disputar\u00e3o a Copa do Mundo na Am\u00e9rica do Norte entre junho e julho. O italiano j\u00e1 tem 18 dos 26 nomes definidos e trata os jogos contra\u2026","rel":"","context":"In &quot;Not\u00edcias de Ribeir\u00e3o Preto-SP e Regi\u00e3o&quot;","block_context":{"text":"Not\u00edcias de Ribeir\u00e3o Preto-SP e Regi\u00e3o","link":"https:\/\/noticiasribeiraopreto.com.br\/index.php\/category\/noticias-de-ribeirao-preto-sp-e-regiao-ismael-colosi\/"},"img":{"alt_text":"","src":"https:\/\/i0.wp.com\/noticiasribeiraopreto.com.br\/wp-content\/uploads\/2026\/03\/Image1-52-scaled.jpg?fit=1200%2C592&ssl=1&resize=350%2C200","width":350,"height":200,"srcset":"https:\/\/i0.wp.com\/noticiasribeiraopreto.com.br\/wp-content\/uploads\/2026\/03\/Image1-52-scaled.jpg?fit=1200%2C592&ssl=1&resize=350%2C200 1x, https:\/\/i0.wp.com\/noticiasribeiraopreto.com.br\/wp-content\/uploads\/2026\/03\/Image1-52-scaled.jpg?fit=1200%2C592&ssl=1&resize=525%2C300 1.5x, https:\/\/i0.wp.com\/noticiasribeiraopreto.com.br\/wp-content\/uploads\/2026\/03\/Image1-52-scaled.jpg?fit=1200%2C592&ssl=1&resize=700%2C400 2x, https:\/\/i0.wp.com\/noticiasribeiraopreto.com.br\/wp-content\/uploads\/2026\/03\/Image1-52-scaled.jpg?fit=1200%2C592&ssl=1&resize=1050%2C600 3x"},"classes":[]},{"id":70458,"url":"https:\/\/noticiasribeiraopreto.com.br\/index.php\/2025\/05\/26\/natural-de-franca-estevao-aparece-na-primeira-convocacao-de-ancelotti\/","url_meta":{"origin":83303,"position":3},"title":"Natural de Franca, Est\u00eav\u00e3o aparece na primeira convoca\u00e7\u00e3o de Ancelotti","author":"noticiasribeiraopreto.com.br","date":"26 de May de 2025","format":false,"excerpt":"O atacante Est\u00eav\u00e3o, natural de Franca, apareceu na primeira convoca\u00e7\u00e3o de Carlo Ancelotti na sele\u00e7\u00e3o brasileira. O italiano fez a primeira convoca\u00e7\u00e3o ap\u00f3s ser apresentado em um hotel no Rio de Janeiro, na tarde desta segunda-feira (26) \u2013 veja abaixo. A sele\u00e7\u00e3o brasileira se apresenta no dia 2 de junho.\u2026","rel":"","context":"In &quot;Not\u00edcias de Ribeir\u00e3o Preto-SP e Regi\u00e3o&quot;","block_context":{"text":"Not\u00edcias de Ribeir\u00e3o Preto-SP e Regi\u00e3o","link":"https:\/\/noticiasribeiraopreto.com.br\/index.php\/category\/noticias-de-ribeirao-preto-sp-e-regiao-ismael-colosi\/"},"img":{"alt_text":"","src":"https:\/\/i0.wp.com\/noticiasribeiraopreto.com.br\/wp-content\/uploads\/2024\/09\/estevao_2024-09-07_14-37-10_jpg_2024-09-07_14-37-10.webp.webp?fit=1080%2C792&ssl=1&resize=350%2C200","width":350,"height":200,"srcset":"https:\/\/i0.wp.com\/noticiasribeiraopreto.com.br\/wp-content\/uploads\/2024\/09\/estevao_2024-09-07_14-37-10_jpg_2024-09-07_14-37-10.webp.webp?fit=1080%2C792&ssl=1&resize=350%2C200 1x, https:\/\/i0.wp.com\/noticiasribeiraopreto.com.br\/wp-content\/uploads\/2024\/09\/estevao_2024-09-07_14-37-10_jpg_2024-09-07_14-37-10.webp.webp?fit=1080%2C792&ssl=1&resize=525%2C300 1.5x, https:\/\/i0.wp.com\/noticiasribeiraopreto.com.br\/wp-content\/uploads\/2024\/09\/estevao_2024-09-07_14-37-10_jpg_2024-09-07_14-37-10.webp.webp?fit=1080%2C792&ssl=1&resize=700%2C400 2x, https:\/\/i0.wp.com\/noticiasribeiraopreto.com.br\/wp-content\/uploads\/2024\/09\/estevao_2024-09-07_14-37-10_jpg_2024-09-07_14-37-10.webp.webp?fit=1080%2C792&ssl=1&resize=1050%2C600 3x"},"classes":[]},{"id":78473,"url":"https:\/\/noticiasribeiraopreto.com.br\/index.php\/2025\/10\/11\/selecao-brasileira-goleia-coreia-do-sul\/","url_meta":{"origin":83303,"position":4},"title":"Sele\u00e7\u00e3o brasileira goleia Coreia do Sul\u00a0","author":"noticiasribeiraopreto.com.br","date":"11 de October de 2025","format":false,"excerpt":"11 de outubro de 2025 10:3011 de outubro de 2025 02:239 Compartilhar0 O Brasil venceu, convenceu e encantou. A sele\u00e7\u00e3o venceu de goleada o amistoso contra a Coreia do Sul, nesta sexta-feira (10), em Seul. O quarteto de ataque escalado por Carlo Ancelotti brilhou e o time aplicou 5 a\u2026","rel":"","context":"In &quot;Not\u00edcias de Ribeir\u00e3o Preto-SP e Regi\u00e3o&quot;","block_context":{"text":"Not\u00edcias de Ribeir\u00e3o Preto-SP e Regi\u00e3o","link":"https:\/\/noticiasribeiraopreto.com.br\/index.php\/category\/noticias-de-ribeirao-preto-sp-e-regiao-ismael-colosi\/"},"img":{"alt_text":"","src":"https:\/\/i0.wp.com\/noticiasribeiraopreto.com.br\/wp-content\/uploads\/2025\/10\/1-Coreia-do-Sul-x-Brasil-Rafael-Ribeiro_CBF.jpg?fit=799%2C534&ssl=1&resize=350%2C200","width":350,"height":200,"srcset":"https:\/\/i0.wp.com\/noticiasribeiraopreto.com.br\/wp-content\/uploads\/2025\/10\/1-Coreia-do-Sul-x-Brasil-Rafael-Ribeiro_CBF.jpg?fit=799%2C534&ssl=1&resize=350%2C200 1x, https:\/\/i0.wp.com\/noticiasribeiraopreto.com.br\/wp-content\/uploads\/2025\/10\/1-Coreia-do-Sul-x-Brasil-Rafael-Ribeiro_CBF.jpg?fit=799%2C534&ssl=1&resize=525%2C300 1.5x, https:\/\/i0.wp.com\/noticiasribeiraopreto.com.br\/wp-content\/uploads\/2025\/10\/1-Coreia-do-Sul-x-Brasil-Rafael-Ribeiro_CBF.jpg?fit=799%2C534&ssl=1&resize=700%2C400 2x"},"classes":[]},{"id":78068,"url":"https:\/\/noticiasribeiraopreto.com.br\/index.php\/2025\/10\/01\/veja-a-lista-de-convocados-por-ancelotti-para-selecao-brasileira\/","url_meta":{"origin":83303,"position":5},"title":"Veja a lista de convocados por Ancelotti para sele\u00e7\u00e3o brasileira","author":"noticiasribeiraopreto.com.br","date":"1 de October de 2025","format":false,"excerpt":"O treinador da Sele\u00e7\u00e3o Brasileira, Carlo Ancelotti, anunciou na tarde desta quarta-feira (1\u00ba de outubro) a convoca\u00e7\u00e3o da Amarelinha para os amistosos com Coreia do Sul e Jap\u00e3o, neste m\u00eas de outubro. O evento foi realizado na sede da CBF, no Rio de Janeiro \u2013 veja acima. A partida com\u2026","rel":"","context":"In &quot;Not\u00edcias de Ribeir\u00e3o Preto-SP e Regi\u00e3o&quot;","block_context":{"text":"Not\u00edcias de Ribeir\u00e3o Preto-SP e Regi\u00e3o","link":"https:\/\/noticiasribeiraopreto.com.br\/index.php\/category\/noticias-de-ribeirao-preto-sp-e-regiao-ismael-colosi\/"},"img":{"alt_text":"","src":"https:\/\/i0.wp.com\/noticiasribeiraopreto.com.br\/wp-content\/uploads\/2025\/08\/carlo-ancelotti-convocacao_2025-08-25_16-26-11.webp.webp?fit=1200%2C793&ssl=1&resize=350%2C200","width":350,"height":200,"srcset":"https:\/\/i0.wp.com\/noticiasribeiraopreto.com.br\/wp-content\/uploads\/2025\/08\/carlo-ancelotti-convocacao_2025-08-25_16-26-11.webp.webp?fit=1200%2C793&ssl=1&resize=350%2C200 1x, https:\/\/i0.wp.com\/noticiasribeiraopreto.com.br\/wp-content\/uploads\/2025\/08\/carlo-ancelotti-convocacao_2025-08-25_16-26-11.webp.webp?fit=1200%2C793&ssl=1&resize=525%2C300 1.5x, https:\/\/i0.wp.com\/noticiasribeiraopreto.com.br\/wp-content\/uploads\/2025\/08\/carlo-ancelotti-convocacao_2025-08-25_16-26-11.webp.webp?fit=1200%2C793&ssl=1&resize=700%2C400 2x, https:\/\/i0.wp.com\/noticiasribeiraopreto.com.br\/wp-content\/uploads\/2025\/08\/carlo-ancelotti-convocacao_2025-08-25_16-26-11.webp.webp?fit=1200%2C793&ssl=1&resize=1050%2C600 3x"},"classes":[]}],"jetpack_sharing_enabled":true,"jetpack_shortlink":"https:\/\/wp.me\/peQAOb-lFB","_links":{"self":[{"href":"https:\/\/noticiasribeiraopreto.com.br\/index.php\/wp-json\/wp\/v2\/posts\/83303","targetHints":{"allow":["GET"]}}],"collection":[{"href":"https:\/\/noticiasribeiraopreto.com.br\/index.php\/wp-json\/wp\/v2\/posts"}],"about":[{"href":"https:\/\/noticiasribeiraopreto.com.br\/index.php\/wp-json\/wp\/v2\/types\/post"}],"author":[{"embeddable":true,"href":"https:\/\/noticiasribeiraopreto.com.br\/index.php\/wp-json\/wp\/v2\/users\/1"}],"replies":[{"embeddable":true,"href":"https:\/\/noticiasribeiraopreto.com.br\/index.php\/wp-json\/wp\/v2\/comments?post=83303"}],"version-history":[{"count":0,"href":"https:\/\/noticiasribeiraopreto.com.br\/index.php\/wp-json\/wp\/v2\/posts\/83303\/revisions"}],"wp:featuredmedia":[{"embeddable":true,"href":"https:\/\/noticiasribeiraopreto.com.br\/index.php\/wp-json\/wp\/v2\/media\/83304"}],"wp:attachment":[{"href":"https:\/\/noticiasribeiraopreto.com.br\/index.php\/wp-json\/wp\/v2\/media?parent=83303"}],"wp:term":[{"taxonomy":"category","embeddable":true,"href":"https:\/\/noticiasribeiraopreto.com.br\/index.php\/wp-json\/wp\/v2\/categories?post=83303"},{"taxonomy":"post_tag","embeddable":true,"href":"https:\/\/noticiasribeiraopreto.com.br\/index.php\/wp-json\/wp\/v2\/tags?post=83303"}],"curies":[{"name":"wp","href":"https:\/\/api.w.org\/{rel}","templated":true}]}}