{"id":83305,"date":"2026-03-16T10:24:06","date_gmt":"2026-03-16T13:24:06","guid":{"rendered":"https:\/\/noticiasribeiraopreto.com.br\/index.php\/2026\/03\/16\/pat-ribeirao-preto-comeca-semana-com-58-vagas-de-emprego-disponiveis\/"},"modified":"2026-03-16T10:24:06","modified_gmt":"2026-03-16T13:24:06","slug":"pat-ribeirao-preto-comeca-semana-com-58-vagas-de-emprego-disponiveis","status":"publish","type":"post","link":"https:\/\/noticiasribeiraopreto.com.br\/index.php\/2026\/03\/16\/pat-ribeirao-preto-comeca-semana-com-58-vagas-de-emprego-disponiveis\/","title":{"rendered":"PAT Ribeir\u00e3o Preto come\u00e7a semana com 58 vagas de emprego dispon\u00edveis"},"content":{"rendered":"<div class='code-block code-block-1' style='margin: 8px 0 8px auto; text-align: right; display: block; clear: both;'>\n<p><a href=\"https:\/\/wa.link\/vpicfd\"><img data-recalc-dims=\"1\" class=\"wp-image-4922\" style=\"aspect-ratio: 2.0253164556962027; width: 561px; height: auto;\" src=\"https:\/\/i0.wp.com\/ismaelcolosi.com.br\/wp-content\/uploads\/2023\/11\/grupo-de-empregos-whatsapp-e-facebook-ismael-colosi-vagas.jpg?ssl=1\" alt=\"\" \/><\/a><\/p>\n<!-- \/wp:image -->\n<\/div>\n<p> <br \/>\n<\/p>\n<div data-td-block-uid=\"tdi_95\">\n<div class=\"tdb-block-inner td-fix-index\">\n<p>O<strong> PAT (Posto de Atendimento ao Trabalhador) de Ribeir\u00e3o Preto <\/strong>conta com 58 vagas de emprego dispon\u00edveis nesta segunda-feira (16). Entre as oportunidades dispon\u00edveis, est\u00e3o para balconista, carpinteiro, jardineiro, manobrista e operador de caixa.<\/p>\n<p><mark style=\"background-color:#fcb900\" class=\"has-inline-color has-black-color\">O PAT de Ribeir\u00e3o Preto fica avenida Dr. Francisco Junqueira, 2625, no Jardim Macedo<\/mark>. Para se candidatar \u00e9 necess\u00e1rio que os interessados compare\u00e7am ao PAT de Ribeir\u00e3o Preto com RG, CPF e Carteira de Trabalho.<\/p>\n<p>\u00c9 importante que lembrar que as vagas podem ser preenchidas a qualquer momento do dia. O hor\u00e1rio de funcionamento do posto \u00e9 das 8h \u00e0s 16h, de segunda a sexta-feira.<\/p>\n<p>Al\u00e9m do atendimento presencial, os interessados tamb\u00e9m podem acessar o <strong>Portal Trampolim<\/strong> (<a href=\"https:\/\/www.trampolim.sp.gov.br\/pt\/\" data-type=\"link\" data-id=\"https:\/\/www.trampolim.sp.gov.br\/pt\/\" target=\"_blank\" rel=\"noopener\">clique aqui<\/a>), plataforma do Governo de S\u00e3o Paulo que re\u00fane vagas de emprego e cursos de qualifica\u00e7\u00e3o profissional.<\/p>\n<h2 class=\"wp-block-heading\"><strong>Veja as vagas<\/strong><\/h2>\n<ul class=\"wp-block-list\">\n<li>ajudante de carga e descarga de mercadoria<\/li>\n<\/ul>\n<ul class=\"wp-block-list\">\n<li>analista de PCP (programa\u00e7\u00e3o e controle de produ\u00e7\u00e3o)<\/li>\n<\/ul>\n<ul class=\"wp-block-list\">\n<li>atendente de balc\u00e3o de caf\u00e9<\/li>\n<\/ul>\n<ul class=\"wp-block-list\">\n<li>auxiliar de laboratorista de solo<\/li>\n<\/ul>\n<ul class=\"wp-block-list\">\n<li>auxiliar de linha de produ\u00e7\u00e3o<\/li>\n<\/ul>\n<ul class=\"wp-block-list\">\n<li>auxiliar de t\u00e9cnico de eletr\u00f4nica<\/li>\n<\/ul>\n<ul class=\"wp-block-list\">\n<li>auxiliar t\u00e9cnico eletr\u00f4nico<\/li>\n<\/ul>\n<ul class=\"wp-block-list\">\n<li>eletricista de instala\u00e7\u00f5es<\/li>\n<\/ul>\n<ul class=\"wp-block-list\">\n<li>eletricista de instala\u00e7\u00f5es (edif\u00edcios)<\/li>\n<\/ul>\n<ul class=\"wp-block-list\">\n<li>fresador (fresadora universal)<\/li>\n<\/ul>\n<ul class=\"wp-block-list\">\n<li>instalador de cortinas e persianas, portas sanfonadas e boxe<\/li>\n<\/ul>\n<ul class=\"wp-block-list\">\n<li>montador de instrumentos de precis\u00e3o<\/li>\n<\/ul>\n<ul class=\"wp-block-list\">\n<li>repositor \u2013 em supermercados<\/li>\n<\/ul>\n<ul class=\"wp-block-list\">\n<li>t\u00e9cnico de manuten\u00e7\u00e3o eletr\u00f4nica<\/li>\n<\/ul>\n<ul class=\"wp-block-list\">\n<li>t\u00e9cnico de rede (telecomunica\u00e7\u00f5es)<\/li>\n<\/ul>\n<p>SAIBA MAIS<br \/>Sol ou chuva? Veja previs\u00e3o para a \u00faltima semana do ver\u00e3o em Ribeir\u00e3o Preto<\/p>\n<h2 class=\"wp-block-heading\"><strong>FIQUE ON<\/strong><\/h2>\n<p>Fique ligado em tudo que acontece em Ribeir\u00e3o Preto e regi\u00e3o. Siga os perfis do\u00a0<strong>acidade on<\/strong>\u00a0no<a href=\"https:\/\/www.instagram.com\/acidadeonribeirao\" data-type=\"link\" data-id=\"https:\/\/www.instagram.com\/acidadeonribeirao\" target=\"_blank\" rel=\"noopener\">\u00a0Instagram<\/a>\u00a0e no\u00a0<a href=\"https:\/\/www.facebook.com\/acidadeonribeirao\/\" data-type=\"link\" data-id=\"https:\/\/www.facebook.com\/acidadeonribeirao\/\" target=\"_blank\" rel=\"noopener\">Facebook<\/a>.<\/p>\n<p>Receba not\u00edcias do<strong>\u00a0acidade on<\/strong>\u00a0no WhatsApp. Para entrar no grupo,\u00a0basta <a href=\"https:\/\/chat.whatsapp.com\/GFH9HUMUTHNFJdnyEd0xxq\" data-type=\"link\" data-id=\"https:\/\/chat.whatsapp.com\/GFH9HUMUTHNFJdnyEd0xxq\" target=\"_blank\" rel=\"noopener\">clicar aqui<\/a>. Ou, acesse o nosso\u00a0Canal<a href=\"https:\/\/whatsapp.com\/channel\/0029Vb6IQl1JENyAeS57fk2p\" data-type=\"link\" data-id=\"https:\/\/whatsapp.com\/channel\/0029Vb6IQl1JENyAeS57fk2p\" target=\"_blank\" rel=\"noopener\"> clicando aqui<\/a>.<\/p>\n<p>Fa\u00e7a uma den\u00fancia ou sugira uma reportagem sobre Ribeir\u00e3o Preto e regi\u00e3o pelo WhatsApp: 16 99117 7802.<\/p>\n<p>VEJA TAMB\u00c9M<br \/>Salgados de festa: 4 receitas pr\u00e1ticas para fazer em casa<\/p>\n<p><!-- AI CONTENT END 1 -->\n<\/div>\n<\/div>\n<p><script async src=\"\/\/www.instagram.com\/embed.js\"><\/script><br \/>\n<br \/><br \/>\n<br \/><a href=\"https:\/\/www.acidadeon.com\/ribeiraopreto\/economia\/pat-ribeirao-preto-comeca-semana-com-58-vagas-de-emprego-disponiveis\/\">Source link <\/a><\/p>\n<!-- CONTENT END 1 -->\n","protected":false},"excerpt":{"rendered":"<p>O PAT (Posto de Atendimento ao Trabalhador) de Ribeir\u00e3o Preto conta com 58 vagas de emprego dispon\u00edveis nesta segunda-feira (16). Entre as oportunidades dispon\u00edveis, est\u00e3o&#8230;<\/p>\n","protected":false},"author":1,"featured_media":83306,"comment_status":"open","ping_status":"open","sticky":false,"template":"","format":"standard","meta":{"advanced_seo_description":"","jetpack_seo_html_title":"","jetpack_seo_noindex":false,"jetpack_post_was_ever_published":false,"_jetpack_newsletter_access":"","_jetpack_dont_email_post_to_subs":false,"_jetpack_newsletter_tier_id":0,"_jetpack_memberships_contains_paywalled_content":false,"_jetpack_memberships_contains_paid_content":false,"footnotes":"","jetpack_publicize_message":"","jetpack_publicize_feature_enabled":true,"jetpack_social_post_already_shared":true,"jetpack_social_options":{"image_generator_settings":{"template":"highway","default_image_id":0,"font":"","enabled":false},"version":2}},"categories":[11],"tags":[],"class_list":["post-83305","post","type-post","status-publish","format-standard","has-post-thumbnail","hentry","category-noticias-de-ribeirao-preto-sp-e-regiao-ismael-colosi"],"jetpack_publicize_connections":[],"jetpack_featured_media_url":"https:\/\/i0.wp.com\/noticiasribeiraopreto.com.br\/wp-content\/uploads\/2026\/03\/pat-ribeirao-preto_2026-03-16_12-43-19.webp.webp?fit=1200%2C671&ssl=1","jetpack-related-posts":[{"id":83972,"url":"https:\/\/noticiasribeiraopreto.com.br\/index.php\/2026\/03\/30\/vagas-pat-ribeirao-preto-comeca-semana-com-43-oportunidades-de-emprego\/","url_meta":{"origin":83305,"position":0},"title":"Vagas: PAT Ribeir\u00e3o Preto come\u00e7a semana com 43 oportunidades de emprego","author":"noticiasribeiraopreto.com.br","date":"30 de March de 2026","format":false,"excerpt":"Ler o resumo da not\u00edcia PAT de Ribeir\u00e3o Preto oferece 43 vagas de emprego nesta segunda-feira (30), incluindo posi\u00e7\u00f5es como a\u00e7ougueiro, gar\u00e7om, repositor e vigilante patrimonial. Interessados devem comparecer ao posto na av. Dr. Francisco Junqueira, 2625, no Jardim Macedo, das 8h \u00e0s 16h, com RG, CPF e Carteira de\u2026","rel":"","context":"In &quot;Not\u00edcias de Ribeir\u00e3o Preto-SP e Regi\u00e3o&quot;","block_context":{"text":"Not\u00edcias de Ribeir\u00e3o Preto-SP e Regi\u00e3o","link":"https:\/\/noticiasribeiraopreto.com.br\/index.php\/category\/noticias-de-ribeirao-preto-sp-e-regiao-ismael-colosi\/"},"img":{"alt_text":"","src":"https:\/\/i0.wp.com\/noticiasribeiraopreto.com.br\/wp-content\/uploads\/2026\/03\/RibeiroPretoterfeirocommaisde800vagasdeempregonestaquinta_Tamanho_2_image_2026-02-09_15-24-19.webp.webp?fit=1200%2C900&ssl=1&resize=350%2C200","width":350,"height":200,"srcset":"https:\/\/i0.wp.com\/noticiasribeiraopreto.com.br\/wp-content\/uploads\/2026\/03\/RibeiroPretoterfeirocommaisde800vagasdeempregonestaquinta_Tamanho_2_image_2026-02-09_15-24-19.webp.webp?fit=1200%2C900&ssl=1&resize=350%2C200 1x, https:\/\/i0.wp.com\/noticiasribeiraopreto.com.br\/wp-content\/uploads\/2026\/03\/RibeiroPretoterfeirocommaisde800vagasdeempregonestaquinta_Tamanho_2_image_2026-02-09_15-24-19.webp.webp?fit=1200%2C900&ssl=1&resize=525%2C300 1.5x, https:\/\/i0.wp.com\/noticiasribeiraopreto.com.br\/wp-content\/uploads\/2026\/03\/RibeiroPretoterfeirocommaisde800vagasdeempregonestaquinta_Tamanho_2_image_2026-02-09_15-24-19.webp.webp?fit=1200%2C900&ssl=1&resize=700%2C400 2x, https:\/\/i0.wp.com\/noticiasribeiraopreto.com.br\/wp-content\/uploads\/2026\/03\/RibeiroPretoterfeirocommaisde800vagasdeempregonestaquinta_Tamanho_2_image_2026-02-09_15-24-19.webp.webp?fit=1200%2C900&ssl=1&resize=1050%2C600 3x"},"classes":[]},{"id":84614,"url":"https:\/\/noticiasribeiraopreto.com.br\/index.php\/2026\/04\/13\/pat-ribeirao-preto-tem-40-vagas-de-emprego-disponiveis-nesta-segunda-feira\/","url_meta":{"origin":83305,"position":1},"title":"PAT Ribeir\u00e3o Preto tem 40 vagas de emprego dispon\u00edveis nesta segunda-feira","author":"noticiasribeiraopreto.com.br","date":"13 de April de 2026","format":false,"excerpt":"00:00 A+ A- Ler o resumo da not\u00edcia PAT de Ribeir\u00e3o Preto oferece 40 vagas de emprego nesta segunda-feira (13). Posto fica na av. Dr. Francisco Junqueira, 2625, no Jardim Macedo. Candidatos devem apresentar RG, CPF e Carteira de Trabalho presencialmente. Vagas incluem fun\u00e7\u00f5es como auxiliar de cozinha, vendedor, pedreiro\u2026","rel":"","context":"In &quot;Not\u00edcias de Ribeir\u00e3o Preto-SP e Regi\u00e3o&quot;","block_context":{"text":"Not\u00edcias de Ribeir\u00e3o Preto-SP e Regi\u00e3o","link":"https:\/\/noticiasribeiraopreto.com.br\/index.php\/category\/noticias-de-ribeirao-preto-sp-e-regiao-ismael-colosi\/"},"img":{"alt_text":"","src":"https:\/\/i0.wp.com\/noticiasribeiraopreto.com.br\/wp-content\/uploads\/2026\/03\/trabalho_mutirao_do_emprego_caterp_pat_pei_-_foto_guilherme_sircili_4-1068x711-1_2026-02-09_18-52-13.webp.webp?fit=1068%2C711&ssl=1&resize=350%2C200","width":350,"height":200,"srcset":"https:\/\/i0.wp.com\/noticiasribeiraopreto.com.br\/wp-content\/uploads\/2026\/03\/trabalho_mutirao_do_emprego_caterp_pat_pei_-_foto_guilherme_sircili_4-1068x711-1_2026-02-09_18-52-13.webp.webp?fit=1068%2C711&ssl=1&resize=350%2C200 1x, https:\/\/i0.wp.com\/noticiasribeiraopreto.com.br\/wp-content\/uploads\/2026\/03\/trabalho_mutirao_do_emprego_caterp_pat_pei_-_foto_guilherme_sircili_4-1068x711-1_2026-02-09_18-52-13.webp.webp?fit=1068%2C711&ssl=1&resize=525%2C300 1.5x, https:\/\/i0.wp.com\/noticiasribeiraopreto.com.br\/wp-content\/uploads\/2026\/03\/trabalho_mutirao_do_emprego_caterp_pat_pei_-_foto_guilherme_sircili_4-1068x711-1_2026-02-09_18-52-13.webp.webp?fit=1068%2C711&ssl=1&resize=700%2C400 2x, https:\/\/i0.wp.com\/noticiasribeiraopreto.com.br\/wp-content\/uploads\/2026\/03\/trabalho_mutirao_do_emprego_caterp_pat_pei_-_foto_guilherme_sircili_4-1068x711-1_2026-02-09_18-52-13.webp.webp?fit=1068%2C711&ssl=1&resize=1050%2C600 3x"},"classes":[]},{"id":83647,"url":"https:\/\/noticiasribeiraopreto.com.br\/index.php\/2026\/03\/23\/pat-ribeirao-preto-tem-39-vagas-de-emprego-disponiveis-nesta-segunda\/","url_meta":{"origin":83305,"position":2},"title":"PAT Ribeir\u00e3o Preto tem 39 vagas de emprego dispon\u00edveis nesta segunda","author":"noticiasribeiraopreto.com.br","date":"23 de March de 2026","format":false,"excerpt":"O PAT (Posto de Atendimento ao Trabalhador) de Ribeir\u00e3o Preto tem 39 vagas de emprego dispon\u00edveis nesta segunda-feira (23). Entre as oportunidades dispon\u00edveis, est\u00e3o para soldador, t\u00e9cnico de manuten\u00e7\u00e3o eletr\u00f4nica, encanador e vendedor porta a porta. O PAT de Ribeir\u00e3o Preto fica avenida Dr. Francisco Junqueira, 2625, no Jardim Macedo.\u2026","rel":"","context":"In &quot;Not\u00edcias de Ribeir\u00e3o Preto-SP e Regi\u00e3o&quot;","block_context":{"text":"Not\u00edcias de Ribeir\u00e3o Preto-SP e Regi\u00e3o","link":"https:\/\/noticiasribeiraopreto.com.br\/index.php\/category\/noticias-de-ribeirao-preto-sp-e-regiao-ismael-colosi\/"},"img":{"alt_text":"","src":"https:\/\/i0.wp.com\/noticiasribeiraopreto.com.br\/wp-content\/uploads\/2026\/03\/trabalho_mutirao_do_emprego_caterp_pat_pei_-_foto_guilherme_sircili_4-1068x711-1_2026-02-09_18-52-13.webp.webp?fit=1068%2C711&ssl=1&resize=350%2C200","width":350,"height":200,"srcset":"https:\/\/i0.wp.com\/noticiasribeiraopreto.com.br\/wp-content\/uploads\/2026\/03\/trabalho_mutirao_do_emprego_caterp_pat_pei_-_foto_guilherme_sircili_4-1068x711-1_2026-02-09_18-52-13.webp.webp?fit=1068%2C711&ssl=1&resize=350%2C200 1x, https:\/\/i0.wp.com\/noticiasribeiraopreto.com.br\/wp-content\/uploads\/2026\/03\/trabalho_mutirao_do_emprego_caterp_pat_pei_-_foto_guilherme_sircili_4-1068x711-1_2026-02-09_18-52-13.webp.webp?fit=1068%2C711&ssl=1&resize=525%2C300 1.5x, https:\/\/i0.wp.com\/noticiasribeiraopreto.com.br\/wp-content\/uploads\/2026\/03\/trabalho_mutirao_do_emprego_caterp_pat_pei_-_foto_guilherme_sircili_4-1068x711-1_2026-02-09_18-52-13.webp.webp?fit=1068%2C711&ssl=1&resize=700%2C400 2x, https:\/\/i0.wp.com\/noticiasribeiraopreto.com.br\/wp-content\/uploads\/2026\/03\/trabalho_mutirao_do_emprego_caterp_pat_pei_-_foto_guilherme_sircili_4-1068x711-1_2026-02-09_18-52-13.webp.webp?fit=1068%2C711&ssl=1&resize=1050%2C600 3x"},"classes":[]},{"id":84247,"url":"https:\/\/noticiasribeiraopreto.com.br\/index.php\/2026\/04\/06\/pat-ribeirao-preto-comeca-semana-com-34-vagas-de-emprego-disponiveis\/","url_meta":{"origin":83305,"position":3},"title":"PAT Ribeir\u00e3o Preto come\u00e7a semana com 34 vagas de emprego dispon\u00edveis","author":"noticiasribeiraopreto.com.br","date":"6 de April de 2026","format":false,"excerpt":"Ler o resumo da not\u00edcia PAT Ribeir\u00e3o Preto come\u00e7a semana com 34 vagas de emprego dispon\u00edveis O PAT de Ribeir\u00e3o Preto fica na avenida Dr. Francisco Junqueira, 2625, no Jardim Macedo. Para se candidatar \u00e9 necess\u00e1rio que os interessados compare\u00e7am ao PAT de Ribeir\u00e3o Preto com RG, CPF e Carteira\u2026","rel":"","context":"In &quot;Not\u00edcias de Ribeir\u00e3o Preto-SP e Regi\u00e3o&quot;","block_context":{"text":"Not\u00edcias de Ribeir\u00e3o Preto-SP e Regi\u00e3o","link":"https:\/\/noticiasribeiraopreto.com.br\/index.php\/category\/noticias-de-ribeirao-preto-sp-e-regiao-ismael-colosi\/"},"img":{"alt_text":"","src":"https:\/\/i0.wp.com\/noticiasribeiraopreto.com.br\/wp-content\/uploads\/2026\/04\/carteira_de_1024x576_27092020203402_2025-07-07_21-38-43.webp.webp?fit=1024%2C576&ssl=1&resize=350%2C200","width":350,"height":200,"srcset":"https:\/\/i0.wp.com\/noticiasribeiraopreto.com.br\/wp-content\/uploads\/2026\/04\/carteira_de_1024x576_27092020203402_2025-07-07_21-38-43.webp.webp?fit=1024%2C576&ssl=1&resize=350%2C200 1x, https:\/\/i0.wp.com\/noticiasribeiraopreto.com.br\/wp-content\/uploads\/2026\/04\/carteira_de_1024x576_27092020203402_2025-07-07_21-38-43.webp.webp?fit=1024%2C576&ssl=1&resize=525%2C300 1.5x, https:\/\/i0.wp.com\/noticiasribeiraopreto.com.br\/wp-content\/uploads\/2026\/04\/carteira_de_1024x576_27092020203402_2025-07-07_21-38-43.webp.webp?fit=1024%2C576&ssl=1&resize=700%2C400 2x"},"classes":[]},{"id":83090,"url":"https:\/\/noticiasribeiraopreto.com.br\/index.php\/2026\/03\/09\/pat-ribeirao-preto-comeca-semana-com-52-vagas-de-emprego-confira-a-lista\/","url_meta":{"origin":83305,"position":4},"title":"PAT Ribeir\u00e3o Preto come\u00e7a semana com 52 vagas de emprego; Confira a lista","author":"noticiasribeiraopreto.com.br","date":"9 de March de 2026","format":false,"excerpt":"O PAT (Posto de Atendimento ao Trabalhador) de Ribeir\u00e3o Preto come\u00e7a a semana com 52 vagas de emprego dispon\u00edveis. Entre as oportunidades oferecidas nesta segunda-feira (9) est\u00e3o para auxiliar de cozinha, engenheiro civil, balconista e gar\u00e7om. O PAT de Ribeir\u00e3o Preto fica avenida Dr. Francisco Junqueira, 2625, no Jardim Macedo.\u2026","rel":"","context":"In &quot;Not\u00edcias de Ribeir\u00e3o Preto-SP e Regi\u00e3o&quot;","block_context":{"text":"Not\u00edcias de Ribeir\u00e3o Preto-SP e Regi\u00e3o","link":"https:\/\/noticiasribeiraopreto.com.br\/index.php\/category\/noticias-de-ribeirao-preto-sp-e-regiao-ismael-colosi\/"},"img":{"alt_text":"","src":"https:\/\/i0.wp.com\/noticiasribeiraopreto.com.br\/wp-content\/uploads\/2025\/07\/carteira_de_1024x576_27092020203402_2025-07-07_21-38-43.webp.webp?fit=1024%2C576&ssl=1&resize=350%2C200","width":350,"height":200,"srcset":"https:\/\/i0.wp.com\/noticiasribeiraopreto.com.br\/wp-content\/uploads\/2025\/07\/carteira_de_1024x576_27092020203402_2025-07-07_21-38-43.webp.webp?fit=1024%2C576&ssl=1&resize=350%2C200 1x, https:\/\/i0.wp.com\/noticiasribeiraopreto.com.br\/wp-content\/uploads\/2025\/07\/carteira_de_1024x576_27092020203402_2025-07-07_21-38-43.webp.webp?fit=1024%2C576&ssl=1&resize=525%2C300 1.5x, https:\/\/i0.wp.com\/noticiasribeiraopreto.com.br\/wp-content\/uploads\/2025\/07\/carteira_de_1024x576_27092020203402_2025-07-07_21-38-43.webp.webp?fit=1024%2C576&ssl=1&resize=700%2C400 2x"},"classes":[]},{"id":47438,"url":"https:\/\/noticiasribeiraopreto.com.br\/index.php\/2024\/04\/25\/oportunidade-confira-as-vagas-de-emprego-disponiveis-em-ribeirao-preto\/","url_meta":{"origin":83305,"position":5},"title":"Oportunidade: Confira as vagas de emprego dispon\u00edveis em Ribeir\u00e3o Preto","author":"noticiasribeiraopreto.com.br","date":"25 de April de 2024","format":false,"excerpt":"O Posto de Atendimento ao Trabalhador (PAT) de Ribeir\u00e3o Preto est\u00e1 com 54 vagas dispon\u00edveis, nesta quinta-feira (25). Entre as oportunidades est\u00e3o Serralheiro, T\u00e9cnico Eletr\u00f4nico, Auxiliar de Log\u00edstica, Operador de Telemarketing Receptivo e Auxiliar de Escrit\u00f3rio em Geral. Como se candidatar? Os interessados em alguma das vagas devem comparecer ao\u2026","rel":"","context":"In &quot;Not\u00edcias de Ribeir\u00e3o Preto-SP e Regi\u00e3o&quot;","block_context":{"text":"Not\u00edcias de Ribeir\u00e3o Preto-SP e Regi\u00e3o","link":"https:\/\/noticiasribeiraopreto.com.br\/index.php\/category\/noticias-de-ribeirao-preto-sp-e-regiao-ismael-colosi\/"},"img":{"alt_text":"","src":"https:\/\/i0.wp.com\/noticiasribeiraopreto.com.br\/wp-content\/uploads\/2024\/04\/emprego_vagas_1200x675_30092021103244.jpg?fit=1200%2C675&ssl=1&resize=350%2C200","width":350,"height":200,"srcset":"https:\/\/i0.wp.com\/noticiasribeiraopreto.com.br\/wp-content\/uploads\/2024\/04\/emprego_vagas_1200x675_30092021103244.jpg?fit=1200%2C675&ssl=1&resize=350%2C200 1x, https:\/\/i0.wp.com\/noticiasribeiraopreto.com.br\/wp-content\/uploads\/2024\/04\/emprego_vagas_1200x675_30092021103244.jpg?fit=1200%2C675&ssl=1&resize=525%2C300 1.5x, https:\/\/i0.wp.com\/noticiasribeiraopreto.com.br\/wp-content\/uploads\/2024\/04\/emprego_vagas_1200x675_30092021103244.jpg?fit=1200%2C675&ssl=1&resize=700%2C400 2x, https:\/\/i0.wp.com\/noticiasribeiraopreto.com.br\/wp-content\/uploads\/2024\/04\/emprego_vagas_1200x675_30092021103244.jpg?fit=1200%2C675&ssl=1&resize=1050%2C600 3x"},"classes":[]}],"jetpack_sharing_enabled":true,"jetpack_shortlink":"https:\/\/wp.me\/peQAOb-lFD","_links":{"self":[{"href":"https:\/\/noticiasribeiraopreto.com.br\/index.php\/wp-json\/wp\/v2\/posts\/83305","targetHints":{"allow":["GET"]}}],"collection":[{"href":"https:\/\/noticiasribeiraopreto.com.br\/index.php\/wp-json\/wp\/v2\/posts"}],"about":[{"href":"https:\/\/noticiasribeiraopreto.com.br\/index.php\/wp-json\/wp\/v2\/types\/post"}],"author":[{"embeddable":true,"href":"https:\/\/noticiasribeiraopreto.com.br\/index.php\/wp-json\/wp\/v2\/users\/1"}],"replies":[{"embeddable":true,"href":"https:\/\/noticiasribeiraopreto.com.br\/index.php\/wp-json\/wp\/v2\/comments?post=83305"}],"version-history":[{"count":0,"href":"https:\/\/noticiasribeiraopreto.com.br\/index.php\/wp-json\/wp\/v2\/posts\/83305\/revisions"}],"wp:featuredmedia":[{"embeddable":true,"href":"https:\/\/noticiasribeiraopreto.com.br\/index.php\/wp-json\/wp\/v2\/media\/83306"}],"wp:attachment":[{"href":"https:\/\/noticiasribeiraopreto.com.br\/index.php\/wp-json\/wp\/v2\/media?parent=83305"}],"wp:term":[{"taxonomy":"category","embeddable":true,"href":"https:\/\/noticiasribeiraopreto.com.br\/index.php\/wp-json\/wp\/v2\/categories?post=83305"},{"taxonomy":"post_tag","embeddable":true,"href":"https:\/\/noticiasribeiraopreto.com.br\/index.php\/wp-json\/wp\/v2\/tags?post=83305"}],"curies":[{"name":"wp","href":"https:\/\/api.w.org\/{rel}","templated":true}]}}