{"id":83307,"date":"2026-03-16T10:34:25","date_gmt":"2026-03-16T13:34:25","guid":{"rendered":"https:\/\/noticiasribeiraopreto.com.br\/index.php\/2026\/03\/16\/se-fosse-por-elenco-bonito-era-nosso-diz-atriz-tania-maria-sobre-o-oscar\/"},"modified":"2026-03-16T10:34:25","modified_gmt":"2026-03-16T13:34:25","slug":"se-fosse-por-elenco-bonito-era-nosso-diz-atriz-tania-maria-sobre-o-oscar","status":"publish","type":"post","link":"https:\/\/noticiasribeiraopreto.com.br\/index.php\/2026\/03\/16\/se-fosse-por-elenco-bonito-era-nosso-diz-atriz-tania-maria-sobre-o-oscar\/","title":{"rendered":"&#8216;Se fosse por elenco bonito, era nosso&#8217;, diz atriz T\u00e2nia Maria sobre o Oscar"},"content":{"rendered":"<div class='code-block code-block-1' style='margin: 8px 0 8px auto; text-align: right; display: block; clear: both;'>\n<p><a href=\"https:\/\/wa.link\/vpicfd\"><img data-recalc-dims=\"1\" class=\"wp-image-4922\" style=\"aspect-ratio: 2.0253164556962027; width: 561px; height: auto;\" src=\"https:\/\/i0.wp.com\/ismaelcolosi.com.br\/wp-content\/uploads\/2023\/11\/grupo-de-empregos-whatsapp-e-facebook-ismael-colosi-vagas.jpg?ssl=1\" alt=\"\" \/><\/a><\/p>\n<!-- \/wp:image -->\n<\/div>\n<p> <br \/>\n<\/p>\n<div>\n<p><em>Confira os vencedores do Oscar 2026 abaixo.<\/em><\/p>\n<p>O Agente Secreto, longa de Kleber Mendon\u00e7a Filho que estava concorrendo em quatro categorias do Oscar 2026, acabou saindo de m\u00e3os vazias da cerim\u00f4nia deste domingo, 15. Quem ficou chateada com as derrotas foi a atriz T\u00e2nia Maria, que estava acompanhando a premia\u00e7\u00e3o no Brasil.<\/p>\n<p>No Instagram, a artista de 79 anos reagiu \u00e0 premia\u00e7\u00e3o com v\u00eddeos curtos. Ela, no entanto, manteve o bom humor e fez quest\u00e3o de usar o seu carisma para animar a torcida brasileira. \u201c\u00c9\u2026 t\u00e1 bom\u201d, falou a atriz quando o resultado do pr\u00eamio de Melhor Filme foi anunciado \u2013 Uma Batalha Ap\u00f3s a Outra venceu a categoria. \u201cVou botar uma m\u00fasica pra mudar esse clima\u201d, brincou T\u00e2nia.<\/p>\n<p>Ao longo da noite, a int\u00e9rprete de Dona Sebastiana gravou uma s\u00e9rie de v\u00eddeos em que reagia aos resultados das categorias em que O Agente Secreto estava indicado. As postagens foram feitas em colabora\u00e7\u00e3o no perfil oficial do longa, da Vitrine Filmes e da pr\u00f3pria atriz.<\/p>\n<p>\u201cA gente entrou pra hist\u00f3ria s\u00f3 de ser indicado, minha gente. Se o pr\u00eamio fosse pro elenco mais bonito, a\u00ed sim era nosso\u201d, brincou quando anunciaram o pr\u00eamio de Melhor Dire\u00e7\u00e3o de Elenco. O longa Uma Batalha Ap\u00f3s a Outra foi o vencedor da categoria, que estreou na atual edi\u00e7\u00e3o do Oscar.<\/p>\n<p>Quando a produ\u00e7\u00e3o norueguesa Valor Sentimental venceu a estatueta de Melhor Filme Internacional, T\u00e2nia tentou manter as esperan\u00e7as: \u201cA noite ainda n\u00e3o acabou, minha gente. O nosso momento vem a\u00ed! N\u00e3o desanima n\u00e3o!\u201d, afirmou.<\/p>\n<p>A vit\u00f3ria, no entanto, n\u00e3o veio. No pr\u00eamio de Melhor Ator, Michael B. Jordan venceu por seu papel duplo em Pecadores. \u201cWagner, meu filho, n\u00e3o se avexe com isso n\u00e3o. Voc\u00ea n\u00e3o j\u00e1 ganhou meu cora\u00e7\u00e3o? Melhor do que esse pr\u00eamio n\u00e3o existe n\u00e3o\u201d, brincou T\u00e2nia Maria. \u201cParab\u00e9ns pra esse gringo que ganhou, mas o molho continua sendo do baiano!\u201d<\/p>\n<p>\u00a0<\/p>\n<p><strong>VENCEDORES DO OSCAR 2026:<\/strong><\/p>\n<p>Melhor Filme: \u201cUma Batalha Ap\u00f3s a Outra\u201d<\/p>\n<p>Atriz: Jessie Buckley, \u201cHamnet: A Vida Antes de Hamlet\u201d<\/p>\n<p>Ator: Michael B. Jordan, \u201cPecadores\u201d<\/p>\n<p>Dire\u00e7\u00e3o: Paul Thomas Anderson, \u201cUma Batalha Ap\u00f3s a Outra\u201d<\/p>\n<p>Can\u00e7\u00e3o Original: \u201cGolden\u201d de \u201cGuerreiras do K-Pop\u201d<\/p>\n<p>Filme Internacional:\u00a0 \u201cValor Sentimental\u201d (Noruega)<\/p>\n<p>Fotografia: \u201cPecadores\u201d<\/p>\n<p>Montagem: \u201cUma Batalha Ap\u00f3s a Outra\u201d<\/p>\n<p>Som: \u201cF1: O Filme\u201d<\/p>\n<p>Trilha Sonora Original: \u201cPecadores\u201d<\/p>\n<p>Document\u00e1rio: \u201cUm Z\u00e9 Ningu\u00e9m Contra Putin\u201d<\/p>\n<p>Document\u00e1rio em Curta-Metragem: \u201cQuartos Vazios\u201d<\/p>\n<p>Efeitos Visuais: \u201cAvatar: Fogo e Cinzas\u201d<\/p>\n<p>Dire\u00e7\u00e3o De Arte: \u201cFrankenstein\u201d<\/p>\n<p>Roteiro Original: \u201cPecadores\u201d<\/p>\n<p>Roteiro Adaptado: \u201cUma Batalha Ap\u00f3s a Outra\u201d<\/p>\n<p>Ator Coadjuvante: Sean Peann, \u201cUma Batalha Ap\u00f3s a Outra\u201d<\/p>\n<p>Curta-metragem com atores: \u201cThe Singers\u201d e \u201cTwo People Exchanging Saliva\u201d (EMPATE)<\/p>\n<p>Sele\u00e7\u00e3o de Elenco: \u201cUma Batalha Ap\u00f3s a Outra\u201d<\/p>\n<p>Maquiagem e Cabelo: \u201cFrankenstein\u201d<\/p>\n<p>Figurino: \u201cFrankenstein\u201d<\/p>\n<p>Anima\u00e7\u00e3o de Curta-Metragem: \u201cA Garota que Chorava P\u00e9rolas\u201d<\/p>\n<p>Anima\u00e7\u00e3o: \u201cGuerreiras do K-Pop\u201d<\/p>\n<p>Atriz Coadjuvante: Amy Madigan, \u201cA Hora do Mal\u201d<\/p>\n<p>\u00a0<\/p>\n<p>\u00a0<\/p>\n<p>\u00a0<\/p>\n<\/div>\n<p><br \/>\n<br \/><a href=\"https:\/\/www.tribunaribeirao.com.br\/se-fosse-por-elenco-bonito-era-nosso-diz-atriz-tania-maria-sobre-o-oscar-2\/\">Source link <\/a><\/p>\n<!-- CONTENT END 1 -->\n","protected":false},"excerpt":{"rendered":"<p>Confira os vencedores do Oscar 2026 abaixo. O Agente Secreto, longa de Kleber Mendon\u00e7a Filho que estava concorrendo em quatro categorias do Oscar 2026, acabou&#8230;<\/p>\n","protected":false},"author":1,"featured_media":83308,"comment_status":"open","ping_status":"open","sticky":false,"template":"","format":"standard","meta":{"advanced_seo_description":"","jetpack_seo_html_title":"","jetpack_seo_noindex":false,"jetpack_post_was_ever_published":false,"_jetpack_newsletter_access":"","_jetpack_dont_email_post_to_subs":false,"_jetpack_newsletter_tier_id":0,"_jetpack_memberships_contains_paywalled_content":false,"_jetpack_memberships_contains_paid_content":false,"footnotes":"","jetpack_publicize_message":"","jetpack_publicize_feature_enabled":true,"jetpack_social_post_already_shared":true,"jetpack_social_options":{"image_generator_settings":{"template":"highway","default_image_id":0,"font":"","enabled":false},"version":2}},"categories":[11],"tags":[],"class_list":["post-83307","post","type-post","status-publish","format-standard","has-post-thumbnail","hentry","category-noticias-de-ribeirao-preto-sp-e-regiao-ismael-colosi"],"jetpack_publicize_connections":[],"jetpack_featured_media_url":"https:\/\/i0.wp.com\/noticiasribeiraopreto.com.br\/wp-content\/uploads\/2026\/03\/batalha.jpeg?fit=960%2C565&ssl=1","jetpack-related-posts":[{"id":63854,"url":"https:\/\/noticiasribeiraopreto.com.br\/index.php\/2025\/02\/24\/veja-quando-e-onde-assistir-a-premiacao-do-oscar-2025\/","url_meta":{"origin":83307,"position":0},"title":"Veja quando e onde assistir a premia\u00e7\u00e3o do Oscar 2025","author":"noticiasribeiraopreto.com.br","date":"24 de February de 2025","format":false,"excerpt":"A entrega do Oscar 2025, a maior premia\u00e7\u00e3o do cinema, acontece no pr\u00f3ximo domingo (2), a partir das 21h, em Los Angeles, nos Estados Unidos. A cerim\u00f4nia ser\u00e1 transmitida em sinal aberto pela EPTV\/TV Globo, no canal por assinatura TNT e na plataforma de streaming Max. A premia\u00e7\u00e3o ser\u00e1 apresentada\u2026","rel":"","context":"In &quot;Not\u00edcias de Ribeir\u00e3o Preto-SP e Regi\u00e3o&quot;","block_context":{"text":"Not\u00edcias de Ribeir\u00e3o Preto-SP e Regi\u00e3o","link":"https:\/\/noticiasribeiraopreto.com.br\/index.php\/category\/noticias-de-ribeirao-preto-sp-e-regiao-ismael-colosi\/"},"img":{"alt_text":"","src":"https:\/\/i0.wp.com\/noticiasribeiraopreto.com.br\/wp-content\/uploads\/2025\/02\/oscar-2025_2025-02-24_13-00-04.webp.webp?fit=1200%2C675&ssl=1&resize=350%2C200","width":350,"height":200,"srcset":"https:\/\/i0.wp.com\/noticiasribeiraopreto.com.br\/wp-content\/uploads\/2025\/02\/oscar-2025_2025-02-24_13-00-04.webp.webp?fit=1200%2C675&ssl=1&resize=350%2C200 1x, https:\/\/i0.wp.com\/noticiasribeiraopreto.com.br\/wp-content\/uploads\/2025\/02\/oscar-2025_2025-02-24_13-00-04.webp.webp?fit=1200%2C675&ssl=1&resize=525%2C300 1.5x, https:\/\/i0.wp.com\/noticiasribeiraopreto.com.br\/wp-content\/uploads\/2025\/02\/oscar-2025_2025-02-24_13-00-04.webp.webp?fit=1200%2C675&ssl=1&resize=700%2C400 2x, https:\/\/i0.wp.com\/noticiasribeiraopreto.com.br\/wp-content\/uploads\/2025\/02\/oscar-2025_2025-02-24_13-00-04.webp.webp?fit=1200%2C675&ssl=1&resize=1050%2C600 3x"},"classes":[]},{"id":62751,"url":"https:\/\/noticiasribeiraopreto.com.br\/index.php\/2025\/01\/23\/ainda-estou-aqui-e-indicado-em-tres-categorias-do-oscar-2025\/","url_meta":{"origin":83307,"position":1},"title":"\u2018Ainda Estou Aqui\u2019 \u00e9 indicado em tr\u00eas categorias do Oscar 2025","author":"noticiasribeiraopreto.com.br","date":"23 de January de 2025","format":false,"excerpt":"A produ\u00e7\u00e3o brasileira \u201cAinda Estou Aqui\u201d foi indicada a tr\u00eas categorias do Oscar 2025. O an\u00fancio aconteceu na manh\u00e3 desta quinta-feira (25). Esta \u00e9 a primeira vez em que um filme brasileiro \u00e9 indicado na disputa da principal categoria do Oscar, a de Melhor Filme Al\u00e9m disso, o filme dirigido\u2026","rel":"","context":"In &quot;Not\u00edcias de Ribeir\u00e3o Preto-SP e Regi\u00e3o&quot;","block_context":{"text":"Not\u00edcias de Ribeir\u00e3o Preto-SP e Regi\u00e3o","link":"https:\/\/noticiasribeiraopreto.com.br\/index.php\/category\/noticias-de-ribeirao-preto-sp-e-regiao-ismael-colosi\/"},"img":{"alt_text":"","src":"https:\/\/i0.wp.com\/noticiasribeiraopreto.com.br\/wp-content\/uploads\/2025\/01\/ainda-estou-aqui_2025-01-23_14-48-39_jpg_2025-01-23_14-48-39.webp.webp?fit=1155%2C630&ssl=1&resize=350%2C200","width":350,"height":200,"srcset":"https:\/\/i0.wp.com\/noticiasribeiraopreto.com.br\/wp-content\/uploads\/2025\/01\/ainda-estou-aqui_2025-01-23_14-48-39_jpg_2025-01-23_14-48-39.webp.webp?fit=1155%2C630&ssl=1&resize=350%2C200 1x, https:\/\/i0.wp.com\/noticiasribeiraopreto.com.br\/wp-content\/uploads\/2025\/01\/ainda-estou-aqui_2025-01-23_14-48-39_jpg_2025-01-23_14-48-39.webp.webp?fit=1155%2C630&ssl=1&resize=525%2C300 1.5x, https:\/\/i0.wp.com\/noticiasribeiraopreto.com.br\/wp-content\/uploads\/2025\/01\/ainda-estou-aqui_2025-01-23_14-48-39_jpg_2025-01-23_14-48-39.webp.webp?fit=1155%2C630&ssl=1&resize=700%2C400 2x, https:\/\/i0.wp.com\/noticiasribeiraopreto.com.br\/wp-content\/uploads\/2025\/01\/ainda-estou-aqui_2025-01-23_14-48-39_jpg_2025-01-23_14-48-39.webp.webp?fit=1155%2C630&ssl=1&resize=1050%2C600 3x"},"classes":[]},{"id":41754,"url":"https:\/\/noticiasribeiraopreto.com.br\/index.php\/2024\/03\/11\/oppenheimer-e-o-grande-vencedor-no-oscar-2024\/","url_meta":{"origin":83307,"position":2},"title":"&#8220;Oppenheimer&#8221; \u00e9 o grande vencedor no Oscar 2024","author":"noticiasribeiraopreto.com.br","date":"11 de March de 2024","format":false,"excerpt":"11 de mar\u00e7o de 2024 | 9:0011 de mar\u00e7o de 2024 | 8:39 0Com 13 indica\u00e7\u00f5es, Oppenheimer era o favorito na 96\u00aa premia\u00e7\u00e3o do Oscar da Academia de Ci\u00eancias e Artes Cinematogr\u00e1ficas de Hollywood, seguido de Pobres criaturas, indicado para 11 premia\u00e7\u00f5es, e de Barbie, com sete.Ao final da noite,\u2026","rel":"","context":"In &quot;Not\u00edcias de Ribeir\u00e3o Preto-SP e Regi\u00e3o&quot;","block_context":{"text":"Not\u00edcias de Ribeir\u00e3o Preto-SP e Regi\u00e3o","link":"https:\/\/noticiasribeiraopreto.com.br\/index.php\/category\/noticias-de-ribeirao-preto-sp-e-regiao-ismael-colosi\/"},"img":{"alt_text":"","src":"https:\/\/i0.wp.com\/noticiasribeiraopreto.com.br\/wp-content\/uploads\/2024\/03\/f5abe472-053c-4f37-bea6-2bd852aef980-scaled.jpg?fit=967%2C645&ssl=1&resize=350%2C200","width":350,"height":200,"srcset":"https:\/\/i0.wp.com\/noticiasribeiraopreto.com.br\/wp-content\/uploads\/2024\/03\/f5abe472-053c-4f37-bea6-2bd852aef980-scaled.jpg?fit=967%2C645&ssl=1&resize=350%2C200 1x, https:\/\/i0.wp.com\/noticiasribeiraopreto.com.br\/wp-content\/uploads\/2024\/03\/f5abe472-053c-4f37-bea6-2bd852aef980-scaled.jpg?fit=967%2C645&ssl=1&resize=525%2C300 1.5x, https:\/\/i0.wp.com\/noticiasribeiraopreto.com.br\/wp-content\/uploads\/2024\/03\/f5abe472-053c-4f37-bea6-2bd852aef980-scaled.jpg?fit=967%2C645&ssl=1&resize=700%2C400 2x"},"classes":[]},{"id":31802,"url":"https:\/\/noticiasribeiraopreto.com.br\/index.php\/2024\/01\/23\/oscar-2024-divulga-lista-de-indicados-veja-as-principais-categorias\/","url_meta":{"origin":83307,"position":3},"title":"Oscar 2024 divulga lista de indicados; veja as principais categorias","author":"noticiasribeiraopreto.com.br","date":"23 de January de 2024","format":false,"excerpt":"Come\u00e7a nesta ter\u00e7a-feira (22) a \u00e9poca mais importante do ano para os cin\u00e9filos. Foi dada a largada para a corrida pela estatueta do Oscar 2024, com a divulga\u00e7\u00e3o da lista de indicados numa transmiss\u00e3o ao vivo no site, no YouTube e nas redes sociais da Academia. A 96\u00aa edi\u00e7\u00e3o do\u2026","rel":"","context":"In &quot;Dinheiro e Investimento&quot;","block_context":{"text":"Dinheiro e Investimento","link":"https:\/\/noticiasribeiraopreto.com.br\/index.php\/category\/dinheiro-e-investimento-como-fazer-como-ganhar\/"},"img":{"alt_text":"","src":"https:\/\/i0.wp.com\/noticiasribeiraopreto.com.br\/wp-content\/uploads\/2024\/01\/oscar-2023-1-715x402.jpg?fit=715%2C402&ssl=1&resize=350%2C200","width":350,"height":200,"srcset":"https:\/\/i0.wp.com\/noticiasribeiraopreto.com.br\/wp-content\/uploads\/2024\/01\/oscar-2023-1-715x402.jpg?fit=715%2C402&ssl=1&resize=350%2C200 1x, https:\/\/i0.wp.com\/noticiasribeiraopreto.com.br\/wp-content\/uploads\/2024\/01\/oscar-2023-1-715x402.jpg?fit=715%2C402&ssl=1&resize=525%2C300 1.5x, https:\/\/i0.wp.com\/noticiasribeiraopreto.com.br\/wp-content\/uploads\/2024\/01\/oscar-2023-1-715x402.jpg?fit=715%2C402&ssl=1&resize=700%2C400 2x"},"classes":[]},{"id":31221,"url":"https:\/\/noticiasribeiraopreto.com.br\/index.php\/2024\/01\/21\/critics-choice-awards-2024-e-emmy-awards-agitaram-o-inicio-da-semana\/","url_meta":{"origin":83307,"position":4},"title":"Critics Choice Awards 2024 e Emmy Awards agitaram o in\u00edcio da semana\u00a0","author":"noticiasribeiraopreto.com.br","date":"21 de January de 2024","format":false,"excerpt":"Os amantes do cinema e televis\u00e3o tiveram uma semana cheia de discuss\u00e3o sobre os grandes vencedores de duas importantes premia\u00e7\u00f5es mundiais: o Critics Choice Awards 2024 e o Emmy Awards. A primeira aconteceu na noite de domingo e a outra na segunda-feira.\u00a0A 75\u00aa edi\u00e7\u00e3o do Emmy Awards, premia\u00e7\u00e3o da Academia\u2026","rel":"","context":"In &quot;Not\u00edcias de Ribeir\u00e3o Preto-SP e Regi\u00e3o&quot;","block_context":{"text":"Not\u00edcias de Ribeir\u00e3o Preto-SP e Regi\u00e3o","link":"https:\/\/noticiasribeiraopreto.com.br\/index.php\/category\/noticias-de-ribeirao-preto-sp-e-regiao-ismael-colosi\/"},"img":{"alt_text":"","src":"https:\/\/i0.wp.com\/noticiasribeiraopreto.com.br\/wp-content\/uploads\/2024\/01\/1-o-urso3-1024x576-1-scaled.jpg?fit=1000%2C563&ssl=1&resize=350%2C200","width":350,"height":200,"srcset":"https:\/\/i0.wp.com\/noticiasribeiraopreto.com.br\/wp-content\/uploads\/2024\/01\/1-o-urso3-1024x576-1-scaled.jpg?fit=1000%2C563&ssl=1&resize=350%2C200 1x, https:\/\/i0.wp.com\/noticiasribeiraopreto.com.br\/wp-content\/uploads\/2024\/01\/1-o-urso3-1024x576-1-scaled.jpg?fit=1000%2C563&ssl=1&resize=525%2C300 1.5x, https:\/\/i0.wp.com\/noticiasribeiraopreto.com.br\/wp-content\/uploads\/2024\/01\/1-o-urso3-1024x576-1-scaled.jpg?fit=1000%2C563&ssl=1&resize=700%2C400 2x"},"classes":[]},{"id":63939,"url":"https:\/\/noticiasribeiraopreto.com.br\/index.php\/2025\/02\/26\/oscar-2025-ribeiraoshopping-exibe-principais-concorrentes-ao-premio-com-ingressos-promocionais\/","url_meta":{"origin":83307,"position":5},"title":"Oscar 2025: Ribeir\u00e3oShopping exibe principais concorrentes ao pr\u00eamio com ingressos promocionais","author":"noticiasribeiraopreto.com.br","date":"26 de February de 2025","format":false,"excerpt":"Nos dias 27 e 28 de fevereiro, o Ribeir\u00e3oShopping participa de mais uma edi\u00e7\u00e3o do UCI Day Oscar, que exibe os principais concorrentes ao Oscar \u2013 principal premia\u00e7\u00e3o cinematogr\u00e1fica do mundo \u2013 por um valor promocional. A cerim\u00f4nia acontece na semana seguinte, dia 2 mar\u00e7o (domingo), em Los Angeles, nos\u2026","rel":"","context":"In &quot;Not\u00edcias de Ribeir\u00e3o Preto-SP e Regi\u00e3o&quot;","block_context":{"text":"Not\u00edcias de Ribeir\u00e3o Preto-SP e Regi\u00e3o","link":"https:\/\/noticiasribeiraopreto.com.br\/index.php\/category\/noticias-de-ribeirao-preto-sp-e-regiao-ismael-colosi\/"},"img":{"alt_text":"","src":"https:\/\/i0.wp.com\/noticiasribeiraopreto.com.br\/wp-content\/uploads\/2025\/02\/WhatsApp-Image-2025-02-25-at-14.49.59.jpeg?fit=1200%2C844&ssl=1&resize=350%2C200","width":350,"height":200,"srcset":"https:\/\/i0.wp.com\/noticiasribeiraopreto.com.br\/wp-content\/uploads\/2025\/02\/WhatsApp-Image-2025-02-25-at-14.49.59.jpeg?fit=1200%2C844&ssl=1&resize=350%2C200 1x, https:\/\/i0.wp.com\/noticiasribeiraopreto.com.br\/wp-content\/uploads\/2025\/02\/WhatsApp-Image-2025-02-25-at-14.49.59.jpeg?fit=1200%2C844&ssl=1&resize=525%2C300 1.5x, https:\/\/i0.wp.com\/noticiasribeiraopreto.com.br\/wp-content\/uploads\/2025\/02\/WhatsApp-Image-2025-02-25-at-14.49.59.jpeg?fit=1200%2C844&ssl=1&resize=700%2C400 2x, https:\/\/i0.wp.com\/noticiasribeiraopreto.com.br\/wp-content\/uploads\/2025\/02\/WhatsApp-Image-2025-02-25-at-14.49.59.jpeg?fit=1200%2C844&ssl=1&resize=1050%2C600 3x"},"classes":[]}],"jetpack_sharing_enabled":true,"jetpack_shortlink":"https:\/\/wp.me\/peQAOb-lFF","_links":{"self":[{"href":"https:\/\/noticiasribeiraopreto.com.br\/index.php\/wp-json\/wp\/v2\/posts\/83307","targetHints":{"allow":["GET"]}}],"collection":[{"href":"https:\/\/noticiasribeiraopreto.com.br\/index.php\/wp-json\/wp\/v2\/posts"}],"about":[{"href":"https:\/\/noticiasribeiraopreto.com.br\/index.php\/wp-json\/wp\/v2\/types\/post"}],"author":[{"embeddable":true,"href":"https:\/\/noticiasribeiraopreto.com.br\/index.php\/wp-json\/wp\/v2\/users\/1"}],"replies":[{"embeddable":true,"href":"https:\/\/noticiasribeiraopreto.com.br\/index.php\/wp-json\/wp\/v2\/comments?post=83307"}],"version-history":[{"count":0,"href":"https:\/\/noticiasribeiraopreto.com.br\/index.php\/wp-json\/wp\/v2\/posts\/83307\/revisions"}],"wp:featuredmedia":[{"embeddable":true,"href":"https:\/\/noticiasribeiraopreto.com.br\/index.php\/wp-json\/wp\/v2\/media\/83308"}],"wp:attachment":[{"href":"https:\/\/noticiasribeiraopreto.com.br\/index.php\/wp-json\/wp\/v2\/media?parent=83307"}],"wp:term":[{"taxonomy":"category","embeddable":true,"href":"https:\/\/noticiasribeiraopreto.com.br\/index.php\/wp-json\/wp\/v2\/categories?post=83307"},{"taxonomy":"post_tag","embeddable":true,"href":"https:\/\/noticiasribeiraopreto.com.br\/index.php\/wp-json\/wp\/v2\/tags?post=83307"}],"curies":[{"name":"wp","href":"https:\/\/api.w.org\/{rel}","templated":true}]}}