{"id":83309,"date":"2026-03-16T10:37:34","date_gmt":"2026-03-16T13:37:34","guid":{"rendered":"https:\/\/noticiasribeiraopreto.com.br\/index.php\/2026\/03\/16\/policia-prende-dois-suspeitos-de-participacao-na-morte-de-homem-durante-assalto-em-ribeirao-preto\/"},"modified":"2026-03-16T10:37:34","modified_gmt":"2026-03-16T13:37:34","slug":"policia-prende-dois-suspeitos-de-participacao-na-morte-de-homem-durante-assalto-em-ribeirao-preto","status":"publish","type":"post","link":"https:\/\/noticiasribeiraopreto.com.br\/index.php\/2026\/03\/16\/policia-prende-dois-suspeitos-de-participacao-na-morte-de-homem-durante-assalto-em-ribeirao-preto\/","title":{"rendered":"Pol\u00edcia prende dois suspeitos de participa\u00e7\u00e3o na morte de homem durante assalto em Ribeir\u00e3o Preto"},"content":{"rendered":"<div class='code-block code-block-1' style='margin: 8px 0 8px auto; text-align: right; display: block; clear: both;'>\n<p><a href=\"https:\/\/wa.link\/vpicfd\"><img data-recalc-dims=\"1\" class=\"wp-image-4922\" style=\"aspect-ratio: 2.0253164556962027; width: 561px; height: auto;\" src=\"https:\/\/i0.wp.com\/ismaelcolosi.com.br\/wp-content\/uploads\/2023\/11\/grupo-de-empregos-whatsapp-e-facebook-ismael-colosi-vagas.jpg?ssl=1\" alt=\"\" \/><\/a><\/p>\n<!-- \/wp:image -->\n<\/div>\n<p> <br \/>\n<\/p>\n<div data-td-block-uid=\"tdi_95\">\n<div class=\"tdb-block-inner td-fix-index\">\n<p><strong>A Pol\u00edcia Civil prendeu nesta segunda-feira (16) dois suspeitos de um latroc\u00ednio ocorrido no \u00faltimo dia 20 de fevereiro, perto de um bar no Jardim Presidente Dutra I, zona Norte de Ribeir\u00e3o Preto.<\/strong><\/p>\n<p>A <strong>v\u00edtima<\/strong>, identificada como <strong>Reinaldo Luiz Gon\u00e7alves<\/strong>, <strong>reagiu<\/strong> ao <strong>crime<\/strong> usando uma <strong>cadeira <\/strong>para se <strong>defender <\/strong>e acabou <strong>baleada <\/strong>na <strong>a\u00e7\u00e3o<\/strong>. <\/p>\n<p>Segundo a pol\u00edcia, nesta segunda foram apreendidos carros e motos, celulares, joias e dinheiro. A opera\u00e7\u00e3o foi realizada nos bairros Jardim Ouro Branco e Ipiranga.<\/p>\n<p>\u201cA investiga\u00e7\u00e3o demonstrou organiza\u00e7\u00e3o criminosa voltada a roubos de joias, apontando pelo menos quatro roubos ocorridos em Ribeir\u00e3o Preto. H\u00e1, ainda, fortes ind\u00edcios de lavagem de dinheiro\u201d, disse a pol\u00edcia.<\/p>\n<p>O caso est\u00e1 em andamento na DIG (Delegacia de Investiga\u00e7\u00f5es Gerais).<\/p>\n<blockquote class=\"instagram-media\" data-instgrm-permalink=\"https:\/\/www.instagram.com\/reel\/DV8X739jm4O\/?utm_source=ig_embed&amp;utm_campaign=loading\" data-instgrm-version=\"14\" style=\" background:#FFF; border:0; border-radius:3px; box-shadow:0 0 1px 0 rgba(0,0,0,0.5),0 1px 10px 0 rgba(0,0,0,0.15); margin: 1px; max-width:540px; min-width:326px; padding:0; width:99.375%; width:-webkit-calc(100% - 2px); width:calc(100% - 2px);\"\/>\n<p><!-- AI CONTENT END 1 -->\n<\/div>\n<\/div>\n<p><script async src=\"\/\/www.instagram.com\/embed.js\"><\/script><br \/>\n<br \/><br \/>\n<br \/><a href=\"https:\/\/www.acidadeon.com\/ribeiraopreto\/cotidiano\/policia-prende-dois-suspeitos-de-participacao-na-morte-de-homem-durante-assalto-em-ribeirao-preto\/\">Source link <\/a><\/p>\n<!-- CONTENT END 1 -->\n","protected":false},"excerpt":{"rendered":"<p>A Pol\u00edcia Civil prendeu nesta segunda-feira (16) dois suspeitos de um latroc\u00ednio ocorrido no \u00faltimo dia 20 de fevereiro, perto de um bar no Jardim&#8230;<\/p>\n","protected":false},"author":1,"featured_media":83310,"comment_status":"open","ping_status":"open","sticky":false,"template":"","format":"standard","meta":{"advanced_seo_description":"","jetpack_seo_html_title":"","jetpack_seo_noindex":false,"jetpack_post_was_ever_published":false,"_jetpack_newsletter_access":"","_jetpack_dont_email_post_to_subs":false,"_jetpack_newsletter_tier_id":0,"_jetpack_memberships_contains_paywalled_content":false,"_jetpack_memberships_contains_paid_content":false,"footnotes":"","jetpack_publicize_message":"","jetpack_publicize_feature_enabled":true,"jetpack_social_post_already_shared":true,"jetpack_social_options":{"image_generator_settings":{"template":"highway","default_image_id":0,"font":"","enabled":false},"version":2}},"categories":[11],"tags":[],"class_list":["post-83309","post","type-post","status-publish","format-standard","has-post-thumbnail","hentry","category-noticias-de-ribeirao-preto-sp-e-regiao-ismael-colosi"],"jetpack_publicize_connections":[],"jetpack_featured_media_url":"https:\/\/i0.wp.com\/noticiasribeiraopreto.com.br\/wp-content\/uploads\/2026\/03\/POLICIA_2026-03-16_11-22-45.webp.webp?fit=1200%2C861&ssl=1","jetpack-related-posts":[{"id":83636,"url":"https:\/\/noticiasribeiraopreto.com.br\/index.php\/2026\/03\/23\/policia-civil-prende-suspeito-de-matar-homem-durante-assalto-em-ribeirao-preto\/","url_meta":{"origin":83309,"position":0},"title":"Pol\u00edcia Civil prende suspeito de matar homem durante assalto em Ribeir\u00e3o Preto","author":"noticiasribeiraopreto.com.br","date":"23 de March de 2026","format":false,"excerpt":"A Pol\u00edcia Civil prendeu nesta segunda-feira (23) o suspeito de um latroc\u00ednio ocorrido no \u00faltimo dia 20 de fevereiro, perto de um bar no Jardim Presidente Dutra I, zona Norte de Ribeir\u00e3o Preto. Segundo a pol\u00edcia, o homem preso, identificado como Thiago Daniel Freitas Garcia, conhecido como \u201cOreia\u201d, de 23\u2026","rel":"","context":"In &quot;Not\u00edcias de Ribeir\u00e3o Preto-SP e Regi\u00e3o&quot;","block_context":{"text":"Not\u00edcias de Ribeir\u00e3o Preto-SP e Regi\u00e3o","link":"https:\/\/noticiasribeiraopreto.com.br\/index.php\/category\/noticias-de-ribeirao-preto-sp-e-regiao-ismael-colosi\/"},"img":{"alt_text":"","src":"https:\/\/i0.wp.com\/noticiasribeiraopreto.com.br\/wp-content\/uploads\/2026\/03\/WhatsApp-Image-2026-03-23-at-06.47.27_2026-03-23_09-51-42.webp.webp?fit=1200%2C675&ssl=1&resize=350%2C200","width":350,"height":200,"srcset":"https:\/\/i0.wp.com\/noticiasribeiraopreto.com.br\/wp-content\/uploads\/2026\/03\/WhatsApp-Image-2026-03-23-at-06.47.27_2026-03-23_09-51-42.webp.webp?fit=1200%2C675&ssl=1&resize=350%2C200 1x, https:\/\/i0.wp.com\/noticiasribeiraopreto.com.br\/wp-content\/uploads\/2026\/03\/WhatsApp-Image-2026-03-23-at-06.47.27_2026-03-23_09-51-42.webp.webp?fit=1200%2C675&ssl=1&resize=525%2C300 1.5x, https:\/\/i0.wp.com\/noticiasribeiraopreto.com.br\/wp-content\/uploads\/2026\/03\/WhatsApp-Image-2026-03-23-at-06.47.27_2026-03-23_09-51-42.webp.webp?fit=1200%2C675&ssl=1&resize=700%2C400 2x, https:\/\/i0.wp.com\/noticiasribeiraopreto.com.br\/wp-content\/uploads\/2026\/03\/WhatsApp-Image-2026-03-23-at-06.47.27_2026-03-23_09-51-42.webp.webp?fit=1200%2C675&ssl=1&resize=1050%2C600 3x"},"classes":[]},{"id":80244,"url":"https:\/\/noticiasribeiraopreto.com.br\/index.php\/2025\/11\/18\/policia-civil-prende-suspeitos-de-integrar-quadrilha-de-roubos-de-joias-que-agiu-em-ribeirao-preto\/","url_meta":{"origin":83309,"position":1},"title":"Pol\u00edcia Civil prende suspeitos de integrar quadrilha de roubos de joias que agiu em Ribeir\u00e3o Preto","author":"noticiasribeiraopreto.com.br","date":"18 de November de 2025","format":false,"excerpt":"A Pol\u00edcia Civil prendeu nesta ter\u00e7a-feira (18) quatro suspeitos de integrar uma quadrilha especializada em roubos de joias. Ap\u00f3s um assalto ocorrido em maio deste ano, no bairro Ribeir\u00e2nia, zona Leste de Ribeir\u00e3o Preto, uma das v\u00edtimas reconheceu as joias roubadas sendo vendidas em um programa de TV. Na opera\u00e7\u00e3o\u2026","rel":"","context":"In &quot;Not\u00edcias de Ribeir\u00e3o Preto-SP e Regi\u00e3o&quot;","block_context":{"text":"Not\u00edcias de Ribeir\u00e3o Preto-SP e Regi\u00e3o","link":"https:\/\/noticiasribeiraopreto.com.br\/index.php\/category\/noticias-de-ribeirao-preto-sp-e-regiao-ismael-colosi\/"},"img":{"alt_text":"","src":"https:\/\/i0.wp.com\/noticiasribeiraopreto.com.br\/wp-content\/uploads\/2025\/11\/roubo-joias_2025-11-18_14-15-20.webp.webp?fit=1200%2C833&ssl=1&resize=350%2C200","width":350,"height":200,"srcset":"https:\/\/i0.wp.com\/noticiasribeiraopreto.com.br\/wp-content\/uploads\/2025\/11\/roubo-joias_2025-11-18_14-15-20.webp.webp?fit=1200%2C833&ssl=1&resize=350%2C200 1x, https:\/\/i0.wp.com\/noticiasribeiraopreto.com.br\/wp-content\/uploads\/2025\/11\/roubo-joias_2025-11-18_14-15-20.webp.webp?fit=1200%2C833&ssl=1&resize=525%2C300 1.5x, https:\/\/i0.wp.com\/noticiasribeiraopreto.com.br\/wp-content\/uploads\/2025\/11\/roubo-joias_2025-11-18_14-15-20.webp.webp?fit=1200%2C833&ssl=1&resize=700%2C400 2x, https:\/\/i0.wp.com\/noticiasribeiraopreto.com.br\/wp-content\/uploads\/2025\/11\/roubo-joias_2025-11-18_14-15-20.webp.webp?fit=1200%2C833&ssl=1&resize=1050%2C600 3x"},"classes":[]},{"id":62080,"url":"https:\/\/noticiasribeiraopreto.com.br\/index.php\/2025\/01\/02\/policia-prende-dois-suspeito-de-envolvimento-no-roubo-de-dolares-e-joias-em-ribeirao-preto\/","url_meta":{"origin":83309,"position":2},"title":"Pol\u00edcia prende dois suspeito\u00a0de envolvimento no roubo de d\u00f3lares e joias em Ribeir\u00e3o Preto","author":"noticiasribeiraopreto.com.br","date":"2 de January de 2025","format":false,"excerpt":"Dois suspeitos foram presos nesta quinta-feira (2), por suspeita de envolvimento no roubo de 100 mil d\u00f3lares e uma maleta com joias avaliadas em R$ 4 milh\u00f5es em Ribeir\u00e3o Preto. O crime aconteceu na \u00faltima ter\u00e7a-feira (31), v\u00e9spera de Ano Novo, em uma resid\u00eancia do bairro Alto da Boa Vista,\u2026","rel":"","context":"In &quot;Not\u00edcias de Ribeir\u00e3o Preto-SP e Regi\u00e3o&quot;","block_context":{"text":"Not\u00edcias de Ribeir\u00e3o Preto-SP e Regi\u00e3o","link":"https:\/\/noticiasribeiraopreto.com.br\/index.php\/category\/noticias-de-ribeirao-preto-sp-e-regiao-ismael-colosi\/"},"img":{"alt_text":"","src":"https:\/\/i0.wp.com\/noticiasribeiraopreto.com.br\/wp-content\/uploads\/2025\/01\/Copia-de-Copia-de-Copia-de-TAMANHO-EXATO-PARA-FOTOS-NO-SISTEMA-NOVO-2025-01-02T190210.856_2025-01-02_22-02-16_png_2025-01-02_22-02-16.webp.webp?fit=1200%2C675&ssl=1&resize=350%2C200","width":350,"height":200,"srcset":"https:\/\/i0.wp.com\/noticiasribeiraopreto.com.br\/wp-content\/uploads\/2025\/01\/Copia-de-Copia-de-Copia-de-TAMANHO-EXATO-PARA-FOTOS-NO-SISTEMA-NOVO-2025-01-02T190210.856_2025-01-02_22-02-16_png_2025-01-02_22-02-16.webp.webp?fit=1200%2C675&ssl=1&resize=350%2C200 1x, https:\/\/i0.wp.com\/noticiasribeiraopreto.com.br\/wp-content\/uploads\/2025\/01\/Copia-de-Copia-de-Copia-de-TAMANHO-EXATO-PARA-FOTOS-NO-SISTEMA-NOVO-2025-01-02T190210.856_2025-01-02_22-02-16_png_2025-01-02_22-02-16.webp.webp?fit=1200%2C675&ssl=1&resize=525%2C300 1.5x, https:\/\/i0.wp.com\/noticiasribeiraopreto.com.br\/wp-content\/uploads\/2025\/01\/Copia-de-Copia-de-Copia-de-TAMANHO-EXATO-PARA-FOTOS-NO-SISTEMA-NOVO-2025-01-02T190210.856_2025-01-02_22-02-16_png_2025-01-02_22-02-16.webp.webp?fit=1200%2C675&ssl=1&resize=700%2C400 2x, https:\/\/i0.wp.com\/noticiasribeiraopreto.com.br\/wp-content\/uploads\/2025\/01\/Copia-de-Copia-de-Copia-de-TAMANHO-EXATO-PARA-FOTOS-NO-SISTEMA-NOVO-2025-01-02T190210.856_2025-01-02_22-02-16_png_2025-01-02_22-02-16.webp.webp?fit=1200%2C675&ssl=1&resize=1050%2C600 3x"},"classes":[]},{"id":1204,"url":"https:\/\/noticiasribeiraopreto.com.br\/index.php\/2023\/11\/10\/policia-cumpre-mandado-contra-suspeito-de-roubo-em-joalheria-de-ribeirao-preto\/","url_meta":{"origin":83309,"position":3},"title":"Pol\u00edcia cumpre mandado contra suspeito de roubo em joalheria de Ribeir\u00e3o Preto","author":"noticiasribeiraopreto.com.br","date":"10 de November de 2023","format":false,"excerpt":"A Pol\u00edcia Civil cumpriu tr\u00eas mandados de busca e apreens\u00e3o nesta sexta-feira (10), na resid\u00eancia dos acusados de um roubo em uma joalheria no Centro de Ribeir\u00e3o Preto, em outubro deste ano. De acordo com a pol\u00edcia, as ordens judiciais foram cumpridas em um com\u00e9rcio que possivelmente teria recebido \u00e0s\u2026","rel":"","context":"In &quot;Not\u00edcias de Ribeir\u00e3o Preto-SP e Regi\u00e3o&quot;","block_context":{"text":"Not\u00edcias de Ribeir\u00e3o Preto-SP e Regi\u00e3o","link":"https:\/\/noticiasribeiraopreto.com.br\/index.php\/category\/noticias-de-ribeirao-preto-sp-e-regiao-ismael-colosi\/"},"img":{"alt_text":"","src":"https:\/\/i0.wp.com\/noticiasribeiraopreto.com.br\/wp-content\/uploads\/2023\/11\/coxpia_de_tamanho_exato_para_fotos_no_sistema_novo.png?fit=1200%2C675&ssl=1&resize=350%2C200","width":350,"height":200,"srcset":"https:\/\/i0.wp.com\/noticiasribeiraopreto.com.br\/wp-content\/uploads\/2023\/11\/coxpia_de_tamanho_exato_para_fotos_no_sistema_novo.png?fit=1200%2C675&ssl=1&resize=350%2C200 1x, https:\/\/i0.wp.com\/noticiasribeiraopreto.com.br\/wp-content\/uploads\/2023\/11\/coxpia_de_tamanho_exato_para_fotos_no_sistema_novo.png?fit=1200%2C675&ssl=1&resize=525%2C300 1.5x, https:\/\/i0.wp.com\/noticiasribeiraopreto.com.br\/wp-content\/uploads\/2023\/11\/coxpia_de_tamanho_exato_para_fotos_no_sistema_novo.png?fit=1200%2C675&ssl=1&resize=700%2C400 2x, https:\/\/i0.wp.com\/noticiasribeiraopreto.com.br\/wp-content\/uploads\/2023\/11\/coxpia_de_tamanho_exato_para_fotos_no_sistema_novo.png?fit=1200%2C675&ssl=1&resize=1050%2C600 3x"},"classes":[]},{"id":74537,"url":"https:\/\/noticiasribeiraopreto.com.br\/index.php\/2025\/07\/24\/casal-e-amarrado-durante-roubo-de-joias-e-eletronicos-na-regiao-de-ribeirao-preto\/","url_meta":{"origin":83309,"position":4},"title":"Casal \u00e9 amarrado durante roubo de joias e eletr\u00f4nicos na regi\u00e3o de Ribeir\u00e3o Preto","author":"noticiasribeiraopreto.com.br","date":"24 de July de 2025","format":false,"excerpt":"Um casal foi amarrado em um quarto de casa durante um roubo na noite desta quarta-feira (23), em Brodowski, na regi\u00e3o de Ribeir\u00e3o Preto. Dois suspeitos foram presos. Segundo o boletim de ocorr\u00eancia (BO), foram roubados joias e eletr\u00f4nicos, e uma das v\u00edtimas, um homem de 55 anos, acabou agredido\u2026","rel":"","context":"In &quot;Not\u00edcias de Ribeir\u00e3o Preto-SP e Regi\u00e3o&quot;","block_context":{"text":"Not\u00edcias de Ribeir\u00e3o Preto-SP e Regi\u00e3o","link":"https:\/\/noticiasribeiraopreto.com.br\/index.php\/category\/noticias-de-ribeirao-preto-sp-e-regiao-ismael-colosi\/"},"img":{"alt_text":"","src":"https:\/\/i0.wp.com\/noticiasribeiraopreto.com.br\/wp-content\/uploads\/2025\/07\/1753372569_20220620_114539075_policia_qru_1024x576_25052021184749_jpg_715985292.jpg?fit=1200%2C606&ssl=1&resize=350%2C200","width":350,"height":200,"srcset":"https:\/\/i0.wp.com\/noticiasribeiraopreto.com.br\/wp-content\/uploads\/2025\/07\/1753372569_20220620_114539075_policia_qru_1024x576_25052021184749_jpg_715985292.jpg?fit=1200%2C606&ssl=1&resize=350%2C200 1x, https:\/\/i0.wp.com\/noticiasribeiraopreto.com.br\/wp-content\/uploads\/2025\/07\/1753372569_20220620_114539075_policia_qru_1024x576_25052021184749_jpg_715985292.jpg?fit=1200%2C606&ssl=1&resize=525%2C300 1.5x, https:\/\/i0.wp.com\/noticiasribeiraopreto.com.br\/wp-content\/uploads\/2025\/07\/1753372569_20220620_114539075_policia_qru_1024x576_25052021184749_jpg_715985292.jpg?fit=1200%2C606&ssl=1&resize=700%2C400 2x, https:\/\/i0.wp.com\/noticiasribeiraopreto.com.br\/wp-content\/uploads\/2025\/07\/1753372569_20220620_114539075_policia_qru_1024x576_25052021184749_jpg_715985292.jpg?fit=1200%2C606&ssl=1&resize=1050%2C600 3x"},"classes":[]},{"id":77758,"url":"https:\/\/noticiasribeiraopreto.com.br\/index.php\/2025\/09\/25\/suspeitos-de-envolvimento-em-roubo-a-predio-de-ribeirao-preto-sao-presos-em-sao-paulo\/","url_meta":{"origin":83309,"position":5},"title":"Suspeitos de envolvimento em roubo a pr\u00e9dio de Ribeir\u00e3o Preto s\u00e3o presos em S\u00e3o Paulo","author":"noticiasribeiraopreto.com.br","date":"25 de September de 2025","format":false,"excerpt":"A pol\u00edcia prendeu seis pessoas suspeitas de participa\u00e7\u00e3o no roubo a um pr\u00e9dio residencial ocorrido nesta quarta-feira (24), na rua Campos Sales, no Centro de Ribeir\u00e3o Preto. Segundo a Pol\u00edcia Civil, um homem e uma mulher foram presos em Ribeir\u00e3o, dois homens em S\u00e3o Paulo e mais dois em Itapecerica\u2026","rel":"","context":"In &quot;Not\u00edcias de Ribeir\u00e3o Preto-SP e Regi\u00e3o&quot;","block_context":{"text":"Not\u00edcias de Ribeir\u00e3o Preto-SP e Regi\u00e3o","link":"https:\/\/noticiasribeiraopreto.com.br\/index.php\/category\/noticias-de-ribeirao-preto-sp-e-regiao-ismael-colosi\/"},"img":{"alt_text":"","src":"https:\/\/i0.wp.com\/noticiasribeiraopreto.com.br\/wp-content\/uploads\/2025\/09\/WhatsApp-Image-2025-09-24-at-12.02.59_2025-09-24_15-05-55.webp.webp?fit=1200%2C635&ssl=1&resize=350%2C200","width":350,"height":200,"srcset":"https:\/\/i0.wp.com\/noticiasribeiraopreto.com.br\/wp-content\/uploads\/2025\/09\/WhatsApp-Image-2025-09-24-at-12.02.59_2025-09-24_15-05-55.webp.webp?fit=1200%2C635&ssl=1&resize=350%2C200 1x, https:\/\/i0.wp.com\/noticiasribeiraopreto.com.br\/wp-content\/uploads\/2025\/09\/WhatsApp-Image-2025-09-24-at-12.02.59_2025-09-24_15-05-55.webp.webp?fit=1200%2C635&ssl=1&resize=525%2C300 1.5x, https:\/\/i0.wp.com\/noticiasribeiraopreto.com.br\/wp-content\/uploads\/2025\/09\/WhatsApp-Image-2025-09-24-at-12.02.59_2025-09-24_15-05-55.webp.webp?fit=1200%2C635&ssl=1&resize=700%2C400 2x, https:\/\/i0.wp.com\/noticiasribeiraopreto.com.br\/wp-content\/uploads\/2025\/09\/WhatsApp-Image-2025-09-24-at-12.02.59_2025-09-24_15-05-55.webp.webp?fit=1200%2C635&ssl=1&resize=1050%2C600 3x"},"classes":[]}],"jetpack_sharing_enabled":true,"jetpack_shortlink":"https:\/\/wp.me\/peQAOb-lFH","_links":{"self":[{"href":"https:\/\/noticiasribeiraopreto.com.br\/index.php\/wp-json\/wp\/v2\/posts\/83309","targetHints":{"allow":["GET"]}}],"collection":[{"href":"https:\/\/noticiasribeiraopreto.com.br\/index.php\/wp-json\/wp\/v2\/posts"}],"about":[{"href":"https:\/\/noticiasribeiraopreto.com.br\/index.php\/wp-json\/wp\/v2\/types\/post"}],"author":[{"embeddable":true,"href":"https:\/\/noticiasribeiraopreto.com.br\/index.php\/wp-json\/wp\/v2\/users\/1"}],"replies":[{"embeddable":true,"href":"https:\/\/noticiasribeiraopreto.com.br\/index.php\/wp-json\/wp\/v2\/comments?post=83309"}],"version-history":[{"count":0,"href":"https:\/\/noticiasribeiraopreto.com.br\/index.php\/wp-json\/wp\/v2\/posts\/83309\/revisions"}],"wp:featuredmedia":[{"embeddable":true,"href":"https:\/\/noticiasribeiraopreto.com.br\/index.php\/wp-json\/wp\/v2\/media\/83310"}],"wp:attachment":[{"href":"https:\/\/noticiasribeiraopreto.com.br\/index.php\/wp-json\/wp\/v2\/media?parent=83309"}],"wp:term":[{"taxonomy":"category","embeddable":true,"href":"https:\/\/noticiasribeiraopreto.com.br\/index.php\/wp-json\/wp\/v2\/categories?post=83309"},{"taxonomy":"post_tag","embeddable":true,"href":"https:\/\/noticiasribeiraopreto.com.br\/index.php\/wp-json\/wp\/v2\/tags?post=83309"}],"curies":[{"name":"wp","href":"https:\/\/api.w.org\/{rel}","templated":true}]}}