{"id":83311,"date":"2026-03-16T10:44:21","date_gmt":"2026-03-16T13:44:21","guid":{"rendered":"https:\/\/noticiasribeiraopreto.com.br\/index.php\/2026\/03\/16\/batida-entre-moto-e-onibus-deixa-dois-feridos-em-cruzamento-da-francisco-junqueira\/"},"modified":"2026-03-16T10:44:21","modified_gmt":"2026-03-16T13:44:21","slug":"batida-entre-moto-e-onibus-deixa-dois-feridos-em-cruzamento-da-francisco-junqueira","status":"publish","type":"post","link":"https:\/\/noticiasribeiraopreto.com.br\/index.php\/2026\/03\/16\/batida-entre-moto-e-onibus-deixa-dois-feridos-em-cruzamento-da-francisco-junqueira\/","title":{"rendered":"Batida entre moto e \u00f4nibus deixa dois feridos em cruzamento da Francisco Junqueira"},"content":{"rendered":"<div class='code-block code-block-1' style='margin: 8px 0 8px auto; text-align: right; display: block; clear: both;'>\n<p><a href=\"https:\/\/wa.link\/vpicfd\"><img data-recalc-dims=\"1\" class=\"wp-image-4922\" style=\"aspect-ratio: 2.0253164556962027; width: 561px; height: auto;\" src=\"https:\/\/i0.wp.com\/ismaelcolosi.com.br\/wp-content\/uploads\/2023\/11\/grupo-de-empregos-whatsapp-e-facebook-ismael-colosi-vagas.jpg?ssl=1\" alt=\"\" \/><\/a><\/p>\n<!-- \/wp:image -->\n<\/div>\n<p> <br \/>\n<\/p>\n<div data-td-block-uid=\"tdi_95\">\n<div class=\"tdb-block-inner td-fix-index\">\n<p><strong>Uma batida entre uma moto e um \u00f4nibus deixou dois feridos na madrugada desta segunda-feira (16), no cruzamento da avenida Francisco Junqueira coma rua Tibiri\u00e7\u00e1, em Ribeir\u00e3o Preto.<\/strong><\/p>\n<p>Segundo as primeiras informa\u00e7\u00f5es, um homem e uma mulher que estavam na moto foram socorridos. N\u00e3o h\u00e1, por\u00e9m, detalhes sobre o estado de sa\u00fade deles.<\/p>\n<p>O \u00f4nibus de viagem pertence a uma empresa de Sert\u00e3ozinho. O motorista n\u00e3o se feriu.<\/p>\n<p>A ocorr\u00eancia mobilizou equipes do Corpo de Bombeiros, PM (Pol\u00edcia Militar) e RP Mobi.<\/p>\n<p>O tr\u00e2nsito j\u00e1 est\u00e1 liberado no trecho e as causas ainda dever\u00e3o ser apuradas.<\/p>\n<p>SAIBA MAIS<\/p>\n<p>Sol ou chuva? Veja previs\u00e3o para a \u00faltima semana do ver\u00e3o em Ribeir\u00e3o Preto<\/p>\n<h3 class=\"wp-block-heading\"><strong>FIQUE ON<\/strong><\/h3>\n<p>Fique ligado em tudo que acontece em Ribeir\u00e3o Preto e regi\u00e3o. Siga os perfis do\u00a0<strong>acidade on<\/strong>\u00a0no\u00a0<a href=\"https:\/\/www.instagram.com\/acidadeonribeirao\" target=\"_blank\" rel=\"noreferrer noopener\">Instagram<\/a>\u00a0e no<a href=\"https:\/\/www.facebook.com\/acidadeonribeirao\/\" target=\"_blank\" rel=\"noreferrer noopener\">\u00a0Facebook<\/a>.<\/p>\n<p>Receba not\u00edcias do\u00a0<strong>acidade on<\/strong>\u00a0no WhatsApp. Para entrar no grupo,\u00a0basta\u00a0<a href=\"https:\/\/whatsapp.com\/channel\/0029Vb6IQl1JENyAeS57fk2p\" target=\"_blank\" rel=\"noreferrer noopener\">clicar aqui<\/a>. Ou, acesse o nosso\u00a0Canal\u00a0<a href=\"https:\/\/chat.whatsapp.com\/GFH9HUMUTHNFJdnyEd0xxq\" target=\"_blank\" rel=\"noreferrer noopener\">clicando aqui<\/a>.<\/p>\n<p>Fa\u00e7a uma den\u00fancia ou sugira uma reportagem sobre Ribeir\u00e3o Preto e regi\u00e3o pelo WhatsApp: 16 99117 7802.<\/p>\n<p>VEJA TAMB\u00c9M<\/p>\n<p>Confian\u00e7a do consumidor: por que ela \u00e9 t\u00e3o importante para as marcas?<\/p>\n<p><!-- AI CONTENT END 1 -->\n<\/div>\n<\/div>\n<p><script async src=\"\/\/www.instagram.com\/embed.js\"><\/script><br \/>\n<br \/><br \/>\n<br \/><a href=\"https:\/\/www.acidadeon.com\/ribeiraopreto\/cotidiano\/batida-entre-moto-e-onibus-deixa-dois-feridos-em-cruzamento-da-francisco-junqueira\/\">Source link <\/a><\/p>\n<!-- CONTENT END 1 -->\n","protected":false},"excerpt":{"rendered":"<p>Uma batida entre uma moto e um \u00f4nibus deixou dois feridos na madrugada desta segunda-feira (16), no cruzamento da avenida Francisco Junqueira coma rua Tibiri\u00e7\u00e1,&#8230;<\/p>\n","protected":false},"author":1,"featured_media":83312,"comment_status":"open","ping_status":"open","sticky":false,"template":"","format":"standard","meta":{"advanced_seo_description":"","jetpack_seo_html_title":"","jetpack_seo_noindex":false,"jetpack_post_was_ever_published":false,"_jetpack_newsletter_access":"","_jetpack_dont_email_post_to_subs":false,"_jetpack_newsletter_tier_id":0,"_jetpack_memberships_contains_paywalled_content":false,"_jetpack_memberships_contains_paid_content":false,"footnotes":"","jetpack_publicize_message":"","jetpack_publicize_feature_enabled":true,"jetpack_social_post_already_shared":true,"jetpack_social_options":{"image_generator_settings":{"template":"highway","default_image_id":0,"font":"","enabled":false},"version":2}},"categories":[11],"tags":[],"class_list":["post-83311","post","type-post","status-publish","format-standard","has-post-thumbnail","hentry","category-noticias-de-ribeirao-preto-sp-e-regiao-ismael-colosi"],"jetpack_publicize_connections":[],"jetpack_featured_media_url":"https:\/\/i0.wp.com\/noticiasribeiraopreto.com.br\/wp-content\/uploads\/2026\/03\/MOTO_2026-03-16_10-38-06.webp.webp?fit=1200%2C831&ssl=1","jetpack-related-posts":[{"id":54543,"url":"https:\/\/noticiasribeiraopreto.com.br\/index.php\/2024\/07\/12\/batida-entre-moto-e-onibus-deixa-dois-feridos-na-zona-sul-de-ribeirao-preto\/","url_meta":{"origin":83311,"position":0},"title":"Batida entre moto e \u00f4nibus deixa dois feridos na zona Sul de Ribeir\u00e3o Preto","author":"noticiasribeiraopreto.com.br","date":"12 de July de 2024","format":false,"excerpt":"Duas pessoas que estavam em uma moto ficaram feridas na manh\u00e3 desta sexta-feira (12), depois de uma batida que envolveu o ve\u00edculo e um \u00f4nibus no Jardim Sumar\u00e9, zona Sul de Ribeir\u00e3o Preto. As v\u00edtimas foram socorridas por equipes do Corpo de Bombeiros no cruzamento das ruas Itacolomi e Garibaldi\u2026","rel":"","context":"In &quot;Not\u00edcias de Ribeir\u00e3o Preto-SP e Regi\u00e3o&quot;","block_context":{"text":"Not\u00edcias de Ribeir\u00e3o Preto-SP e Regi\u00e3o","link":"https:\/\/noticiasribeiraopreto.com.br\/index.php\/category\/noticias-de-ribeirao-preto-sp-e-regiao-ismael-colosi\/"},"img":{"alt_text":"","src":"https:\/\/i0.wp.com\/noticiasribeiraopreto.com.br\/wp-content\/uploads\/2024\/07\/acidadeon_logos_Prancheta-1-copia-12_edited.jpg?fit=1199%2C1200&ssl=1&resize=350%2C200","width":350,"height":200,"srcset":"https:\/\/i0.wp.com\/noticiasribeiraopreto.com.br\/wp-content\/uploads\/2024\/07\/acidadeon_logos_Prancheta-1-copia-12_edited.jpg?fit=1199%2C1200&ssl=1&resize=350%2C200 1x, https:\/\/i0.wp.com\/noticiasribeiraopreto.com.br\/wp-content\/uploads\/2024\/07\/acidadeon_logos_Prancheta-1-copia-12_edited.jpg?fit=1199%2C1200&ssl=1&resize=525%2C300 1.5x, https:\/\/i0.wp.com\/noticiasribeiraopreto.com.br\/wp-content\/uploads\/2024\/07\/acidadeon_logos_Prancheta-1-copia-12_edited.jpg?fit=1199%2C1200&ssl=1&resize=700%2C400 2x, https:\/\/i0.wp.com\/noticiasribeiraopreto.com.br\/wp-content\/uploads\/2024\/07\/acidadeon_logos_Prancheta-1-copia-12_edited.jpg?fit=1199%2C1200&ssl=1&resize=1050%2C600 3x"},"classes":[]},{"id":50859,"url":"https:\/\/noticiasribeiraopreto.com.br\/index.php\/2024\/05\/20\/moto-vai-parar-embaixo-de-onibus-em-acidente-na-avenida-francisco-junqueira-em-ribeirao\/","url_meta":{"origin":83311,"position":1},"title":"Moto vai parar embaixo de \u00f4nibus em acidente na avenida Francisco Junqueira em Ribeir\u00e3o","author":"noticiasribeiraopreto.com.br","date":"20 de May de 2024","format":false,"excerpt":"Um acidente de tr\u00e2nsito envolveu uma moto e um \u00f4nibus do transporte p\u00fablico na manh\u00e3 desta segunda-feira (20), na avenida Francisco Junqueira, em Ribeir\u00e3o Preto. Parte da moto ficou embaixo do \u00f4nibus, no cruzamento com a rua Visconde de Inha\u00fama. Apesar do susto, n\u00e3o houve registro de feridos. A PM\u2026","rel":"","context":"In &quot;Not\u00edcias de Ribeir\u00e3o Preto-SP e Regi\u00e3o&quot;","block_context":{"text":"Not\u00edcias de Ribeir\u00e3o Preto-SP e Regi\u00e3o","link":"https:\/\/noticiasribeiraopreto.com.br\/index.php\/category\/noticias-de-ribeirao-preto-sp-e-regiao-ismael-colosi\/"},"img":{"alt_text":"","src":"https:\/\/i0.wp.com\/noticiasribeiraopreto.com.br\/wp-content\/uploads\/2024\/05\/ACIDENTE-MOTO-ONIBUS-2_2024-05-20_13-21-01_jpg_2024-05-20_13-21-01.webp.webp?fit=1200%2C773&ssl=1&resize=350%2C200","width":350,"height":200,"srcset":"https:\/\/i0.wp.com\/noticiasribeiraopreto.com.br\/wp-content\/uploads\/2024\/05\/ACIDENTE-MOTO-ONIBUS-2_2024-05-20_13-21-01_jpg_2024-05-20_13-21-01.webp.webp?fit=1200%2C773&ssl=1&resize=350%2C200 1x, https:\/\/i0.wp.com\/noticiasribeiraopreto.com.br\/wp-content\/uploads\/2024\/05\/ACIDENTE-MOTO-ONIBUS-2_2024-05-20_13-21-01_jpg_2024-05-20_13-21-01.webp.webp?fit=1200%2C773&ssl=1&resize=525%2C300 1.5x, https:\/\/i0.wp.com\/noticiasribeiraopreto.com.br\/wp-content\/uploads\/2024\/05\/ACIDENTE-MOTO-ONIBUS-2_2024-05-20_13-21-01_jpg_2024-05-20_13-21-01.webp.webp?fit=1200%2C773&ssl=1&resize=700%2C400 2x, https:\/\/i0.wp.com\/noticiasribeiraopreto.com.br\/wp-content\/uploads\/2024\/05\/ACIDENTE-MOTO-ONIBUS-2_2024-05-20_13-21-01_jpg_2024-05-20_13-21-01.webp.webp?fit=1200%2C773&ssl=1&resize=1050%2C600 3x"},"classes":[]},{"id":59709,"url":"https:\/\/noticiasribeiraopreto.com.br\/index.php\/2024\/10\/29\/motociclista-fica-ferido-apos-batida-entre-moto-e-carro-na-zona-norte-de-ribeirao\/","url_meta":{"origin":83311,"position":2},"title":"Motociclista fica ferido ap\u00f3s batida entre moto e carro na zona Norte de Ribeir\u00e3o","author":"noticiasribeiraopreto.com.br","date":"29 de October de 2024","format":false,"excerpt":"Um motociclista foi socorrido na manh\u00e3 desta ter\u00e7a-feira (29), depois de se envolver em uma batida entre moto e carro no bairro Ipiranga, zona Norte de Ribeir\u00e3o Preto. A colis\u00e3o ocorreu no cruzamento das ruas General C\u00e2mara e Rio Verde. Com o impacto, a moto foi parar na cal\u00e7ada de\u2026","rel":"","context":"In &quot;Not\u00edcias de Ribeir\u00e3o Preto-SP e Regi\u00e3o&quot;","block_context":{"text":"Not\u00edcias de Ribeir\u00e3o Preto-SP e Regi\u00e3o","link":"https:\/\/noticiasribeiraopreto.com.br\/index.php\/category\/noticias-de-ribeirao-preto-sp-e-regiao-ismael-colosi\/"},"img":{"alt_text":"","src":"https:\/\/i0.wp.com\/noticiasribeiraopreto.com.br\/wp-content\/uploads\/2024\/10\/MOTO_2024-10-29_11-46-00_jpg_2024-10-29_11-46-00.webp.webp?fit=1200%2C670&ssl=1&resize=350%2C200","width":350,"height":200,"srcset":"https:\/\/i0.wp.com\/noticiasribeiraopreto.com.br\/wp-content\/uploads\/2024\/10\/MOTO_2024-10-29_11-46-00_jpg_2024-10-29_11-46-00.webp.webp?fit=1200%2C670&ssl=1&resize=350%2C200 1x, https:\/\/i0.wp.com\/noticiasribeiraopreto.com.br\/wp-content\/uploads\/2024\/10\/MOTO_2024-10-29_11-46-00_jpg_2024-10-29_11-46-00.webp.webp?fit=1200%2C670&ssl=1&resize=525%2C300 1.5x, https:\/\/i0.wp.com\/noticiasribeiraopreto.com.br\/wp-content\/uploads\/2024\/10\/MOTO_2024-10-29_11-46-00_jpg_2024-10-29_11-46-00.webp.webp?fit=1200%2C670&ssl=1&resize=700%2C400 2x, https:\/\/i0.wp.com\/noticiasribeiraopreto.com.br\/wp-content\/uploads\/2024\/10\/MOTO_2024-10-29_11-46-00_jpg_2024-10-29_11-46-00.webp.webp?fit=1200%2C670&ssl=1&resize=1050%2C600 3x"},"classes":[]},{"id":60415,"url":"https:\/\/noticiasribeiraopreto.com.br\/index.php\/2024\/11\/13\/identificado-motociclista-morto-em-acidente-na-francisco-junqueira-em-ribeirao\/","url_meta":{"origin":83311,"position":3},"title":"Identificado motociclista morto em acidente na Francisco Junqueira em Ribeir\u00e3o","author":"noticiasribeiraopreto.com.br","date":"13 de November de 2024","format":false,"excerpt":"O motociclista que morreu em um acidente com um \u00f4nibus do transporte coletivo na manh\u00e3 desta quarta-feira (13), em Ribeir\u00e3o Preto, foi identificado. Vinicius Tenorio Santos, de 34 anos, n\u00e3o resistiu e faleceu ainda no local, na avenida Francisco Junqueira, depois da tentativa de reanima\u00e7\u00e3o prestada por socorristas do Corpo\u2026","rel":"","context":"In &quot;Not\u00edcias de Ribeir\u00e3o Preto-SP e Regi\u00e3o&quot;","block_context":{"text":"Not\u00edcias de Ribeir\u00e3o Preto-SP e Regi\u00e3o","link":"https:\/\/noticiasribeiraopreto.com.br\/index.php\/category\/noticias-de-ribeirao-preto-sp-e-regiao-ismael-colosi\/"},"img":{"alt_text":"","src":"https:\/\/i0.wp.com\/noticiasribeiraopreto.com.br\/wp-content\/uploads\/2024\/11\/WhatsApp-Image-2024-11-13-at-10.34.34_2024-11-13_13-39-12_jpeg_2024-11-13_13-39-12.webp.webp?fit=1200%2C675&ssl=1&resize=350%2C200","width":350,"height":200,"srcset":"https:\/\/i0.wp.com\/noticiasribeiraopreto.com.br\/wp-content\/uploads\/2024\/11\/WhatsApp-Image-2024-11-13-at-10.34.34_2024-11-13_13-39-12_jpeg_2024-11-13_13-39-12.webp.webp?fit=1200%2C675&ssl=1&resize=350%2C200 1x, https:\/\/i0.wp.com\/noticiasribeiraopreto.com.br\/wp-content\/uploads\/2024\/11\/WhatsApp-Image-2024-11-13-at-10.34.34_2024-11-13_13-39-12_jpeg_2024-11-13_13-39-12.webp.webp?fit=1200%2C675&ssl=1&resize=525%2C300 1.5x, https:\/\/i0.wp.com\/noticiasribeiraopreto.com.br\/wp-content\/uploads\/2024\/11\/WhatsApp-Image-2024-11-13-at-10.34.34_2024-11-13_13-39-12_jpeg_2024-11-13_13-39-12.webp.webp?fit=1200%2C675&ssl=1&resize=700%2C400 2x, https:\/\/i0.wp.com\/noticiasribeiraopreto.com.br\/wp-content\/uploads\/2024\/11\/WhatsApp-Image-2024-11-13-at-10.34.34_2024-11-13_13-39-12_jpeg_2024-11-13_13-39-12.webp.webp?fit=1200%2C675&ssl=1&resize=1050%2C600 3x"},"classes":[]},{"id":73865,"url":"https:\/\/noticiasribeiraopreto.com.br\/index.php\/2025\/07\/11\/moto-cai-no-corrego-da-francisco-junqueira-apos-batida-em-ribeirao-preto\/","url_meta":{"origin":83311,"position":4},"title":"Moto cai no c\u00f3rrego da Francisco Junqueira ap\u00f3s batida em Ribeir\u00e3o Preto","author":"noticiasribeiraopreto.com.br","date":"11 de July de 2025","format":false,"excerpt":"Uma moto caiu no c\u00f3rrego Retiro Saudoso, na manh\u00e3 desta sexta-feira (11), ap\u00f3s uma batida com carro no cruzamento da avenida Francisco Junqueira com a rua Amadeu Amaral, em Ribeir\u00e3o Preto. Segundo informa\u00e7\u00f5es, o motociclista foi socorrido na pista sentido Centro-bairro. Ele, contudo, n\u00e3o teria ca\u00eddo no c\u00f3rrego com o\u2026","rel":"","context":"In &quot;Not\u00edcias de Ribeir\u00e3o Preto-SP e Regi\u00e3o&quot;","block_context":{"text":"Not\u00edcias de Ribeir\u00e3o Preto-SP e Regi\u00e3o","link":"https:\/\/noticiasribeiraopreto.com.br\/index.php\/category\/noticias-de-ribeirao-preto-sp-e-regiao-ismael-colosi\/"},"img":{"alt_text":"","src":"https:\/\/i0.wp.com\/noticiasribeiraopreto.com.br\/wp-content\/uploads\/2025\/07\/samu_ambulancia_1024x576_23072020101439.jpg?fit=1024%2C576&ssl=1&resize=350%2C200","width":350,"height":200,"srcset":"https:\/\/i0.wp.com\/noticiasribeiraopreto.com.br\/wp-content\/uploads\/2025\/07\/samu_ambulancia_1024x576_23072020101439.jpg?fit=1024%2C576&ssl=1&resize=350%2C200 1x, https:\/\/i0.wp.com\/noticiasribeiraopreto.com.br\/wp-content\/uploads\/2025\/07\/samu_ambulancia_1024x576_23072020101439.jpg?fit=1024%2C576&ssl=1&resize=525%2C300 1.5x, https:\/\/i0.wp.com\/noticiasribeiraopreto.com.br\/wp-content\/uploads\/2025\/07\/samu_ambulancia_1024x576_23072020101439.jpg?fit=1024%2C576&ssl=1&resize=700%2C400 2x"},"classes":[]},{"id":61253,"url":"https:\/\/noticiasribeiraopreto.com.br\/index.php\/2024\/12\/07\/mae-e-filho-ficam-feridos-em-acidente-entre-carro-e-moto-em-ribeirao-preto\/","url_meta":{"origin":83311,"position":5},"title":"M\u00e3e e filho ficam feridos em acidente entre carro e moto em Ribeir\u00e3o Preto","author":"noticiasribeiraopreto.com.br","date":"7 de December de 2024","format":false,"excerpt":"Uma mulher e o filho dela ficaram feridos na manh\u00e3 deste s\u00e1bado (7), depois de uma batida entre a moto em que estavam e um carro, no cruzamento das avenidas Francisco Junqueira e Pl\u00ednio de Castro Prado, em Ribeir\u00e3o Preto. Segundo a RP Mobi, as v\u00edtimas foram socorridas e a\u2026","rel":"","context":"In &quot;Not\u00edcias de Ribeir\u00e3o Preto-SP e Regi\u00e3o&quot;","block_context":{"text":"Not\u00edcias de Ribeir\u00e3o Preto-SP e Regi\u00e3o","link":"https:\/\/noticiasribeiraopreto.com.br\/index.php\/category\/noticias-de-ribeirao-preto-sp-e-regiao-ismael-colosi\/"},"img":{"alt_text":"","src":"https:\/\/i0.wp.com\/noticiasribeiraopreto.com.br\/wp-content\/uploads\/2024\/12\/samu_ambulancia_1024x576_23072020101439.jpg?fit=1024%2C576&ssl=1&resize=350%2C200","width":350,"height":200,"srcset":"https:\/\/i0.wp.com\/noticiasribeiraopreto.com.br\/wp-content\/uploads\/2024\/12\/samu_ambulancia_1024x576_23072020101439.jpg?fit=1024%2C576&ssl=1&resize=350%2C200 1x, https:\/\/i0.wp.com\/noticiasribeiraopreto.com.br\/wp-content\/uploads\/2024\/12\/samu_ambulancia_1024x576_23072020101439.jpg?fit=1024%2C576&ssl=1&resize=525%2C300 1.5x, https:\/\/i0.wp.com\/noticiasribeiraopreto.com.br\/wp-content\/uploads\/2024\/12\/samu_ambulancia_1024x576_23072020101439.jpg?fit=1024%2C576&ssl=1&resize=700%2C400 2x"},"classes":[]}],"jetpack_sharing_enabled":true,"jetpack_shortlink":"https:\/\/wp.me\/peQAOb-lFJ","_links":{"self":[{"href":"https:\/\/noticiasribeiraopreto.com.br\/index.php\/wp-json\/wp\/v2\/posts\/83311","targetHints":{"allow":["GET"]}}],"collection":[{"href":"https:\/\/noticiasribeiraopreto.com.br\/index.php\/wp-json\/wp\/v2\/posts"}],"about":[{"href":"https:\/\/noticiasribeiraopreto.com.br\/index.php\/wp-json\/wp\/v2\/types\/post"}],"author":[{"embeddable":true,"href":"https:\/\/noticiasribeiraopreto.com.br\/index.php\/wp-json\/wp\/v2\/users\/1"}],"replies":[{"embeddable":true,"href":"https:\/\/noticiasribeiraopreto.com.br\/index.php\/wp-json\/wp\/v2\/comments?post=83311"}],"version-history":[{"count":0,"href":"https:\/\/noticiasribeiraopreto.com.br\/index.php\/wp-json\/wp\/v2\/posts\/83311\/revisions"}],"wp:featuredmedia":[{"embeddable":true,"href":"https:\/\/noticiasribeiraopreto.com.br\/index.php\/wp-json\/wp\/v2\/media\/83312"}],"wp:attachment":[{"href":"https:\/\/noticiasribeiraopreto.com.br\/index.php\/wp-json\/wp\/v2\/media?parent=83311"}],"wp:term":[{"taxonomy":"category","embeddable":true,"href":"https:\/\/noticiasribeiraopreto.com.br\/index.php\/wp-json\/wp\/v2\/categories?post=83311"},{"taxonomy":"post_tag","embeddable":true,"href":"https:\/\/noticiasribeiraopreto.com.br\/index.php\/wp-json\/wp\/v2\/tags?post=83311"}],"curies":[{"name":"wp","href":"https:\/\/api.w.org\/{rel}","templated":true}]}}