{"id":83313,"date":"2026-03-16T10:52:41","date_gmt":"2026-03-16T13:52:41","guid":{"rendered":"https:\/\/noticiasribeiraopreto.com.br\/index.php\/2026\/03\/16\/sol-ou-chuva-veja-previsao-para-a-ultima-semana-do-verao-em-ribeirao-preto\/"},"modified":"2026-03-16T10:52:41","modified_gmt":"2026-03-16T13:52:41","slug":"sol-ou-chuva-veja-previsao-para-a-ultima-semana-do-verao-em-ribeirao-preto","status":"publish","type":"post","link":"https:\/\/noticiasribeiraopreto.com.br\/index.php\/2026\/03\/16\/sol-ou-chuva-veja-previsao-para-a-ultima-semana-do-verao-em-ribeirao-preto\/","title":{"rendered":"Sol ou chuva? Veja previs\u00e3o para a \u00faltima semana do ver\u00e3o em Ribeir\u00e3o Preto"},"content":{"rendered":"<div class='code-block code-block-1' style='margin: 8px 0 8px auto; text-align: right; display: block; clear: both;'>\n<p><a href=\"https:\/\/wa.link\/vpicfd\"><img data-recalc-dims=\"1\" class=\"wp-image-4922\" style=\"aspect-ratio: 2.0253164556962027; width: 561px; height: auto;\" src=\"https:\/\/i0.wp.com\/ismaelcolosi.com.br\/wp-content\/uploads\/2023\/11\/grupo-de-empregos-whatsapp-e-facebook-ismael-colosi-vagas.jpg?ssl=1\" alt=\"\" \/><\/a><\/p>\n<!-- \/wp:image -->\n<\/div>\n<p> <br \/>\n<\/p>\n<div data-td-block-uid=\"tdi_95\">\n<div class=\"tdb-block-inner td-fix-index\">\n<p><strong>A \u00faltima semana do ver\u00e3o deve come\u00e7ar com predom\u00ednio de tempo firme e sensa\u00e7\u00e3o de calor e abafamento na regi\u00e3o de Ribeir\u00e3o Preto.<\/strong> O <strong>outono <\/strong>tem in\u00edcio <strong>\u00e0s<\/strong> <strong>11h45<\/strong> da pr\u00f3xima <strong>sexta-feira (20)<\/strong>.<\/p>\n<p>Segundo a <a href=\"https:\/\/www.climatempo.com.br\/\" data-type=\"link\" data-id=\"https:\/\/www.climatempo.com.br\/\" target=\"_blank\" rel=\"noopener\">Climatempo<\/a>, <mark style=\"background-color:#fcb900\" class=\"has-inline-color has-black-color\">mesmo com o tempo est\u00e1vel neste come\u00e7o de semana, n\u00e3o est\u00e3o descartadas pancadas isoladas de chuva.<\/mark><\/p>\n<p>A partir de quarta-feira (18), um cavado meteorol\u00f3gico deve favorecer o aumento de nuvens e pancadas de chuva na regi\u00e3o.<\/p>\n<p>Na sexta-feira (20), data em que o outono come\u00e7a oficialmente, o tempo deve ficar est\u00e1vel pela manh\u00e3. No entanto, a atua\u00e7\u00e3o de um cavado e a umidade podem trazer mais chuva a partir da tarde.<\/p>\n<h2 class=\"wp-block-heading\"><strong>Confira a previs\u00e3o do tempo em Ribeir\u00e3o Preto:<\/strong><\/h2>\n<p>18\u00b0C \/ 31\u00b0C<br \/>Chuva: 0 mm \/ 0%<br \/>Umidade do ar: 91%<\/p>\n<p>20\u00b0C \/ 30\u00b0C<br \/>Chuva: 0 mm \/ 0%<br \/>Umidade do ar: 89%<\/p>\n<p>20\u00b0C \/ 29\u00b0C<br \/>Chuva: 0 mm \/ 0%<br \/>Umidade do ar: 92%<\/p>\n<p>20\u00b0C \/ 28\u00b0C<br \/>Chuva: 0,7 mm \/ 89%<br \/>Umidade do ar: 98%<\/p>\n<p>20\u00b0C \/ 26\u00b0C<br \/>Chuva: 4,7 mm \/ 85%<br \/>Umidade do ar: 95%<\/p>\n<p>20\u00b0C \/ 26\u00b0C<br \/>Chuva: 7,3 mm \/ 83%<br \/>Umidade do ar: 96%<\/p>\n<p>Fonte: Climatempo<\/p>\n<p>SAIBA MAIS<\/p>\n<p>HC de Ribeir\u00e3o Preto alerta sobre cobran\u00e7as irregulares a acompanhantes<\/p>\n<h3 class=\"wp-block-heading\"><strong>FIQUE ON<\/strong><\/h3>\n<p>Fique ligado em tudo que acontece em Ribeir\u00e3o Preto e regi\u00e3o. Siga os perfis do\u00a0<strong>acidade on<\/strong>\u00a0no\u00a0<a href=\"https:\/\/www.instagram.com\/acidadeonribeirao\" target=\"_blank\" rel=\"noreferrer noopener\">Instagram<\/a>\u00a0e no<a href=\"https:\/\/www.facebook.com\/acidadeonribeirao\/\" target=\"_blank\" rel=\"noreferrer noopener\">\u00a0Facebook<\/a>.<\/p>\n<p>Receba not\u00edcias do\u00a0<strong>acidade on<\/strong>\u00a0no WhatsApp. Para entrar no grupo,\u00a0basta\u00a0<a href=\"https:\/\/whatsapp.com\/channel\/0029Vb6IQl1JENyAeS57fk2p\" target=\"_blank\" rel=\"noreferrer noopener\">clicar aqui<\/a>. Ou, acesse o nosso\u00a0Canal\u00a0<a href=\"https:\/\/chat.whatsapp.com\/GFH9HUMUTHNFJdnyEd0xxq\" target=\"_blank\" rel=\"noreferrer noopener\">clicando aqui<\/a>.<\/p>\n<p>Fa\u00e7a uma den\u00fancia ou sugira uma reportagem sobre Ribeir\u00e3o Preto e regi\u00e3o pelo WhatsApp: 16 99117 7802.<\/p>\n<p>VEJA TAMB\u00c9M<\/p>\n<p>Sobremesa com pistache: 3 receitas f\u00e1ceis e deliciosas para o domingo\u00a0<\/p>\n<p><!-- AI CONTENT END 1 -->\n<\/div>\n<\/div>\n<p><script async src=\"\/\/www.instagram.com\/embed.js\"><\/script><br \/>\n<br \/><br \/>\n<br \/><a href=\"https:\/\/www.acidadeon.com\/ribeiraopreto\/cotidiano\/sol-ou-chuva-veja-previsao-para-a-ultima-semana-do-verao-em-ribeirao-preto\/\">Source link <\/a><\/p>\n<!-- CONTENT END 1 -->\n","protected":false},"excerpt":{"rendered":"<p>A \u00faltima semana do ver\u00e3o deve come\u00e7ar com predom\u00ednio de tempo firme e sensa\u00e7\u00e3o de calor e abafamento na regi\u00e3o de Ribeir\u00e3o Preto. O outono&#8230;<\/p>\n","protected":false},"author":1,"featured_media":73587,"comment_status":"open","ping_status":"open","sticky":false,"template":"","format":"standard","meta":{"advanced_seo_description":"","jetpack_seo_html_title":"","jetpack_seo_noindex":false,"jetpack_post_was_ever_published":false,"_jetpack_newsletter_access":"","_jetpack_dont_email_post_to_subs":false,"_jetpack_newsletter_tier_id":0,"_jetpack_memberships_contains_paywalled_content":false,"_jetpack_memberships_contains_paid_content":false,"footnotes":"","jetpack_publicize_message":"","jetpack_publicize_feature_enabled":true,"jetpack_social_post_already_shared":true,"jetpack_social_options":{"image_generator_settings":{"template":"highway","default_image_id":0,"font":"","enabled":false},"version":2}},"categories":[11],"tags":[],"class_list":["post-83313","post","type-post","status-publish","format-standard","has-post-thumbnail","hentry","category-noticias-de-ribeirao-preto-sp-e-regiao-ismael-colosi"],"jetpack_publicize_connections":[],"jetpack_featured_media_url":"https:\/\/i0.wp.com\/noticiasribeiraopreto.com.br\/wp-content\/uploads\/2025\/07\/WhatsApp-Image-2025-05-08-at-06.45.03_2025-05-08_09-48-38.webp.webp?fit=1200%2C540&ssl=1","jetpack-related-posts":[{"id":65538,"url":"https:\/\/noticiasribeiraopreto.com.br\/index.php\/2025\/03\/21\/primeiro-fim-de-semana-do-outono-com-chuva-ou-sol-confira-a-previsao-em-ribeirao-preto\/","url_meta":{"origin":83313,"position":0},"title":"Primeiro fim de semana do outono\u00a0com chuva ou sol? Confira a previs\u00e3o em Ribeir\u00e3o Preto","author":"noticiasribeiraopreto.com.br","date":"21 de March de 2025","format":false,"excerpt":"O outono 2025 teve in\u00edcio nesta quinta-feira (20) e o primeiro fim de semana da nova esta\u00e7\u00e3o tem previs\u00e3o de pancadas de chuva na regi\u00e3o de Ribeir\u00e3o Preto. Segundo a\u00a0Climatempo, nesta sexta-feira (21), h\u00e1 condi\u00e7\u00f5es para chuvas isoladas, com potencial para\u00a0pancadas fortes com raios e ventos, principalmente no extremo\u00a0Norte\u00a0do estado\u2026","rel":"","context":"In &quot;Not\u00edcias de Ribeir\u00e3o Preto-SP e Regi\u00e3o&quot;","block_context":{"text":"Not\u00edcias de Ribeir\u00e3o Preto-SP e Regi\u00e3o","link":"https:\/\/noticiasribeiraopreto.com.br\/index.php\/category\/noticias-de-ribeirao-preto-sp-e-regiao-ismael-colosi\/"},"img":{"alt_text":"","src":"https:\/\/i0.wp.com\/noticiasribeiraopreto.com.br\/wp-content\/uploads\/2025\/03\/ribeirao_preto_1200x675_07122021064330.jpg?fit=1200%2C675&ssl=1&resize=350%2C200","width":350,"height":200,"srcset":"https:\/\/i0.wp.com\/noticiasribeiraopreto.com.br\/wp-content\/uploads\/2025\/03\/ribeirao_preto_1200x675_07122021064330.jpg?fit=1200%2C675&ssl=1&resize=350%2C200 1x, https:\/\/i0.wp.com\/noticiasribeiraopreto.com.br\/wp-content\/uploads\/2025\/03\/ribeirao_preto_1200x675_07122021064330.jpg?fit=1200%2C675&ssl=1&resize=525%2C300 1.5x, https:\/\/i0.wp.com\/noticiasribeiraopreto.com.br\/wp-content\/uploads\/2025\/03\/ribeirao_preto_1200x675_07122021064330.jpg?fit=1200%2C675&ssl=1&resize=700%2C400 2x, https:\/\/i0.wp.com\/noticiasribeiraopreto.com.br\/wp-content\/uploads\/2025\/03\/ribeirao_preto_1200x675_07122021064330.jpg?fit=1200%2C675&ssl=1&resize=1050%2C600 3x"},"classes":[]},{"id":82592,"url":"https:\/\/noticiasribeiraopreto.com.br\/index.php\/2026\/02\/20\/vem-chuva-confira-a-previsao-do-tempo-no-fim-de-semana-em-ribeirao-preto-2\/","url_meta":{"origin":83313,"position":1},"title":"Vem chuva? Confira a previs\u00e3o do tempo no fim de semana em Ribeir\u00e3o Preto","author":"noticiasribeiraopreto.com.br","date":"20 de February de 2026","format":false,"excerpt":"O fim de semana deve ser t\u00edpico de ver\u00e3o, com previs\u00e3o de calor e pancadas de chuva em Ribeir\u00e3o Preto. Segundo a Climatempo, nesta sexta-feira (20) o vento mant\u00e9m o transporte de umidade e s\u00e3o esperadas pancadas de chuva no per\u00edodo da tarde. As temperaturas seguem elevadas. J\u00e1 no s\u00e1bado\u2026","rel":"","context":"In &quot;Not\u00edcias de Ribeir\u00e3o Preto-SP e Regi\u00e3o&quot;","block_context":{"text":"Not\u00edcias de Ribeir\u00e3o Preto-SP e Regi\u00e3o","link":"https:\/\/noticiasribeiraopreto.com.br\/index.php\/category\/noticias-de-ribeirao-preto-sp-e-regiao-ismael-colosi\/"},"img":{"alt_text":"","src":"https:\/\/i0.wp.com\/noticiasribeiraopreto.com.br\/wp-content\/uploads\/2026\/02\/WhatsApp-Image-2026-02-20-at-06.25.44_2026-02-20_09-34-34-e1771580117829.webp.webp?fit=914%2C540&ssl=1&resize=350%2C200","width":350,"height":200,"srcset":"https:\/\/i0.wp.com\/noticiasribeiraopreto.com.br\/wp-content\/uploads\/2026\/02\/WhatsApp-Image-2026-02-20-at-06.25.44_2026-02-20_09-34-34-e1771580117829.webp.webp?fit=914%2C540&ssl=1&resize=350%2C200 1x, https:\/\/i0.wp.com\/noticiasribeiraopreto.com.br\/wp-content\/uploads\/2026\/02\/WhatsApp-Image-2026-02-20-at-06.25.44_2026-02-20_09-34-34-e1771580117829.webp.webp?fit=914%2C540&ssl=1&resize=525%2C300 1.5x, https:\/\/i0.wp.com\/noticiasribeiraopreto.com.br\/wp-content\/uploads\/2026\/02\/WhatsApp-Image-2026-02-20-at-06.25.44_2026-02-20_09-34-34-e1771580117829.webp.webp?fit=914%2C540&ssl=1&resize=700%2C400 2x"},"classes":[]},{"id":59928,"url":"https:\/\/noticiasribeiraopreto.com.br\/index.php\/2024\/11\/01\/ribeirao-registra-pancada-de-chuva-com-ventos-fortes-defesa-civil-emite-alerta\/","url_meta":{"origin":83313,"position":2},"title":"Ribeir\u00e3o registra pancada de chuva com ventos fortes; Defesa Civil emite alerta","author":"noticiasribeiraopreto.com.br","date":"1 de November de 2024","format":false,"excerpt":"Ribeir\u00e3o Preto registrou pancada de chuva com ventos fortes na zona Norte, na tarde desta sexta-feira (1\u00ba) \u2013 veja o v\u00eddeo abaixo. De acordo com os meteorologistas, ainda pode chover no munic\u00edpio no per\u00edodo da noite. A Defesa Civil do Estado de S\u00e3o Paulo alertou para chuva intensa na regi\u00e3o\u2026","rel":"","context":"In &quot;Not\u00edcias de Ribeir\u00e3o Preto-SP e Regi\u00e3o&quot;","block_context":{"text":"Not\u00edcias de Ribeir\u00e3o Preto-SP e Regi\u00e3o","link":"https:\/\/noticiasribeiraopreto.com.br\/index.php\/category\/noticias-de-ribeirao-preto-sp-e-regiao-ismael-colosi\/"},"img":{"alt_text":"","src":"https:\/\/i0.wp.com\/noticiasribeiraopreto.com.br\/wp-content\/uploads\/2024\/11\/WhatsApp-Image-2024-11-01-at-14.50.17_2024-11-01_18-07-06_jpeg_2024-11-01_18-07-06.webp.webp?fit=1200%2C900&ssl=1&resize=350%2C200","width":350,"height":200,"srcset":"https:\/\/i0.wp.com\/noticiasribeiraopreto.com.br\/wp-content\/uploads\/2024\/11\/WhatsApp-Image-2024-11-01-at-14.50.17_2024-11-01_18-07-06_jpeg_2024-11-01_18-07-06.webp.webp?fit=1200%2C900&ssl=1&resize=350%2C200 1x, https:\/\/i0.wp.com\/noticiasribeiraopreto.com.br\/wp-content\/uploads\/2024\/11\/WhatsApp-Image-2024-11-01-at-14.50.17_2024-11-01_18-07-06_jpeg_2024-11-01_18-07-06.webp.webp?fit=1200%2C900&ssl=1&resize=525%2C300 1.5x, https:\/\/i0.wp.com\/noticiasribeiraopreto.com.br\/wp-content\/uploads\/2024\/11\/WhatsApp-Image-2024-11-01-at-14.50.17_2024-11-01_18-07-06_jpeg_2024-11-01_18-07-06.webp.webp?fit=1200%2C900&ssl=1&resize=700%2C400 2x, https:\/\/i0.wp.com\/noticiasribeiraopreto.com.br\/wp-content\/uploads\/2024\/11\/WhatsApp-Image-2024-11-01-at-14.50.17_2024-11-01_18-07-06_jpeg_2024-11-01_18-07-06.webp.webp?fit=1200%2C900&ssl=1&resize=1050%2C600 3x"},"classes":[]},{"id":83286,"url":"https:\/\/noticiasribeiraopreto.com.br\/index.php\/2026\/03\/15\/veja-o-que-se-sabe-sobre-a-primeira-massa-de-ar-polar-intensa-do-outono-2026\/","url_meta":{"origin":83313,"position":3},"title":"Veja o que se sabe sobre a primeira massa de ar polar intensa do outono 2026","author":"noticiasribeiraopreto.com.br","date":"15 de March de 2026","format":false,"excerpt":"A Climatempo divulgou nesta semana que a primeira massa de ar polar intensa do outono de 2026 est\u00e1 prevista no Brasil na virada de maio para junho. A nova esta\u00e7\u00e3o tem in\u00edcio oficialmente \u00e0s 11h45 da pr\u00f3xima sexta-feira (20). Segundo a Climatempo, o estado de S\u00e3o Paulo pode sentir os\u2026","rel":"","context":"In &quot;Not\u00edcias de Ribeir\u00e3o Preto-SP e Regi\u00e3o&quot;","block_context":{"text":"Not\u00edcias de Ribeir\u00e3o Preto-SP e Regi\u00e3o","link":"https:\/\/noticiasribeiraopreto.com.br\/index.php\/category\/noticias-de-ribeirao-preto-sp-e-regiao-ismael-colosi\/"},"img":{"alt_text":"","src":"https:\/\/i0.wp.com\/noticiasribeiraopreto.com.br\/wp-content\/uploads\/2025\/07\/frio-df_mcamgo_abr_110820221818-4_2024-07-08_17-50-52_jpg_2024-07-08_17-50-54-1024x683.webp.webp?fit=1024%2C683&ssl=1&resize=350%2C200","width":350,"height":200,"srcset":"https:\/\/i0.wp.com\/noticiasribeiraopreto.com.br\/wp-content\/uploads\/2025\/07\/frio-df_mcamgo_abr_110820221818-4_2024-07-08_17-50-52_jpg_2024-07-08_17-50-54-1024x683.webp.webp?fit=1024%2C683&ssl=1&resize=350%2C200 1x, https:\/\/i0.wp.com\/noticiasribeiraopreto.com.br\/wp-content\/uploads\/2025\/07\/frio-df_mcamgo_abr_110820221818-4_2024-07-08_17-50-52_jpg_2024-07-08_17-50-54-1024x683.webp.webp?fit=1024%2C683&ssl=1&resize=525%2C300 1.5x, https:\/\/i0.wp.com\/noticiasribeiraopreto.com.br\/wp-content\/uploads\/2025\/07\/frio-df_mcamgo_abr_110820221818-4_2024-07-08_17-50-52_jpg_2024-07-08_17-50-54-1024x683.webp.webp?fit=1024%2C683&ssl=1&resize=700%2C400 2x"},"classes":[]},{"id":59948,"url":"https:\/\/noticiasribeiraopreto.com.br\/index.php\/2024\/11\/02\/final-de-semana-vai-ter-chuva-saiba-a-previsao-do-tempo-para-ribeirao-preto\/","url_meta":{"origin":83313,"position":4},"title":"Final de semana vai ter chuva? Saiba a previs\u00e3o do tempo para Ribeir\u00e3o Preto","author":"noticiasribeiraopreto.com.br","date":"2 de November de 2024","format":false,"excerpt":"Um cavado meteorol\u00f3gico come\u00e7ou a se deslocar sobre o interior de S\u00e3o Paulo na sexta-feira (1\u00ba). De acordo com a\u00a0Climatempo,\u00a0este sistema cria condi\u00e7\u00f5es para pancadas de chuva, que podem ser intensas nas regi\u00f5es de Ribeir\u00e3o Preto, S\u00e3o Carlos e Campinas. Na sexta-feira \u00e0 tarde, Ribeir\u00e3o Preto j\u00e1 registrou chuvas e\u2026","rel":"","context":"In &quot;Not\u00edcias de Ribeir\u00e3o Preto-SP e Regi\u00e3o&quot;","block_context":{"text":"Not\u00edcias de Ribeir\u00e3o Preto-SP e Regi\u00e3o","link":"https:\/\/noticiasribeiraopreto.com.br\/index.php\/category\/noticias-de-ribeirao-preto-sp-e-regiao-ismael-colosi\/"},"img":{"alt_text":"","src":"https:\/\/i0.wp.com\/noticiasribeiraopreto.com.br\/wp-content\/uploads\/2024\/11\/Imagem-do-WhatsApp-de-2024-11-02-as-10.00.43_6e992308_2024-11-02_13-03-50_jpg_2024-11-02_13-03-51-scaled.webp.webp?fit=1200%2C675&ssl=1&resize=350%2C200","width":350,"height":200,"srcset":"https:\/\/i0.wp.com\/noticiasribeiraopreto.com.br\/wp-content\/uploads\/2024\/11\/Imagem-do-WhatsApp-de-2024-11-02-as-10.00.43_6e992308_2024-11-02_13-03-50_jpg_2024-11-02_13-03-51-scaled.webp.webp?fit=1200%2C675&ssl=1&resize=350%2C200 1x, https:\/\/i0.wp.com\/noticiasribeiraopreto.com.br\/wp-content\/uploads\/2024\/11\/Imagem-do-WhatsApp-de-2024-11-02-as-10.00.43_6e992308_2024-11-02_13-03-50_jpg_2024-11-02_13-03-51-scaled.webp.webp?fit=1200%2C675&ssl=1&resize=525%2C300 1.5x, https:\/\/i0.wp.com\/noticiasribeiraopreto.com.br\/wp-content\/uploads\/2024\/11\/Imagem-do-WhatsApp-de-2024-11-02-as-10.00.43_6e992308_2024-11-02_13-03-50_jpg_2024-11-02_13-03-51-scaled.webp.webp?fit=1200%2C675&ssl=1&resize=700%2C400 2x, https:\/\/i0.wp.com\/noticiasribeiraopreto.com.br\/wp-content\/uploads\/2024\/11\/Imagem-do-WhatsApp-de-2024-11-02-as-10.00.43_6e992308_2024-11-02_13-03-50_jpg_2024-11-02_13-03-51-scaled.webp.webp?fit=1200%2C675&ssl=1&resize=1050%2C600 3x"},"classes":[]},{"id":81755,"url":"https:\/\/noticiasribeiraopreto.com.br\/index.php\/2026\/01\/16\/calor-e-temporais-veja-previsao-do-tempo-para-ribeirao-preto-no-fim-de-semana\/","url_meta":{"origin":83313,"position":5},"title":"Calor e temporais: Veja previs\u00e3o do tempo para Ribeir\u00e3o Preto no fim de semana","author":"noticiasribeiraopreto.com.br","date":"16 de January de 2026","format":false,"excerpt":"O calor e a umidade, al\u00e9m de cavados meteorol\u00f3gicos favorecem a forma\u00e7\u00e3o de instabilidades nesta sexta-feira (16), na regi\u00e3o de Ribeir\u00e3o Preto. Segundo a Climatempo, h\u00e1 risco de temporais isolados no per\u00edodo da tarde e o tempo continua abafado. J\u00e1 entre a tarde e noite, as pancadas de chuva podem\u2026","rel":"","context":"In &quot;Not\u00edcias de Ribeir\u00e3o Preto-SP e Regi\u00e3o&quot;","block_context":{"text":"Not\u00edcias de Ribeir\u00e3o Preto-SP e Regi\u00e3o","link":"https:\/\/noticiasribeiraopreto.com.br\/index.php\/category\/noticias-de-ribeirao-preto-sp-e-regiao-ismael-colosi\/"},"img":{"alt_text":"","src":"https:\/\/i0.wp.com\/noticiasribeiraopreto.com.br\/wp-content\/uploads\/2026\/01\/WhatsApp-Image-2024-02-07-at-16.31.23.jpeg?fit=1200%2C540&ssl=1&resize=350%2C200","width":350,"height":200,"srcset":"https:\/\/i0.wp.com\/noticiasribeiraopreto.com.br\/wp-content\/uploads\/2026\/01\/WhatsApp-Image-2024-02-07-at-16.31.23.jpeg?fit=1200%2C540&ssl=1&resize=350%2C200 1x, https:\/\/i0.wp.com\/noticiasribeiraopreto.com.br\/wp-content\/uploads\/2026\/01\/WhatsApp-Image-2024-02-07-at-16.31.23.jpeg?fit=1200%2C540&ssl=1&resize=525%2C300 1.5x, https:\/\/i0.wp.com\/noticiasribeiraopreto.com.br\/wp-content\/uploads\/2026\/01\/WhatsApp-Image-2024-02-07-at-16.31.23.jpeg?fit=1200%2C540&ssl=1&resize=700%2C400 2x, https:\/\/i0.wp.com\/noticiasribeiraopreto.com.br\/wp-content\/uploads\/2026\/01\/WhatsApp-Image-2024-02-07-at-16.31.23.jpeg?fit=1200%2C540&ssl=1&resize=1050%2C600 3x"},"classes":[]}],"jetpack_sharing_enabled":true,"jetpack_shortlink":"https:\/\/wp.me\/peQAOb-lFL","_links":{"self":[{"href":"https:\/\/noticiasribeiraopreto.com.br\/index.php\/wp-json\/wp\/v2\/posts\/83313","targetHints":{"allow":["GET"]}}],"collection":[{"href":"https:\/\/noticiasribeiraopreto.com.br\/index.php\/wp-json\/wp\/v2\/posts"}],"about":[{"href":"https:\/\/noticiasribeiraopreto.com.br\/index.php\/wp-json\/wp\/v2\/types\/post"}],"author":[{"embeddable":true,"href":"https:\/\/noticiasribeiraopreto.com.br\/index.php\/wp-json\/wp\/v2\/users\/1"}],"replies":[{"embeddable":true,"href":"https:\/\/noticiasribeiraopreto.com.br\/index.php\/wp-json\/wp\/v2\/comments?post=83313"}],"version-history":[{"count":0,"href":"https:\/\/noticiasribeiraopreto.com.br\/index.php\/wp-json\/wp\/v2\/posts\/83313\/revisions"}],"wp:featuredmedia":[{"embeddable":true,"href":"https:\/\/noticiasribeiraopreto.com.br\/index.php\/wp-json\/wp\/v2\/media\/73587"}],"wp:attachment":[{"href":"https:\/\/noticiasribeiraopreto.com.br\/index.php\/wp-json\/wp\/v2\/media?parent=83313"}],"wp:term":[{"taxonomy":"category","embeddable":true,"href":"https:\/\/noticiasribeiraopreto.com.br\/index.php\/wp-json\/wp\/v2\/categories?post=83313"},{"taxonomy":"post_tag","embeddable":true,"href":"https:\/\/noticiasribeiraopreto.com.br\/index.php\/wp-json\/wp\/v2\/tags?post=83313"}],"curies":[{"name":"wp","href":"https:\/\/api.w.org\/{rel}","templated":true}]}}