{"id":83314,"date":"2026-03-16T10:59:49","date_gmt":"2026-03-16T13:59:49","guid":{"rendered":"https:\/\/noticiasribeiraopreto.com.br\/index.php\/2026\/03\/16\/cozinheiros-de-escolas-publicas-de-ribeirao-podem-ganhar-ate-r-5-mil-em-concurso-de-receitas-veja-como-participar\/"},"modified":"2026-03-16T10:59:49","modified_gmt":"2026-03-16T13:59:49","slug":"cozinheiros-de-escolas-publicas-de-ribeirao-podem-ganhar-ate-r-5-mil-em-concurso-de-receitas-veja-como-participar","status":"publish","type":"post","link":"https:\/\/noticiasribeiraopreto.com.br\/index.php\/2026\/03\/16\/cozinheiros-de-escolas-publicas-de-ribeirao-podem-ganhar-ate-r-5-mil-em-concurso-de-receitas-veja-como-participar\/","title":{"rendered":"Cozinheiros de escolas p\u00fablicas de Ribeir\u00e3o podem ganhar at\u00e9 R$ 5 mil em concurso de receitas; Veja como participar"},"content":{"rendered":"<div class='code-block code-block-1' style='margin: 8px 0 8px auto; text-align: right; display: block; clear: both;'>\n<p><a href=\"https:\/\/wa.link\/vpicfd\"><img data-recalc-dims=\"1\" class=\"wp-image-4922\" style=\"aspect-ratio: 2.0253164556962027; width: 561px; height: auto;\" src=\"https:\/\/i0.wp.com\/ismaelcolosi.com.br\/wp-content\/uploads\/2023\/11\/grupo-de-empregos-whatsapp-e-facebook-ismael-colosi-vagas.jpg?ssl=1\" alt=\"\" \/><\/a><\/p>\n<!-- \/wp:image -->\n<\/div>\n<p> <br \/>\n<\/p>\n<div data-td-block-uid=\"tdi_95\">\n<div class=\"tdb-block-inner td-fix-index\">\n<p>Profissionais da cozinha da rede municipal de ensino de <strong>Ribeir\u00e3o Preto <\/strong>t\u00eam a chance de ganhar at\u00e9 <strong>R$ 5 mil <\/strong>participando da <strong><a href=\"https:\/\/www.gov.br\/fnde\/pt-br\/acesso-a-informacao\/acoes-e-programas\/programas\/pnae\/campanhas\/concurso-melhores-receitas\/\" target=\"_blank\" data-type=\"link\" data-id=\"https:\/\/www.gov.br\/fnde\/pt-br\/acesso-a-informacao\/acoes-e-programas\/programas\/pnae\/campanhas\/concurso-melhores-receitas\/\" rel=\"noreferrer noopener\">3\u00aa edi\u00e7\u00e3o do Concurso Melhores Receitas da Alimenta\u00e7\u00e3o Escolar<\/a><\/strong>.<\/p>\n<p>Al\u00e9m do pr\u00eamio em dinheiro para o participante, a escola vinculada \u00e0 receita vencedora receber\u00e1 <strong>R$ 8 mil para investir em melhorias na cozinha ou aquisi\u00e7\u00e3o de equipamentos<\/strong>.<\/p>\n<p>O concurso \u00e9 voltado a receitas que promovam uma alimenta\u00e7\u00e3o saud\u00e1vel, nutritiva e alinhada \u00e0s diretrizes do Programa Nacional de Alimenta\u00e7\u00e3o Escolar (PNAE), e <strong>tem o objetivo de valorizar os profissionais que atuam nas escolas p\u00fablicas.<\/strong><\/p>\n<div class=\"wp-block-image\">\n<figure class=\"aligncenter size-large is-resized\"><img data-recalc-dims=\"1\" fetchpriority=\"high\" decoding=\"async\" width=\"1024\" height=\"682\" src=\"https:\/\/i0.wp.com\/cdn.media-acidadeon.com.br\/ribeiraopreto\/wp-content\/uploads\/sites\/3\/2026\/03\/cozinheiros_03_2026-03-15_19-32-10-1024x682.webp?resize=1024%2C682&#038;ssl=1\" alt=\"Cozinheiros da rede municipal disputam pr\u00eamio de at\u00e9 R$ 5 mil e R$ 8 mil para escolas - Foto: divulga\u00e7\u00e3o.\" class=\"wp-image-148923\" style=\"width:654px\" title=\"Cozinheiros de escolas p\u00fablicas de Ribeir\u00e3o podem ganhar at\u00e9 R$ 5 mil em concurso de receitas; Veja como participar 1\" srcset=\"https:\/\/cdn.media-acidadeon.com.br\/ribeiraopreto\/wp-content\/uploads\/sites\/3\/2026\/03\/cozinheiros_03_2026-03-15_19-32-10-1024x682.webp 1024w, https:\/\/cdn.media-acidadeon.com.br\/ribeiraopreto\/wp-content\/uploads\/sites\/3\/2026\/03\/cozinheiros_03_2026-03-15_19-32-10-300x200.webp 300w, https:\/\/cdn.media-acidadeon.com.br\/ribeiraopreto\/wp-content\/uploads\/sites\/3\/2026\/03\/cozinheiros_03_2026-03-15_19-32-10-768x511.webp 768w, https:\/\/cdn.media-acidadeon.com.br\/ribeiraopreto\/wp-content\/uploads\/sites\/3\/2026\/03\/cozinheiros_03_2026-03-15_19-32-10-696x463.webp 696w, https:\/\/cdn.media-acidadeon.com.br\/ribeiraopreto\/wp-content\/uploads\/sites\/3\/2026\/03\/cozinheiros_03_2026-03-15_19-32-10-1068x711.webp 1068w, https:\/\/cdn.media-acidadeon.com.br\/ribeiraopreto\/wp-content\/uploads\/sites\/3\/2026\/03\/cozinheiros_03_2026-03-15_19-32-10.webp 1200w\" sizes=\"(max-width: 1024px) 100vw, 1024px\"\/><figcaption class=\"wp-element-caption\">Cozinheiros da rede municipal disputam pr\u00eamio de at\u00e9 R$ 5 mil e R$ 8 mil para escolas \u2013 Foto: divulga\u00e7\u00e3o.<\/figcaption><\/figure>\n<\/div>\n<h2 class=\"wp-block-heading\"><strong>Como se inscrever?<\/strong><\/h2>\n<p><strong><mark style=\"background-color:#fcb900\" class=\"has-inline-color\">As inscri\u00e7\u00f5es devem ser realizadas at\u00e9 o dia 27 de mar\u00e7o<\/mark><\/strong>, e a <strong>Ger\u00eancia de Nutri\u00e7\u00e3o Escolar da Secretaria Municipal de Educa\u00e7\u00e3o <\/strong>oferece apoio para inscri\u00e7\u00e3o, revis\u00e3o da receita, preenchimento da ficha t\u00e9cnica e confer\u00eancia do registro fotogr\u00e1fico do prato.<\/p>\n<p>As propostas devem ser enviadas por e-mail para educacaoalimentar@educacao.pmrp.sp.gov.br \u2013 <a href=\"https:\/\/www.gov.br\/fnde\/pt-br\/acesso-a-informacao\/acoes-e-programas\/programas\/pnae\/campanhas\/concurso-melhores-receitas\/\" data-type=\"link\" data-id=\"https:\/\/www.gov.br\/fnde\/pt-br\/acesso-a-informacao\/acoes-e-programas\/programas\/pnae\/campanhas\/concurso-melhores-receitas\/\" target=\"_blank\" rel=\"noopener\">clique <\/a><a href=\"https:\/\/www.gov.br\/fnde\/pt-br\/acesso-a-informacao\/acoes-e-programas\/programas\/pnae\/campanhas\/concurso-melhores-receitas\/\" target=\"_blank\" data-type=\"link\" data-id=\"https:\/\/www.gov.br\/fnde\/pt-br\/acesso-a-informacao\/acoes-e-programas\/programas\/pnae\/campanhas\/concurso-melhores-receitas\/\" rel=\"noreferrer noopener\">aqui <\/a><a href=\"https:\/\/www.gov.br\/fnde\/pt-br\/acesso-a-informacao\/acoes-e-programas\/programas\/pnae\/campanhas\/concurso-melhores-receitas\/\" data-type=\"link\" data-id=\"https:\/\/www.gov.br\/fnde\/pt-br\/acesso-a-informacao\/acoes-e-programas\/programas\/pnae\/campanhas\/concurso-melhores-receitas\/\" target=\"_blank\" rel=\"noopener\">para acessar o edital<\/a>.<\/p>\n<p>As receitas inscritas devem seguir as diretrizes do PNAE, priorizando crit\u00e9rios como sustentabilidade, regionalidade e valoriza\u00e7\u00e3o da cultura alimentar local. Tamb\u00e9m \u00e9 desej\u00e1vel a utiliza\u00e7\u00e3o de alimentos regionais, produtos da sociobiodiversidade, ingredientes da agricultura familiar e Plantas Aliment\u00edcias N\u00e3o Convencionais (PANCs).<\/p>\n<p><strong>Cada escola poder\u00e1 estar vinculada a apenas um participante<\/strong>, mesmo que possua mais de uma cozinheira ou cozinheiro. <strong><mark style=\"background-color:#fcb900\" class=\"has-inline-color\">As receitas ser\u00e3o avaliadas em tr\u00eas etapas: eliminat\u00f3ria, classificat\u00f3ria e final, conforme previsto no edital.<\/mark><\/strong><\/p>\n<p>O concurso \u00e9 promovido pelo Fundo Nacional de Desenvolvimento da Educa\u00e7\u00e3o (FNDE), por meio do projeto Alimenta\u00e7\u00e3o Escolar Nota 10.<\/p>\n<h3 class=\"wp-block-heading\"><strong>Confira o cronograma do concurso<\/strong><\/h3>\n<ul class=\"wp-block-list\">\n<li>Inscri\u00e7\u00f5es: at\u00e9 27 de mar\u00e7o<\/li>\n<li>Resultado da etapa eliminat\u00f3ria: 31 de mar\u00e7o<\/li>\n<li>Etapa classificat\u00f3ria: 1\u00ba de abril a 26 de abril<\/li>\n<li>Resultado da etapa classificat\u00f3ria: 30 de abril<\/li>\n<li>Prazo para recursos: 1\u00ba a 3 de maio<\/li>\n<li>Etapa final (vota\u00e7\u00e3o): 15 a 30 de maio<\/li>\n<li>Resultado final: 10 de junho<\/li>\n<li>Evento de premia\u00e7\u00e3o: data a definir<\/li>\n<\/ul>\n<hr class=\"wp-block-separator has-alpha-channel-opacity\"\/>\n<p>SAIBA MAIS<\/p>\n<p><!-- AI CONTENT END 1 -->\n<\/div>\n<\/div>\n<p><br \/>\n<br \/><a href=\"https:\/\/www.acidadeon.com\/ribeiraopreto\/cotidiano\/cozinheiros-de-escolas-publicas-de-ribeirao-podem-ganhar-ate-r-5-mil-em-concurso-de-receitas-veja-como-participar\/\">Source link <\/a><\/p>\n<!-- CONTENT END 1 -->\n","protected":false},"excerpt":{"rendered":"<p>Profissionais da cozinha da rede municipal de ensino de Ribeir\u00e3o Preto t\u00eam a chance de ganhar at\u00e9 R$ 5 mil participando da 3\u00aa edi\u00e7\u00e3o do&#8230;<\/p>\n","protected":false},"author":1,"featured_media":83315,"comment_status":"open","ping_status":"open","sticky":false,"template":"","format":"standard","meta":{"advanced_seo_description":"","jetpack_seo_html_title":"","jetpack_seo_noindex":false,"jetpack_post_was_ever_published":false,"_jetpack_newsletter_access":"","_jetpack_dont_email_post_to_subs":false,"_jetpack_newsletter_tier_id":0,"_jetpack_memberships_contains_paywalled_content":false,"_jetpack_memberships_contains_paid_content":false,"footnotes":"","jetpack_publicize_message":"","jetpack_publicize_feature_enabled":true,"jetpack_social_post_already_shared":true,"jetpack_social_options":{"image_generator_settings":{"template":"highway","default_image_id":0,"font":"","enabled":false},"version":2}},"categories":[11],"tags":[],"class_list":["post-83314","post","type-post","status-publish","format-standard","has-post-thumbnail","hentry","category-noticias-de-ribeirao-preto-sp-e-regiao-ismael-colosi"],"jetpack_publicize_connections":[],"jetpack_featured_media_url":"https:\/\/i0.wp.com\/noticiasribeiraopreto.com.br\/wp-content\/uploads\/2026\/03\/cozinheiros_02_11_2026-03-15_19-33-43.webp.webp?fit=1200%2C799&ssl=1","jetpack-related-posts":[{"id":61448,"url":"https:\/\/noticiasribeiraopreto.com.br\/index.php\/2024\/12\/12\/veja-qual-e-a-melhor-merenda-escolar-de-ribeirao-preto\/","url_meta":{"origin":83314,"position":0},"title":"Veja qual \u00e9 a melhor merenda escolar de Ribeir\u00e3o Preto","author":"noticiasribeiraopreto.com.br","date":"12 de December de 2024","format":false,"excerpt":"Uma refei\u00e7\u00e3o oferecida aos alunos da Escola Estadual Prof.\u00aa Cord\u00e9lia Ribeiro Ragozzo, no distrito de Bonfim Paulista, \u00e9 a melhor da regi\u00e3o administrada pela Diretoria de Ensino de Ribeir\u00e3o Preto e far\u00e1 parte de um e-book com 82 receitas de cozinhas escolares espalhadas por S\u00e3o Paulo. O resultado faz parte\u2026","rel":"","context":"In &quot;Not\u00edcias de Ribeir\u00e3o Preto-SP e Regi\u00e3o&quot;","block_context":{"text":"Not\u00edcias de Ribeir\u00e3o Preto-SP e Regi\u00e3o","link":"https:\/\/noticiasribeiraopreto.com.br\/index.php\/category\/noticias-de-ribeirao-preto-sp-e-regiao-ismael-colosi\/"},"img":{"alt_text":"","src":"https:\/\/i0.wp.com\/noticiasribeiraopreto.com.br\/wp-content\/uploads\/2024\/12\/merenda_2024-12-06_14-50-52_jpg_2024-12-06_14-50-52.webp.webp?fit=1200%2C800&ssl=1&resize=350%2C200","width":350,"height":200,"srcset":"https:\/\/i0.wp.com\/noticiasribeiraopreto.com.br\/wp-content\/uploads\/2024\/12\/merenda_2024-12-06_14-50-52_jpg_2024-12-06_14-50-52.webp.webp?fit=1200%2C800&ssl=1&resize=350%2C200 1x, https:\/\/i0.wp.com\/noticiasribeiraopreto.com.br\/wp-content\/uploads\/2024\/12\/merenda_2024-12-06_14-50-52_jpg_2024-12-06_14-50-52.webp.webp?fit=1200%2C800&ssl=1&resize=525%2C300 1.5x, https:\/\/i0.wp.com\/noticiasribeiraopreto.com.br\/wp-content\/uploads\/2024\/12\/merenda_2024-12-06_14-50-52_jpg_2024-12-06_14-50-52.webp.webp?fit=1200%2C800&ssl=1&resize=700%2C400 2x, https:\/\/i0.wp.com\/noticiasribeiraopreto.com.br\/wp-content\/uploads\/2024\/12\/merenda_2024-12-06_14-50-52_jpg_2024-12-06_14-50-52.webp.webp?fit=1200%2C800&ssl=1&resize=1050%2C600 3x"},"classes":[]},{"id":59357,"url":"https:\/\/noticiasribeiraopreto.com.br\/index.php\/2024\/10\/22\/cidade-na-regiao-de-ribeirao-preto-tem-concurso-publico-com-salarios-de-r-4-mil\/","url_meta":{"origin":83314,"position":1},"title":"Cidade na regi\u00e3o de Ribeir\u00e3o Preto tem concurso p\u00fablico com sal\u00e1rios de R$ 4 mil","author":"noticiasribeiraopreto.com.br","date":"22 de October de 2024","format":false,"excerpt":"A Prefeitura de Santo Ant\u00f4nio da Alegria, na regi\u00e3o de Ribeir\u00e3o Preto, est\u00e1 com as inscri\u00e7\u00f5es abertas de concurso p\u00fablico com 14 vagas, al\u00e9m de oportunidades para o cadastro de reserva. Os sal\u00e1rios para os cargos variam entre R$ 1,4 mil e R$ 4,5 mil. As inscri\u00e7\u00f5es devem ser realizadas\u2026","rel":"","context":"In &quot;Not\u00edcias de Ribeir\u00e3o Preto-SP e Regi\u00e3o&quot;","block_context":{"text":"Not\u00edcias de Ribeir\u00e3o Preto-SP e Regi\u00e3o","link":"https:\/\/noticiasribeiraopreto.com.br\/index.php\/category\/noticias-de-ribeirao-preto-sp-e-regiao-ismael-colosi\/"},"img":{"alt_text":"","src":"https:\/\/i0.wp.com\/noticiasribeiraopreto.com.br\/wp-content\/uploads\/2024\/05\/Copia-de-Copia-de-TAMANHO-EXATO-PARA-FOTOS-NO-SISTEMA-NOVO-33_2024-05-23_13-39-05_jpg_2024-05-23_13-39-05.webp.webp?fit=1200%2C675&ssl=1&resize=350%2C200","width":350,"height":200,"srcset":"https:\/\/i0.wp.com\/noticiasribeiraopreto.com.br\/wp-content\/uploads\/2024\/05\/Copia-de-Copia-de-TAMANHO-EXATO-PARA-FOTOS-NO-SISTEMA-NOVO-33_2024-05-23_13-39-05_jpg_2024-05-23_13-39-05.webp.webp?fit=1200%2C675&ssl=1&resize=350%2C200 1x, https:\/\/i0.wp.com\/noticiasribeiraopreto.com.br\/wp-content\/uploads\/2024\/05\/Copia-de-Copia-de-TAMANHO-EXATO-PARA-FOTOS-NO-SISTEMA-NOVO-33_2024-05-23_13-39-05_jpg_2024-05-23_13-39-05.webp.webp?fit=1200%2C675&ssl=1&resize=525%2C300 1.5x, https:\/\/i0.wp.com\/noticiasribeiraopreto.com.br\/wp-content\/uploads\/2024\/05\/Copia-de-Copia-de-TAMANHO-EXATO-PARA-FOTOS-NO-SISTEMA-NOVO-33_2024-05-23_13-39-05_jpg_2024-05-23_13-39-05.webp.webp?fit=1200%2C675&ssl=1&resize=700%2C400 2x, https:\/\/i0.wp.com\/noticiasribeiraopreto.com.br\/wp-content\/uploads\/2024\/05\/Copia-de-Copia-de-TAMANHO-EXATO-PARA-FOTOS-NO-SISTEMA-NOVO-33_2024-05-23_13-39-05_jpg_2024-05-23_13-39-05.webp.webp?fit=1200%2C675&ssl=1&resize=1050%2C600 3x"},"classes":[]},{"id":81538,"url":"https:\/\/noticiasribeiraopreto.com.br\/index.php\/2026\/01\/09\/prefeitura-no-interior-de-sp-abre-concurso-com-29-vagas-e-salarios-de-r-7-mil\/","url_meta":{"origin":83314,"position":2},"title":"Prefeitura no interior de SP abre concurso com 29 vagas e sal\u00e1rios de R$ 7 mil","author":"noticiasribeiraopreto.com.br","date":"9 de January de 2026","format":false,"excerpt":"A Prefeitura de Orl\u00e2ndia, no interior de S\u00e3o Paulo, est\u00e1 com inscri\u00e7\u00f5es abertas para concurso p\u00fablico que pretende contratar 24 profissionais de ensino superior. As oportunidades s\u00e3o para o cargo de diretor de escola, com sal\u00e1rio de R$ 7.046,00 para jornada de 36 horas semanais. Para concorrer a uma das\u2026","rel":"","context":"In &quot;Not\u00edcias de Ribeir\u00e3o Preto-SP e Regi\u00e3o&quot;","block_context":{"text":"Not\u00edcias de Ribeir\u00e3o Preto-SP e Regi\u00e3o","link":"https:\/\/noticiasribeiraopreto.com.br\/index.php\/category\/noticias-de-ribeirao-preto-sp-e-regiao-ismael-colosi\/"},"img":{"alt_text":"","src":"https:\/\/i0.wp.com\/noticiasribeiraopreto.com.br\/wp-content\/uploads\/2025\/09\/Copia-de-Copia-de-Copia-de-TAMANHO-EXATO-PARA-FOTOS-NO-SISTEMA-NOVO-2025-09-17T161849.265_2025-09-17_19-23-38.webp.webp?fit=1200%2C675&ssl=1&resize=350%2C200","width":350,"height":200,"srcset":"https:\/\/i0.wp.com\/noticiasribeiraopreto.com.br\/wp-content\/uploads\/2025\/09\/Copia-de-Copia-de-Copia-de-TAMANHO-EXATO-PARA-FOTOS-NO-SISTEMA-NOVO-2025-09-17T161849.265_2025-09-17_19-23-38.webp.webp?fit=1200%2C675&ssl=1&resize=350%2C200 1x, https:\/\/i0.wp.com\/noticiasribeiraopreto.com.br\/wp-content\/uploads\/2025\/09\/Copia-de-Copia-de-Copia-de-TAMANHO-EXATO-PARA-FOTOS-NO-SISTEMA-NOVO-2025-09-17T161849.265_2025-09-17_19-23-38.webp.webp?fit=1200%2C675&ssl=1&resize=525%2C300 1.5x, https:\/\/i0.wp.com\/noticiasribeiraopreto.com.br\/wp-content\/uploads\/2025\/09\/Copia-de-Copia-de-Copia-de-TAMANHO-EXATO-PARA-FOTOS-NO-SISTEMA-NOVO-2025-09-17T161849.265_2025-09-17_19-23-38.webp.webp?fit=1200%2C675&ssl=1&resize=700%2C400 2x, https:\/\/i0.wp.com\/noticiasribeiraopreto.com.br\/wp-content\/uploads\/2025\/09\/Copia-de-Copia-de-Copia-de-TAMANHO-EXATO-PARA-FOTOS-NO-SISTEMA-NOVO-2025-09-17T161849.265_2025-09-17_19-23-38.webp.webp?fit=1200%2C675&ssl=1&resize=1050%2C600 3x"},"classes":[]},{"id":83318,"url":"https:\/\/noticiasribeiraopreto.com.br\/index.php\/2026\/03\/16\/curso-de-eletricista-gratuito-oferece-vagas-para-moradores-da-regiao-de-ribeirao-preto\/","url_meta":{"origin":83314,"position":3},"title":"Curso de eletricista gratuito oferece vagas para moradores da regi\u00e3o de Ribeir\u00e3o Preto","author":"noticiasribeiraopreto.com.br","date":"16 de March de 2026","format":false,"excerpt":"A CPFL Paulista, em parceria com o Senai, abriu inscri\u00e7\u00f5es para curso de qualifica\u00e7\u00e3o profissional gratuito na \u00e1rea de eletricista para moradores da regi\u00e3o de Ribeir\u00e3o Preto. S\u00e3o 16 vagas destinadas a homens e mulheres residentes em Igarapava, Ipu\u00e3, Ituverava, Franca, Morro Agudo, Orl\u00e2ndia, Patroc\u00ednio Paulista e S\u00e3o Joaquim da\u2026","rel":"","context":"In &quot;Not\u00edcias de Ribeir\u00e3o Preto-SP e Regi\u00e3o&quot;","block_context":{"text":"Not\u00edcias de Ribeir\u00e3o Preto-SP e Regi\u00e3o","link":"https:\/\/noticiasribeiraopreto.com.br\/index.php\/category\/noticias-de-ribeirao-preto-sp-e-regiao-ismael-colosi\/"},"img":{"alt_text":"","src":"https:\/\/i0.wp.com\/noticiasribeiraopreto.com.br\/wp-content\/uploads\/2026\/03\/baixados-17_2026-03-15_20-19-30.webp.webp?fit=568%2C379&ssl=1&resize=350%2C200","width":350,"height":200,"srcset":"https:\/\/i0.wp.com\/noticiasribeiraopreto.com.br\/wp-content\/uploads\/2026\/03\/baixados-17_2026-03-15_20-19-30.webp.webp?fit=568%2C379&ssl=1&resize=350%2C200 1x, https:\/\/i0.wp.com\/noticiasribeiraopreto.com.br\/wp-content\/uploads\/2026\/03\/baixados-17_2026-03-15_20-19-30.webp.webp?fit=568%2C379&ssl=1&resize=525%2C300 1.5x"},"classes":[]},{"id":7021,"url":"https:\/\/noticiasribeiraopreto.com.br\/index.php\/2023\/11\/27\/usp-ribeirao-preto-abre-concurso-publico-com-salarios-de-r-14-mil-veja-como-participar\/","url_meta":{"origin":83314,"position":4},"title":"USP Ribeir\u00e3o Preto abre concurso p\u00fablico com sal\u00e1rios de R$ 14 mil; Veja como participar","author":"noticiasribeiraopreto.com.br","date":"27 de November de 2023","format":false,"excerpt":"A Escola de Enfermagem de Ribeir\u00e3o Preto da USP (Universidade de S\u00e3o Paulo) abriu concurso p\u00fablico para contrata\u00e7\u00e3o de professor doutor com sal\u00e1rios de R$ 14.761,02. O edital foi publicado na edi\u00e7\u00e3o desta segunda-feira (27) do Di\u00e1rio Oficial do Estado de S\u00e3o Paulo. As inscri\u00e7\u00f5es devem ser realizadas pela internet\u2026","rel":"","context":"In &quot;Not\u00edcias de Ribeir\u00e3o Preto-SP e Regi\u00e3o&quot;","block_context":{"text":"Not\u00edcias de Ribeir\u00e3o Preto-SP e Regi\u00e3o","link":"https:\/\/noticiasribeiraopreto.com.br\/index.php\/category\/noticias-de-ribeirao-preto-sp-e-regiao-ismael-colosi\/"},"img":{"alt_text":"","src":"https:\/\/i0.wp.com\/noticiasribeiraopreto.com.br\/wp-content\/uploads\/2023\/11\/1701100910_usp_ribeirao_500x320_26072019111611.jpg?fit=500%2C322&ssl=1&resize=350%2C200","width":350,"height":200},"classes":[]},{"id":33398,"url":"https:\/\/noticiasribeiraopreto.com.br\/index.php\/2024\/01\/29\/abertas-as-inscricoes-para-concurso-publico-com-salario-de-r-8-mil-em-ribeirao-preto\/","url_meta":{"origin":83314,"position":5},"title":"Abertas as inscri\u00e7\u00f5es para concurso p\u00fablico com sal\u00e1rio de R$ 8 mil em Ribeir\u00e3o Preto","author":"noticiasribeiraopreto.com.br","date":"29 de January de 2024","format":false,"excerpt":"As inscri\u00e7\u00f5es para o concurso de Fiscal Fazend\u00e1rio da Prefeitura de Ribeir\u00e3o Preto come\u00e7aram nesta segunda-feira (29). Ao todo, s\u00e3o 10 vagas para o cargo que ter\u00e1 o sal\u00e1rio de R$ 8.852,98 por 40h de trabalho semanais. Os interessados devem se inscrever at\u00e9 o dia 1\u00ba de mar\u00e7o no site\u2026","rel":"","context":"In &quot;Not\u00edcias de Ribeir\u00e3o Preto-SP e Regi\u00e3o&quot;","block_context":{"text":"Not\u00edcias de Ribeir\u00e3o Preto-SP e Regi\u00e3o","link":"https:\/\/noticiasribeiraopreto.com.br\/index.php\/category\/noticias-de-ribeirao-preto-sp-e-regiao-ismael-colosi\/"},"img":{"alt_text":"","src":"https:\/\/i0.wp.com\/noticiasribeiraopreto.com.br\/wp-content\/uploads\/2024\/01\/mao-com-a-pena-sobre-o-formulario-de-candidatura-scaled.jpg?fit=1200%2C801&ssl=1&resize=350%2C200","width":350,"height":200,"srcset":"https:\/\/i0.wp.com\/noticiasribeiraopreto.com.br\/wp-content\/uploads\/2024\/01\/mao-com-a-pena-sobre-o-formulario-de-candidatura-scaled.jpg?fit=1200%2C801&ssl=1&resize=350%2C200 1x, https:\/\/i0.wp.com\/noticiasribeiraopreto.com.br\/wp-content\/uploads\/2024\/01\/mao-com-a-pena-sobre-o-formulario-de-candidatura-scaled.jpg?fit=1200%2C801&ssl=1&resize=525%2C300 1.5x, https:\/\/i0.wp.com\/noticiasribeiraopreto.com.br\/wp-content\/uploads\/2024\/01\/mao-com-a-pena-sobre-o-formulario-de-candidatura-scaled.jpg?fit=1200%2C801&ssl=1&resize=700%2C400 2x, https:\/\/i0.wp.com\/noticiasribeiraopreto.com.br\/wp-content\/uploads\/2024\/01\/mao-com-a-pena-sobre-o-formulario-de-candidatura-scaled.jpg?fit=1200%2C801&ssl=1&resize=1050%2C600 3x"},"classes":[]}],"jetpack_sharing_enabled":true,"jetpack_shortlink":"https:\/\/wp.me\/peQAOb-lFM","_links":{"self":[{"href":"https:\/\/noticiasribeiraopreto.com.br\/index.php\/wp-json\/wp\/v2\/posts\/83314","targetHints":{"allow":["GET"]}}],"collection":[{"href":"https:\/\/noticiasribeiraopreto.com.br\/index.php\/wp-json\/wp\/v2\/posts"}],"about":[{"href":"https:\/\/noticiasribeiraopreto.com.br\/index.php\/wp-json\/wp\/v2\/types\/post"}],"author":[{"embeddable":true,"href":"https:\/\/noticiasribeiraopreto.com.br\/index.php\/wp-json\/wp\/v2\/users\/1"}],"replies":[{"embeddable":true,"href":"https:\/\/noticiasribeiraopreto.com.br\/index.php\/wp-json\/wp\/v2\/comments?post=83314"}],"version-history":[{"count":0,"href":"https:\/\/noticiasribeiraopreto.com.br\/index.php\/wp-json\/wp\/v2\/posts\/83314\/revisions"}],"wp:featuredmedia":[{"embeddable":true,"href":"https:\/\/noticiasribeiraopreto.com.br\/index.php\/wp-json\/wp\/v2\/media\/83315"}],"wp:attachment":[{"href":"https:\/\/noticiasribeiraopreto.com.br\/index.php\/wp-json\/wp\/v2\/media?parent=83314"}],"wp:term":[{"taxonomy":"category","embeddable":true,"href":"https:\/\/noticiasribeiraopreto.com.br\/index.php\/wp-json\/wp\/v2\/categories?post=83314"},{"taxonomy":"post_tag","embeddable":true,"href":"https:\/\/noticiasribeiraopreto.com.br\/index.php\/wp-json\/wp\/v2\/tags?post=83314"}],"curies":[{"name":"wp","href":"https:\/\/api.w.org\/{rel}","templated":true}]}}