{"id":83316,"date":"2026-03-16T11:07:54","date_gmt":"2026-03-16T14:07:54","guid":{"rendered":"https:\/\/noticiasribeiraopreto.com.br\/index.php\/2026\/03\/16\/hc-de-ribeirao-preto-alerta-sobre-cobrancas-irregulares-a-acompanhantes\/"},"modified":"2026-03-16T11:07:54","modified_gmt":"2026-03-16T14:07:54","slug":"hc-de-ribeirao-preto-alerta-sobre-cobrancas-irregulares-a-acompanhantes","status":"publish","type":"post","link":"https:\/\/noticiasribeiraopreto.com.br\/index.php\/2026\/03\/16\/hc-de-ribeirao-preto-alerta-sobre-cobrancas-irregulares-a-acompanhantes\/","title":{"rendered":"HC de Ribeir\u00e3o Preto alerta sobre cobran\u00e7as irregulares a acompanhantes"},"content":{"rendered":"<div class='code-block code-block-1' style='margin: 8px 0 8px auto; text-align: right; display: block; clear: both;'>\n<p><a href=\"https:\/\/wa.link\/vpicfd\"><img data-recalc-dims=\"1\" class=\"wp-image-4922\" style=\"aspect-ratio: 2.0253164556962027; width: 561px; height: auto;\" src=\"https:\/\/i0.wp.com\/ismaelcolosi.com.br\/wp-content\/uploads\/2023\/11\/grupo-de-empregos-whatsapp-e-facebook-ismael-colosi-vagas.jpg?ssl=1\" alt=\"\" \/><\/a><\/p>\n<!-- \/wp:image -->\n<\/div>\n<p> <br \/>\n<\/p>\n<div data-td-block-uid=\"tdi_95\">\n<div class=\"tdb-block-inner td-fix-index\">\n<p>O <strong>Hospital das Cl\u00ednicas de Ribeir\u00e3o Preto (HC-RP) <\/strong>emitiu um novo alerta \u00e0 popula\u00e7\u00e3o sobre tentativas de <strong>cobran\u00e7a indevida<\/strong> de acompanhantes de pacientes.<\/p>\n<p>De acordo com o comunicado, houve registros de abordagens na entrada da unidade, <mark style=\"background-color:#fcb900\" class=\"has-inline-color\">onde era solicitado que acompanhantes realizassem pagamentos para obter transfer\u00eancias de ala ou melhorias no atendimento<\/mark>. Por conta as situa\u00e7\u00e3o, o hospital refor\u00e7ou alguns pontos de seguran\u00e7a:<\/p>\n<ul class=\"wp-block-list\">\n<li><strong>Inexist\u00eancia de mediadores:<\/strong> O HC Ribeir\u00e3o n\u00e3o utiliza intermedi\u00e1rios ou terceiros para realizar o contato entre m\u00e9dicos e familiares.<\/li>\n<\/ul>\n<ul class=\"wp-block-list\">\n<li><strong>Gratuidade do servi\u00e7o:<\/strong> Toda a assist\u00eancia prestada pelo Hospital \u00e9 gratuita. N\u00e3o h\u00e1 cobran\u00e7a de valores para transfer\u00eancias de ala, exames, medicamentos ou qualquer tipo de prioriza\u00e7\u00e3o no atendimento.<\/li>\n<\/ul>\n<h2 class=\"wp-block-heading\"><strong>O que fazer?<\/strong><\/h2>\n<p>Em caso de abordagem, o <strong>Hospital das Cl\u00ednicas <\/strong>orienta que a pessoa comunique o caso imediatamente \u00e0 <strong>seguran\u00e7a do local <\/strong>ou \u00e0 <strong>pol\u00edcia<\/strong>, atrav\u00e9s do telefone 190.<\/p>\n<p>\u201cO HC refor\u00e7a que as atualiza\u00e7\u00f5es sobre o estado de sa\u00fade dos pacientes s\u00e3o fornecidas apenas pelos profissionais de sa\u00fade respons\u00e1veis, nos hor\u00e1rios e locais estipulados pela rotina hospitalar\u201d.<\/p>\n<hr class=\"wp-block-separator has-alpha-channel-opacity\"\/>\n<p>SAIBA MAIS<\/p>\n<p>Declara\u00e7\u00e3o do Imposto de Renda 2026 vai come\u00e7ar: saiba quem precisa declarar e como se organizar<\/p>\n<h3 class=\"wp-block-heading\"><strong>FIQUE ON<\/strong><\/h3>\n<p>Fique ligado em tudo que acontece em Ribeir\u00e3o Preto e regi\u00e3o. Siga os perfis do\u00a0<strong>acidade on<\/strong>\u00a0no\u00a0<a href=\"https:\/\/www.instagram.com\/acidadeonribeirao\" target=\"_blank\" rel=\"noreferrer noopener\">Instagram<\/a>\u00a0e no<a href=\"https:\/\/www.facebook.com\/acidadeonribeirao\/\" target=\"_blank\" rel=\"noreferrer noopener\">\u00a0Facebook<\/a>.<\/p>\n<p>Receba not\u00edcias do\u00a0<strong>acidade on<\/strong>\u00a0no WhatsApp. Para entrar no grupo,\u00a0basta\u00a0<a href=\"https:\/\/whatsapp.com\/channel\/0029Vb6IQl1JENyAeS57fk2p\" target=\"_blank\" rel=\"noreferrer noopener\">clicar aqui<\/a>. Ou, acesse o nosso\u00a0Canal\u00a0<a href=\"https:\/\/chat.whatsapp.com\/GFH9HUMUTHNFJdnyEd0xxq\" target=\"_blank\" rel=\"noreferrer noopener\">clicando aqui<\/a>.<\/p>\n<p>Fa\u00e7a uma den\u00fancia ou sugira uma reportagem sobre Ribeir\u00e3o Preto e regi\u00e3o pelo WhatsApp: 16 99117 7802.<\/p>\n<p>VEJA TAMB\u00c9M<\/p>\n<p>Sobremesa com pistache: 3 receitas f\u00e1ceis e deliciosas para o domingo\u00a0<\/p>\n<p><!-- AI CONTENT END 1 -->\n<\/div>\n<\/div>\n<p><script async src=\"\/\/www.instagram.com\/embed.js\"><\/script><br \/>\n<br \/><br \/>\n<br \/><a href=\"https:\/\/www.acidadeon.com\/ribeiraopreto\/cotidiano\/hc-de-ribeirao-preto-alerta-sobre-cobrancas-irregulares-a-acompanhantes\/\">Source link <\/a><\/p>\n<!-- CONTENT END 1 -->\n","protected":false},"excerpt":{"rendered":"<p>O Hospital das Cl\u00ednicas de Ribeir\u00e3o Preto (HC-RP) emitiu um novo alerta \u00e0 popula\u00e7\u00e3o sobre tentativas de cobran\u00e7a indevida de acompanhantes de pacientes. De acordo&#8230;<\/p>\n","protected":false},"author":1,"featured_media":83317,"comment_status":"open","ping_status":"open","sticky":false,"template":"","format":"standard","meta":{"advanced_seo_description":"","jetpack_seo_html_title":"","jetpack_seo_noindex":false,"jetpack_post_was_ever_published":false,"_jetpack_newsletter_access":"","_jetpack_dont_email_post_to_subs":false,"_jetpack_newsletter_tier_id":0,"_jetpack_memberships_contains_paywalled_content":false,"_jetpack_memberships_contains_paid_content":false,"footnotes":"","jetpack_publicize_message":"","jetpack_publicize_feature_enabled":true,"jetpack_social_post_already_shared":true,"jetpack_social_options":{"image_generator_settings":{"template":"highway","default_image_id":0,"font":"","enabled":false},"version":2}},"categories":[11],"tags":[],"class_list":["post-83316","post","type-post","status-publish","format-standard","has-post-thumbnail","hentry","category-noticias-de-ribeirao-preto-sp-e-regiao-ismael-colosi"],"jetpack_publicize_connections":[],"jetpack_featured_media_url":"https:\/\/i0.wp.com\/noticiasribeiraopreto.com.br\/wp-content\/uploads\/2026\/03\/3372_31082010rphospitalclinicas001_2024-11-28_20-17-11_jpg_2024-11-28_20-17-12-1024x683.webp.webp?fit=1024%2C683&ssl=1","jetpack-related-posts":[{"id":83222,"url":"https:\/\/noticiasribeiraopreto.com.br\/index.php\/2026\/03\/13\/hc-de-ribeirao-preto-faz-alerta-para-golpes\/","url_meta":{"origin":83316,"position":0},"title":"HC de Ribeir\u00e3o Preto\u2028 faz alerta para golpes","author":"noticiasribeiraopreto.com.br","date":"13 de March de 2026","format":false,"excerpt":"\r \r \r \r \r 13 de mar\u00e7o de 2026 08:38 \r Compartilhar0 \r O Hospital das Cl\u00ednicas da Faculdade de Medicina de Ribeir\u00e3o Preto da Universidade de S\u00e3o Paulo (HCFMRP-USP) emitiu alerta de golpe envolvendo o nome da institui\u00e7\u00e3o. Informa que a comunica\u00e7\u00e3o com os familiares de pacientes ocorre\u2026","rel":"","context":"In &quot;Not\u00edcias de Ribeir\u00e3o Preto-SP e Regi\u00e3o&quot;","block_context":{"text":"Not\u00edcias de Ribeir\u00e3o Preto-SP e Regi\u00e3o","link":"https:\/\/noticiasribeiraopreto.com.br\/index.php\/category\/noticias-de-ribeirao-preto-sp-e-regiao-ismael-colosi\/"},"img":{"alt_text":"","src":"https:\/\/i0.wp.com\/noticiasribeiraopreto.com.br\/wp-content\/uploads\/2026\/03\/GolpeHC-Alfredo-Risk-Arquivo-scaled.jpg?fit=1200%2C675&ssl=1&resize=350%2C200","width":350,"height":200,"srcset":"https:\/\/i0.wp.com\/noticiasribeiraopreto.com.br\/wp-content\/uploads\/2026\/03\/GolpeHC-Alfredo-Risk-Arquivo-scaled.jpg?fit=1200%2C675&ssl=1&resize=350%2C200 1x, https:\/\/i0.wp.com\/noticiasribeiraopreto.com.br\/wp-content\/uploads\/2026\/03\/GolpeHC-Alfredo-Risk-Arquivo-scaled.jpg?fit=1200%2C675&ssl=1&resize=525%2C300 1.5x, https:\/\/i0.wp.com\/noticiasribeiraopreto.com.br\/wp-content\/uploads\/2026\/03\/GolpeHC-Alfredo-Risk-Arquivo-scaled.jpg?fit=1200%2C675&ssl=1&resize=700%2C400 2x, https:\/\/i0.wp.com\/noticiasribeiraopreto.com.br\/wp-content\/uploads\/2026\/03\/GolpeHC-Alfredo-Risk-Arquivo-scaled.jpg?fit=1200%2C675&ssl=1&resize=1050%2C600 3x"},"classes":[]},{"id":44526,"url":"https:\/\/noticiasribeiraopreto.com.br\/index.php\/2024\/03\/28\/mp-apura-cumprimento-da-lei-de-acompanhante\/","url_meta":{"origin":83316,"position":1},"title":"MP apura cumprimento da lei de acompanhante \u00a0","author":"noticiasribeiraopreto.com.br","date":"28 de March de 2024","format":false,"excerpt":"28 de mar\u00e7o de 2024 | 9:0027 de mar\u00e7o de 2024 | 19:57 1 O promotor Sebasti\u00e3o S\u00e9rgio da Silveira, do Minist\u00e9rio P\u00fablico de S\u00e3o Paulo (MPSP), pediu a instaura\u00e7\u00e3o de inqu\u00e9rito civil para apurar se as unidades hospitalares das comarcas de Ribeir\u00e3o Preto e Guatapar\u00e1 est\u00e3o cumprindo a lei\u2026","rel":"","context":"In &quot;Not\u00edcias de Ribeir\u00e3o Preto-SP e Regi\u00e3o&quot;","block_context":{"text":"Not\u00edcias de Ribeir\u00e3o Preto-SP e Regi\u00e3o","link":"https:\/\/noticiasribeiraopreto.com.br\/index.php\/category\/noticias-de-ribeirao-preto-sp-e-regiao-ismael-colosi\/"},"img":{"alt_text":"","src":"https:\/\/i0.wp.com\/noticiasribeiraopreto.com.br\/wp-content\/uploads\/2024\/03\/MulherRP-Alfredo-Risk-1.jpg?fit=750%2C500&ssl=1&resize=350%2C200","width":350,"height":200,"srcset":"https:\/\/i0.wp.com\/noticiasribeiraopreto.com.br\/wp-content\/uploads\/2024\/03\/MulherRP-Alfredo-Risk-1.jpg?fit=750%2C500&ssl=1&resize=350%2C200 1x, https:\/\/i0.wp.com\/noticiasribeiraopreto.com.br\/wp-content\/uploads\/2024\/03\/MulherRP-Alfredo-Risk-1.jpg?fit=750%2C500&ssl=1&resize=525%2C300 1.5x, https:\/\/i0.wp.com\/noticiasribeiraopreto.com.br\/wp-content\/uploads\/2024\/03\/MulherRP-Alfredo-Risk-1.jpg?fit=750%2C500&ssl=1&resize=700%2C400 2x"},"classes":[]},{"id":81929,"url":"https:\/\/noticiasribeiraopreto.com.br\/index.php\/2026\/01\/30\/vi-inumeras-irregularidades-diz-acompanhante-sobre-atendimento-na-beneficencia-portuguesa\/","url_meta":{"origin":83316,"position":2},"title":"&#8216;Vi in\u00fameras irregularidades&#8217;, diz acompanhante sobre atendimento na Benefic\u00eancia Portuguesa","author":"noticiasribeiraopreto.com.br","date":"30 de January de 2026","format":false,"excerpt":"O comerciante Andr\u00e9 Eduardo Iossi denunciou uma s\u00e9rie de supostas irregularidades no atendimento prestado ao pai durante uma interna\u00e7\u00e3o na Benefic\u00eancia Portuguesa de Ribeir\u00e3o Preto. O paciente, um idoso com hist\u00f3rico de c\u00e2ncer de pr\u00f3stata com met\u00e1stase, morreu ap\u00f3s cerca de tr\u00eas semanas hospitalizado, no in\u00edcio de dezembro do ano\u2026","rel":"","context":"In &quot;Not\u00edcias de Ribeir\u00e3o Preto-SP e Regi\u00e3o&quot;","block_context":{"text":"Not\u00edcias de Ribeir\u00e3o Preto-SP e Regi\u00e3o","link":"https:\/\/noticiasribeiraopreto.com.br\/index.php\/category\/noticias-de-ribeirao-preto-sp-e-regiao-ismael-colosi\/"},"img":{"alt_text":"","src":"https:\/\/i0.wp.com\/noticiasribeiraopreto.com.br\/wp-content\/uploads\/2026\/01\/image_2026-01-29_18-13-52.webp.webp?fit=984%2C552&ssl=1&resize=350%2C200","width":350,"height":200,"srcset":"https:\/\/i0.wp.com\/noticiasribeiraopreto.com.br\/wp-content\/uploads\/2026\/01\/image_2026-01-29_18-13-52.webp.webp?fit=984%2C552&ssl=1&resize=350%2C200 1x, https:\/\/i0.wp.com\/noticiasribeiraopreto.com.br\/wp-content\/uploads\/2026\/01\/image_2026-01-29_18-13-52.webp.webp?fit=984%2C552&ssl=1&resize=525%2C300 1.5x, https:\/\/i0.wp.com\/noticiasribeiraopreto.com.br\/wp-content\/uploads\/2026\/01\/image_2026-01-29_18-13-52.webp.webp?fit=984%2C552&ssl=1&resize=700%2C400 2x"},"classes":[]},{"id":82744,"url":"https:\/\/noticiasribeiraopreto.com.br\/index.php\/2026\/02\/25\/hc-ribeirao-preto-promove-exercicio-de-combate-a-incendio-com-150-profissionais\/","url_meta":{"origin":83316,"position":3},"title":"HC Ribeir\u00e3o Preto promove exerc\u00edcio de combate a inc\u00eandio com 150 profissionais","author":"noticiasribeiraopreto.com.br","date":"25 de February de 2026","format":false,"excerpt":"O Hospital das Cl\u00ednicas de Ribeir\u00e3o Preto realiza nesta sexta-feira (27), a partir das 14h, uma simula\u00e7\u00e3o de inc\u00eandio no setor de ambulat\u00f3rios, uma das \u00e1reas com maior circula\u00e7\u00e3o de pacientes e acompanhantes na unidade. A atividade vai mobilizar cerca de 150 profissionais, entre brigadistas, bombeiros, t\u00e9cnicos e equipes assistenciais.\u2026","rel":"","context":"In &quot;Not\u00edcias de Ribeir\u00e3o Preto-SP e Regi\u00e3o&quot;","block_context":{"text":"Not\u00edcias de Ribeir\u00e3o Preto-SP e Regi\u00e3o","link":"https:\/\/noticiasribeiraopreto.com.br\/index.php\/category\/noticias-de-ribeirao-preto-sp-e-regiao-ismael-colosi\/"},"img":{"alt_text":"","src":"https:\/\/i0.wp.com\/noticiasribeiraopreto.com.br\/wp-content\/uploads\/2026\/02\/hc-ambulatorio_2026-02-24_19-34-44.webp.webp?fit=1170%2C500&ssl=1&resize=350%2C200","width":350,"height":200,"srcset":"https:\/\/i0.wp.com\/noticiasribeiraopreto.com.br\/wp-content\/uploads\/2026\/02\/hc-ambulatorio_2026-02-24_19-34-44.webp.webp?fit=1170%2C500&ssl=1&resize=350%2C200 1x, https:\/\/i0.wp.com\/noticiasribeiraopreto.com.br\/wp-content\/uploads\/2026\/02\/hc-ambulatorio_2026-02-24_19-34-44.webp.webp?fit=1170%2C500&ssl=1&resize=525%2C300 1.5x, https:\/\/i0.wp.com\/noticiasribeiraopreto.com.br\/wp-content\/uploads\/2026\/02\/hc-ambulatorio_2026-02-24_19-34-44.webp.webp?fit=1170%2C500&ssl=1&resize=700%2C400 2x, https:\/\/i0.wp.com\/noticiasribeiraopreto.com.br\/wp-content\/uploads\/2026\/02\/hc-ambulatorio_2026-02-24_19-34-44.webp.webp?fit=1170%2C500&ssl=1&resize=1050%2C600 3x"},"classes":[]},{"id":83313,"url":"https:\/\/noticiasribeiraopreto.com.br\/index.php\/2026\/03\/16\/sol-ou-chuva-veja-previsao-para-a-ultima-semana-do-verao-em-ribeirao-preto\/","url_meta":{"origin":83316,"position":4},"title":"Sol ou chuva? Veja previs\u00e3o para a \u00faltima semana do ver\u00e3o em Ribeir\u00e3o Preto","author":"noticiasribeiraopreto.com.br","date":"16 de March de 2026","format":false,"excerpt":"A \u00faltima semana do ver\u00e3o deve come\u00e7ar com predom\u00ednio de tempo firme e sensa\u00e7\u00e3o de calor e abafamento na regi\u00e3o de Ribeir\u00e3o Preto. O outono tem in\u00edcio \u00e0s 11h45 da pr\u00f3xima sexta-feira (20). Segundo a Climatempo, mesmo com o tempo est\u00e1vel neste come\u00e7o de semana, n\u00e3o est\u00e3o descartadas pancadas isoladas\u2026","rel":"","context":"In &quot;Not\u00edcias de Ribeir\u00e3o Preto-SP e Regi\u00e3o&quot;","block_context":{"text":"Not\u00edcias de Ribeir\u00e3o Preto-SP e Regi\u00e3o","link":"https:\/\/noticiasribeiraopreto.com.br\/index.php\/category\/noticias-de-ribeirao-preto-sp-e-regiao-ismael-colosi\/"},"img":{"alt_text":"","src":"https:\/\/i0.wp.com\/noticiasribeiraopreto.com.br\/wp-content\/uploads\/2025\/07\/WhatsApp-Image-2025-05-08-at-06.45.03_2025-05-08_09-48-38.webp.webp?fit=1200%2C540&ssl=1&resize=350%2C200","width":350,"height":200,"srcset":"https:\/\/i0.wp.com\/noticiasribeiraopreto.com.br\/wp-content\/uploads\/2025\/07\/WhatsApp-Image-2025-05-08-at-06.45.03_2025-05-08_09-48-38.webp.webp?fit=1200%2C540&ssl=1&resize=350%2C200 1x, https:\/\/i0.wp.com\/noticiasribeiraopreto.com.br\/wp-content\/uploads\/2025\/07\/WhatsApp-Image-2025-05-08-at-06.45.03_2025-05-08_09-48-38.webp.webp?fit=1200%2C540&ssl=1&resize=525%2C300 1.5x, https:\/\/i0.wp.com\/noticiasribeiraopreto.com.br\/wp-content\/uploads\/2025\/07\/WhatsApp-Image-2025-05-08-at-06.45.03_2025-05-08_09-48-38.webp.webp?fit=1200%2C540&ssl=1&resize=700%2C400 2x, https:\/\/i0.wp.com\/noticiasribeiraopreto.com.br\/wp-content\/uploads\/2025\/07\/WhatsApp-Image-2025-05-08-at-06.45.03_2025-05-08_09-48-38.webp.webp?fit=1200%2C540&ssl=1&resize=1050%2C600 3x"},"classes":[]},{"id":81919,"url":"https:\/\/noticiasribeiraopreto.com.br\/index.php\/2026\/01\/30\/hc-anuncia-plano-apos-suspensao-de-atendimentos-de-emergencia-na-beneficencia-de-ribeirao-preto\/","url_meta":{"origin":83316,"position":5},"title":"HC anuncia plano ap\u00f3s suspens\u00e3o de atendimentos de emerg\u00eancia na Benefic\u00eancia de Ribeir\u00e3o Preto","author":"noticiasribeiraopreto.com.br","date":"30 de January de 2026","format":false,"excerpt":"O Hospital das Cl\u00ednicas de Ribeir\u00e3o Preto anunciou nesta quinta-feira (29) um plano de trabalho para lidar com o aumento esperado de pacientes ap\u00f3s a suspens\u00e3o dos atendimentos de urg\u00eancia e emerg\u00eancia do SUS no Hospital Benefic\u00eancia Portuguesa. A interrup\u00e7\u00e3o ocorreu ap\u00f3s uma a\u00e7\u00e3o civil apontar irregularidades graves na presta\u00e7\u00e3o\u2026","rel":"","context":"In &quot;Not\u00edcias de Ribeir\u00e3o Preto-SP e Regi\u00e3o&quot;","block_context":{"text":"Not\u00edcias de Ribeir\u00e3o Preto-SP e Regi\u00e3o","link":"https:\/\/noticiasribeiraopreto.com.br\/index.php\/category\/noticias-de-ribeirao-preto-sp-e-regiao-ismael-colosi\/"},"img":{"alt_text":"","src":"https:\/\/i0.wp.com\/noticiasribeiraopreto.com.br\/wp-content\/uploads\/2025\/10\/WhatsApp-Image-2025-10-29-at-08.44.13_2025-10-29_11-44-39.webp.webp?fit=852%2C540&ssl=1&resize=350%2C200","width":350,"height":200,"srcset":"https:\/\/i0.wp.com\/noticiasribeiraopreto.com.br\/wp-content\/uploads\/2025\/10\/WhatsApp-Image-2025-10-29-at-08.44.13_2025-10-29_11-44-39.webp.webp?fit=852%2C540&ssl=1&resize=350%2C200 1x, https:\/\/i0.wp.com\/noticiasribeiraopreto.com.br\/wp-content\/uploads\/2025\/10\/WhatsApp-Image-2025-10-29-at-08.44.13_2025-10-29_11-44-39.webp.webp?fit=852%2C540&ssl=1&resize=525%2C300 1.5x, https:\/\/i0.wp.com\/noticiasribeiraopreto.com.br\/wp-content\/uploads\/2025\/10\/WhatsApp-Image-2025-10-29-at-08.44.13_2025-10-29_11-44-39.webp.webp?fit=852%2C540&ssl=1&resize=700%2C400 2x"},"classes":[]}],"jetpack_sharing_enabled":true,"jetpack_shortlink":"https:\/\/wp.me\/peQAOb-lFO","_links":{"self":[{"href":"https:\/\/noticiasribeiraopreto.com.br\/index.php\/wp-json\/wp\/v2\/posts\/83316","targetHints":{"allow":["GET"]}}],"collection":[{"href":"https:\/\/noticiasribeiraopreto.com.br\/index.php\/wp-json\/wp\/v2\/posts"}],"about":[{"href":"https:\/\/noticiasribeiraopreto.com.br\/index.php\/wp-json\/wp\/v2\/types\/post"}],"author":[{"embeddable":true,"href":"https:\/\/noticiasribeiraopreto.com.br\/index.php\/wp-json\/wp\/v2\/users\/1"}],"replies":[{"embeddable":true,"href":"https:\/\/noticiasribeiraopreto.com.br\/index.php\/wp-json\/wp\/v2\/comments?post=83316"}],"version-history":[{"count":0,"href":"https:\/\/noticiasribeiraopreto.com.br\/index.php\/wp-json\/wp\/v2\/posts\/83316\/revisions"}],"wp:featuredmedia":[{"embeddable":true,"href":"https:\/\/noticiasribeiraopreto.com.br\/index.php\/wp-json\/wp\/v2\/media\/83317"}],"wp:attachment":[{"href":"https:\/\/noticiasribeiraopreto.com.br\/index.php\/wp-json\/wp\/v2\/media?parent=83316"}],"wp:term":[{"taxonomy":"category","embeddable":true,"href":"https:\/\/noticiasribeiraopreto.com.br\/index.php\/wp-json\/wp\/v2\/categories?post=83316"},{"taxonomy":"post_tag","embeddable":true,"href":"https:\/\/noticiasribeiraopreto.com.br\/index.php\/wp-json\/wp\/v2\/tags?post=83316"}],"curies":[{"name":"wp","href":"https:\/\/api.w.org\/{rel}","templated":true}]}}