{"id":83318,"date":"2026-03-16T11:14:59","date_gmt":"2026-03-16T14:14:59","guid":{"rendered":"https:\/\/noticiasribeiraopreto.com.br\/index.php\/2026\/03\/16\/curso-de-eletricista-gratuito-oferece-vagas-para-moradores-da-regiao-de-ribeirao-preto\/"},"modified":"2026-03-16T11:14:59","modified_gmt":"2026-03-16T14:14:59","slug":"curso-de-eletricista-gratuito-oferece-vagas-para-moradores-da-regiao-de-ribeirao-preto","status":"publish","type":"post","link":"https:\/\/noticiasribeiraopreto.com.br\/index.php\/2026\/03\/16\/curso-de-eletricista-gratuito-oferece-vagas-para-moradores-da-regiao-de-ribeirao-preto\/","title":{"rendered":"Curso de eletricista gratuito oferece vagas para moradores da regi\u00e3o de Ribeir\u00e3o Preto"},"content":{"rendered":"<div class='code-block code-block-1' style='margin: 8px 0 8px auto; text-align: right; display: block; clear: both;'>\n<p><a href=\"https:\/\/wa.link\/vpicfd\"><img data-recalc-dims=\"1\" class=\"wp-image-4922\" style=\"aspect-ratio: 2.0253164556962027; width: 561px; height: auto;\" src=\"https:\/\/i0.wp.com\/ismaelcolosi.com.br\/wp-content\/uploads\/2023\/11\/grupo-de-empregos-whatsapp-e-facebook-ismael-colosi-vagas.jpg?ssl=1\" alt=\"\" \/><\/a><\/p>\n<!-- \/wp:image -->\n<\/div>\n<p> <br \/>\n<\/p>\n<div>\n<p>A<strong> CPFL Paulista<\/strong>, em parceria com o <strong>Senai<\/strong>, abriu inscri\u00e7\u00f5es para curso de <strong>qualifica\u00e7\u00e3o profissional gratuito<\/strong> na \u00e1rea de <strong>eletricista <\/strong>para moradores da <strong>regi\u00e3o de Ribeir\u00e3o Preto<\/strong>.<\/p>\n<p>S\u00e3o 16 vagas destinadas a homens e mulheres residentes em<strong> Igarapava, Ipu\u00e3, Ituverava, Franca, Morro Agudo, Orl\u00e2ndia, Patroc\u00ednio Paulista e S\u00e3o Joaquim da Barra.<\/strong><\/p>\n<p>Os interessados devem se inscrever de forma online (<a href=\"https:\/\/www.grupocpfl.com.br\/rh\/escolas-de-eletricistas\" target=\"_blank\" data-type=\"link\" data-id=\"https:\/\/www.grupocpfl.com.br\/rh\/escolas-de-eletricistas\" rel=\"noreferrer noopener\">clique aqui<\/a>), <strong>at\u00e9 o dia 27 de mar\u00e7o<\/strong>. <mark style=\"background-color:#fcb900\" class=\"has-inline-color\">O in\u00edcio das aulas est\u00e1 previsto para o dia 5 de maio, em Franca.<\/mark><\/p>\n<h2 class=\"wp-block-heading\"><strong>Quem pode se inscrever?<\/strong><\/h2>\n<p>Para se inscrever, os candidatos devem ter no m\u00ednimo 19 anos, ensino m\u00e9dio completo, CNH categoria B definitiva e v\u00e1lida, e residir na cidade da vaga ou ter disponibilidade para deslocamento.<\/p>\n<p>O curso tem como objetivo preparar os participantes para o mercado de trabalho. Ao final da capacita\u00e7\u00e3o, os alunos estar\u00e3o aptos a atuar como eletricistas e poder\u00e3o concorrer a vagas nas opera\u00e7\u00f5es do Grupo CPFL.<\/p>\n<h3 class=\"wp-block-heading\"><strong>Servi\u00e7o<\/strong><\/h3>\n<p>Inscri\u00e7\u00f5es: at\u00e9 27 de mar\u00e7o de 2026<\/p>\n<p>Link: <a href=\"https:\/\/www.grupocpfl.com.br\/rh\/escolas-de-eletricistas\" target=\"_blank\" rel=\"noreferrer noopener\">https:\/\/www.grupocpfl.com.br\/rh\/escolas-de-eletricistas<\/a><\/p>\n<p>In\u00edcio das aulas: 05 de maio de 2026<\/p>\n<p>Local das aulas presenciais: Franca-SP<\/p>\n<hr class=\"wp-block-separator has-alpha-channel-opacity\"\/>\n<p>SAIBA MAIS<\/p>\n<p>Cozinheiros de escolas p\u00fablicas de Ribeir\u00e3o podem ganhar at\u00e9 R$ 5 mil em concurso de receitas; Veja como participar<\/p>\n<h4 class=\"wp-block-heading\"><strong>FIQUE ON<\/strong><\/h4>\n<p>Fique ligado em tudo que acontece em Ribeir\u00e3o Preto e regi\u00e3o. Siga os perfis do\u00a0<strong>acidade on<\/strong>\u00a0no\u00a0<a href=\"https:\/\/www.instagram.com\/acidadeonribeirao\" target=\"_blank\" rel=\"noreferrer noopener\">Instagram<\/a>\u00a0e no<a href=\"https:\/\/www.facebook.com\/acidadeonribeirao\/\" target=\"_blank\" rel=\"noreferrer noopener\">\u00a0Facebook<\/a>.Receba not\u00edcias do\u00a0<strong>acidade on<\/strong>\u00a0no WhatsApp. Para entrar no grupo,\u00a0basta\u00a0<a href=\"https:\/\/whatsapp.com\/channel\/0029Vb6IQl1JENyAeS57fk2p\" target=\"_blank\" rel=\"noreferrer noopener\">clicar aqui<\/a>. Ou, acesse o nosso\u00a0Canal\u00a0<a href=\"https:\/\/chat.whatsapp.com\/GFH9HUMUTHNFJdnyEd0xxq\" target=\"_blank\" rel=\"noreferrer noopener\">clicando aqui<\/a>.<\/p>\n<p>Fa\u00e7a uma den\u00fancia ou sugira uma reportagem sobre Ribeir\u00e3o Preto e regi\u00e3o pelo WhatsApp: 16 99117 7802.<\/p>\n<p>VEJA TAMB\u00c9M<\/p>\n<p>Sobremesa com pistache: 3 receitas f\u00e1ceis e deliciosas para o domingo\u00a0<\/p>\n<p><!-- AI CONTENT END 1 -->\n<\/div>\n<p><script async src=\"\/\/www.instagram.com\/embed.js\"><\/script><br \/>\n<br \/><br \/>\n<br \/><a href=\"https:\/\/www.acidadeon.com\/ribeiraopreto\/cotidiano\/curso-de-eletricista-gratuito-oferece-vagas-para-moradores-da-regiao-de-ribeirao-preto\/\">Source link <\/a><\/p>\n<!-- CONTENT END 1 -->\n","protected":false},"excerpt":{"rendered":"<p>A CPFL Paulista, em parceria com o Senai, abriu inscri\u00e7\u00f5es para curso de qualifica\u00e7\u00e3o profissional gratuito na \u00e1rea de eletricista para moradores da regi\u00e3o de&#8230;<\/p>\n","protected":false},"author":1,"featured_media":83319,"comment_status":"open","ping_status":"open","sticky":false,"template":"","format":"standard","meta":{"advanced_seo_description":"","jetpack_seo_html_title":"","jetpack_seo_noindex":false,"jetpack_post_was_ever_published":false,"_jetpack_newsletter_access":"","_jetpack_dont_email_post_to_subs":false,"_jetpack_newsletter_tier_id":0,"_jetpack_memberships_contains_paywalled_content":false,"_jetpack_memberships_contains_paid_content":false,"footnotes":"","jetpack_publicize_message":"","jetpack_publicize_feature_enabled":true,"jetpack_social_post_already_shared":true,"jetpack_social_options":{"image_generator_settings":{"template":"highway","default_image_id":0,"font":"","enabled":false},"version":2}},"categories":[11],"tags":[],"class_list":["post-83318","post","type-post","status-publish","format-standard","has-post-thumbnail","hentry","category-noticias-de-ribeirao-preto-sp-e-regiao-ismael-colosi"],"jetpack_publicize_connections":[],"jetpack_featured_media_url":"https:\/\/i0.wp.com\/noticiasribeiraopreto.com.br\/wp-content\/uploads\/2026\/03\/baixados-17_2026-03-15_20-19-30.webp.webp?fit=568%2C379&ssl=1","jetpack-related-posts":[{"id":12773,"url":"https:\/\/noticiasribeiraopreto.com.br\/index.php\/2023\/12\/08\/cpfl-abre-inscricoes-para-curso-gratuito-em-ribeirao-preto-veja-como-participar\/","url_meta":{"origin":83318,"position":0},"title":"CPFL abre inscri\u00e7\u00f5es para curso gratuito em Ribeir\u00e3o Preto; Veja como participar","author":"noticiasribeiraopreto.com.br","date":"8 de December de 2023","format":false,"excerpt":"A CPFL (Companhia Paulista de For\u00e7a e Luz) est\u00e1 com inscri\u00e7\u00f5es abertas, para uma nova turma mista da Escola de Eletricistas de Rede de Distribui\u00e7\u00e3o El\u00e9trica, para moradores de Ribeir\u00e3o Preto e regi\u00e3o. A capacita\u00e7\u00e3o \u00e9 totalmente gratuita e faz parte de uma parceria com o Senai. Residentes de Bebedouro,\u2026","rel":"","context":"In &quot;Not\u00edcias de Ribeir\u00e3o Preto-SP e Regi\u00e3o&quot;","block_context":{"text":"Not\u00edcias de Ribeir\u00e3o Preto-SP e Regi\u00e3o","link":"https:\/\/noticiasribeiraopreto.com.br\/index.php\/category\/noticias-de-ribeirao-preto-sp-e-regiao-ismael-colosi\/"},"img":{"alt_text":"","src":"https:\/\/i0.wp.com\/noticiasribeiraopreto.com.br\/wp-content\/uploads\/2023\/12\/tecnico-eletricista.jpg?fit=1200%2C800&ssl=1&resize=350%2C200","width":350,"height":200,"srcset":"https:\/\/i0.wp.com\/noticiasribeiraopreto.com.br\/wp-content\/uploads\/2023\/12\/tecnico-eletricista.jpg?fit=1200%2C800&ssl=1&resize=350%2C200 1x, https:\/\/i0.wp.com\/noticiasribeiraopreto.com.br\/wp-content\/uploads\/2023\/12\/tecnico-eletricista.jpg?fit=1200%2C800&ssl=1&resize=525%2C300 1.5x, https:\/\/i0.wp.com\/noticiasribeiraopreto.com.br\/wp-content\/uploads\/2023\/12\/tecnico-eletricista.jpg?fit=1200%2C800&ssl=1&resize=700%2C400 2x, https:\/\/i0.wp.com\/noticiasribeiraopreto.com.br\/wp-content\/uploads\/2023\/12\/tecnico-eletricista.jpg?fit=1200%2C800&ssl=1&resize=1050%2C600 3x"},"classes":[]},{"id":53389,"url":"https:\/\/noticiasribeiraopreto.com.br\/index.php\/2024\/06\/19\/ribeirao-tem-mais-de-700-vagas-para-cursos-profissionalizantes-veja-como-se-inscrever\/","url_meta":{"origin":83318,"position":1},"title":"Ribeir\u00e3o tem mais de 700 vagas para cursos profissionalizantes; Veja como se inscrever","author":"noticiasribeiraopreto.com.br","date":"19 de June de 2024","format":false,"excerpt":"O Centro de Qualifica\u00e7\u00e3o Profissional e Social de Ribeir\u00e3o Preto est\u00e1 com 731 vagas abertas para 14 cursos profissionalizantes gratuitos. As inscri\u00e7\u00f5es s\u00e3o feitas de forma on-line (clique aqui) e devem ser realizada at\u00e9 o dia 28 de junho. Para se inscrever \u00e9 necess\u00e1rio ser alfabetizado, morar em Ribeir\u00e3o Preto\u2026","rel":"","context":"In &quot;Not\u00edcias de Ribeir\u00e3o Preto-SP e Regi\u00e3o&quot;","block_context":{"text":"Not\u00edcias de Ribeir\u00e3o Preto-SP e Regi\u00e3o","link":"https:\/\/noticiasribeiraopreto.com.br\/index.php\/category\/noticias-de-ribeirao-preto-sp-e-regiao-ismael-colosi\/"},"img":{"alt_text":"","src":"https:\/\/i0.wp.com\/noticiasribeiraopreto.com.br\/wp-content\/uploads\/2024\/06\/centro_de_1200x675_20062022103742.jpg?fit=1200%2C674&ssl=1&resize=350%2C200","width":350,"height":200,"srcset":"https:\/\/i0.wp.com\/noticiasribeiraopreto.com.br\/wp-content\/uploads\/2024\/06\/centro_de_1200x675_20062022103742.jpg?fit=1200%2C674&ssl=1&resize=350%2C200 1x, https:\/\/i0.wp.com\/noticiasribeiraopreto.com.br\/wp-content\/uploads\/2024\/06\/centro_de_1200x675_20062022103742.jpg?fit=1200%2C674&ssl=1&resize=525%2C300 1.5x, https:\/\/i0.wp.com\/noticiasribeiraopreto.com.br\/wp-content\/uploads\/2024\/06\/centro_de_1200x675_20062022103742.jpg?fit=1200%2C674&ssl=1&resize=700%2C400 2x, https:\/\/i0.wp.com\/noticiasribeiraopreto.com.br\/wp-content\/uploads\/2024\/06\/centro_de_1200x675_20062022103742.jpg?fit=1200%2C674&ssl=1&resize=1050%2C600 3x"},"classes":[]},{"id":78698,"url":"https:\/\/noticiasribeiraopreto.com.br\/index.php\/2025\/10\/16\/fatec-ribeirao-preto-veja-cursos-e-como-se-inscrever-no-vestibular\/","url_meta":{"origin":83318,"position":2},"title":"Fatec Ribeir\u00e3o Preto: Veja cursos e como se inscrever no vestibular","author":"noticiasribeiraopreto.com.br","date":"16 de October de 2025","format":false,"excerpt":"A Fatec (Faculdade de Tecnologia) em Ribeir\u00e3o Preto est\u00e1 com inscri\u00e7\u00f5es abertas para o vestibular do primeiro semestre de 2026. S\u00e3o quatro cursos superiores oferecidos na unidade, com ensino gratuito e dura\u00e7\u00e3o m\u00e9dia de tr\u00eas anos. Veja todos os cursos e vagas: An\u00e1lise e Desenvolvimento de Sistemas (manh\u00e3 e noite,\u2026","rel":"","context":"In &quot;Not\u00edcias de Ribeir\u00e3o Preto-SP e Regi\u00e3o&quot;","block_context":{"text":"Not\u00edcias de Ribeir\u00e3o Preto-SP e Regi\u00e3o","link":"https:\/\/noticiasribeiraopreto.com.br\/index.php\/category\/noticias-de-ribeirao-preto-sp-e-regiao-ismael-colosi\/"},"img":{"alt_text":"","src":"https:\/\/i0.wp.com\/noticiasribeiraopreto.com.br\/wp-content\/uploads\/2025\/10\/fatec_2025-10-16_17-04-15.webp.webp?fit=1200%2C674&ssl=1&resize=350%2C200","width":350,"height":200,"srcset":"https:\/\/i0.wp.com\/noticiasribeiraopreto.com.br\/wp-content\/uploads\/2025\/10\/fatec_2025-10-16_17-04-15.webp.webp?fit=1200%2C674&ssl=1&resize=350%2C200 1x, https:\/\/i0.wp.com\/noticiasribeiraopreto.com.br\/wp-content\/uploads\/2025\/10\/fatec_2025-10-16_17-04-15.webp.webp?fit=1200%2C674&ssl=1&resize=525%2C300 1.5x, https:\/\/i0.wp.com\/noticiasribeiraopreto.com.br\/wp-content\/uploads\/2025\/10\/fatec_2025-10-16_17-04-15.webp.webp?fit=1200%2C674&ssl=1&resize=700%2C400 2x, https:\/\/i0.wp.com\/noticiasribeiraopreto.com.br\/wp-content\/uploads\/2025\/10\/fatec_2025-10-16_17-04-15.webp.webp?fit=1200%2C674&ssl=1&resize=1050%2C600 3x"},"classes":[]},{"id":49880,"url":"https:\/\/noticiasribeiraopreto.com.br\/index.php\/2024\/05\/13\/ribeirao-preto-tem-mais-de-100-vagas-para-cursos-profissionalizantes-gratuitos\/","url_meta":{"origin":83318,"position":3},"title":"Ribeir\u00e3o Preto tem mais de 100 vagas para cursos profissionalizantes gratuitos","author":"noticiasribeiraopreto.com.br","date":"13 de May de 2024","format":false,"excerpt":"O Centro de Qualifica\u00e7\u00e3o Profissional de Ribeir\u00e3o Preto informou, nesta segunda-feira (13), que est\u00e3o abertas as inscri\u00e7\u00f5es para mais 100 vagas de cursos profissionalizantes gratuitos no munic\u00edpio. As inscri\u00e7\u00f5es devem ser realizadas de forma on-line (clique aqui) at\u00e9 o dia 17 de maio. Os hor\u00e1rios dos cursos variam entre os\u2026","rel":"","context":"In &quot;Not\u00edcias de Ribeir\u00e3o Preto-SP e Regi\u00e3o&quot;","block_context":{"text":"Not\u00edcias de Ribeir\u00e3o Preto-SP e Regi\u00e3o","link":"https:\/\/noticiasribeiraopreto.com.br\/index.php\/category\/noticias-de-ribeirao-preto-sp-e-regiao-ismael-colosi\/"},"img":{"alt_text":"","src":"https:\/\/i0.wp.com\/noticiasribeiraopreto.com.br\/wp-content\/uploads\/2024\/05\/mulher-passando-por-um-tratamento-de-microblading-scaled.jpg?fit=1200%2C800&ssl=1&resize=350%2C200","width":350,"height":200,"srcset":"https:\/\/i0.wp.com\/noticiasribeiraopreto.com.br\/wp-content\/uploads\/2024\/05\/mulher-passando-por-um-tratamento-de-microblading-scaled.jpg?fit=1200%2C800&ssl=1&resize=350%2C200 1x, https:\/\/i0.wp.com\/noticiasribeiraopreto.com.br\/wp-content\/uploads\/2024\/05\/mulher-passando-por-um-tratamento-de-microblading-scaled.jpg?fit=1200%2C800&ssl=1&resize=525%2C300 1.5x, https:\/\/i0.wp.com\/noticiasribeiraopreto.com.br\/wp-content\/uploads\/2024\/05\/mulher-passando-por-um-tratamento-de-microblading-scaled.jpg?fit=1200%2C800&ssl=1&resize=700%2C400 2x, https:\/\/i0.wp.com\/noticiasribeiraopreto.com.br\/wp-content\/uploads\/2024\/05\/mulher-passando-por-um-tratamento-de-microblading-scaled.jpg?fit=1200%2C800&ssl=1&resize=1050%2C600 3x"},"classes":[]},{"id":33448,"url":"https:\/\/noticiasribeiraopreto.com.br\/index.php\/2024\/01\/29\/ribeirao-tem-450-vagas-para-cursos-profissionalizantes-veja-as-opcoes\/","url_meta":{"origin":83318,"position":4},"title":"Ribeir\u00e3o tem 450 vagas para cursos profissionalizantes; Veja as op\u00e7\u00f5es","author":"noticiasribeiraopreto.com.br","date":"29 de January de 2024","format":false,"excerpt":"O Centro de Qualifica\u00e7\u00e3o Profissional de Ribeir\u00e3o Preto abriu, nesta segunda-feira (29), as inscri\u00e7\u00f5es para 452 vagas de cursos profissionalizantes presenciais e gratuitos. As inscri\u00e7\u00f5es s\u00e3o feitas de forma on-line (clique aqui) e devem ser realizada at\u00e9 o dia 4 de fevereiro, domingo. Os cursos s\u00e3o oferecidos nos per\u00edodos da\u2026","rel":"","context":"In &quot;Not\u00edcias de Ribeir\u00e3o Preto-SP e Regi\u00e3o&quot;","block_context":{"text":"Not\u00edcias de Ribeir\u00e3o Preto-SP e Regi\u00e3o","link":"https:\/\/noticiasribeiraopreto.com.br\/index.php\/category\/noticias-de-ribeirao-preto-sp-e-regiao-ismael-colosi\/"},"img":{"alt_text":"","src":"https:\/\/i0.wp.com\/noticiasribeiraopreto.com.br\/wp-content\/uploads\/2024\/01\/mulher-passando-por-um-tratamento-de-microblading-scaled.jpg?fit=1200%2C800&ssl=1&resize=350%2C200","width":350,"height":200,"srcset":"https:\/\/i0.wp.com\/noticiasribeiraopreto.com.br\/wp-content\/uploads\/2024\/01\/mulher-passando-por-um-tratamento-de-microblading-scaled.jpg?fit=1200%2C800&ssl=1&resize=350%2C200 1x, https:\/\/i0.wp.com\/noticiasribeiraopreto.com.br\/wp-content\/uploads\/2024\/01\/mulher-passando-por-um-tratamento-de-microblading-scaled.jpg?fit=1200%2C800&ssl=1&resize=525%2C300 1.5x, https:\/\/i0.wp.com\/noticiasribeiraopreto.com.br\/wp-content\/uploads\/2024\/01\/mulher-passando-por-um-tratamento-de-microblading-scaled.jpg?fit=1200%2C800&ssl=1&resize=700%2C400 2x, https:\/\/i0.wp.com\/noticiasribeiraopreto.com.br\/wp-content\/uploads\/2024\/01\/mulher-passando-por-um-tratamento-de-microblading-scaled.jpg?fit=1200%2C800&ssl=1&resize=1050%2C600 3x"},"classes":[]},{"id":52826,"url":"https:\/\/noticiasribeiraopreto.com.br\/index.php\/2024\/06\/12\/funtec-tem-mais-de-600-vagas-para-cursos-gratuitos-em-ribeirao-veja-como-se-inscrever\/","url_meta":{"origin":83318,"position":5},"title":"Funtec tem mais de 600 vagas para cursos gratuitos em Ribeir\u00e3o; Veja como se inscrever","author":"noticiasribeiraopreto.com.br","date":"12 de June de 2024","format":false,"excerpt":"A Funda\u00e7\u00e3o de Forma\u00e7\u00e3o Tecnol\u00f3gica (Funtec) anunciou, nesta quarta-feira (12), que est\u00e1 com inscri\u00e7\u00f5es abertas para 26 cursos profissionalizantes em diversas \u00e1reas, em Ribeir\u00e3o Preto. Podem se inscrever pessoas a partir de 16 anos e que tenham conclu\u00eddo o ensino fundamental. A sele\u00e7\u00e3o \u00e9 feita por ordem de data de\u2026","rel":"","context":"In &quot;Not\u00edcias de Ribeir\u00e3o Preto-SP e Regi\u00e3o&quot;","block_context":{"text":"Not\u00edcias de Ribeir\u00e3o Preto-SP e Regi\u00e3o","link":"https:\/\/noticiasribeiraopreto.com.br\/index.php\/category\/noticias-de-ribeirao-preto-sp-e-regiao-ismael-colosi\/"},"img":{"alt_text":"","src":"https:\/\/i0.wp.com\/noticiasribeiraopreto.com.br\/wp-content\/uploads\/2024\/06\/1cursos_funtec_-_foto_guilherme_sircili_33.jpg?fit=1200%2C799&ssl=1&resize=350%2C200","width":350,"height":200,"srcset":"https:\/\/i0.wp.com\/noticiasribeiraopreto.com.br\/wp-content\/uploads\/2024\/06\/1cursos_funtec_-_foto_guilherme_sircili_33.jpg?fit=1200%2C799&ssl=1&resize=350%2C200 1x, https:\/\/i0.wp.com\/noticiasribeiraopreto.com.br\/wp-content\/uploads\/2024\/06\/1cursos_funtec_-_foto_guilherme_sircili_33.jpg?fit=1200%2C799&ssl=1&resize=525%2C300 1.5x, https:\/\/i0.wp.com\/noticiasribeiraopreto.com.br\/wp-content\/uploads\/2024\/06\/1cursos_funtec_-_foto_guilherme_sircili_33.jpg?fit=1200%2C799&ssl=1&resize=700%2C400 2x, https:\/\/i0.wp.com\/noticiasribeiraopreto.com.br\/wp-content\/uploads\/2024\/06\/1cursos_funtec_-_foto_guilherme_sircili_33.jpg?fit=1200%2C799&ssl=1&resize=1050%2C600 3x"},"classes":[]}],"jetpack_sharing_enabled":true,"jetpack_shortlink":"https:\/\/wp.me\/peQAOb-lFQ","_links":{"self":[{"href":"https:\/\/noticiasribeiraopreto.com.br\/index.php\/wp-json\/wp\/v2\/posts\/83318","targetHints":{"allow":["GET"]}}],"collection":[{"href":"https:\/\/noticiasribeiraopreto.com.br\/index.php\/wp-json\/wp\/v2\/posts"}],"about":[{"href":"https:\/\/noticiasribeiraopreto.com.br\/index.php\/wp-json\/wp\/v2\/types\/post"}],"author":[{"embeddable":true,"href":"https:\/\/noticiasribeiraopreto.com.br\/index.php\/wp-json\/wp\/v2\/users\/1"}],"replies":[{"embeddable":true,"href":"https:\/\/noticiasribeiraopreto.com.br\/index.php\/wp-json\/wp\/v2\/comments?post=83318"}],"version-history":[{"count":0,"href":"https:\/\/noticiasribeiraopreto.com.br\/index.php\/wp-json\/wp\/v2\/posts\/83318\/revisions"}],"wp:featuredmedia":[{"embeddable":true,"href":"https:\/\/noticiasribeiraopreto.com.br\/index.php\/wp-json\/wp\/v2\/media\/83319"}],"wp:attachment":[{"href":"https:\/\/noticiasribeiraopreto.com.br\/index.php\/wp-json\/wp\/v2\/media?parent=83318"}],"wp:term":[{"taxonomy":"category","embeddable":true,"href":"https:\/\/noticiasribeiraopreto.com.br\/index.php\/wp-json\/wp\/v2\/categories?post=83318"},{"taxonomy":"post_tag","embeddable":true,"href":"https:\/\/noticiasribeiraopreto.com.br\/index.php\/wp-json\/wp\/v2\/tags?post=83318"}],"curies":[{"name":"wp","href":"https:\/\/api.w.org\/{rel}","templated":true}]}}