{"id":83320,"date":"2026-03-16T11:25:10","date_gmt":"2026-03-16T14:25:10","guid":{"rendered":"https:\/\/noticiasribeiraopreto.com.br\/index.php\/2026\/03\/16\/policia-militar-abre-concurso-com-36-vagas-e-salarios-de-r-98-mil-veja-como-se-inscrever\/"},"modified":"2026-03-16T11:25:10","modified_gmt":"2026-03-16T14:25:10","slug":"policia-militar-abre-concurso-com-36-vagas-e-salarios-de-r-98-mil-veja-como-se-inscrever","status":"publish","type":"post","link":"https:\/\/noticiasribeiraopreto.com.br\/index.php\/2026\/03\/16\/policia-militar-abre-concurso-com-36-vagas-e-salarios-de-r-98-mil-veja-como-se-inscrever\/","title":{"rendered":"Pol\u00edcia Militar abre concurso com 36 vagas e sal\u00e1rios de R$ 9,8 mil; Veja como se inscrever"},"content":{"rendered":"<div class='code-block code-block-1' style='margin: 8px 0 8px auto; text-align: right; display: block; clear: both;'>\n<p><a href=\"https:\/\/wa.link\/vpicfd\"><img data-recalc-dims=\"1\" class=\"wp-image-4922\" style=\"aspect-ratio: 2.0253164556962027; width: 561px; height: auto;\" src=\"https:\/\/i0.wp.com\/ismaelcolosi.com.br\/wp-content\/uploads\/2023\/11\/grupo-de-empregos-whatsapp-e-facebook-ismael-colosi-vagas.jpg?ssl=1\" alt=\"\" \/><\/a><\/p>\n<!-- \/wp:image -->\n<\/div>\n<p> <br \/>\n<\/p>\n<div data-td-block-uid=\"tdi_95\">\n<div class=\"tdb-block-inner td-fix-index\">\n<p>A <strong>Pol\u00edcia Militar do Estado de S\u00e3o Paulo<\/strong> publicou edital de novo <strong>concurso p\u00fablico<\/strong> com <strong>36 vagas<\/strong> e sal\u00e1rios de <strong>R$ 9.832,41<\/strong>. <mark style=\"background-color:#fcb900\" class=\"has-inline-color\">As oportunidades s\u00e3o para o cargo de <strong>2\u00ba Tenente M\u00e9dico PM Estagi\u00e1rio<\/strong> e abrange v\u00e1rias especialidades \u2013 veja abaixo.<\/mark><\/p>\n<p>Os interessados devem se inscrever de <strong>forma online (<a href=\"https:\/\/www.vunesp.com.br\/PMES2504\" data-type=\"link\" data-id=\"https:\/\/www.vunesp.com.br\/PMES2504\" target=\"_blank\" rel=\"noopener\">clique aqui<\/a>)<\/strong> entre os dias <strong>16 de mar\u00e7o at\u00e9 o dia 7 de maio de 2026<\/strong>. A taxa \u00e9 de R$ 250.<\/p>\n<p>A sele\u00e7\u00e3o ser\u00e1 realizada por meio de <strong>provas objetivas e dissertativas<\/strong>, prevista para acontecer no dia <strong>14 de junho de 2026<\/strong>. <a href=\"https:\/\/www.vunesp.com.br\/PMES2504\" target=\"_blank\" data-type=\"link\" data-id=\"https:\/\/www.vunesp.com.br\/PMES2504\" rel=\"noreferrer noopener\">O edital completo pode ser conferido clicando aqui.<\/a><\/p>\n<h2 class=\"wp-block-heading\"><strong>Quem pode se inscrever?<\/strong><\/h2>\n<p>Podem se inscrever candidatos que tenham <strong>idade entre 17 e 35 anos<\/strong>, exceto candidatos que j\u00e1 pertencem aos quadros da Pol\u00edcia Militar de S\u00e3o Paulo.<\/p>\n<p>Para assumir o cargo, \u00e9 preciso ainda cumprir exig\u00eancias como <strong>aptid\u00e3o f\u00edsica<\/strong>, <strong>sa\u00fade compat\u00edvel com a fun\u00e7\u00e3o<\/strong> e <strong>forma\u00e7\u00e3o superior em Medicina<\/strong>, al\u00e9m de registro no Conselho Regional de Medicina (CRM).<\/p>\n<p>Tamb\u00e9m \u00e9 exigido que o candidato possua <strong>t\u00edtulo de especialista<\/strong>, <strong>certificado de conclus\u00e3o de resid\u00eancia m\u00e9dica <\/strong>ou <strong>declara\u00e7\u00e3o de estar cursando, no m\u00ednimo, o \u00faltimo ano da resid\u00eancia<\/strong>, na especialidade escolhida no momento da inscri\u00e7\u00e3o.<\/p>\n<h3 class=\"wp-block-heading\"><strong>Confira as especialidades<\/strong><\/h3>\n<ul class=\"wp-block-list\">\n<li>Anestesiologia \u2013 3 (tr\u00eas) vagas;<\/li>\n<li>Cirurgia de Cabe\u00e7a e Pesco\u00e7o \u2013 1 (uma) vaga;<\/li>\n<li>Cirurgia G\u00e1strica e do Aparelho Digestivo \u2013 1 (uma) vaga;<\/li>\n<li>Cl\u00ednica Geral \u2013 2 (duas) vagas;<\/li>\n<li>Endocrinologia \u2013 1 (uma) vaga;<\/li>\n<li>Endoscopia \u2013 1 (uma) vaga;<\/li>\n<li>Fisiatria \u2013 1 (uma) vaga;<\/li>\n<li>Ginecologia \u2013 2 (duas) vagas;<\/li>\n<li>Hematologia \u2013 1 (uma) vaga;<\/li>\n<li>Medicina de Emerg\u00eancia \u2013 2 (duas) vagas;<\/li>\n<li>Medicina do Trabalho \u2013 1 (uma) vaga;<\/li>\n<li>Medicina Intensiva \u2013 4 (quatro) vagas;<\/li>\n<li>Neurologia Cl\u00ednica \u2013 2 (duas) vagas;<\/li>\n<li>Oncologia \u2013 2 (duas) vagas;<\/li>\n<li>Otorrinolaringologia \u2013 2 (duas) vagas;<\/li>\n<li>Patologia Cl\u00ednica e Medicina Laboratorial \u2013 1 (uma) vaga;<\/li>\n<li>Pneumologia \u2013 1 (uma) vaga;<\/li>\n<li>Psiquiatria \u2013 4 (quatro) vagas;<\/li>\n<li>Radiologia \u2013 2 (duas) vagas;<\/li>\n<li>Urologia \u2013 2 (duas) vagas.<\/li>\n<\/ul>\n<hr class=\"wp-block-separator has-alpha-channel-opacity\"\/>\n<p>SAIBA MAIS<\/p>\n<p>Interior de SP tem 11 apostas premiadas na Mega-Sena; Confira as cidades<\/p>\n<h3 class=\"wp-block-heading\"><strong>FIQUE ON<\/strong><\/h3>\n<p>Fique ligado em tudo que acontece em Ribeir\u00e3o Preto e regi\u00e3o. Siga os perfis do\u00a0<strong>acidade on<\/strong>\u00a0no\u00a0<a href=\"https:\/\/www.instagram.com\/acidadeonribeirao\" target=\"_blank\" rel=\"noreferrer noopener\">Instagram<\/a>\u00a0e no<a href=\"https:\/\/www.facebook.com\/acidadeonribeirao\/\" target=\"_blank\" rel=\"noreferrer noopener\">\u00a0Facebook<\/a>.<\/p>\n<p>Receba not\u00edcias do\u00a0<strong>acidade on<\/strong>\u00a0no WhatsApp. Para entrar no grupo,\u00a0basta\u00a0<a href=\"https:\/\/whatsapp.com\/channel\/0029Vb6IQl1JENyAeS57fk2p\" target=\"_blank\" rel=\"noreferrer noopener\">clicar aqui<\/a>. Ou, acesse o nosso\u00a0Canal\u00a0<a href=\"https:\/\/chat.whatsapp.com\/GFH9HUMUTHNFJdnyEd0xxq\" target=\"_blank\" rel=\"noreferrer noopener\">clicando aqui<\/a>.<\/p>\n<p>Fa\u00e7a uma den\u00fancia ou sugira uma reportagem sobre Ribeir\u00e3o Preto e regi\u00e3o pelo WhatsApp: 16 99117 7802.<\/p>\n<p>VEJA TAMB\u00c9M<\/p>\n<p>e cremes termog\u00eanicos: 10 receitas para ajudar a emagrecer no outono<\/p>\n<p><!-- AI CONTENT END 1 -->\n<\/div>\n<\/div>\n<p><script async src=\"\/\/www.instagram.com\/embed.js\"><\/script><br \/>\n<br \/><br \/>\n<br \/><a href=\"https:\/\/www.acidadeon.com\/ribeiraopreto\/economia\/policia-militar-abre-concurso-com-36-vagas-e-salarios-de-r-98-mil-veja-como-se-inscrever\/\">Source link <\/a><\/p>\n<!-- CONTENT END 1 -->\n","protected":false},"excerpt":{"rendered":"<p>A Pol\u00edcia Militar do Estado de S\u00e3o Paulo publicou edital de novo concurso p\u00fablico com 36 vagas e sal\u00e1rios de R$ 9.832,41. As oportunidades s\u00e3o&#8230;<\/p>\n","protected":false},"author":1,"featured_media":76643,"comment_status":"open","ping_status":"open","sticky":false,"template":"","format":"standard","meta":{"advanced_seo_description":"","jetpack_seo_html_title":"","jetpack_seo_noindex":false,"jetpack_post_was_ever_published":false,"_jetpack_newsletter_access":"","_jetpack_dont_email_post_to_subs":false,"_jetpack_newsletter_tier_id":0,"_jetpack_memberships_contains_paywalled_content":false,"_jetpack_memberships_contains_paid_content":false,"footnotes":"","jetpack_publicize_message":"","jetpack_publicize_feature_enabled":true,"jetpack_social_post_already_shared":true,"jetpack_social_options":{"image_generator_settings":{"template":"highway","default_image_id":0,"font":"","enabled":false},"version":2}},"categories":[11],"tags":[],"class_list":["post-83320","post","type-post","status-publish","format-standard","has-post-thumbnail","hentry","category-noticias-de-ribeirao-preto-sp-e-regiao-ismael-colosi"],"jetpack_publicize_connections":[],"jetpack_featured_media_url":"https:\/\/i0.wp.com\/noticiasribeiraopreto.com.br\/wp-content\/uploads\/2025\/09\/Copia-de-Copia-de-TAMANHO-EXATO-PARA-FOTOS-NO-SISTEMA-NOVO-22_2024-07-24_20-00-55_jpg_2024-07-24_20-00-55.webp.webp?fit=1200%2C675&ssl=1","jetpack-related-posts":[{"id":53511,"url":"https:\/\/noticiasribeiraopreto.com.br\/index.php\/2024\/06\/20\/veja-como-se-inscrever-em-concurso-publico-da-policia-militar-do-estado-de-sp-com-200-vagas\/","url_meta":{"origin":83320,"position":0},"title":"Veja como se inscrever em concurso p\u00fablico da Pol\u00edcia Militar do Estado de SP com 200 vagas","author":"noticiasribeiraopreto.com.br","date":"20 de June de 2024","format":false,"excerpt":"As inscri\u00e7\u00f5es para o concurso p\u00fablico da Pol\u00edcia Militar do Estado de S\u00e3o Paulo est\u00e3o abertas at\u00e9 \u00e0s 23h59 do dia 11 de julho. Ao todo, s\u00e3o 200 vagas oferecidas para aluno-oficial com sal\u00e1rio de R$ 4.833,27. Os interessados podem se inscrever pelo site da Vunesp (clique aqui). A taxa\u2026","rel":"","context":"In &quot;Not\u00edcias de Ribeir\u00e3o Preto-SP e Regi\u00e3o&quot;","block_context":{"text":"Not\u00edcias de Ribeir\u00e3o Preto-SP e Regi\u00e3o","link":"https:\/\/noticiasribeiraopreto.com.br\/index.php\/category\/noticias-de-ribeirao-preto-sp-e-regiao-ismael-colosi\/"},"img":{"alt_text":"","src":"https:\/\/i0.wp.com\/noticiasribeiraopreto.com.br\/wp-content\/uploads\/2024\/06\/Copia-de-Copia-de-TAMANHO-EXATO-PARA-FOTOS-NO-SISTEMA-NOVO-3_2024-06-20_19-35-58_jpg_2024-06-20_19-35-58.webp.webp?fit=1200%2C675&ssl=1&resize=350%2C200","width":350,"height":200,"srcset":"https:\/\/i0.wp.com\/noticiasribeiraopreto.com.br\/wp-content\/uploads\/2024\/06\/Copia-de-Copia-de-TAMANHO-EXATO-PARA-FOTOS-NO-SISTEMA-NOVO-3_2024-06-20_19-35-58_jpg_2024-06-20_19-35-58.webp.webp?fit=1200%2C675&ssl=1&resize=350%2C200 1x, https:\/\/i0.wp.com\/noticiasribeiraopreto.com.br\/wp-content\/uploads\/2024\/06\/Copia-de-Copia-de-TAMANHO-EXATO-PARA-FOTOS-NO-SISTEMA-NOVO-3_2024-06-20_19-35-58_jpg_2024-06-20_19-35-58.webp.webp?fit=1200%2C675&ssl=1&resize=525%2C300 1.5x, https:\/\/i0.wp.com\/noticiasribeiraopreto.com.br\/wp-content\/uploads\/2024\/06\/Copia-de-Copia-de-TAMANHO-EXATO-PARA-FOTOS-NO-SISTEMA-NOVO-3_2024-06-20_19-35-58_jpg_2024-06-20_19-35-58.webp.webp?fit=1200%2C675&ssl=1&resize=700%2C400 2x, https:\/\/i0.wp.com\/noticiasribeiraopreto.com.br\/wp-content\/uploads\/2024\/06\/Copia-de-Copia-de-TAMANHO-EXATO-PARA-FOTOS-NO-SISTEMA-NOVO-3_2024-06-20_19-35-58_jpg_2024-06-20_19-35-58.webp.webp?fit=1200%2C675&ssl=1&resize=1050%2C600 3x"},"classes":[]},{"id":83661,"url":"https:\/\/noticiasribeiraopreto.com.br\/index.php\/2026\/03\/23\/prefeitura-no-interior-de-sp-tem-concurso-publico-com-salarios-de-ate-r-13-mil-veja-vagas\/","url_meta":{"origin":83320,"position":1},"title":"Prefeitura no interior de SP tem concurso p\u00fablico com sal\u00e1rios de at\u00e9 R$ 13 mil; Veja vagas","author":"noticiasribeiraopreto.com.br","date":"23 de March de 2026","format":false,"excerpt":"A Prefeitura de Pedregulho, no interior de S\u00e3o Paulo, abriu um novo edital de concurso p\u00fablico para contrata\u00e7\u00e3o de profissionais de n\u00edvel m\u00e9dico e superior. As oportunidades do concurso s\u00e3o para diferentes cargos, com sal\u00e1rios que variam de R$ 3.126,74 a R$ 13.776,67. Os contratados tamb\u00e9m recebem vale-alimenta\u00e7\u00e3o de R$\u2026","rel":"","context":"In &quot;Not\u00edcias de Ribeir\u00e3o Preto-SP e Regi\u00e3o&quot;","block_context":{"text":"Not\u00edcias de Ribeir\u00e3o Preto-SP e Regi\u00e3o","link":"https:\/\/noticiasribeiraopreto.com.br\/index.php\/category\/noticias-de-ribeirao-preto-sp-e-regiao-ismael-colosi\/"},"img":{"alt_text":"","src":"https:\/\/i0.wp.com\/noticiasribeiraopreto.com.br\/wp-content\/uploads\/2024\/06\/Copia-de-Copia-de-TAMANHO-EXATO-PARA-FOTOS-NO-SISTEMA-NOVO-2_2024-06-03_14-20-09_jpg_2024-06-03_14-20-09.webp.webp?fit=1200%2C675&ssl=1&resize=350%2C200","width":350,"height":200,"srcset":"https:\/\/i0.wp.com\/noticiasribeiraopreto.com.br\/wp-content\/uploads\/2024\/06\/Copia-de-Copia-de-TAMANHO-EXATO-PARA-FOTOS-NO-SISTEMA-NOVO-2_2024-06-03_14-20-09_jpg_2024-06-03_14-20-09.webp.webp?fit=1200%2C675&ssl=1&resize=350%2C200 1x, https:\/\/i0.wp.com\/noticiasribeiraopreto.com.br\/wp-content\/uploads\/2024\/06\/Copia-de-Copia-de-TAMANHO-EXATO-PARA-FOTOS-NO-SISTEMA-NOVO-2_2024-06-03_14-20-09_jpg_2024-06-03_14-20-09.webp.webp?fit=1200%2C675&ssl=1&resize=525%2C300 1.5x, https:\/\/i0.wp.com\/noticiasribeiraopreto.com.br\/wp-content\/uploads\/2024\/06\/Copia-de-Copia-de-TAMANHO-EXATO-PARA-FOTOS-NO-SISTEMA-NOVO-2_2024-06-03_14-20-09_jpg_2024-06-03_14-20-09.webp.webp?fit=1200%2C675&ssl=1&resize=700%2C400 2x, https:\/\/i0.wp.com\/noticiasribeiraopreto.com.br\/wp-content\/uploads\/2024\/06\/Copia-de-Copia-de-TAMANHO-EXATO-PARA-FOTOS-NO-SISTEMA-NOVO-2_2024-06-03_14-20-09_jpg_2024-06-03_14-20-09.webp.webp?fit=1200%2C675&ssl=1&resize=1050%2C600 3x"},"classes":[]},{"id":23516,"url":"https:\/\/noticiasribeiraopreto.com.br\/index.php\/2024\/01\/02\/concurso-da-policia-militar-abre-novo-edital-com-quase-200-vagas-e-salarios-de-r-7-mil\/","url_meta":{"origin":83320,"position":2},"title":"CONCURSO da POL\u00cdCIA MILITAR abre NOVO edital com quase 200 vagas e sal\u00e1rios de R$ 7 mil","author":"noticiasribeiraopreto.com.br","date":"2 de January de 2024","format":false,"excerpt":"Confira os requisitos deste concurso da Pol\u00edcia Militar Se voc\u00ea busca \u00e1rea policial, saiba que saiu um novo concurso da Pol\u00edcia Militar. Ao todo s\u00e3o 180 vagas e muitas chances e oportunidades. Veja os requisitos e inscreva-se! Oportunidade para Ingresso na Carreira Militar A Pol\u00edcia Militar de Minas Gerais anunciou\u2026","rel":"","context":"In &quot;Vagas de Emprego em Ribeir\u00e3o Preto-SP&quot;","block_context":{"text":"Vagas de Emprego em Ribeir\u00e3o Preto-SP","link":"https:\/\/noticiasribeiraopreto.com.br\/index.php\/category\/empregos-classificados-vagas-trabalho\/vagas-de-empregos-em-ribeirao-preto-regiao-brasil\/"},"img":{"alt_text":"","src":"https:\/\/i0.wp.com\/noticiasribeiraopreto.com.br\/wp-content\/uploads\/2024\/01\/noticiasconcursos.com_.br-concurso-da-policia-militar-abre-novo-edital-com-quase-200-vagas-e-salarios-de-r-7-mil-pexels-cottonbro-studio-10480623.jpg?fit=1200%2C800&ssl=1&resize=350%2C200","width":350,"height":200,"srcset":"https:\/\/i0.wp.com\/noticiasribeiraopreto.com.br\/wp-content\/uploads\/2024\/01\/noticiasconcursos.com_.br-concurso-da-policia-militar-abre-novo-edital-com-quase-200-vagas-e-salarios-de-r-7-mil-pexels-cottonbro-studio-10480623.jpg?fit=1200%2C800&ssl=1&resize=350%2C200 1x, https:\/\/i0.wp.com\/noticiasribeiraopreto.com.br\/wp-content\/uploads\/2024\/01\/noticiasconcursos.com_.br-concurso-da-policia-militar-abre-novo-edital-com-quase-200-vagas-e-salarios-de-r-7-mil-pexels-cottonbro-studio-10480623.jpg?fit=1200%2C800&ssl=1&resize=525%2C300 1.5x, https:\/\/i0.wp.com\/noticiasribeiraopreto.com.br\/wp-content\/uploads\/2024\/01\/noticiasconcursos.com_.br-concurso-da-policia-militar-abre-novo-edital-com-quase-200-vagas-e-salarios-de-r-7-mil-pexels-cottonbro-studio-10480623.jpg?fit=1200%2C800&ssl=1&resize=700%2C400 2x, https:\/\/i0.wp.com\/noticiasribeiraopreto.com.br\/wp-content\/uploads\/2024\/01\/noticiasconcursos.com_.br-concurso-da-policia-militar-abre-novo-edital-com-quase-200-vagas-e-salarios-de-r-7-mil-pexels-cottonbro-studio-10480623.jpg?fit=1200%2C800&ssl=1&resize=1050%2C600 3x"},"classes":[]},{"id":35898,"url":"https:\/\/noticiasribeiraopreto.com.br\/index.php\/2024\/02\/07\/oportunidade-banco-do-nordestebnb-abre-inscricoes-para-concurso-com-710-vagas-e-salario-de-r-3-788-veja-como-se-inscrever-no-link-abaixo\/","url_meta":{"origin":83320,"position":3},"title":"Oportunidade! Banco do Nordeste(BNB) abre inscri\u00e7\u00f5es para concurso com 710 vagas e sal\u00e1rio de R$ 3.788; Veja como se inscrever no link abaixo","author":"noticiasribeiraopreto.com.br","date":"7 de February de 2024","format":false,"excerpt":"O Banco do Nordeste do Brasil (BNB) anunciou o in\u00edcio das inscri\u00e7\u00f5es para um novo concurso p\u00fablico. Assim, o concurso visa preencher 710 vagas em cargos de analista banc\u00e1rio de n\u00edvel m\u00e9dio. Ent\u00e3o, saiba mais sobre como se inscrever no processo seletivo e outros detalhes que os candidatos devem saber\u2026","rel":"","context":"In &quot;Empregos - Classificados&quot;","block_context":{"text":"Empregos - Classificados","link":"https:\/\/noticiasribeiraopreto.com.br\/index.php\/category\/empregos-classificados-vagas-trabalho\/"},"img":{"alt_text":"","src":"https:\/\/i0.wp.com\/noticiasribeiraopreto.com.br\/wp-content\/uploads\/2024\/02\/Concurso.png?fit=1200%2C630&ssl=1&resize=350%2C200","width":350,"height":200,"srcset":"https:\/\/i0.wp.com\/noticiasribeiraopreto.com.br\/wp-content\/uploads\/2024\/02\/Concurso.png?fit=1200%2C630&ssl=1&resize=350%2C200 1x, https:\/\/i0.wp.com\/noticiasribeiraopreto.com.br\/wp-content\/uploads\/2024\/02\/Concurso.png?fit=1200%2C630&ssl=1&resize=525%2C300 1.5x, https:\/\/i0.wp.com\/noticiasribeiraopreto.com.br\/wp-content\/uploads\/2024\/02\/Concurso.png?fit=1200%2C630&ssl=1&resize=700%2C400 2x, https:\/\/i0.wp.com\/noticiasribeiraopreto.com.br\/wp-content\/uploads\/2024\/02\/Concurso.png?fit=1200%2C630&ssl=1&resize=1050%2C600 3x"},"classes":[]},{"id":74068,"url":"https:\/\/noticiasribeiraopreto.com.br\/index.php\/2025\/07\/15\/sp-autoriza-concurso-publico-com-44-mil-vagas-e-salarios-de-r-48-mil\/","url_meta":{"origin":83320,"position":4},"title":"SP autoriza concurso p\u00fablico com 4,4 mil vagas e sal\u00e1rios de R$ 4,8 mil","author":"noticiasribeiraopreto.com.br","date":"15 de July de 2025","format":false,"excerpt":"O Governo de S\u00e3o Paulo autorizou a abertura de concurso p\u00fablico com 4,4 mil vagas para soldados de 2\u00aa classe da Pol\u00edcia Militar. A publica\u00e7\u00e3o saiu nesta ter\u00e7a-feira (15) no Di\u00e1rio Oficial do Estado. Ao todo ser\u00e3o dois editais, com 2,2 mil vagas cada, com aberturas previstas para agosto deste\u2026","rel":"","context":"In &quot;Not\u00edcias de Ribeir\u00e3o Preto-SP e Regi\u00e3o&quot;","block_context":{"text":"Not\u00edcias de Ribeir\u00e3o Preto-SP e Regi\u00e3o","link":"https:\/\/noticiasribeiraopreto.com.br\/index.php\/category\/noticias-de-ribeirao-preto-sp-e-regiao-ismael-colosi\/"},"img":{"alt_text":"","src":"https:\/\/i0.wp.com\/noticiasribeiraopreto.com.br\/wp-content\/uploads\/2025\/07\/concurso-pm_2025-07-15_16-44-25.webp.webp?fit=1200%2C800&ssl=1&resize=350%2C200","width":350,"height":200,"srcset":"https:\/\/i0.wp.com\/noticiasribeiraopreto.com.br\/wp-content\/uploads\/2025\/07\/concurso-pm_2025-07-15_16-44-25.webp.webp?fit=1200%2C800&ssl=1&resize=350%2C200 1x, https:\/\/i0.wp.com\/noticiasribeiraopreto.com.br\/wp-content\/uploads\/2025\/07\/concurso-pm_2025-07-15_16-44-25.webp.webp?fit=1200%2C800&ssl=1&resize=525%2C300 1.5x, https:\/\/i0.wp.com\/noticiasribeiraopreto.com.br\/wp-content\/uploads\/2025\/07\/concurso-pm_2025-07-15_16-44-25.webp.webp?fit=1200%2C800&ssl=1&resize=700%2C400 2x, https:\/\/i0.wp.com\/noticiasribeiraopreto.com.br\/wp-content\/uploads\/2025\/07\/concurso-pm_2025-07-15_16-44-25.webp.webp?fit=1200%2C800&ssl=1&resize=1050%2C600 3x"},"classes":[]},{"id":81538,"url":"https:\/\/noticiasribeiraopreto.com.br\/index.php\/2026\/01\/09\/prefeitura-no-interior-de-sp-abre-concurso-com-29-vagas-e-salarios-de-r-7-mil\/","url_meta":{"origin":83320,"position":5},"title":"Prefeitura no interior de SP abre concurso com 29 vagas e sal\u00e1rios de R$ 7 mil","author":"noticiasribeiraopreto.com.br","date":"9 de January de 2026","format":false,"excerpt":"A Prefeitura de Orl\u00e2ndia, no interior de S\u00e3o Paulo, est\u00e1 com inscri\u00e7\u00f5es abertas para concurso p\u00fablico que pretende contratar 24 profissionais de ensino superior. As oportunidades s\u00e3o para o cargo de diretor de escola, com sal\u00e1rio de R$ 7.046,00 para jornada de 36 horas semanais. Para concorrer a uma das\u2026","rel":"","context":"In &quot;Not\u00edcias de Ribeir\u00e3o Preto-SP e Regi\u00e3o&quot;","block_context":{"text":"Not\u00edcias de Ribeir\u00e3o Preto-SP e Regi\u00e3o","link":"https:\/\/noticiasribeiraopreto.com.br\/index.php\/category\/noticias-de-ribeirao-preto-sp-e-regiao-ismael-colosi\/"},"img":{"alt_text":"","src":"https:\/\/i0.wp.com\/noticiasribeiraopreto.com.br\/wp-content\/uploads\/2025\/09\/Copia-de-Copia-de-Copia-de-TAMANHO-EXATO-PARA-FOTOS-NO-SISTEMA-NOVO-2025-09-17T161849.265_2025-09-17_19-23-38.webp.webp?fit=1200%2C675&ssl=1&resize=350%2C200","width":350,"height":200,"srcset":"https:\/\/i0.wp.com\/noticiasribeiraopreto.com.br\/wp-content\/uploads\/2025\/09\/Copia-de-Copia-de-Copia-de-TAMANHO-EXATO-PARA-FOTOS-NO-SISTEMA-NOVO-2025-09-17T161849.265_2025-09-17_19-23-38.webp.webp?fit=1200%2C675&ssl=1&resize=350%2C200 1x, https:\/\/i0.wp.com\/noticiasribeiraopreto.com.br\/wp-content\/uploads\/2025\/09\/Copia-de-Copia-de-Copia-de-TAMANHO-EXATO-PARA-FOTOS-NO-SISTEMA-NOVO-2025-09-17T161849.265_2025-09-17_19-23-38.webp.webp?fit=1200%2C675&ssl=1&resize=525%2C300 1.5x, https:\/\/i0.wp.com\/noticiasribeiraopreto.com.br\/wp-content\/uploads\/2025\/09\/Copia-de-Copia-de-Copia-de-TAMANHO-EXATO-PARA-FOTOS-NO-SISTEMA-NOVO-2025-09-17T161849.265_2025-09-17_19-23-38.webp.webp?fit=1200%2C675&ssl=1&resize=700%2C400 2x, https:\/\/i0.wp.com\/noticiasribeiraopreto.com.br\/wp-content\/uploads\/2025\/09\/Copia-de-Copia-de-Copia-de-TAMANHO-EXATO-PARA-FOTOS-NO-SISTEMA-NOVO-2025-09-17T161849.265_2025-09-17_19-23-38.webp.webp?fit=1200%2C675&ssl=1&resize=1050%2C600 3x"},"classes":[]}],"jetpack_sharing_enabled":true,"jetpack_shortlink":"https:\/\/wp.me\/peQAOb-lFS","_links":{"self":[{"href":"https:\/\/noticiasribeiraopreto.com.br\/index.php\/wp-json\/wp\/v2\/posts\/83320","targetHints":{"allow":["GET"]}}],"collection":[{"href":"https:\/\/noticiasribeiraopreto.com.br\/index.php\/wp-json\/wp\/v2\/posts"}],"about":[{"href":"https:\/\/noticiasribeiraopreto.com.br\/index.php\/wp-json\/wp\/v2\/types\/post"}],"author":[{"embeddable":true,"href":"https:\/\/noticiasribeiraopreto.com.br\/index.php\/wp-json\/wp\/v2\/users\/1"}],"replies":[{"embeddable":true,"href":"https:\/\/noticiasribeiraopreto.com.br\/index.php\/wp-json\/wp\/v2\/comments?post=83320"}],"version-history":[{"count":0,"href":"https:\/\/noticiasribeiraopreto.com.br\/index.php\/wp-json\/wp\/v2\/posts\/83320\/revisions"}],"wp:featuredmedia":[{"embeddable":true,"href":"https:\/\/noticiasribeiraopreto.com.br\/index.php\/wp-json\/wp\/v2\/media\/76643"}],"wp:attachment":[{"href":"https:\/\/noticiasribeiraopreto.com.br\/index.php\/wp-json\/wp\/v2\/media?parent=83320"}],"wp:term":[{"taxonomy":"category","embeddable":true,"href":"https:\/\/noticiasribeiraopreto.com.br\/index.php\/wp-json\/wp\/v2\/categories?post=83320"},{"taxonomy":"post_tag","embeddable":true,"href":"https:\/\/noticiasribeiraopreto.com.br\/index.php\/wp-json\/wp\/v2\/tags?post=83320"}],"curies":[{"name":"wp","href":"https:\/\/api.w.org\/{rel}","templated":true}]}}