{"id":83321,"date":"2026-03-16T11:33:41","date_gmt":"2026-03-16T14:33:41","guid":{"rendered":"https:\/\/noticiasribeiraopreto.com.br\/index.php\/2026\/03\/16\/comercial-denuncia-ofensas-racistas-apos-empate-contra-o-aracatuba\/"},"modified":"2026-03-16T11:33:41","modified_gmt":"2026-03-16T14:33:41","slug":"comercial-denuncia-ofensas-racistas-apos-empate-contra-o-aracatuba","status":"publish","type":"post","link":"https:\/\/noticiasribeiraopreto.com.br\/index.php\/2026\/03\/16\/comercial-denuncia-ofensas-racistas-apos-empate-contra-o-aracatuba\/","title":{"rendered":"Comercial denuncia ofensas racistas ap\u00f3s empate contra o Ara\u00e7atuba"},"content":{"rendered":"<div class='code-block code-block-1' style='margin: 8px 0 8px auto; text-align: right; display: block; clear: both;'>\n<p><a href=\"https:\/\/wa.link\/vpicfd\"><img data-recalc-dims=\"1\" class=\"wp-image-4922\" style=\"aspect-ratio: 2.0253164556962027; width: 561px; height: auto;\" src=\"https:\/\/i0.wp.com\/ismaelcolosi.com.br\/wp-content\/uploads\/2023\/11\/grupo-de-empregos-whatsapp-e-facebook-ismael-colosi-vagas.jpg?ssl=1\" alt=\"\" \/><\/a><\/p>\n<!-- \/wp:image -->\n<\/div>\n<p> <br \/>\n<\/p>\n<div>\n<p>O <strong>Comercial Futebol Clube<\/strong> informou que alguns profissionais do clube foram alvo de <strong>xingamentos racistas<\/strong> ap\u00f3s a partida contra o Ara\u00e7atuba, que terminou sem gols na tarde deste s\u00e1bado (14).<\/p>\n<p>De acordo com nota divulgada pelo <strong>Le\u00e3o do Norte<\/strong>, ap\u00f3s o fim da partida, torcedores do time advers\u00e1rio teriam dirigido <strong>ofensas racistas a jogadores e integrantes da comiss\u00e3o t\u00e9cnica<\/strong>, com xingamentos como \u201cmacaco\u201d e \u201cpreto bosta\u201d.<\/p>\n<p>O caso foi presenciado pelo <strong>goleiro Wendel <\/strong>e pelo <strong>preparador de goleiros Altair de Oliveira, conhecido como Chibarro<\/strong>. Ainda segundo o Comercial, \u00e1rbitros, assistentes e o delegado da partida tamb\u00e9m ouviram os xingamentos.<\/p>\n<figure class=\"wp-block-pullquote\">\n<blockquote>\n<p>O clube lamenta mais uma vez que racistas sintam-se \u00e0 vontade para cometer crimes aos olhos da sociedade. O Le\u00e3o do Norte reitera que enquanto fatos dessa natureza continuarem ocorrendo, o clube lutar\u00e1 constantemente no combate aos preconceituosos covardes espalhados pelos est\u00e1dios do Brasil<\/p>\n<\/blockquote>\n<\/figure>\n<p>Conforme a <strong>s\u00famula <\/strong>do \u00e1rbitro <strong>S\u00edlvio Renato Silveira<\/strong>, a equipe de arbitragem ouviu os xingamentos da arquibancada onde estava a torcida da equipe mandante. <strong>Ele tamb\u00e9m afirmou que Wendel e Chibarro confirmaram as ofensas e que ambos apontaram um torcedor como autor das ofensas.<\/strong><\/p>\n<p>Ap\u00f3s a comunica\u00e7\u00e3o, o<strong> protocolo antirracismo<\/strong> foi aplicado e a Pol\u00edcia Militar abordou o suspeito indicado pelos membros do time de Ribeir\u00e3o Preto. Segundo apura\u00e7\u00e3o do ge Ara\u00e7atuba, o homem foi preso em flagrante e deve responder por racismo por meio de inj\u00faria.<\/p>\n<div class=\"wp-block-image\">\n<figure class=\"aligncenter size-large is-resized\"><img data-recalc-dims=\"1\" fetchpriority=\"high\" decoding=\"async\" width=\"1024\" height=\"576\" src=\"https:\/\/i0.wp.com\/cdn.media-acidadeon.com.br\/ribeiraopreto\/wp-content\/uploads\/sites\/3\/2026\/03\/palace-56_2026-03-15_15-22-58-1024x576.webp?resize=1024%2C576&#038;ssl=1\" alt=\"Comercial denuncia caso de racismo ap\u00f3s partida desse s\u00e1bado - Foto: reprodu\u00e7\u00e3o\/ redes sociais.\" class=\"wp-image-148912\" style=\"width:654px\" title=\"Comercial denuncia ofensas racistas ap\u00f3s empate contra o Ara\u00e7atuba 1\" srcset=\"https:\/\/cdn.media-acidadeon.com.br\/ribeiraopreto\/wp-content\/uploads\/sites\/3\/2026\/03\/palace-56_2026-03-15_15-22-58-1024x576.webp 1024w, https:\/\/cdn.media-acidadeon.com.br\/ribeiraopreto\/wp-content\/uploads\/sites\/3\/2026\/03\/palace-56_2026-03-15_15-22-58-300x169.webp 300w, https:\/\/cdn.media-acidadeon.com.br\/ribeiraopreto\/wp-content\/uploads\/sites\/3\/2026\/03\/palace-56_2026-03-15_15-22-58-768x432.webp 768w, https:\/\/cdn.media-acidadeon.com.br\/ribeiraopreto\/wp-content\/uploads\/sites\/3\/2026\/03\/palace-56_2026-03-15_15-22-58-696x392.webp 696w, https:\/\/cdn.media-acidadeon.com.br\/ribeiraopreto\/wp-content\/uploads\/sites\/3\/2026\/03\/palace-56_2026-03-15_15-22-58-1068x601.webp 1068w, https:\/\/cdn.media-acidadeon.com.br\/ribeiraopreto\/wp-content\/uploads\/sites\/3\/2026\/03\/palace-56_2026-03-15_15-22-58.webp 1200w\" sizes=\"(max-width: 1024px) 100vw, 1024px\"\/><figcaption class=\"wp-element-caption\">Comercial denuncia caso de racismo ap\u00f3s partida desse s\u00e1bado \u2013 Foto: reprodu\u00e7\u00e3o\/ redes sociais.<\/figcaption><\/figure>\n<\/div>\n<h2 class=\"wp-block-heading\"><strong>Veja a \u00edntegra da nota do Comercial<\/strong><\/h2>\n<p class=\"has-text-align-center\"><em>\u201cO Comercial Futebol Clube informa que, ao t\u00e9rmino do jogo contra o Ara\u00e7atuba, torcedores advers\u00e1rios proferiram xingamentos racistas a alguns profissionais do clube.<\/em><\/p>\n<p class=\"has-text-align-center\"><em>O fato foi ouvido pelo goleiro Wendel, pelo preparador de goleiros, Chibarro e tamb\u00e9m pelos \u00e1rbitros e assistentes e pelo delegado da partida.<\/em><\/p>\n<p class=\"has-text-align-center\"><em>O Le\u00e3o do Norte esteve no 1\u00ba Distrito Policial de Ara\u00e7atuba, onde at\u00e9 o momento n\u00e3o conseguiu ter acesso ao conte\u00fado do B.O lavrado.<\/em><\/p>\n<p class=\"has-text-align-center\"><em>Jogadores e funcion\u00e1rios foram xingados de \u201cMacaco\u201d e \u201cPreto Bosta\u201d.<\/em><\/p>\n<p class=\"has-text-align-center\"><em>O Comercial aguarda a finaliza\u00e7\u00e3o do B.O e tamb\u00e9m da s\u00famula, para ter acesso ao conte\u00fado total dos registros.<\/em><\/p>\n<p class=\"has-text-align-center\"><em>O clube lamenta mais uma vez que racistas sintam-se \u00e0 vontade para cometer crimes aos olhos da sociedade.<\/em><\/p>\n<p class=\"has-text-align-center\"><em>O Le\u00e3o do Norte reitera que enquanto fatos dessa natureza continuarem ocorrendo, o clube lutar\u00e1 constantemente no combate aos preconceituosos covardes espalhados pelos est\u00e1dios do Brasil.<\/em><\/p>\n<p class=\"has-text-align-center\"><em>Novamente, o Comercial preza pela pluralidade no esporte e na sociedade e repudia com veem\u00eancia qualquer tentativa de amenizar fatos como o de hoje.<\/em><\/p>\n<p class=\"has-text-align-center\"><em>Seguiremos combatendo, sempre, pessoas dessa estirpe.\u201d<\/em><\/p>\n<hr class=\"wp-block-separator has-alpha-channel-opacity\"\/>\n<p>SAIBA MAIS<\/p>\n<p>Vem Oscar para o Brasil? Saiba quem s\u00e3o os favoritos e as apostas para a premia\u00e7\u00e3o que acontece nos EUA<\/p>\n<h2 class=\"wp-block-heading\"><strong>FIQUE ON<\/strong><\/h2>\n<p>Fique ligado em tudo que acontece em Ribeir\u00e3o Preto e regi\u00e3o. Siga os perfis do\u00a0<strong>acidade on<\/strong>\u00a0no\u00a0<a href=\"https:\/\/www.instagram.com\/acidadeonribeirao\" target=\"_blank\" rel=\"noreferrer noopener\">Instagram<\/a>\u00a0e no<a href=\"https:\/\/www.facebook.com\/acidadeonribeirao\/\" target=\"_blank\" rel=\"noreferrer noopener\">\u00a0Facebook<\/a>.<\/p>\n<p>Receba not\u00edcias do\u00a0<strong>acidade on<\/strong>\u00a0no WhatsApp. Para entrar no grupo,\u00a0basta\u00a0<a href=\"https:\/\/whatsapp.com\/channel\/0029Vb6IQl1JENyAeS57fk2p\" target=\"_blank\" rel=\"noreferrer noopener\">clicar aqui<\/a>. Ou, acesse o nosso\u00a0Canal\u00a0<a href=\"https:\/\/chat.whatsapp.com\/GFH9HUMUTHNFJdnyEd0xxq\" target=\"_blank\" rel=\"noreferrer noopener\">clicando aqui<\/a>.<\/p>\n<p>Fa\u00e7a uma den\u00fancia ou sugira uma reportagem sobre Ribeir\u00e3o Preto e regi\u00e3o pelo WhatsApp: 16 99117 7802.<\/p>\n<p>VEJA TAMB\u00c9M<\/p>\n<p>Sopas e cremes termog\u00eanicos: 10 receitas para ajudar a emagrecer no outono<\/p>\n<p><!-- AI CONTENT END 1 -->\n<\/div>\n<p><script async src=\"\/\/www.instagram.com\/embed.js\"><\/script><br \/>\n<br \/><br \/>\n<br \/><a href=\"https:\/\/www.acidadeon.com\/ribeiraopreto\/esportes\/comercial-denuncia-ofensas-racistas-apos-empate-contra-o-aracatuba\/\">Source link <\/a><\/p>\n<!-- CONTENT END 1 -->\n","protected":false},"excerpt":{"rendered":"<p>O Comercial Futebol Clube informou que alguns profissionais do clube foram alvo de xingamentos racistas ap\u00f3s a partida contra o Ara\u00e7atuba, que terminou sem gols&#8230;<\/p>\n","protected":false},"author":1,"featured_media":83322,"comment_status":"open","ping_status":"open","sticky":false,"template":"","format":"standard","meta":{"advanced_seo_description":"","jetpack_seo_html_title":"","jetpack_seo_noindex":false,"jetpack_post_was_ever_published":false,"_jetpack_newsletter_access":"","_jetpack_dont_email_post_to_subs":false,"_jetpack_newsletter_tier_id":0,"_jetpack_memberships_contains_paywalled_content":false,"_jetpack_memberships_contains_paid_content":false,"footnotes":"","jetpack_publicize_message":"","jetpack_publicize_feature_enabled":true,"jetpack_social_post_already_shared":true,"jetpack_social_options":{"image_generator_settings":{"template":"highway","default_image_id":0,"font":"","enabled":false},"version":2}},"categories":[11],"tags":[],"class_list":["post-83321","post","type-post","status-publish","format-standard","has-post-thumbnail","hentry","category-noticias-de-ribeirao-preto-sp-e-regiao-ismael-colosi"],"jetpack_publicize_connections":[],"jetpack_featured_media_url":"https:\/\/i0.wp.com\/noticiasribeiraopreto.com.br\/wp-content\/uploads\/2026\/03\/palace-57_2026-03-15_15-25-39.webp.webp?fit=1200%2C675&ssl=1","jetpack-related-posts":[{"id":83277,"url":"https:\/\/noticiasribeiraopreto.com.br\/index.php\/2026\/03\/14\/jogadores-do-comercial-relatam-ofensas-racistas-em-aracatuba\/","url_meta":{"origin":83321,"position":0},"title":"Jogadores do Comercial relatam ofensas racistas em Ara\u00e7atuba","author":"noticiasribeiraopreto.com.br","date":"14 de March de 2026","format":false,"excerpt":"\r \r \r 14 de mar\u00e7o de 2026 20:25 \r Compartilhar0 Comercial Futebol Clube informa que, ao t\u00e9rmino do jogo contra o Ara\u00e7atuba, torcedores advers\u00e1rios proferiram xingamentos racistas a alguns profissionais do clube. O fato foi ouvido pelo goleiro Wendel, pelo preparador de goleiros, Chibarro e tamb\u00e9m pelos \u00e1rbitros e\u2026","rel":"","context":"In &quot;Not\u00edcias de Ribeir\u00e3o Preto-SP e Regi\u00e3o&quot;","block_context":{"text":"Not\u00edcias de Ribeir\u00e3o Preto-SP e Regi\u00e3o","link":"https:\/\/noticiasribeiraopreto.com.br\/index.php\/category\/noticias-de-ribeirao-preto-sp-e-regiao-ismael-colosi\/"},"img":{"alt_text":"","src":"https:\/\/i0.wp.com\/noticiasribeiraopreto.com.br\/wp-content\/uploads\/2026\/03\/DSC_5701.jpg-scaled.jpeg?fit=975%2C780&ssl=1&resize=350%2C200","width":350,"height":200,"srcset":"https:\/\/i0.wp.com\/noticiasribeiraopreto.com.br\/wp-content\/uploads\/2026\/03\/DSC_5701.jpg-scaled.jpeg?fit=975%2C780&ssl=1&resize=350%2C200 1x, https:\/\/i0.wp.com\/noticiasribeiraopreto.com.br\/wp-content\/uploads\/2026\/03\/DSC_5701.jpg-scaled.jpeg?fit=975%2C780&ssl=1&resize=525%2C300 1.5x, https:\/\/i0.wp.com\/noticiasribeiraopreto.com.br\/wp-content\/uploads\/2026\/03\/DSC_5701.jpg-scaled.jpeg?fit=975%2C780&ssl=1&resize=700%2C400 2x"},"classes":[]},{"id":57705,"url":"https:\/\/noticiasribeiraopreto.com.br\/index.php\/2024\/09\/07\/goleiro-do-monte-azul-denuncia-racismo-apos-jogo-contra-comercial-em-ribeirao-preto\/","url_meta":{"origin":83321,"position":1},"title":"Goleiro do Monte Azul denuncia racismo ap\u00f3s jogo contra Comercial em Ribeir\u00e3o Preto","author":"noticiasribeiraopreto.com.br","date":"7 de September de 2024","format":false,"excerpt":"O goleiro reserva do Monte Azul, que enfrentou o Comercial, em Ribeir\u00e3o Preto, na tarde deste s\u00e1bado (7), denunciou que foi alvo de ofensas racistas por parte de um torcedor ao t\u00e9rmino da partida, disputada no est\u00e1dio Palma Travassos. Outros jogadores do Monte Azul e, tamb\u00e9m do Comercial, afirmaram que\u2026","rel":"","context":"In &quot;Not\u00edcias de Ribeir\u00e3o Preto-SP e Regi\u00e3o&quot;","block_context":{"text":"Not\u00edcias de Ribeir\u00e3o Preto-SP e Regi\u00e3o","link":"https:\/\/noticiasribeiraopreto.com.br\/index.php\/category\/noticias-de-ribeirao-preto-sp-e-regiao-ismael-colosi\/"},"img":{"alt_text":"","src":"https:\/\/i0.wp.com\/noticiasribeiraopreto.com.br\/wp-content\/uploads\/2024\/09\/jogador-monte-azul_2024-09-07_22-19-11_jpg_2024-09-07_22-19-11.webp.webp?fit=1200%2C696&ssl=1&resize=350%2C200","width":350,"height":200,"srcset":"https:\/\/i0.wp.com\/noticiasribeiraopreto.com.br\/wp-content\/uploads\/2024\/09\/jogador-monte-azul_2024-09-07_22-19-11_jpg_2024-09-07_22-19-11.webp.webp?fit=1200%2C696&ssl=1&resize=350%2C200 1x, https:\/\/i0.wp.com\/noticiasribeiraopreto.com.br\/wp-content\/uploads\/2024\/09\/jogador-monte-azul_2024-09-07_22-19-11_jpg_2024-09-07_22-19-11.webp.webp?fit=1200%2C696&ssl=1&resize=525%2C300 1.5x, https:\/\/i0.wp.com\/noticiasribeiraopreto.com.br\/wp-content\/uploads\/2024\/09\/jogador-monte-azul_2024-09-07_22-19-11_jpg_2024-09-07_22-19-11.webp.webp?fit=1200%2C696&ssl=1&resize=700%2C400 2x, https:\/\/i0.wp.com\/noticiasribeiraopreto.com.br\/wp-content\/uploads\/2024\/09\/jogador-monte-azul_2024-09-07_22-19-11_jpg_2024-09-07_22-19-11.webp.webp?fit=1200%2C696&ssl=1&resize=1050%2C600 3x"},"classes":[]},{"id":61572,"url":"https:\/\/noticiasribeiraopreto.com.br\/index.php\/2024\/12\/16\/comercial-reverte-punicoes-apos-caso-de-racismo-de-torcedor-contra-atleta-adversario\/","url_meta":{"origin":83321,"position":2},"title":"Comercial reverte puni\u00e7\u00f5es ap\u00f3s caso de racismo de torcedor contra atleta advers\u00e1rio","author":"noticiasribeiraopreto.com.br","date":"16 de December de 2024","format":false,"excerpt":"O TJD-SP (Tribunal de Justi\u00e7a Desportiva de S\u00e3o Paulo) reverteu duas puni\u00e7\u00f5es contra o Comercial por conta de acusa\u00e7\u00f5es de racismo realizadas por um atleta do Monte Azul contra um torcedor do Le\u00e3o do Norte na \u00faltima edi\u00e7\u00e3o da Copa Paulista. A equipe de Ribeir\u00e3o Preto tamb\u00e9m foi multada em\u2026","rel":"","context":"In &quot;Not\u00edcias de Ribeir\u00e3o Preto-SP e Regi\u00e3o&quot;","block_context":{"text":"Not\u00edcias de Ribeir\u00e3o Preto-SP e Regi\u00e3o","link":"https:\/\/noticiasribeiraopreto.com.br\/index.php\/category\/noticias-de-ribeirao-preto-sp-e-regiao-ismael-colosi\/"},"img":{"alt_text":"","src":"https:\/\/i0.wp.com\/noticiasribeiraopreto.com.br\/wp-content\/uploads\/2024\/09\/jogador-monte-azul_2024-09-07_22-19-11_jpg_2024-09-07_22-19-11.webp.webp?fit=1200%2C696&ssl=1&resize=350%2C200","width":350,"height":200,"srcset":"https:\/\/i0.wp.com\/noticiasribeiraopreto.com.br\/wp-content\/uploads\/2024\/09\/jogador-monte-azul_2024-09-07_22-19-11_jpg_2024-09-07_22-19-11.webp.webp?fit=1200%2C696&ssl=1&resize=350%2C200 1x, https:\/\/i0.wp.com\/noticiasribeiraopreto.com.br\/wp-content\/uploads\/2024\/09\/jogador-monte-azul_2024-09-07_22-19-11_jpg_2024-09-07_22-19-11.webp.webp?fit=1200%2C696&ssl=1&resize=525%2C300 1.5x, https:\/\/i0.wp.com\/noticiasribeiraopreto.com.br\/wp-content\/uploads\/2024\/09\/jogador-monte-azul_2024-09-07_22-19-11_jpg_2024-09-07_22-19-11.webp.webp?fit=1200%2C696&ssl=1&resize=700%2C400 2x, https:\/\/i0.wp.com\/noticiasribeiraopreto.com.br\/wp-content\/uploads\/2024\/09\/jogador-monte-azul_2024-09-07_22-19-11_jpg_2024-09-07_22-19-11.webp.webp?fit=1200%2C696&ssl=1&resize=1050%2C600 3x"},"classes":[]},{"id":835,"url":"https:\/\/noticiasribeiraopreto.com.br\/index.php\/2023\/11\/09\/mulher-e-presa-apos-xingamentos-racistas-em-onibus-do-transporte-coletivo-em-rp-x-tudo-ribeirao\/","url_meta":{"origin":83321,"position":3},"title":"Mulher \u00e9 presa ap\u00f3s xingamentos racistas em \u00f4nibus do transporte coletivo em RP \u2013 X Tudo Ribeir\u00e3o","author":"noticiasribeiraopreto.com.br","date":"9 de November de 2023","format":false,"excerpt":"Uma mulher de 42 anos foi presa pela Pol\u00edcia Militar ap\u00f3s proferir ofensas racistas contra um homem dentro de um \u00f4nibus do transporte coletivo na linha 901 do Ribeir\u00e3o Verde, em Ribeir\u00e3o Preto. Segundo informa\u00e7\u00f5es da Pol\u00edcia Militar, testemunhas acionaram os Policiais versando sobre uma mulher que estaria proferindo xingamentos\u2026","rel":"","context":"In &quot;Not\u00edcias de Ribeir\u00e3o Preto-SP e Regi\u00e3o&quot;","block_context":{"text":"Not\u00edcias de Ribeir\u00e3o Preto-SP e Regi\u00e3o","link":"https:\/\/noticiasribeiraopreto.com.br\/index.php\/category\/noticias-de-ribeirao-preto-sp-e-regiao-ismael-colosi\/"},"img":{"alt_text":"","src":"https:\/\/i0.wp.com\/noticiasribeiraopreto.com.br\/wp-content\/uploads\/2023\/11\/mulher-presa-algemas.jpg?fit=849%2C565&ssl=1&resize=350%2C200","width":350,"height":200,"srcset":"https:\/\/i0.wp.com\/noticiasribeiraopreto.com.br\/wp-content\/uploads\/2023\/11\/mulher-presa-algemas.jpg?fit=849%2C565&ssl=1&resize=350%2C200 1x, https:\/\/i0.wp.com\/noticiasribeiraopreto.com.br\/wp-content\/uploads\/2023\/11\/mulher-presa-algemas.jpg?fit=849%2C565&ssl=1&resize=525%2C300 1.5x, https:\/\/i0.wp.com\/noticiasribeiraopreto.com.br\/wp-content\/uploads\/2023\/11\/mulher-presa-algemas.jpg?fit=849%2C565&ssl=1&resize=700%2C400 2x"},"classes":[]},{"id":83183,"url":"https:\/\/noticiasribeiraopreto.com.br\/index.php\/2026\/03\/12\/mp-cobra-identificacao-de-misogenos\/","url_meta":{"origin":83321,"position":4},"title":"MP cobra identifica\u00e7\u00e3o \u2028de mis\u00f3genos","author":"noticiasribeiraopreto.com.br","date":"12 de March de 2026","format":false,"excerpt":"Puni\u00e7\u00e3o deve ter car\u00e1ter administrativo, com a proibi\u00e7\u00e3o de frequentar arenas esportivas por dois anos, bem como criminal, implicando na presta\u00e7\u00e3o de servi\u00e7os \u00e0 comunidade Ap\u00f3s receber not\u00edcia enviada pelo delegado C\u00e9sar Saad, titular da Delegacia de Pol\u00edcia de Repress\u00e3o aos Delitos de Intoler\u00e2ncia Esportiva, o Minist\u00e9rio P\u00fablico de S\u00e3o\u2026","rel":"","context":"In &quot;Not\u00edcias de Ribeir\u00e3o Preto-SP e Regi\u00e3o&quot;","block_context":{"text":"Not\u00edcias de Ribeir\u00e3o Preto-SP e Regi\u00e3o","link":"https:\/\/noticiasribeiraopreto.com.br\/index.php\/category\/noticias-de-ribeirao-preto-sp-e-regiao-ismael-colosi\/"},"img":{"alt_text":"","src":"https:\/\/i0.wp.com\/noticiasribeiraopreto.com.br\/wp-content\/uploads\/2026\/03\/Misoginia-Reproducao-YouTube-Paulistao.jpg?fit=984%2C628&ssl=1&resize=350%2C200","width":350,"height":200,"srcset":"https:\/\/i0.wp.com\/noticiasribeiraopreto.com.br\/wp-content\/uploads\/2026\/03\/Misoginia-Reproducao-YouTube-Paulistao.jpg?fit=984%2C628&ssl=1&resize=350%2C200 1x, https:\/\/i0.wp.com\/noticiasribeiraopreto.com.br\/wp-content\/uploads\/2026\/03\/Misoginia-Reproducao-YouTube-Paulistao.jpg?fit=984%2C628&ssl=1&resize=525%2C300 1.5x, https:\/\/i0.wp.com\/noticiasribeiraopreto.com.br\/wp-content\/uploads\/2026\/03\/Misoginia-Reproducao-YouTube-Paulistao.jpg?fit=984%2C628&ssl=1&resize=700%2C400 2x"},"classes":[]},{"id":57753,"url":"https:\/\/noticiasribeiraopreto.com.br\/index.php\/2024\/09\/09\/me-senti-desvalorizado-diz-goleiro-vitima-de-racismo-em-ribeirao\/","url_meta":{"origin":83321,"position":5},"title":"&#8220;Me senti desvalorizado&#8221; diz goleiro v\u00edtima de racismo em Ribeir\u00e3o","author":"noticiasribeiraopreto.com.br","date":"9 de September de 2024","format":false,"excerpt":"Vinicius Santos, goleiro do Atl\u00e9tico Monte Azul, foi alvo de ofensas racistas por parte de um torcedor no final da partida contra o Comercial que aconteceu no s\u00e1bado (7), no est\u00e1dio Palma Travassos, em Ribeir\u00e3o Preto. O atleta gravou um v\u00eddeo, na tarde desta segunda-feira (9), onde contou um pouco\u2026","rel":"","context":"In &quot;Not\u00edcias de Ribeir\u00e3o Preto-SP e Regi\u00e3o&quot;","block_context":{"text":"Not\u00edcias de Ribeir\u00e3o Preto-SP e Regi\u00e3o","link":"https:\/\/noticiasribeiraopreto.com.br\/index.php\/category\/noticias-de-ribeirao-preto-sp-e-regiao-ismael-colosi\/"},"img":{"alt_text":"","src":"https:\/\/i0.wp.com\/noticiasribeiraopreto.com.br\/wp-content\/uploads\/2024\/09\/Copia-de-Copia-de-Copia-de-TAMANHO-EXATO-PARA-FOTOS-NO-SISTEMA-NOVO-9_2024-09-09_21-24-04_png_2024-09-09_21-24-04.webp.webp?fit=1200%2C675&ssl=1&resize=350%2C200","width":350,"height":200,"srcset":"https:\/\/i0.wp.com\/noticiasribeiraopreto.com.br\/wp-content\/uploads\/2024\/09\/Copia-de-Copia-de-Copia-de-TAMANHO-EXATO-PARA-FOTOS-NO-SISTEMA-NOVO-9_2024-09-09_21-24-04_png_2024-09-09_21-24-04.webp.webp?fit=1200%2C675&ssl=1&resize=350%2C200 1x, https:\/\/i0.wp.com\/noticiasribeiraopreto.com.br\/wp-content\/uploads\/2024\/09\/Copia-de-Copia-de-Copia-de-TAMANHO-EXATO-PARA-FOTOS-NO-SISTEMA-NOVO-9_2024-09-09_21-24-04_png_2024-09-09_21-24-04.webp.webp?fit=1200%2C675&ssl=1&resize=525%2C300 1.5x, https:\/\/i0.wp.com\/noticiasribeiraopreto.com.br\/wp-content\/uploads\/2024\/09\/Copia-de-Copia-de-Copia-de-TAMANHO-EXATO-PARA-FOTOS-NO-SISTEMA-NOVO-9_2024-09-09_21-24-04_png_2024-09-09_21-24-04.webp.webp?fit=1200%2C675&ssl=1&resize=700%2C400 2x, https:\/\/i0.wp.com\/noticiasribeiraopreto.com.br\/wp-content\/uploads\/2024\/09\/Copia-de-Copia-de-Copia-de-TAMANHO-EXATO-PARA-FOTOS-NO-SISTEMA-NOVO-9_2024-09-09_21-24-04_png_2024-09-09_21-24-04.webp.webp?fit=1200%2C675&ssl=1&resize=1050%2C600 3x"},"classes":[]}],"jetpack_sharing_enabled":true,"jetpack_shortlink":"https:\/\/wp.me\/peQAOb-lFT","_links":{"self":[{"href":"https:\/\/noticiasribeiraopreto.com.br\/index.php\/wp-json\/wp\/v2\/posts\/83321","targetHints":{"allow":["GET"]}}],"collection":[{"href":"https:\/\/noticiasribeiraopreto.com.br\/index.php\/wp-json\/wp\/v2\/posts"}],"about":[{"href":"https:\/\/noticiasribeiraopreto.com.br\/index.php\/wp-json\/wp\/v2\/types\/post"}],"author":[{"embeddable":true,"href":"https:\/\/noticiasribeiraopreto.com.br\/index.php\/wp-json\/wp\/v2\/users\/1"}],"replies":[{"embeddable":true,"href":"https:\/\/noticiasribeiraopreto.com.br\/index.php\/wp-json\/wp\/v2\/comments?post=83321"}],"version-history":[{"count":0,"href":"https:\/\/noticiasribeiraopreto.com.br\/index.php\/wp-json\/wp\/v2\/posts\/83321\/revisions"}],"wp:featuredmedia":[{"embeddable":true,"href":"https:\/\/noticiasribeiraopreto.com.br\/index.php\/wp-json\/wp\/v2\/media\/83322"}],"wp:attachment":[{"href":"https:\/\/noticiasribeiraopreto.com.br\/index.php\/wp-json\/wp\/v2\/media?parent=83321"}],"wp:term":[{"taxonomy":"category","embeddable":true,"href":"https:\/\/noticiasribeiraopreto.com.br\/index.php\/wp-json\/wp\/v2\/categories?post=83321"},{"taxonomy":"post_tag","embeddable":true,"href":"https:\/\/noticiasribeiraopreto.com.br\/index.php\/wp-json\/wp\/v2\/tags?post=83321"}],"curies":[{"name":"wp","href":"https:\/\/api.w.org\/{rel}","templated":true}]}}