{"id":83325,"date":"2026-03-16T17:34:11","date_gmt":"2026-03-16T20:34:11","guid":{"rendered":"https:\/\/noticiasribeiraopreto.com.br\/index.php\/2026\/03\/16\/ancelotti-convoca-selecao-brasileira-sem-neymar-em-ultima-lista-antes-da-copa-do-mundo\/"},"modified":"2026-03-16T17:34:11","modified_gmt":"2026-03-16T20:34:11","slug":"ancelotti-convoca-selecao-brasileira-sem-neymar-em-ultima-lista-antes-da-copa-do-mundo","status":"publish","type":"post","link":"https:\/\/noticiasribeiraopreto.com.br\/index.php\/2026\/03\/16\/ancelotti-convoca-selecao-brasileira-sem-neymar-em-ultima-lista-antes-da-copa-do-mundo\/","title":{"rendered":"Ancelotti convoca sele\u00e7\u00e3o brasileira sem Neymar em \u00faltima lista antes da Copa do Mundo"},"content":{"rendered":"<div class='code-block code-block-1' style='margin: 8px 0 8px auto; text-align: right; display: block; clear: both;'>\n<p><a href=\"https:\/\/wa.link\/vpicfd\"><img data-recalc-dims=\"1\" class=\"wp-image-4922\" style=\"aspect-ratio: 2.0253164556962027; width: 561px; height: auto;\" src=\"https:\/\/i0.wp.com\/ismaelcolosi.com.br\/wp-content\/uploads\/2023\/11\/grupo-de-empregos-whatsapp-e-facebook-ismael-colosi-vagas.jpg?ssl=1\" alt=\"\" \/><\/a><\/p>\n<!-- \/wp:image -->\n<\/div>\n<p> <br \/>\n<\/p>\n<div id=\"Corpo\">\n<p>Por Leonardo Catto<\/p>\n<p>O t\u00e9cnico Carlo Ancelotti fez a \u00faltima convoca\u00e7\u00e3o da sele\u00e7\u00e3o brasileira antes da defini\u00e7\u00e3o da lista dos 26 atletas que disputar\u00e3o a Copa do Mundo na Am\u00e9rica do Norte entre junho e julho. O italiano j\u00e1 tem 18 dos 26 nomes definidos e trata os jogos contra Fran\u00e7a, dia 26, e Cro\u00e1cia, dia 31, como testes para a escolha dos outros oito. Sem Neymar, o treinador promover\u00e1 as estreias de Rayan e Igor Thiago, al\u00e9m do retorno de Endrick.<\/p>\n<p>Ancelotti acompanhou in loco sete partidas das seis primeiras rodadas do Brasileir\u00e3o. Entre elas, esteve o empate entre Mirassol e Santos. Havia expectativa de ver Neymar, que integrou a pr\u00e9-lista. O atacante, por\u00e9m, foi poupado. Ele voltou a campo contra o Corinthians, mas sem destaque.<\/p>\n<p>\u201cEstava programado de ir a Mirassol para ver o jogo, para vermos os jogadores do Mirassol e do Santos. Nos recebemos muito bem. Neymar n\u00e3o jogou. Eu gosto de ir aos est\u00e1dios quando posso de maneira presencial\u201d, comentou ap\u00f3s a apresenta\u00e7\u00e3o da nominata nesta segunda-feira.<\/p>\n<p>O t\u00e9cnico enfatizou que chamou apenas jogadores que est\u00e3o 100% fisicamente, citando as aus\u00eancias de Eder Milit\u00e3o, Bruno Guimar\u00e3es, Est\u00eav\u00e3o e Rodrygo, esse \u00faltimo deve ficar fora da Copa, por causa da gravidade da les\u00e3o que teve.<\/p>\n<p>H\u00e1, ainda, novidades. Gabriel Sara, Danilo, Rayan e Igor Thiago foram convocados pela primeira vez. Iba\u00f1ez e o volante Danilo ainda n\u00e3o haviam sido chamados por Ancelotti, apesar de j\u00e1 terem experi\u00eancia com a sele\u00e7\u00e3o.<\/p>\n<p>No dia 11 de maio, ser\u00e3o inscritos 55 jogadores da sele\u00e7\u00e3o para a Copa do Mundo. A lista final, com 26 atletas, ser\u00e1 divulgada em 18 de maio. Depois, o Brasil ainda enfrenta o Panam\u00e1, no Maracan\u00e3, dia 31 de maio, e o Egito, dia 6 de junho, j\u00e1 nos Estados Unidos, em Cleveland.<\/p>\n<p>VEJA OS JOGADORES CONVOCADOS PARA A SELE\u00c7\u00c3O CONTRA FRAN\u00c7A E CRO\u00c1CIA:<\/p>\n<p>Goleiros \u2013 Alisson (Liverpool), Bento (Al-Nassr) e Ederson (Fenerbah\u00e7e)<\/p>\n<p>Defensores \u2013 Alex Sandro (Flamengo), Bremer (Juventus), Danilo (Flamengo), Douglas Santos (Zenit), Gabriel Magalh\u00e3es (Arsenal), Iba\u00f1ez (Ah-Ahli), L\u00e9o Pereira (Flamengo), Marquinhos (PSG) e Wesley (Roma)<\/p>\n<p>Meio-campistas \u2013 Andrey Santos (Chelsea), Casemiro (Manchester United), Danilo (Botafogo), Fabinho (Al-Ittihad) e Gabriel Sara (Galatasaray)<\/p>\n<p>Atacantes \u2013 Endrick (Lyon), Gabriel Martinelli (Arsenal), Igor Thiago (Brentford), Jo\u00e3o Pedro (Chelsea), Luiz Henrique (Zenit), Matheus Cunha (Manchester United), Raphinha (Barcelona), Rayan (Bournemouth) e Vinicius J\u00fanior (Real Madrid)<\/p>\n<\/div>\n<p><br \/>\n<br \/><a href=\"https:\/\/www.tribunaribeirao.com.br\/ancelotti-convoca-selecao-brasileira-sem-neymar-em-ultima-lista-antes-da-copa-do-mundo\/\">Source link <\/a><\/p>\n<!-- CONTENT END 1 -->\n","protected":false},"excerpt":{"rendered":"<p>Por Leonardo Catto O t\u00e9cnico Carlo Ancelotti fez a \u00faltima convoca\u00e7\u00e3o da sele\u00e7\u00e3o brasileira antes da defini\u00e7\u00e3o da lista dos 26 atletas que disputar\u00e3o a&#8230;<\/p>\n","protected":false},"author":1,"featured_media":83326,"comment_status":"open","ping_status":"open","sticky":false,"template":"","format":"standard","meta":{"advanced_seo_description":"","jetpack_seo_html_title":"","jetpack_seo_noindex":false,"jetpack_post_was_ever_published":false,"_jetpack_newsletter_access":"","_jetpack_dont_email_post_to_subs":false,"_jetpack_newsletter_tier_id":0,"_jetpack_memberships_contains_paywalled_content":false,"_jetpack_memberships_contains_paid_content":false,"footnotes":"","jetpack_publicize_message":"","jetpack_publicize_feature_enabled":true,"jetpack_social_post_already_shared":true,"jetpack_social_options":{"image_generator_settings":{"template":"highway","default_image_id":0,"font":"","enabled":false},"version":2}},"categories":[11],"tags":[],"class_list":["post-83325","post","type-post","status-publish","format-standard","has-post-thumbnail","hentry","category-noticias-de-ribeirao-preto-sp-e-regiao-ismael-colosi"],"jetpack_publicize_connections":[],"jetpack_featured_media_url":"https:\/\/i0.wp.com\/noticiasribeiraopreto.com.br\/wp-content\/uploads\/2026\/03\/Image1-52-scaled.jpg?fit=1200%2C592&ssl=1","jetpack-related-posts":[{"id":76250,"url":"https:\/\/noticiasribeiraopreto.com.br\/index.php\/2025\/08\/25\/ancelotti-convoca-selecao-com-9-novidades-mas-sem-neymar\/","url_meta":{"origin":83325,"position":0},"title":"Ancelotti convoca Sele\u00e7\u00e3o com 9 novidades, mas sem Neymar","author":"noticiasribeiraopreto.com.br","date":"25 de August de 2025","format":false,"excerpt":"Com volta de Lucas Paquet\u00e1 e sem Neymar e as aus\u00eancias de Vini Jr e Rodrygo, o t\u00e9cnico Carlo Ancelotti convocou hoje a sele\u00e7\u00e3o brasileira para as duas rodadas finais das Eliminat\u00f3rias Sul-Americanas para a Copa do Mundo de 2026. O Brasil \u00e9 o terceiro colocado, com 25 pontos e\u2026","rel":"","context":"In &quot;Not\u00edcias de Ribeir\u00e3o Preto-SP e Regi\u00e3o&quot;","block_context":{"text":"Not\u00edcias de Ribeir\u00e3o Preto-SP e Regi\u00e3o","link":"https:\/\/noticiasribeiraopreto.com.br\/index.php\/category\/noticias-de-ribeirao-preto-sp-e-regiao-ismael-colosi\/"},"img":{"alt_text":"","src":"https:\/\/i0.wp.com\/noticiasribeiraopreto.com.br\/wp-content\/uploads\/2025\/08\/ancelotti-1-scaled.jpeg?fit=1151%2C780&ssl=1&resize=350%2C200","width":350,"height":200,"srcset":"https:\/\/i0.wp.com\/noticiasribeiraopreto.com.br\/wp-content\/uploads\/2025\/08\/ancelotti-1-scaled.jpeg?fit=1151%2C780&ssl=1&resize=350%2C200 1x, https:\/\/i0.wp.com\/noticiasribeiraopreto.com.br\/wp-content\/uploads\/2025\/08\/ancelotti-1-scaled.jpeg?fit=1151%2C780&ssl=1&resize=525%2C300 1.5x, https:\/\/i0.wp.com\/noticiasribeiraopreto.com.br\/wp-content\/uploads\/2025\/08\/ancelotti-1-scaled.jpeg?fit=1151%2C780&ssl=1&resize=700%2C400 2x, https:\/\/i0.wp.com\/noticiasribeiraopreto.com.br\/wp-content\/uploads\/2025\/08\/ancelotti-1-scaled.jpeg?fit=1151%2C780&ssl=1&resize=1050%2C600 3x"},"classes":[]},{"id":83303,"url":"https:\/\/noticiasribeiraopreto.com.br\/index.php\/2026\/03\/16\/ancelotti-convoca-selecao-brasileira-para-amistosos-nos-eua\/","url_meta":{"origin":83325,"position":1},"title":"Ancelotti convoca sele\u00e7\u00e3o brasileira para amistosos nos EUA","author":"noticiasribeiraopreto.com.br","date":"16 de March de 2026","format":false,"excerpt":"O treinador Carlo Ancelotti faz nesta segunda-feira, \u00e0s 15h30, a \u00faltima convoca\u00e7\u00e3o da sele\u00e7\u00e3o brasileira antes da defini\u00e7\u00e3o da lista dos 26 atletas que disputar\u00e3o a Copa do Mundo na Am\u00e9rica do Norte entre junho e julho. Os amistosos do fim deste m\u00eas, contra Fran\u00e7a, dia 26, e Cro\u00e1cia, dia\u2026","rel":"","context":"In &quot;Not\u00edcias de Ribeir\u00e3o Preto-SP e Regi\u00e3o&quot;","block_context":{"text":"Not\u00edcias de Ribeir\u00e3o Preto-SP e Regi\u00e3o","link":"https:\/\/noticiasribeiraopreto.com.br\/index.php\/category\/noticias-de-ribeirao-preto-sp-e-regiao-ismael-colosi\/"},"img":{"alt_text":"","src":"https:\/\/i0.wp.com\/noticiasribeiraopreto.com.br\/wp-content\/uploads\/2026\/03\/ancelotti.webp.webp?fit=1024%2C689&ssl=1&resize=350%2C200","width":350,"height":200,"srcset":"https:\/\/i0.wp.com\/noticiasribeiraopreto.com.br\/wp-content\/uploads\/2026\/03\/ancelotti.webp.webp?fit=1024%2C689&ssl=1&resize=350%2C200 1x, https:\/\/i0.wp.com\/noticiasribeiraopreto.com.br\/wp-content\/uploads\/2026\/03\/ancelotti.webp.webp?fit=1024%2C689&ssl=1&resize=525%2C300 1.5x, https:\/\/i0.wp.com\/noticiasribeiraopreto.com.br\/wp-content\/uploads\/2026\/03\/ancelotti.webp.webp?fit=1024%2C689&ssl=1&resize=700%2C400 2x"},"classes":[]},{"id":70456,"url":"https:\/\/noticiasribeiraopreto.com.br\/index.php\/2025\/05\/26\/ancelotti-e-apresentado-e-anuncia-primeira-convocacao-na-selecao\/","url_meta":{"origin":83325,"position":2},"title":"Ancelotti \u00e9 apresentado e anuncia primeira convoca\u00e7\u00e3o na sele\u00e7\u00e3o","author":"noticiasribeiraopreto.com.br","date":"26 de May de 2025","format":false,"excerpt":"Carlo Ancelotti foi oficialmente apresentado pela Confedera\u00e7\u00e3o Brasileira de Futebol (CBF) como o novo t\u00e9cnico da sele\u00e7\u00e3o brasileira e anunciou, nesta segunda-feira (26), sua primeira convoca\u00e7\u00e3o. A lista contempla 25 jogadores para os dois pr\u00f3ximos compromissos das Eliminat\u00f3rias da Copa do Mundo: contra o Equador, em 5 de junho, fora\u2026","rel":"","context":"In &quot;Not\u00edcias de Ribeir\u00e3o Preto-SP e Regi\u00e3o&quot;","block_context":{"text":"Not\u00edcias de Ribeir\u00e3o Preto-SP e Regi\u00e3o","link":"https:\/\/noticiasribeiraopreto.com.br\/index.php\/category\/noticias-de-ribeirao-preto-sp-e-regiao-ismael-colosi\/"},"img":{"alt_text":"","src":"https:\/\/i0.wp.com\/noticiasribeiraopreto.com.br\/wp-content\/uploads\/2025\/05\/54545301306_4b8302067f_c.jpg?fit=800%2C524&ssl=1&resize=350%2C200","width":350,"height":200,"srcset":"https:\/\/i0.wp.com\/noticiasribeiraopreto.com.br\/wp-content\/uploads\/2025\/05\/54545301306_4b8302067f_c.jpg?fit=800%2C524&ssl=1&resize=350%2C200 1x, https:\/\/i0.wp.com\/noticiasribeiraopreto.com.br\/wp-content\/uploads\/2025\/05\/54545301306_4b8302067f_c.jpg?fit=800%2C524&ssl=1&resize=525%2C300 1.5x, https:\/\/i0.wp.com\/noticiasribeiraopreto.com.br\/wp-content\/uploads\/2025\/05\/54545301306_4b8302067f_c.jpg?fit=800%2C524&ssl=1&resize=700%2C400 2x"},"classes":[]},{"id":83347,"url":"https:\/\/noticiasribeiraopreto.com.br\/index.php\/2026\/03\/16\/confira-quem-foi-chamado-por-ancelotti-na-ultima-convocacao-antes-da-copa\/","url_meta":{"origin":83325,"position":3},"title":"Confira quem foi chamado por Ancelotti na \u00faltima convoca\u00e7\u00e3o antes da Copa","author":"noticiasribeiraopreto.com.br","date":"16 de March de 2026","format":false,"excerpt":"00:00 A+ A- O t\u00e9cnico da Sele\u00e7\u00e3o Brasileira, Carlo Ancelotti, anuncia na tarde desta segunda-feira (16), \u00e0s 15h30, a \u00faltima convoca\u00e7\u00e3o antes da Copa do Mundo. A sele\u00e7\u00e3o se prepara para os amistosos contra a Fran\u00e7a e a Cro\u00e1cia, na Data FIFA de mar\u00e7o, nos Estados Unidos. No dia 26,\u2026","rel":"","context":"In &quot;Not\u00edcias de Ribeir\u00e3o Preto-SP e Regi\u00e3o&quot;","block_context":{"text":"Not\u00edcias de Ribeir\u00e3o Preto-SP e Regi\u00e3o","link":"https:\/\/noticiasribeiraopreto.com.br\/index.php\/category\/noticias-de-ribeirao-preto-sp-e-regiao-ismael-colosi\/"},"img":{"alt_text":"","src":"https:\/\/i0.wp.com\/noticiasribeiraopreto.com.br\/wp-content\/uploads\/2026\/03\/carlo-ancelotti_2026-03-16_15-59-37.webp.webp?fit=1200%2C807&ssl=1&resize=350%2C200","width":350,"height":200,"srcset":"https:\/\/i0.wp.com\/noticiasribeiraopreto.com.br\/wp-content\/uploads\/2026\/03\/carlo-ancelotti_2026-03-16_15-59-37.webp.webp?fit=1200%2C807&ssl=1&resize=350%2C200 1x, https:\/\/i0.wp.com\/noticiasribeiraopreto.com.br\/wp-content\/uploads\/2026\/03\/carlo-ancelotti_2026-03-16_15-59-37.webp.webp?fit=1200%2C807&ssl=1&resize=525%2C300 1.5x, https:\/\/i0.wp.com\/noticiasribeiraopreto.com.br\/wp-content\/uploads\/2026\/03\/carlo-ancelotti_2026-03-16_15-59-37.webp.webp?fit=1200%2C807&ssl=1&resize=700%2C400 2x, https:\/\/i0.wp.com\/noticiasribeiraopreto.com.br\/wp-content\/uploads\/2026\/03\/carlo-ancelotti_2026-03-16_15-59-37.webp.webp?fit=1200%2C807&ssl=1&resize=1050%2C600 3x"},"classes":[]},{"id":76239,"url":"https:\/\/noticiasribeiraopreto.com.br\/index.php\/2025\/08\/25\/ao-vivo-veja-a-convocacao-de-ancelotti-para-selecao-brasileira\/","url_meta":{"origin":83325,"position":4},"title":"AO VIVO: Veja a convoca\u00e7\u00e3o de Ancelotti para sele\u00e7\u00e3o brasileira","author":"noticiasribeiraopreto.com.br","date":"25 de August de 2025","format":false,"excerpt":"O t\u00e9cnico Carlo Ancelotti anuncia nesta segunda-feira (25), \u00e0s 15h30, a convoca\u00e7\u00e3o dos 23 jogadores selecionados para os dois \u00faltimos compromissos do Brasil pelas Eliminat\u00f3rias da Copa do Mundo de 2026 \u2013 veja no player acima. O evento ser\u00e1 realizado na sede da CBF (Confedera\u00e7\u00e3o Brasileira de Futebol), no Rio\u2026","rel":"","context":"In &quot;Not\u00edcias de Ribeir\u00e3o Preto-SP e Regi\u00e3o&quot;","block_context":{"text":"Not\u00edcias de Ribeir\u00e3o Preto-SP e Regi\u00e3o","link":"https:\/\/noticiasribeiraopreto.com.br\/index.php\/category\/noticias-de-ribeirao-preto-sp-e-regiao-ismael-colosi\/"},"img":{"alt_text":"","src":"https:\/\/i0.wp.com\/noticiasribeiraopreto.com.br\/wp-content\/uploads\/2025\/08\/carlo-ancelotti-convocacao_2025-08-25_16-26-11.webp.webp?fit=1200%2C793&ssl=1&resize=350%2C200","width":350,"height":200,"srcset":"https:\/\/i0.wp.com\/noticiasribeiraopreto.com.br\/wp-content\/uploads\/2025\/08\/carlo-ancelotti-convocacao_2025-08-25_16-26-11.webp.webp?fit=1200%2C793&ssl=1&resize=350%2C200 1x, https:\/\/i0.wp.com\/noticiasribeiraopreto.com.br\/wp-content\/uploads\/2025\/08\/carlo-ancelotti-convocacao_2025-08-25_16-26-11.webp.webp?fit=1200%2C793&ssl=1&resize=525%2C300 1.5x, https:\/\/i0.wp.com\/noticiasribeiraopreto.com.br\/wp-content\/uploads\/2025\/08\/carlo-ancelotti-convocacao_2025-08-25_16-26-11.webp.webp?fit=1200%2C793&ssl=1&resize=700%2C400 2x, https:\/\/i0.wp.com\/noticiasribeiraopreto.com.br\/wp-content\/uploads\/2025\/08\/carlo-ancelotti-convocacao_2025-08-25_16-26-11.webp.webp?fit=1200%2C793&ssl=1&resize=1050%2C600 3x"},"classes":[]},{"id":64262,"url":"https:\/\/noticiasribeiraopreto.com.br\/index.php\/2025\/03\/06\/com-neymar-e-jogador-de-ribeirao-veja-a-lista-de-convocados-da-selecao\/","url_meta":{"origin":83325,"position":5},"title":"Com Neymar e jogador de Ribeir\u00e3o, veja a lista de convocados da Sele\u00e7\u00e3o","author":"noticiasribeiraopreto.com.br","date":"6 de March de 2025","format":false,"excerpt":"O treinador da sele\u00e7\u00e3o brasileira, Dorival J\u00fanior, anunciou nesta quinta-feira (6), os nomes dos 23 jogadores convocados para defender a Sele\u00e7\u00e3o Brasileira nas pr\u00f3ximas duas partidas das Eliminat\u00f3rias da Copa do Mundo de 2026. Al\u00e9m de Neymar, que estava fora da sele\u00e7\u00e3o desde outubro de 2023 por causa de les\u00f5es,\u2026","rel":"","context":"In &quot;Not\u00edcias de Ribeir\u00e3o Preto-SP e Regi\u00e3o&quot;","block_context":{"text":"Not\u00edcias de Ribeir\u00e3o Preto-SP e Regi\u00e3o","link":"https:\/\/noticiasribeiraopreto.com.br\/index.php\/category\/noticias-de-ribeirao-preto-sp-e-regiao-ismael-colosi\/"},"img":{"alt_text":"","src":"https:\/\/i0.wp.com\/noticiasribeiraopreto.com.br\/wp-content\/uploads\/2025\/03\/copa_20140508202945-scaled.jpg?fit=1200%2C800&ssl=1&resize=350%2C200","width":350,"height":200,"srcset":"https:\/\/i0.wp.com\/noticiasribeiraopreto.com.br\/wp-content\/uploads\/2025\/03\/copa_20140508202945-scaled.jpg?fit=1200%2C800&ssl=1&resize=350%2C200 1x, https:\/\/i0.wp.com\/noticiasribeiraopreto.com.br\/wp-content\/uploads\/2025\/03\/copa_20140508202945-scaled.jpg?fit=1200%2C800&ssl=1&resize=525%2C300 1.5x, https:\/\/i0.wp.com\/noticiasribeiraopreto.com.br\/wp-content\/uploads\/2025\/03\/copa_20140508202945-scaled.jpg?fit=1200%2C800&ssl=1&resize=700%2C400 2x, https:\/\/i0.wp.com\/noticiasribeiraopreto.com.br\/wp-content\/uploads\/2025\/03\/copa_20140508202945-scaled.jpg?fit=1200%2C800&ssl=1&resize=1050%2C600 3x"},"classes":[]}],"jetpack_sharing_enabled":true,"jetpack_shortlink":"https:\/\/wp.me\/peQAOb-lFX","_links":{"self":[{"href":"https:\/\/noticiasribeiraopreto.com.br\/index.php\/wp-json\/wp\/v2\/posts\/83325","targetHints":{"allow":["GET"]}}],"collection":[{"href":"https:\/\/noticiasribeiraopreto.com.br\/index.php\/wp-json\/wp\/v2\/posts"}],"about":[{"href":"https:\/\/noticiasribeiraopreto.com.br\/index.php\/wp-json\/wp\/v2\/types\/post"}],"author":[{"embeddable":true,"href":"https:\/\/noticiasribeiraopreto.com.br\/index.php\/wp-json\/wp\/v2\/users\/1"}],"replies":[{"embeddable":true,"href":"https:\/\/noticiasribeiraopreto.com.br\/index.php\/wp-json\/wp\/v2\/comments?post=83325"}],"version-history":[{"count":0,"href":"https:\/\/noticiasribeiraopreto.com.br\/index.php\/wp-json\/wp\/v2\/posts\/83325\/revisions"}],"wp:featuredmedia":[{"embeddable":true,"href":"https:\/\/noticiasribeiraopreto.com.br\/index.php\/wp-json\/wp\/v2\/media\/83326"}],"wp:attachment":[{"href":"https:\/\/noticiasribeiraopreto.com.br\/index.php\/wp-json\/wp\/v2\/media?parent=83325"}],"wp:term":[{"taxonomy":"category","embeddable":true,"href":"https:\/\/noticiasribeiraopreto.com.br\/index.php\/wp-json\/wp\/v2\/categories?post=83325"},{"taxonomy":"post_tag","embeddable":true,"href":"https:\/\/noticiasribeiraopreto.com.br\/index.php\/wp-json\/wp\/v2\/tags?post=83325"}],"curies":[{"name":"wp","href":"https:\/\/api.w.org\/{rel}","templated":true}]}}