{"id":83341,"date":"2026-03-16T23:09:33","date_gmt":"2026-03-17T02:09:33","guid":{"rendered":"https:\/\/noticiasribeiraopreto.com.br\/index.php\/2026\/03\/16\/comida-di-buteco-conheca-os-32-bares-participantes-em-ribeirao-preto\/"},"modified":"2026-03-16T23:09:33","modified_gmt":"2026-03-17T02:09:33","slug":"comida-di-buteco-conheca-os-32-bares-participantes-em-ribeirao-preto","status":"publish","type":"post","link":"https:\/\/noticiasribeiraopreto.com.br\/index.php\/2026\/03\/16\/comida-di-buteco-conheca-os-32-bares-participantes-em-ribeirao-preto\/","title":{"rendered":"Comida di Buteco: Conhe\u00e7a os 32 bares participantes em Ribeir\u00e3o Preto"},"content":{"rendered":"<div class='code-block code-block-1' style='margin: 8px 0 8px auto; text-align: right; display: block; clear: both;'>\n<p><a href=\"https:\/\/wa.link\/vpicfd\"><img data-recalc-dims=\"1\" class=\"wp-image-4922\" style=\"aspect-ratio: 2.0253164556962027; width: 561px; height: auto;\" src=\"https:\/\/i0.wp.com\/ismaelcolosi.com.br\/wp-content\/uploads\/2023\/11\/grupo-de-empregos-whatsapp-e-facebook-ismael-colosi-vagas.jpg?ssl=1\" alt=\"\" \/><\/a><\/p>\n<!-- \/wp:image -->\n<\/div>\n<p> <br \/>\n<\/p>\n<div id=\"dsoaudio\">\n<div class=\"oknaudio play-audio\" data-tts=\"\" data-tts-source=\"#dsoaudio\" data-tts-voice=\"pt-BR\" data-tts-wpm=\"160\">\n<div class=\"player\">\n\t\t\t\t\t<button class=\"play-btn\" id=\"playBtn\"><br \/>\n\t\t\t\t\t\t<svg id=\"playIcon\" viewbox=\"0 0 24 24\"><polygon points=\"5,3 19,12 5,21\"\/><\/svg><br \/>\n\t\t\t\t\t<\/button><\/p>\n<p>00:00<\/p>\n<p>\t\t\t\t\t<!-- CONTROLES --><\/p>\n<div class=\"controls\">\n\t\t\t\t\t\t<span class=\"icon-sun\"><br \/>\n\t\t\t\t\t\t\t<img loading=\"lazy\" decoding=\"async\" src=\"https:\/\/www.acidadeon.com\/ribeiraopreto\/wp-content\/plugins\/oknaudio\/application\/assets\/img\/iconSun.svg\" alt=\"Modo claro\" width=\"24\" height=\"24\"\/><br \/>\n\t\t\t\t\t\t<\/span><\/p>\n<p>\t\t\t\t\t\t<span class=\"icon-moon\"><br \/>\n\t\t\t\t\t\t\t<img loading=\"lazy\" decoding=\"async\" src=\"https:\/\/www.acidadeon.com\/ribeiraopreto\/wp-content\/plugins\/oknaudio\/application\/assets\/img\/iconMoon.svg\" alt=\"Modo escuro\" width=\"24\" height=\"24\"\/><br \/>\n\t\t\t\t\t\t<\/span><\/p>\n<p>\n\t\t\t\t\t\t\t<span id=\"fontPlus\">A+<\/span><br \/>\n\t\t\t\t\t\t\t<span id=\"fontMinus\">A-<\/span>\n\t\t\t\t\t\t<\/p>\n<\/p><\/div>\n<\/p><\/div>\n<\/p><\/div>\n<p><button type=\"button\" title=\"Salvar mat\u00e9ria\" class=\"dso bookmark-injection bookmark-save\"><br \/>\n        <svg xmlns=\"http:\/\/www.w3.org\/2000\/svg\" width=\"20\" height=\"24\" viewbox=\"0 0 20 24\" fill=\"none\">\n            <path d=\"M1 23V1H19V23L10 15.6667L1 23Z\" stroke=\"black\" stroke-width=\"1.3\" stroke-linejoin=\"round\"\/>\n        <\/svg><br \/>\n    <\/button> <\/p>\n<p>Entre <strong>10 de abril e 3 de maio<\/strong>, Ribeir\u00e3o Preto recebe mais uma edi\u00e7\u00e3o do <strong>Comida di Buteco<\/strong>, concurso gastron\u00f4mico que movimenta bares e apreciadores da culin\u00e1ria de boteco em todo o pa\u00eds. Em 2026, <strong>32 estabelecimentos da cidade participam da disputa<\/strong>, apresentando petiscos exclusivos criados especialmente para o evento.<\/p>\n<p>O concurso acontece h\u00e1 <strong>16 anos na regi\u00e3o<\/strong> e integra um circuito nacional que busca eleger o <strong>Melhor Buteco do Brasil<\/strong>. Ap\u00f3s a escolha dos vencedores locais, um novo grupo de jurados visita os campe\u00f5es de cada cidade para definir o vencedor nacional.<\/p>\n<figure class=\"wp-block-gallery has-nested-images columns-default is-cropped wp-block-gallery-1 is-layout-flex wp-block-gallery-is-layout-flex\">\n<figure class=\"wp-block-image size-large\"><img data-recalc-dims=\"1\" loading=\"lazy\" decoding=\"async\" width=\"1024\" height=\"683\" data-id=\"149032\" src=\"https:\/\/i0.wp.com\/cdn.media-acidadeon.com.br\/ribeiraopreto\/wp-content\/uploads\/sites\/3\/2026\/03\/barbaridadeespeto-bar-palitosdobarbaridade-ribeiraopreto-2026-renataprado-1-_2026-03-16_19-16-18-1024x683.webp?resize=1024%2C683&#038;ssl=1\" alt=\"BARbaridade Espeto - Foto: Divulga\u00e7\u00e3o\" class=\"wp-image-149032\" title=\"Comida di Buteco: Conhe\u00e7a os 32 bares participantes em Ribeir\u00e3o Preto 1\" srcset=\"https:\/\/www.acidadeon.com\/ribeiraopreto\/wp-content\/uploads\/sites\/3\/2026\/03\/barbaridadeespeto-bar-palitosdobarbaridade-ribeiraopreto-2026-renataprado-1-_2026-03-16_19-16-18-1024x683.webp 1024w, https:\/\/www.acidadeon.com\/ribeiraopreto\/wp-content\/uploads\/sites\/3\/2026\/03\/barbaridadeespeto-bar-palitosdobarbaridade-ribeiraopreto-2026-renataprado-1-_2026-03-16_19-16-18-300x200.webp 300w, https:\/\/www.acidadeon.com\/ribeiraopreto\/wp-content\/uploads\/sites\/3\/2026\/03\/barbaridadeespeto-bar-palitosdobarbaridade-ribeiraopreto-2026-renataprado-1-_2026-03-16_19-16-18-768x512.webp 768w, https:\/\/www.acidadeon.com\/ribeiraopreto\/wp-content\/uploads\/sites\/3\/2026\/03\/barbaridadeespeto-bar-palitosdobarbaridade-ribeiraopreto-2026-renataprado-1-_2026-03-16_19-16-18-696x464.webp 696w, https:\/\/www.acidadeon.com\/ribeiraopreto\/wp-content\/uploads\/sites\/3\/2026\/03\/barbaridadeespeto-bar-palitosdobarbaridade-ribeiraopreto-2026-renataprado-1-_2026-03-16_19-16-18-1068x712.webp 1068w, https:\/\/www.acidadeon.com\/ribeiraopreto\/wp-content\/uploads\/sites\/3\/2026\/03\/barbaridadeespeto-bar-palitosdobarbaridade-ribeiraopreto-2026-renataprado-1-_2026-03-16_19-16-18.webp 1200w\" sizes=\"auto, (max-width: 1024px) 100vw, 1024px\"\/><figcaption class=\"wp-element-caption\">BARbaridade Espeto \u2013 Foto: Divulga\u00e7\u00e3o<\/figcaption><\/figure>\n<figure class=\"wp-block-image size-large\"><img data-recalc-dims=\"1\" loading=\"lazy\" decoding=\"async\" width=\"1024\" height=\"683\" data-id=\"149033\" src=\"https:\/\/i0.wp.com\/cdn.media-acidadeon.com.br\/ribeiraopreto\/wp-content\/uploads\/sites\/3\/2026\/03\/allelosbar-bolinhotaniamara-ribeiraopreto-2026-renataprado-1-_2026-03-16_19-16-22-1024x683.webp?resize=1024%2C683&#038;ssl=1\" alt=\"Allelos Bar - Foto: Divulga\u00e7\u00e3o\" class=\"wp-image-149033\" title=\"Comida di Buteco: Conhe\u00e7a os 32 bares participantes em Ribeir\u00e3o Preto 2\" srcset=\"https:\/\/www.acidadeon.com\/ribeiraopreto\/wp-content\/uploads\/sites\/3\/2026\/03\/allelosbar-bolinhotaniamara-ribeiraopreto-2026-renataprado-1-_2026-03-16_19-16-22-1024x683.webp 1024w, https:\/\/www.acidadeon.com\/ribeiraopreto\/wp-content\/uploads\/sites\/3\/2026\/03\/allelosbar-bolinhotaniamara-ribeiraopreto-2026-renataprado-1-_2026-03-16_19-16-22-300x200.webp 300w, https:\/\/www.acidadeon.com\/ribeiraopreto\/wp-content\/uploads\/sites\/3\/2026\/03\/allelosbar-bolinhotaniamara-ribeiraopreto-2026-renataprado-1-_2026-03-16_19-16-22-768x512.webp 768w, https:\/\/www.acidadeon.com\/ribeiraopreto\/wp-content\/uploads\/sites\/3\/2026\/03\/allelosbar-bolinhotaniamara-ribeiraopreto-2026-renataprado-1-_2026-03-16_19-16-22-696x464.webp 696w, https:\/\/www.acidadeon.com\/ribeiraopreto\/wp-content\/uploads\/sites\/3\/2026\/03\/allelosbar-bolinhotaniamara-ribeiraopreto-2026-renataprado-1-_2026-03-16_19-16-22-1068x712.webp 1068w, https:\/\/www.acidadeon.com\/ribeiraopreto\/wp-content\/uploads\/sites\/3\/2026\/03\/allelosbar-bolinhotaniamara-ribeiraopreto-2026-renataprado-1-_2026-03-16_19-16-22.webp 1200w\" sizes=\"auto, (max-width: 1024px) 100vw, 1024px\"\/><figcaption class=\"wp-element-caption\">Allelos Bar \u2013 Foto: Divulga\u00e7\u00e3o<\/figcaption><\/figure>\n<figure class=\"wp-block-image size-large\"><img data-recalc-dims=\"1\" loading=\"lazy\" decoding=\"async\" width=\"1024\" height=\"683\" data-id=\"149034\" src=\"https:\/\/i0.wp.com\/cdn.media-acidadeon.com.br\/ribeiraopreto\/wp-content\/uploads\/sites\/3\/2026\/03\/baremporiopaulistano-espetindopopeye-ribeiraopreto-2026-renataprado-2-_2026-03-16_19-17-48-1024x683.webp?resize=1024%2C683&#038;ssl=1\" alt=\"Emp\u00f3rio Paulistano - Foto: Divulga\u00e7\u00e3o\" class=\"wp-image-149034\" title=\"Comida di Buteco: Conhe\u00e7a os 32 bares participantes em Ribeir\u00e3o Preto 3\" srcset=\"https:\/\/www.acidadeon.com\/ribeiraopreto\/wp-content\/uploads\/sites\/3\/2026\/03\/baremporiopaulistano-espetindopopeye-ribeiraopreto-2026-renataprado-2-_2026-03-16_19-17-48-1024x683.webp 1024w, https:\/\/www.acidadeon.com\/ribeiraopreto\/wp-content\/uploads\/sites\/3\/2026\/03\/baremporiopaulistano-espetindopopeye-ribeiraopreto-2026-renataprado-2-_2026-03-16_19-17-48-300x200.webp 300w, https:\/\/www.acidadeon.com\/ribeiraopreto\/wp-content\/uploads\/sites\/3\/2026\/03\/baremporiopaulistano-espetindopopeye-ribeiraopreto-2026-renataprado-2-_2026-03-16_19-17-48-768x512.webp 768w, https:\/\/www.acidadeon.com\/ribeiraopreto\/wp-content\/uploads\/sites\/3\/2026\/03\/baremporiopaulistano-espetindopopeye-ribeiraopreto-2026-renataprado-2-_2026-03-16_19-17-48-696x464.webp 696w, https:\/\/www.acidadeon.com\/ribeiraopreto\/wp-content\/uploads\/sites\/3\/2026\/03\/baremporiopaulistano-espetindopopeye-ribeiraopreto-2026-renataprado-2-_2026-03-16_19-17-48-1068x712.webp 1068w, https:\/\/www.acidadeon.com\/ribeiraopreto\/wp-content\/uploads\/sites\/3\/2026\/03\/baremporiopaulistano-espetindopopeye-ribeiraopreto-2026-renataprado-2-_2026-03-16_19-17-48.webp 1200w\" sizes=\"auto, (max-width: 1024px) 100vw, 1024px\"\/><figcaption class=\"wp-element-caption\">Emp\u00f3rio Paulistano \u2013 Foto: Divulga\u00e7\u00e3o<\/figcaption><\/figure>\n<\/figure>\n<h2 class=\"wp-block-heading\"><strong>Comida di Buteco 2026<\/strong><\/h2>\n<p>A edi\u00e7\u00e3o deste ano traz como tema <strong>\u201cVerduras\u201d<\/strong>. Os bares precisam incluir o ingrediente em suas receitas, o que amplia a criatividade e incentiva novas combina\u00e7\u00f5es gastron\u00f4micas. <\/p>\n<p>Couve, espinafre, r\u00facula, br\u00f3colis, escarola e outras variedades aparecem em diferentes preparos, que v\u00e3o de bolinhos e espetos a pratos com carnes e frutos do mar.<\/p>\n<figure class=\"wp-block-gallery has-nested-images columns-default is-cropped wp-block-gallery-2 is-layout-flex wp-block-gallery-is-layout-flex\">\n<figure class=\"wp-block-image size-large\"><img data-recalc-dims=\"1\" loading=\"lazy\" decoding=\"async\" width=\"1024\" height=\"683\" data-id=\"149036\" src=\"https:\/\/i0.wp.com\/cdn.media-acidadeon.com.br\/ribeiraopreto\/wp-content\/uploads\/sites\/3\/2026\/03\/bardogil-tiradelombo-ribeiraopreto-2026-renataprado-1-_2026-03-16_19-19-17-1024x683.webp?resize=1024%2C683&#038;ssl=1\" alt=\"Bar do Gil - Foto: Divulga\u00e7\u00e3o\" class=\"wp-image-149036\" title=\"Comida di Buteco: Conhe\u00e7a os 32 bares participantes em Ribeir\u00e3o Preto 4\" srcset=\"https:\/\/www.acidadeon.com\/ribeiraopreto\/wp-content\/uploads\/sites\/3\/2026\/03\/bardogil-tiradelombo-ribeiraopreto-2026-renataprado-1-_2026-03-16_19-19-17-1024x683.webp 1024w, https:\/\/www.acidadeon.com\/ribeiraopreto\/wp-content\/uploads\/sites\/3\/2026\/03\/bardogil-tiradelombo-ribeiraopreto-2026-renataprado-1-_2026-03-16_19-19-17-300x200.webp 300w, https:\/\/www.acidadeon.com\/ribeiraopreto\/wp-content\/uploads\/sites\/3\/2026\/03\/bardogil-tiradelombo-ribeiraopreto-2026-renataprado-1-_2026-03-16_19-19-17-768x512.webp 768w, https:\/\/www.acidadeon.com\/ribeiraopreto\/wp-content\/uploads\/sites\/3\/2026\/03\/bardogil-tiradelombo-ribeiraopreto-2026-renataprado-1-_2026-03-16_19-19-17-696x464.webp 696w, https:\/\/www.acidadeon.com\/ribeiraopreto\/wp-content\/uploads\/sites\/3\/2026\/03\/bardogil-tiradelombo-ribeiraopreto-2026-renataprado-1-_2026-03-16_19-19-17-1068x712.webp 1068w, https:\/\/www.acidadeon.com\/ribeiraopreto\/wp-content\/uploads\/sites\/3\/2026\/03\/bardogil-tiradelombo-ribeiraopreto-2026-renataprado-1-_2026-03-16_19-19-17.webp 1200w\" sizes=\"auto, (max-width: 1024px) 100vw, 1024px\"\/><figcaption class=\"wp-element-caption\">Bar do Gil \u2013 Foto: Divulga\u00e7\u00e3o<\/figcaption><\/figure>\n<figure class=\"wp-block-image size-large\"><img data-recalc-dims=\"1\" loading=\"lazy\" decoding=\"async\" width=\"1024\" height=\"660\" data-id=\"149037\" src=\"https:\/\/i0.wp.com\/cdn.media-acidadeon.com.br\/ribeiraopreto\/wp-content\/uploads\/sites\/3\/2026\/03\/oruhekfn_2026-03-16_19-26-57-1024x660.webp?resize=1024%2C660&#038;ssl=1\" alt=\"buteco\" class=\"wp-image-149037\" title=\"Comida di Buteco: Conhe\u00e7a os 32 bares participantes em Ribeir\u00e3o Preto 5\" srcset=\"https:\/\/www.acidadeon.com\/ribeiraopreto\/wp-content\/uploads\/sites\/3\/2026\/03\/oruhekfn_2026-03-16_19-26-57-1024x660.webp 1024w, https:\/\/www.acidadeon.com\/ribeiraopreto\/wp-content\/uploads\/sites\/3\/2026\/03\/oruhekfn_2026-03-16_19-26-57-300x193.webp 300w, https:\/\/www.acidadeon.com\/ribeiraopreto\/wp-content\/uploads\/sites\/3\/2026\/03\/oruhekfn_2026-03-16_19-26-57-768x495.webp 768w, https:\/\/www.acidadeon.com\/ribeiraopreto\/wp-content\/uploads\/sites\/3\/2026\/03\/oruhekfn_2026-03-16_19-26-57-696x448.webp 696w, https:\/\/www.acidadeon.com\/ribeiraopreto\/wp-content\/uploads\/sites\/3\/2026\/03\/oruhekfn_2026-03-16_19-26-57-1068x688.webp 1068w, https:\/\/www.acidadeon.com\/ribeiraopreto\/wp-content\/uploads\/sites\/3\/2026\/03\/oruhekfn_2026-03-16_19-26-57.webp 1200w\" sizes=\"auto, (max-width: 1024px) 100vw, 1024px\"\/><figcaption class=\"wp-element-caption\">Renatos Bar \u2013 Foto: Divulga\u00e7\u00e3o <\/figcaption><\/figure>\n<figure class=\"wp-block-image size-large\"><img data-recalc-dims=\"1\" loading=\"lazy\" decoding=\"async\" width=\"1024\" height=\"658\" data-id=\"149038\" src=\"https:\/\/i0.wp.com\/cdn.media-acidadeon.com.br\/ribeiraopreto\/wp-content\/uploads\/sites\/3\/2026\/03\/rioth_2026-03-16_19-27-01-1024x658.webp?resize=1024%2C658&#038;ssl=1\" alt=\"Toca da Pantera - Foto: Divulga\u00e7\u00e3o\" class=\"wp-image-149038\" title=\"Comida di Buteco: Conhe\u00e7a os 32 bares participantes em Ribeir\u00e3o Preto 6\" srcset=\"https:\/\/www.acidadeon.com\/ribeiraopreto\/wp-content\/uploads\/sites\/3\/2026\/03\/rioth_2026-03-16_19-27-01-1024x658.webp 1024w, https:\/\/www.acidadeon.com\/ribeiraopreto\/wp-content\/uploads\/sites\/3\/2026\/03\/rioth_2026-03-16_19-27-01-300x193.webp 300w, https:\/\/www.acidadeon.com\/ribeiraopreto\/wp-content\/uploads\/sites\/3\/2026\/03\/rioth_2026-03-16_19-27-01-768x493.webp 768w, https:\/\/www.acidadeon.com\/ribeiraopreto\/wp-content\/uploads\/sites\/3\/2026\/03\/rioth_2026-03-16_19-27-01-696x447.webp 696w, https:\/\/www.acidadeon.com\/ribeiraopreto\/wp-content\/uploads\/sites\/3\/2026\/03\/rioth_2026-03-16_19-27-01-1068x686.webp 1068w, https:\/\/www.acidadeon.com\/ribeiraopreto\/wp-content\/uploads\/sites\/3\/2026\/03\/rioth_2026-03-16_19-27-01.webp 1200w\" sizes=\"auto, (max-width: 1024px) 100vw, 1024px\"\/><figcaption class=\"wp-element-caption\">Toca da Pantera \u2013 Foto: Divulga\u00e7\u00e3o<\/figcaption><\/figure>\n<\/figure>\n<h3 class=\"wp-block-heading\"><strong>Conhe\u00e7a os bares e petiscos participantes<\/strong><\/h3>\n<div class=\"wp-block-group is-vertical is-layout-flex wp-container-core-group-is-layout-8cf370e7 wp-block-group-is-layout-flex\">\n<ul class=\"wp-block-list\">\n<li><strong>Covil do Lobo<\/strong><br \/>Endere\u00e7o: R. Piracicaba, 1825 \u2013 Jardim Paulistano<br \/>Petisco: <em>Falafel de tremo\u00e7o e ora-pro-n\u00f3bis<\/em> \u2013 Por\u00e7\u00e3o de falafel acompanhada de maionese de alho assado.<\/li>\n<\/ul>\n<ul class=\"wp-block-list\">\n<li><strong>Allelos Bar<\/strong><br \/>Endere\u00e7o: R. Dr. Saraiba, 32 \u2013 Bonfim Paulista<br \/>Petisco: <em>Bolinho T\u00e2nia Mara<\/em> \u2013 Bolinho de mandioca recheado com frango, br\u00f3colis e requeij\u00e3o cremoso.<\/li>\n<\/ul>\n<ul class=\"wp-block-list\">\n<li><strong>Bar A Toca<\/strong><br \/>Endere\u00e7o: R. Domingos Padovan, 1540 \u2013 Jardim Anhanguera<br \/>Petisco: <em>Tombei no Bolinho<\/em> \u2013 Bolinho de lingui\u00e7a com couve.<\/li>\n<\/ul>\n<ul class=\"wp-block-list\">\n<li><strong>Bar da Dona Celina<\/strong><br \/>Endere\u00e7o: R. Jos\u00e9 Aissum, 125 \u2013 Parque dos Bandeirantes<br \/>Petisco: <em>Berinjela Suprema<\/em> \u2013 Berinjela assada com carne mo\u00edda temperada, molho bechamel, queijo gratinado e finalizada com crisps de couve.<\/li>\n<\/ul>\n<ul class=\"wp-block-list\">\n<li><strong>Bar da Duque<\/strong><br \/>Endere\u00e7o: R. Duque de Caxias, 1211 \u2013 Centro<br \/>Petisco: <em>Tesouro da Duquesa<\/em> \u2013 Salgado de fraldinha com alho-por\u00f3 e aioli de r\u00facula com lim\u00e3o.<\/li>\n<\/ul>\n<ul class=\"wp-block-list\">\n<li><strong>Bar da Patroa<\/strong><br \/>Endere\u00e7o: Professor Pedreira de Freitas, 564 \u2013 Parque Ribeir\u00e3o Preto<br \/>Petisco: <em>Coxinha de Feijuka<\/em> \u2013 Coxinha de feijoada recheada com couve.<\/li>\n<\/ul>\n<ul class=\"wp-block-list\">\n<li><strong>Bar do Gil<\/strong><br \/>Endere\u00e7o: Rua Franca, 432 \u2013 Jardim Paulista<br \/>Petisco: <em>Tira de Lombo<\/em> \u2013 Tiras de tapioca granulada com copa lombo, br\u00f3colis e bacon, acompanhadas de geleia picante de abacaxi.<\/li>\n<\/ul>\n<ul class=\"wp-block-list\">\n<li><strong>Bar do Jefferson<\/strong><br \/>Endere\u00e7o: Edgard Patrick, 20 \u2013 Jardim S\u00e3o Jos\u00e9<br \/>Petisco: <em>Mamma Mia<\/em> \u2013 Polpettines de lingui\u00e7a toscana e poppers de calabresa recheados com creme de queijo e escarola, acompanhados de molhos.<\/li>\n<\/ul>\n<ul class=\"wp-block-list\">\n<li><strong>Bar do L\u00ea<\/strong><br \/>Endere\u00e7o: Rua Capit\u00e3o Salom\u00e3o, 1439 \u2013 Campos El\u00edsios<br \/>Petisco: <em>Tulipinha<\/em> \u2013 Por\u00e7\u00e3o de tulipa com molho de alho com alho-por\u00f3.<\/li>\n<\/ul>\n<ul class=\"wp-block-list\">\n<li><strong>Bar do Renato<\/strong><br \/>Endere\u00e7o: Rua Contabilista Marcos Mendon\u00e7a Coelho, 830 \u2013 Jardim Cristo Redentor<br \/>Petisco: <em>Macacos Me Mordam<\/em> \u2013 Croquete de costela recheado com agri\u00e3o e meia cura, servido com creme de espinafre picante e chutney de manga.<\/li>\n<\/ul>\n<ul class=\"wp-block-list\">\n<li><strong>Bar Dona Helena<\/strong><br \/>Endere\u00e7o: Guido Borsaro, 625 \u2013 Parque dos Bandeirantes<br \/>Petisco: <em>Alta Tens\u00e3o<\/em> \u2013 Panquecas recheadas com ragu de rabada e couve, salpicadas com salsinha, cebolinha e parmes\u00e3o.<\/li>\n<\/ul>\n<ul class=\"wp-block-list\">\n<li><strong>Bar Emp\u00f3rio Paulistano<\/strong><br \/>Endere\u00e7o: Rua Ces\u00e1rio Motta, 1469 \u2013 Jardim Paulistano<br \/>Petisco: <em>Espetin do Popeye<\/em> \u2013 Espeto de carne de porco recheado com espinafre, alho-por\u00f3 e queijo.<\/li>\n<\/ul>\n<ul class=\"wp-block-list\">\n<li><strong>BarBaridade Espeto &amp; Bar<\/strong><br \/>Endere\u00e7o: Jo\u00e3o Bim, 712 \u2013 Campos El\u00edsios<br \/>Petisco: <em>Palitos do Barbaridade<\/em> \u2013 Massa caseira recheada com palmito de a\u00e7a\u00ed, tomate seco, r\u00facula e mu\u00e7arela.<\/li>\n<\/ul>\n<ul class=\"wp-block-list\">\n<li><strong>Benrico Emp\u00f3rio Bar<\/strong><br \/>Endere\u00e7o: R. An\u00edbal Vercesi, 246 \u2013 Bonfim Paulista<br \/>Petisco: <em>Opini\u00e3o da Casa<\/em> \u2013 Lingui\u00e7a artesanal coberta com mix de r\u00facula e agri\u00e3o, queijos e pimenta biquinho, acompanhada de torradas.<\/li>\n<\/ul>\n<ul class=\"wp-block-list\">\n<li><strong>Botekus Bar<\/strong><br \/>Endere\u00e7o: Rua do Caf\u00e9, 166 \u2013 Vila Tib\u00e9rio<br \/>Petisco: <em>Trio Botekus Bar<\/em> \u2013 Isca de peixe, torresmo e tulipa com fritas e molhos.<\/li>\n<\/ul>\n<ul class=\"wp-block-list\">\n<li><strong>Buteco do Maranh\u00e3o e Cia<\/strong><br \/>Endere\u00e7o: Ant\u00f4nio Ach\u00e9, 769 \u2013 Jardim Iraj\u00e1<br \/>Petisco: <em>Rabic\u00f3 no Maranh\u00e3o<\/em> \u2013 Fil\u00e9 mignon su\u00edno empanado com molho cremoso de br\u00f3colis, requeij\u00e3o e bacon.<\/li>\n<\/ul>\n<ul class=\"wp-block-list\">\n<li><strong>Butiquim do Ziriguidum<\/strong><br \/>Endere\u00e7o: R. Onze de Agosto, 1978 \u2013 Campos El\u00edsios<br \/>Petisco: <em>Trio Caipira<\/em> \u2013 Lingui\u00e7a caipira enrolada com r\u00facula e tomate seco.<\/li>\n<\/ul>\n<ul class=\"wp-block-list\">\n<li><strong>Choperia Dus Mineiros<\/strong><br \/>Endere\u00e7o: Doutor Pl\u00ednio de Castro Prado, 1000 \u2013 Jardim Palma Travassos<br \/>Petisco: <em>Popeye Du Mineiro<\/em> \u2013 Cubos de ponta de peito com espinafre e cerveja preta, servidos com legumes gratinados.<\/li>\n<\/ul>\n<ul class=\"wp-block-list\">\n<li><strong>Da Villa Torresmos<\/strong><br \/>Endere\u00e7o: Ipanema, 746 \u2013 Vila Virg\u00ednia<br \/>Petisco: <em>TT \u2013 Torresmo Tropical<\/em> \u2013 Legumes no vapor com torresmo defumado e geleia de goiaba apimentada.<\/li>\n<\/ul>\n<ul class=\"wp-block-list\">\n<li><strong>Dimais Espetos Bar<\/strong><br \/>Endere\u00e7o: Ant\u00f4nio Fregonese, 676 \u2013 Jardim Manoel Penna<br \/>Petisco: <em>Potinho Caipira Gourmet<\/em> \u2013 Barquinhas recheadas com pur\u00ea de couve-flor e carne seca, acompanhadas de geleia de pimenta.<\/li>\n<\/ul>\n<ul class=\"wp-block-list\">\n<li><strong>Emp\u00f3rio Mobiglia<\/strong><br \/>Endere\u00e7o: Saldanha Marinho, 1136 \u2013 Centro<br \/>Petisco: <em>Cl\u00e1ssicos do Marcelino<\/em> \u2013 Pastel e coxinha com escarola, acompanhados de molhos.<\/li>\n<\/ul>\n<ul class=\"wp-block-list\">\n<li><strong>Esquina do Z\u00e9<\/strong><br \/>Endere\u00e7o: Lafaiete, 1045 \u2013 Centro<br \/>Petisco: <em>Pastel de Alho-Por\u00f3 com Cream Cheese<\/em>.<\/li>\n<\/ul>\n<ul class=\"wp-block-list\">\n<li><strong>Fazendeiro Grill<\/strong><br \/>Endere\u00e7o: Henrique Dumont, 1265 \u2013 Jardim Paulista<br \/>Petisco: <em>Ouri\u00e7o do Mato<\/em> \u2013 Cuscuz mole empanado.<\/li>\n<\/ul>\n<ul class=\"wp-block-list\">\n<li><strong>Federal Bar<\/strong><br \/>Endere\u00e7o: R. Daniel Kujawski, 930 \u2013 Jardim Macedo<br \/>Petisco: <em>Incr\u00edvel R\u00facula<\/em> \u2013 Fil\u00e9 de frango marinado e empanado com pesto de r\u00facula.<\/li>\n<\/ul>\n<ul class=\"wp-block-list\">\n<li><strong>Guadalupe Caf\u00e9<\/strong><br \/>Endere\u00e7o: Rua Visconde do Rio Branco, 710 \u2013 Centro<br \/>Petisco: <em>Charutinho de Taioba com Ragu de Rabada<\/em>.<\/li>\n<\/ul>\n<ul class=\"wp-block-list\">\n<li><strong>Mares Peixe Bar<\/strong><br \/>Endere\u00e7o: Luiz Barreto, 273 \u2013 Campos El\u00edseos<br \/>Petisco: <em>Medalh\u00e3o de Buteco<\/em> \u2013 Abobrinha italiana recheada com til\u00e1pia e sals\u00e3o, empanada e frita.<\/li>\n<\/ul>\n<ul class=\"wp-block-list\">\n<li><strong>Mixturinha Bar<\/strong><br \/>Endere\u00e7o: S\u00e9rgio Ach\u00e9, 71 \u2013 Planalto Verde<br \/>Petisco: <em>Ceviche com Crispy de Alho-Por\u00f3<\/em>.<\/li>\n<\/ul>\n<ul class=\"wp-block-list\">\n<li><strong>Primo \u2013 O Rei da Berinjela<\/strong><br \/>Endere\u00e7o: S\u00e3o Jos\u00e9, 610 \u2013 Centro<br \/>Petisco: <em>Escarball (FIT)<\/em> \u2013 Bolinhos de escarola com bacon e provolone, acompanhados de molho de pimenta artesanal.<\/li>\n<\/ul>\n<ul class=\"wp-block-list\">\n<li><strong>Renato\u2019s Bar<\/strong><br \/>Endere\u00e7o: R. Piracicaba, 760 \u2013 Jardim Paulista<br \/>Petisco: <em>Brusqueta Bota Pra Moer<\/em> \u2013 Brusqueta de carne seca com catupiry e molho de espinafre.<\/li>\n<\/ul>\n<ul class=\"wp-block-list\">\n<li><strong>Sem Fronteiras<\/strong><br \/>Endere\u00e7o: Am\u00e9rico Brasiliense, 1193 \u2013 Centro<br \/>Petisco: <em>Despachito<\/em> \u2013 Falafel de espinafre e batata-doce.<\/li>\n<\/ul>\n<ul class=\"wp-block-list\">\n<li><strong>Toca da Pantera<\/strong><br \/>Endere\u00e7o: Rua Santos Dumont, 980 \u2013 Vila Tib\u00e9rio<br \/>Petisco: <em>Bolotinha Toca da Pantera<\/em> \u2013 Bolinhos de carne com escarola e queijo.<\/li>\n<\/ul>\n<ul class=\"wp-block-list\">\n<li><strong>VAT Rock Bar e Restaurante<\/strong><br \/>Endere\u00e7o: R. Am\u00e9rico Brasiliense, 968 \u2013 Centro<br \/>Petisco: <em>Inimigos do Rei<\/em> \u2013 Bolinha de salpic\u00e3o envolvida em folha de acelga, acompanhada de maionese de manjeric\u00e3o e chips de batata.<\/li>\n<\/ul>\n<\/div>\n<h3 class=\"wp-block-heading\"><strong>Como funciona a vota\u00e7\u00e3o?<\/strong><\/h3>\n<p>O p\u00fablico e jurados participam da avalia\u00e7\u00e3o dos bares. Cada grupo representa <strong>50% da nota final<\/strong>.<\/p>\n<p>Quatro crit\u00e9rios comp\u00f5em a avalia\u00e7\u00e3o:<\/p>\n<ul class=\"wp-block-list\">\n<li>Petisco \u2013 70% da nota<\/li>\n<li>Atendimento \u2013 10%<\/li>\n<li>Temperatura da bebida \u2013 10%<\/li>\n<li>Higiene \u2013 10%<\/li>\n<\/ul>\n<p>Os petiscos participantes t\u00eam <strong>pre\u00e7o fixo de R$ 40<\/strong>, regra adotada nacionalmente pelo concurso.<\/p>\n<hr class=\"wp-block-separator has-alpha-channel-opacity\"\/>\n<p>SAIBA MAIS<br \/>Sol ou chuva? Veja previs\u00e3o para a \u00faltima semana do ver\u00e3o em Ribeir\u00e3o Preto<\/p>\n<h2 class=\"wp-block-heading\"><strong>FIQUE ON<\/strong><\/h2>\n<p>Fique ligado em tudo que acontece em Ribeir\u00e3o Preto e regi\u00e3o. Siga os perfis do\u00a0<strong>acidade on<\/strong>\u00a0no<a href=\"https:\/\/www.instagram.com\/acidadeonribeirao\" target=\"_blank\" rel=\"noreferrer noopener\">\u00a0Instagram<\/a>\u00a0e no\u00a0<a href=\"https:\/\/www.facebook.com\/acidadeonribeirao\/\" target=\"_blank\" rel=\"noreferrer noopener\">Facebook<\/a>.<\/p>\n<p>Receba not\u00edcias do<strong>\u00a0acidade on<\/strong>\u00a0no WhatsApp. Para entrar no grupo,\u00a0basta\u00a0<a href=\"https:\/\/chat.whatsapp.com\/GFH9HUMUTHNFJdnyEd0xxq\" target=\"_blank\" rel=\"noreferrer noopener\">clicar aqui<\/a>. Ou, acesse o nosso\u00a0Canal<a href=\"https:\/\/whatsapp.com\/channel\/0029Vb6IQl1JENyAeS57fk2p\" target=\"_blank\" rel=\"noreferrer noopener\">\u00a0clicando aqui<\/a>.<\/p>\n<p>Fa\u00e7a uma den\u00fancia ou sugira uma reportagem sobre Ribeir\u00e3o Preto e regi\u00e3o pelo WhatsApp: 16 99117 7802.<\/p>\n<p>VEJA TAMB\u00c9M<br \/>Salgados de festa: 4 receitas pr\u00e1ticas para fazer em casa<strong><br \/><\/strong><\/p>\n<p><input type=\"hidden\" name=\"postID\" id=\"postID\" value=\"149030\"\/><br \/>\n            <input type=\"hidden\" name=\"postType\" id=\"postType\" value=\"post\"\/><br \/>\n<!-- AI CONTENT END 1 -->\n        <\/div>\n<p><script async src=\"\/\/www.instagram.com\/embed.js\"><\/script><br \/>\n<br \/><br \/>\n<br \/><a href=\"https:\/\/www.acidadeon.com\/ribeiraopreto\/lazer-e-cultura\/comida-di-buteco-conheca-os-32-bares-participantes-em-ribeirao-preto\/\">Source link <\/a><\/p>\n<!-- CONTENT END 1 -->\n","protected":false},"excerpt":{"rendered":"<p>00:00 A+ A- Entre 10 de abril e 3 de maio, Ribeir\u00e3o Preto recebe mais uma edi\u00e7\u00e3o do Comida di Buteco, concurso gastron\u00f4mico que movimenta&#8230;<\/p>\n","protected":false},"author":1,"featured_media":83342,"comment_status":"open","ping_status":"open","sticky":false,"template":"","format":"standard","meta":{"advanced_seo_description":"","jetpack_seo_html_title":"","jetpack_seo_noindex":false,"jetpack_post_was_ever_published":false,"_jetpack_newsletter_access":"","_jetpack_dont_email_post_to_subs":false,"_jetpack_newsletter_tier_id":0,"_jetpack_memberships_contains_paywalled_content":false,"_jetpack_memberships_contains_paid_content":false,"footnotes":"","jetpack_publicize_message":"","jetpack_publicize_feature_enabled":true,"jetpack_social_post_already_shared":true,"jetpack_social_options":{"image_generator_settings":{"template":"highway","default_image_id":0,"font":"","enabled":false},"version":2}},"categories":[11],"tags":[],"class_list":["post-83341","post","type-post","status-publish","format-standard","has-post-thumbnail","hentry","category-noticias-de-ribeirao-preto-sp-e-regiao-ismael-colosi"],"jetpack_publicize_connections":[],"jetpack_featured_media_url":"https:\/\/i0.wp.com\/noticiasribeiraopreto.com.br\/wp-content\/uploads\/2026\/03\/domingo-25_2026-03-16_19-33-39.webp.webp?fit=1200%2C675&ssl=1","jetpack-related-posts":[{"id":20175,"url":"https:\/\/noticiasribeiraopreto.com.br\/index.php\/2023\/12\/24\/rp-mobi-altera-linha-alimentadora-da-zona-sul-de-ribeirao-preto\/","url_meta":{"origin":83341,"position":0},"title":"RP Mobi altera linha alimentadora da zona Sul de Ribeir\u00e3o Preto","author":"noticiasribeiraopreto.com.br","date":"24 de December de 2023","format":false,"excerpt":"A RP Mobi, antiga Transerp, anunciou que, a partir da pr\u00f3xima ter\u00e7a-feira (26), a \u2018linha alimentadora 14 \u2013 Jardim Bot\u00e2nico\u2019 ter\u00e1 seu quadro de hor\u00e1rios alterado e o itiner\u00e1rio estendido nos dias \u00fateis, de segunda a sexta-feira. \u201cA altera\u00e7\u00e3o nos hor\u00e1rios da linha tem como objetivo proporcionar melhores condi\u00e7\u00f5es de\u2026","rel":"","context":"In &quot;Not\u00edcias de Ribeir\u00e3o Preto-SP e Regi\u00e3o&quot;","block_context":{"text":"Not\u00edcias de Ribeir\u00e3o Preto-SP e Regi\u00e3o","link":"https:\/\/noticiasribeiraopreto.com.br\/index.php\/category\/noticias-de-ribeirao-preto-sp-e-regiao-ismael-colosi\/"},"img":{"alt_text":"","src":"https:\/\/i0.wp.com\/noticiasribeiraopreto.com.br\/wp-content\/uploads\/2023\/12\/onibus.jpeg?fit=1156%2C867&ssl=1&resize=350%2C200","width":350,"height":200,"srcset":"https:\/\/i0.wp.com\/noticiasribeiraopreto.com.br\/wp-content\/uploads\/2023\/12\/onibus.jpeg?fit=1156%2C867&ssl=1&resize=350%2C200 1x, https:\/\/i0.wp.com\/noticiasribeiraopreto.com.br\/wp-content\/uploads\/2023\/12\/onibus.jpeg?fit=1156%2C867&ssl=1&resize=525%2C300 1.5x, https:\/\/i0.wp.com\/noticiasribeiraopreto.com.br\/wp-content\/uploads\/2023\/12\/onibus.jpeg?fit=1156%2C867&ssl=1&resize=700%2C400 2x, https:\/\/i0.wp.com\/noticiasribeiraopreto.com.br\/wp-content\/uploads\/2023\/12\/onibus.jpeg?fit=1156%2C867&ssl=1&resize=1050%2C600 3x"},"classes":[]},{"id":84580,"url":"https:\/\/noticiasribeiraopreto.com.br\/index.php\/2026\/04\/12\/pablo-anuncia-show-da-turne-pablo-20-anos-em-ribeirao-preto\/","url_meta":{"origin":83341,"position":1},"title":"Pablo anuncia show da turn\u00ea &#8216;Pablo 20 Anos&#8217; em Ribeir\u00e3o Preto","author":"noticiasribeiraopreto.com.br","date":"12 de April de 2026","format":false,"excerpt":"00:00 A+ A- Ler o resumo da not\u00edcia O cantor Pablo confirmou show da turn\u00ea \"Pablo 20 Anos\" em Ribeir\u00e3o Preto. A apresenta\u00e7\u00e3o ser\u00e1 no dia 8 de julho de 2026, v\u00e9spera de feriado, no Espa\u00e7o Aeropuerto. O evento celebra as duas d\u00e9cadas de carreira do artista, conhecido como o\u2026","rel":"","context":"In &quot;Not\u00edcias de Ribeir\u00e3o Preto-SP e Regi\u00e3o&quot;","block_context":{"text":"Not\u00edcias de Ribeir\u00e3o Preto-SP e Regi\u00e3o","link":"https:\/\/noticiasribeiraopreto.com.br\/index.php\/category\/noticias-de-ribeirao-preto-sp-e-regiao-ismael-colosi\/"},"img":{"alt_text":"","src":"https:\/\/i0.wp.com\/noticiasribeiraopreto.com.br\/wp-content\/uploads\/2026\/04\/palace-2026-04-12T134522.010_2026-04-12_16-45-35.webp.webp?fit=1200%2C675&ssl=1&resize=350%2C200","width":350,"height":200,"srcset":"https:\/\/i0.wp.com\/noticiasribeiraopreto.com.br\/wp-content\/uploads\/2026\/04\/palace-2026-04-12T134522.010_2026-04-12_16-45-35.webp.webp?fit=1200%2C675&ssl=1&resize=350%2C200 1x, https:\/\/i0.wp.com\/noticiasribeiraopreto.com.br\/wp-content\/uploads\/2026\/04\/palace-2026-04-12T134522.010_2026-04-12_16-45-35.webp.webp?fit=1200%2C675&ssl=1&resize=525%2C300 1.5x, https:\/\/i0.wp.com\/noticiasribeiraopreto.com.br\/wp-content\/uploads\/2026\/04\/palace-2026-04-12T134522.010_2026-04-12_16-45-35.webp.webp?fit=1200%2C675&ssl=1&resize=700%2C400 2x, https:\/\/i0.wp.com\/noticiasribeiraopreto.com.br\/wp-content\/uploads\/2026\/04\/palace-2026-04-12T134522.010_2026-04-12_16-45-35.webp.webp?fit=1200%2C675&ssl=1&resize=1050%2C600 3x"},"classes":[]},{"id":83420,"url":"https:\/\/noticiasribeiraopreto.com.br\/index.php\/2026\/03\/18\/veja-vias-com-bloqueios-por-causa-de-quedas-de-arvores-em-ribeirao-preto\/","url_meta":{"origin":83341,"position":2},"title":"Veja vias com bloqueios por causa de quedas de \u00e1rvores em Ribeir\u00e3o Preto","author":"noticiasribeiraopreto.com.br","date":"18 de March de 2026","format":false,"excerpt":"00:00 A+ A- A RP Mobi informou na manh\u00e3 desta quarta-feira (18) que quatro vias est\u00e3o com bloqueios devido a quedas de \u00e1rvores durante um temporal na tarde desta ter\u00e7a-feira (17), em Ribeir\u00e3o Preto. Confira as vias: Avenida Paris, 171 Avenida Treze de Maio, 1692 Rua Jos\u00e9 Luiz Crist\u00f3fani, 470\u2026","rel":"","context":"In &quot;Not\u00edcias de Ribeir\u00e3o Preto-SP e Regi\u00e3o&quot;","block_context":{"text":"Not\u00edcias de Ribeir\u00e3o Preto-SP e Regi\u00e3o","link":"https:\/\/noticiasribeiraopreto.com.br\/index.php\/category\/noticias-de-ribeirao-preto-sp-e-regiao-ismael-colosi\/"},"img":{"alt_text":"","src":"https:\/\/i0.wp.com\/noticiasribeiraopreto.com.br\/wp-content\/uploads\/2026\/03\/via-sao-bento_2026-03-18_10-56-11.webp.webp?fit=1200%2C674&ssl=1&resize=350%2C200","width":350,"height":200,"srcset":"https:\/\/i0.wp.com\/noticiasribeiraopreto.com.br\/wp-content\/uploads\/2026\/03\/via-sao-bento_2026-03-18_10-56-11.webp.webp?fit=1200%2C674&ssl=1&resize=350%2C200 1x, https:\/\/i0.wp.com\/noticiasribeiraopreto.com.br\/wp-content\/uploads\/2026\/03\/via-sao-bento_2026-03-18_10-56-11.webp.webp?fit=1200%2C674&ssl=1&resize=525%2C300 1.5x, https:\/\/i0.wp.com\/noticiasribeiraopreto.com.br\/wp-content\/uploads\/2026\/03\/via-sao-bento_2026-03-18_10-56-11.webp.webp?fit=1200%2C674&ssl=1&resize=700%2C400 2x, https:\/\/i0.wp.com\/noticiasribeiraopreto.com.br\/wp-content\/uploads\/2026\/03\/via-sao-bento_2026-03-18_10-56-11.webp.webp?fit=1200%2C674&ssl=1&resize=1050%2C600 3x"},"classes":[]},{"id":83422,"url":"https:\/\/noticiasribeiraopreto.com.br\/index.php\/2026\/03\/18\/ribeirao-preto-pode-ter-novos-temporais-nesta-quarta-veja-previsao\/","url_meta":{"origin":83341,"position":3},"title":"Ribeir\u00e3o Preto pode ter novos temporais nesta quarta; Veja previs\u00e3o","author":"noticiasribeiraopreto.com.br","date":"18 de March de 2026","format":false,"excerpt":"00:00 A+ A- A regi\u00e3o de Ribeir\u00e3o Preto est\u00e1 em \u00e1rea de risco para novos temporais nesta quarta-feira (18). Um temporal na tarde desta ter\u00e7a-feira (17) causou transtornos pela cidade, com quedas de \u00e1rvores e alagamentos. Apesar dos danos, n\u00e3o houve registro de feridos. - Publicidade - - Publicidade -\u2026","rel":"","context":"In &quot;Not\u00edcias de Ribeir\u00e3o Preto-SP e Regi\u00e3o&quot;","block_context":{"text":"Not\u00edcias de Ribeir\u00e3o Preto-SP e Regi\u00e3o","link":"https:\/\/noticiasribeiraopreto.com.br\/index.php\/category\/noticias-de-ribeirao-preto-sp-e-regiao-ismael-colosi\/"},"img":{"alt_text":"","src":"https:\/\/i0.wp.com\/noticiasribeiraopreto.com.br\/wp-content\/uploads\/2026\/03\/sudeste-temporal-1_2026-03-18_10-07-12.webp.webp?fit=1200%2C675&ssl=1&resize=350%2C200","width":350,"height":200,"srcset":"https:\/\/i0.wp.com\/noticiasribeiraopreto.com.br\/wp-content\/uploads\/2026\/03\/sudeste-temporal-1_2026-03-18_10-07-12.webp.webp?fit=1200%2C675&ssl=1&resize=350%2C200 1x, https:\/\/i0.wp.com\/noticiasribeiraopreto.com.br\/wp-content\/uploads\/2026\/03\/sudeste-temporal-1_2026-03-18_10-07-12.webp.webp?fit=1200%2C675&ssl=1&resize=525%2C300 1.5x, https:\/\/i0.wp.com\/noticiasribeiraopreto.com.br\/wp-content\/uploads\/2026\/03\/sudeste-temporal-1_2026-03-18_10-07-12.webp.webp?fit=1200%2C675&ssl=1&resize=700%2C400 2x, https:\/\/i0.wp.com\/noticiasribeiraopreto.com.br\/wp-content\/uploads\/2026\/03\/sudeste-temporal-1_2026-03-18_10-07-12.webp.webp?fit=1200%2C675&ssl=1&resize=1050%2C600 3x"},"classes":[]},{"id":83333,"url":"https:\/\/noticiasribeiraopreto.com.br\/index.php\/2026\/03\/16\/mulher-e-detida-ao-tentar-entrar-com-droga-escondida-em-presidio-de-ribeirao-preto\/","url_meta":{"origin":83341,"position":4},"title":"Mulher \u00e9 detida ao tentar entrar com droga escondida em pres\u00eddio de Ribeir\u00e3o Preto","author":"noticiasribeiraopreto.com.br","date":"16 de March de 2026","format":false,"excerpt":"00:00 A+ A- Uma mulher foi detida neste domingo (15) ap\u00f3s tentar entrar com drogas no Centro de Deten\u00e7\u00e3o Provis\u00f3ria de Ribeir\u00e3o Preto, onde o irm\u00e3o est\u00e1 preso. De acordo com a SAP (Secretaria da Administra\u00e7\u00e3o Penitenci\u00e1ria do Estado de S\u00e3o Paulo), durante os procedimentos de seguran\u00e7a para a entrada\u2026","rel":"","context":"In &quot;Not\u00edcias de Ribeir\u00e3o Preto-SP e Regi\u00e3o&quot;","block_context":{"text":"Not\u00edcias de Ribeir\u00e3o Preto-SP e Regi\u00e3o","link":"https:\/\/noticiasribeiraopreto.com.br\/index.php\/category\/noticias-de-ribeirao-preto-sp-e-regiao-ismael-colosi\/"},"img":{"alt_text":"","src":"https:\/\/i0.wp.com\/noticiasribeiraopreto.com.br\/wp-content\/uploads\/2026\/03\/palace-58_2026-03-16_21-37-26.webp.webp?fit=1200%2C675&ssl=1&resize=350%2C200","width":350,"height":200,"srcset":"https:\/\/i0.wp.com\/noticiasribeiraopreto.com.br\/wp-content\/uploads\/2026\/03\/palace-58_2026-03-16_21-37-26.webp.webp?fit=1200%2C675&ssl=1&resize=350%2C200 1x, https:\/\/i0.wp.com\/noticiasribeiraopreto.com.br\/wp-content\/uploads\/2026\/03\/palace-58_2026-03-16_21-37-26.webp.webp?fit=1200%2C675&ssl=1&resize=525%2C300 1.5x, https:\/\/i0.wp.com\/noticiasribeiraopreto.com.br\/wp-content\/uploads\/2026\/03\/palace-58_2026-03-16_21-37-26.webp.webp?fit=1200%2C675&ssl=1&resize=700%2C400 2x, https:\/\/i0.wp.com\/noticiasribeiraopreto.com.br\/wp-content\/uploads\/2026\/03\/palace-58_2026-03-16_21-37-26.webp.webp?fit=1200%2C675&ssl=1&resize=1050%2C600 3x"},"classes":[]},{"id":83507,"url":"https:\/\/noticiasribeiraopreto.com.br\/index.php\/2026\/03\/19\/parque-de-ribeirao-preto-e-reaberto-apos-dois-dias\/","url_meta":{"origin":83341,"position":5},"title":"Parque de Ribeir\u00e3o Preto \u00e9 reaberto ap\u00f3s dois dias","author":"noticiasribeiraopreto.com.br","date":"19 de March de 2026","format":false,"excerpt":"00:00 A+ A- A Prefeitura de Ribeir\u00e3o Preto informou que o Parque Luiz Roberto J\u00e1bali, o Curupira, foi reaberto nesta quinta-feira (19). O parque estava fechado desde o temporal que atingiu a cidade na \u00faltima ter\u00e7a-feira (17). Segundo a Administra\u00e7\u00e3o Municipal, o parque foi reaberto ap\u00f3s uma for\u00e7a-tarefa de limpeza\u2026","rel":"","context":"In &quot;Not\u00edcias de Ribeir\u00e3o Preto-SP e Regi\u00e3o&quot;","block_context":{"text":"Not\u00edcias de Ribeir\u00e3o Preto-SP e Regi\u00e3o","link":"https:\/\/noticiasribeiraopreto.com.br\/index.php\/category\/noticias-de-ribeirao-preto-sp-e-regiao-ismael-colosi\/"},"img":{"alt_text":"","src":"https:\/\/i0.wp.com\/noticiasribeiraopreto.com.br\/wp-content\/uploads\/2026\/03\/Copia-de-Copia-de-Copia-de-TAMANHO-EXATO-PARA-FOTOS-NO-SISTEMA-NOVO-2025-10-22T165403.415_2025-10-22_19-54-09.webp.webp?fit=1200%2C675&ssl=1&resize=350%2C200","width":350,"height":200,"srcset":"https:\/\/i0.wp.com\/noticiasribeiraopreto.com.br\/wp-content\/uploads\/2026\/03\/Copia-de-Copia-de-Copia-de-TAMANHO-EXATO-PARA-FOTOS-NO-SISTEMA-NOVO-2025-10-22T165403.415_2025-10-22_19-54-09.webp.webp?fit=1200%2C675&ssl=1&resize=350%2C200 1x, https:\/\/i0.wp.com\/noticiasribeiraopreto.com.br\/wp-content\/uploads\/2026\/03\/Copia-de-Copia-de-Copia-de-TAMANHO-EXATO-PARA-FOTOS-NO-SISTEMA-NOVO-2025-10-22T165403.415_2025-10-22_19-54-09.webp.webp?fit=1200%2C675&ssl=1&resize=525%2C300 1.5x, https:\/\/i0.wp.com\/noticiasribeiraopreto.com.br\/wp-content\/uploads\/2026\/03\/Copia-de-Copia-de-Copia-de-TAMANHO-EXATO-PARA-FOTOS-NO-SISTEMA-NOVO-2025-10-22T165403.415_2025-10-22_19-54-09.webp.webp?fit=1200%2C675&ssl=1&resize=700%2C400 2x, https:\/\/i0.wp.com\/noticiasribeiraopreto.com.br\/wp-content\/uploads\/2026\/03\/Copia-de-Copia-de-Copia-de-TAMANHO-EXATO-PARA-FOTOS-NO-SISTEMA-NOVO-2025-10-22T165403.415_2025-10-22_19-54-09.webp.webp?fit=1200%2C675&ssl=1&resize=1050%2C600 3x"},"classes":[]}],"jetpack_sharing_enabled":true,"jetpack_shortlink":"https:\/\/wp.me\/peQAOb-lGd","_links":{"self":[{"href":"https:\/\/noticiasribeiraopreto.com.br\/index.php\/wp-json\/wp\/v2\/posts\/83341","targetHints":{"allow":["GET"]}}],"collection":[{"href":"https:\/\/noticiasribeiraopreto.com.br\/index.php\/wp-json\/wp\/v2\/posts"}],"about":[{"href":"https:\/\/noticiasribeiraopreto.com.br\/index.php\/wp-json\/wp\/v2\/types\/post"}],"author":[{"embeddable":true,"href":"https:\/\/noticiasribeiraopreto.com.br\/index.php\/wp-json\/wp\/v2\/users\/1"}],"replies":[{"embeddable":true,"href":"https:\/\/noticiasribeiraopreto.com.br\/index.php\/wp-json\/wp\/v2\/comments?post=83341"}],"version-history":[{"count":0,"href":"https:\/\/noticiasribeiraopreto.com.br\/index.php\/wp-json\/wp\/v2\/posts\/83341\/revisions"}],"wp:featuredmedia":[{"embeddable":true,"href":"https:\/\/noticiasribeiraopreto.com.br\/index.php\/wp-json\/wp\/v2\/media\/83342"}],"wp:attachment":[{"href":"https:\/\/noticiasribeiraopreto.com.br\/index.php\/wp-json\/wp\/v2\/media?parent=83341"}],"wp:term":[{"taxonomy":"category","embeddable":true,"href":"https:\/\/noticiasribeiraopreto.com.br\/index.php\/wp-json\/wp\/v2\/categories?post=83341"},{"taxonomy":"post_tag","embeddable":true,"href":"https:\/\/noticiasribeiraopreto.com.br\/index.php\/wp-json\/wp\/v2\/tags?post=83341"}],"curies":[{"name":"wp","href":"https:\/\/api.w.org\/{rel}","templated":true}]}}