{"id":83343,"date":"2026-03-16T23:19:10","date_gmt":"2026-03-17T02:19:10","guid":{"rendered":"https:\/\/noticiasribeiraopreto.com.br\/index.php\/2026\/03\/16\/ribeirao-preto-e-regiao-tem-18-mil-vagas-para-eja-saiba-como-se-inscrever\/"},"modified":"2026-03-16T23:19:10","modified_gmt":"2026-03-17T02:19:10","slug":"ribeirao-preto-e-regiao-tem-18-mil-vagas-para-eja-saiba-como-se-inscrever","status":"publish","type":"post","link":"https:\/\/noticiasribeiraopreto.com.br\/index.php\/2026\/03\/16\/ribeirao-preto-e-regiao-tem-18-mil-vagas-para-eja-saiba-como-se-inscrever\/","title":{"rendered":"Ribeir\u00e3o Preto e regi\u00e3o t\u00eam 1,8 mil vagas para EJA; Saiba como se inscrever"},"content":{"rendered":"<div class='code-block code-block-1' style='margin: 8px 0 8px auto; text-align: right; display: block; clear: both;'>\n<p><a href=\"https:\/\/wa.link\/vpicfd\"><img data-recalc-dims=\"1\" class=\"wp-image-4922\" style=\"aspect-ratio: 2.0253164556962027; width: 561px; height: auto;\" src=\"https:\/\/i0.wp.com\/ismaelcolosi.com.br\/wp-content\/uploads\/2023\/11\/grupo-de-empregos-whatsapp-e-facebook-ismael-colosi-vagas.jpg?ssl=1\" alt=\"\" \/><\/a><\/p>\n<!-- \/wp:image -->\n<\/div>\n<p> <br \/>\n<\/p>\n<div id=\"dsoaudio\">\n<div class=\"oknaudio play-audio\" data-tts=\"\" data-tts-source=\"#dsoaudio\" data-tts-voice=\"pt-BR\" data-tts-wpm=\"160\">\n<div class=\"player\">\n\t\t\t\t\t<button class=\"play-btn\" id=\"playBtn\"><br \/>\n\t\t\t\t\t\t<svg id=\"playIcon\" viewbox=\"0 0 24 24\"><polygon points=\"5,3 19,12 5,21\"\/><\/svg><br \/>\n\t\t\t\t\t<\/button><\/p>\n<p>00:00<\/p>\n<p>\t\t\t\t\t<!-- CONTROLES --><\/p>\n<div class=\"controls\">\n\t\t\t\t\t\t<span class=\"icon-sun\"><br \/>\n\t\t\t\t\t\t\t<img loading=\"lazy\" decoding=\"async\" src=\"https:\/\/www.acidadeon.com\/ribeiraopreto\/wp-content\/plugins\/oknaudio\/application\/assets\/img\/iconSun.svg\" alt=\"Modo claro\" width=\"24\" height=\"24\"\/><br \/>\n\t\t\t\t\t\t<\/span><\/p>\n<p>\t\t\t\t\t\t<span class=\"icon-moon\"><br \/>\n\t\t\t\t\t\t\t<img loading=\"lazy\" decoding=\"async\" src=\"https:\/\/www.acidadeon.com\/ribeiraopreto\/wp-content\/plugins\/oknaudio\/application\/assets\/img\/iconMoon.svg\" alt=\"Modo escuro\" width=\"24\" height=\"24\"\/><br \/>\n\t\t\t\t\t\t<\/span><\/p>\n<p>\n\t\t\t\t\t\t\t<span id=\"fontPlus\">A+<\/span><br \/>\n\t\t\t\t\t\t\t<span id=\"fontMinus\">A-<\/span>\n\t\t\t\t\t\t<\/p>\n<\/p><\/div>\n<\/p><\/div>\n<\/p><\/div>\n<p>O <strong>Sesi-SP<\/strong> est\u00e1 oferecendo cerca de <strong>1,8 mil vagas <\/strong>para a<strong> EJA (Educa\u00e7\u00e3o de Jovens e Adultos) <\/strong>e <strong>EJA Profissionalizante<\/strong> em escolas de <strong>Ribeir\u00e3o Preto<\/strong>, <strong>Franca <\/strong>e <strong>Sert\u00e3ozinho<\/strong>. Os interessados devem se inscrever de forma online, <strong>at\u00e9 o dia 10 de abril<\/strong> \u2013 veja como logo abaixo.<\/p>\n<p><mark style=\"background-color:#fcb900\" class=\"has-inline-color\">As oportunidades abrangem os anos finais do ensino fundamental (do 6\u00b0 ao 9\u00b0 ano) e o ensino m\u00e9dio (do 1\u00b0 ao 3\u00ba ano)<\/mark>. Al\u00e9m da estrutura e do conte\u00fado de estudos, os alunos matriculados ter\u00e3o acesso \u00e0s instala\u00e7\u00f5es de lazer, \u00e0s atividades f\u00edsicas e \u00e0 academia.<\/p>\n<p>J\u00e1 o EJA Profissionalizante, \u00e9 uma parceria com o Senai que oferece certifica\u00e7\u00e3o profissional em um dos cursos dispon\u00edveis no programa:<\/p>\n<ul class=\"wp-block-list\">\n<li>Eletricista Instalador Predial;<\/li>\n<li>Construtor de Alvenaria;<\/li>\n<li>Costureiro Sob Medida.<\/li>\n<\/ul>\n<p>Nos dois programas, <strong>o tempo para conclus\u00e3o \u00e9 de at\u00e9 12 meses<\/strong>, variando de acordo com as compet\u00eancias reconhecidas e a autonomia de cada aluno.<\/p>\n<p>Em ambos, a organiza\u00e7\u00e3o curricular prev\u00ea 80% da carga hor\u00e1ria de encontros n\u00e3o presenciais mediados por tecnologia, e 20% de encontros presenciais.<\/p>\n<h2 class=\"wp-block-heading\"><strong>Quem pode e como se inscrever?<\/strong><\/h2>\n<p>Para se inscrever, os interessados devem se matricular exclusivamente no<strong> site do Sesi (<a href=\"https:\/\/inscricaonovaeja.sesisp.org.br\/\" target=\"_blank\" data-type=\"link\" data-id=\"https:\/\/inscricaonovaeja.sesisp.org.br\/\" rel=\"noreferrer noopener\">clique aqui<\/a>)<\/strong>, at\u00e9 o dia 10 de abril, para ingresso na turma que se iniciar\u00e1 em 22 de abril.<\/p>\n<p>A idade m\u00ednima para ingressar no ensino fundamental anos finais \u00e9 de 15 anos, enquanto no ensino m\u00e9dio \u00e9 de 18 anos. Vale lembrar que o Sesi prioriza trabalhadores da ind\u00fastria e busca atender o maior n\u00famero poss\u00edvel de pessoas ligadas a esse setor.<\/p>\n<hr class=\"wp-block-separator has-alpha-channel-opacity\"\/>\n<p>SAIBA MAIS<\/p>\n<p>TJSP abre inscri\u00e7\u00f5es para est\u00e1gio do ensino m\u00e9dio; h\u00e1 vagas em Ribeir\u00e3o Preto<\/p>\n<h2 class=\"wp-block-heading\"><strong>FIQUE ON<\/strong><\/h2>\n<p>Fique ligado em tudo que acontece em Ribeir\u00e3o Preto e regi\u00e3o. Siga os perfis do\u00a0<strong>acidade on<\/strong>\u00a0no<a href=\"https:\/\/www.instagram.com\/acidadeonribeirao\" target=\"_blank\" rel=\"noreferrer noopener\">\u00a0Instagram<\/a>\u00a0e no\u00a0<a href=\"https:\/\/www.facebook.com\/acidadeonribeirao\/\" target=\"_blank\" rel=\"noreferrer noopener\">Facebook<\/a>.<\/p>\n<p>Receba not\u00edcias do<strong>\u00a0acidade on<\/strong>\u00a0no WhatsApp. Para entrar no grupo,\u00a0basta\u00a0<a href=\"https:\/\/chat.whatsapp.com\/GFH9HUMUTHNFJdnyEd0xxq\" target=\"_blank\" rel=\"noreferrer noopener\">clicar aqui<\/a>. Ou, acesse o nosso\u00a0Canal<a href=\"https:\/\/whatsapp.com\/channel\/0029Vb6IQl1JENyAeS57fk2p\" target=\"_blank\" rel=\"noreferrer noopener\">\u00a0clicando aqui<\/a>.<\/p>\n<p>Fa\u00e7a uma den\u00fancia ou sugira uma reportagem sobre Ribeir\u00e3o Preto e regi\u00e3o pelo WhatsApp: 16 99117 7802.<\/p>\n<p>VEJA TAMB\u00c9M<\/p>\n<p>Salgados de festa: 4 receitas pr\u00e1ticas para fazer em casa<\/p>\n<p><input type=\"hidden\" name=\"postID\" id=\"postID\" value=\"149021\"\/><br \/>\n            <input type=\"hidden\" name=\"postType\" id=\"postType\" value=\"post\"\/><br \/>\n<!-- AI CONTENT END 1 -->\n        <\/div>\n<p><script async src=\"\/\/www.instagram.com\/embed.js\"><\/script><br \/>\n<br \/><br \/>\n<br \/><a href=\"https:\/\/www.acidadeon.com\/ribeiraopreto\/cotidiano\/ribeirao-preto-e-regiao-tem-18-mil-vagas-para-eja-saiba-como-se-inscrever\/\">Source link <\/a><\/p>\n<!-- CONTENT END 1 -->\n","protected":false},"excerpt":{"rendered":"<p>00:00 A+ A- O Sesi-SP est\u00e1 oferecendo cerca de 1,8 mil vagas para a EJA (Educa\u00e7\u00e3o de Jovens e Adultos) e EJA Profissionalizante em escolas&#8230;<\/p>\n","protected":false},"author":1,"featured_media":83344,"comment_status":"open","ping_status":"open","sticky":false,"template":"","format":"standard","meta":{"advanced_seo_description":"","jetpack_seo_html_title":"","jetpack_seo_noindex":false,"jetpack_post_was_ever_published":false,"_jetpack_newsletter_access":"","_jetpack_dont_email_post_to_subs":false,"_jetpack_newsletter_tier_id":0,"_jetpack_memberships_contains_paywalled_content":false,"_jetpack_memberships_contains_paid_content":false,"footnotes":"","jetpack_publicize_message":"","jetpack_publicize_feature_enabled":true,"jetpack_social_post_already_shared":true,"jetpack_social_options":{"image_generator_settings":{"template":"highway","default_image_id":0,"font":"","enabled":false},"version":2}},"categories":[11],"tags":[],"class_list":["post-83343","post","type-post","status-publish","format-standard","has-post-thumbnail","hentry","category-noticias-de-ribeirao-preto-sp-e-regiao-ismael-colosi"],"jetpack_publicize_connections":[],"jetpack_featured_media_url":"https:\/\/i0.wp.com\/noticiasribeiraopreto.com.br\/wp-content\/uploads\/2026\/03\/Copia-de-Copia-de-TAMANHO-EXATO-PARA-FOTOS-NO-SISTEMA-NOVO-31_2024-07-17_20-08-08_jpg_2024-07-17_20-08-08.webp.webp?fit=1200%2C675&ssl=1","jetpack-related-posts":[{"id":52771,"url":"https:\/\/noticiasribeiraopreto.com.br\/index.php\/2024\/06\/12\/ribeirao-preto-tem-mais-de-200-vagas-gratuitas-para-educacao-de-jovens-e-adultos\/","url_meta":{"origin":83343,"position":0},"title":"Ribeir\u00e3o Preto tem mais de 200 vagas gratuitas para Educa\u00e7\u00e3o de Jovens e Adultos","author":"noticiasribeiraopreto.com.br","date":"12 de June de 2024","format":false,"excerpt":"Uma parceria entre o Sesi Ribeir\u00e3o Preto e o Senai est\u00e1 oferecendo mais de 200 vagas gratuitas para a Nova EJA (Educa\u00e7\u00e3o Jovens e Adultos) e tamb\u00e9m para cursos profissionalizantes destinados ao mesmo p\u00fablico. Os interessados podem se inscrever at\u00e9 o dia 26 de julho. As inscri\u00e7\u00f5es podem ser feitas,\u2026","rel":"","context":"In &quot;Not\u00edcias de Ribeir\u00e3o Preto-SP e Regi\u00e3o&quot;","block_context":{"text":"Not\u00edcias de Ribeir\u00e3o Preto-SP e Regi\u00e3o","link":"https:\/\/noticiasribeiraopreto.com.br\/index.php\/category\/noticias-de-ribeirao-preto-sp-e-regiao-ismael-colosi\/"},"img":{"alt_text":"","src":"https:\/\/i0.wp.com\/noticiasribeiraopreto.com.br\/wp-content\/uploads\/2024\/06\/Copia-de-Copia-de-TAMANHO-EXATO-PARA-FOTOS-NO-SISTEMA-NOVO-9_2024-06-12_13-53-12_jpg_2024-06-12_13-53-12.webp.webp?fit=1200%2C675&ssl=1&resize=350%2C200","width":350,"height":200,"srcset":"https:\/\/i0.wp.com\/noticiasribeiraopreto.com.br\/wp-content\/uploads\/2024\/06\/Copia-de-Copia-de-TAMANHO-EXATO-PARA-FOTOS-NO-SISTEMA-NOVO-9_2024-06-12_13-53-12_jpg_2024-06-12_13-53-12.webp.webp?fit=1200%2C675&ssl=1&resize=350%2C200 1x, https:\/\/i0.wp.com\/noticiasribeiraopreto.com.br\/wp-content\/uploads\/2024\/06\/Copia-de-Copia-de-TAMANHO-EXATO-PARA-FOTOS-NO-SISTEMA-NOVO-9_2024-06-12_13-53-12_jpg_2024-06-12_13-53-12.webp.webp?fit=1200%2C675&ssl=1&resize=525%2C300 1.5x, https:\/\/i0.wp.com\/noticiasribeiraopreto.com.br\/wp-content\/uploads\/2024\/06\/Copia-de-Copia-de-TAMANHO-EXATO-PARA-FOTOS-NO-SISTEMA-NOVO-9_2024-06-12_13-53-12_jpg_2024-06-12_13-53-12.webp.webp?fit=1200%2C675&ssl=1&resize=700%2C400 2x, https:\/\/i0.wp.com\/noticiasribeiraopreto.com.br\/wp-content\/uploads\/2024\/06\/Copia-de-Copia-de-TAMANHO-EXATO-PARA-FOTOS-NO-SISTEMA-NOVO-9_2024-06-12_13-53-12_jpg_2024-06-12_13-53-12.webp.webp?fit=1200%2C675&ssl=1&resize=1050%2C600 3x"},"classes":[]},{"id":58314,"url":"https:\/\/noticiasribeiraopreto.com.br\/index.php\/2024\/09\/24\/inscricoes-para-educacao-de-jovens-e-adultos-estao-abertas-em-ribeirao-preto\/","url_meta":{"origin":83343,"position":1},"title":"Inscri\u00e7\u00f5es para Educa\u00e7\u00e3o de Jovens e Adultos est\u00e3o abertas em Ribeir\u00e3o Preto","author":"noticiasribeiraopreto.com.br","date":"24 de September de 2024","format":false,"excerpt":"O Sesi-SP est\u00e1 com 2 mil vagas dispon\u00edveis para a Nova Educa\u00e7\u00e3o de Jovens e Adultos (Nova EJA) e EJA Profissionalizante em\u00a0escolas de Ribeir\u00e3o Preto, Franca, Sert\u00e3ozinho e Barretos \u2013 veja como se inscrever abaixo. A Nova EJA abrange os anos finais do ensino fundamental (do 6\u00b0 ao 9\u00b0 ano)\u2026","rel":"","context":"In &quot;Not\u00edcias de Ribeir\u00e3o Preto-SP e Regi\u00e3o&quot;","block_context":{"text":"Not\u00edcias de Ribeir\u00e3o Preto-SP e Regi\u00e3o","link":"https:\/\/noticiasribeiraopreto.com.br\/index.php\/category\/noticias-de-ribeirao-preto-sp-e-regiao-ismael-colosi\/"},"img":{"alt_text":"","src":"https:\/\/i0.wp.com\/noticiasribeiraopreto.com.br\/wp-content\/uploads\/2024\/06\/Copia-de-Copia-de-TAMANHO-EXATO-PARA-FOTOS-NO-SISTEMA-NOVO-9_2024-06-12_13-53-12_jpg_2024-06-12_13-53-12.webp.webp?fit=1200%2C675&ssl=1&resize=350%2C200","width":350,"height":200,"srcset":"https:\/\/i0.wp.com\/noticiasribeiraopreto.com.br\/wp-content\/uploads\/2024\/06\/Copia-de-Copia-de-TAMANHO-EXATO-PARA-FOTOS-NO-SISTEMA-NOVO-9_2024-06-12_13-53-12_jpg_2024-06-12_13-53-12.webp.webp?fit=1200%2C675&ssl=1&resize=350%2C200 1x, https:\/\/i0.wp.com\/noticiasribeiraopreto.com.br\/wp-content\/uploads\/2024\/06\/Copia-de-Copia-de-TAMANHO-EXATO-PARA-FOTOS-NO-SISTEMA-NOVO-9_2024-06-12_13-53-12_jpg_2024-06-12_13-53-12.webp.webp?fit=1200%2C675&ssl=1&resize=525%2C300 1.5x, https:\/\/i0.wp.com\/noticiasribeiraopreto.com.br\/wp-content\/uploads\/2024\/06\/Copia-de-Copia-de-TAMANHO-EXATO-PARA-FOTOS-NO-SISTEMA-NOVO-9_2024-06-12_13-53-12_jpg_2024-06-12_13-53-12.webp.webp?fit=1200%2C675&ssl=1&resize=700%2C400 2x, https:\/\/i0.wp.com\/noticiasribeiraopreto.com.br\/wp-content\/uploads\/2024\/06\/Copia-de-Copia-de-TAMANHO-EXATO-PARA-FOTOS-NO-SISTEMA-NOVO-9_2024-06-12_13-53-12_jpg_2024-06-12_13-53-12.webp.webp?fit=1200%2C675&ssl=1&resize=1050%2C600 3x"},"classes":[]},{"id":62609,"url":"https:\/\/noticiasribeiraopreto.com.br\/index.php\/2025\/01\/19\/ribeirao-tem-vagas-gratuitas-para-educacao-de-jovens-e-adultos-veja-como-se-inscrever\/","url_meta":{"origin":83343,"position":2},"title":"Ribeir\u00e3o tem vagas gratuitas para Educa\u00e7\u00e3o de Jovens e Adultos; Veja como se inscrever","author":"noticiasribeiraopreto.com.br","date":"19 de January de 2025","format":false,"excerpt":"As unidades do Sesi de Ribeir\u00e3o Preto, Franca, Sert\u00e3ozinho e Barretos est\u00e3o com as inscri\u00e7\u00f5es abertas e gratuitas para a Nova Educa\u00e7\u00e3o de Jovens e Adultos (Nova EJA) e EJA Profissionalizante at\u00e9 o dia 24 de janeiro \u2013 veja como se inscrever abaixo. A Nova EJA abrange os anos finais\u2026","rel":"","context":"In &quot;Not\u00edcias de Ribeir\u00e3o Preto-SP e Regi\u00e3o&quot;","block_context":{"text":"Not\u00edcias de Ribeir\u00e3o Preto-SP e Regi\u00e3o","link":"https:\/\/noticiasribeiraopreto.com.br\/index.php\/category\/noticias-de-ribeirao-preto-sp-e-regiao-ismael-colosi\/"},"img":{"alt_text":"","src":"https:\/\/i0.wp.com\/noticiasribeiraopreto.com.br\/wp-content\/uploads\/2025\/01\/escolas_do_1024x576_09032021083840.jpg?fit=1024%2C576&ssl=1&resize=350%2C200","width":350,"height":200,"srcset":"https:\/\/i0.wp.com\/noticiasribeiraopreto.com.br\/wp-content\/uploads\/2025\/01\/escolas_do_1024x576_09032021083840.jpg?fit=1024%2C576&ssl=1&resize=350%2C200 1x, https:\/\/i0.wp.com\/noticiasribeiraopreto.com.br\/wp-content\/uploads\/2025\/01\/escolas_do_1024x576_09032021083840.jpg?fit=1024%2C576&ssl=1&resize=525%2C300 1.5x, https:\/\/i0.wp.com\/noticiasribeiraopreto.com.br\/wp-content\/uploads\/2025\/01\/escolas_do_1024x576_09032021083840.jpg?fit=1024%2C576&ssl=1&resize=700%2C400 2x"},"classes":[]},{"id":19445,"url":"https:\/\/noticiasribeiraopreto.com.br\/index.php\/2023\/12\/22\/governador-anuncia-concurso-com-3-mil-vagas-para-educacao-veja\/","url_meta":{"origin":83343,"position":3},"title":"Governador anuncia CONCURSO com 3 MIL vagas para educa\u00e7\u00e3o; Veja!","author":"noticiasribeiraopreto.com.br","date":"22 de December de 2023","format":false,"excerpt":"An\u00fancio sobre o concurso aconteceu durante cerim\u00f4nia Mais um concurso ser\u00e1 liberado por estes tempos. Uma \u00f3tima not\u00edcia, j\u00e1 que ser\u00e3o 3 mil vagas para educa\u00e7\u00e3o. As informa\u00e7\u00f5es foram divulgadas pelo governador. Ficou interessado? Veja a seguir. An\u00fancio do Concurso SEE AC Em um evento marcante durante a cerim\u00f4nia do\u2026","rel":"","context":"In &quot;Vagas de Emprego em Ribeir\u00e3o Preto-SP&quot;","block_context":{"text":"Vagas de Emprego em Ribeir\u00e3o Preto-SP","link":"https:\/\/noticiasribeiraopreto.com.br\/index.php\/category\/empregos-classificados-vagas-trabalho\/vagas-de-empregos-em-ribeirao-preto-regiao-brasil\/"},"img":{"alt_text":"","src":"https:\/\/i0.wp.com\/noticiasribeiraopreto.com.br\/wp-content\/uploads\/2023\/12\/noticiasconcursos.com_.br-governador-anuncia-concurso-com-3-mil-vagas-para-educacao-veja-pexels-jeshootscom-834897-5.jpg?fit=1200%2C800&ssl=1&resize=350%2C200","width":350,"height":200,"srcset":"https:\/\/i0.wp.com\/noticiasribeiraopreto.com.br\/wp-content\/uploads\/2023\/12\/noticiasconcursos.com_.br-governador-anuncia-concurso-com-3-mil-vagas-para-educacao-veja-pexels-jeshootscom-834897-5.jpg?fit=1200%2C800&ssl=1&resize=350%2C200 1x, https:\/\/i0.wp.com\/noticiasribeiraopreto.com.br\/wp-content\/uploads\/2023\/12\/noticiasconcursos.com_.br-governador-anuncia-concurso-com-3-mil-vagas-para-educacao-veja-pexels-jeshootscom-834897-5.jpg?fit=1200%2C800&ssl=1&resize=525%2C300 1.5x, https:\/\/i0.wp.com\/noticiasribeiraopreto.com.br\/wp-content\/uploads\/2023\/12\/noticiasconcursos.com_.br-governador-anuncia-concurso-com-3-mil-vagas-para-educacao-veja-pexels-jeshootscom-834897-5.jpg?fit=1200%2C800&ssl=1&resize=700%2C400 2x, https:\/\/i0.wp.com\/noticiasribeiraopreto.com.br\/wp-content\/uploads\/2023\/12\/noticiasconcursos.com_.br-governador-anuncia-concurso-com-3-mil-vagas-para-educacao-veja-pexels-jeshootscom-834897-5.jpg?fit=1200%2C800&ssl=1&resize=1050%2C600 3x"},"classes":[]},{"id":36188,"url":"https:\/\/noticiasribeiraopreto.com.br\/index.php\/2024\/02\/08\/saiba-como-se-inscrever-para-o-eja-em-ribeirao-preto\/","url_meta":{"origin":83343,"position":4},"title":"Saiba como se inscrever para o EJA em Ribeir\u00e3o Preto","author":"noticiasribeiraopreto.com.br","date":"8 de February de 2024","format":false,"excerpt":"A Secretaria Municipal da Educa\u00e7\u00e3o est\u00e1 recebendo inscri\u00e7\u00f5es de jovens, adultos e idosos que n\u00e3o conclu\u00edram o ensino fundamental (1\u00ba ao 9\u00ba ano) na idade indicada. Os interessados devem ter a partir de 15 anos. As inscri\u00e7\u00f5es para a Educa\u00e7\u00e3o de Jovens e Adultos (EJA) devem ser feitas em uma\u2026","rel":"","context":"In &quot;Not\u00edcias de Ribeir\u00e3o Preto-SP e Regi\u00e3o&quot;","block_context":{"text":"Not\u00edcias de Ribeir\u00e3o Preto-SP e Regi\u00e3o","link":"https:\/\/noticiasribeiraopreto.com.br\/index.php\/category\/noticias-de-ribeirao-preto-sp-e-regiao-ismael-colosi\/"},"img":{"alt_text":"","src":"https:\/\/i0.wp.com\/noticiasribeiraopreto.com.br\/wp-content\/uploads\/2024\/02\/inscricoeseja_-_foto_guilherme_sircili1.jpg?fit=1200%2C799&ssl=1&resize=350%2C200","width":350,"height":200,"srcset":"https:\/\/i0.wp.com\/noticiasribeiraopreto.com.br\/wp-content\/uploads\/2024\/02\/inscricoeseja_-_foto_guilherme_sircili1.jpg?fit=1200%2C799&ssl=1&resize=350%2C200 1x, https:\/\/i0.wp.com\/noticiasribeiraopreto.com.br\/wp-content\/uploads\/2024\/02\/inscricoeseja_-_foto_guilherme_sircili1.jpg?fit=1200%2C799&ssl=1&resize=525%2C300 1.5x, https:\/\/i0.wp.com\/noticiasribeiraopreto.com.br\/wp-content\/uploads\/2024\/02\/inscricoeseja_-_foto_guilherme_sircili1.jpg?fit=1200%2C799&ssl=1&resize=700%2C400 2x, https:\/\/i0.wp.com\/noticiasribeiraopreto.com.br\/wp-content\/uploads\/2024\/02\/inscricoeseja_-_foto_guilherme_sircili1.jpg?fit=1200%2C799&ssl=1&resize=1050%2C600 3x"},"classes":[]},{"id":16858,"url":"https:\/\/noticiasribeiraopreto.com.br\/index.php\/2023\/12\/16\/sesc-ead-eja-mais-de-2-mil-vagas-abertas-em-curso-de-qualificacao-profissional-para-candidatos-que-concluiram-o-ensino-fundamental\/","url_meta":{"origin":83343,"position":5},"title":"Sesc EAD EJA: Mais de 2 mil vagas abertas em curso de qualifica\u00e7\u00e3o profissional para candidatos que conclu\u00edram o ensino fundamental","author":"noticiasribeiraopreto.com.br","date":"16 de December de 2023","format":false,"excerpt":"Foto: Canva As inscri\u00e7\u00f5es para concorrer as vagas abertas no curso de qualifica\u00e7\u00e3o profissional do Sesc EAD EJA j\u00e1 podem ser realizadas. O Sesc EAD EJA oferece ensino m\u00e9dio com qualifica\u00e7\u00e3o profissional no curso de produ\u00e7\u00e3o cultural. Dessa forma, os alunos saem com um direcionamento para o mercado profissional fornecido\u2026","rel":"","context":"In &quot;Vagas de Emprego em Ribeir\u00e3o Preto-SP&quot;","block_context":{"text":"Vagas de Emprego em Ribeir\u00e3o Preto-SP","link":"https:\/\/noticiasribeiraopreto.com.br\/index.php\/category\/empregos-classificados-vagas-trabalho\/vagas-de-empregos-em-ribeirao-preto-regiao-brasil\/"},"img":{"alt_text":"","src":"https:\/\/i0.wp.com\/noticiasribeiraopreto.com.br\/wp-content\/uploads\/2023\/12\/sesc-ead-eja-mais-de-2-mil-vagas-abertas-em-curso-de-qualificacao-profissional-para-candidatos-que-concluiram-o-ensino-fundamental-830x450.png?fit=830%2C450&ssl=1&resize=350%2C200","width":350,"height":200,"srcset":"https:\/\/i0.wp.com\/noticiasribeiraopreto.com.br\/wp-content\/uploads\/2023\/12\/sesc-ead-eja-mais-de-2-mil-vagas-abertas-em-curso-de-qualificacao-profissional-para-candidatos-que-concluiram-o-ensino-fundamental-830x450.png?fit=830%2C450&ssl=1&resize=350%2C200 1x, https:\/\/i0.wp.com\/noticiasribeiraopreto.com.br\/wp-content\/uploads\/2023\/12\/sesc-ead-eja-mais-de-2-mil-vagas-abertas-em-curso-de-qualificacao-profissional-para-candidatos-que-concluiram-o-ensino-fundamental-830x450.png?fit=830%2C450&ssl=1&resize=525%2C300 1.5x, https:\/\/i0.wp.com\/noticiasribeiraopreto.com.br\/wp-content\/uploads\/2023\/12\/sesc-ead-eja-mais-de-2-mil-vagas-abertas-em-curso-de-qualificacao-profissional-para-candidatos-que-concluiram-o-ensino-fundamental-830x450.png?fit=830%2C450&ssl=1&resize=700%2C400 2x"},"classes":[]}],"jetpack_sharing_enabled":true,"jetpack_shortlink":"https:\/\/wp.me\/peQAOb-lGf","_links":{"self":[{"href":"https:\/\/noticiasribeiraopreto.com.br\/index.php\/wp-json\/wp\/v2\/posts\/83343","targetHints":{"allow":["GET"]}}],"collection":[{"href":"https:\/\/noticiasribeiraopreto.com.br\/index.php\/wp-json\/wp\/v2\/posts"}],"about":[{"href":"https:\/\/noticiasribeiraopreto.com.br\/index.php\/wp-json\/wp\/v2\/types\/post"}],"author":[{"embeddable":true,"href":"https:\/\/noticiasribeiraopreto.com.br\/index.php\/wp-json\/wp\/v2\/users\/1"}],"replies":[{"embeddable":true,"href":"https:\/\/noticiasribeiraopreto.com.br\/index.php\/wp-json\/wp\/v2\/comments?post=83343"}],"version-history":[{"count":0,"href":"https:\/\/noticiasribeiraopreto.com.br\/index.php\/wp-json\/wp\/v2\/posts\/83343\/revisions"}],"wp:featuredmedia":[{"embeddable":true,"href":"https:\/\/noticiasribeiraopreto.com.br\/index.php\/wp-json\/wp\/v2\/media\/83344"}],"wp:attachment":[{"href":"https:\/\/noticiasribeiraopreto.com.br\/index.php\/wp-json\/wp\/v2\/media?parent=83343"}],"wp:term":[{"taxonomy":"category","embeddable":true,"href":"https:\/\/noticiasribeiraopreto.com.br\/index.php\/wp-json\/wp\/v2\/categories?post=83343"},{"taxonomy":"post_tag","embeddable":true,"href":"https:\/\/noticiasribeiraopreto.com.br\/index.php\/wp-json\/wp\/v2\/tags?post=83343"}],"curies":[{"name":"wp","href":"https:\/\/api.w.org\/{rel}","templated":true}]}}