{"id":83345,"date":"2026-03-16T23:26:34","date_gmt":"2026-03-17T02:26:34","guid":{"rendered":"https:\/\/noticiasribeiraopreto.com.br\/index.php\/2026\/03\/16\/tjsp-abre-inscricoes-para-estagio-do-ensino-medio-ha-vagas-em-ribeirao-preto\/"},"modified":"2026-03-16T23:26:34","modified_gmt":"2026-03-17T02:26:34","slug":"tjsp-abre-inscricoes-para-estagio-do-ensino-medio-ha-vagas-em-ribeirao-preto","status":"publish","type":"post","link":"https:\/\/noticiasribeiraopreto.com.br\/index.php\/2026\/03\/16\/tjsp-abre-inscricoes-para-estagio-do-ensino-medio-ha-vagas-em-ribeirao-preto\/","title":{"rendered":"TJSP abre inscri\u00e7\u00f5es para est\u00e1gio do ensino m\u00e9dio; h\u00e1 vagas em Ribeir\u00e3o Preto"},"content":{"rendered":"<div class='code-block code-block-1' style='margin: 8px 0 8px auto; text-align: right; display: block; clear: both;'>\n<p><a href=\"https:\/\/wa.link\/vpicfd\"><img data-recalc-dims=\"1\" class=\"wp-image-4922\" style=\"aspect-ratio: 2.0253164556962027; width: 561px; height: auto;\" src=\"https:\/\/i0.wp.com\/ismaelcolosi.com.br\/wp-content\/uploads\/2023\/11\/grupo-de-empregos-whatsapp-e-facebook-ismael-colosi-vagas.jpg?ssl=1\" alt=\"\" \/><\/a><\/p>\n<!-- \/wp:image -->\n<\/div>\n<p> <br \/>\n<\/p>\n<div id=\"dsoaudio\">\n<div class=\"oknaudio play-audio\" data-tts=\"\" data-tts-source=\"#dsoaudio\" data-tts-voice=\"pt-BR\" data-tts-wpm=\"160\">\n<div class=\"player\">\n\t\t\t\t\t<button class=\"play-btn\" id=\"playBtn\"><br \/>\n\t\t\t\t\t\t<svg id=\"playIcon\" viewbox=\"0 0 24 24\"><polygon points=\"5,3 19,12 5,21\"\/><\/svg><br \/>\n\t\t\t\t\t<\/button><\/p>\n<p>00:00<\/p>\n<p>\t\t\t\t\t<!-- CONTROLES --><\/p>\n<div class=\"controls\">\n\t\t\t\t\t\t<span class=\"icon-sun\"><br \/>\n\t\t\t\t\t\t\t<img loading=\"lazy\" decoding=\"async\" src=\"https:\/\/www.acidadeon.com\/ribeiraopreto\/wp-content\/plugins\/oknaudio\/application\/assets\/img\/iconSun.svg\" alt=\"Modo claro\" width=\"24\" height=\"24\"\/><br \/>\n\t\t\t\t\t\t<\/span><\/p>\n<p>\t\t\t\t\t\t<span class=\"icon-moon\"><br \/>\n\t\t\t\t\t\t\t<img loading=\"lazy\" decoding=\"async\" src=\"https:\/\/www.acidadeon.com\/ribeiraopreto\/wp-content\/plugins\/oknaudio\/application\/assets\/img\/iconMoon.svg\" alt=\"Modo escuro\" width=\"24\" height=\"24\"\/><br \/>\n\t\t\t\t\t\t<\/span><\/p>\n<p>\n\t\t\t\t\t\t\t<span id=\"fontPlus\">A+<\/span><br \/>\n\t\t\t\t\t\t\t<span id=\"fontMinus\">A-<\/span>\n\t\t\t\t\t\t<\/p>\n<\/p><\/div>\n<\/p><\/div>\n<\/p><\/div>\n<p><button type=\"button\" title=\"Salvar mat\u00e9ria\" class=\"dso bookmark-injection bookmark-save\"><br \/>\n        <svg xmlns=\"http:\/\/www.w3.org\/2000\/svg\" width=\"20\" height=\"24\" viewbox=\"0 0 20 24\" fill=\"none\">\n            <path d=\"M1 23V1H19V23L10 15.6667L1 23Z\" stroke=\"black\" stroke-width=\"1.3\" stroke-linejoin=\"round\"\/>\n        <\/svg><br \/>\n    <\/button> <\/p>\n<p>O <a href=\"https:\/\/www.tjsp.jus.br\/\" data-type=\"link\" data-id=\"https:\/\/www.tjsp.jus.br\/\" target=\"_blank\" rel=\"noopener\">Tribunal de Justi\u00e7a do Estado de S\u00e3o Paulo (TJSP)<\/a> abriu inscri\u00e7\u00f5es para o processo seletivo do <strong>Programa de Est\u00e1gio voltado a estudantes do ensino m\u00e9dio regular<\/strong>. A sele\u00e7\u00e3o ocorre em parceria com o <strong>Centro de Integra\u00e7\u00e3o Empresa-Escola (CIEE)<\/strong> e inclui oportunidades em diversas cidades do estado, entre elas <strong>Ribeir\u00e3o Preto<\/strong>.<\/p>\n<p>Os interessados podem <strong>se inscrever e realizar a prova online at\u00e9 31 de mar\u00e7o<\/strong> por meio do<a href=\"https:\/\/pp.ciee.org.br\/vitrine\/12865\/detalhe.\" data-type=\"link\" data-id=\"https:\/\/pp.ciee.org.br\/vitrine\/12865\/detalhe.\" target=\"_blank\" rel=\"noopener\"> site oficial<\/a>.<\/p>\n<div class=\"wp-block-image\">\n<figure class=\"aligncenter size-large\"><img data-recalc-dims=\"1\" loading=\"lazy\" decoding=\"async\" width=\"1024\" height=\"576\" src=\"https:\/\/i0.wp.com\/www.acidadeon.com\/ribeiraopreto\/wp-content\/uploads\/sites\/3\/2025\/03\/Copia-de-Copia-de-Copia-de-TAMANHO-EXATO-PARA-FOTOS-NO-SISTEMA-NOVO-2025-03-11T145628.763_2025-03-11_17-56-39_png_2025-03-11_17-56-40-1024x576.webp?resize=1024%2C576&#038;ssl=1\" alt=\"estudantes\" class=\"wp-image-110259\" title=\"TJSP abre inscri\u00e7\u00f5es para est\u00e1gio do ensino m\u00e9dio; h\u00e1 vagas em Ribeir\u00e3o Preto 1\" srcset=\"https:\/\/www.acidadeon.com\/ribeiraopreto\/wp-content\/uploads\/sites\/3\/2025\/03\/Copia-de-Copia-de-Copia-de-TAMANHO-EXATO-PARA-FOTOS-NO-SISTEMA-NOVO-2025-03-11T145628.763_2025-03-11_17-56-39_png_2025-03-11_17-56-40-1024x576.webp 1024w, https:\/\/www.acidadeon.com\/ribeiraopreto\/wp-content\/uploads\/sites\/3\/2025\/03\/Copia-de-Copia-de-Copia-de-TAMANHO-EXATO-PARA-FOTOS-NO-SISTEMA-NOVO-2025-03-11T145628.763_2025-03-11_17-56-39_png_2025-03-11_17-56-40-300x169.webp 300w, https:\/\/www.acidadeon.com\/ribeiraopreto\/wp-content\/uploads\/sites\/3\/2025\/03\/Copia-de-Copia-de-Copia-de-TAMANHO-EXATO-PARA-FOTOS-NO-SISTEMA-NOVO-2025-03-11T145628.763_2025-03-11_17-56-39_png_2025-03-11_17-56-40-768x432.webp 768w, https:\/\/www.acidadeon.com\/ribeiraopreto\/wp-content\/uploads\/sites\/3\/2025\/03\/Copia-de-Copia-de-Copia-de-TAMANHO-EXATO-PARA-FOTOS-NO-SISTEMA-NOVO-2025-03-11T145628.763_2025-03-11_17-56-39_png_2025-03-11_17-56-40-696x392.webp 696w, https:\/\/www.acidadeon.com\/ribeiraopreto\/wp-content\/uploads\/sites\/3\/2025\/03\/Copia-de-Copia-de-Copia-de-TAMANHO-EXATO-PARA-FOTOS-NO-SISTEMA-NOVO-2025-03-11T145628.763_2025-03-11_17-56-39_png_2025-03-11_17-56-40-1068x601.webp 1068w, https:\/\/www.acidadeon.com\/ribeiraopreto\/wp-content\/uploads\/sites\/3\/2025\/03\/Copia-de-Copia-de-Copia-de-TAMANHO-EXATO-PARA-FOTOS-NO-SISTEMA-NOVO-2025-03-11T145628.763_2025-03-11_17-56-39_png_2025-03-11_17-56-40.webp 1200w\" sizes=\"auto, (max-width: 1024px) 100vw, 1024px\"\/><figcaption class=\"wp-element-caption\">Foto: Freepik<\/figcaption><\/figure>\n<\/div>\n<h3 class=\"wp-block-heading\"><strong>Bolsa e carga hor\u00e1ria<\/strong><\/h3>\n<p>O est\u00e1gio oferece <strong>jornada de 4 horas di\u00e1rias<\/strong>, de segunda a sexta-feira. Os estudantes selecionados recebem <strong>bolsa-aux\u00edlio de R$ 600 por m\u00eas<\/strong>, al\u00e9m de <strong>aux\u00edlio-transporte de R$ 14 por dia de est\u00e1gio<\/strong>.<\/p>\n<h4 class=\"wp-block-heading\"><strong>Vagas em diversas cidades<\/strong><\/h4>\n<p>Al\u00e9m de <strong>Ribeir\u00e3o Preto<\/strong>, o processo seletivo contempla oportunidades em v\u00e1rias regi\u00f5es do estado de S\u00e3o Paulo. Entre as cidades com vagas est\u00e3o:<\/p>\n<ul class=\"wp-block-list\">\n<li>Barueri<\/li>\n<li>Bauru<\/li>\n<li>Campinas<\/li>\n<li>Grande ABC<\/li>\n<li>Guarulhos<\/li>\n<li>Jundia\u00ed<\/li>\n<li>Mar\u00edlia<\/li>\n<li>Piracicaba<\/li>\n<li>Santos<\/li>\n<li>S\u00e3o Jos\u00e9 do Rio Preto<\/li>\n<li>S\u00e3o Jos\u00e9 dos Campos<\/li>\n<li>S\u00e3o Paulo<\/li>\n<li>Sorocaba<\/li>\n<\/ul>\n<p>Tamb\u00e9m h\u00e1 vagas em munic\u00edpios como <strong>Cunha, Nova Odessa, Tabo\u00e3o da Serra, Tanabi e Taquaritinga<\/strong>. A rela\u00e7\u00e3o completa aparece no <strong>Anexo II do comunicado oficial<\/strong>, dispon\u00edvel na p\u00e1gina do processo seletivo.<\/p>\n<div class=\"wp-block-image\">\n<figure class=\"aligncenter size-full\"><img data-recalc-dims=\"1\" loading=\"lazy\" decoding=\"async\" width=\"1024\" height=\"683\" src=\"https:\/\/i0.wp.com\/www.acidadeon.com\/ribeiraopreto\/wp-content\/uploads\/sites\/3\/2024\/05\/concurso_publico_1-1024x683-1_2024-05-09_19-38-33_jpeg_2024-05-09_19-38-33.webp?resize=1024%2C683&#038;ssl=1\" alt=\"tj \" class=\"wp-image-80939\" title=\"TJSP abre inscri\u00e7\u00f5es para est\u00e1gio do ensino m\u00e9dio; h\u00e1 vagas em Ribeir\u00e3o Preto 2\" srcset=\"https:\/\/www.acidadeon.com\/ribeiraopreto\/wp-content\/uploads\/sites\/3\/2024\/05\/concurso_publico_1-1024x683-1_2024-05-09_19-38-33_jpeg_2024-05-09_19-38-33.webp 1024w, https:\/\/www.acidadeon.com\/ribeiraopreto\/wp-content\/uploads\/sites\/3\/2024\/05\/concurso_publico_1-1024x683-1_2024-05-09_19-38-33_jpeg_2024-05-09_19-38-33-300x200.webp 300w, https:\/\/www.acidadeon.com\/ribeiraopreto\/wp-content\/uploads\/sites\/3\/2024\/05\/concurso_publico_1-1024x683-1_2024-05-09_19-38-33_jpeg_2024-05-09_19-38-33-768x512.webp 768w, https:\/\/www.acidadeon.com\/ribeiraopreto\/wp-content\/uploads\/sites\/3\/2024\/05\/concurso_publico_1-1024x683-1_2024-05-09_19-38-33_jpeg_2024-05-09_19-38-33-696x464.webp 696w\" sizes=\"auto, (max-width: 1024px) 100vw, 1024px\"\/><figcaption class=\"wp-element-caption\"> \u2013 Foto: Freepik <\/figcaption><\/figure>\n<\/div>\n<h3 class=\"wp-block-heading\"><strong>Quem pode participar?<\/strong><\/h3>\n<p>Para concorrer a uma vaga de est\u00e1gio no TJ-SP, o candidato deve cumprir alguns crit\u00e9rios:<\/p>\n<ul class=\"wp-block-list\">\n<li>Estar <strong>matriculado no 1\u00ba ou 2\u00ba ano do ensino m\u00e9dio regular<\/strong><\/li>\n<li>Ter <strong>idade m\u00ednima de 16 anos no momento da inscri\u00e7\u00e3o<\/strong><\/li>\n<li>Ser <strong>brasileiro nato, naturalizado ou estrangeiro com visto permanente no pa\u00eds<\/strong><\/li>\n<\/ul>\n<hr class=\"wp-block-separator has-alpha-channel-opacity\"\/>\n<p>SAIBA MAIS<br \/>Sol ou chuva? Veja previs\u00e3o para a \u00faltima semana do ver\u00e3o em Ribeir\u00e3o Preto<\/p>\n<h2 class=\"wp-block-heading\"><strong>FIQUE ON<\/strong><\/h2>\n<p>Fique ligado em tudo que acontece em Ribeir\u00e3o Preto e regi\u00e3o. Siga os perfis do\u00a0<strong>acidade on<\/strong>\u00a0no<a href=\"https:\/\/www.instagram.com\/acidadeonribeirao\" target=\"_blank\" rel=\"noreferrer noopener\">\u00a0Instagram<\/a>\u00a0e no\u00a0<a href=\"https:\/\/www.facebook.com\/acidadeonribeirao\/\" target=\"_blank\" rel=\"noreferrer noopener\">Facebook<\/a>.<\/p>\n<p>Receba not\u00edcias do<strong>\u00a0acidade on<\/strong>\u00a0no WhatsApp. Para entrar no grupo,\u00a0basta\u00a0<a href=\"https:\/\/chat.whatsapp.com\/GFH9HUMUTHNFJdnyEd0xxq\" target=\"_blank\" rel=\"noreferrer noopener\">clicar aqui<\/a>. Ou, acesse o nosso\u00a0Canal<a href=\"https:\/\/whatsapp.com\/channel\/0029Vb6IQl1JENyAeS57fk2p\" target=\"_blank\" rel=\"noreferrer noopener\">\u00a0clicando aqui<\/a>.<\/p>\n<p>Fa\u00e7a uma den\u00fancia ou sugira uma reportagem sobre Ribeir\u00e3o Preto e regi\u00e3o pelo WhatsApp: 16 99117 7802.<\/p>\n<p>VEJA TAMB\u00c9M<br \/>Salgados de festa: 4 receitas pr\u00e1ticas para fazer em casa<\/p>\n<p><input type=\"hidden\" name=\"postID\" id=\"postID\" value=\"149010\"\/><br \/>\n            <input type=\"hidden\" name=\"postType\" id=\"postType\" value=\"post\"\/><br \/>\n<!-- AI CONTENT END 1 -->\n        <\/div>\n<p><script async src=\"\/\/www.instagram.com\/embed.js\"><\/script><br \/>\n<br \/><br \/>\n<br \/><a href=\"https:\/\/www.acidadeon.com\/ribeiraopreto\/economia\/tjsp-abre-inscricoes-para-estagio-do-ensino-medio-ha-vagas-em-ribeirao-preto\/\">Source link <\/a><\/p>\n<!-- CONTENT END 1 -->\n","protected":false},"excerpt":{"rendered":"<p>00:00 A+ A- O Tribunal de Justi\u00e7a do Estado de S\u00e3o Paulo (TJSP) abriu inscri\u00e7\u00f5es para o processo seletivo do Programa de Est\u00e1gio voltado a&#8230;<\/p>\n","protected":false},"author":1,"featured_media":83346,"comment_status":"open","ping_status":"open","sticky":false,"template":"","format":"standard","meta":{"advanced_seo_description":"","jetpack_seo_html_title":"","jetpack_seo_noindex":false,"jetpack_post_was_ever_published":false,"_jetpack_newsletter_access":"","_jetpack_dont_email_post_to_subs":false,"_jetpack_newsletter_tier_id":0,"_jetpack_memberships_contains_paywalled_content":false,"_jetpack_memberships_contains_paid_content":false,"footnotes":"","jetpack_publicize_message":"","jetpack_publicize_feature_enabled":true,"jetpack_social_post_already_shared":true,"jetpack_social_options":{"image_generator_settings":{"template":"highway","default_image_id":0,"font":"","enabled":false},"version":2}},"categories":[11],"tags":[],"class_list":["post-83345","post","type-post","status-publish","format-standard","has-post-thumbnail","hentry","category-noticias-de-ribeirao-preto-sp-e-regiao-ismael-colosi"],"jetpack_publicize_connections":[],"jetpack_featured_media_url":"https:\/\/i0.wp.com\/noticiasribeiraopreto.com.br\/wp-content\/uploads\/2026\/03\/forum-de-ribeirao-preto_2025-09-24_18-22-48.webp.webp?fit=1025%2C676&ssl=1","jetpack-related-posts":[{"id":20175,"url":"https:\/\/noticiasribeiraopreto.com.br\/index.php\/2023\/12\/24\/rp-mobi-altera-linha-alimentadora-da-zona-sul-de-ribeirao-preto\/","url_meta":{"origin":83345,"position":0},"title":"RP Mobi altera linha alimentadora da zona Sul de Ribeir\u00e3o Preto","author":"noticiasribeiraopreto.com.br","date":"24 de December de 2023","format":false,"excerpt":"A RP Mobi, antiga Transerp, anunciou que, a partir da pr\u00f3xima ter\u00e7a-feira (26), a \u2018linha alimentadora 14 \u2013 Jardim Bot\u00e2nico\u2019 ter\u00e1 seu quadro de hor\u00e1rios alterado e o itiner\u00e1rio estendido nos dias \u00fateis, de segunda a sexta-feira. \u201cA altera\u00e7\u00e3o nos hor\u00e1rios da linha tem como objetivo proporcionar melhores condi\u00e7\u00f5es de\u2026","rel":"","context":"In &quot;Not\u00edcias de Ribeir\u00e3o Preto-SP e Regi\u00e3o&quot;","block_context":{"text":"Not\u00edcias de Ribeir\u00e3o Preto-SP e Regi\u00e3o","link":"https:\/\/noticiasribeiraopreto.com.br\/index.php\/category\/noticias-de-ribeirao-preto-sp-e-regiao-ismael-colosi\/"},"img":{"alt_text":"","src":"https:\/\/i0.wp.com\/noticiasribeiraopreto.com.br\/wp-content\/uploads\/2023\/12\/onibus.jpeg?fit=1156%2C867&ssl=1&resize=350%2C200","width":350,"height":200,"srcset":"https:\/\/i0.wp.com\/noticiasribeiraopreto.com.br\/wp-content\/uploads\/2023\/12\/onibus.jpeg?fit=1156%2C867&ssl=1&resize=350%2C200 1x, https:\/\/i0.wp.com\/noticiasribeiraopreto.com.br\/wp-content\/uploads\/2023\/12\/onibus.jpeg?fit=1156%2C867&ssl=1&resize=525%2C300 1.5x, https:\/\/i0.wp.com\/noticiasribeiraopreto.com.br\/wp-content\/uploads\/2023\/12\/onibus.jpeg?fit=1156%2C867&ssl=1&resize=700%2C400 2x, https:\/\/i0.wp.com\/noticiasribeiraopreto.com.br\/wp-content\/uploads\/2023\/12\/onibus.jpeg?fit=1156%2C867&ssl=1&resize=1050%2C600 3x"},"classes":[]},{"id":84580,"url":"https:\/\/noticiasribeiraopreto.com.br\/index.php\/2026\/04\/12\/pablo-anuncia-show-da-turne-pablo-20-anos-em-ribeirao-preto\/","url_meta":{"origin":83345,"position":1},"title":"Pablo anuncia show da turn\u00ea &#8216;Pablo 20 Anos&#8217; em Ribeir\u00e3o Preto","author":"noticiasribeiraopreto.com.br","date":"12 de April de 2026","format":false,"excerpt":"00:00 A+ A- Ler o resumo da not\u00edcia O cantor Pablo confirmou show da turn\u00ea \"Pablo 20 Anos\" em Ribeir\u00e3o Preto. A apresenta\u00e7\u00e3o ser\u00e1 no dia 8 de julho de 2026, v\u00e9spera de feriado, no Espa\u00e7o Aeropuerto. O evento celebra as duas d\u00e9cadas de carreira do artista, conhecido como o\u2026","rel":"","context":"In &quot;Not\u00edcias de Ribeir\u00e3o Preto-SP e Regi\u00e3o&quot;","block_context":{"text":"Not\u00edcias de Ribeir\u00e3o Preto-SP e Regi\u00e3o","link":"https:\/\/noticiasribeiraopreto.com.br\/index.php\/category\/noticias-de-ribeirao-preto-sp-e-regiao-ismael-colosi\/"},"img":{"alt_text":"","src":"https:\/\/i0.wp.com\/noticiasribeiraopreto.com.br\/wp-content\/uploads\/2026\/04\/palace-2026-04-12T134522.010_2026-04-12_16-45-35.webp.webp?fit=1200%2C675&ssl=1&resize=350%2C200","width":350,"height":200,"srcset":"https:\/\/i0.wp.com\/noticiasribeiraopreto.com.br\/wp-content\/uploads\/2026\/04\/palace-2026-04-12T134522.010_2026-04-12_16-45-35.webp.webp?fit=1200%2C675&ssl=1&resize=350%2C200 1x, https:\/\/i0.wp.com\/noticiasribeiraopreto.com.br\/wp-content\/uploads\/2026\/04\/palace-2026-04-12T134522.010_2026-04-12_16-45-35.webp.webp?fit=1200%2C675&ssl=1&resize=525%2C300 1.5x, https:\/\/i0.wp.com\/noticiasribeiraopreto.com.br\/wp-content\/uploads\/2026\/04\/palace-2026-04-12T134522.010_2026-04-12_16-45-35.webp.webp?fit=1200%2C675&ssl=1&resize=700%2C400 2x, https:\/\/i0.wp.com\/noticiasribeiraopreto.com.br\/wp-content\/uploads\/2026\/04\/palace-2026-04-12T134522.010_2026-04-12_16-45-35.webp.webp?fit=1200%2C675&ssl=1&resize=1050%2C600 3x"},"classes":[]},{"id":83420,"url":"https:\/\/noticiasribeiraopreto.com.br\/index.php\/2026\/03\/18\/veja-vias-com-bloqueios-por-causa-de-quedas-de-arvores-em-ribeirao-preto\/","url_meta":{"origin":83345,"position":2},"title":"Veja vias com bloqueios por causa de quedas de \u00e1rvores em Ribeir\u00e3o Preto","author":"noticiasribeiraopreto.com.br","date":"18 de March de 2026","format":false,"excerpt":"00:00 A+ A- A RP Mobi informou na manh\u00e3 desta quarta-feira (18) que quatro vias est\u00e3o com bloqueios devido a quedas de \u00e1rvores durante um temporal na tarde desta ter\u00e7a-feira (17), em Ribeir\u00e3o Preto. Confira as vias: Avenida Paris, 171 Avenida Treze de Maio, 1692 Rua Jos\u00e9 Luiz Crist\u00f3fani, 470\u2026","rel":"","context":"In &quot;Not\u00edcias de Ribeir\u00e3o Preto-SP e Regi\u00e3o&quot;","block_context":{"text":"Not\u00edcias de Ribeir\u00e3o Preto-SP e Regi\u00e3o","link":"https:\/\/noticiasribeiraopreto.com.br\/index.php\/category\/noticias-de-ribeirao-preto-sp-e-regiao-ismael-colosi\/"},"img":{"alt_text":"","src":"https:\/\/i0.wp.com\/noticiasribeiraopreto.com.br\/wp-content\/uploads\/2026\/03\/via-sao-bento_2026-03-18_10-56-11.webp.webp?fit=1200%2C674&ssl=1&resize=350%2C200","width":350,"height":200,"srcset":"https:\/\/i0.wp.com\/noticiasribeiraopreto.com.br\/wp-content\/uploads\/2026\/03\/via-sao-bento_2026-03-18_10-56-11.webp.webp?fit=1200%2C674&ssl=1&resize=350%2C200 1x, https:\/\/i0.wp.com\/noticiasribeiraopreto.com.br\/wp-content\/uploads\/2026\/03\/via-sao-bento_2026-03-18_10-56-11.webp.webp?fit=1200%2C674&ssl=1&resize=525%2C300 1.5x, https:\/\/i0.wp.com\/noticiasribeiraopreto.com.br\/wp-content\/uploads\/2026\/03\/via-sao-bento_2026-03-18_10-56-11.webp.webp?fit=1200%2C674&ssl=1&resize=700%2C400 2x, https:\/\/i0.wp.com\/noticiasribeiraopreto.com.br\/wp-content\/uploads\/2026\/03\/via-sao-bento_2026-03-18_10-56-11.webp.webp?fit=1200%2C674&ssl=1&resize=1050%2C600 3x"},"classes":[]},{"id":83422,"url":"https:\/\/noticiasribeiraopreto.com.br\/index.php\/2026\/03\/18\/ribeirao-preto-pode-ter-novos-temporais-nesta-quarta-veja-previsao\/","url_meta":{"origin":83345,"position":3},"title":"Ribeir\u00e3o Preto pode ter novos temporais nesta quarta; Veja previs\u00e3o","author":"noticiasribeiraopreto.com.br","date":"18 de March de 2026","format":false,"excerpt":"00:00 A+ A- A regi\u00e3o de Ribeir\u00e3o Preto est\u00e1 em \u00e1rea de risco para novos temporais nesta quarta-feira (18). Um temporal na tarde desta ter\u00e7a-feira (17) causou transtornos pela cidade, com quedas de \u00e1rvores e alagamentos. Apesar dos danos, n\u00e3o houve registro de feridos. - Publicidade - - Publicidade -\u2026","rel":"","context":"In &quot;Not\u00edcias de Ribeir\u00e3o Preto-SP e Regi\u00e3o&quot;","block_context":{"text":"Not\u00edcias de Ribeir\u00e3o Preto-SP e Regi\u00e3o","link":"https:\/\/noticiasribeiraopreto.com.br\/index.php\/category\/noticias-de-ribeirao-preto-sp-e-regiao-ismael-colosi\/"},"img":{"alt_text":"","src":"https:\/\/i0.wp.com\/noticiasribeiraopreto.com.br\/wp-content\/uploads\/2026\/03\/sudeste-temporal-1_2026-03-18_10-07-12.webp.webp?fit=1200%2C675&ssl=1&resize=350%2C200","width":350,"height":200,"srcset":"https:\/\/i0.wp.com\/noticiasribeiraopreto.com.br\/wp-content\/uploads\/2026\/03\/sudeste-temporal-1_2026-03-18_10-07-12.webp.webp?fit=1200%2C675&ssl=1&resize=350%2C200 1x, https:\/\/i0.wp.com\/noticiasribeiraopreto.com.br\/wp-content\/uploads\/2026\/03\/sudeste-temporal-1_2026-03-18_10-07-12.webp.webp?fit=1200%2C675&ssl=1&resize=525%2C300 1.5x, https:\/\/i0.wp.com\/noticiasribeiraopreto.com.br\/wp-content\/uploads\/2026\/03\/sudeste-temporal-1_2026-03-18_10-07-12.webp.webp?fit=1200%2C675&ssl=1&resize=700%2C400 2x, https:\/\/i0.wp.com\/noticiasribeiraopreto.com.br\/wp-content\/uploads\/2026\/03\/sudeste-temporal-1_2026-03-18_10-07-12.webp.webp?fit=1200%2C675&ssl=1&resize=1050%2C600 3x"},"classes":[]},{"id":83333,"url":"https:\/\/noticiasribeiraopreto.com.br\/index.php\/2026\/03\/16\/mulher-e-detida-ao-tentar-entrar-com-droga-escondida-em-presidio-de-ribeirao-preto\/","url_meta":{"origin":83345,"position":4},"title":"Mulher \u00e9 detida ao tentar entrar com droga escondida em pres\u00eddio de Ribeir\u00e3o Preto","author":"noticiasribeiraopreto.com.br","date":"16 de March de 2026","format":false,"excerpt":"00:00 A+ A- Uma mulher foi detida neste domingo (15) ap\u00f3s tentar entrar com drogas no Centro de Deten\u00e7\u00e3o Provis\u00f3ria de Ribeir\u00e3o Preto, onde o irm\u00e3o est\u00e1 preso. De acordo com a SAP (Secretaria da Administra\u00e7\u00e3o Penitenci\u00e1ria do Estado de S\u00e3o Paulo), durante os procedimentos de seguran\u00e7a para a entrada\u2026","rel":"","context":"In &quot;Not\u00edcias de Ribeir\u00e3o Preto-SP e Regi\u00e3o&quot;","block_context":{"text":"Not\u00edcias de Ribeir\u00e3o Preto-SP e Regi\u00e3o","link":"https:\/\/noticiasribeiraopreto.com.br\/index.php\/category\/noticias-de-ribeirao-preto-sp-e-regiao-ismael-colosi\/"},"img":{"alt_text":"","src":"https:\/\/i0.wp.com\/noticiasribeiraopreto.com.br\/wp-content\/uploads\/2026\/03\/palace-58_2026-03-16_21-37-26.webp.webp?fit=1200%2C675&ssl=1&resize=350%2C200","width":350,"height":200,"srcset":"https:\/\/i0.wp.com\/noticiasribeiraopreto.com.br\/wp-content\/uploads\/2026\/03\/palace-58_2026-03-16_21-37-26.webp.webp?fit=1200%2C675&ssl=1&resize=350%2C200 1x, https:\/\/i0.wp.com\/noticiasribeiraopreto.com.br\/wp-content\/uploads\/2026\/03\/palace-58_2026-03-16_21-37-26.webp.webp?fit=1200%2C675&ssl=1&resize=525%2C300 1.5x, https:\/\/i0.wp.com\/noticiasribeiraopreto.com.br\/wp-content\/uploads\/2026\/03\/palace-58_2026-03-16_21-37-26.webp.webp?fit=1200%2C675&ssl=1&resize=700%2C400 2x, https:\/\/i0.wp.com\/noticiasribeiraopreto.com.br\/wp-content\/uploads\/2026\/03\/palace-58_2026-03-16_21-37-26.webp.webp?fit=1200%2C675&ssl=1&resize=1050%2C600 3x"},"classes":[]},{"id":83507,"url":"https:\/\/noticiasribeiraopreto.com.br\/index.php\/2026\/03\/19\/parque-de-ribeirao-preto-e-reaberto-apos-dois-dias\/","url_meta":{"origin":83345,"position":5},"title":"Parque de Ribeir\u00e3o Preto \u00e9 reaberto ap\u00f3s dois dias","author":"noticiasribeiraopreto.com.br","date":"19 de March de 2026","format":false,"excerpt":"00:00 A+ A- A Prefeitura de Ribeir\u00e3o Preto informou que o Parque Luiz Roberto J\u00e1bali, o Curupira, foi reaberto nesta quinta-feira (19). O parque estava fechado desde o temporal que atingiu a cidade na \u00faltima ter\u00e7a-feira (17). Segundo a Administra\u00e7\u00e3o Municipal, o parque foi reaberto ap\u00f3s uma for\u00e7a-tarefa de limpeza\u2026","rel":"","context":"In &quot;Not\u00edcias de Ribeir\u00e3o Preto-SP e Regi\u00e3o&quot;","block_context":{"text":"Not\u00edcias de Ribeir\u00e3o Preto-SP e Regi\u00e3o","link":"https:\/\/noticiasribeiraopreto.com.br\/index.php\/category\/noticias-de-ribeirao-preto-sp-e-regiao-ismael-colosi\/"},"img":{"alt_text":"","src":"https:\/\/i0.wp.com\/noticiasribeiraopreto.com.br\/wp-content\/uploads\/2026\/03\/Copia-de-Copia-de-Copia-de-TAMANHO-EXATO-PARA-FOTOS-NO-SISTEMA-NOVO-2025-10-22T165403.415_2025-10-22_19-54-09.webp.webp?fit=1200%2C675&ssl=1&resize=350%2C200","width":350,"height":200,"srcset":"https:\/\/i0.wp.com\/noticiasribeiraopreto.com.br\/wp-content\/uploads\/2026\/03\/Copia-de-Copia-de-Copia-de-TAMANHO-EXATO-PARA-FOTOS-NO-SISTEMA-NOVO-2025-10-22T165403.415_2025-10-22_19-54-09.webp.webp?fit=1200%2C675&ssl=1&resize=350%2C200 1x, https:\/\/i0.wp.com\/noticiasribeiraopreto.com.br\/wp-content\/uploads\/2026\/03\/Copia-de-Copia-de-Copia-de-TAMANHO-EXATO-PARA-FOTOS-NO-SISTEMA-NOVO-2025-10-22T165403.415_2025-10-22_19-54-09.webp.webp?fit=1200%2C675&ssl=1&resize=525%2C300 1.5x, https:\/\/i0.wp.com\/noticiasribeiraopreto.com.br\/wp-content\/uploads\/2026\/03\/Copia-de-Copia-de-Copia-de-TAMANHO-EXATO-PARA-FOTOS-NO-SISTEMA-NOVO-2025-10-22T165403.415_2025-10-22_19-54-09.webp.webp?fit=1200%2C675&ssl=1&resize=700%2C400 2x, https:\/\/i0.wp.com\/noticiasribeiraopreto.com.br\/wp-content\/uploads\/2026\/03\/Copia-de-Copia-de-Copia-de-TAMANHO-EXATO-PARA-FOTOS-NO-SISTEMA-NOVO-2025-10-22T165403.415_2025-10-22_19-54-09.webp.webp?fit=1200%2C675&ssl=1&resize=1050%2C600 3x"},"classes":[]}],"jetpack_sharing_enabled":true,"jetpack_shortlink":"https:\/\/wp.me\/peQAOb-lGh","_links":{"self":[{"href":"https:\/\/noticiasribeiraopreto.com.br\/index.php\/wp-json\/wp\/v2\/posts\/83345","targetHints":{"allow":["GET"]}}],"collection":[{"href":"https:\/\/noticiasribeiraopreto.com.br\/index.php\/wp-json\/wp\/v2\/posts"}],"about":[{"href":"https:\/\/noticiasribeiraopreto.com.br\/index.php\/wp-json\/wp\/v2\/types\/post"}],"author":[{"embeddable":true,"href":"https:\/\/noticiasribeiraopreto.com.br\/index.php\/wp-json\/wp\/v2\/users\/1"}],"replies":[{"embeddable":true,"href":"https:\/\/noticiasribeiraopreto.com.br\/index.php\/wp-json\/wp\/v2\/comments?post=83345"}],"version-history":[{"count":0,"href":"https:\/\/noticiasribeiraopreto.com.br\/index.php\/wp-json\/wp\/v2\/posts\/83345\/revisions"}],"wp:featuredmedia":[{"embeddable":true,"href":"https:\/\/noticiasribeiraopreto.com.br\/index.php\/wp-json\/wp\/v2\/media\/83346"}],"wp:attachment":[{"href":"https:\/\/noticiasribeiraopreto.com.br\/index.php\/wp-json\/wp\/v2\/media?parent=83345"}],"wp:term":[{"taxonomy":"category","embeddable":true,"href":"https:\/\/noticiasribeiraopreto.com.br\/index.php\/wp-json\/wp\/v2\/categories?post=83345"},{"taxonomy":"post_tag","embeddable":true,"href":"https:\/\/noticiasribeiraopreto.com.br\/index.php\/wp-json\/wp\/v2\/tags?post=83345"}],"curies":[{"name":"wp","href":"https:\/\/api.w.org\/{rel}","templated":true}]}}