{"id":83347,"date":"2026-03-16T23:37:16","date_gmt":"2026-03-17T02:37:16","guid":{"rendered":"https:\/\/noticiasribeiraopreto.com.br\/index.php\/2026\/03\/16\/confira-quem-foi-chamado-por-ancelotti-na-ultima-convocacao-antes-da-copa\/"},"modified":"2026-03-16T23:37:16","modified_gmt":"2026-03-17T02:37:16","slug":"confira-quem-foi-chamado-por-ancelotti-na-ultima-convocacao-antes-da-copa","status":"publish","type":"post","link":"https:\/\/noticiasribeiraopreto.com.br\/index.php\/2026\/03\/16\/confira-quem-foi-chamado-por-ancelotti-na-ultima-convocacao-antes-da-copa\/","title":{"rendered":"Confira quem foi chamado por Ancelotti na \u00faltima convoca\u00e7\u00e3o antes da Copa"},"content":{"rendered":"<div class='code-block code-block-1' style='margin: 8px 0 8px auto; text-align: right; display: block; clear: both;'>\n<p><a href=\"https:\/\/wa.link\/vpicfd\"><img data-recalc-dims=\"1\" class=\"wp-image-4922\" style=\"aspect-ratio: 2.0253164556962027; width: 561px; height: auto;\" src=\"https:\/\/i0.wp.com\/ismaelcolosi.com.br\/wp-content\/uploads\/2023\/11\/grupo-de-empregos-whatsapp-e-facebook-ismael-colosi-vagas.jpg?ssl=1\" alt=\"\" \/><\/a><\/p>\n<!-- \/wp:image -->\n<\/div>\n<p> <br \/>\n<\/p>\n<div id=\"dsoaudio\">\n<div class=\"oknaudio play-audio\" data-tts=\"\" data-tts-source=\"#dsoaudio\" data-tts-voice=\"pt-BR\" data-tts-wpm=\"160\">\n<div class=\"player\">\n\t\t\t\t\t<button class=\"play-btn\" id=\"playBtn\"><br \/>\n\t\t\t\t\t\t<svg id=\"playIcon\" viewbox=\"0 0 24 24\"><polygon points=\"5,3 19,12 5,21\"\/><\/svg><br \/>\n\t\t\t\t\t<\/button><\/p>\n<p>00:00<\/p>\n<p>\t\t\t\t\t<!-- CONTROLES --><\/p>\n<div class=\"controls\">\n\t\t\t\t\t\t<span class=\"icon-sun\"><br \/>\n\t\t\t\t\t\t\t<img loading=\"lazy\" decoding=\"async\" src=\"https:\/\/www.acidadeon.com\/ribeiraopreto\/wp-content\/plugins\/oknaudio\/application\/assets\/img\/iconSun.svg\" alt=\"Modo claro\" width=\"24\" height=\"24\"\/><br \/>\n\t\t\t\t\t\t<\/span><\/p>\n<p>\t\t\t\t\t\t<span class=\"icon-moon\"><br \/>\n\t\t\t\t\t\t\t<img loading=\"lazy\" decoding=\"async\" src=\"https:\/\/www.acidadeon.com\/ribeiraopreto\/wp-content\/plugins\/oknaudio\/application\/assets\/img\/iconMoon.svg\" alt=\"Modo escuro\" width=\"24\" height=\"24\"\/><br \/>\n\t\t\t\t\t\t<\/span><\/p>\n<p>\n\t\t\t\t\t\t\t<span id=\"fontPlus\">A+<\/span><br \/>\n\t\t\t\t\t\t\t<span id=\"fontMinus\">A-<\/span>\n\t\t\t\t\t\t<\/p>\n<\/p><\/div>\n<\/p><\/div>\n<\/p><\/div>\n<p><button type=\"button\" title=\"Salvar mat\u00e9ria\" class=\"dso bookmark-injection bookmark-save\"><br \/>\n        <svg xmlns=\"http:\/\/www.w3.org\/2000\/svg\" width=\"20\" height=\"24\" viewbox=\"0 0 20 24\" fill=\"none\">\n            <path d=\"M1 23V1H19V23L10 15.6667L1 23Z\" stroke=\"black\" stroke-width=\"1.3\" stroke-linejoin=\"round\"\/>\n        <\/svg><br \/>\n    <\/button> <\/p>\n<figure class=\"wp-block-embed is-type-video is-provider-youtube wp-block-embed-youtube wp-embed-aspect-4-3 wp-has-aspect-ratio\">\n<p>\n<iframe loading=\"lazy\" title=\"AO VIVO: CONVOCA\u00c7\u00c3O DA SELE\u00c7\u00c3O BRASILEIRA MASCULINA PRINCIPAL - 16\/03\/26\" width=\"500\" height=\"281\" src=\"https:\/\/www.youtube.com\/embed\/et5yY1Z5BzM?feature=oembed\" frameborder=\"0\" allow=\"accelerometer; autoplay; clipboard-write; encrypted-media; gyroscope; picture-in-picture; web-share\" referrerpolicy=\"strict-origin-when-cross-origin\" allowfullscreen><\/iframe>\n<\/p>\n<\/figure>\n<p>O t\u00e9cnico da<strong> Sele\u00e7\u00e3o Brasileira<\/strong>, <strong>Carlo Ancelotti<\/strong>, anuncia na tarde desta segunda-feira (16), \u00e0s 15h30, a \u00faltima convoca\u00e7\u00e3o antes da <strong>Copa do Mundo<\/strong>. A sele\u00e7\u00e3o se prepara para os amistosos contra a<strong> Fran\u00e7a<\/strong> e a <strong>Cro\u00e1cia<\/strong>, na Data FIFA de mar\u00e7o, nos Estados Unidos.<\/p>\n<p>No dia 26, a Amarelinha enfrenta a Fran\u00e7a, no Gillette Stadium, em Boston, \u00e0s 17h (de Bras\u00edlia). J\u00e1 no dia 31, encara a Cro\u00e1cia, no Camping World Stadium, em Orlando, \u00e0s 21h (de Bras\u00edlia). Franceses e croatas est\u00e3o no Top 10 do Ranking Mundial Masculino da FIFA: a Fran\u00e7a ocupa a terceira coloca\u00e7\u00e3o, e a Cro\u00e1cia, a d\u00e9cima.<\/p>\n<h2 class=\"wp-block-heading\"><strong>Convocados<\/strong><\/h2>\n<h3 class=\"wp-block-heading\"><strong>Goleiros<\/strong><\/h3>\n<p>Alisson \u2013 Liverpool<\/p>\n<p>Bento \u2013 Al Nasr<\/p>\n<p>Ederson \u2013 Fenerbahce<\/p>\n<h3 class=\"wp-block-heading\"><strong>Defensores<\/strong><\/h3>\n<p>Alex Sandro \u2013 Flamengo<\/p>\n<p>Bremer \u2013 Juventus<\/p>\n<p>Danilo \u2013 Flamengo<\/p>\n<p>Douglas Santos \u2013 Zenit<\/p>\n<p>Gabriel Magalh\u00e3es \u2013 Arsenal<\/p>\n<p>Iba\u00f1ez \u2013 Al Ahli-ARS<\/p>\n<p>L\u00e9o Pereira \u2013 Flamengo<\/p>\n<p>Marquinhos -PSG<\/p>\n<p>Wesley-Roma<\/p>\n<h3 class=\"wp-block-heading\"><strong>Meio-campistas<\/strong><\/h3>\n<p>Andrey Santos-Chelsea<\/p>\n<p>Casemiro-Manchester United<\/p>\n<p>Danilo \u2013 Botafogo<\/p>\n<p>Fabinho- Al Ittihad<\/p>\n<p>Gabriel Sara \u2013 Galatasaray<\/p>\n<h3 class=\"wp-block-heading\"><strong>Atacantes<\/strong><\/h3>\n<p>Endrick \u2013 Lyon<\/p>\n<p>Gabriel Martinelli \u2013 Arsenal<\/p>\n<p>Igor Thiago \u2013 Brentford<\/p>\n<p>Luiz Henrique \u2013 Zenit<\/p>\n<p>Jo\u00e3o Pedro \u2013 Chelsea<\/p>\n<p>Matheus Cunha \u2013 Matheus Cunha<\/p>\n<p>Raphinha \u2013 Barcelona<\/p>\n<p>Rayan \u2013 Bournemouth<\/p>\n<p>Vinicius Jr \u2013 Real Madrid<\/p>\n<figure class=\"wp-block-gallery has-nested-images columns-default is-cropped wp-block-gallery-1 is-layout-flex wp-block-gallery-is-layout-flex\">\n<figure class=\"wp-block-image size-large\"><img data-recalc-dims=\"1\" loading=\"lazy\" decoding=\"async\" width=\"1024\" height=\"678\" data-id=\"149006\" src=\"https:\/\/i0.wp.com\/cdn.media-acidadeon.com.br\/ribeiraopreto\/wp-content\/uploads\/sites\/3\/2026\/03\/convocacao-selecao-brasileira-1_2026-03-16_16-08-43.webp?resize=1024%2C678&#038;ssl=1\" alt=\"convocacao selecao brasileira 1 2026 03 16 16 08 43\" class=\"wp-image-149006\" title=\"Confira quem foi chamado por Ancelotti na \u00faltima convoca\u00e7\u00e3o antes da Copa 1\" srcset=\"https:\/\/www.acidadeon.com\/ribeiraopreto\/wp-content\/uploads\/sites\/3\/2026\/03\/convocacao-selecao-brasileira-1_2026-03-16_16-08-43.webp 1024w, https:\/\/www.acidadeon.com\/ribeiraopreto\/wp-content\/uploads\/sites\/3\/2026\/03\/convocacao-selecao-brasileira-1_2026-03-16_16-08-43-300x199.webp 300w, https:\/\/www.acidadeon.com\/ribeiraopreto\/wp-content\/uploads\/sites\/3\/2026\/03\/convocacao-selecao-brasileira-1_2026-03-16_16-08-43-768x509.webp 768w, https:\/\/www.acidadeon.com\/ribeiraopreto\/wp-content\/uploads\/sites\/3\/2026\/03\/convocacao-selecao-brasileira-1_2026-03-16_16-08-43-696x461.webp 696w\" sizes=\"auto, (max-width: 1024px) 100vw, 1024px\"\/><figcaption class=\"wp-element-caption\">FOTO: @rafaelribeirorio \/ CBF<\/figcaption><\/figure>\n<figure class=\"wp-block-image size-large\"><img data-recalc-dims=\"1\" loading=\"lazy\" decoding=\"async\" width=\"800\" height=\"553\" data-id=\"149007\" src=\"https:\/\/i0.wp.com\/cdn.media-acidadeon.com.br\/ribeiraopreto\/wp-content\/uploads\/sites\/3\/2026\/03\/convocacao-selecao-brasileira-2_2026-03-16_16-08-43.webp?resize=800%2C553&#038;ssl=1\" alt=\"convocacao selecao brasileira 2 2026 03 16 16 08 43\" class=\"wp-image-149007\" title=\"Confira quem foi chamado por Ancelotti na \u00faltima convoca\u00e7\u00e3o antes da Copa 2\" srcset=\"https:\/\/www.acidadeon.com\/ribeiraopreto\/wp-content\/uploads\/sites\/3\/2026\/03\/convocacao-selecao-brasileira-2_2026-03-16_16-08-43.webp 800w, https:\/\/www.acidadeon.com\/ribeiraopreto\/wp-content\/uploads\/sites\/3\/2026\/03\/convocacao-selecao-brasileira-2_2026-03-16_16-08-43-300x207.webp 300w, https:\/\/www.acidadeon.com\/ribeiraopreto\/wp-content\/uploads\/sites\/3\/2026\/03\/convocacao-selecao-brasileira-2_2026-03-16_16-08-43-768x531.webp 768w, https:\/\/www.acidadeon.com\/ribeiraopreto\/wp-content\/uploads\/sites\/3\/2026\/03\/convocacao-selecao-brasileira-2_2026-03-16_16-08-43-218x150.webp 218w, https:\/\/www.acidadeon.com\/ribeiraopreto\/wp-content\/uploads\/sites\/3\/2026\/03\/convocacao-selecao-brasileira-2_2026-03-16_16-08-43-696x481.webp 696w\" sizes=\"auto, (max-width: 800px) 100vw, 800px\"\/><figcaption class=\"wp-element-caption\">FOTO: @rafaelribeirorio \/ CBF<\/figcaption><\/figure>\n<figure class=\"wp-block-image size-large\"><img data-recalc-dims=\"1\" loading=\"lazy\" decoding=\"async\" width=\"799\" height=\"533\" data-id=\"149005\" src=\"https:\/\/i0.wp.com\/cdn.media-acidadeon.com.br\/ribeiraopreto\/wp-content\/uploads\/sites\/3\/2026\/03\/convocacao-selecao-brasileira-3_2026-03-16_16-08-43.webp?resize=799%2C533&#038;ssl=1\" alt=\"convocacao selecao brasileira 3 2026 03 16 16 08 43\" class=\"wp-image-149005\" title=\"Confira quem foi chamado por Ancelotti na \u00faltima convoca\u00e7\u00e3o antes da Copa 3\" srcset=\"https:\/\/www.acidadeon.com\/ribeiraopreto\/wp-content\/uploads\/sites\/3\/2026\/03\/convocacao-selecao-brasileira-3_2026-03-16_16-08-43.webp 799w, https:\/\/www.acidadeon.com\/ribeiraopreto\/wp-content\/uploads\/sites\/3\/2026\/03\/convocacao-selecao-brasileira-3_2026-03-16_16-08-43-300x200.webp 300w, https:\/\/www.acidadeon.com\/ribeiraopreto\/wp-content\/uploads\/sites\/3\/2026\/03\/convocacao-selecao-brasileira-3_2026-03-16_16-08-43-768x512.webp 768w, https:\/\/www.acidadeon.com\/ribeiraopreto\/wp-content\/uploads\/sites\/3\/2026\/03\/convocacao-selecao-brasileira-3_2026-03-16_16-08-43-696x464.webp 696w\" sizes=\"auto, (max-width: 799px) 100vw, 799px\"\/><figcaption class=\"wp-element-caption\">FOTO: @rafaelribeirorio \/ CBF<\/figcaption><\/figure>\n<\/figure>\n<h2 class=\"wp-block-heading\"><strong>Planejamento<\/strong><\/h2>\n<p>Com estes advers\u00e1rios, o departamento de Sele\u00e7\u00f5es cumprir\u00e1 o planejamento tra\u00e7ado para que o Brasil enfrentasse sele\u00e7\u00f5es fortes de diferentes escolas mundiais. Desde o fim das Eliminat\u00f3rias, a equipe encarou, em outubro, os asi\u00e1ticos Coreia do Sul e Jap\u00e3o e, em novembro, os africanos Senegal e Tun\u00edsia.<\/p>\n<p>A lista que ser\u00e1 divulgada nesta segunda-feira (16) \u00e9 a \u00faltima antes da convoca\u00e7\u00e3o para a Copa do Mundo.<\/p>\n<p>SAIBA MAIS<br \/>Sol ou chuva? Veja previs\u00e3o para a \u00faltima semana do ver\u00e3o em Ribeir\u00e3o Preto<\/p>\n<h2 class=\"wp-block-heading\"><strong>FIQUE ON<\/strong><\/h2>\n<p>Fique ligado em tudo que acontece em Ribeir\u00e3o Preto e regi\u00e3o. Siga os perfis do\u00a0<strong>acidade on<\/strong>\u00a0no<a href=\"https:\/\/www.instagram.com\/acidadeonribeirao\" target=\"_blank\" rel=\"noreferrer noopener\">\u00a0Instagram<\/a>\u00a0e no\u00a0<a href=\"https:\/\/www.facebook.com\/acidadeonribeirao\/\" target=\"_blank\" rel=\"noreferrer noopener\">Facebook<\/a>.<\/p>\n<p>Receba not\u00edcias do<strong>\u00a0acidade on<\/strong>\u00a0no WhatsApp. Para entrar no grupo,\u00a0basta\u00a0<a href=\"https:\/\/chat.whatsapp.com\/GFH9HUMUTHNFJdnyEd0xxq\" target=\"_blank\" rel=\"noreferrer noopener\">clicar aqui<\/a>. Ou, acesse o nosso\u00a0Canal<a href=\"https:\/\/whatsapp.com\/channel\/0029Vb6IQl1JENyAeS57fk2p\" target=\"_blank\" rel=\"noreferrer noopener\">\u00a0clicando aqui<\/a>.<\/p>\n<p>Fa\u00e7a uma den\u00fancia ou sugira uma reportagem sobre Ribeir\u00e3o Preto e regi\u00e3o pelo WhatsApp: 16 99117 7802.<\/p>\n<p>VEJA TAMB\u00c9M<br \/>Salgados de festa: 4 receitas pr\u00e1ticas para fazer em casa<\/p>\n<p><input type=\"hidden\" name=\"postID\" id=\"postID\" value=\"149002\"\/><br \/>\n            <input type=\"hidden\" name=\"postType\" id=\"postType\" value=\"post\"\/><br \/>\n<!-- AI CONTENT END 1 -->\n        <\/div>\n<p><script async src=\"\/\/www.instagram.com\/embed.js\"><\/script><br \/>\n<br \/><br \/>\n<br \/><a href=\"https:\/\/www.acidadeon.com\/ribeiraopreto\/esportes\/confira-quem-foi-chamado-por-ancelotti-na-ultima-convocacao-antes-da-copa\/\">Source link <\/a><\/p>\n<!-- CONTENT END 1 -->\n","protected":false},"excerpt":{"rendered":"<p>00:00 A+ A- O t\u00e9cnico da Sele\u00e7\u00e3o Brasileira, Carlo Ancelotti, anuncia na tarde desta segunda-feira (16), \u00e0s 15h30, a \u00faltima convoca\u00e7\u00e3o antes da Copa do&#8230;<\/p>\n","protected":false},"author":1,"featured_media":83349,"comment_status":"open","ping_status":"open","sticky":false,"template":"","format":"standard","meta":{"advanced_seo_description":"","jetpack_seo_html_title":"","jetpack_seo_noindex":false,"jetpack_post_was_ever_published":false,"_jetpack_newsletter_access":"","_jetpack_dont_email_post_to_subs":false,"_jetpack_newsletter_tier_id":0,"_jetpack_memberships_contains_paywalled_content":false,"_jetpack_memberships_contains_paid_content":false,"footnotes":"","jetpack_publicize_message":"","jetpack_publicize_feature_enabled":true,"jetpack_social_post_already_shared":true,"jetpack_social_options":{"image_generator_settings":{"template":"highway","default_image_id":0,"font":"","enabled":false},"version":2}},"categories":[11],"tags":[],"class_list":["post-83347","post","type-post","status-publish","format-standard","has-post-thumbnail","hentry","category-noticias-de-ribeirao-preto-sp-e-regiao-ismael-colosi"],"jetpack_publicize_connections":[],"jetpack_featured_media_url":"https:\/\/i0.wp.com\/noticiasribeiraopreto.com.br\/wp-content\/uploads\/2026\/03\/carlo-ancelotti_2026-03-16_15-59-37.webp.webp?fit=1200%2C807&ssl=1","jetpack-related-posts":[{"id":33212,"url":"https:\/\/noticiasribeiraopreto.com.br\/index.php\/2024\/01\/28\/agenda-economica-tem-super-quarta-com-decisoes-de-juros-no-brasil-e-eua-balancos-e-os-dados-do-payroll\/","url_meta":{"origin":83347,"position":0},"title":"Agenda econ\u00f4mica tem\u00a0Super Quarta com decis\u00f5es de juros no Brasil e EUA, balan\u00e7os e os dados do payroll","author":"noticiasribeiraopreto.com.br","date":"28 de January de 2024","format":false,"excerpt":"A agenda econ\u00f4mica da reserva momentos decisivos no cen\u00e1rio econ\u00f4mico global, com um foco especial na \"Super Quarta\", quando Brasil e Estados Unidos anunciar\u00e3o suas respectivas taxas de juros. A expectativa em torno da nova taxa Selic pelo Comit\u00ea de Pol\u00edtica Monet\u00e1ria (Copom) do Brasil e da dos juros nos\u2026","rel":"","context":"In &quot;Dinheiro e Investimento&quot;","block_context":{"text":"Dinheiro e Investimento","link":"https:\/\/noticiasribeiraopreto.com.br\/index.php\/category\/dinheiro-e-investimento-como-fazer-como-ganhar\/"},"img":{"alt_text":"","src":"https:\/\/i0.wp.com\/noticiasribeiraopreto.com.br\/wp-content\/uploads\/2024\/01\/Powell-e-Fofo-do-Campos-Neto-v1-2-e1706294495646-715x402.jpg?fit=715%2C402&ssl=1&resize=350%2C200","width":350,"height":200,"srcset":"https:\/\/i0.wp.com\/noticiasribeiraopreto.com.br\/wp-content\/uploads\/2024\/01\/Powell-e-Fofo-do-Campos-Neto-v1-2-e1706294495646-715x402.jpg?fit=715%2C402&ssl=1&resize=350%2C200 1x, https:\/\/i0.wp.com\/noticiasribeiraopreto.com.br\/wp-content\/uploads\/2024\/01\/Powell-e-Fofo-do-Campos-Neto-v1-2-e1706294495646-715x402.jpg?fit=715%2C402&ssl=1&resize=525%2C300 1.5x, https:\/\/i0.wp.com\/noticiasribeiraopreto.com.br\/wp-content\/uploads\/2024\/01\/Powell-e-Fofo-do-Campos-Neto-v1-2-e1706294495646-715x402.jpg?fit=715%2C402&ssl=1&resize=700%2C400 2x"},"classes":[]},{"id":20493,"url":"https:\/\/noticiasribeiraopreto.com.br\/index.php\/2023\/12\/25\/linha-de-onibus-14-jardim-botanico-tera-quadro-de-horarios-alterado-nesta-terca-26\/","url_meta":{"origin":83347,"position":1},"title":"Linha de \u00f4nibus 14 \u2013 Jardim Bot\u00e2nico ter\u00e1 quadro de hor\u00e1rios alterado nesta ter\u00e7a, 26","author":"noticiasribeiraopreto.com.br","date":"25 de December de 2023","format":false,"excerpt":"25 de dezembro de 2023 | 18:0022 de dezembro de 2023 | 17:53 0A RP Mobi anunciou que a partir da pr\u00f3xima ter\u00e7a-feira, dia 26 de janeiro, a linha alimentadora 14 \u2013 Jardim Bot\u00e2nico ter\u00e1 seu quadro de hor\u00e1rios alterado e o itiner\u00e1rio estendido nos dias \u00fateis, de segunda a\u2026","rel":"","context":"In &quot;Not\u00edcias de Ribeir\u00e3o Preto-SP e Regi\u00e3o&quot;","block_context":{"text":"Not\u00edcias de Ribeir\u00e3o Preto-SP e Regi\u00e3o","link":"https:\/\/noticiasribeiraopreto.com.br\/index.php\/category\/noticias-de-ribeirao-preto-sp-e-regiao-ismael-colosi\/"},"img":{"alt_text":"","src":"https:\/\/i0.wp.com\/noticiasribeiraopreto.com.br\/wp-content\/uploads\/2023\/12\/foto_jd_botanico-scaled.jpeg?fit=860%2C645&ssl=1&resize=350%2C200","width":350,"height":200,"srcset":"https:\/\/i0.wp.com\/noticiasribeiraopreto.com.br\/wp-content\/uploads\/2023\/12\/foto_jd_botanico-scaled.jpeg?fit=860%2C645&ssl=1&resize=350%2C200 1x, https:\/\/i0.wp.com\/noticiasribeiraopreto.com.br\/wp-content\/uploads\/2023\/12\/foto_jd_botanico-scaled.jpeg?fit=860%2C645&ssl=1&resize=525%2C300 1.5x, https:\/\/i0.wp.com\/noticiasribeiraopreto.com.br\/wp-content\/uploads\/2023\/12\/foto_jd_botanico-scaled.jpeg?fit=860%2C645&ssl=1&resize=700%2C400 2x"},"classes":[]},{"id":20175,"url":"https:\/\/noticiasribeiraopreto.com.br\/index.php\/2023\/12\/24\/rp-mobi-altera-linha-alimentadora-da-zona-sul-de-ribeirao-preto\/","url_meta":{"origin":83347,"position":2},"title":"RP Mobi altera linha alimentadora da zona Sul de Ribeir\u00e3o Preto","author":"noticiasribeiraopreto.com.br","date":"24 de December de 2023","format":false,"excerpt":"A RP Mobi, antiga Transerp, anunciou que, a partir da pr\u00f3xima ter\u00e7a-feira (26), a \u2018linha alimentadora 14 \u2013 Jardim Bot\u00e2nico\u2019 ter\u00e1 seu quadro de hor\u00e1rios alterado e o itiner\u00e1rio estendido nos dias \u00fateis, de segunda a sexta-feira. \u201cA altera\u00e7\u00e3o nos hor\u00e1rios da linha tem como objetivo proporcionar melhores condi\u00e7\u00f5es de\u2026","rel":"","context":"In &quot;Not\u00edcias de Ribeir\u00e3o Preto-SP e Regi\u00e3o&quot;","block_context":{"text":"Not\u00edcias de Ribeir\u00e3o Preto-SP e Regi\u00e3o","link":"https:\/\/noticiasribeiraopreto.com.br\/index.php\/category\/noticias-de-ribeirao-preto-sp-e-regiao-ismael-colosi\/"},"img":{"alt_text":"","src":"https:\/\/i0.wp.com\/noticiasribeiraopreto.com.br\/wp-content\/uploads\/2023\/12\/onibus.jpeg?fit=1156%2C867&ssl=1&resize=350%2C200","width":350,"height":200,"srcset":"https:\/\/i0.wp.com\/noticiasribeiraopreto.com.br\/wp-content\/uploads\/2023\/12\/onibus.jpeg?fit=1156%2C867&ssl=1&resize=350%2C200 1x, https:\/\/i0.wp.com\/noticiasribeiraopreto.com.br\/wp-content\/uploads\/2023\/12\/onibus.jpeg?fit=1156%2C867&ssl=1&resize=525%2C300 1.5x, https:\/\/i0.wp.com\/noticiasribeiraopreto.com.br\/wp-content\/uploads\/2023\/12\/onibus.jpeg?fit=1156%2C867&ssl=1&resize=700%2C400 2x, https:\/\/i0.wp.com\/noticiasribeiraopreto.com.br\/wp-content\/uploads\/2023\/12\/onibus.jpeg?fit=1156%2C867&ssl=1&resize=1050%2C600 3x"},"classes":[]},{"id":84239,"url":"https:\/\/noticiasribeiraopreto.com.br\/index.php\/2026\/04\/05\/botafogo-perde-de-virada-para-o-sao-bernardo-na-serie-b\/","url_meta":{"origin":83347,"position":3},"title":"Botafogo perde de virada para o S\u00e3o Bernardo na S\u00e9rie B","author":"noticiasribeiraopreto.com.br","date":"5 de April de 2026","format":false,"excerpt":"Ler o resumo da not\u00edcia Botafogo perde de virada para o S\u00e3o Bernardo na S\u00e9rie B O Botafogo perdeu de virada, por 2 a 1, para o S\u00e3o Bernardo na noite deste domingo (5), em partida realizada na Arena Nicnet\/Est\u00e1dio Santa Cruz, em Ribeir\u00e3o Preto. Os gols O Botafogo abriu\u2026","rel":"","context":"In &quot;Not\u00edcias de Ribeir\u00e3o Preto-SP e Regi\u00e3o&quot;","block_context":{"text":"Not\u00edcias de Ribeir\u00e3o Preto-SP e Regi\u00e3o","link":"https:\/\/noticiasribeiraopreto.com.br\/index.php\/category\/noticias-de-ribeirao-preto-sp-e-regiao-ismael-colosi\/"},"img":{"alt_text":"","src":"https:\/\/i0.wp.com\/noticiasribeiraopreto.com.br\/wp-content\/uploads\/2026\/04\/WhatsApp-Image-2026-04-05-at-21.38.19_2026-04-06_00-54-09.webp.webp?fit=1200%2C800&ssl=1&resize=350%2C200","width":350,"height":200,"srcset":"https:\/\/i0.wp.com\/noticiasribeiraopreto.com.br\/wp-content\/uploads\/2026\/04\/WhatsApp-Image-2026-04-05-at-21.38.19_2026-04-06_00-54-09.webp.webp?fit=1200%2C800&ssl=1&resize=350%2C200 1x, https:\/\/i0.wp.com\/noticiasribeiraopreto.com.br\/wp-content\/uploads\/2026\/04\/WhatsApp-Image-2026-04-05-at-21.38.19_2026-04-06_00-54-09.webp.webp?fit=1200%2C800&ssl=1&resize=525%2C300 1.5x, https:\/\/i0.wp.com\/noticiasribeiraopreto.com.br\/wp-content\/uploads\/2026\/04\/WhatsApp-Image-2026-04-05-at-21.38.19_2026-04-06_00-54-09.webp.webp?fit=1200%2C800&ssl=1&resize=700%2C400 2x, https:\/\/i0.wp.com\/noticiasribeiraopreto.com.br\/wp-content\/uploads\/2026\/04\/WhatsApp-Image-2026-04-05-at-21.38.19_2026-04-06_00-54-09.webp.webp?fit=1200%2C800&ssl=1&resize=1050%2C600 3x"},"classes":[]},{"id":55566,"url":"https:\/\/noticiasribeiraopreto.com.br\/index.php\/2024\/08\/03\/oportunidade-senac-abre-vagas-com-salario-de-r-2-82400-para-auxiliar-administrativo-veja-como-se-inscrever-2\/","url_meta":{"origin":83347,"position":4},"title":"Oportunidade! SENAC abre vagas com sal\u00e1rio de R$ 2.824,00 para Auxiliar Administrativo; Veja como se inscrever","author":"noticiasribeiraopreto.com.br","date":"3 de August de 2024","format":false,"excerpt":"O SENAC anunciou nesta quarta-feira (7\/10) que iniciar\u00e1 a inscri\u00e7\u00e3o no processo seletivo de auxiliar administrativo com remunera\u00e7\u00e3o de R$ 2.824,00 para uma jornada de trabalho semanal de 40 horas. Para participar do processo seletivo, \u00e9 preciso ter conclu\u00eddo o ensino m\u00e9dio, ter experi\u00eancia em contas a receber, caixa e\u2026","rel":"","context":"In &quot;Empregos - Classificados&quot;","block_context":{"text":"Empregos - Classificados","link":"https:\/\/noticiasribeiraopreto.com.br\/index.php\/category\/empregos-classificados-vagas-trabalho\/"},"img":{"alt_text":"","src":"https:\/\/i0.wp.com\/noticiasribeiraopreto.com.br\/wp-content\/uploads\/2024\/07\/Programa-de-estagio.webp.webp?fit=1200%2C630&ssl=1&resize=350%2C200","width":350,"height":200,"srcset":"https:\/\/i0.wp.com\/noticiasribeiraopreto.com.br\/wp-content\/uploads\/2024\/07\/Programa-de-estagio.webp.webp?fit=1200%2C630&ssl=1&resize=350%2C200 1x, https:\/\/i0.wp.com\/noticiasribeiraopreto.com.br\/wp-content\/uploads\/2024\/07\/Programa-de-estagio.webp.webp?fit=1200%2C630&ssl=1&resize=525%2C300 1.5x, https:\/\/i0.wp.com\/noticiasribeiraopreto.com.br\/wp-content\/uploads\/2024\/07\/Programa-de-estagio.webp.webp?fit=1200%2C630&ssl=1&resize=700%2C400 2x, https:\/\/i0.wp.com\/noticiasribeiraopreto.com.br\/wp-content\/uploads\/2024\/07\/Programa-de-estagio.webp.webp?fit=1200%2C630&ssl=1&resize=1050%2C600 3x"},"classes":[]},{"id":34628,"url":"https:\/\/noticiasribeiraopreto.com.br\/index.php\/2024\/02\/02\/analista-administrativo-em-home-office-com-salario-de-r-2-00000-segunda-a-sexta-feira-das-0800-as-1800\/","url_meta":{"origin":83347,"position":5},"title":"Analista Administrativo em HOME OFFICE com sal\u00e1rio de R$ 2.000,00 Segunda a sexta-feira das 08:00 \u00e0s 18:00","author":"noticiasribeiraopreto.com.br","date":"2 de February de 2024","format":false,"excerpt":"Home Office Analista Administrativo em HOME OFFICE com sal\u00e1rio de R$ 2.000,00 Segunda a sexta-feira das 08:00 \u00e0s 18:00 Home Office Stefanini abre vagas HOME OFFICE com sal\u00e1rio de 2 MIL POR M\u00caS no cargo de Assistente Administrativo Home Office Mindbe abriu vaga HOME OFFICE para Operadores de Telemarketing SAC\u2026","rel":"","context":"In &quot;Vagas de Emprego Remoto - Home Office&quot;","block_context":{"text":"Vagas de Emprego Remoto - Home Office","link":"https:\/\/noticiasribeiraopreto.com.br\/index.php\/category\/empregos-classificados-vagas-trabalho\/vagas-de-empregos-em-ribeirao-preto-regiao-brasil\/vagas-de-emprego-para-trabalhar-de-casa-home-office-remoto\/"},"img":{"alt_text":"","src":"https:\/\/i0.wp.com\/noticiasribeiraopreto.com.br\/wp-content\/uploads\/2024\/02\/ARTA-761x492.webp?fit=761%2C492&ssl=1&resize=350%2C200","width":350,"height":200,"srcset":"https:\/\/i0.wp.com\/noticiasribeiraopreto.com.br\/wp-content\/uploads\/2024\/02\/ARTA-761x492.webp?fit=761%2C492&ssl=1&resize=350%2C200 1x, https:\/\/i0.wp.com\/noticiasribeiraopreto.com.br\/wp-content\/uploads\/2024\/02\/ARTA-761x492.webp?fit=761%2C492&ssl=1&resize=525%2C300 1.5x, https:\/\/i0.wp.com\/noticiasribeiraopreto.com.br\/wp-content\/uploads\/2024\/02\/ARTA-761x492.webp?fit=761%2C492&ssl=1&resize=700%2C400 2x"},"classes":[]}],"jetpack_sharing_enabled":true,"jetpack_shortlink":"https:\/\/wp.me\/peQAOb-lGj","_links":{"self":[{"href":"https:\/\/noticiasribeiraopreto.com.br\/index.php\/wp-json\/wp\/v2\/posts\/83347","targetHints":{"allow":["GET"]}}],"collection":[{"href":"https:\/\/noticiasribeiraopreto.com.br\/index.php\/wp-json\/wp\/v2\/posts"}],"about":[{"href":"https:\/\/noticiasribeiraopreto.com.br\/index.php\/wp-json\/wp\/v2\/types\/post"}],"author":[{"embeddable":true,"href":"https:\/\/noticiasribeiraopreto.com.br\/index.php\/wp-json\/wp\/v2\/users\/1"}],"replies":[{"embeddable":true,"href":"https:\/\/noticiasribeiraopreto.com.br\/index.php\/wp-json\/wp\/v2\/comments?post=83347"}],"version-history":[{"count":0,"href":"https:\/\/noticiasribeiraopreto.com.br\/index.php\/wp-json\/wp\/v2\/posts\/83347\/revisions"}],"wp:featuredmedia":[{"embeddable":true,"href":"https:\/\/noticiasribeiraopreto.com.br\/index.php\/wp-json\/wp\/v2\/media\/83349"}],"wp:attachment":[{"href":"https:\/\/noticiasribeiraopreto.com.br\/index.php\/wp-json\/wp\/v2\/media?parent=83347"}],"wp:term":[{"taxonomy":"category","embeddable":true,"href":"https:\/\/noticiasribeiraopreto.com.br\/index.php\/wp-json\/wp\/v2\/categories?post=83347"},{"taxonomy":"post_tag","embeddable":true,"href":"https:\/\/noticiasribeiraopreto.com.br\/index.php\/wp-json\/wp\/v2\/tags?post=83347"}],"curies":[{"name":"wp","href":"https:\/\/api.w.org\/{rel}","templated":true}]}}