{"id":83350,"date":"2026-03-16T23:45:18","date_gmt":"2026-03-17T02:45:18","guid":{"rendered":"https:\/\/noticiasribeiraopreto.com.br\/index.php\/2026\/03\/16\/ministro-do-stf-proibe-aposentadoria-compulsoria-como-punicao-para-juizes\/"},"modified":"2026-03-16T23:45:18","modified_gmt":"2026-03-17T02:45:18","slug":"ministro-do-stf-proibe-aposentadoria-compulsoria-como-punicao-para-juizes","status":"publish","type":"post","link":"https:\/\/noticiasribeiraopreto.com.br\/index.php\/2026\/03\/16\/ministro-do-stf-proibe-aposentadoria-compulsoria-como-punicao-para-juizes\/","title":{"rendered":"Ministro do STF pro\u00edbe aposentadoria compuls\u00f3ria como puni\u00e7\u00e3o para ju\u00edzes"},"content":{"rendered":"<div class='code-block code-block-1' style='margin: 8px 0 8px auto; text-align: right; display: block; clear: both;'>\n<p><a href=\"https:\/\/wa.link\/vpicfd\"><img data-recalc-dims=\"1\" class=\"wp-image-4922\" style=\"aspect-ratio: 2.0253164556962027; width: 561px; height: auto;\" src=\"https:\/\/i0.wp.com\/ismaelcolosi.com.br\/wp-content\/uploads\/2023\/11\/grupo-de-empregos-whatsapp-e-facebook-ismael-colosi-vagas.jpg?ssl=1\" alt=\"\" \/><\/a><\/p>\n<!-- \/wp:image -->\n<\/div>\n<p> <br \/>\n<\/p>\n<div id=\"dsoaudio\">\n<div class=\"oknaudio play-audio\" data-tts=\"\" data-tts-source=\"#dsoaudio\" data-tts-voice=\"pt-BR\" data-tts-wpm=\"160\">\n<div class=\"player\">\n\t\t\t\t\t<button class=\"play-btn\" id=\"playBtn\"><br \/>\n\t\t\t\t\t\t<svg id=\"playIcon\" viewbox=\"0 0 24 24\"><polygon points=\"5,3 19,12 5,21\"\/><\/svg><br \/>\n\t\t\t\t\t<\/button><\/p>\n<p>00:00<\/p>\n<p>\t\t\t\t\t<!-- CONTROLES --><\/p>\n<div class=\"controls\">\n\t\t\t\t\t\t<span class=\"icon-sun\"><br \/>\n\t\t\t\t\t\t\t<img loading=\"lazy\" decoding=\"async\" src=\"https:\/\/www.acidadeon.com\/ribeiraopreto\/wp-content\/plugins\/oknaudio\/application\/assets\/img\/iconSun.svg\" alt=\"Modo claro\" width=\"24\" height=\"24\"\/><br \/>\n\t\t\t\t\t\t<\/span><\/p>\n<p>\t\t\t\t\t\t<span class=\"icon-moon\"><br \/>\n\t\t\t\t\t\t\t<img loading=\"lazy\" decoding=\"async\" src=\"https:\/\/www.acidadeon.com\/ribeiraopreto\/wp-content\/plugins\/oknaudio\/application\/assets\/img\/iconMoon.svg\" alt=\"Modo escuro\" width=\"24\" height=\"24\"\/><br \/>\n\t\t\t\t\t\t<\/span><\/p>\n<p>\n\t\t\t\t\t\t\t<span id=\"fontPlus\">A+<\/span><br \/>\n\t\t\t\t\t\t\t<span id=\"fontMinus\">A-<\/span>\n\t\t\t\t\t\t<\/p>\n<\/p><\/div>\n<\/p><\/div>\n<\/p><\/div>\n<p><button type=\"button\" title=\"Salvar mat\u00e9ria\" class=\"dso bookmark-injection bookmark-save\"><br \/>\n        <svg xmlns=\"http:\/\/www.w3.org\/2000\/svg\" width=\"20\" height=\"24\" viewbox=\"0 0 20 24\" fill=\"none\">\n            <path d=\"M1 23V1H19V23L10 15.6667L1 23Z\" stroke=\"black\" stroke-width=\"1.3\" stroke-linejoin=\"round\"\/>\n        <\/svg><br \/>\n    <\/button> <\/p>\n<p>O ministro <strong>Fl\u00e1vio Dino<\/strong>, do <a href=\"https:\/\/portal.stf.jus.br\/\" data-type=\"link\" data-id=\"https:\/\/portal.stf.jus.br\/\" target=\"_blank\" rel=\"noopener\">STF (Supremo Tribunal Federal)<\/a>, proibiu que ju\u00edzes sejam punidos com aposentadoria compuls\u00f3ria. A decis\u00e3o liminar (pode ser revertida em plen\u00e1rio) foi assinada nesta segunda-feira (16).<\/p>\n<p><mark style=\"background-color:#fcb900\" class=\"has-inline-color has-black-color\">A medida acaba com a aposentadoria compuls\u00f3ria como puni\u00e7\u00e3o a magistrados condenados administrativamente por irregularidades no exerc\u00edcio do cargo.<\/mark><\/p>\n<p>\u201cN\u00e3o existe mais aposentadoria compuls\u00f3ria como \u2018puni\u00e7\u00e3o\u2019 a magistrados, em face da Emenda Constitucional 103 (Reforma da Previd\u00eancia). Infra\u00e7\u00f5es graves de magistrados devem ser punidas com a perda do cargo\u201d, prop\u00f4s o ministro como tese de julgamento.<\/p>\n<p>A decis\u00e3o \u00e9 monocr\u00e1tica e dever\u00e1 ainda ser analisada pelo pr\u00f3prio Supremo, que decidir\u00e1 se a mant\u00e9m ou n\u00e3o. Ainda n\u00e3o h\u00e1 data nem prazo para que isso ocorra.<\/p>\n<figure class=\"wp-block-gallery has-nested-images columns-default is-cropped wp-block-gallery-1 is-layout-flex wp-block-gallery-is-layout-flex\">\n<figure class=\"wp-block-image size-large\"><img data-recalc-dims=\"1\" loading=\"lazy\" decoding=\"async\" width=\"799\" height=\"533\" data-id=\"149015\" src=\"https:\/\/i0.wp.com\/cdn.media-acidadeon.com.br\/ribeiraopreto\/wp-content\/uploads\/sites\/3\/2026\/03\/aposentadoria-compulsoria-1_2026-03-16_17-43-29.webp?resize=799%2C533&#038;ssl=1\" alt=\"aposentadoria compulsoria 1 2026 03 16 17 43 29\" class=\"wp-image-149015\" title=\"Ministro do STF pro\u00edbe aposentadoria compuls\u00f3ria como puni\u00e7\u00e3o para ju\u00edzes 1\" srcset=\"https:\/\/www.acidadeon.com\/ribeiraopreto\/wp-content\/uploads\/sites\/3\/2026\/03\/aposentadoria-compulsoria-1_2026-03-16_17-43-29.webp 799w, https:\/\/www.acidadeon.com\/ribeiraopreto\/wp-content\/uploads\/sites\/3\/2026\/03\/aposentadoria-compulsoria-1_2026-03-16_17-43-29-300x200.webp 300w, https:\/\/www.acidadeon.com\/ribeiraopreto\/wp-content\/uploads\/sites\/3\/2026\/03\/aposentadoria-compulsoria-1_2026-03-16_17-43-29-768x512.webp 768w, https:\/\/www.acidadeon.com\/ribeiraopreto\/wp-content\/uploads\/sites\/3\/2026\/03\/aposentadoria-compulsoria-1_2026-03-16_17-43-29-696x464.webp 696w\" sizes=\"auto, (max-width: 799px) 100vw, 799px\"\/><figcaption class=\"wp-element-caption\">Foto: Luiz Silveira\/STF<\/figcaption><\/figure>\n<figure class=\"wp-block-image size-large\"><img data-recalc-dims=\"1\" loading=\"lazy\" decoding=\"async\" width=\"799\" height=\"533\" data-id=\"149014\" src=\"https:\/\/i0.wp.com\/cdn.media-acidadeon.com.br\/ribeiraopreto\/wp-content\/uploads\/sites\/3\/2026\/03\/aposentadoria-compulsoria-2_2026-03-16_17-43-29.webp?resize=799%2C533&#038;ssl=1\" alt=\"aposentadoria compulsoria 2 2026 03 16 17 43 29\" class=\"wp-image-149014\" title=\"Ministro do STF pro\u00edbe aposentadoria compuls\u00f3ria como puni\u00e7\u00e3o para ju\u00edzes 2\" srcset=\"https:\/\/www.acidadeon.com\/ribeiraopreto\/wp-content\/uploads\/sites\/3\/2026\/03\/aposentadoria-compulsoria-2_2026-03-16_17-43-29.webp 799w, https:\/\/www.acidadeon.com\/ribeiraopreto\/wp-content\/uploads\/sites\/3\/2026\/03\/aposentadoria-compulsoria-2_2026-03-16_17-43-29-300x200.webp 300w, https:\/\/www.acidadeon.com\/ribeiraopreto\/wp-content\/uploads\/sites\/3\/2026\/03\/aposentadoria-compulsoria-2_2026-03-16_17-43-29-768x512.webp 768w, https:\/\/www.acidadeon.com\/ribeiraopreto\/wp-content\/uploads\/sites\/3\/2026\/03\/aposentadoria-compulsoria-2_2026-03-16_17-43-29-696x464.webp 696w\" sizes=\"auto, (max-width: 799px) 100vw, 799px\"\/><figcaption class=\"wp-element-caption\">Foto: Luiz Silveira\/STF<\/figcaption><\/figure>\n<\/figure>\n<h2 class=\"wp-block-heading\"><strong>Origem<\/strong><\/h2>\n<p>Dino tomou a decis\u00e3o em uma a\u00e7\u00e3o aberta por um magistrado que foi punido com a aposentadoria compuls\u00f3ria pelo TJ-RJ (Tribunal de Justi\u00e7a do Rio de Janeiro). Entre as irregularidades estavam a libera\u00e7\u00e3o de bens bloqueados sem parecer do Minist\u00e9rio P\u00fablico e demora deliberada em processos para beneficiar policiais militares milicianos.<\/p>\n<p>A aposentadoria compuls\u00f3ria do magistrado havia sido confirmada pelo CNJ (Conselho Nacional de Justi\u00e7a). Dino determinou que o \u00f3rg\u00e3o julga novamente o processo e, caso decida pela puni\u00e7\u00e3o m\u00e1xima, oficie o TJRJ para que desligue o juiz de seus quadros.<\/p>\n<p><mark style=\"background-color:#fcb900\" class=\"has-inline-color has-black-color\">Dino justificou sua decis\u00e3o aplicando as regras da Reforma da Previd\u00eancia de 2019, que extinguiu qualquer outro crit\u00e9rio de aposentadoria de servidores que n\u00e3o levasse em considera\u00e7\u00e3o apenas a idade ou o tempo de contribui\u00e7\u00e3o.<\/mark><\/p>\n<p>Com isso, o ministro concluiu que a previs\u00e3o de aposentadoria de ju\u00edzes como forma de puni\u00e7\u00e3o se tornou inconstitucional, tendo que ser substitu\u00edda pela perda de cargo.<\/p>\n<p>O ministro determinou o envio de of\u00edcio ao presidente do CNJ, ministro Edson Fachin, \u201cpara \u2013 caso considerar cab\u00edvel \u2013 rever o sistema de responsabilidade disciplinar no \u00e2mbito do Poder Judici\u00e1rio\u201d (Com informa\u00e7\u00f5es <strong>Felipe Pontes\/Ag\u00eancia Brasil<\/strong>).<\/p>\n<p>SAIBA MAIS<br \/>Sol ou chuva? Veja previs\u00e3o para a \u00faltima semana do ver\u00e3o em Ribeir\u00e3o Preto<\/p>\n<h2 class=\"wp-block-heading\"><strong>FIQUE ON<\/strong><\/h2>\n<p>Fique ligado em tudo que acontece em Ribeir\u00e3o Preto e regi\u00e3o. Siga os perfis do\u00a0<strong>acidade on<\/strong>\u00a0no<a href=\"https:\/\/www.instagram.com\/acidadeonribeirao\" target=\"_blank\" rel=\"noreferrer noopener\">\u00a0Instagram<\/a>\u00a0e no\u00a0<a href=\"https:\/\/www.facebook.com\/acidadeonribeirao\/\" target=\"_blank\" rel=\"noreferrer noopener\">Facebook<\/a>.<\/p>\n<p>Receba not\u00edcias do<strong>\u00a0acidade on<\/strong>\u00a0no WhatsApp. Para entrar no grupo,\u00a0basta\u00a0<a href=\"https:\/\/chat.whatsapp.com\/GFH9HUMUTHNFJdnyEd0xxq\" target=\"_blank\" rel=\"noreferrer noopener\">clicar aqui<\/a>. Ou, acesse o nosso\u00a0Canal<a href=\"https:\/\/whatsapp.com\/channel\/0029Vb6IQl1JENyAeS57fk2p\" target=\"_blank\" rel=\"noreferrer noopener\">\u00a0clicando aqui<\/a>.<\/p>\n<p>Fa\u00e7a uma den\u00fancia ou sugira uma reportagem sobre Ribeir\u00e3o Preto e regi\u00e3o pelo WhatsApp: 16 99117 7802.<\/p>\n<p>VEJA TAMB\u00c9M<br \/>Salgados de festa: 4 receitas pr\u00e1ticas para fazer em casa<\/p>\n<p><input type=\"hidden\" name=\"postID\" id=\"postID\" value=\"149012\"\/><br \/>\n            <input type=\"hidden\" name=\"postType\" id=\"postType\" value=\"post\"\/><br \/>\n<!-- AI CONTENT END 1 -->\n        <\/div>\n<p><script async src=\"\/\/www.instagram.com\/embed.js\"><\/script><br \/>\n<br \/><br \/>\n<br \/><a href=\"https:\/\/www.acidadeon.com\/ribeiraopreto\/politica\/ministro-do-stf-proibe-aposentadoria-compulsoria-como-punicao-para-juizes\/\">Source link <\/a><\/p>\n<!-- CONTENT END 1 -->\n","protected":false},"excerpt":{"rendered":"<p>00:00 A+ A- O ministro Fl\u00e1vio Dino, do STF (Supremo Tribunal Federal), proibiu que ju\u00edzes sejam punidos com aposentadoria compuls\u00f3ria. A decis\u00e3o liminar (pode ser&#8230;<\/p>\n","protected":false},"author":1,"featured_media":83351,"comment_status":"open","ping_status":"open","sticky":false,"template":"","format":"standard","meta":{"advanced_seo_description":"","jetpack_seo_html_title":"","jetpack_seo_noindex":false,"jetpack_post_was_ever_published":false,"_jetpack_newsletter_access":"","_jetpack_dont_email_post_to_subs":false,"_jetpack_newsletter_tier_id":0,"_jetpack_memberships_contains_paywalled_content":false,"_jetpack_memberships_contains_paid_content":false,"footnotes":"","jetpack_publicize_message":"","jetpack_publicize_feature_enabled":true,"jetpack_social_post_already_shared":true,"jetpack_social_options":{"image_generator_settings":{"template":"highway","default_image_id":0,"font":"","enabled":false},"version":2}},"categories":[11],"tags":[],"class_list":["post-83350","post","type-post","status-publish","format-standard","has-post-thumbnail","hentry","category-noticias-de-ribeirao-preto-sp-e-regiao-ismael-colosi"],"jetpack_publicize_connections":[],"jetpack_featured_media_url":"https:\/\/i0.wp.com\/noticiasribeiraopreto.com.br\/wp-content\/uploads\/2026\/03\/flavio-dino_2026-03-16_17-39-17.webp.webp?fit=1200%2C799&ssl=1","jetpack-related-posts":[{"id":33212,"url":"https:\/\/noticiasribeiraopreto.com.br\/index.php\/2024\/01\/28\/agenda-economica-tem-super-quarta-com-decisoes-de-juros-no-brasil-e-eua-balancos-e-os-dados-do-payroll\/","url_meta":{"origin":83350,"position":0},"title":"Agenda econ\u00f4mica tem\u00a0Super Quarta com decis\u00f5es de juros no Brasil e EUA, balan\u00e7os e os dados do payroll","author":"noticiasribeiraopreto.com.br","date":"28 de January de 2024","format":false,"excerpt":"A agenda econ\u00f4mica da reserva momentos decisivos no cen\u00e1rio econ\u00f4mico global, com um foco especial na \"Super Quarta\", quando Brasil e Estados Unidos anunciar\u00e3o suas respectivas taxas de juros. A expectativa em torno da nova taxa Selic pelo Comit\u00ea de Pol\u00edtica Monet\u00e1ria (Copom) do Brasil e da dos juros nos\u2026","rel":"","context":"In &quot;Dinheiro e Investimento&quot;","block_context":{"text":"Dinheiro e Investimento","link":"https:\/\/noticiasribeiraopreto.com.br\/index.php\/category\/dinheiro-e-investimento-como-fazer-como-ganhar\/"},"img":{"alt_text":"","src":"https:\/\/i0.wp.com\/noticiasribeiraopreto.com.br\/wp-content\/uploads\/2024\/01\/Powell-e-Fofo-do-Campos-Neto-v1-2-e1706294495646-715x402.jpg?fit=715%2C402&ssl=1&resize=350%2C200","width":350,"height":200,"srcset":"https:\/\/i0.wp.com\/noticiasribeiraopreto.com.br\/wp-content\/uploads\/2024\/01\/Powell-e-Fofo-do-Campos-Neto-v1-2-e1706294495646-715x402.jpg?fit=715%2C402&ssl=1&resize=350%2C200 1x, https:\/\/i0.wp.com\/noticiasribeiraopreto.com.br\/wp-content\/uploads\/2024\/01\/Powell-e-Fofo-do-Campos-Neto-v1-2-e1706294495646-715x402.jpg?fit=715%2C402&ssl=1&resize=525%2C300 1.5x, https:\/\/i0.wp.com\/noticiasribeiraopreto.com.br\/wp-content\/uploads\/2024\/01\/Powell-e-Fofo-do-Campos-Neto-v1-2-e1706294495646-715x402.jpg?fit=715%2C402&ssl=1&resize=700%2C400 2x"},"classes":[]},{"id":20493,"url":"https:\/\/noticiasribeiraopreto.com.br\/index.php\/2023\/12\/25\/linha-de-onibus-14-jardim-botanico-tera-quadro-de-horarios-alterado-nesta-terca-26\/","url_meta":{"origin":83350,"position":1},"title":"Linha de \u00f4nibus 14 \u2013 Jardim Bot\u00e2nico ter\u00e1 quadro de hor\u00e1rios alterado nesta ter\u00e7a, 26","author":"noticiasribeiraopreto.com.br","date":"25 de December de 2023","format":false,"excerpt":"25 de dezembro de 2023 | 18:0022 de dezembro de 2023 | 17:53 0A RP Mobi anunciou que a partir da pr\u00f3xima ter\u00e7a-feira, dia 26 de janeiro, a linha alimentadora 14 \u2013 Jardim Bot\u00e2nico ter\u00e1 seu quadro de hor\u00e1rios alterado e o itiner\u00e1rio estendido nos dias \u00fateis, de segunda a\u2026","rel":"","context":"In &quot;Not\u00edcias de Ribeir\u00e3o Preto-SP e Regi\u00e3o&quot;","block_context":{"text":"Not\u00edcias de Ribeir\u00e3o Preto-SP e Regi\u00e3o","link":"https:\/\/noticiasribeiraopreto.com.br\/index.php\/category\/noticias-de-ribeirao-preto-sp-e-regiao-ismael-colosi\/"},"img":{"alt_text":"","src":"https:\/\/i0.wp.com\/noticiasribeiraopreto.com.br\/wp-content\/uploads\/2023\/12\/foto_jd_botanico-scaled.jpeg?fit=860%2C645&ssl=1&resize=350%2C200","width":350,"height":200,"srcset":"https:\/\/i0.wp.com\/noticiasribeiraopreto.com.br\/wp-content\/uploads\/2023\/12\/foto_jd_botanico-scaled.jpeg?fit=860%2C645&ssl=1&resize=350%2C200 1x, https:\/\/i0.wp.com\/noticiasribeiraopreto.com.br\/wp-content\/uploads\/2023\/12\/foto_jd_botanico-scaled.jpeg?fit=860%2C645&ssl=1&resize=525%2C300 1.5x, https:\/\/i0.wp.com\/noticiasribeiraopreto.com.br\/wp-content\/uploads\/2023\/12\/foto_jd_botanico-scaled.jpeg?fit=860%2C645&ssl=1&resize=700%2C400 2x"},"classes":[]},{"id":20175,"url":"https:\/\/noticiasribeiraopreto.com.br\/index.php\/2023\/12\/24\/rp-mobi-altera-linha-alimentadora-da-zona-sul-de-ribeirao-preto\/","url_meta":{"origin":83350,"position":2},"title":"RP Mobi altera linha alimentadora da zona Sul de Ribeir\u00e3o Preto","author":"noticiasribeiraopreto.com.br","date":"24 de December de 2023","format":false,"excerpt":"A RP Mobi, antiga Transerp, anunciou que, a partir da pr\u00f3xima ter\u00e7a-feira (26), a \u2018linha alimentadora 14 \u2013 Jardim Bot\u00e2nico\u2019 ter\u00e1 seu quadro de hor\u00e1rios alterado e o itiner\u00e1rio estendido nos dias \u00fateis, de segunda a sexta-feira. \u201cA altera\u00e7\u00e3o nos hor\u00e1rios da linha tem como objetivo proporcionar melhores condi\u00e7\u00f5es de\u2026","rel":"","context":"In &quot;Not\u00edcias de Ribeir\u00e3o Preto-SP e Regi\u00e3o&quot;","block_context":{"text":"Not\u00edcias de Ribeir\u00e3o Preto-SP e Regi\u00e3o","link":"https:\/\/noticiasribeiraopreto.com.br\/index.php\/category\/noticias-de-ribeirao-preto-sp-e-regiao-ismael-colosi\/"},"img":{"alt_text":"","src":"https:\/\/i0.wp.com\/noticiasribeiraopreto.com.br\/wp-content\/uploads\/2023\/12\/onibus.jpeg?fit=1156%2C867&ssl=1&resize=350%2C200","width":350,"height":200,"srcset":"https:\/\/i0.wp.com\/noticiasribeiraopreto.com.br\/wp-content\/uploads\/2023\/12\/onibus.jpeg?fit=1156%2C867&ssl=1&resize=350%2C200 1x, https:\/\/i0.wp.com\/noticiasribeiraopreto.com.br\/wp-content\/uploads\/2023\/12\/onibus.jpeg?fit=1156%2C867&ssl=1&resize=525%2C300 1.5x, https:\/\/i0.wp.com\/noticiasribeiraopreto.com.br\/wp-content\/uploads\/2023\/12\/onibus.jpeg?fit=1156%2C867&ssl=1&resize=700%2C400 2x, https:\/\/i0.wp.com\/noticiasribeiraopreto.com.br\/wp-content\/uploads\/2023\/12\/onibus.jpeg?fit=1156%2C867&ssl=1&resize=1050%2C600 3x"},"classes":[]},{"id":84239,"url":"https:\/\/noticiasribeiraopreto.com.br\/index.php\/2026\/04\/05\/botafogo-perde-de-virada-para-o-sao-bernardo-na-serie-b\/","url_meta":{"origin":83350,"position":3},"title":"Botafogo perde de virada para o S\u00e3o Bernardo na S\u00e9rie B","author":"noticiasribeiraopreto.com.br","date":"5 de April de 2026","format":false,"excerpt":"Ler o resumo da not\u00edcia Botafogo perde de virada para o S\u00e3o Bernardo na S\u00e9rie B O Botafogo perdeu de virada, por 2 a 1, para o S\u00e3o Bernardo na noite deste domingo (5), em partida realizada na Arena Nicnet\/Est\u00e1dio Santa Cruz, em Ribeir\u00e3o Preto. Os gols O Botafogo abriu\u2026","rel":"","context":"In &quot;Not\u00edcias de Ribeir\u00e3o Preto-SP e Regi\u00e3o&quot;","block_context":{"text":"Not\u00edcias de Ribeir\u00e3o Preto-SP e Regi\u00e3o","link":"https:\/\/noticiasribeiraopreto.com.br\/index.php\/category\/noticias-de-ribeirao-preto-sp-e-regiao-ismael-colosi\/"},"img":{"alt_text":"","src":"https:\/\/i0.wp.com\/noticiasribeiraopreto.com.br\/wp-content\/uploads\/2026\/04\/WhatsApp-Image-2026-04-05-at-21.38.19_2026-04-06_00-54-09.webp.webp?fit=1200%2C800&ssl=1&resize=350%2C200","width":350,"height":200,"srcset":"https:\/\/i0.wp.com\/noticiasribeiraopreto.com.br\/wp-content\/uploads\/2026\/04\/WhatsApp-Image-2026-04-05-at-21.38.19_2026-04-06_00-54-09.webp.webp?fit=1200%2C800&ssl=1&resize=350%2C200 1x, https:\/\/i0.wp.com\/noticiasribeiraopreto.com.br\/wp-content\/uploads\/2026\/04\/WhatsApp-Image-2026-04-05-at-21.38.19_2026-04-06_00-54-09.webp.webp?fit=1200%2C800&ssl=1&resize=525%2C300 1.5x, https:\/\/i0.wp.com\/noticiasribeiraopreto.com.br\/wp-content\/uploads\/2026\/04\/WhatsApp-Image-2026-04-05-at-21.38.19_2026-04-06_00-54-09.webp.webp?fit=1200%2C800&ssl=1&resize=700%2C400 2x, https:\/\/i0.wp.com\/noticiasribeiraopreto.com.br\/wp-content\/uploads\/2026\/04\/WhatsApp-Image-2026-04-05-at-21.38.19_2026-04-06_00-54-09.webp.webp?fit=1200%2C800&ssl=1&resize=1050%2C600 3x"},"classes":[]},{"id":55566,"url":"https:\/\/noticiasribeiraopreto.com.br\/index.php\/2024\/08\/03\/oportunidade-senac-abre-vagas-com-salario-de-r-2-82400-para-auxiliar-administrativo-veja-como-se-inscrever-2\/","url_meta":{"origin":83350,"position":4},"title":"Oportunidade! SENAC abre vagas com sal\u00e1rio de R$ 2.824,00 para Auxiliar Administrativo; Veja como se inscrever","author":"noticiasribeiraopreto.com.br","date":"3 de August de 2024","format":false,"excerpt":"O SENAC anunciou nesta quarta-feira (7\/10) que iniciar\u00e1 a inscri\u00e7\u00e3o no processo seletivo de auxiliar administrativo com remunera\u00e7\u00e3o de R$ 2.824,00 para uma jornada de trabalho semanal de 40 horas. Para participar do processo seletivo, \u00e9 preciso ter conclu\u00eddo o ensino m\u00e9dio, ter experi\u00eancia em contas a receber, caixa e\u2026","rel":"","context":"In &quot;Empregos - Classificados&quot;","block_context":{"text":"Empregos - Classificados","link":"https:\/\/noticiasribeiraopreto.com.br\/index.php\/category\/empregos-classificados-vagas-trabalho\/"},"img":{"alt_text":"","src":"https:\/\/i0.wp.com\/noticiasribeiraopreto.com.br\/wp-content\/uploads\/2024\/07\/Programa-de-estagio.webp.webp?fit=1200%2C630&ssl=1&resize=350%2C200","width":350,"height":200,"srcset":"https:\/\/i0.wp.com\/noticiasribeiraopreto.com.br\/wp-content\/uploads\/2024\/07\/Programa-de-estagio.webp.webp?fit=1200%2C630&ssl=1&resize=350%2C200 1x, https:\/\/i0.wp.com\/noticiasribeiraopreto.com.br\/wp-content\/uploads\/2024\/07\/Programa-de-estagio.webp.webp?fit=1200%2C630&ssl=1&resize=525%2C300 1.5x, https:\/\/i0.wp.com\/noticiasribeiraopreto.com.br\/wp-content\/uploads\/2024\/07\/Programa-de-estagio.webp.webp?fit=1200%2C630&ssl=1&resize=700%2C400 2x, https:\/\/i0.wp.com\/noticiasribeiraopreto.com.br\/wp-content\/uploads\/2024\/07\/Programa-de-estagio.webp.webp?fit=1200%2C630&ssl=1&resize=1050%2C600 3x"},"classes":[]},{"id":34628,"url":"https:\/\/noticiasribeiraopreto.com.br\/index.php\/2024\/02\/02\/analista-administrativo-em-home-office-com-salario-de-r-2-00000-segunda-a-sexta-feira-das-0800-as-1800\/","url_meta":{"origin":83350,"position":5},"title":"Analista Administrativo em HOME OFFICE com sal\u00e1rio de R$ 2.000,00 Segunda a sexta-feira das 08:00 \u00e0s 18:00","author":"noticiasribeiraopreto.com.br","date":"2 de February de 2024","format":false,"excerpt":"Home Office Analista Administrativo em HOME OFFICE com sal\u00e1rio de R$ 2.000,00 Segunda a sexta-feira das 08:00 \u00e0s 18:00 Home Office Stefanini abre vagas HOME OFFICE com sal\u00e1rio de 2 MIL POR M\u00caS no cargo de Assistente Administrativo Home Office Mindbe abriu vaga HOME OFFICE para Operadores de Telemarketing SAC\u2026","rel":"","context":"In &quot;Vagas de Emprego Remoto - Home Office&quot;","block_context":{"text":"Vagas de Emprego Remoto - Home Office","link":"https:\/\/noticiasribeiraopreto.com.br\/index.php\/category\/empregos-classificados-vagas-trabalho\/vagas-de-empregos-em-ribeirao-preto-regiao-brasil\/vagas-de-emprego-para-trabalhar-de-casa-home-office-remoto\/"},"img":{"alt_text":"","src":"https:\/\/i0.wp.com\/noticiasribeiraopreto.com.br\/wp-content\/uploads\/2024\/02\/ARTA-761x492.webp?fit=761%2C492&ssl=1&resize=350%2C200","width":350,"height":200,"srcset":"https:\/\/i0.wp.com\/noticiasribeiraopreto.com.br\/wp-content\/uploads\/2024\/02\/ARTA-761x492.webp?fit=761%2C492&ssl=1&resize=350%2C200 1x, https:\/\/i0.wp.com\/noticiasribeiraopreto.com.br\/wp-content\/uploads\/2024\/02\/ARTA-761x492.webp?fit=761%2C492&ssl=1&resize=525%2C300 1.5x, https:\/\/i0.wp.com\/noticiasribeiraopreto.com.br\/wp-content\/uploads\/2024\/02\/ARTA-761x492.webp?fit=761%2C492&ssl=1&resize=700%2C400 2x"},"classes":[]}],"jetpack_sharing_enabled":true,"jetpack_shortlink":"https:\/\/wp.me\/peQAOb-lGm","_links":{"self":[{"href":"https:\/\/noticiasribeiraopreto.com.br\/index.php\/wp-json\/wp\/v2\/posts\/83350","targetHints":{"allow":["GET"]}}],"collection":[{"href":"https:\/\/noticiasribeiraopreto.com.br\/index.php\/wp-json\/wp\/v2\/posts"}],"about":[{"href":"https:\/\/noticiasribeiraopreto.com.br\/index.php\/wp-json\/wp\/v2\/types\/post"}],"author":[{"embeddable":true,"href":"https:\/\/noticiasribeiraopreto.com.br\/index.php\/wp-json\/wp\/v2\/users\/1"}],"replies":[{"embeddable":true,"href":"https:\/\/noticiasribeiraopreto.com.br\/index.php\/wp-json\/wp\/v2\/comments?post=83350"}],"version-history":[{"count":0,"href":"https:\/\/noticiasribeiraopreto.com.br\/index.php\/wp-json\/wp\/v2\/posts\/83350\/revisions"}],"wp:featuredmedia":[{"embeddable":true,"href":"https:\/\/noticiasribeiraopreto.com.br\/index.php\/wp-json\/wp\/v2\/media\/83351"}],"wp:attachment":[{"href":"https:\/\/noticiasribeiraopreto.com.br\/index.php\/wp-json\/wp\/v2\/media?parent=83350"}],"wp:term":[{"taxonomy":"category","embeddable":true,"href":"https:\/\/noticiasribeiraopreto.com.br\/index.php\/wp-json\/wp\/v2\/categories?post=83350"},{"taxonomy":"post_tag","embeddable":true,"href":"https:\/\/noticiasribeiraopreto.com.br\/index.php\/wp-json\/wp\/v2\/tags?post=83350"}],"curies":[{"name":"wp","href":"https:\/\/api.w.org\/{rel}","templated":true}]}}