{"id":83352,"date":"2026-03-16T23:54:18","date_gmt":"2026-03-17T02:54:18","guid":{"rendered":"https:\/\/noticiasribeiraopreto.com.br\/index.php\/2026\/03\/16\/luan-santana-volta-a-ribeirao-preto-com-turne-que-relembra-18-anos-de-carreira-veja-quando\/"},"modified":"2026-03-16T23:54:18","modified_gmt":"2026-03-17T02:54:18","slug":"luan-santana-volta-a-ribeirao-preto-com-turne-que-relembra-18-anos-de-carreira-veja-quando","status":"publish","type":"post","link":"https:\/\/noticiasribeiraopreto.com.br\/index.php\/2026\/03\/16\/luan-santana-volta-a-ribeirao-preto-com-turne-que-relembra-18-anos-de-carreira-veja-quando\/","title":{"rendered":"Luan Santana volta a Ribeir\u00e3o Preto com turn\u00ea que relembra 18 anos de carreira; Veja quando"},"content":{"rendered":"<div class='code-block code-block-1' style='margin: 8px 0 8px auto; text-align: right; display: block; clear: both;'>\n<p><a href=\"https:\/\/wa.link\/vpicfd\"><img data-recalc-dims=\"1\" class=\"wp-image-4922\" style=\"aspect-ratio: 2.0253164556962027; width: 561px; height: auto;\" src=\"https:\/\/i0.wp.com\/ismaelcolosi.com.br\/wp-content\/uploads\/2023\/11\/grupo-de-empregos-whatsapp-e-facebook-ismael-colosi-vagas.jpg?ssl=1\" alt=\"\" \/><\/a><\/p>\n<!-- \/wp:image -->\n<\/div>\n<p> <br \/>\n<\/p>\n<div id=\"dsoaudio\">\n<div class=\"oknaudio play-audio\" data-tts=\"\" data-tts-source=\"#dsoaudio\" data-tts-voice=\"pt-BR\" data-tts-wpm=\"160\">\n<div class=\"player\">\n\t\t\t\t\t<button class=\"play-btn\" id=\"playBtn\"><br \/>\n\t\t\t\t\t\t<svg id=\"playIcon\" viewbox=\"0 0 24 24\"><polygon points=\"5,3 19,12 5,21\"\/><\/svg><br \/>\n\t\t\t\t\t<\/button><\/p>\n<p>00:00<\/p>\n<p>\t\t\t\t\t<!-- CONTROLES --><\/p>\n<div class=\"controls\">\n\t\t\t\t\t\t<span class=\"icon-sun\"><br \/>\n\t\t\t\t\t\t\t<img loading=\"lazy\" decoding=\"async\" src=\"https:\/\/www.acidadeon.com\/ribeiraopreto\/wp-content\/plugins\/oknaudio\/application\/assets\/img\/iconSun.svg\" alt=\"Modo claro\" width=\"24\" height=\"24\"\/><br \/>\n\t\t\t\t\t\t<\/span><\/p>\n<p>\t\t\t\t\t\t<span class=\"icon-moon\"><br \/>\n\t\t\t\t\t\t\t<img loading=\"lazy\" decoding=\"async\" src=\"https:\/\/www.acidadeon.com\/ribeiraopreto\/wp-content\/plugins\/oknaudio\/application\/assets\/img\/iconMoon.svg\" alt=\"Modo escuro\" width=\"24\" height=\"24\"\/><br \/>\n\t\t\t\t\t\t<\/span><\/p>\n<p>\n\t\t\t\t\t\t\t<span id=\"fontPlus\">A+<\/span><br \/>\n\t\t\t\t\t\t\t<span id=\"fontMinus\">A-<\/span>\n\t\t\t\t\t\t<\/p>\n<\/p><\/div>\n<\/p><\/div>\n<\/p><\/div>\n<p><button type=\"button\" title=\"Salvar mat\u00e9ria\" class=\"dso bookmark-injection bookmark-save\"><br \/>\n        <svg xmlns=\"http:\/\/www.w3.org\/2000\/svg\" width=\"20\" height=\"24\" viewbox=\"0 0 20 24\" fill=\"none\">\n            <path d=\"M1 23V1H19V23L10 15.6667L1 23Z\" stroke=\"black\" stroke-width=\"1.3\" stroke-linejoin=\"round\"\/>\n        <\/svg><br \/>\n    <\/button> <\/p>\n<p>O cantor <strong>Luan Santana<\/strong> trar\u00e1 a turn\u00ea <strong>\u201cRegistro Hist\u00f3rico\u201d <\/strong>para <strong>Ribeir\u00e3o Preto<\/strong>. A apresenta\u00e7\u00e3o est\u00e1 marcada para <strong>19 de setembro<\/strong> \u2013 a informa\u00e7\u00e3o foi confirmada pela reportagem, junto \u00e0 assessoria do artista.<\/p>\n<p><mark style=\"background-color:#fcb900\" class=\"has-inline-color\"><strong>O local do show e os valores dos ingressos ainda n\u00e3o foram divulgados e devem ser anunciados em breve.<\/strong><\/mark> Lan\u00e7ado na \u00faltima sexta-feira (13), o espet\u00e1culo prop\u00f5e uma <strong>viagem pela trajet\u00f3ria do artista ao lado dos f\u00e3s<\/strong>, relembrando os principais momentos de seus 18 anos de carreira.<\/p>\n<p>Al\u00e9m da cidade no interior de S\u00e3o Paulo, o cantor passar\u00e1 por outros <strong>13 munic\u00edpios brasileiros<\/strong> e em <strong>Miami, nos Estados Unidos<\/strong> \u2013 veja abaixo.<\/p>\n<p>No repert\u00f3rio, os f\u00e3s podem esperar m\u00fasicas do in\u00edcio da carreira, como \u201cMeteoro\u201d e \u201cChuva de Arroz\u201d, al\u00e9m de sucessos mais recentes, como \u201cAcordando o Pr\u00e9dio\u201d, \u201cNega\u201d, \u201cGirassol\u201d, \u201cClone\u201d, entre outros.<\/p>\n<div class=\"wp-block-image\">\n<figure class=\"aligncenter size-large is-resized\"><img data-recalc-dims=\"1\" loading=\"lazy\" decoding=\"async\" width=\"1024\" height=\"576\" src=\"https:\/\/i0.wp.com\/www.acidadeon.com\/ribeiraopreto\/wp-content\/uploads\/sites\/3\/2025\/01\/luan-santana_2025-01-30_14-28-42_jpeg_2025-01-30_14-28-42-1024x576.webp?resize=1024%2C576&#038;ssl=1\" alt=\"Luan Santana traz nova turn\u00ea para Ribeir\u00e3o Preto - Foto: divulga\u00e7\u00e3o.\" class=\"wp-image-106845\" style=\"width:654px\" title=\"Luan Santana volta a Ribeir\u00e3o Preto com turn\u00ea que relembra 18 anos de carreira; Veja quando 1\" srcset=\"https:\/\/www.acidadeon.com\/ribeiraopreto\/wp-content\/uploads\/sites\/3\/2025\/01\/luan-santana_2025-01-30_14-28-42_jpeg_2025-01-30_14-28-42-1024x576.webp 1024w, https:\/\/www.acidadeon.com\/ribeiraopreto\/wp-content\/uploads\/sites\/3\/2025\/01\/luan-santana_2025-01-30_14-28-42_jpeg_2025-01-30_14-28-42-300x169.webp 300w, https:\/\/www.acidadeon.com\/ribeiraopreto\/wp-content\/uploads\/sites\/3\/2025\/01\/luan-santana_2025-01-30_14-28-42_jpeg_2025-01-30_14-28-42-768x432.webp 768w, https:\/\/www.acidadeon.com\/ribeiraopreto\/wp-content\/uploads\/sites\/3\/2025\/01\/luan-santana_2025-01-30_14-28-42_jpeg_2025-01-30_14-28-42-696x392.webp 696w, https:\/\/www.acidadeon.com\/ribeiraopreto\/wp-content\/uploads\/sites\/3\/2025\/01\/luan-santana_2025-01-30_14-28-42_jpeg_2025-01-30_14-28-42-1068x601.webp 1068w, https:\/\/www.acidadeon.com\/ribeiraopreto\/wp-content\/uploads\/sites\/3\/2025\/01\/luan-santana_2025-01-30_14-28-42_jpeg_2025-01-30_14-28-42.webp 1200w\" sizes=\"auto, (max-width: 1024px) 100vw, 1024px\"\/><figcaption class=\"wp-element-caption\">Luan Santana traz nova turn\u00ea para Ribeir\u00e3o Preto \u2013 Foto: divulga\u00e7\u00e3o.<\/figcaption><\/figure>\n<\/div>\n<h2 class=\"wp-block-heading\"><strong>Confira a agenda<\/strong><\/h2>\n<ul class=\"wp-block-list\">\n<li>21\/3 \u2013 Belo Horizonte (MG)<\/li>\n<li>25\/4 \u2013 Cuiab\u00e1 (RS)<\/li>\n<li>16\/5 \u2013 Rio de Janeiro (RJ)<\/li>\n<li>6\/6 \u2013 Porto Alegre (RS)<\/li>\n<li>15\/8 \u2013 Fortaleza (CE)<\/li>\n<li>22\/8 \u2013 Salvador (BA)<\/li>\n<li>12\/9 \u2013 S\u00e3o Jos\u00e9 do Rio Preto (SP)<\/li>\n<li><strong>19\/9 \u2013 Ribeir\u00e3o Preto (SP)<\/strong><\/li>\n<li>3\/10 \u2013 Miami (FL)<\/li>\n<li>10\/10 \u2013 Bras\u00edlia (DF)<\/li>\n<li>17\/10 \u2013 Vit\u00f3ria (ES)<\/li>\n<li>24\/10 \u2013 Jo\u00e3o Pessoa (PB)<\/li>\n<li>20\/11 \u2013 Bel\u00e9m (PA)<\/li>\n<li>21\/11 \u2013 Manaus (AM)<\/li>\n<li>19\/12 \u2013 S\u00e3o Paulo (SP)<\/li>\n<\/ul>\n<h2 class=\"wp-block-heading\"><strong>\u00daltima passagem por Ribeir\u00e3o Preto<\/strong><\/h2>\n<p><strong>Luan Santana <\/strong>passou por <strong>Ribeir\u00e3o Preto<\/strong> no ano passado, durante o <strong>Ribeir\u00e3o Rodeo Music<\/strong>. No \u00faltimo dia do evento, o cantor e outros artistas reuniram cerca de <strong>52 mil pessoas<\/strong> no Parque Permanente de Exposi\u00e7\u00f5es.<\/p>\n<p>O show marcou o <strong>fim de um jejum de 10 anos sem apresenta\u00e7\u00f5es do artista na cidade<\/strong> e ficou marcado por uma performance repleta de efeitos visuais e, principalmente, por um clima de nostalgia, com diversos f\u00e3s revivendo sucessos e matando a saudade de ver o cantor.<\/p>\n<figure class=\"wp-block-gallery has-nested-images columns-default is-cropped wp-block-gallery-1 is-layout-flex wp-block-gallery-is-layout-flex\">\n<figure class=\"wp-block-image size-large\"><img data-recalc-dims=\"1\" loading=\"lazy\" decoding=\"async\" width=\"983\" height=\"570\" data-id=\"148993\" src=\"https:\/\/i0.wp.com\/cdn.media-acidadeon.com.br\/ribeiraopreto\/wp-content\/uploads\/sites\/3\/2026\/03\/Luan-Santana-em-show-no-Ribeirao-Rodeo-Music-2025-Drone-JC_Divulgacao_2026-03-16_15-19-53.webp?resize=983%2C570&#038;ssl=1\" alt=\"Luan Santana durante show no Ribeir\u00e3o Rodeo Music 2025 - Foto: Drone JC\/ Divulga\u00e7\u00e3o.&#10;\" class=\"wp-image-148993\" title=\"Luan Santana volta a Ribeir\u00e3o Preto com turn\u00ea que relembra 18 anos de carreira; Veja quando 2\" srcset=\"https:\/\/www.acidadeon.com\/ribeiraopreto\/wp-content\/uploads\/sites\/3\/2026\/03\/Luan-Santana-em-show-no-Ribeirao-Rodeo-Music-2025-Drone-JC_Divulgacao_2026-03-16_15-19-53.webp 983w, https:\/\/www.acidadeon.com\/ribeiraopreto\/wp-content\/uploads\/sites\/3\/2026\/03\/Luan-Santana-em-show-no-Ribeirao-Rodeo-Music-2025-Drone-JC_Divulgacao_2026-03-16_15-19-53-300x174.webp 300w, https:\/\/www.acidadeon.com\/ribeiraopreto\/wp-content\/uploads\/sites\/3\/2026\/03\/Luan-Santana-em-show-no-Ribeirao-Rodeo-Music-2025-Drone-JC_Divulgacao_2026-03-16_15-19-53-768x445.webp 768w, https:\/\/www.acidadeon.com\/ribeiraopreto\/wp-content\/uploads\/sites\/3\/2026\/03\/Luan-Santana-em-show-no-Ribeirao-Rodeo-Music-2025-Drone-JC_Divulgacao_2026-03-16_15-19-53-696x404.webp 696w\" sizes=\"auto, (max-width: 983px) 100vw, 983px\"\/><figcaption class=\"wp-element-caption\">Luan Santana durante show no Ribeir\u00e3o Rodeo Music 2025 \u2013 Foto: Drone JC\/ Divulga\u00e7\u00e3o.<br \/><\/figcaption><\/figure>\n<figure class=\"wp-block-image size-large\"><img data-recalc-dims=\"1\" loading=\"lazy\" decoding=\"async\" width=\"983\" height=\"570\" data-id=\"148992\" src=\"https:\/\/i0.wp.com\/cdn.media-acidadeon.com.br\/ribeiraopreto\/wp-content\/uploads\/sites\/3\/2026\/03\/Luan-Santana-em-show-no-Ribeirao-Rodeo-Music-Drone-JC_Divulgacao_2026-03-16_15-19-51.webp?resize=983%2C570&#038;ssl=1\" alt=\"Luan Santana durante show no Ribeir\u00e3o Rodeo Music 2025 - Foto: Drone JC\/ Divulga\u00e7\u00e3o.&#10;\" class=\"wp-image-148992\" title=\"Luan Santana volta a Ribeir\u00e3o Preto com turn\u00ea que relembra 18 anos de carreira; Veja quando 3\" srcset=\"https:\/\/www.acidadeon.com\/ribeiraopreto\/wp-content\/uploads\/sites\/3\/2026\/03\/Luan-Santana-em-show-no-Ribeirao-Rodeo-Music-Drone-JC_Divulgacao_2026-03-16_15-19-51.webp 983w, https:\/\/www.acidadeon.com\/ribeiraopreto\/wp-content\/uploads\/sites\/3\/2026\/03\/Luan-Santana-em-show-no-Ribeirao-Rodeo-Music-Drone-JC_Divulgacao_2026-03-16_15-19-51-300x174.webp 300w, https:\/\/www.acidadeon.com\/ribeiraopreto\/wp-content\/uploads\/sites\/3\/2026\/03\/Luan-Santana-em-show-no-Ribeirao-Rodeo-Music-Drone-JC_Divulgacao_2026-03-16_15-19-51-768x445.webp 768w, https:\/\/www.acidadeon.com\/ribeiraopreto\/wp-content\/uploads\/sites\/3\/2026\/03\/Luan-Santana-em-show-no-Ribeirao-Rodeo-Music-Drone-JC_Divulgacao_2026-03-16_15-19-51-696x404.webp 696w\" sizes=\"auto, (max-width: 983px) 100vw, 983px\"\/><figcaption class=\"wp-element-caption\">Luan Santana durante show no Ribeir\u00e3o Rodeo Music 2025 \u2013 Foto: Drone JC\/ Divulga\u00e7\u00e3o.<br \/><\/figcaption><\/figure>\n<\/figure>\n<hr class=\"wp-block-separator has-alpha-channel-opacity\"\/>\n<p>SAIBA MAIS<\/p>\n<p>Barret\u00e3o 2026 ter\u00e1 Gusttavo Lima como \u2018Embaixador\u2019 e dois shows do cantor<\/p>\n<h3 class=\"wp-block-heading\"><strong>FIQUE ON<\/strong><\/h3>\n<p>Fique ligado em tudo que acontece em Ribeir\u00e3o Preto e regi\u00e3o. Siga os perfis do\u00a0<strong>acidade on<\/strong>\u00a0no\u00a0<a href=\"https:\/\/www.instagram.com\/acidadeonribeirao\" target=\"_blank\" rel=\"noreferrer noopener\">Instagram<\/a>\u00a0e no<a href=\"https:\/\/www.facebook.com\/acidadeonribeirao\/\" target=\"_blank\" rel=\"noreferrer noopener\">\u00a0Facebook<\/a>.<\/p>\n<p>Receba not\u00edcias do\u00a0<strong>acidade on<\/strong>\u00a0no WhatsApp. Para entrar no grupo,\u00a0basta<a href=\"https:\/\/chat.whatsapp.com\/GFH9HUMUTHNFJdnyEd0xxq\" target=\"_blank\" rel=\"noreferrer noopener\">\u00a0clicar aqui<\/a>. Ou, acesse o nosso\u00a0Canal\u00a0<a href=\"https:\/\/whatsapp.com\/channel\/0029Vb6IQl1JENyAeS57fk2p\" target=\"_blank\" rel=\"noreferrer noopener\">clicando aqui<\/a>.<\/p>\n<p>Fa\u00e7a uma den\u00fancia ou sugira uma reportagem sobre Ribeir\u00e3o Preto e regi\u00e3o pelo WhatsApp: 16 99117 7802.<\/p>\n<p>VEJA TAMB\u00c9M<\/p>\n<p><input type=\"hidden\" name=\"postID\" id=\"postID\" value=\"148990\"\/><br \/>\n            <input type=\"hidden\" name=\"postType\" id=\"postType\" value=\"post\"\/><br \/>\n<!-- AI CONTENT END 1 -->\n        <\/div>\n<p><script async src=\"\/\/www.instagram.com\/embed.js\"><\/script><br \/>\n<br \/><br \/>\n<br \/><a href=\"https:\/\/www.acidadeon.com\/ribeiraopreto\/lazer-e-cultura\/luan-santana-volta-a-ribeirao-preto-com-turne-que-relembra-18-anos-de-carreira-veja-quando\/\">Source link <\/a><\/p>\n<!-- CONTENT END 1 -->\n","protected":false},"excerpt":{"rendered":"<p>00:00 A+ A- O cantor Luan Santana trar\u00e1 a turn\u00ea \u201cRegistro Hist\u00f3rico\u201d para Ribeir\u00e3o Preto. A apresenta\u00e7\u00e3o est\u00e1 marcada para 19 de setembro \u2013 a&#8230;<\/p>\n","protected":false},"author":1,"featured_media":83353,"comment_status":"open","ping_status":"open","sticky":false,"template":"","format":"standard","meta":{"advanced_seo_description":"","jetpack_seo_html_title":"","jetpack_seo_noindex":false,"jetpack_post_was_ever_published":false,"_jetpack_newsletter_access":"","_jetpack_dont_email_post_to_subs":false,"_jetpack_newsletter_tier_id":0,"_jetpack_memberships_contains_paywalled_content":false,"_jetpack_memberships_contains_paid_content":false,"footnotes":"","jetpack_publicize_message":"","jetpack_publicize_feature_enabled":true,"jetpack_social_post_already_shared":true,"jetpack_social_options":{"image_generator_settings":{"template":"highway","default_image_id":0,"font":"","enabled":false},"version":2}},"categories":[11],"tags":[],"class_list":["post-83352","post","type-post","status-publish","format-standard","has-post-thumbnail","hentry","category-noticias-de-ribeirao-preto-sp-e-regiao-ismael-colosi"],"jetpack_publicize_connections":[],"jetpack_featured_media_url":"https:\/\/i0.wp.com\/noticiasribeiraopreto.com.br\/wp-content\/uploads\/2026\/03\/luan-santana.jpg?fit=1017%2C681&ssl=1","jetpack-related-posts":[{"id":20175,"url":"https:\/\/noticiasribeiraopreto.com.br\/index.php\/2023\/12\/24\/rp-mobi-altera-linha-alimentadora-da-zona-sul-de-ribeirao-preto\/","url_meta":{"origin":83352,"position":0},"title":"RP Mobi altera linha alimentadora da zona Sul de Ribeir\u00e3o Preto","author":"noticiasribeiraopreto.com.br","date":"24 de December de 2023","format":false,"excerpt":"A RP Mobi, antiga Transerp, anunciou que, a partir da pr\u00f3xima ter\u00e7a-feira (26), a \u2018linha alimentadora 14 \u2013 Jardim Bot\u00e2nico\u2019 ter\u00e1 seu quadro de hor\u00e1rios alterado e o itiner\u00e1rio estendido nos dias \u00fateis, de segunda a sexta-feira. \u201cA altera\u00e7\u00e3o nos hor\u00e1rios da linha tem como objetivo proporcionar melhores condi\u00e7\u00f5es de\u2026","rel":"","context":"In &quot;Not\u00edcias de Ribeir\u00e3o Preto-SP e Regi\u00e3o&quot;","block_context":{"text":"Not\u00edcias de Ribeir\u00e3o Preto-SP e Regi\u00e3o","link":"https:\/\/noticiasribeiraopreto.com.br\/index.php\/category\/noticias-de-ribeirao-preto-sp-e-regiao-ismael-colosi\/"},"img":{"alt_text":"","src":"https:\/\/i0.wp.com\/noticiasribeiraopreto.com.br\/wp-content\/uploads\/2023\/12\/onibus.jpeg?fit=1156%2C867&ssl=1&resize=350%2C200","width":350,"height":200,"srcset":"https:\/\/i0.wp.com\/noticiasribeiraopreto.com.br\/wp-content\/uploads\/2023\/12\/onibus.jpeg?fit=1156%2C867&ssl=1&resize=350%2C200 1x, https:\/\/i0.wp.com\/noticiasribeiraopreto.com.br\/wp-content\/uploads\/2023\/12\/onibus.jpeg?fit=1156%2C867&ssl=1&resize=525%2C300 1.5x, https:\/\/i0.wp.com\/noticiasribeiraopreto.com.br\/wp-content\/uploads\/2023\/12\/onibus.jpeg?fit=1156%2C867&ssl=1&resize=700%2C400 2x, https:\/\/i0.wp.com\/noticiasribeiraopreto.com.br\/wp-content\/uploads\/2023\/12\/onibus.jpeg?fit=1156%2C867&ssl=1&resize=1050%2C600 3x"},"classes":[]},{"id":84580,"url":"https:\/\/noticiasribeiraopreto.com.br\/index.php\/2026\/04\/12\/pablo-anuncia-show-da-turne-pablo-20-anos-em-ribeirao-preto\/","url_meta":{"origin":83352,"position":1},"title":"Pablo anuncia show da turn\u00ea &#8216;Pablo 20 Anos&#8217; em Ribeir\u00e3o Preto","author":"noticiasribeiraopreto.com.br","date":"12 de April de 2026","format":false,"excerpt":"00:00 A+ A- Ler o resumo da not\u00edcia O cantor Pablo confirmou show da turn\u00ea \"Pablo 20 Anos\" em Ribeir\u00e3o Preto. A apresenta\u00e7\u00e3o ser\u00e1 no dia 8 de julho de 2026, v\u00e9spera de feriado, no Espa\u00e7o Aeropuerto. O evento celebra as duas d\u00e9cadas de carreira do artista, conhecido como o\u2026","rel":"","context":"In &quot;Not\u00edcias de Ribeir\u00e3o Preto-SP e Regi\u00e3o&quot;","block_context":{"text":"Not\u00edcias de Ribeir\u00e3o Preto-SP e Regi\u00e3o","link":"https:\/\/noticiasribeiraopreto.com.br\/index.php\/category\/noticias-de-ribeirao-preto-sp-e-regiao-ismael-colosi\/"},"img":{"alt_text":"","src":"https:\/\/i0.wp.com\/noticiasribeiraopreto.com.br\/wp-content\/uploads\/2026\/04\/palace-2026-04-12T134522.010_2026-04-12_16-45-35.webp.webp?fit=1200%2C675&ssl=1&resize=350%2C200","width":350,"height":200,"srcset":"https:\/\/i0.wp.com\/noticiasribeiraopreto.com.br\/wp-content\/uploads\/2026\/04\/palace-2026-04-12T134522.010_2026-04-12_16-45-35.webp.webp?fit=1200%2C675&ssl=1&resize=350%2C200 1x, https:\/\/i0.wp.com\/noticiasribeiraopreto.com.br\/wp-content\/uploads\/2026\/04\/palace-2026-04-12T134522.010_2026-04-12_16-45-35.webp.webp?fit=1200%2C675&ssl=1&resize=525%2C300 1.5x, https:\/\/i0.wp.com\/noticiasribeiraopreto.com.br\/wp-content\/uploads\/2026\/04\/palace-2026-04-12T134522.010_2026-04-12_16-45-35.webp.webp?fit=1200%2C675&ssl=1&resize=700%2C400 2x, https:\/\/i0.wp.com\/noticiasribeiraopreto.com.br\/wp-content\/uploads\/2026\/04\/palace-2026-04-12T134522.010_2026-04-12_16-45-35.webp.webp?fit=1200%2C675&ssl=1&resize=1050%2C600 3x"},"classes":[]},{"id":83420,"url":"https:\/\/noticiasribeiraopreto.com.br\/index.php\/2026\/03\/18\/veja-vias-com-bloqueios-por-causa-de-quedas-de-arvores-em-ribeirao-preto\/","url_meta":{"origin":83352,"position":2},"title":"Veja vias com bloqueios por causa de quedas de \u00e1rvores em Ribeir\u00e3o Preto","author":"noticiasribeiraopreto.com.br","date":"18 de March de 2026","format":false,"excerpt":"00:00 A+ A- A RP Mobi informou na manh\u00e3 desta quarta-feira (18) que quatro vias est\u00e3o com bloqueios devido a quedas de \u00e1rvores durante um temporal na tarde desta ter\u00e7a-feira (17), em Ribeir\u00e3o Preto. Confira as vias: Avenida Paris, 171 Avenida Treze de Maio, 1692 Rua Jos\u00e9 Luiz Crist\u00f3fani, 470\u2026","rel":"","context":"In &quot;Not\u00edcias de Ribeir\u00e3o Preto-SP e Regi\u00e3o&quot;","block_context":{"text":"Not\u00edcias de Ribeir\u00e3o Preto-SP e Regi\u00e3o","link":"https:\/\/noticiasribeiraopreto.com.br\/index.php\/category\/noticias-de-ribeirao-preto-sp-e-regiao-ismael-colosi\/"},"img":{"alt_text":"","src":"https:\/\/i0.wp.com\/noticiasribeiraopreto.com.br\/wp-content\/uploads\/2026\/03\/via-sao-bento_2026-03-18_10-56-11.webp.webp?fit=1200%2C674&ssl=1&resize=350%2C200","width":350,"height":200,"srcset":"https:\/\/i0.wp.com\/noticiasribeiraopreto.com.br\/wp-content\/uploads\/2026\/03\/via-sao-bento_2026-03-18_10-56-11.webp.webp?fit=1200%2C674&ssl=1&resize=350%2C200 1x, https:\/\/i0.wp.com\/noticiasribeiraopreto.com.br\/wp-content\/uploads\/2026\/03\/via-sao-bento_2026-03-18_10-56-11.webp.webp?fit=1200%2C674&ssl=1&resize=525%2C300 1.5x, https:\/\/i0.wp.com\/noticiasribeiraopreto.com.br\/wp-content\/uploads\/2026\/03\/via-sao-bento_2026-03-18_10-56-11.webp.webp?fit=1200%2C674&ssl=1&resize=700%2C400 2x, https:\/\/i0.wp.com\/noticiasribeiraopreto.com.br\/wp-content\/uploads\/2026\/03\/via-sao-bento_2026-03-18_10-56-11.webp.webp?fit=1200%2C674&ssl=1&resize=1050%2C600 3x"},"classes":[]},{"id":83422,"url":"https:\/\/noticiasribeiraopreto.com.br\/index.php\/2026\/03\/18\/ribeirao-preto-pode-ter-novos-temporais-nesta-quarta-veja-previsao\/","url_meta":{"origin":83352,"position":3},"title":"Ribeir\u00e3o Preto pode ter novos temporais nesta quarta; Veja previs\u00e3o","author":"noticiasribeiraopreto.com.br","date":"18 de March de 2026","format":false,"excerpt":"00:00 A+ A- A regi\u00e3o de Ribeir\u00e3o Preto est\u00e1 em \u00e1rea de risco para novos temporais nesta quarta-feira (18). Um temporal na tarde desta ter\u00e7a-feira (17) causou transtornos pela cidade, com quedas de \u00e1rvores e alagamentos. Apesar dos danos, n\u00e3o houve registro de feridos. - Publicidade - - Publicidade -\u2026","rel":"","context":"In &quot;Not\u00edcias de Ribeir\u00e3o Preto-SP e Regi\u00e3o&quot;","block_context":{"text":"Not\u00edcias de Ribeir\u00e3o Preto-SP e Regi\u00e3o","link":"https:\/\/noticiasribeiraopreto.com.br\/index.php\/category\/noticias-de-ribeirao-preto-sp-e-regiao-ismael-colosi\/"},"img":{"alt_text":"","src":"https:\/\/i0.wp.com\/noticiasribeiraopreto.com.br\/wp-content\/uploads\/2026\/03\/sudeste-temporal-1_2026-03-18_10-07-12.webp.webp?fit=1200%2C675&ssl=1&resize=350%2C200","width":350,"height":200,"srcset":"https:\/\/i0.wp.com\/noticiasribeiraopreto.com.br\/wp-content\/uploads\/2026\/03\/sudeste-temporal-1_2026-03-18_10-07-12.webp.webp?fit=1200%2C675&ssl=1&resize=350%2C200 1x, https:\/\/i0.wp.com\/noticiasribeiraopreto.com.br\/wp-content\/uploads\/2026\/03\/sudeste-temporal-1_2026-03-18_10-07-12.webp.webp?fit=1200%2C675&ssl=1&resize=525%2C300 1.5x, https:\/\/i0.wp.com\/noticiasribeiraopreto.com.br\/wp-content\/uploads\/2026\/03\/sudeste-temporal-1_2026-03-18_10-07-12.webp.webp?fit=1200%2C675&ssl=1&resize=700%2C400 2x, https:\/\/i0.wp.com\/noticiasribeiraopreto.com.br\/wp-content\/uploads\/2026\/03\/sudeste-temporal-1_2026-03-18_10-07-12.webp.webp?fit=1200%2C675&ssl=1&resize=1050%2C600 3x"},"classes":[]},{"id":83333,"url":"https:\/\/noticiasribeiraopreto.com.br\/index.php\/2026\/03\/16\/mulher-e-detida-ao-tentar-entrar-com-droga-escondida-em-presidio-de-ribeirao-preto\/","url_meta":{"origin":83352,"position":4},"title":"Mulher \u00e9 detida ao tentar entrar com droga escondida em pres\u00eddio de Ribeir\u00e3o Preto","author":"noticiasribeiraopreto.com.br","date":"16 de March de 2026","format":false,"excerpt":"00:00 A+ A- Uma mulher foi detida neste domingo (15) ap\u00f3s tentar entrar com drogas no Centro de Deten\u00e7\u00e3o Provis\u00f3ria de Ribeir\u00e3o Preto, onde o irm\u00e3o est\u00e1 preso. De acordo com a SAP (Secretaria da Administra\u00e7\u00e3o Penitenci\u00e1ria do Estado de S\u00e3o Paulo), durante os procedimentos de seguran\u00e7a para a entrada\u2026","rel":"","context":"In &quot;Not\u00edcias de Ribeir\u00e3o Preto-SP e Regi\u00e3o&quot;","block_context":{"text":"Not\u00edcias de Ribeir\u00e3o Preto-SP e Regi\u00e3o","link":"https:\/\/noticiasribeiraopreto.com.br\/index.php\/category\/noticias-de-ribeirao-preto-sp-e-regiao-ismael-colosi\/"},"img":{"alt_text":"","src":"https:\/\/i0.wp.com\/noticiasribeiraopreto.com.br\/wp-content\/uploads\/2026\/03\/palace-58_2026-03-16_21-37-26.webp.webp?fit=1200%2C675&ssl=1&resize=350%2C200","width":350,"height":200,"srcset":"https:\/\/i0.wp.com\/noticiasribeiraopreto.com.br\/wp-content\/uploads\/2026\/03\/palace-58_2026-03-16_21-37-26.webp.webp?fit=1200%2C675&ssl=1&resize=350%2C200 1x, https:\/\/i0.wp.com\/noticiasribeiraopreto.com.br\/wp-content\/uploads\/2026\/03\/palace-58_2026-03-16_21-37-26.webp.webp?fit=1200%2C675&ssl=1&resize=525%2C300 1.5x, https:\/\/i0.wp.com\/noticiasribeiraopreto.com.br\/wp-content\/uploads\/2026\/03\/palace-58_2026-03-16_21-37-26.webp.webp?fit=1200%2C675&ssl=1&resize=700%2C400 2x, https:\/\/i0.wp.com\/noticiasribeiraopreto.com.br\/wp-content\/uploads\/2026\/03\/palace-58_2026-03-16_21-37-26.webp.webp?fit=1200%2C675&ssl=1&resize=1050%2C600 3x"},"classes":[]},{"id":83507,"url":"https:\/\/noticiasribeiraopreto.com.br\/index.php\/2026\/03\/19\/parque-de-ribeirao-preto-e-reaberto-apos-dois-dias\/","url_meta":{"origin":83352,"position":5},"title":"Parque de Ribeir\u00e3o Preto \u00e9 reaberto ap\u00f3s dois dias","author":"noticiasribeiraopreto.com.br","date":"19 de March de 2026","format":false,"excerpt":"00:00 A+ A- A Prefeitura de Ribeir\u00e3o Preto informou que o Parque Luiz Roberto J\u00e1bali, o Curupira, foi reaberto nesta quinta-feira (19). O parque estava fechado desde o temporal que atingiu a cidade na \u00faltima ter\u00e7a-feira (17). Segundo a Administra\u00e7\u00e3o Municipal, o parque foi reaberto ap\u00f3s uma for\u00e7a-tarefa de limpeza\u2026","rel":"","context":"In &quot;Not\u00edcias de Ribeir\u00e3o Preto-SP e Regi\u00e3o&quot;","block_context":{"text":"Not\u00edcias de Ribeir\u00e3o Preto-SP e Regi\u00e3o","link":"https:\/\/noticiasribeiraopreto.com.br\/index.php\/category\/noticias-de-ribeirao-preto-sp-e-regiao-ismael-colosi\/"},"img":{"alt_text":"","src":"https:\/\/i0.wp.com\/noticiasribeiraopreto.com.br\/wp-content\/uploads\/2026\/03\/Copia-de-Copia-de-Copia-de-TAMANHO-EXATO-PARA-FOTOS-NO-SISTEMA-NOVO-2025-10-22T165403.415_2025-10-22_19-54-09.webp.webp?fit=1200%2C675&ssl=1&resize=350%2C200","width":350,"height":200,"srcset":"https:\/\/i0.wp.com\/noticiasribeiraopreto.com.br\/wp-content\/uploads\/2026\/03\/Copia-de-Copia-de-Copia-de-TAMANHO-EXATO-PARA-FOTOS-NO-SISTEMA-NOVO-2025-10-22T165403.415_2025-10-22_19-54-09.webp.webp?fit=1200%2C675&ssl=1&resize=350%2C200 1x, https:\/\/i0.wp.com\/noticiasribeiraopreto.com.br\/wp-content\/uploads\/2026\/03\/Copia-de-Copia-de-Copia-de-TAMANHO-EXATO-PARA-FOTOS-NO-SISTEMA-NOVO-2025-10-22T165403.415_2025-10-22_19-54-09.webp.webp?fit=1200%2C675&ssl=1&resize=525%2C300 1.5x, https:\/\/i0.wp.com\/noticiasribeiraopreto.com.br\/wp-content\/uploads\/2026\/03\/Copia-de-Copia-de-Copia-de-TAMANHO-EXATO-PARA-FOTOS-NO-SISTEMA-NOVO-2025-10-22T165403.415_2025-10-22_19-54-09.webp.webp?fit=1200%2C675&ssl=1&resize=700%2C400 2x, https:\/\/i0.wp.com\/noticiasribeiraopreto.com.br\/wp-content\/uploads\/2026\/03\/Copia-de-Copia-de-Copia-de-TAMANHO-EXATO-PARA-FOTOS-NO-SISTEMA-NOVO-2025-10-22T165403.415_2025-10-22_19-54-09.webp.webp?fit=1200%2C675&ssl=1&resize=1050%2C600 3x"},"classes":[]}],"jetpack_sharing_enabled":true,"jetpack_shortlink":"https:\/\/wp.me\/peQAOb-lGo","_links":{"self":[{"href":"https:\/\/noticiasribeiraopreto.com.br\/index.php\/wp-json\/wp\/v2\/posts\/83352","targetHints":{"allow":["GET"]}}],"collection":[{"href":"https:\/\/noticiasribeiraopreto.com.br\/index.php\/wp-json\/wp\/v2\/posts"}],"about":[{"href":"https:\/\/noticiasribeiraopreto.com.br\/index.php\/wp-json\/wp\/v2\/types\/post"}],"author":[{"embeddable":true,"href":"https:\/\/noticiasribeiraopreto.com.br\/index.php\/wp-json\/wp\/v2\/users\/1"}],"replies":[{"embeddable":true,"href":"https:\/\/noticiasribeiraopreto.com.br\/index.php\/wp-json\/wp\/v2\/comments?post=83352"}],"version-history":[{"count":0,"href":"https:\/\/noticiasribeiraopreto.com.br\/index.php\/wp-json\/wp\/v2\/posts\/83352\/revisions"}],"wp:featuredmedia":[{"embeddable":true,"href":"https:\/\/noticiasribeiraopreto.com.br\/index.php\/wp-json\/wp\/v2\/media\/83353"}],"wp:attachment":[{"href":"https:\/\/noticiasribeiraopreto.com.br\/index.php\/wp-json\/wp\/v2\/media?parent=83352"}],"wp:term":[{"taxonomy":"category","embeddable":true,"href":"https:\/\/noticiasribeiraopreto.com.br\/index.php\/wp-json\/wp\/v2\/categories?post=83352"},{"taxonomy":"post_tag","embeddable":true,"href":"https:\/\/noticiasribeiraopreto.com.br\/index.php\/wp-json\/wp\/v2\/tags?post=83352"}],"curies":[{"name":"wp","href":"https:\/\/api.w.org\/{rel}","templated":true}]}}