{"id":83354,"date":"2026-03-17T07:04:37","date_gmt":"2026-03-17T10:04:37","guid":{"rendered":"https:\/\/noticiasribeiraopreto.com.br\/index.php\/2026\/03\/17\/legislativo-quer-destinar-r-500-mil-para-o-saica\/"},"modified":"2026-03-17T07:04:37","modified_gmt":"2026-03-17T10:04:37","slug":"legislativo-quer-destinar-r-500-mil-para-o-saica","status":"publish","type":"post","link":"https:\/\/noticiasribeiraopreto.com.br\/index.php\/2026\/03\/17\/legislativo-quer-destinar-r-500-mil-para-o-saica\/","title":{"rendered":"Legislativo quer destinar \u2028R$ 500 mil para o Saica"},"content":{"rendered":"<div class='code-block code-block-1' style='margin: 8px 0 8px auto; text-align: right; display: block; clear: both;'>\n<p><a href=\"https:\/\/wa.link\/vpicfd\"><img data-recalc-dims=\"1\" class=\"wp-image-4922\" style=\"aspect-ratio: 2.0253164556962027; width: 561px; height: auto;\" src=\"https:\/\/i0.wp.com\/ismaelcolosi.com.br\/wp-content\/uploads\/2023\/11\/grupo-de-empregos-whatsapp-e-facebook-ismael-colosi-vagas.jpg?ssl=1\" alt=\"\" \/><\/a><\/p>\n<!-- \/wp:image -->\n<\/div>\n<p> <br \/>\n<\/p>\n<div>\n<p class=\"p1\"><i>Servi\u00e7o de Acolhimento Institucional para Crian\u00e7as e Adolescentes, do bairro Planalto Verde, que foi interditado por determina\u00e7\u00e3o da Justi\u00e7a por problemas estruturais<\/i><\/p>\n<p>A C\u00e2mara de Vereadores pretende destinar R$ 500 mil para a prefeitura de Ribeir\u00e3o Preto promover obras de reforma e readequa\u00e7\u00e3o no pr\u00e9dio do Servi\u00e7o de Acolhimento Institucional para Crian\u00e7as e Adolescentes (Saica), interditado por decis\u00e3o do juiz Paulo C\u00e9sar Gentile, da Vara da Inf\u00e2ncia e Juventude, por problemas estruturais e de atendimento aos menores acolhidos no local<\/p>\n<p>Em fevereiro, o magistrado determinou que a prefeitura de Ribeir\u00e3o Preto retire, em prazo m\u00e1ximo 60 dias, cerca de 50 menores abrigados no Saica, servi\u00e7o voltado para o atendimento de jovens em situa\u00e7\u00e3o de vulnerabilidade e risco social.<\/p>\n<p>Fica na rua Genoveva On\u00f3fre Barban, no bairro Planalto Verde, na Zona Oeste de Ribeir\u00e3o Preto, e tem capacidade para acolher 48 adolescentes e crian\u00e7as com idade de 29 dias a 17 anos, em situa\u00e7\u00e3o de risco social. Na sexta-feira, 13 de mar\u00e7o, o presidente da C\u00e2mara, Isaac Antunes (PL), se reuniu com o promotor Moacir Tonani J\u00fanior.<\/p>\n<p>Segundo o parlamentar, no encontro foi proposta a destina\u00e7\u00e3o de parte dos recursos provenientes da economia do Legislativo municipal para auxiliar na solu\u00e7\u00e3o do problema. O vereador afirma que parte da devolu\u00e7\u00e3o do duod\u00e9cimo para a prefeitura, prevista para o m\u00eas de maio, no valor de R$ 500 mil, dever\u00e1 ser utilizada para contribuir com as melhorias necess\u00e1rias no servi\u00e7o de acolhimento.<\/p>\n<p>Como a C\u00e2mara n\u00e3o pode estabelecer como o Executivo deve utilizar o recurso, Isaac Antunes pretende negociar o direcionamento do valor com o prefeito Ricardo Silva (PSD). Este ano, o repasse pela prefeitura para a C\u00e2mara, previsto no Or\u00e7amento Municipal \u00e9 de R$ 112.787.268.<\/p>\n<p>Constitucionalmente, todos os anos a C\u00e2mara tem direito ao recebimento de 4,5% das receitas l\u00edquidas da prefeitura. No entanto, em Ribeir\u00e3o Preto, h\u00e1 v\u00e1rios anos os vereadores tem reduzido este percentual por iniciativa pr\u00f3pria. Este ano ele \u00e9 de 3,5%. O Legislativo tamb\u00e9m \u00e9 obrigada a devolver, todos os anos, para o Executivo, os recursos que n\u00e3o s\u00e3o utilizados.<\/p>\n<p>A decis\u00e3o judicial que estipulou prazo de 60 dias foi expedida ap\u00f3s a constata\u00e7\u00e3o de que crian\u00e7as e adolescentes continuavam no im\u00f3vel mesmo ap\u00f3s a Defensoria P\u00fablica e o Minist\u00e9rio P\u00fablico de S\u00e3o Paulo (MPSP) entrarem com a\u00e7\u00e3o civil contra a prefeitura de Ribeir\u00e3o Preto.<\/p>\n<p>Na a\u00e7\u00e3o, pediam a interdi\u00e7\u00e3o parcial do servi\u00e7o, alvo de den\u00fancias desde 2022. Foram detectados epis\u00f3dios recorrentes de viol\u00eancia f\u00edsica, casos de abuso sexual envolvendo os acolhidos e irregularidades como falta de profissionais qualificados no atendimento, superlota\u00e7\u00e3o e precariedade das instala\u00e7\u00f5es.<\/p>\n<p>Em maio do ano passado, o prefeito Ricardo Silva anunciou a transfer\u00eancia da gest\u00e3o do Servi\u00e7o de Acolhimento Institucional para o terceiro setor e publicou, no Di\u00e1rio Oficial do Munic\u00edpio, edital de chamamento p\u00fablico n\u00ba 03\/2025 visando a transfer\u00eancia da gest\u00e3o.<\/p>\n<figure id=\"attachment_457581\" aria-describedby=\"caption-attachment-457581\" style=\"width: 300px\" class=\"wp-caption alignright\"><img data-recalc-dims=\"1\" loading=\"lazy\" decoding=\"async\" class=\"size-medium wp-image-457581 lazyload\" src=\"https:\/\/i0.wp.com\/www.tribunaribeirao.com.br\/wp-content\/uploads\/2026\/03\/Saica-Isa-Divulgacao-300x225.jpg?resize=300%2C225&#038;ssl=1\" alt=\"\" width=\"300\" height=\"225\" srcset=\"https:\/\/www.tribunaribeirao.com.br\/wp-content\/uploads\/2026\/03\/Saica-Isa-Divulgacao-300x225.jpg 300w, https:\/\/www.tribunaribeirao.com.br\/wp-content\/uploads\/2026\/03\/Saica-Isa-Divulgacao-1024x768.jpg 1024w, https:\/\/www.tribunaribeirao.com.br\/wp-content\/uploads\/2026\/03\/Saica-Isa-Divulgacao-768x576.jpg 768w, https:\/\/www.tribunaribeirao.com.br\/wp-content\/uploads\/2026\/03\/Saica-Isa-Divulgacao-1536x1152.jpg 1536w, https:\/\/www.tribunaribeirao.com.br\/wp-content\/uploads\/2026\/03\/Saica-Isa-Divulgacao-760x570.jpg 760w, https:\/\/www.tribunaribeirao.com.br\/wp-content\/uploads\/2026\/03\/Saica-Isa-Divulgacao-960x720.jpg 960w, https:\/\/www.tribunaribeirao.com.br\/wp-content\/uploads\/2026\/03\/Saica-Isa-Divulgacao-533x400.jpg 533w, https:\/\/www.tribunaribeirao.com.br\/wp-content\/uploads\/2026\/03\/Saica-Isa-Divulgacao-585x439.jpg 585w, https:\/\/www.tribunaribeirao.com.br\/wp-content\/uploads\/2026\/03\/Saica-Isa-Divulgacao-scaled.jpg 1040w\" data-sizes=\"(max-width: 300px) 100vw, 300px\" style=\"--smush-placeholder-width: 300px; --smush-placeholder-aspect-ratio: 300\/225;\"\/><figcaption id=\"caption-attachment-457581\" class=\"wp-caption-text\">Promotor Moacir Tonani J\u00fanior com o presidente da C\u00e2mara, Isaac Antunes (PL): R$ 500 mil para a prefeitura promover obras de reforma e readequa\u00e7\u00e3o<\/figcaption><\/figure>\n<p class=\"p1\">\nCom a parceria com Organiza\u00e7\u00f5es da Sociedade Civil (OSC) a prefeitura de Ribeir\u00e3o Preto pretende operacionalizar tr\u00eas unidades de acolhimento, cada uma com 20 vagas, totalizando 60 atendimentos simult\u00e2neos. O chamamento selecionou tr\u00eas interessadas em administrar o servi\u00e7o.<\/p>\n<p>O Instituto Acolher Assist\u00eancia Social criou um lar para 20 menores e hije batyende no bairro Alto da Boa Vista, na Zona Sul. J\u00e1 o Instituto Evolu\u00e7\u00e3o de Educa\u00e7\u00e3o, Assist\u00eancia Social, Inova\u00e7\u00e3o e Pesquisa e o Instituto de Desenvolvimento Social e da Cidadania est\u00e3o finalizando a instala\u00e7\u00e3o dos seus centros. Cada um ter\u00e1 20 vagas.<\/p>\n<p>Em julho do ano passado, o juiz concedeu liminar que obrigava a prefeitura, em prazo de at\u00e9 dez dias, regularizar deslocamentos das crian\u00e7as e adolescentes para a escola, ado\u00e7\u00e3o de servi\u00e7os de sa\u00fade e atividades de contraturno. Tamb\u00e9m foi determinado que, em cinco dias, fosse elaborado um plano de trabalho.<\/p>\n<p>O objetivo era acabar com a atua\u00e7\u00e3o de servidores de outras secretarias no Saica, al\u00e9m de definir uma assistente social para o local nos per\u00edodos matutino e vespertino. O munic\u00edpio deveria contratar cinco educadores at\u00e9 30 de julho de 2025, mais cinco at\u00e9 30 de setembro e outros cinco at\u00e9 30 de novembro.<\/p>\n<p>Na \u00e9poca, a prefeitura disse que, desde o in\u00edcio da gest\u00e3o Ricardo Silva (PSD), vem promovendo uma reestrutura\u00e7\u00e3o na institui\u00e7\u00e3o. A administra\u00e7\u00e3o reconhece que, ao longo dos anos e sob gest\u00f5es anteriores, o servi\u00e7o acumulou demandas urgentes. Chegou a apresentar um plano ao MP, in\u00edcio de um projeto de transforma\u00e7\u00e3o e compromisso com a prote\u00e7\u00e3o integral da inf\u00e2ncia e juventude.<\/p>\n<p>A prefeitura de Ribeir\u00e3o Preto, por meio da Secretaria de Assist\u00eancia Social, informa em nota que est\u00e1 rigorosamente dentro do prazo estabelecido pela decis\u00e3o judicial para manifesta\u00e7\u00e3o e ado\u00e7\u00e3o das provid\u00eancias necess\u00e1rias. \u201cO processo tramita em segredo de justi\u00e7a, motivo pelo qual o Munic\u00edpio n\u00e3o pode comentar detalhes ou apresentar informa\u00e7\u00f5es adicionais sobre o caso neste momento\u201d, disse.<\/p>\n<\/div>\n<p><br \/>\n<br \/><a href=\"https:\/\/www.tribunaribeirao.com.br\/legislativo-quer-destinar-r-500-mil-para-o-saica\/\">Source link <\/a><\/p>\n<!-- CONTENT END 1 -->\n","protected":false},"excerpt":{"rendered":"<p>Servi\u00e7o de Acolhimento Institucional para Crian\u00e7as e Adolescentes, do bairro Planalto Verde, que foi interditado por determina\u00e7\u00e3o da Justi\u00e7a por problemas estruturais A C\u00e2mara de&#8230;<\/p>\n","protected":false},"author":1,"featured_media":83355,"comment_status":"open","ping_status":"open","sticky":false,"template":"","format":"standard","meta":{"advanced_seo_description":"","jetpack_seo_html_title":"","jetpack_seo_noindex":false,"jetpack_post_was_ever_published":false,"_jetpack_newsletter_access":"","_jetpack_dont_email_post_to_subs":false,"_jetpack_newsletter_tier_id":0,"_jetpack_memberships_contains_paywalled_content":false,"_jetpack_memberships_contains_paid_content":false,"footnotes":"","jetpack_publicize_message":"","jetpack_publicize_feature_enabled":true,"jetpack_social_post_already_shared":true,"jetpack_social_options":{"image_generator_settings":{"template":"highway","default_image_id":0,"font":"","enabled":false},"version":2}},"categories":[11],"tags":[],"class_list":["post-83354","post","type-post","status-publish","format-standard","has-post-thumbnail","hentry","category-noticias-de-ribeirao-preto-sp-e-regiao-ismael-colosi"],"jetpack_publicize_connections":[],"jetpack_featured_media_url":"https:\/\/i0.wp.com\/noticiasribeiraopreto.com.br\/wp-content\/uploads\/2026\/03\/Saica-Sai-Alfredo-Risk-scaled.jpg?fit=1200%2C625&ssl=1","jetpack-related-posts":[{"id":83684,"url":"https:\/\/noticiasribeiraopreto.com.br\/index.php\/2026\/03\/23\/prefeitura-de-ribeirao-preto-anuncia-inicio-da-reforma-do-saica\/","url_meta":{"origin":83354,"position":0},"title":"Prefeitura de Ribeir\u00e3o Preto anuncia in\u00edcio da reforma do Saica","author":"noticiasribeiraopreto.com.br","date":"23 de March de 2026","format":false,"excerpt":"A Prefeitura de Ribeir\u00e3o Preto informou nesta segunda-feira (23), que iniciou a reforma do Saica I (Servi\u00e7o de Acolhimento Institucional para Crian\u00e7as e Adolescentes), localizado no bairro Planalto Verde. A interven\u00e7\u00e3o, segundo o comunicado, faz parte de \u201cum processo mais amplo de reestrutura\u00e7\u00e3o do servi\u00e7o, ap\u00f3s anos sem investimentos estruturais\u2026","rel":"","context":"In &quot;Not\u00edcias de Ribeir\u00e3o Preto-SP e Regi\u00e3o&quot;","block_context":{"text":"Not\u00edcias de Ribeir\u00e3o Preto-SP e Regi\u00e3o","link":"https:\/\/noticiasribeiraopreto.com.br\/index.php\/category\/noticias-de-ribeirao-preto-sp-e-regiao-ismael-colosi\/"},"img":{"alt_text":"","src":"https:\/\/i0.wp.com\/noticiasribeiraopreto.com.br\/wp-content\/uploads\/2026\/03\/reformas_saica_-_foto_guilherme_sircili_1_2026-03-23_21-22-06.webp.webp?fit=1200%2C800&ssl=1&resize=350%2C200","width":350,"height":200,"srcset":"https:\/\/i0.wp.com\/noticiasribeiraopreto.com.br\/wp-content\/uploads\/2026\/03\/reformas_saica_-_foto_guilherme_sircili_1_2026-03-23_21-22-06.webp.webp?fit=1200%2C800&ssl=1&resize=350%2C200 1x, https:\/\/i0.wp.com\/noticiasribeiraopreto.com.br\/wp-content\/uploads\/2026\/03\/reformas_saica_-_foto_guilherme_sircili_1_2026-03-23_21-22-06.webp.webp?fit=1200%2C800&ssl=1&resize=525%2C300 1.5x, https:\/\/i0.wp.com\/noticiasribeiraopreto.com.br\/wp-content\/uploads\/2026\/03\/reformas_saica_-_foto_guilherme_sircili_1_2026-03-23_21-22-06.webp.webp?fit=1200%2C800&ssl=1&resize=700%2C400 2x, https:\/\/i0.wp.com\/noticiasribeiraopreto.com.br\/wp-content\/uploads\/2026\/03\/reformas_saica_-_foto_guilherme_sircili_1_2026-03-23_21-22-06.webp.webp?fit=1200%2C800&ssl=1&resize=1050%2C600 3x"},"classes":[]},{"id":71099,"url":"https:\/\/noticiasribeiraopreto.com.br\/index.php\/2025\/06\/02\/justica-suspende-acolhimentos-no-saica-em-ribeirao-preto-por-irregularidades\/","url_meta":{"origin":83354,"position":1},"title":"Justi\u00e7a suspende acolhimentos no Saica em Ribeir\u00e3o Preto por irregularidades","author":"noticiasribeiraopreto.com.br","date":"2 de June de 2025","format":false,"excerpt":"A Vara da Inf\u00e2ncia e Juventude de Ribeir\u00e3o Preto determinou, por meio de liminar concedida na \u00faltima sexta-feira (30), a suspens\u00e3o de novos acolhimentos por parte do Saica (Servi\u00e7o de Acolhimento Institucional de Crian\u00e7as e Adolescentes). A decis\u00e3o ocorre ap\u00f3s uma a\u00e7\u00e3o civil p\u00fablica movida pela Defensoria P\u00fablica e pelo\u2026","rel":"","context":"In &quot;Not\u00edcias de Ribeir\u00e3o Preto-SP e Regi\u00e3o&quot;","block_context":{"text":"Not\u00edcias de Ribeir\u00e3o Preto-SP e Regi\u00e3o","link":"https:\/\/noticiasribeiraopreto.com.br\/index.php\/category\/noticias-de-ribeirao-preto-sp-e-regiao-ismael-colosi\/"},"img":{"alt_text":"","src":"https:\/\/i0.wp.com\/noticiasribeiraopreto.com.br\/wp-content\/uploads\/2025\/05\/WhatsApp-Image-2025-05-26-at-18.31.47_2025-05-26_21-32-45.webp.webp?fit=1200%2C847&ssl=1&resize=350%2C200","width":350,"height":200,"srcset":"https:\/\/i0.wp.com\/noticiasribeiraopreto.com.br\/wp-content\/uploads\/2025\/05\/WhatsApp-Image-2025-05-26-at-18.31.47_2025-05-26_21-32-45.webp.webp?fit=1200%2C847&ssl=1&resize=350%2C200 1x, https:\/\/i0.wp.com\/noticiasribeiraopreto.com.br\/wp-content\/uploads\/2025\/05\/WhatsApp-Image-2025-05-26-at-18.31.47_2025-05-26_21-32-45.webp.webp?fit=1200%2C847&ssl=1&resize=525%2C300 1.5x, https:\/\/i0.wp.com\/noticiasribeiraopreto.com.br\/wp-content\/uploads\/2025\/05\/WhatsApp-Image-2025-05-26-at-18.31.47_2025-05-26_21-32-45.webp.webp?fit=1200%2C847&ssl=1&resize=700%2C400 2x, https:\/\/i0.wp.com\/noticiasribeiraopreto.com.br\/wp-content\/uploads\/2025\/05\/WhatsApp-Image-2025-05-26-at-18.31.47_2025-05-26_21-32-45.webp.webp?fit=1200%2C847&ssl=1&resize=1050%2C600 3x"},"classes":[]},{"id":71453,"url":"https:\/\/noticiasribeiraopreto.com.br\/index.php\/2025\/06\/06\/prefeitura-entrega-plano-do-saica-ao-mp\/","url_meta":{"origin":83354,"position":2},"title":"Prefeitura entrega plano do Saica ao MP","author":"noticiasribeiraopreto.com.br","date":"6 de June de 2025","format":false,"excerpt":"A prefeitura de Ribeir\u00e3o Preto, por meio da Secretaria Municipal de Assist\u00eancia Social (Semas), enviou ao Minist\u00e9rio P\u00fablico de S\u00e3o Paulo (MPSP) um plano de trabalho e de reestrutura\u00e7\u00e3o em cumprimento \u00e0 decis\u00e3o judicial referente ao Servi\u00e7o de Acolhimento Institucional para Crian\u00e7as e Adolescentes (Saica). Nesta semana, o juiz Paulo\u2026","rel":"","context":"In &quot;Not\u00edcias de Ribeir\u00e3o Preto-SP e Regi\u00e3o&quot;","block_context":{"text":"Not\u00edcias de Ribeir\u00e3o Preto-SP e Regi\u00e3o","link":"https:\/\/noticiasribeiraopreto.com.br\/index.php\/category\/noticias-de-ribeirao-preto-sp-e-regiao-ismael-colosi\/"},"img":{"alt_text":"","src":"https:\/\/i0.wp.com\/noticiasribeiraopreto.com.br\/wp-content\/uploads\/2025\/06\/Saica-Alfredo-Risk-scaled.jpg?fit=800%2C417&ssl=1&resize=350%2C200","width":350,"height":200,"srcset":"https:\/\/i0.wp.com\/noticiasribeiraopreto.com.br\/wp-content\/uploads\/2025\/06\/Saica-Alfredo-Risk-scaled.jpg?fit=800%2C417&ssl=1&resize=350%2C200 1x, https:\/\/i0.wp.com\/noticiasribeiraopreto.com.br\/wp-content\/uploads\/2025\/06\/Saica-Alfredo-Risk-scaled.jpg?fit=800%2C417&ssl=1&resize=525%2C300 1.5x, https:\/\/i0.wp.com\/noticiasribeiraopreto.com.br\/wp-content\/uploads\/2025\/06\/Saica-Alfredo-Risk-scaled.jpg?fit=800%2C417&ssl=1&resize=700%2C400 2x"},"classes":[]},{"id":73917,"url":"https:\/\/noticiasribeiraopreto.com.br\/index.php\/2025\/07\/12\/saica-tera-triplice-gestao-tribuna-ribeirao\/","url_meta":{"origin":83354,"position":3},"title":"Saica ter\u00e1 tr\u00edplice gest\u00e3o &#8211; Tribuna Ribeir\u00e3o","author":"noticiasribeiraopreto.com.br","date":"12 de July de 2025","format":false,"excerpt":"A prefeitura de Ribeir\u00e3o Preto, por meio da Secretaria Municipal de Assist\u00eancia Social (Semas), divulgou o resultado final do chamamento para sele\u00e7\u00e3o de tr\u00eas Organiza\u00e7\u00f5es da Sociedade Civil (OSC) interessadas em administrar o Servi\u00e7o de Acolhimento Institucional para Crian\u00e7as e Adolescentes (Saica). O resultado foi publicado no Di\u00e1rio Oficial do\u2026","rel":"","context":"In &quot;Not\u00edcias de Ribeir\u00e3o Preto-SP e Regi\u00e3o&quot;","block_context":{"text":"Not\u00edcias de Ribeir\u00e3o Preto-SP e Regi\u00e3o","link":"https:\/\/noticiasribeiraopreto.com.br\/index.php\/category\/noticias-de-ribeirao-preto-sp-e-regiao-ismael-colosi\/"},"img":{"alt_text":"","src":"https:\/\/i0.wp.com\/noticiasribeiraopreto.com.br\/wp-content\/uploads\/2025\/07\/Saica-Alfredo-Risk-1-scaled.jpg?fit=800%2C417&ssl=1&resize=350%2C200","width":350,"height":200,"srcset":"https:\/\/i0.wp.com\/noticiasribeiraopreto.com.br\/wp-content\/uploads\/2025\/07\/Saica-Alfredo-Risk-1-scaled.jpg?fit=800%2C417&ssl=1&resize=350%2C200 1x, https:\/\/i0.wp.com\/noticiasribeiraopreto.com.br\/wp-content\/uploads\/2025\/07\/Saica-Alfredo-Risk-1-scaled.jpg?fit=800%2C417&ssl=1&resize=525%2C300 1.5x, https:\/\/i0.wp.com\/noticiasribeiraopreto.com.br\/wp-content\/uploads\/2025\/07\/Saica-Alfredo-Risk-1-scaled.jpg?fit=800%2C417&ssl=1&resize=700%2C400 2x"},"classes":[]},{"id":71145,"url":"https:\/\/noticiasribeiraopreto.com.br\/index.php\/2025\/06\/03\/justica-suspende-novos-acolhimentos-no-saica\/","url_meta":{"origin":83354,"position":4},"title":"Justi\u00e7a suspende novos acolhimentos no Saica\u00a0","author":"noticiasribeiraopreto.com.br","date":"3 de June de 2025","format":false,"excerpt":"3 de junho de 2025 08:302 de junho de 2025 19:422 Compartilhar0 O juiz Paulo C\u00e9sar Gentile, da Vara da Inf\u00e2ncia e Juventude de Ribeir\u00e3o Preto, suspendeu por meio de liminar novos acolhimentos no Servi\u00e7o de Acolhimento Institucional de Crian\u00e7as e Adolescentes (Saica). A proibi\u00e7\u00e3o valer\u00e1 pelos pr\u00f3ximos 15 dias,\u2026","rel":"","context":"In &quot;Not\u00edcias de Ribeir\u00e3o Preto-SP e Regi\u00e3o&quot;","block_context":{"text":"Not\u00edcias de Ribeir\u00e3o Preto-SP e Regi\u00e3o","link":"https:\/\/noticiasribeiraopreto.com.br\/index.php\/category\/noticias-de-ribeirao-preto-sp-e-regiao-ismael-colosi\/"},"img":{"alt_text":"","src":"https:\/\/i0.wp.com\/noticiasribeiraopreto.com.br\/wp-content\/uploads\/2025\/06\/Saica-Alfredo-Risk-1.jpg?fit=1200%2C625&ssl=1&resize=350%2C200","width":350,"height":200,"srcset":"https:\/\/i0.wp.com\/noticiasribeiraopreto.com.br\/wp-content\/uploads\/2025\/06\/Saica-Alfredo-Risk-1.jpg?fit=1200%2C625&ssl=1&resize=350%2C200 1x, https:\/\/i0.wp.com\/noticiasribeiraopreto.com.br\/wp-content\/uploads\/2025\/06\/Saica-Alfredo-Risk-1.jpg?fit=1200%2C625&ssl=1&resize=525%2C300 1.5x, https:\/\/i0.wp.com\/noticiasribeiraopreto.com.br\/wp-content\/uploads\/2025\/06\/Saica-Alfredo-Risk-1.jpg?fit=1200%2C625&ssl=1&resize=700%2C400 2x, https:\/\/i0.wp.com\/noticiasribeiraopreto.com.br\/wp-content\/uploads\/2025\/06\/Saica-Alfredo-Risk-1.jpg?fit=1200%2C625&ssl=1&resize=1050%2C600 3x"},"classes":[]},{"id":70475,"url":"https:\/\/noticiasribeiraopreto.com.br\/index.php\/2025\/05\/26\/defensoria-publica-e-mp-pedem-interdicao-do-saica-em-ribeirao-por-abusos-e-irregularidades\/","url_meta":{"origin":83354,"position":5},"title":"Defensoria P\u00fablica e MP pedem interdi\u00e7\u00e3o do SAICA em Ribeir\u00e3o por abusos e irregularidades","author":"noticiasribeiraopreto.com.br","date":"26 de May de 2025","format":false,"excerpt":"A Defensoria P\u00fablica e o MP-SP (Minist\u00e9rio P\u00fablico de S\u00e3o Paulo) ajuizaram nesta segunda-feira (26), uma a\u00e7\u00e3o civil p\u00fablica contra a Prefeitura de Ribeir\u00e3o Preto, ap\u00f3s constatarem graves irregularidades no SAICA (Servi\u00e7o de Acolhimento Institucional de Crian\u00e7as e Adolescentes). De acordo com os \u00f3rg\u00e3os, \u201cdentre as viola\u00e7\u00f5es mais preocupantes, destacam-se\u2026","rel":"","context":"In &quot;Not\u00edcias de Ribeir\u00e3o Preto-SP e Regi\u00e3o&quot;","block_context":{"text":"Not\u00edcias de Ribeir\u00e3o Preto-SP e Regi\u00e3o","link":"https:\/\/noticiasribeiraopreto.com.br\/index.php\/category\/noticias-de-ribeirao-preto-sp-e-regiao-ismael-colosi\/"},"img":{"alt_text":"","src":"https:\/\/i0.wp.com\/noticiasribeiraopreto.com.br\/wp-content\/uploads\/2025\/05\/WhatsApp-Image-2025-05-26-at-18.31.47_2025-05-26_21-32-45.webp.webp?fit=1200%2C847&ssl=1&resize=350%2C200","width":350,"height":200,"srcset":"https:\/\/i0.wp.com\/noticiasribeiraopreto.com.br\/wp-content\/uploads\/2025\/05\/WhatsApp-Image-2025-05-26-at-18.31.47_2025-05-26_21-32-45.webp.webp?fit=1200%2C847&ssl=1&resize=350%2C200 1x, https:\/\/i0.wp.com\/noticiasribeiraopreto.com.br\/wp-content\/uploads\/2025\/05\/WhatsApp-Image-2025-05-26-at-18.31.47_2025-05-26_21-32-45.webp.webp?fit=1200%2C847&ssl=1&resize=525%2C300 1.5x, https:\/\/i0.wp.com\/noticiasribeiraopreto.com.br\/wp-content\/uploads\/2025\/05\/WhatsApp-Image-2025-05-26-at-18.31.47_2025-05-26_21-32-45.webp.webp?fit=1200%2C847&ssl=1&resize=700%2C400 2x, https:\/\/i0.wp.com\/noticiasribeiraopreto.com.br\/wp-content\/uploads\/2025\/05\/WhatsApp-Image-2025-05-26-at-18.31.47_2025-05-26_21-32-45.webp.webp?fit=1200%2C847&ssl=1&resize=1050%2C600 3x"},"classes":[]}],"jetpack_sharing_enabled":true,"jetpack_shortlink":"https:\/\/wp.me\/peQAOb-lGq","_links":{"self":[{"href":"https:\/\/noticiasribeiraopreto.com.br\/index.php\/wp-json\/wp\/v2\/posts\/83354","targetHints":{"allow":["GET"]}}],"collection":[{"href":"https:\/\/noticiasribeiraopreto.com.br\/index.php\/wp-json\/wp\/v2\/posts"}],"about":[{"href":"https:\/\/noticiasribeiraopreto.com.br\/index.php\/wp-json\/wp\/v2\/types\/post"}],"author":[{"embeddable":true,"href":"https:\/\/noticiasribeiraopreto.com.br\/index.php\/wp-json\/wp\/v2\/users\/1"}],"replies":[{"embeddable":true,"href":"https:\/\/noticiasribeiraopreto.com.br\/index.php\/wp-json\/wp\/v2\/comments?post=83354"}],"version-history":[{"count":0,"href":"https:\/\/noticiasribeiraopreto.com.br\/index.php\/wp-json\/wp\/v2\/posts\/83354\/revisions"}],"wp:featuredmedia":[{"embeddable":true,"href":"https:\/\/noticiasribeiraopreto.com.br\/index.php\/wp-json\/wp\/v2\/media\/83355"}],"wp:attachment":[{"href":"https:\/\/noticiasribeiraopreto.com.br\/index.php\/wp-json\/wp\/v2\/media?parent=83354"}],"wp:term":[{"taxonomy":"category","embeddable":true,"href":"https:\/\/noticiasribeiraopreto.com.br\/index.php\/wp-json\/wp\/v2\/categories?post=83354"},{"taxonomy":"post_tag","embeddable":true,"href":"https:\/\/noticiasribeiraopreto.com.br\/index.php\/wp-json\/wp\/v2\/tags?post=83354"}],"curies":[{"name":"wp","href":"https:\/\/api.w.org\/{rel}","templated":true}]}}