{"id":83356,"date":"2026-03-17T07:11:55","date_gmt":"2026-03-17T10:11:55","guid":{"rendered":"https:\/\/noticiasribeiraopreto.com.br\/index.php\/2026\/03\/17\/vereadores-aprovam-credito-de-r-11-bi\/"},"modified":"2026-03-17T07:11:55","modified_gmt":"2026-03-17T10:11:55","slug":"vereadores-aprovam-credito-de-r-11-bi","status":"publish","type":"post","link":"https:\/\/noticiasribeiraopreto.com.br\/index.php\/2026\/03\/17\/vereadores-aprovam-credito-de-r-11-bi\/","title":{"rendered":"Vereadores aprovam \u2028cr\u00e9dito de R$ 1,1 bi"},"content":{"rendered":"<div class='code-block code-block-1' style='margin: 8px 0 8px auto; text-align: right; display: block; clear: both;'>\n<p><a href=\"https:\/\/wa.link\/vpicfd\"><img data-recalc-dims=\"1\" class=\"wp-image-4922\" style=\"aspect-ratio: 2.0253164556962027; width: 561px; height: auto;\" src=\"https:\/\/i0.wp.com\/ismaelcolosi.com.br\/wp-content\/uploads\/2023\/11\/grupo-de-empregos-whatsapp-e-facebook-ismael-colosi-vagas.jpg?ssl=1\" alt=\"\" \/><\/a><\/p>\n<!-- \/wp:image -->\n<\/div>\n<p> <br \/>\n<\/p>\n<div>\n<p class=\"p1\"><i>Recursos ser\u00e3o utilizados na constru\u00e7\u00e3o da Via Leste-Oeste, com a cria\u00e7\u00e3o da avenida Tanquinho e o prolongamento da Rio Pardo<br \/><\/i><br \/>A C\u00e2mara de Ribeir\u00e3o Preto aprovou, na sess\u00e3o desta segunda-feira, 16 de mar\u00e7o, por unanimidade, projeto de lei do prefeito Ricardo Silva (PSD) que pede autoriza\u00e7\u00e3o para assinar contrato de financiamento com a Caixa Econ\u00f4mica Federal no valor de R$ 1,1 bilh\u00e3o. A libera\u00e7\u00e3o do cr\u00e9dito ser\u00e1 pelo Novo Programa de Acelera\u00e7\u00e3o do Crescimento (PAC) Avan\u00e7ar Cidades \u2013 Mobilidade Urbana Setor P\u00fablico, vinculado ao Minist\u00e9rio das Cidades, para a constru\u00e7\u00e3o da Via Leste-Oeste.<\/p>\n<p>Na mesma sess\u00e3o, os vereadores aprovaram abertura de cr\u00e9dito especial e suplementar no valor de R$ 2.274.344,55 para a Secretaria Municipal de Obras P\u00fablicas, necess\u00e1rio para incluir nas leis or\u00e7ament\u00e1rias do atual exerc\u00edcio as rubricas para a opera\u00e7\u00e3o de cr\u00e9dito com a Caixa Econ\u00f4mica Federal<\/p>\n<p><img data-recalc-dims=\"1\" loading=\"lazy\" decoding=\"async\" class=\"wp-image-457576 aligncenter lazyload\" src=\"https:\/\/i0.wp.com\/www.tribunaribeirao.com.br\/wp-content\/uploads\/2026\/03\/NovoPAC-Pai-Alfredo-Risk-300x161.jpg?resize=395%2C212&#038;ssl=1\" alt=\"\" width=\"395\" height=\"212\" srcset=\"https:\/\/www.tribunaribeirao.com.br\/wp-content\/uploads\/2026\/03\/NovoPAC-Pai-Alfredo-Risk-300x161.jpg 300w, https:\/\/www.tribunaribeirao.com.br\/wp-content\/uploads\/2026\/03\/NovoPAC-Pai-Alfredo-Risk-1024x550.jpg 1024w, https:\/\/www.tribunaribeirao.com.br\/wp-content\/uploads\/2026\/03\/NovoPAC-Pai-Alfredo-Risk-768x413.jpg 768w, https:\/\/www.tribunaribeirao.com.br\/wp-content\/uploads\/2026\/03\/NovoPAC-Pai-Alfredo-Risk-1536x826.jpg 1536w, https:\/\/www.tribunaribeirao.com.br\/wp-content\/uploads\/2026\/03\/NovoPAC-Pai-Alfredo-Risk-960x516.jpg 960w, https:\/\/www.tribunaribeirao.com.br\/wp-content\/uploads\/2026\/03\/NovoPAC-Pai-Alfredo-Risk-744x400.jpg 744w, https:\/\/www.tribunaribeirao.com.br\/wp-content\/uploads\/2026\/03\/NovoPAC-Pai-Alfredo-Risk-585x314.jpg 585w, https:\/\/www.tribunaribeirao.com.br\/wp-content\/uploads\/2026\/03\/NovoPAC-Pai-Alfredo-Risk-scaled.jpg 1200w\" data-sizes=\"(max-width: 395px) 100vw, 395px\" style=\"--smush-placeholder-width: 395px; --smush-placeholder-aspect-ratio: 395\/212;\"\/>A pasta realizar\u00e1 a\u00e7\u00f5es e estudos de impacto ambiental para a viabiliza\u00e7\u00e3o da Vila Leste-Oeste. O projeto de lei foi encaminhado separadamente para aprecia\u00e7\u00e3o e aprova\u00e7\u00e3o da C\u00e2mara por orienta\u00e7\u00e3o do banco estatal e da Secretaria do Tesouro Nacional.<\/p>\n<p>Na semana passada, a mesma C\u00e2mara aprovou a cria\u00e7\u00e3o de Comiss\u00e3o Especial de Estudos (CEE) para acompanhar a aplica\u00e7\u00e3o do recurso, seguindo proposta do vereador Daniel Gobbi (PP). O projeto prev\u00ea o repasse de at\u00e9 R$ 1.093.319.450,64 do governo federa<span class=\"Apple-converted-space\">\u00a0 <\/span>A contrapartida do munic\u00edpio \u00e9 estimada em R$ 57.543.128,99, totalizando investimento de R$ 1.150.862.579,63 no novo corredor vi\u00e1rio.<\/p>\n<figure id=\"attachment_457577\" aria-describedby=\"caption-attachment-457577\" style=\"width: 397px\" class=\"wp-caption aligncenter\"><img data-recalc-dims=\"1\" loading=\"lazy\" decoding=\"async\" class=\"wp-image-457577 lazyload\" src=\"https:\/\/i0.wp.com\/www.tribunaribeirao.com.br\/wp-content\/uploads\/2026\/03\/NovoPAC-Via-Alfredo-Risk-300x169.jpg?resize=397%2C224&#038;ssl=1\" alt=\"\" width=\"397\" height=\"224\" srcset=\"https:\/\/www.tribunaribeirao.com.br\/wp-content\/uploads\/2026\/03\/NovoPAC-Via-Alfredo-Risk-300x169.jpg 300w, https:\/\/www.tribunaribeirao.com.br\/wp-content\/uploads\/2026\/03\/NovoPAC-Via-Alfredo-Risk-1024x576.jpg 1024w, https:\/\/www.tribunaribeirao.com.br\/wp-content\/uploads\/2026\/03\/NovoPAC-Via-Alfredo-Risk-768x432.jpg 768w, https:\/\/www.tribunaribeirao.com.br\/wp-content\/uploads\/2026\/03\/NovoPAC-Via-Alfredo-Risk-1536x864.jpg 1536w, https:\/\/www.tribunaribeirao.com.br\/wp-content\/uploads\/2026\/03\/NovoPAC-Via-Alfredo-Risk-2048x1152.jpg 2048w, https:\/\/www.tribunaribeirao.com.br\/wp-content\/uploads\/2026\/03\/NovoPAC-Via-Alfredo-Risk-1920x1080.jpg 1920w, https:\/\/www.tribunaribeirao.com.br\/wp-content\/uploads\/2026\/03\/NovoPAC-Via-Alfredo-Risk-960x540.jpg 960w, https:\/\/www.tribunaribeirao.com.br\/wp-content\/uploads\/2026\/03\/NovoPAC-Via-Alfredo-Risk-711x400.jpg 711w, https:\/\/www.tribunaribeirao.com.br\/wp-content\/uploads\/2026\/03\/NovoPAC-Via-Alfredo-Risk-585x329.jpg 585w, https:\/\/www.tribunaribeirao.com.br\/wp-content\/uploads\/2026\/03\/NovoPAC-Via-Alfredo-Risk-scaled.jpg 1200w\" data-sizes=\"(max-width: 397px) 100vw, 397px\" style=\"--smush-placeholder-width: 397px; --smush-placeholder-aspect-ratio: 397\/224;\"\/><figcaption id=\"caption-attachment-457577\" class=\"wp-caption-text\">Via Leste-Oeste ter\u00e1 27,1 quil\u00f4metros de extens\u00e3o<\/figcaption><\/figure>\n<p class=\"p1\">Segundo o projeto, a taxa nominal de juros da opera\u00e7\u00e3o de empr\u00e9stimo ser\u00e1 de 6% ao ano sobre o saldo devedor, acrescida de at\u00e9 2% de al\u00edquota de administra\u00e7\u00e3o e at\u00e9 1% ao ano de taxa de risco. A d\u00edvida ser\u00e1 quitada, nas fases de car\u00eancia e amortiza\u00e7\u00e3o, em um per\u00edodo de 48 meses, com in\u00edcio em 2026. O financiamento ter\u00e1 recursos do Fundo de Garantia do Tempo de Servi\u00e7o (FGTS).<\/p>\n<p>J\u00e1 a amortiza\u00e7\u00e3o e os reembolsos anuais, juros e demais encargos e comiss\u00f5es ocorrer\u00e3o em um per\u00edodo de 240 meses, ou seja, 20 anos. As obras s\u00e3o aguardadas h\u00e1 mais de 60 anos pela popula\u00e7\u00e3o de Ribeir\u00e3o Preto. Segundo Gobbi, a cria\u00e7\u00e3o da CEE tem por finalidade dar mais transpar\u00eancia tanto para o contrato de financiamento quanto para a execu\u00e7\u00e3o das obras.<span class=\"Apple-converted-space\">\u00a0 <\/span><\/p>\n<p>A cerim\u00f4nia de libera\u00e7\u00e3o da linha de cr\u00e9dito ocorreu em 17 de dezembro, em Bras\u00edlia, e contou com a presen\u00e7a do presidente da Rep\u00fablica, Luiz In\u00e1cio Lula da Silva (PT); do prefeito Ricardo Silva (PSD); do ministro das Cidades, Jader Barbalho Filho; do deputado federal Baleia Rossi (MDB); do estadual L\u00e9o Oliveira (MDB); das vereadoras Duda Hidalgo (PT) e Perla M\u00fcller (PT) e demais autoridades.<\/p>\n<p><b>A Via Leste-Oeste \u2013 <\/b>O corredor Leste-Oeste dever\u00e1 se tornar um dos principais projetos de transforma\u00e7\u00e3o urbana de Ribeir\u00e3o Preto nas pr\u00f3ximas d\u00e9cadas. Com cerca de 27 quil\u00f4metros de extens\u00e3o, o macroprojeto foi concebido para conectar as regi\u00f5es Leste, Norte e Oeste da cidade por meio de um novo eixo de mobilidade que integra transporte p\u00fablico, ciclovias, requalifica\u00e7\u00e3o urbana e solu\u00e7\u00f5es ambientais inovadoras para drenagem urbana.<\/p>\n<p>Mais do que uma obra vi\u00e1ria, o projeto prop\u00f5e uma nova l\u00f3gica de planejamento da infraestrutura urbana ao incorporar o conceito internacional de \u201cCidade Esponja\u201d, estrat\u00e9gia urban\u00edstica que busca ampliar a capacidade das cidades de absorver, infiltrar e armazenar a \u00e1gua da chuva por meio de \u00e1reas verdes, parques lineares e sistemas de drenagem sustent\u00e1vel.<\/p>\n<p>Na pr\u00e1tica, foi planejado para funcionar n\u00e3o apenas como uma infraestrutura de transporte, mas tamb\u00e9m como um sistema urbano capaz de reduzir riscos de alagamentos, recuperar \u00e1reas degradadas e melhorar o microclima da cidade, integrando mobilidade, infraestrutura e meio ambiente em uma mesma l\u00f3gica de desenvolvimento urbano.<\/p>\n<p>Segundo o prefeito Ricardo Silva, o projeto representa uma nova forma de pensar o desenvolvimento urbano de Ribeir\u00e3o Preto. \u201cAo incorporar o conceito de Cidade Esponja, passamos a tratar a drenagem urbana de forma inteligente, reduzindo riscos de enchentes e transformando \u00e1reas hoje degradadas em espa\u00e7os qualificados. \u00c9 uma obra pensada para resolver desafios hist\u00f3ricos da mobilidade e, ao mesmo tempo, preparar Ribeir\u00e3o Preto para o futuro.\u201d<\/p>\n<p>O projeto tamb\u00e9m representa uma mudan\u00e7a importante na forma como a cidade planeja sua infraestrutura urbana, ao integrar solu\u00e7\u00f5es de mobilidade com estrat\u00e9gias ambientais capazes de enfrentar um dos principais desafios das cidades contempor\u00e2neas: o aumento da intensidade das chuvas e os impactos das mudan\u00e7as clim\u00e1ticas sobre o espa\u00e7o urbano.<\/p>\n<p>A Via Leste-Oeste ser\u00e1 formada por diferentes eixos vi\u00e1rios e interven\u00e7\u00f5es urbanas que reorganizam a mobilidade e ampliam a infraestrutura da cidade. O conceito de Cidade Esponja vem sendo adotado por diversas cidades do mundo como resposta aos impactos das mudan\u00e7as clim\u00e1ticas e \u00e0 intensifica\u00e7\u00e3o das chuvas nas \u00e1reas urbanas.<\/p>\n<p>A proposta consiste em ampliar a capacidade da cidade de absorver e reter a \u00e1gua da chuva, reduzindo a press\u00e3o sobre as galerias pluviais e diminuindo o risco de alagamentos. Entre as solu\u00e7\u00f5es previstas est\u00e3o a implanta\u00e7\u00e3o de parques lineares ao longo de c\u00f3rregos urbanos, a amplia\u00e7\u00e3o de \u00e1reas verdes, a cria\u00e7\u00e3o de superf\u00edcies perme\u00e1veis e sistemas de drenagem natural, al\u00e9m da recupera\u00e7\u00e3o ambiental de fundos de vale.<\/p>\n<p>Essas interven\u00e7\u00f5es promovem a integra\u00e7\u00e3o entre mobilidade urbana e infraestrutura ambiental, contribuindo para reduzir o risco de alagamentos e tornar a cidade mais resiliente aos eventos clim\u00e1ticos extremos.<\/p>\n<p>Ao mesmo tempo, essas solu\u00e7\u00f5es qualificam o espa\u00e7o urbano, melhoram o microclima, valorizam os espa\u00e7os p\u00fablicos e ampliam as \u00e1reas de conviv\u00eancia e bem-estar para a popula\u00e7\u00e3o.<\/p>\n<p>Ao longo de todo o corredor ser\u00e3o implantadas vias completas, com ciclovias, cal\u00e7adas acess\u00edveis, corredores de \u00f4nibus e novas pontes sobre c\u00f3rregos urbanos, al\u00e9m da amplia\u00e7\u00e3o de \u00e1reas verdes e sistemas de drenagem urbana.<\/p>\n<p class=\"p1\">\n<em><strong>Autoriza\u00e7\u00e3o para financiamento foi aprovada por unanimidade: 20 votos <\/strong><\/em><\/p>\n<p><span class=\"s1\"><b>Obras nos principais\u00a0 trechos do corredor<\/b><\/span><br \/><b\/><\/p>\n<p class=\"p1\"><b>Avenida Morro da Vit\u00f3ria \u2013<\/b> Nova via estruturante implantada em \u00e1rea de expans\u00e3o urbana, com ciclovias, corredores de \u00f4nibus e solu\u00e7\u00f5es de drenagem sustent\u00e1vel, incluindo a transposi\u00e7\u00e3o do C\u00f3rrego das Palmeiras.<\/p>\n<p><b>Avenida do Tanquinho e Lagoinha \u2013<\/b> Implanta\u00e7\u00e3o de nova avenida em fundo de vale e requalifica\u00e7\u00e3o de diversas vias existentes ao longo do C\u00f3rrego do Tanquinho, com cria\u00e7\u00e3o de parques lineares, recupera\u00e7\u00e3o ambiental e melhorias vi\u00e1rias em bairros como Campos El\u00edseos, Vila Mariana e Lagoinha.<\/p>\n<p>Via Norte (Avenida Eduardo Andrea Matarazzo) \u2013 Requalifica\u00e7\u00e3o completa da avenida, com implanta\u00e7\u00e3o de faixas exclusivas para \u00f4nibus, reorganiza\u00e7\u00e3o vi\u00e1ria e nova ponte sobre o ribeir\u00e3o Preto.<\/p>\n<p><b>Avenida Rio Pardo \u2013<\/b> Reorganiza\u00e7\u00e3o do sistema vi\u00e1rio ao longo de um ramal ferrovi\u00e1rio desativado, permitindo a cria\u00e7\u00e3o de um parque linear com ciclovia e amplia\u00e7\u00e3o das \u00e1reas perme\u00e1veis.<\/p>\n<\/div>\n<p><br \/>\n<br \/><a href=\"https:\/\/www.tribunaribeirao.com.br\/vereadores-aprovam-credito-de-r-11-bi\/\">Source link <\/a><\/p>\n<!-- CONTENT END 1 -->\n","protected":false},"excerpt":{"rendered":"<p>Recursos ser\u00e3o utilizados na constru\u00e7\u00e3o da Via Leste-Oeste, com a cria\u00e7\u00e3o da avenida Tanquinho e o prolongamento da Rio PardoA C\u00e2mara de Ribeir\u00e3o Preto aprovou,&#8230;<\/p>\n","protected":false},"author":1,"featured_media":83357,"comment_status":"open","ping_status":"open","sticky":false,"template":"","format":"standard","meta":{"advanced_seo_description":"","jetpack_seo_html_title":"","jetpack_seo_noindex":false,"jetpack_post_was_ever_published":false,"_jetpack_newsletter_access":"","_jetpack_dont_email_post_to_subs":false,"_jetpack_newsletter_tier_id":0,"_jetpack_memberships_contains_paywalled_content":false,"_jetpack_memberships_contains_paid_content":false,"footnotes":"","jetpack_publicize_message":"","jetpack_publicize_feature_enabled":true,"jetpack_social_post_already_shared":true,"jetpack_social_options":{"image_generator_settings":{"template":"highway","default_image_id":0,"font":"","enabled":false},"version":2}},"categories":[11],"tags":[],"class_list":["post-83356","post","type-post","status-publish","format-standard","has-post-thumbnail","hentry","category-noticias-de-ribeirao-preto-sp-e-regiao-ismael-colosi"],"jetpack_publicize_connections":[],"jetpack_featured_media_url":"https:\/\/i0.wp.com\/noticiasribeiraopreto.com.br\/wp-content\/uploads\/2026\/03\/NovoPAC-Pai-Detalhe-Alfredo-Risk-scaled.jpg?fit=1200%2C645&ssl=1","jetpack-related-posts":[{"id":83224,"url":"https:\/\/noticiasribeiraopreto.com.br\/index.php\/2026\/03\/13\/aprovada-cee-da-via-leste-oeste\/","url_meta":{"origin":83356,"position":0},"title":"Aprovada CEE da Via Leste-Oeste","author":"noticiasribeiraopreto.com.br","date":"13 de March de 2026","format":false,"excerpt":"Comiss\u00e3o Especial de Estudos ir\u00e1 fiscalizar a execu\u00e7\u00e3o e a aplica\u00e7\u00e3o do financiamento de R$1,1 bilh\u00e3o para a implanta\u00e7\u00e3o do corredor de mobilidade Leste-Oeste A C\u00e2mara de Ribeir\u00e3o Preto aprovou a cria\u00e7\u00e3o de uma Comiss\u00e3o Especial de Estudos (CEE) para acompanhar a libera\u00e7\u00e3o de cr\u00e9dito de R$ 1,1 bilh\u00e3o via\u2026","rel":"","context":"In &quot;Not\u00edcias de Ribeir\u00e3o Preto-SP e Regi\u00e3o&quot;","block_context":{"text":"Not\u00edcias de Ribeir\u00e3o Preto-SP e Regi\u00e3o","link":"https:\/\/noticiasribeiraopreto.com.br\/index.php\/category\/noticias-de-ribeirao-preto-sp-e-regiao-ismael-colosi\/"},"img":{"alt_text":"","src":"https:\/\/i0.wp.com\/noticiasribeiraopreto.com.br\/wp-content\/uploads\/2026\/03\/NovoPAC-Alfredo-Risk-1-scaled.jpg?fit=1200%2C675&ssl=1&resize=350%2C200","width":350,"height":200,"srcset":"https:\/\/i0.wp.com\/noticiasribeiraopreto.com.br\/wp-content\/uploads\/2026\/03\/NovoPAC-Alfredo-Risk-1-scaled.jpg?fit=1200%2C675&ssl=1&resize=350%2C200 1x, https:\/\/i0.wp.com\/noticiasribeiraopreto.com.br\/wp-content\/uploads\/2026\/03\/NovoPAC-Alfredo-Risk-1-scaled.jpg?fit=1200%2C675&ssl=1&resize=525%2C300 1.5x, https:\/\/i0.wp.com\/noticiasribeiraopreto.com.br\/wp-content\/uploads\/2026\/03\/NovoPAC-Alfredo-Risk-1-scaled.jpg?fit=1200%2C675&ssl=1&resize=700%2C400 2x, https:\/\/i0.wp.com\/noticiasribeiraopreto.com.br\/wp-content\/uploads\/2026\/03\/NovoPAC-Alfredo-Risk-1-scaled.jpg?fit=1200%2C675&ssl=1&resize=1050%2C600 3x"},"classes":[]},{"id":894,"url":"https:\/\/noticiasribeiraopreto.com.br\/index.php\/2023\/11\/09\/rp-vereadores-aprovam-credito-de-r-202-mi\/","url_meta":{"origin":83356,"position":1},"title":"RP: vereadores aprovam\u00a0cr\u00e9dito de R$ 20,2 mi \u00a0","author":"noticiasribeiraopreto.com.br","date":"9 de November de 2023","format":false,"excerpt":"9 de novembro de 2023 | 14:009 de novembro de 2023 | 11:32 0A C\u00e2mara de Vereadores aprovou, na sess\u00e3o ordin\u00e1ria de ter\u00e7a-feira, 7 de novembro, dois projetos de lei do Executivo que autorizam a abertura de cr\u00e9dito da prefeitura de Ribeir\u00e3o Preto com as secretarias municipais da Sa\u00fade e\u2026","rel":"","context":"In &quot;Not\u00edcias de Ribeir\u00e3o Preto-SP e Regi\u00e3o&quot;","block_context":{"text":"Not\u00edcias de Ribeir\u00e3o Preto-SP e Regi\u00e3o","link":"https:\/\/noticiasribeiraopreto.com.br\/index.php\/category\/noticias-de-ribeirao-preto-sp-e-regiao-ismael-colosi\/"},"img":{"alt_text":"","src":"https:\/\/i0.wp.com\/noticiasribeiraopreto.com.br\/wp-content\/uploads\/2023\/11\/verba-scaled.jpg?fit=967%2C645&ssl=1&resize=350%2C200","width":350,"height":200,"srcset":"https:\/\/i0.wp.com\/noticiasribeiraopreto.com.br\/wp-content\/uploads\/2023\/11\/verba-scaled.jpg?fit=967%2C645&ssl=1&resize=350%2C200 1x, https:\/\/i0.wp.com\/noticiasribeiraopreto.com.br\/wp-content\/uploads\/2023\/11\/verba-scaled.jpg?fit=967%2C645&ssl=1&resize=525%2C300 1.5x, https:\/\/i0.wp.com\/noticiasribeiraopreto.com.br\/wp-content\/uploads\/2023\/11\/verba-scaled.jpg?fit=967%2C645&ssl=1&resize=700%2C400 2x"},"classes":[]},{"id":80895,"url":"https:\/\/noticiasribeiraopreto.com.br\/index.php\/2025\/12\/17\/recurso-de-r-11-bilhao-para-via-leste-sera-assinado-nesta-quinta-feira\/","url_meta":{"origin":83356,"position":2},"title":"Recurso de R$ 1,1 bilh\u00e3o para Via Leste ser\u00e1 assinado nesta quinta-feira","author":"noticiasribeiraopreto.com.br","date":"17 de December de 2025","format":false,"excerpt":"\r \r \r 17 de dezembro de 2025 16:45 \r Compartilhar0 Assinatura da linha de cr\u00e9dito entre a prefeitura e o Governo Federal ser\u00e1 feita em cerim\u00f4nia no Pal\u00e1cio do Planalto com a presen\u00e7a do prefeito Ricardo Silva e do presidente Lula O prefeito de Ribeir\u00e3o Preto, Ricardo Silva (PSD)\u2026","rel":"","context":"In &quot;Not\u00edcias de Ribeir\u00e3o Preto-SP e Regi\u00e3o&quot;","block_context":{"text":"Not\u00edcias de Ribeir\u00e3o Preto-SP e Regi\u00e3o","link":"https:\/\/noticiasribeiraopreto.com.br\/index.php\/category\/noticias-de-ribeirao-preto-sp-e-regiao-ismael-colosi\/"},"img":{"alt_text":"","src":"https:\/\/i0.wp.com\/noticiasribeiraopreto.com.br\/wp-content\/uploads\/2025\/12\/via-leste.jpeg?fit=635%2C357&ssl=1&resize=350%2C200","width":350,"height":200,"srcset":"https:\/\/i0.wp.com\/noticiasribeiraopreto.com.br\/wp-content\/uploads\/2025\/12\/via-leste.jpeg?fit=635%2C357&ssl=1&resize=350%2C200 1x, https:\/\/i0.wp.com\/noticiasribeiraopreto.com.br\/wp-content\/uploads\/2025\/12\/via-leste.jpeg?fit=635%2C357&ssl=1&resize=525%2C300 1.5x"},"classes":[]},{"id":83358,"url":"https:\/\/noticiasribeiraopreto.com.br\/index.php\/2026\/03\/17\/camara-aprova-financiamento-de-r-11-bilhao-para-obras-em-ribeirao-preto\/","url_meta":{"origin":83356,"position":3},"title":"C\u00e2mara aprova financiamento de R$ 1,1 bilh\u00e3o para obras em Ribeir\u00e3o Preto","author":"noticiasribeiraopreto.com.br","date":"17 de March de 2026","format":false,"excerpt":"A C\u00e2mara de Ribeir\u00e3o Preto aprovou, na \u00faltima segunda-feira (17), o projeto de lei que autoriza a prefeitura a contratar o financiamento de R$ 1.093.319.450,64 junto \u00e0 Caixa Econ\u00f4mica Federal para constru\u00e7\u00e3o da avenida Tanquinho e prolongamento da avenida Rio Pardo, o chamado corredor de mobilidade Leste-Oeste. A proposta foi\u2026","rel":"","context":"In &quot;Not\u00edcias de Ribeir\u00e3o Preto-SP e Regi\u00e3o&quot;","block_context":{"text":"Not\u00edcias de Ribeir\u00e3o Preto-SP e Regi\u00e3o","link":"https:\/\/noticiasribeiraopreto.com.br\/index.php\/category\/noticias-de-ribeirao-preto-sp-e-regiao-ismael-colosi\/"},"img":{"alt_text":"","src":"https:\/\/i0.wp.com\/noticiasribeiraopreto.com.br\/wp-content\/uploads\/2026\/03\/aprova-camara_2026-03-17_12-27-06.webp.webp?fit=1200%2C675&ssl=1&resize=350%2C200","width":350,"height":200,"srcset":"https:\/\/i0.wp.com\/noticiasribeiraopreto.com.br\/wp-content\/uploads\/2026\/03\/aprova-camara_2026-03-17_12-27-06.webp.webp?fit=1200%2C675&ssl=1&resize=350%2C200 1x, https:\/\/i0.wp.com\/noticiasribeiraopreto.com.br\/wp-content\/uploads\/2026\/03\/aprova-camara_2026-03-17_12-27-06.webp.webp?fit=1200%2C675&ssl=1&resize=525%2C300 1.5x, https:\/\/i0.wp.com\/noticiasribeiraopreto.com.br\/wp-content\/uploads\/2026\/03\/aprova-camara_2026-03-17_12-27-06.webp.webp?fit=1200%2C675&ssl=1&resize=700%2C400 2x, https:\/\/i0.wp.com\/noticiasribeiraopreto.com.br\/wp-content\/uploads\/2026\/03\/aprova-camara_2026-03-17_12-27-06.webp.webp?fit=1200%2C675&ssl=1&resize=1050%2C600 3x"},"classes":[]},{"id":83789,"url":"https:\/\/noticiasribeiraopreto.com.br\/index.php\/2026\/03\/26\/desapropriacoes-podem-custar-r-150-mi\/","url_meta":{"origin":83356,"position":4},"title":"Desapropria\u00e7\u00f5es podem custar R$ 150 mi","author":"noticiasribeiraopreto.com.br","date":"26 de March de 2026","format":false,"excerpt":"Projeto da Via Leste-Oeste tem documenta\u00e7\u00e3o entregue ao Tesouro Nacional e segue para nova etapa A prefeitura de Ribeir\u00e3o Preto deu mais um passo decisivo para viabilizar o maior investimento em mobilidade urbana da hist\u00f3ria do munic\u00edpio. Na ter\u00e7a-feira, 24 de mar\u00e7o, o prefeito Ricardo Silva (PSD) esteve no Tesouro\u2026","rel":"","context":"In &quot;Not\u00edcias de Ribeir\u00e3o Preto-SP e Regi\u00e3o&quot;","block_context":{"text":"Not\u00edcias de Ribeir\u00e3o Preto-SP e Regi\u00e3o","link":"https:\/\/noticiasribeiraopreto.com.br\/index.php\/category\/noticias-de-ribeirao-preto-sp-e-regiao-ismael-colosi\/"},"img":{"alt_text":"","src":"https:\/\/i0.wp.com\/noticiasribeiraopreto.com.br\/wp-content\/uploads\/2026\/03\/NovoPAC-Pro-Divulgacao.jpg?fit=984%2C656&ssl=1&resize=350%2C200","width":350,"height":200,"srcset":"https:\/\/i0.wp.com\/noticiasribeiraopreto.com.br\/wp-content\/uploads\/2026\/03\/NovoPAC-Pro-Divulgacao.jpg?fit=984%2C656&ssl=1&resize=350%2C200 1x, https:\/\/i0.wp.com\/noticiasribeiraopreto.com.br\/wp-content\/uploads\/2026\/03\/NovoPAC-Pro-Divulgacao.jpg?fit=984%2C656&ssl=1&resize=525%2C300 1.5x, https:\/\/i0.wp.com\/noticiasribeiraopreto.com.br\/wp-content\/uploads\/2026\/03\/NovoPAC-Pro-Divulgacao.jpg?fit=984%2C656&ssl=1&resize=700%2C400 2x"},"classes":[]},{"id":75204,"url":"https:\/\/noticiasribeiraopreto.com.br\/index.php\/2025\/08\/05\/camara-aprova-recursos-para-monitoramento-com-reconhecimento-facial\/","url_meta":{"origin":83356,"position":5},"title":"C\u00e2mara aprova recursos para monitoramento com reconhecimento facial","author":"noticiasribeiraopreto.com.br","date":"5 de August de 2025","format":false,"excerpt":"5 de agosto de 2025 14:405 de agosto de 2025 14:477 Compartilhar0 Os vereadores de Ribeir\u00e3o Preto aprovaram em primeira vota\u00e7\u00e3o, o projeto de lei do prefeito de Ribeir\u00e3o Preto, Ricardo Silva (PSD) que permite o uso de parte dos recursos da Contribui\u00e7\u00e3o de Ilumina\u00e7\u00e3o P\u00fablica (CIP) para o monitoramento\u2026","rel":"","context":"In &quot;Not\u00edcias de Ribeir\u00e3o Preto-SP e Regi\u00e3o&quot;","block_context":{"text":"Not\u00edcias de Ribeir\u00e3o Preto-SP e Regi\u00e3o","link":"https:\/\/noticiasribeiraopreto.com.br\/index.php\/category\/noticias-de-ribeirao-preto-sp-e-regiao-ismael-colosi\/"},"img":{"alt_text":"","src":"https:\/\/i0.wp.com\/noticiasribeiraopreto.com.br\/wp-content\/uploads\/2025\/08\/CamaraMunicipal-scaled-1.jpg?fit=920%2C645&ssl=1&resize=350%2C200","width":350,"height":200,"srcset":"https:\/\/i0.wp.com\/noticiasribeiraopreto.com.br\/wp-content\/uploads\/2025\/08\/CamaraMunicipal-scaled-1.jpg?fit=920%2C645&ssl=1&resize=350%2C200 1x, https:\/\/i0.wp.com\/noticiasribeiraopreto.com.br\/wp-content\/uploads\/2025\/08\/CamaraMunicipal-scaled-1.jpg?fit=920%2C645&ssl=1&resize=525%2C300 1.5x, https:\/\/i0.wp.com\/noticiasribeiraopreto.com.br\/wp-content\/uploads\/2025\/08\/CamaraMunicipal-scaled-1.jpg?fit=920%2C645&ssl=1&resize=700%2C400 2x"},"classes":[]}],"jetpack_sharing_enabled":true,"jetpack_shortlink":"https:\/\/wp.me\/peQAOb-lGs","_links":{"self":[{"href":"https:\/\/noticiasribeiraopreto.com.br\/index.php\/wp-json\/wp\/v2\/posts\/83356","targetHints":{"allow":["GET"]}}],"collection":[{"href":"https:\/\/noticiasribeiraopreto.com.br\/index.php\/wp-json\/wp\/v2\/posts"}],"about":[{"href":"https:\/\/noticiasribeiraopreto.com.br\/index.php\/wp-json\/wp\/v2\/types\/post"}],"author":[{"embeddable":true,"href":"https:\/\/noticiasribeiraopreto.com.br\/index.php\/wp-json\/wp\/v2\/users\/1"}],"replies":[{"embeddable":true,"href":"https:\/\/noticiasribeiraopreto.com.br\/index.php\/wp-json\/wp\/v2\/comments?post=83356"}],"version-history":[{"count":0,"href":"https:\/\/noticiasribeiraopreto.com.br\/index.php\/wp-json\/wp\/v2\/posts\/83356\/revisions"}],"wp:featuredmedia":[{"embeddable":true,"href":"https:\/\/noticiasribeiraopreto.com.br\/index.php\/wp-json\/wp\/v2\/media\/83357"}],"wp:attachment":[{"href":"https:\/\/noticiasribeiraopreto.com.br\/index.php\/wp-json\/wp\/v2\/media?parent=83356"}],"wp:term":[{"taxonomy":"category","embeddable":true,"href":"https:\/\/noticiasribeiraopreto.com.br\/index.php\/wp-json\/wp\/v2\/categories?post=83356"},{"taxonomy":"post_tag","embeddable":true,"href":"https:\/\/noticiasribeiraopreto.com.br\/index.php\/wp-json\/wp\/v2\/tags?post=83356"}],"curies":[{"name":"wp","href":"https:\/\/api.w.org\/{rel}","templated":true}]}}