{"id":83358,"date":"2026-03-17T10:27:34","date_gmt":"2026-03-17T13:27:34","guid":{"rendered":"https:\/\/noticiasribeiraopreto.com.br\/index.php\/2026\/03\/17\/camara-aprova-financiamento-de-r-11-bilhao-para-obras-em-ribeirao-preto\/"},"modified":"2026-03-17T10:27:34","modified_gmt":"2026-03-17T13:27:34","slug":"camara-aprova-financiamento-de-r-11-bilhao-para-obras-em-ribeirao-preto","status":"publish","type":"post","link":"https:\/\/noticiasribeiraopreto.com.br\/index.php\/2026\/03\/17\/camara-aprova-financiamento-de-r-11-bilhao-para-obras-em-ribeirao-preto\/","title":{"rendered":"C\u00e2mara aprova financiamento de R$ 1,1 bilh\u00e3o para obras em Ribeir\u00e3o Preto"},"content":{"rendered":"<div class='code-block code-block-1' style='margin: 8px 0 8px auto; text-align: right; display: block; clear: both;'>\n<p><a href=\"https:\/\/wa.link\/vpicfd\"><img data-recalc-dims=\"1\" class=\"wp-image-4922\" style=\"aspect-ratio: 2.0253164556962027; width: 561px; height: auto;\" src=\"https:\/\/i0.wp.com\/ismaelcolosi.com.br\/wp-content\/uploads\/2023\/11\/grupo-de-empregos-whatsapp-e-facebook-ismael-colosi-vagas.jpg?ssl=1\" alt=\"\" \/><\/a><\/p>\n<!-- \/wp:image -->\n<\/div>\n<p> <br \/>\n<\/p>\n<div id=\"dsoaudio\">\n            <button type=\"button\" title=\"Salvar mat\u00e9ria\" class=\"dso bookmark-injection bookmark-save\"><br \/>\n        <svg xmlns=\"http:\/\/www.w3.org\/2000\/svg\" width=\"20\" height=\"24\" viewbox=\"0 0 20 24\" fill=\"none\">\n            <path d=\"M1 23V1H19V23L10 15.6667L1 23Z\" stroke=\"black\" stroke-width=\"1.3\" stroke-linejoin=\"round\"\/>\n        <\/svg><br \/>\n    <\/button> <\/p>\n<p>A<strong><a href=\"https:\/\/www.camararibeiraopreto.sp.gov.br\/\" data-type=\"link\" data-id=\"https:\/\/www.camararibeiraopreto.sp.gov.br\/\" target=\"_blank\" rel=\"noopener\"> C\u00e2mara de Ribeir\u00e3o Preto <\/a><\/strong>aprovou, na \u00faltima segunda-feira (17), o projeto de lei que autoriza a prefeitura a contratar o financiamento de R$ 1.093.319.450,64 junto \u00e0<strong> Caixa Econ\u00f4mica Federal <\/strong>para constru\u00e7\u00e3o da<strong> avenida Tanquinho<\/strong> e prolongamento da<strong> avenida Rio Pardo<\/strong>, o chamado corredor de mobilidade Leste-Oeste.<\/p>\n<p>A proposta foi aprovada com 20 votos favor\u00e1veis e nenhum contr\u00e1rio. O cr\u00e9dito foi anunciado pelo presidente Luiz In\u00e1cio Lula da Silva (PT), em dezembro do ano passado, e faz parte do Programa Avan\u00e7ar Cidades \u2013 Mobilidade Urbana. Como contrapartida, a Prefeitura de Ribeir\u00e3o Preto deve investir R$ 57.543.128,99.<\/p>\n<figure class=\"wp-block-image size-large\"><img data-recalc-dims=\"1\" loading=\"lazy\" decoding=\"async\" width=\"1024\" height=\"575\" alt=\"via leste oeste 2025 12 19 20 04 21\" class=\"wp-image-139939\" title=\"C\u00e2mara aprova financiamento de R$ 1,1 bilh\u00e3o para obras em Ribeir\u00e3o Preto 1\" srcset=\"https:\/\/www.acidadeon.com\/ribeiraopreto\/wp-content\/uploads\/sites\/3\/2025\/12\/via-leste-oeste_2025-12-19_20-04-21-1024x575.webp 1024w, https:\/\/www.acidadeon.com\/ribeiraopreto\/wp-content\/uploads\/sites\/3\/2025\/12\/via-leste-oeste_2025-12-19_20-04-21-300x168.webp 300w, https:\/\/www.acidadeon.com\/ribeiraopreto\/wp-content\/uploads\/sites\/3\/2025\/12\/via-leste-oeste_2025-12-19_20-04-21-768x431.webp 768w, https:\/\/www.acidadeon.com\/ribeiraopreto\/wp-content\/uploads\/sites\/3\/2025\/12\/via-leste-oeste_2025-12-19_20-04-21-696x391.webp 696w, https:\/\/www.acidadeon.com\/ribeiraopreto\/wp-content\/uploads\/sites\/3\/2025\/12\/via-leste-oeste_2025-12-19_20-04-21-1068x600.webp 1068w, https:\/\/www.acidadeon.com\/ribeiraopreto\/wp-content\/uploads\/sites\/3\/2025\/12\/via-leste-oeste_2025-12-19_20-04-21.webp 1181w\" data-lazy-sizes=\"(max-width: 1024px) 100vw, 1024px\" src=\"https:\/\/i0.wp.com\/www.acidadeon.com\/ribeiraopreto\/wp-content\/uploads\/sites\/3\/2025\/12\/via-leste-oeste_2025-12-19_20-04-21-1024x575.webp?resize=1024%2C575&#038;ssl=1\"\/><img data-recalc-dims=\"1\" loading=\"lazy\" decoding=\"async\" width=\"1024\" height=\"575\" src=\"https:\/\/i0.wp.com\/www.acidadeon.com\/ribeiraopreto\/wp-content\/uploads\/sites\/3\/2025\/12\/via-leste-oeste_2025-12-19_20-04-21-1024x575.webp?resize=1024%2C575&#038;ssl=1\" alt=\"via leste oeste 2025 12 19 20 04 21\" class=\"wp-image-139939\" title=\"C\u00e2mara aprova financiamento de R$ 1,1 bilh\u00e3o para obras em Ribeir\u00e3o Preto 1\" srcset=\"https:\/\/www.acidadeon.com\/ribeiraopreto\/wp-content\/uploads\/sites\/3\/2025\/12\/via-leste-oeste_2025-12-19_20-04-21-1024x575.webp 1024w, https:\/\/www.acidadeon.com\/ribeiraopreto\/wp-content\/uploads\/sites\/3\/2025\/12\/via-leste-oeste_2025-12-19_20-04-21-300x168.webp 300w, https:\/\/www.acidadeon.com\/ribeiraopreto\/wp-content\/uploads\/sites\/3\/2025\/12\/via-leste-oeste_2025-12-19_20-04-21-768x431.webp 768w, https:\/\/www.acidadeon.com\/ribeiraopreto\/wp-content\/uploads\/sites\/3\/2025\/12\/via-leste-oeste_2025-12-19_20-04-21-696x391.webp 696w, https:\/\/www.acidadeon.com\/ribeiraopreto\/wp-content\/uploads\/sites\/3\/2025\/12\/via-leste-oeste_2025-12-19_20-04-21-1068x600.webp 1068w, https:\/\/www.acidadeon.com\/ribeiraopreto\/wp-content\/uploads\/sites\/3\/2025\/12\/via-leste-oeste_2025-12-19_20-04-21.webp 1181w\" sizes=\"auto, (max-width: 1024px) 100vw, 1024px\"\/><figcaption class=\"wp-element-caption\">Projeto de implanta\u00e7\u00e3o das vias Leste e Oeste<\/figcaption><\/figure>\n<p>Segundo o projeto de lei, o financiamento bilion\u00e1rio tem taxa nominal de juros de 6% ao ano sobre o saldo devedor, acrescida de uma taxa de administra\u00e7\u00e3o de at\u00e9 2% ao ano, al\u00e9m de uma taxa de risco de at\u00e9 1% ao ano, pagos mensalmente, nas fases de car\u00eancia e amortiza\u00e7\u00e3o.<\/p>\n<p><mark style=\"background-color:#ff6900\" class=\"has-inline-color has-black-color\">O munic\u00edpio ter\u00e1 o prazo de 240 meses de amortiza\u00e7\u00e3o<\/mark>, ou seja, para pagar o financiamento.<\/p>\n<h2 class=\"wp-block-heading\"><strong>O projeto<\/strong><\/h2>\n<p>O futuro corredor Leste-Oeste ter\u00e1 27 quil\u00f4metros de extens\u00e3o e foi concebido para conectar as regi\u00f5es Leste, Norte e Oeste da cidade por meio de um novo eixo de mobilidade que integra transporte p\u00fablico, ciclovias, requalifica\u00e7\u00e3o urbana e solu\u00e7\u00f5es ambientais inovadoras para drenagem urbana.<\/p>\n<p>O projeto prop\u00f5e incorporar o conceito internacional de \u201cCidade Esponja\u201d, estrat\u00e9gia urban\u00edstica que busca ampliar a capacidade das cidades de absorver, infiltrar e armazenar a \u00e1gua da chuva por meio de \u00e1reas verdes, parques lineares e sistemas de drenagem sustent\u00e1vel.<\/p>\n<figure class=\"wp-block-image size-large\"><img data-recalc-dims=\"1\" loading=\"lazy\" decoding=\"async\" width=\"1024\" height=\"567\" alt=\"avenida tanquinho 2025 12 19 20 05 51\" class=\"wp-image-139941\" title=\"C\u00e2mara aprova financiamento de R$ 1,1 bilh\u00e3o para obras em Ribeir\u00e3o Preto 2\" srcset=\"https:\/\/www.acidadeon.com\/ribeiraopreto\/wp-content\/uploads\/sites\/3\/2025\/12\/avenida-tanquinho_2025-12-19_20-05-51-1024x567.webp 1024w, https:\/\/www.acidadeon.com\/ribeiraopreto\/wp-content\/uploads\/sites\/3\/2025\/12\/avenida-tanquinho_2025-12-19_20-05-51-300x166.webp 300w, https:\/\/www.acidadeon.com\/ribeiraopreto\/wp-content\/uploads\/sites\/3\/2025\/12\/avenida-tanquinho_2025-12-19_20-05-51-768x426.webp 768w, https:\/\/www.acidadeon.com\/ribeiraopreto\/wp-content\/uploads\/sites\/3\/2025\/12\/avenida-tanquinho_2025-12-19_20-05-51-696x386.webp 696w, https:\/\/www.acidadeon.com\/ribeiraopreto\/wp-content\/uploads\/sites\/3\/2025\/12\/avenida-tanquinho_2025-12-19_20-05-51-1068x592.webp 1068w, https:\/\/www.acidadeon.com\/ribeiraopreto\/wp-content\/uploads\/sites\/3\/2025\/12\/avenida-tanquinho_2025-12-19_20-05-51.webp 1184w\" data-lazy-sizes=\"(max-width: 1024px) 100vw, 1024px\" src=\"https:\/\/i0.wp.com\/www.acidadeon.com\/ribeiraopreto\/wp-content\/uploads\/sites\/3\/2025\/12\/avenida-tanquinho_2025-12-19_20-05-51-1024x567.webp?resize=1024%2C567&#038;ssl=1\"\/><img data-recalc-dims=\"1\" loading=\"lazy\" decoding=\"async\" width=\"1024\" height=\"567\" src=\"https:\/\/i0.wp.com\/www.acidadeon.com\/ribeiraopreto\/wp-content\/uploads\/sites\/3\/2025\/12\/avenida-tanquinho_2025-12-19_20-05-51-1024x567.webp?resize=1024%2C567&#038;ssl=1\" alt=\"avenida tanquinho 2025 12 19 20 05 51\" class=\"wp-image-139941\" title=\"C\u00e2mara aprova financiamento de R$ 1,1 bilh\u00e3o para obras em Ribeir\u00e3o Preto 2\" srcset=\"https:\/\/www.acidadeon.com\/ribeiraopreto\/wp-content\/uploads\/sites\/3\/2025\/12\/avenida-tanquinho_2025-12-19_20-05-51-1024x567.webp 1024w, https:\/\/www.acidadeon.com\/ribeiraopreto\/wp-content\/uploads\/sites\/3\/2025\/12\/avenida-tanquinho_2025-12-19_20-05-51-300x166.webp 300w, https:\/\/www.acidadeon.com\/ribeiraopreto\/wp-content\/uploads\/sites\/3\/2025\/12\/avenida-tanquinho_2025-12-19_20-05-51-768x426.webp 768w, https:\/\/www.acidadeon.com\/ribeiraopreto\/wp-content\/uploads\/sites\/3\/2025\/12\/avenida-tanquinho_2025-12-19_20-05-51-696x386.webp 696w, https:\/\/www.acidadeon.com\/ribeiraopreto\/wp-content\/uploads\/sites\/3\/2025\/12\/avenida-tanquinho_2025-12-19_20-05-51-1068x592.webp 1068w, https:\/\/www.acidadeon.com\/ribeiraopreto\/wp-content\/uploads\/sites\/3\/2025\/12\/avenida-tanquinho_2025-12-19_20-05-51.webp 1184w\" sizes=\"auto, (max-width: 1024px) 100vw, 1024px\"\/><figcaption class=\"wp-element-caption\">Projeto de implanta\u00e7\u00e3o da avenida Tanquinho (Foto: reprodu\u00e7\u00e3o)<\/figcaption><\/figure>\n<p>SAIBA MAIS<br \/>Feira Alta Caf\u00e9 2026 projeta R$ 260 milh\u00f5es em neg\u00f3cios e 20 mil visitantes<\/p>\n<h2 class=\"wp-block-heading\"><strong>FIQUE ON<\/strong><\/h2>\n<p>Fique ligado em tudo que acontece em Ribeir\u00e3o Preto e regi\u00e3o. Siga os perfis do\u00a0<strong>acidade on\u00a0<\/strong>no<a href=\"https:\/\/www.instagram.com\/acidadeonribeirao\" data-type=\"link\" data-id=\"https:\/\/www.instagram.com\/acidadeonribeirao\" target=\"_blank\" rel=\"noopener\">\u00a0Instagram<\/a>\u00a0e no\u00a0<a href=\"https:\/\/www.facebook.com\/acidadeonribeirao\/\" data-type=\"link\" data-id=\"https:\/\/www.facebook.com\/acidadeonribeirao\/\" target=\"_blank\" rel=\"noopener\">Facebook<\/a>.<\/p>\n<p>Receba not\u00edcias do<strong>\u00a0acidade on<\/strong>\u00a0no WhatsApp. Para entrar no grupo,\u00a0basta<a href=\"https:\/\/chat.whatsapp.com\/GFH9HUMUTHNFJdnyEd0xxq\" data-type=\"link\" data-id=\"https:\/\/chat.whatsapp.com\/GFH9HUMUTHNFJdnyEd0xxq\" target=\"_blank\" rel=\"noopener\"> clicar aqui<\/a>. Ou, acesse o nosso\u00a0Canal <a href=\"https:\/\/whatsapp.com\/channel\/0029Vb6IQl1JENyAeS57fk2p\" data-type=\"link\" data-id=\"https:\/\/whatsapp.com\/channel\/0029Vb6IQl1JENyAeS57fk2p\" target=\"_blank\" rel=\"noopener\">clicando aqui<\/a>.<\/p>\n<p>Fa\u00e7a uma den\u00fancia ou sugira uma reportagem sobre Ribeir\u00e3o Preto e regi\u00e3o pelo WhatsApp: 16 99117 7802.<\/p>\n<p>VEJA TAMB\u00c9M<br \/>6 dicas para montar um cronograma de estudos eficiente para as provas<\/p>\n<p><input type=\"hidden\" name=\"postID\" id=\"postID\" value=\"149177\"\/><br \/>\n            <input type=\"hidden\" name=\"postType\" id=\"postType\" value=\"post\"\/><br \/>\n<!-- AI CONTENT END 1 -->\n        <\/div>\n<p><script async src=\"\/\/www.instagram.com\/embed.js\"><\/script><br \/>\n<br \/><br \/>\n<br \/><a href=\"https:\/\/www.acidadeon.com\/ribeiraopreto\/politica\/camara-aprova-financiamento-de-r-11-bilhao-para-obras-em-ribeirao-preto\/\">Source link <\/a><\/p>\n<!-- CONTENT END 1 -->\n","protected":false},"excerpt":{"rendered":"<p>A C\u00e2mara de Ribeir\u00e3o Preto aprovou, na \u00faltima segunda-feira (17), o projeto de lei que autoriza a prefeitura a contratar o financiamento de R$ 1.093.319.450,64&#8230;<\/p>\n","protected":false},"author":1,"featured_media":83359,"comment_status":"open","ping_status":"open","sticky":false,"template":"","format":"standard","meta":{"advanced_seo_description":"","jetpack_seo_html_title":"","jetpack_seo_noindex":false,"jetpack_post_was_ever_published":false,"_jetpack_newsletter_access":"","_jetpack_dont_email_post_to_subs":false,"_jetpack_newsletter_tier_id":0,"_jetpack_memberships_contains_paywalled_content":false,"_jetpack_memberships_contains_paid_content":false,"footnotes":"","jetpack_publicize_message":"","jetpack_publicize_feature_enabled":true,"jetpack_social_post_already_shared":true,"jetpack_social_options":{"image_generator_settings":{"template":"highway","default_image_id":0,"font":"","enabled":false},"version":2}},"categories":[11],"tags":[],"class_list":["post-83358","post","type-post","status-publish","format-standard","has-post-thumbnail","hentry","category-noticias-de-ribeirao-preto-sp-e-regiao-ismael-colosi"],"jetpack_publicize_connections":[],"jetpack_featured_media_url":"https:\/\/i0.wp.com\/noticiasribeiraopreto.com.br\/wp-content\/uploads\/2026\/03\/aprova-camara_2026-03-17_12-27-06.webp.webp?fit=1200%2C675&ssl=1","jetpack-related-posts":[{"id":83284,"url":"https:\/\/noticiasribeiraopreto.com.br\/index.php\/2026\/03\/15\/financiamento-bilionario-sera-votado-nesta-segunda-feira-pela-camara-de-ribeirao-preto\/","url_meta":{"origin":83358,"position":0},"title":"Financiamento bilion\u00e1rio ser\u00e1 votado nesta segunda-feira pela C\u00e2mara de Ribeir\u00e3o Preto","author":"noticiasribeiraopreto.com.br","date":"15 de March de 2026","format":false,"excerpt":"A C\u00e2mara de Ribeir\u00e3o Preto deve votar nesta segunda-feira (16) o projeto de lei que autoriza a prefeitura a contratar o financiamento de R$ 1.093.319.450,64 junto \u00e0 Caixa Econ\u00f4mica Federal para constru\u00e7\u00e3o da avenida Tanquinho e duplica\u00e7\u00e3o da Rio Pardo, o chamado corredor de mobilidade Leste-Oeste. O cr\u00e9dito foi anunciado\u2026","rel":"","context":"In &quot;Not\u00edcias de Ribeir\u00e3o Preto-SP e Regi\u00e3o&quot;","block_context":{"text":"Not\u00edcias de Ribeir\u00e3o Preto-SP e Regi\u00e3o","link":"https:\/\/noticiasribeiraopreto.com.br\/index.php\/category\/noticias-de-ribeirao-preto-sp-e-regiao-ismael-colosi\/"},"img":{"alt_text":"","src":"https:\/\/i0.wp.com\/noticiasribeiraopreto.com.br\/wp-content\/uploads\/2026\/03\/via-leste-oeste_2025-12-19_20-04-21.webp.webp?fit=1181%2C663&ssl=1&resize=350%2C200","width":350,"height":200,"srcset":"https:\/\/i0.wp.com\/noticiasribeiraopreto.com.br\/wp-content\/uploads\/2026\/03\/via-leste-oeste_2025-12-19_20-04-21.webp.webp?fit=1181%2C663&ssl=1&resize=350%2C200 1x, https:\/\/i0.wp.com\/noticiasribeiraopreto.com.br\/wp-content\/uploads\/2026\/03\/via-leste-oeste_2025-12-19_20-04-21.webp.webp?fit=1181%2C663&ssl=1&resize=525%2C300 1.5x, https:\/\/i0.wp.com\/noticiasribeiraopreto.com.br\/wp-content\/uploads\/2026\/03\/via-leste-oeste_2025-12-19_20-04-21.webp.webp?fit=1181%2C663&ssl=1&resize=700%2C400 2x, https:\/\/i0.wp.com\/noticiasribeiraopreto.com.br\/wp-content\/uploads\/2026\/03\/via-leste-oeste_2025-12-19_20-04-21.webp.webp?fit=1181%2C663&ssl=1&resize=1050%2C600 3x"},"classes":[]},{"id":63404,"url":"https:\/\/noticiasribeiraopreto.com.br\/index.php\/2025\/02\/12\/ribeirao-preto-quer-financiamento-de-ate-r-20-milhoes-do-novo-pac-entenda\/","url_meta":{"origin":83358,"position":1},"title":"Ribeir\u00e3o Preto quer financiamento de at\u00e9 R$ 20 milh\u00f5es do Novo PAC; Entenda","author":"noticiasribeiraopreto.com.br","date":"12 de February de 2025","format":false,"excerpt":"O prefeito de Ribeir\u00e3o Preto, Ricardo Silva (PSD), enviou para C\u00e2mara de Ribeir\u00e3o Preto um projeto de lei que autoriza um financiamento, via o Novo PAC (Programa de Acelera\u00e7\u00e3o do Crescimento), no valor de at\u00e9 R$ 20.183.110,74. Os recursos ser\u00e3o utilizados para implanta\u00e7\u00e3o de redes de abastecimento. De acordo com\u2026","rel":"","context":"In &quot;Not\u00edcias de Ribeir\u00e3o Preto-SP e Regi\u00e3o&quot;","block_context":{"text":"Not\u00edcias de Ribeir\u00e3o Preto-SP e Regi\u00e3o","link":"https:\/\/noticiasribeiraopreto.com.br\/index.php\/category\/noticias-de-ribeirao-preto-sp-e-regiao-ismael-colosi\/"},"img":{"alt_text":"","src":"https:\/\/i0.wp.com\/noticiasribeiraopreto.com.br\/wp-content\/uploads\/2025\/02\/ribeirao-preto-prefeitura.jpg?fit=1200%2C900&ssl=1&resize=350%2C200","width":350,"height":200,"srcset":"https:\/\/i0.wp.com\/noticiasribeiraopreto.com.br\/wp-content\/uploads\/2025\/02\/ribeirao-preto-prefeitura.jpg?fit=1200%2C900&ssl=1&resize=350%2C200 1x, https:\/\/i0.wp.com\/noticiasribeiraopreto.com.br\/wp-content\/uploads\/2025\/02\/ribeirao-preto-prefeitura.jpg?fit=1200%2C900&ssl=1&resize=525%2C300 1.5x, https:\/\/i0.wp.com\/noticiasribeiraopreto.com.br\/wp-content\/uploads\/2025\/02\/ribeirao-preto-prefeitura.jpg?fit=1200%2C900&ssl=1&resize=700%2C400 2x, https:\/\/i0.wp.com\/noticiasribeiraopreto.com.br\/wp-content\/uploads\/2025\/02\/ribeirao-preto-prefeitura.jpg?fit=1200%2C900&ssl=1&resize=1050%2C600 3x"},"classes":[]},{"id":63506,"url":"https:\/\/noticiasribeiraopreto.com.br\/index.php\/2025\/02\/14\/camara-libera-financiamento-de-ate-r-20-milhoes-do-novo-pac-para-ribeirao-preto\/","url_meta":{"origin":83358,"position":2},"title":"C\u00e2mara libera financiamento de at\u00e9 R$ 20 milh\u00f5es do Novo PAC para Ribeir\u00e3o Preto","author":"noticiasribeiraopreto.com.br","date":"14 de February de 2025","format":false,"excerpt":"A C\u00e2mara de Ribeir\u00e3o Preto aprovou na \u00faltima quinta-feira (13) projeto de lei que autoriza a prefeitura a contratar financiamento de at\u00e9 R$ 20.183.110,74 pelo Novo PAC (Programa de Acelera\u00e7\u00e3o do Crescimento). Os recursos ser\u00e3o utilizados para implanta\u00e7\u00e3o de redes de abastecimento. A proposta recebeu 21 votos favor\u00e1veis dos vereadores\u2026","rel":"","context":"In &quot;Not\u00edcias de Ribeir\u00e3o Preto-SP e Regi\u00e3o&quot;","block_context":{"text":"Not\u00edcias de Ribeir\u00e3o Preto-SP e Regi\u00e3o","link":"https:\/\/noticiasribeiraopreto.com.br\/index.php\/category\/noticias-de-ribeirao-preto-sp-e-regiao-ismael-colosi\/"},"img":{"alt_text":"","src":"https:\/\/i0.wp.com\/noticiasribeiraopreto.com.br\/wp-content\/uploads\/2025\/02\/implantacao-rede-ribeirao_2025-02-14_17-41-48_jpg_2025-02-14_17-41-48.webp.webp?fit=1000%2C666&ssl=1&resize=350%2C200","width":350,"height":200,"srcset":"https:\/\/i0.wp.com\/noticiasribeiraopreto.com.br\/wp-content\/uploads\/2025\/02\/implantacao-rede-ribeirao_2025-02-14_17-41-48_jpg_2025-02-14_17-41-48.webp.webp?fit=1000%2C666&ssl=1&resize=350%2C200 1x, https:\/\/i0.wp.com\/noticiasribeiraopreto.com.br\/wp-content\/uploads\/2025\/02\/implantacao-rede-ribeirao_2025-02-14_17-41-48_jpg_2025-02-14_17-41-48.webp.webp?fit=1000%2C666&ssl=1&resize=525%2C300 1.5x, https:\/\/i0.wp.com\/noticiasribeiraopreto.com.br\/wp-content\/uploads\/2025\/02\/implantacao-rede-ribeirao_2025-02-14_17-41-48_jpg_2025-02-14_17-41-48.webp.webp?fit=1000%2C666&ssl=1&resize=700%2C400 2x"},"classes":[]},{"id":63527,"url":"https:\/\/noticiasribeiraopreto.com.br\/index.php\/2025\/02\/14\/prefeitura-de-ribeirao-preto-quer-financiar-avenida-do-tanquinho-com-novo-pac\/","url_meta":{"origin":83358,"position":3},"title":"Prefeitura de Ribeir\u00e3o Preto quer financiar avenida do Tanquinho com Novo PAC","author":"noticiasribeiraopreto.com.br","date":"14 de February de 2025","format":false,"excerpt":"O prefeito de Ribeir\u00e3o Preto, Ricardo Silva (PSD), e o secret\u00e1rio Nacional de Mobilidade Urbana do Minist\u00e9rio das Cidades, Denis Andia, discutiram nesta sexta-feira (14) a inclus\u00e3o dos projetos para constru\u00e7\u00e3o da avenida Tanquinho e revitaliza\u00e7\u00e3o da avenida Rio Pardo no Novo PAC (Plano de Acelera\u00e7\u00e3o do Crescimento) do Governo\u2026","rel":"","context":"In &quot;Not\u00edcias de Ribeir\u00e3o Preto-SP e Regi\u00e3o&quot;","block_context":{"text":"Not\u00edcias de Ribeir\u00e3o Preto-SP e Regi\u00e3o","link":"https:\/\/noticiasribeiraopreto.com.br\/index.php\/category\/noticias-de-ribeirao-preto-sp-e-regiao-ismael-colosi\/"},"img":{"alt_text":"","src":"https:\/\/i0.wp.com\/noticiasribeiraopreto.com.br\/wp-content\/uploads\/2025\/02\/novo-pac-foto_2025-02-14_20-42-46_jpg_2025-02-14_20-42-46.webp.webp?fit=1200%2C800&ssl=1&resize=350%2C200","width":350,"height":200,"srcset":"https:\/\/i0.wp.com\/noticiasribeiraopreto.com.br\/wp-content\/uploads\/2025\/02\/novo-pac-foto_2025-02-14_20-42-46_jpg_2025-02-14_20-42-46.webp.webp?fit=1200%2C800&ssl=1&resize=350%2C200 1x, https:\/\/i0.wp.com\/noticiasribeiraopreto.com.br\/wp-content\/uploads\/2025\/02\/novo-pac-foto_2025-02-14_20-42-46_jpg_2025-02-14_20-42-46.webp.webp?fit=1200%2C800&ssl=1&resize=525%2C300 1.5x, https:\/\/i0.wp.com\/noticiasribeiraopreto.com.br\/wp-content\/uploads\/2025\/02\/novo-pac-foto_2025-02-14_20-42-46_jpg_2025-02-14_20-42-46.webp.webp?fit=1200%2C800&ssl=1&resize=700%2C400 2x, https:\/\/i0.wp.com\/noticiasribeiraopreto.com.br\/wp-content\/uploads\/2025\/02\/novo-pac-foto_2025-02-14_20-42-46_jpg_2025-02-14_20-42-46.webp.webp?fit=1200%2C800&ssl=1&resize=1050%2C600 3x"},"classes":[]},{"id":84221,"url":"https:\/\/noticiasribeiraopreto.com.br\/index.php\/2026\/04\/05\/avenidas-de-ribeirao-preto-sem-fiacao-aerea-secretario-diz-que-e-possivel\/","url_meta":{"origin":83358,"position":4},"title":"Avenidas de Ribeir\u00e3o Preto sem fia\u00e7\u00e3o a\u00e9rea? Secret\u00e1rio diz que \u00e9 poss\u00edvel","author":"noticiasribeiraopreto.com.br","date":"5 de April de 2026","format":false,"excerpt":"Ler o resumo da not\u00edcia Secret\u00e1rio diz que \u00e9 poss\u00edvel O secret\u00e1rio de Obras de Ribeir\u00e3o Preto, Walter Telli, disse que existe a possibilidade das avenidas do Tanquinho e Rio Pardo, que v\u00e3o ligar as regi\u00f5es Leste e Oeste da cidade, contarem com fia\u00e7\u00e3o subterr\u00e2nea. O secret\u00e1rio fez a revela\u00e7\u00e3o\u2026","rel":"","context":"In &quot;Not\u00edcias de Ribeir\u00e3o Preto-SP e Regi\u00e3o&quot;","block_context":{"text":"Not\u00edcias de Ribeir\u00e3o Preto-SP e Regi\u00e3o","link":"https:\/\/noticiasribeiraopreto.com.br\/index.php\/category\/noticias-de-ribeirao-preto-sp-e-regiao-ismael-colosi\/"},"img":{"alt_text":"","src":"https:\/\/i0.wp.com\/noticiasribeiraopreto.com.br\/wp-content\/uploads\/2026\/04\/walter-telli_2026-04-04_22-05-28.webp.webp?fit=1200%2C800&ssl=1&resize=350%2C200","width":350,"height":200,"srcset":"https:\/\/i0.wp.com\/noticiasribeiraopreto.com.br\/wp-content\/uploads\/2026\/04\/walter-telli_2026-04-04_22-05-28.webp.webp?fit=1200%2C800&ssl=1&resize=350%2C200 1x, https:\/\/i0.wp.com\/noticiasribeiraopreto.com.br\/wp-content\/uploads\/2026\/04\/walter-telli_2026-04-04_22-05-28.webp.webp?fit=1200%2C800&ssl=1&resize=525%2C300 1.5x, https:\/\/i0.wp.com\/noticiasribeiraopreto.com.br\/wp-content\/uploads\/2026\/04\/walter-telli_2026-04-04_22-05-28.webp.webp?fit=1200%2C800&ssl=1&resize=700%2C400 2x, https:\/\/i0.wp.com\/noticiasribeiraopreto.com.br\/wp-content\/uploads\/2026\/04\/walter-telli_2026-04-04_22-05-28.webp.webp?fit=1200%2C800&ssl=1&resize=1050%2C600 3x"},"classes":[]},{"id":84001,"url":"https:\/\/noticiasribeiraopreto.com.br\/index.php\/2026\/03\/30\/obras-das-avenidas-tanquinho-e-rio-pardo-devem-durar-48-meses\/","url_meta":{"origin":83358,"position":5},"title":"Obras das avenidas Tanquinho e Rio Pardo devem durar 48 meses","author":"noticiasribeiraopreto.com.br","date":"30 de March de 2026","format":false,"excerpt":"Ler o resumo da not\u00edcia Obras do corredor de mobilidade Leste-Oeste em Ribeir\u00e3o Preto ter\u00e3o dura\u00e7\u00e3o estimada de 48 meses. Projeto prev\u00ea interven\u00e7\u00f5es em mais de 27 km, com cria\u00e7\u00e3o da avenida Tanquinho (Leste) e prolongamento da Rio Pardo (Oeste). Financiamento federal de R$ 1,1 bilh\u00e3o faz parte do programa\u2026","rel":"","context":"In &quot;Not\u00edcias de Ribeir\u00e3o Preto-SP e Regi\u00e3o&quot;","block_context":{"text":"Not\u00edcias de Ribeir\u00e3o Preto-SP e Regi\u00e3o","link":"https:\/\/noticiasribeiraopreto.com.br\/index.php\/category\/noticias-de-ribeirao-preto-sp-e-regiao-ismael-colosi\/"},"img":{"alt_text":"","src":"https:\/\/i0.wp.com\/noticiasribeiraopreto.com.br\/wp-content\/uploads\/2025\/04\/Copia-de-Copia-de-Copia-de-TAMANHO-EXATO-PARA-FOTOS-NO-SISTEMA-NOVO-2025-04-14T161228.899_2025-04-14_19-17-20_png_2025-04-14_19-17-20.webp.webp?fit=1200%2C675&ssl=1&resize=350%2C200","width":350,"height":200,"srcset":"https:\/\/i0.wp.com\/noticiasribeiraopreto.com.br\/wp-content\/uploads\/2025\/04\/Copia-de-Copia-de-Copia-de-TAMANHO-EXATO-PARA-FOTOS-NO-SISTEMA-NOVO-2025-04-14T161228.899_2025-04-14_19-17-20_png_2025-04-14_19-17-20.webp.webp?fit=1200%2C675&ssl=1&resize=350%2C200 1x, https:\/\/i0.wp.com\/noticiasribeiraopreto.com.br\/wp-content\/uploads\/2025\/04\/Copia-de-Copia-de-Copia-de-TAMANHO-EXATO-PARA-FOTOS-NO-SISTEMA-NOVO-2025-04-14T161228.899_2025-04-14_19-17-20_png_2025-04-14_19-17-20.webp.webp?fit=1200%2C675&ssl=1&resize=525%2C300 1.5x, https:\/\/i0.wp.com\/noticiasribeiraopreto.com.br\/wp-content\/uploads\/2025\/04\/Copia-de-Copia-de-Copia-de-TAMANHO-EXATO-PARA-FOTOS-NO-SISTEMA-NOVO-2025-04-14T161228.899_2025-04-14_19-17-20_png_2025-04-14_19-17-20.webp.webp?fit=1200%2C675&ssl=1&resize=700%2C400 2x, https:\/\/i0.wp.com\/noticiasribeiraopreto.com.br\/wp-content\/uploads\/2025\/04\/Copia-de-Copia-de-Copia-de-TAMANHO-EXATO-PARA-FOTOS-NO-SISTEMA-NOVO-2025-04-14T161228.899_2025-04-14_19-17-20_png_2025-04-14_19-17-20.webp.webp?fit=1200%2C675&ssl=1&resize=1050%2C600 3x"},"classes":[]}],"jetpack_sharing_enabled":true,"jetpack_shortlink":"https:\/\/wp.me\/peQAOb-lGu","_links":{"self":[{"href":"https:\/\/noticiasribeiraopreto.com.br\/index.php\/wp-json\/wp\/v2\/posts\/83358","targetHints":{"allow":["GET"]}}],"collection":[{"href":"https:\/\/noticiasribeiraopreto.com.br\/index.php\/wp-json\/wp\/v2\/posts"}],"about":[{"href":"https:\/\/noticiasribeiraopreto.com.br\/index.php\/wp-json\/wp\/v2\/types\/post"}],"author":[{"embeddable":true,"href":"https:\/\/noticiasribeiraopreto.com.br\/index.php\/wp-json\/wp\/v2\/users\/1"}],"replies":[{"embeddable":true,"href":"https:\/\/noticiasribeiraopreto.com.br\/index.php\/wp-json\/wp\/v2\/comments?post=83358"}],"version-history":[{"count":0,"href":"https:\/\/noticiasribeiraopreto.com.br\/index.php\/wp-json\/wp\/v2\/posts\/83358\/revisions"}],"wp:featuredmedia":[{"embeddable":true,"href":"https:\/\/noticiasribeiraopreto.com.br\/index.php\/wp-json\/wp\/v2\/media\/83359"}],"wp:attachment":[{"href":"https:\/\/noticiasribeiraopreto.com.br\/index.php\/wp-json\/wp\/v2\/media?parent=83358"}],"wp:term":[{"taxonomy":"category","embeddable":true,"href":"https:\/\/noticiasribeiraopreto.com.br\/index.php\/wp-json\/wp\/v2\/categories?post=83358"},{"taxonomy":"post_tag","embeddable":true,"href":"https:\/\/noticiasribeiraopreto.com.br\/index.php\/wp-json\/wp\/v2\/tags?post=83358"}],"curies":[{"name":"wp","href":"https:\/\/api.w.org\/{rel}","templated":true}]}}