{"id":83360,"date":"2026-03-17T10:35:45","date_gmt":"2026-03-17T13:35:45","guid":{"rendered":"https:\/\/noticiasribeiraopreto.com.br\/index.php\/2026\/03\/17\/veja-os-bairros-com-alerta-para-falta-dagua-nesta-terca-em-ribeirao-preto\/"},"modified":"2026-03-17T10:35:45","modified_gmt":"2026-03-17T13:35:45","slug":"veja-os-bairros-com-alerta-para-falta-dagua-nesta-terca-em-ribeirao-preto","status":"publish","type":"post","link":"https:\/\/noticiasribeiraopreto.com.br\/index.php\/2026\/03\/17\/veja-os-bairros-com-alerta-para-falta-dagua-nesta-terca-em-ribeirao-preto\/","title":{"rendered":"Veja os bairros com alerta para falta d\u2019\u00e1gua nesta ter\u00e7a em Ribeir\u00e3o Preto"},"content":{"rendered":"<div class='code-block code-block-1' style='margin: 8px 0 8px auto; text-align: right; display: block; clear: both;'>\n<p><a href=\"https:\/\/wa.link\/vpicfd\"><img data-recalc-dims=\"1\" class=\"wp-image-4922\" style=\"aspect-ratio: 2.0253164556962027; width: 561px; height: auto;\" src=\"https:\/\/i0.wp.com\/ismaelcolosi.com.br\/wp-content\/uploads\/2023\/11\/grupo-de-empregos-whatsapp-e-facebook-ismael-colosi-vagas.jpg?ssl=1\" alt=\"\" \/><\/a><\/p>\n<!-- \/wp:image -->\n<\/div>\n<p> <br \/>\n<\/p>\n<div id=\"dsoaudio\">\n            <button type=\"button\" title=\"Salvar mat\u00e9ria\" class=\"dso bookmark-injection bookmark-save\"><br \/>\n        <svg xmlns=\"http:\/\/www.w3.org\/2000\/svg\" width=\"20\" height=\"24\" viewbox=\"0 0 20 24\" fill=\"none\">\n            <path d=\"M1 23V1H19V23L10 15.6667L1 23Z\" stroke=\"black\" stroke-width=\"1.3\" stroke-linejoin=\"round\"\/>\n        <\/svg><br \/>\n    <\/button> <\/p>\n<p>A<strong>\u00a0<a href=\"https:\/\/www.ribeiraopreto.sp.gov.br\/portal\/saerp\/\" target=\"_blank\" rel=\"noreferrer noopener\">Saerp (Secretaria de \u00c1gua e Esgoto de Ribeir\u00e3o Preto)<\/a>\u00a0<\/strong>publicou alerta para o risco de falta d\u2019\u00e1gua nesta ter\u00e7a-feira (17) em 11 bairros da cidade.<\/p>\n<h2 class=\"wp-block-heading\">Confira os bairros afetados:<\/h2>\n<ul class=\"wp-block-list\">\n<li>Jardim Piratininga<\/li>\n<li>Vila Virg\u00ednia<\/li>\n<li>Parque Ribeir\u00e3o<\/li>\n<li>Jardim Maria Goretti e imedia\u00e7\u00f5es<\/li>\n<li>Jardim Aeroporto<\/li>\n<li>H\u00edpica<\/li>\n<li>Vila Mariana<\/li>\n<li>Jardim Jockey Clube<\/li>\n<li>Jardim Salgado Filho<\/li>\n<li>Jardim Independ\u00eancia (parte)<\/li>\n<li>Campos El\u00edseos (parte) e imedia\u00e7\u00f5es<\/li>\n<\/ul>\n<p>A Pasta informou que realiza a limpeza e profilaxia nos Reservat\u00f3rios Piratininga e a troca emergencial de bomba do Po\u00e7o Feapam.<\/p>\n<p>No primeiro caso, que abrange os quatro primeiros bairros, a previs\u00e3o de conclus\u00e3o do servi\u00e7o \u00e9 \u00e0s 17h. J\u00e1 para os demais bairros, a previs\u00e3o de conclus\u00e3o e \u00e0s 22h.<\/p>\n<p>O retorno do abastecimento ocorre gradativamente ap\u00f3s a finaliza\u00e7\u00e3o do servi\u00e7o.<\/p>\n<h3 class=\"wp-block-heading\">O que fazer?<\/h3>\n<p>Caso o seu bairro apresente falhas no abastecimento, entre em contato com a\u00a0<strong>Saerp\u00a0<\/strong>pelo telefone 0800 115 0115 ou procure por um posto de atendimento (<a href=\"https:\/\/www.ribeiraopreto.sp.gov.br\/portal\/saerp\/\" target=\"_blank\" rel=\"noreferrer noopener\"><strong>clique aqui<\/strong><\/a>).<\/p>\n<p>SAIBA MAIS<\/p>\n<p>Avenida Nove de Julho recebe festival gratuito com m\u00fasica, gastronomia e atividades culturais<\/p>\n<h4 class=\"wp-block-heading\">FIQUE ON<\/h4>\n<p>Fique ligado em tudo que acontece em Ribeir\u00e3o Preto e regi\u00e3o. Siga os perfis do\u00a0<strong>acidade on<\/strong>\u00a0no<a href=\"https:\/\/www.instagram.com\/acidadeonribeirao\" target=\"_blank\" rel=\"noreferrer noopener\">\u00a0Instagram<\/a>\u00a0e no\u00a0<a href=\"https:\/\/www.facebook.com\/acidadeonribeirao\/\" target=\"_blank\" rel=\"noreferrer noopener\">Facebook<\/a>.<\/p>\n<p>Receba not\u00edcias do<strong>\u00a0acidade on<\/strong>\u00a0no WhatsApp. Para entrar no grupo,\u00a0basta\u00a0<a href=\"https:\/\/chat.whatsapp.com\/GFH9HUMUTHNFJdnyEd0xxq\" target=\"_blank\" rel=\"noreferrer noopener\">clicar aqui<\/a>. Ou, acesse o nosso\u00a0Canal<a href=\"https:\/\/whatsapp.com\/channel\/0029Vb6IQl1JENyAeS57fk2p\" target=\"_blank\" rel=\"noreferrer noopener\">\u00a0clicando aqui<\/a>.<\/p>\n<p>Fa\u00e7a uma den\u00fancia ou sugira uma reportagem sobre Ribeir\u00e3o Preto e regi\u00e3o pelo WhatsApp: 16 99117 7802.<\/p>\n<p>VEJA TAMB\u00c9M<\/p>\n<p>Salgados de festa: 4 receitas pr\u00e1ticas para fazer em casa<\/p>\n<p><input type=\"hidden\" name=\"postID\" id=\"postID\" value=\"149174\"\/><br \/>\n            <input type=\"hidden\" name=\"postType\" id=\"postType\" value=\"post\"\/><br \/>\n<!-- AI CONTENT END 1 -->\n        <\/div>\n<p><script async src=\"\/\/www.instagram.com\/embed.js\"><\/script><br \/>\n<br \/><br \/>\n<br \/><a href=\"https:\/\/www.acidadeon.com\/ribeiraopreto\/cotidiano\/veja-os-bairros-com-alerta-para-falta-dagua-nesta-terca-em-ribeirao-preto\/\">Source link <\/a><\/p>\n<!-- CONTENT END 1 -->\n","protected":false},"excerpt":{"rendered":"<p>A\u00a0Saerp (Secretaria de \u00c1gua e Esgoto de Ribeir\u00e3o Preto)\u00a0publicou alerta para o risco de falta d\u2019\u00e1gua nesta ter\u00e7a-feira (17) em 11 bairros da cidade. Confira&#8230;<\/p>\n","protected":false},"author":1,"featured_media":57021,"comment_status":"open","ping_status":"open","sticky":false,"template":"","format":"standard","meta":{"advanced_seo_description":"","jetpack_seo_html_title":"","jetpack_seo_noindex":false,"jetpack_post_was_ever_published":false,"_jetpack_newsletter_access":"","_jetpack_dont_email_post_to_subs":false,"_jetpack_newsletter_tier_id":0,"_jetpack_memberships_contains_paywalled_content":false,"_jetpack_memberships_contains_paid_content":false,"footnotes":"","jetpack_publicize_message":"","jetpack_publicize_feature_enabled":true,"jetpack_social_post_already_shared":true,"jetpack_social_options":{"image_generator_settings":{"template":"highway","default_image_id":0,"font":"","enabled":false},"version":2}},"categories":[11],"tags":[],"class_list":["post-83360","post","type-post","status-publish","format-standard","has-post-thumbnail","hentry","category-noticias-de-ribeirao-preto-sp-e-regiao-ismael-colosi"],"jetpack_publicize_connections":[],"jetpack_featured_media_url":"https:\/\/i0.wp.com\/noticiasribeiraopreto.com.br\/wp-content\/uploads\/2024\/08\/divulgacao_cesan-Foto-Marcello-Casal-Jr.Agencia-Brasil_2024-08-21_12-20-22_jpg_2024-08-21_12-20-22.webp.webp?fit=600%2C400&ssl=1","jetpack-related-posts":[{"id":78253,"url":"https:\/\/noticiasribeiraopreto.com.br\/index.php\/2025\/10\/07\/campos-eliseos-e-mais-3-bairros-tem-alerta-para-falta-dagua-em-ribeirao-preto\/","url_meta":{"origin":83360,"position":0},"title":"Campos El\u00edseos e mais 3 bairros t\u00eam alerta para falta d\u2019\u00e1gua em Ribeir\u00e3o Preto","author":"noticiasribeiraopreto.com.br","date":"7 de October de 2025","format":false,"excerpt":"A\u00a0Saerp (Secretaria de \u00c1gua e Esgoto de Ribeir\u00e3o Preto)\u00a0emitiu um alerta nesta ter\u00e7a-feira (7) para o risco de falta d\u2019\u00e1gua em bairros das zonas Norte e Leste da cidade. Veja os bairros: Campos El\u00edseos Vila Tamandar\u00e9 Jardim Paulistano Jardim Paulista (parte) A Saerp informou que realiza uma manuten\u00e7\u00e3o mec\u00e2nica no\u2026","rel":"","context":"In &quot;Not\u00edcias de Ribeir\u00e3o Preto-SP e Regi\u00e3o&quot;","block_context":{"text":"Not\u00edcias de Ribeir\u00e3o Preto-SP e Regi\u00e3o","link":"https:\/\/noticiasribeiraopreto.com.br\/index.php\/category\/noticias-de-ribeirao-preto-sp-e-regiao-ismael-colosi\/"},"img":{"alt_text":"","src":"https:\/\/i0.wp.com\/noticiasribeiraopreto.com.br\/wp-content\/uploads\/2025\/10\/TORNEIRA_2025-10-07_16-41-14.webp.webp?fit=1200%2C673&ssl=1&resize=350%2C200","width":350,"height":200,"srcset":"https:\/\/i0.wp.com\/noticiasribeiraopreto.com.br\/wp-content\/uploads\/2025\/10\/TORNEIRA_2025-10-07_16-41-14.webp.webp?fit=1200%2C673&ssl=1&resize=350%2C200 1x, https:\/\/i0.wp.com\/noticiasribeiraopreto.com.br\/wp-content\/uploads\/2025\/10\/TORNEIRA_2025-10-07_16-41-14.webp.webp?fit=1200%2C673&ssl=1&resize=525%2C300 1.5x, https:\/\/i0.wp.com\/noticiasribeiraopreto.com.br\/wp-content\/uploads\/2025\/10\/TORNEIRA_2025-10-07_16-41-14.webp.webp?fit=1200%2C673&ssl=1&resize=700%2C400 2x, https:\/\/i0.wp.com\/noticiasribeiraopreto.com.br\/wp-content\/uploads\/2025\/10\/TORNEIRA_2025-10-07_16-41-14.webp.webp?fit=1200%2C673&ssl=1&resize=1050%2C600 3x"},"classes":[]},{"id":60057,"url":"https:\/\/noticiasribeiraopreto.com.br\/index.php\/2024\/11\/05\/saerp-alerta-para-falta-dagua-em-oito-bairros-de-ribeirao-preto-veja-locais-afetados\/","url_meta":{"origin":83360,"position":1},"title":"Saerp alerta para falta d\u2019\u00e1gua em oito bairros de Ribeir\u00e3o Preto; Veja locais afetados","author":"noticiasribeiraopreto.com.br","date":"5 de November de 2024","format":false,"excerpt":"A Saerp (Secretaria de \u00c1gua e Esgoto de Ribeir\u00e3o Preto) informou nesta ter\u00e7a-feira (5) que oito bairros de Ribeir\u00e3o Preto podem apresentar falta d\u2019\u00e1gua. De acordo com a secretaria, uma equipe est\u00e1 realizando uma manuten\u00e7\u00e3o preventiva do sistema de abastecimento nos reservat\u00f3rios Cateto 3 e Tanquinho, afetando os seguintes bairros:\u2026","rel":"","context":"In &quot;Not\u00edcias de Ribeir\u00e3o Preto-SP e Regi\u00e3o&quot;","block_context":{"text":"Not\u00edcias de Ribeir\u00e3o Preto-SP e Regi\u00e3o","link":"https:\/\/noticiasribeiraopreto.com.br\/index.php\/category\/noticias-de-ribeirao-preto-sp-e-regiao-ismael-colosi\/"},"img":{"alt_text":"","src":"https:\/\/i0.wp.com\/noticiasribeiraopreto.com.br\/wp-content\/uploads\/2024\/07\/torneira-agua_2024-07-22_12-45-42_jpg_2024-07-22_12-45-42.webp.webp?fit=1170%2C700&ssl=1&resize=350%2C200","width":350,"height":200,"srcset":"https:\/\/i0.wp.com\/noticiasribeiraopreto.com.br\/wp-content\/uploads\/2024\/07\/torneira-agua_2024-07-22_12-45-42_jpg_2024-07-22_12-45-42.webp.webp?fit=1170%2C700&ssl=1&resize=350%2C200 1x, https:\/\/i0.wp.com\/noticiasribeiraopreto.com.br\/wp-content\/uploads\/2024\/07\/torneira-agua_2024-07-22_12-45-42_jpg_2024-07-22_12-45-42.webp.webp?fit=1170%2C700&ssl=1&resize=525%2C300 1.5x, https:\/\/i0.wp.com\/noticiasribeiraopreto.com.br\/wp-content\/uploads\/2024\/07\/torneira-agua_2024-07-22_12-45-42_jpg_2024-07-22_12-45-42.webp.webp?fit=1170%2C700&ssl=1&resize=700%2C400 2x, https:\/\/i0.wp.com\/noticiasribeiraopreto.com.br\/wp-content\/uploads\/2024\/07\/torneira-agua_2024-07-22_12-45-42_jpg_2024-07-22_12-45-42.webp.webp?fit=1170%2C700&ssl=1&resize=1050%2C600 3x"},"classes":[]},{"id":57508,"url":"https:\/\/noticiasribeiraopreto.com.br\/index.php\/2024\/09\/03\/regioes-leste-e-norte-de-ribeirao-preto-tem-alerta-para-falta-dagua-veja-os-bairros\/","url_meta":{"origin":83360,"position":2},"title":"Regi\u00f5es Leste e Norte de Ribeir\u00e3o Preto t\u00eam alerta para falta d\u2019\u00e1gua; Veja os bairros","author":"noticiasribeiraopreto.com.br","date":"3 de September de 2024","format":false,"excerpt":"A Saerp (Secretaria de \u00c1gua e Esgoto de Ribeir\u00e3o Preto) informou nesta ter\u00e7a-feira (3) que bairros das regi\u00f5es Leste e Norte de Ribeir\u00e3o Preto t\u00eam alerta para falta d\u2019\u00e1gua. De acordo com a secretaria, est\u00e1 sendo realizada a substitui\u00e7\u00e3o da bomba do po\u00e7o Jardim Paulista, a fim de aumentar a\u2026","rel":"","context":"In &quot;Not\u00edcias de Ribeir\u00e3o Preto-SP e Regi\u00e3o&quot;","block_context":{"text":"Not\u00edcias de Ribeir\u00e3o Preto-SP e Regi\u00e3o","link":"https:\/\/noticiasribeiraopreto.com.br\/index.php\/category\/noticias-de-ribeirao-preto-sp-e-regiao-ismael-colosi\/"},"img":{"alt_text":"","src":"https:\/\/i0.wp.com\/noticiasribeiraopreto.com.br\/wp-content\/uploads\/2024\/09\/falta-de-agua-3.jpg?fit=1200%2C673&ssl=1&resize=350%2C200","width":350,"height":200,"srcset":"https:\/\/i0.wp.com\/noticiasribeiraopreto.com.br\/wp-content\/uploads\/2024\/09\/falta-de-agua-3.jpg?fit=1200%2C673&ssl=1&resize=350%2C200 1x, https:\/\/i0.wp.com\/noticiasribeiraopreto.com.br\/wp-content\/uploads\/2024\/09\/falta-de-agua-3.jpg?fit=1200%2C673&ssl=1&resize=525%2C300 1.5x, https:\/\/i0.wp.com\/noticiasribeiraopreto.com.br\/wp-content\/uploads\/2024\/09\/falta-de-agua-3.jpg?fit=1200%2C673&ssl=1&resize=700%2C400 2x, https:\/\/i0.wp.com\/noticiasribeiraopreto.com.br\/wp-content\/uploads\/2024\/09\/falta-de-agua-3.jpg?fit=1200%2C673&ssl=1&resize=1050%2C600 3x"},"classes":[]},{"id":59358,"url":"https:\/\/noticiasribeiraopreto.com.br\/index.php\/2024\/10\/22\/nove-bairros-de-ribeirao-preto-estao-em-alerta-para-falta-dagua-veja-os-locais\/","url_meta":{"origin":83360,"position":3},"title":"Nove bairros de Ribeir\u00e3o Preto est\u00e3o em alerta para falta d\u2019\u00e1gua; Veja os locais","author":"noticiasribeiraopreto.com.br","date":"22 de October de 2024","format":false,"excerpt":"A Saerp (Secretaria de \u00c1gua e Esgoto de Ribeir\u00e3o Preto) informou nesta ter\u00e7a-feira (22) que nove bairros de Ribeir\u00e3o Preto podem apresentar falta d\u2019\u00e1gua. De acordo com a secretaria, est\u00e3o sendo realizados dois servi\u00e7os emergenciais na cidade. A interliga\u00e7\u00e3o de uma adutora est\u00e1 sendo consertada no cruzamento das avenidas Professor\u2026","rel":"","context":"In &quot;Not\u00edcias de Ribeir\u00e3o Preto-SP e Regi\u00e3o&quot;","block_context":{"text":"Not\u00edcias de Ribeir\u00e3o Preto-SP e Regi\u00e3o","link":"https:\/\/noticiasribeiraopreto.com.br\/index.php\/category\/noticias-de-ribeirao-preto-sp-e-regiao-ismael-colosi\/"},"img":{"alt_text":"","src":"https:\/\/i0.wp.com\/noticiasribeiraopreto.com.br\/wp-content\/uploads\/2024\/10\/1729606307_Vejaosbairrosquepodemterfaltadguapor3diasnazonaLestedeRibeiroPreto_Tamanho_2_image-1-1.png?fit=1200%2C900&ssl=1&resize=350%2C200","width":350,"height":200,"srcset":"https:\/\/i0.wp.com\/noticiasribeiraopreto.com.br\/wp-content\/uploads\/2024\/10\/1729606307_Vejaosbairrosquepodemterfaltadguapor3diasnazonaLestedeRibeiroPreto_Tamanho_2_image-1-1.png?fit=1200%2C900&ssl=1&resize=350%2C200 1x, https:\/\/i0.wp.com\/noticiasribeiraopreto.com.br\/wp-content\/uploads\/2024\/10\/1729606307_Vejaosbairrosquepodemterfaltadguapor3diasnazonaLestedeRibeiroPreto_Tamanho_2_image-1-1.png?fit=1200%2C900&ssl=1&resize=525%2C300 1.5x, https:\/\/i0.wp.com\/noticiasribeiraopreto.com.br\/wp-content\/uploads\/2024\/10\/1729606307_Vejaosbairrosquepodemterfaltadguapor3diasnazonaLestedeRibeiroPreto_Tamanho_2_image-1-1.png?fit=1200%2C900&ssl=1&resize=700%2C400 2x, https:\/\/i0.wp.com\/noticiasribeiraopreto.com.br\/wp-content\/uploads\/2024\/10\/1729606307_Vejaosbairrosquepodemterfaltadguapor3diasnazonaLestedeRibeiroPreto_Tamanho_2_image-1-1.png?fit=1200%2C900&ssl=1&resize=1050%2C600 3x"},"classes":[]},{"id":75198,"url":"https:\/\/noticiasribeiraopreto.com.br\/index.php\/2025\/08\/05\/saerp-alerta-para-falta-dagua-em-sete-bairros-de-ribeirao-preto\/","url_meta":{"origin":83360,"position":4},"title":"Saerp alerta para falta d\u2019\u00e1gua em sete bairros de Ribeir\u00e3o Preto","author":"noticiasribeiraopreto.com.br","date":"5 de August de 2025","format":false,"excerpt":"A Saerp (Secretaria de \u00c1gua e Esgoto de Ribeir\u00e3o Preto) informou que sete bairros das regi\u00f5es Sul e Oeste de Ribeir\u00e3o Preto podem ficar sem \u00e1gua nesta ter\u00e7a-feira (5). A secretaria informa que equipes realizam a troca da bomba do Po\u00e7o Andradas. Por conta disso, os bairros Jarim Marchesi, Jardim\u2026","rel":"","context":"In &quot;Not\u00edcias de Ribeir\u00e3o Preto-SP e Regi\u00e3o&quot;","block_context":{"text":"Not\u00edcias de Ribeir\u00e3o Preto-SP e Regi\u00e3o","link":"https:\/\/noticiasribeiraopreto.com.br\/index.php\/category\/noticias-de-ribeirao-preto-sp-e-regiao-ismael-colosi\/"},"img":{"alt_text":"","src":"https:\/\/i0.wp.com\/noticiasribeiraopreto.com.br\/wp-content\/uploads\/2025\/08\/divulgacao_cesan-Foto-Marcello-Casal-Jr.Agencia-Brasil_2024-08-21_12-20-22_jpg_2024-08-21_12-20-22.webp.webp?fit=600%2C400&ssl=1&resize=350%2C200","width":350,"height":200,"srcset":"https:\/\/i0.wp.com\/noticiasribeiraopreto.com.br\/wp-content\/uploads\/2025\/08\/divulgacao_cesan-Foto-Marcello-Casal-Jr.Agencia-Brasil_2024-08-21_12-20-22_jpg_2024-08-21_12-20-22.webp.webp?fit=600%2C400&ssl=1&resize=350%2C200 1x, https:\/\/i0.wp.com\/noticiasribeiraopreto.com.br\/wp-content\/uploads\/2025\/08\/divulgacao_cesan-Foto-Marcello-Casal-Jr.Agencia-Brasil_2024-08-21_12-20-22_jpg_2024-08-21_12-20-22.webp.webp?fit=600%2C400&ssl=1&resize=525%2C300 1.5x"},"classes":[]},{"id":75415,"url":"https:\/\/noticiasribeiraopreto.com.br\/index.php\/2025\/08\/08\/oito-bairros-tem-alerta-para-falta-dagua-ate-sabado-em-ribeirao-preto-veja-quais\/","url_meta":{"origin":83360,"position":5},"title":"Oito bairros t\u00eam alerta para falta d\u2019\u00e1gua at\u00e9 s\u00e1bado em Ribeir\u00e3o Preto; Veja quais","author":"noticiasribeiraopreto.com.br","date":"8 de August de 2025","format":false,"excerpt":"A\u00a0Saerp (Secretaria de \u00c1gua e Esgoto de Ribeir\u00e3o Preto)\u00a0emitiu um alerta nesta sexta-feira (8) para o risco de falta d\u2019\u00e1gua em oito bairros das zonas Leste e Sul da cidade. Veja os bairros: Jardim Sumar\u00e9 Alto da Boa Vista Jardim Marchesi Jardim Centen\u00e1rio Jardim Maria Goreti Vila Virg\u00ednia Vila Guiomar\u2026","rel":"","context":"In &quot;Not\u00edcias de Ribeir\u00e3o Preto-SP e Regi\u00e3o&quot;","block_context":{"text":"Not\u00edcias de Ribeir\u00e3o Preto-SP e Regi\u00e3o","link":"https:\/\/noticiasribeiraopreto.com.br\/index.php\/category\/noticias-de-ribeirao-preto-sp-e-regiao-ismael-colosi\/"},"img":{"alt_text":"","src":"https:\/\/i0.wp.com\/noticiasribeiraopreto.com.br\/wp-content\/uploads\/2025\/08\/Copia-de-Copia-de-TAMANHO-EXATO-PARA-FOTOS-NO-SISTEMA-NOVO-8_2024-06-17_15-19-48_jpg_2024-06-17_15-19-48.webp.webp?fit=1200%2C675&ssl=1&resize=350%2C200","width":350,"height":200,"srcset":"https:\/\/i0.wp.com\/noticiasribeiraopreto.com.br\/wp-content\/uploads\/2025\/08\/Copia-de-Copia-de-TAMANHO-EXATO-PARA-FOTOS-NO-SISTEMA-NOVO-8_2024-06-17_15-19-48_jpg_2024-06-17_15-19-48.webp.webp?fit=1200%2C675&ssl=1&resize=350%2C200 1x, https:\/\/i0.wp.com\/noticiasribeiraopreto.com.br\/wp-content\/uploads\/2025\/08\/Copia-de-Copia-de-TAMANHO-EXATO-PARA-FOTOS-NO-SISTEMA-NOVO-8_2024-06-17_15-19-48_jpg_2024-06-17_15-19-48.webp.webp?fit=1200%2C675&ssl=1&resize=525%2C300 1.5x, https:\/\/i0.wp.com\/noticiasribeiraopreto.com.br\/wp-content\/uploads\/2025\/08\/Copia-de-Copia-de-TAMANHO-EXATO-PARA-FOTOS-NO-SISTEMA-NOVO-8_2024-06-17_15-19-48_jpg_2024-06-17_15-19-48.webp.webp?fit=1200%2C675&ssl=1&resize=700%2C400 2x, https:\/\/i0.wp.com\/noticiasribeiraopreto.com.br\/wp-content\/uploads\/2025\/08\/Copia-de-Copia-de-TAMANHO-EXATO-PARA-FOTOS-NO-SISTEMA-NOVO-8_2024-06-17_15-19-48_jpg_2024-06-17_15-19-48.webp.webp?fit=1200%2C675&ssl=1&resize=1050%2C600 3x"},"classes":[]}],"jetpack_sharing_enabled":true,"jetpack_shortlink":"https:\/\/wp.me\/peQAOb-lGw","_links":{"self":[{"href":"https:\/\/noticiasribeiraopreto.com.br\/index.php\/wp-json\/wp\/v2\/posts\/83360","targetHints":{"allow":["GET"]}}],"collection":[{"href":"https:\/\/noticiasribeiraopreto.com.br\/index.php\/wp-json\/wp\/v2\/posts"}],"about":[{"href":"https:\/\/noticiasribeiraopreto.com.br\/index.php\/wp-json\/wp\/v2\/types\/post"}],"author":[{"embeddable":true,"href":"https:\/\/noticiasribeiraopreto.com.br\/index.php\/wp-json\/wp\/v2\/users\/1"}],"replies":[{"embeddable":true,"href":"https:\/\/noticiasribeiraopreto.com.br\/index.php\/wp-json\/wp\/v2\/comments?post=83360"}],"version-history":[{"count":0,"href":"https:\/\/noticiasribeiraopreto.com.br\/index.php\/wp-json\/wp\/v2\/posts\/83360\/revisions"}],"wp:featuredmedia":[{"embeddable":true,"href":"https:\/\/noticiasribeiraopreto.com.br\/index.php\/wp-json\/wp\/v2\/media\/57021"}],"wp:attachment":[{"href":"https:\/\/noticiasribeiraopreto.com.br\/index.php\/wp-json\/wp\/v2\/media?parent=83360"}],"wp:term":[{"taxonomy":"category","embeddable":true,"href":"https:\/\/noticiasribeiraopreto.com.br\/index.php\/wp-json\/wp\/v2\/categories?post=83360"},{"taxonomy":"post_tag","embeddable":true,"href":"https:\/\/noticiasribeiraopreto.com.br\/index.php\/wp-json\/wp\/v2\/tags?post=83360"}],"curies":[{"name":"wp","href":"https:\/\/api.w.org\/{rel}","templated":true}]}}