{"id":83361,"date":"2026-03-17T10:43:24","date_gmt":"2026-03-17T13:43:24","guid":{"rendered":"https:\/\/noticiasribeiraopreto.com.br\/index.php\/2026\/03\/17\/presos-ganham-as-ruas-na-primeira-saida-temporaria-de-2026\/"},"modified":"2026-03-17T10:43:24","modified_gmt":"2026-03-17T13:43:24","slug":"presos-ganham-as-ruas-na-primeira-saida-temporaria-de-2026","status":"publish","type":"post","link":"https:\/\/noticiasribeiraopreto.com.br\/index.php\/2026\/03\/17\/presos-ganham-as-ruas-na-primeira-saida-temporaria-de-2026\/","title":{"rendered":"Presos ganham as ruas na primeira sa\u00edda tempor\u00e1ria de 2026"},"content":{"rendered":"<div class='code-block code-block-1' style='margin: 8px 0 8px auto; text-align: right; display: block; clear: both;'>\n<p><a href=\"https:\/\/wa.link\/vpicfd\"><img data-recalc-dims=\"1\" class=\"wp-image-4922\" style=\"aspect-ratio: 2.0253164556962027; width: 561px; height: auto;\" src=\"https:\/\/i0.wp.com\/ismaelcolosi.com.br\/wp-content\/uploads\/2023\/11\/grupo-de-empregos-whatsapp-e-facebook-ismael-colosi-vagas.jpg?ssl=1\" alt=\"\" \/><\/a><\/p>\n<!-- \/wp:image -->\n<\/div>\n<p> <br \/>\n<\/p>\n<div id=\"\">&#13;<br \/>\n\t\t\t\t\t\t\t\t&#13;<\/p>\n<p>&#13;<br \/>\n\t\t\t\t\t\t\t\t\t<span class=\"entry-meta-item penci-posted-on\"><i class=\"fa fa-clock-o\"\/><time class=\"entry-date published updated\" datetime=\"2026-03-17T10:35:43-03:00\">17 de mar\u00e7o de 2026 10:35<\/time><\/span><span class=\"entry-meta-item penci-post-countview\"\/>\t\t\t\t\t\t\t\t<\/p>\n<p><!-- .entry-meta -->&#13;<br \/>\n\t\t\t\t\t\t\t\t<span class=\"penci-social-buttons penci-social-share-footer\"><span class=\"penci-social-share-text\">Compartilhar<\/span><a href=\"#\" class=\"penci-post-like penci_post-meta_item  single-like-button penci-social-item like\" data-post_id=\"457609\" title=\"Like\" data-like=\"Like\" data-unlike=\"Unlike\"><i class=\"fa fa-thumbs-o-up\"\/><span class=\"penci-share-number\">2<\/span><\/a><i class=\"fa fa-facebook\"\/><a class=\"penci-social-item twitter\" target=\"_blank\" rel=\"noopener\" title=\"\" href=\"https:\/\/twitter.com\/intent\/tweet?text=Presos%20ganham%20as%20ruas%20na%20primeira%20sa\u00edda%20tempor\u00e1ria%20de%202026%20-%20https:\/\/www.tribunaribeirao.com.br\/presos-ganham-as-ruas-na-primeira-saida-temporaria-de-2026\/\"><i class=\"fa fa-twitter\"\/><\/a><i class=\"fa fa-linkedin\"\/><i class=\"fa fa-whatsapp\"\/><i class=\"fa fa-telegram\"\/><i class=\"fa fa-envelope\"\/><\/span>\t\t\t\t\t\t\t<\/div>\n<div>\n<p>Por: Adalberto Luque<\/p>\n<p>Come\u00e7ou nesta ter\u00e7a-feira (17) a primeira sa\u00edda tempor\u00e1ria, a popular \u201csaidinha\u201d de 2026. Os presos chegavam aos montes em \u00f4nibus que paravam na Rodovi\u00e1ria de Ribeir\u00e3o Preto. Grande parte dos presos que desembarcava no terminal vinham dos complexos de Ribeir\u00e3o Preto e Serra Azul, al\u00e9m do Centro de Progress\u00e3o Penitenci\u00e1ria (CPP) de Jardin\u00f3polis, ambas cidades na regi\u00e3o metropolitana.<\/p>\n<p>A Secretaria de Administra\u00e7\u00e3o Penitenci\u00e1ria (SAP) de S\u00e3o Paulo ainda n\u00e3o divulgou os n\u00fameros. Os beneficiados pela \u201csaidinha\u201d s\u00e3o elencados pelo Tribunal de Justi\u00e7a do Estado de S\u00e3o Paulo.<\/p>\n<p>Mas estima-se que, em todo o Estado de S\u00e3o Paulo, mais de 3 mil detentos do regime semiaberto tenham direito ao benef\u00edcio. Incluindo casos not\u00f3rios.<\/p>\n<p>Durante a saidinha, os presos t\u00eam que respeitar regras r\u00edgidas. N\u00e3o podem frequentar bares, boates ou locais de jogo de azar; n\u00e3o podem consumir bebidas alco\u00f3licas ou drogas e devem se recolher ao endere\u00e7o autorizado durante a noite. Se forem pegos descumprindo ou cometendo algum delito, voltam para uma unidade prisional mais pr\u00f3xima e perdem direito a futuras \u201csaidinhas\u201d.<\/p>\n<figure id=\"attachment_457612\" aria-describedby=\"caption-attachment-457612\" style=\"width: 1170px\" class=\"wp-caption alignnone\"><img data-recalc-dims=\"1\" loading=\"lazy\" decoding=\"async\" class=\"size-full wp-image-457612 lazyload\" src=\"https:\/\/i0.wp.com\/www.tribunaribeirao.com.br\/wp-content\/uploads\/2026\/03\/17-mar-2026-saidinha02-scaled.jpg?resize=1170%2C780&#038;ssl=1\" alt=\"\" width=\"1170\" height=\"780\" srcset=\"https:\/\/www.tribunaribeirao.com.br\/wp-content\/uploads\/2026\/03\/17-mar-2026-saidinha02-scaled.jpg 1170w, https:\/\/www.tribunaribeirao.com.br\/wp-content\/uploads\/2026\/03\/17-mar-2026-saidinha02-300x200.jpg 300w, https:\/\/www.tribunaribeirao.com.br\/wp-content\/uploads\/2026\/03\/17-mar-2026-saidinha02-1024x683.jpg 1024w, https:\/\/www.tribunaribeirao.com.br\/wp-content\/uploads\/2026\/03\/17-mar-2026-saidinha02-768x512.jpg 768w, https:\/\/www.tribunaribeirao.com.br\/wp-content\/uploads\/2026\/03\/17-mar-2026-saidinha02-1536x1024.jpg 1536w, https:\/\/www.tribunaribeirao.com.br\/wp-content\/uploads\/2026\/03\/17-mar-2026-saidinha02-480x320.jpg 480w, https:\/\/www.tribunaribeirao.com.br\/wp-content\/uploads\/2026\/03\/17-mar-2026-saidinha02-280x186.jpg 280w, https:\/\/www.tribunaribeirao.com.br\/wp-content\/uploads\/2026\/03\/17-mar-2026-saidinha02-960x640.jpg 960w, https:\/\/www.tribunaribeirao.com.br\/wp-content\/uploads\/2026\/03\/17-mar-2026-saidinha02-600x400.jpg 600w, https:\/\/www.tribunaribeirao.com.br\/wp-content\/uploads\/2026\/03\/17-mar-2026-saidinha02-585x390.jpg 585w\" data-sizes=\"(max-width: 1170px) 100vw, 1170px\" style=\"--smush-placeholder-width: 1170px; --smush-placeholder-aspect-ratio: 1170\/780;\"\/><figcaption id=\"caption-attachment-457612\" class=\"wp-caption-text\">Cerca de 3 mil presos foram beneficiados em todo o Estado de S\u00e3o Paulo (Foto: Max Gall\u00e3o Mesquita)<\/figcaption><\/figure>\n<p>Nesta manh\u00e3 um grande n\u00famero de beneficiados circulou pela regi\u00e3o central de Ribeir\u00e3o Preto. Eram vistos, em sua maioria, utilizando tornozeleiras eletr\u00f4nicase camisetas brancas.<\/p>\n<p><strong>Entenda a sa\u00edda tempor\u00e1ria<\/strong><\/p>\n<p>A Lei n\u00ba 14.843, sancionada em 2024, alterou as regras da sa\u00edda tempor\u00e1ria de presos no Brasil e restringiu o benef\u00edcio em rela\u00e7\u00e3o ao modelo anterior.<\/p>\n<p>Antes da mudan\u00e7a, a Lei de Execu\u00e7\u00f5es Penais permitia que detentos do regime semiaberto deixassem o pres\u00eddio em datas espec\u00edficas, como Dia das M\u00e3es, Dia dos Pais e Natal. As sa\u00eddas podiam ocorrer para visitas \u00e0 fam\u00edlia ou participa\u00e7\u00e3o em atividades como cursos profissionalizantes.<\/p>\n<p>Com a nova legisla\u00e7\u00e3o, a sa\u00edda tempor\u00e1ria para visitas familiares foi extinta para presos que passaram a cumprir pena ap\u00f3s a vig\u00eancia da lei. O benef\u00edcio deixou de ser autorizado em datas comemorativas.<\/p>\n<figure id=\"attachment_457613\" aria-describedby=\"caption-attachment-457613\" style=\"width: 1170px\" class=\"wp-caption alignnone\"><img data-recalc-dims=\"1\" loading=\"lazy\" decoding=\"async\" class=\"size-full wp-image-457613 lazyload\" src=\"https:\/\/i0.wp.com\/www.tribunaribeirao.com.br\/wp-content\/uploads\/2026\/03\/17-mar-2026-saidinha03-scaled.jpg?resize=1170%2C780&#038;ssl=1\" alt=\"\" width=\"1170\" height=\"780\" srcset=\"https:\/\/www.tribunaribeirao.com.br\/wp-content\/uploads\/2026\/03\/17-mar-2026-saidinha03-scaled.jpg 1170w, https:\/\/www.tribunaribeirao.com.br\/wp-content\/uploads\/2026\/03\/17-mar-2026-saidinha03-300x200.jpg 300w, https:\/\/www.tribunaribeirao.com.br\/wp-content\/uploads\/2026\/03\/17-mar-2026-saidinha03-1024x683.jpg 1024w, https:\/\/www.tribunaribeirao.com.br\/wp-content\/uploads\/2026\/03\/17-mar-2026-saidinha03-768x512.jpg 768w, https:\/\/www.tribunaribeirao.com.br\/wp-content\/uploads\/2026\/03\/17-mar-2026-saidinha03-1536x1024.jpg 1536w, https:\/\/www.tribunaribeirao.com.br\/wp-content\/uploads\/2026\/03\/17-mar-2026-saidinha03-480x320.jpg 480w, https:\/\/www.tribunaribeirao.com.br\/wp-content\/uploads\/2026\/03\/17-mar-2026-saidinha03-280x186.jpg 280w, https:\/\/www.tribunaribeirao.com.br\/wp-content\/uploads\/2026\/03\/17-mar-2026-saidinha03-960x640.jpg 960w, https:\/\/www.tribunaribeirao.com.br\/wp-content\/uploads\/2026\/03\/17-mar-2026-saidinha03-600x400.jpg 600w, https:\/\/www.tribunaribeirao.com.br\/wp-content\/uploads\/2026\/03\/17-mar-2026-saidinha03-585x390.jpg 585w\" data-sizes=\"(max-width: 1170px) 100vw, 1170px\" style=\"--smush-placeholder-width: 1170px; --smush-placeholder-aspect-ratio: 1170\/780;\"\/><figcaption id=\"caption-attachment-457613\" class=\"wp-caption-text\">Com nova Lei, aprovada em 2024, n\u00famero de beneficiados na sa\u00edda para ressocializa\u00e7\u00e3o deve diminuir a cada ano (Foto: Max Gall\u00e3o Mesquita)<\/figcaption><\/figure>\n<p>Pelas novas regras, a sa\u00edda tempor\u00e1ria passou a ser permitida apenas em situa\u00e7\u00f5es espec\u00edficas e com finalidade educacional. O preso precisa ser considerado de baixa periculosidade e pode sair somente para frequentar cursos profissionalizantes ou de ensino m\u00e9dio e superior.<\/p>\n<p>A lei tamb\u00e9m estabelece restri\u00e7\u00f5es. Condenados por crimes hediondos n\u00e3o t\u00eam direito \u00e0 sa\u00edda, nem mesmo para estudo. Al\u00e9m disso, o curso deve ocorrer na mesma comarca do estabelecimento prisional.<\/p>\n<p>Nos casos autorizados, o preso deve utilizar tornozeleira eletr\u00f4nica e permanecer fora da unidade apenas pelo tempo necess\u00e1rio para frequentar as aulas.<\/p>\n<p>A legisla\u00e7\u00e3o mant\u00e9m as regras antigas para quem foi condenado antes de sua vig\u00eancia, permitindo a continuidade das sa\u00eddas em datas definidas nesses casos.<\/p>\n<p>Os presos que descumprem a regra durante o benef\u00edcio da sa\u00edda tempor\u00e1ria ou s\u00e3o presos praticando crimes, automaticamente perdem o direito \u00e0s futuras saidinhas. E o n\u00famero de beneficiados ser\u00e1 cada vez menor, \u00e0 medida em que as penas v\u00e3o sendo cumpridas e n\u00e3o h\u00e1 inclus\u00e3o de novos beneficiados a n\u00e3o ser nas condi\u00e7\u00f5es especificadas na Lei 14.843 de 2024.<\/p>\n<\/div>\n<p><script async src=\"\/\/platform.twitter.com\/widgets.js\" charset=\"utf-8\"><\/script><br \/>\n<br \/><br \/>\n<br \/><a href=\"https:\/\/www.tribunaribeirao.com.br\/presos-ganham-as-ruas-na-primeira-saida-temporaria-de-2026\/\">Source link <\/a><\/p>\n<!-- CONTENT END 1 -->\n","protected":false},"excerpt":{"rendered":"<p>&#13; &#13; &#13; 17 de mar\u00e7o de 2026 10:35 &#13; Compartilhar2 Por: Adalberto Luque Come\u00e7ou nesta ter\u00e7a-feira (17) a primeira sa\u00edda tempor\u00e1ria, a popular \u201csaidinha\u201d&#8230;<\/p>\n","protected":false},"author":1,"featured_media":83362,"comment_status":"open","ping_status":"open","sticky":false,"template":"","format":"standard","meta":{"advanced_seo_description":"","jetpack_seo_html_title":"","jetpack_seo_noindex":false,"jetpack_post_was_ever_published":false,"_jetpack_newsletter_access":"","_jetpack_dont_email_post_to_subs":false,"_jetpack_newsletter_tier_id":0,"_jetpack_memberships_contains_paywalled_content":false,"_jetpack_memberships_contains_paid_content":false,"footnotes":"","jetpack_publicize_message":"","jetpack_publicize_feature_enabled":true,"jetpack_social_post_already_shared":true,"jetpack_social_options":{"image_generator_settings":{"template":"highway","default_image_id":0,"font":"","enabled":false},"version":2}},"categories":[11],"tags":[],"class_list":["post-83361","post","type-post","status-publish","format-standard","has-post-thumbnail","hentry","category-noticias-de-ribeirao-preto-sp-e-regiao-ismael-colosi"],"jetpack_publicize_connections":[],"jetpack_featured_media_url":"https:\/\/i0.wp.com\/noticiasribeiraopreto.com.br\/wp-content\/uploads\/2026\/03\/17-mar-2026-saidinha01-scaled.jpg?fit=1170%2C780&ssl=1","jetpack-related-posts":[{"id":79302,"url":"https:\/\/noticiasribeiraopreto.com.br\/index.php\/2025\/10\/29\/saiba-quais-serao-os-14-feriados-e-10-pontos-facultativos-de-rp\/","url_meta":{"origin":83361,"position":0},"title":"Saiba quais ser\u00e3o os 14 feriados e \u202810 pontos facultativos de RP","author":"noticiasribeiraopreto.com.br","date":"29 de October de 2025","format":false,"excerpt":"29 de outubro de 2025 08:020 Compartilhar0 Prefeitura de Ribeir\u00e3o Preto divulgou o calend\u00e1rio de feriados e pontos facultativos do munic\u00edpio para 2026. O decreto do Executivo divulgando\u00a0 os feriados e principalmente os pontos facultativos foi publicado no Di\u00e1rio Oficial do Munic\u00edpio (DOM) de sexta-feira, 24 de outubro.\u2028 \u2028A cidade\u2026","rel":"","context":"In &quot;Not\u00edcias de Ribeir\u00e3o Preto-SP e Regi\u00e3o&quot;","block_context":{"text":"Not\u00edcias de Ribeir\u00e3o Preto-SP e Regi\u00e3o","link":"https:\/\/noticiasribeiraopreto.com.br\/index.php\/category\/noticias-de-ribeirao-preto-sp-e-regiao-ismael-colosi\/"},"img":{"alt_text":"","src":"https:\/\/i0.wp.com\/noticiasribeiraopreto.com.br\/wp-content\/uploads\/2025\/10\/FeriadosRP-Max-Gallao-Mesquita-Arquivo-scaled.jpg?fit=1200%2C781&ssl=1&resize=350%2C200","width":350,"height":200,"srcset":"https:\/\/i0.wp.com\/noticiasribeiraopreto.com.br\/wp-content\/uploads\/2025\/10\/FeriadosRP-Max-Gallao-Mesquita-Arquivo-scaled.jpg?fit=1200%2C781&ssl=1&resize=350%2C200 1x, https:\/\/i0.wp.com\/noticiasribeiraopreto.com.br\/wp-content\/uploads\/2025\/10\/FeriadosRP-Max-Gallao-Mesquita-Arquivo-scaled.jpg?fit=1200%2C781&ssl=1&resize=525%2C300 1.5x, https:\/\/i0.wp.com\/noticiasribeiraopreto.com.br\/wp-content\/uploads\/2025\/10\/FeriadosRP-Max-Gallao-Mesquita-Arquivo-scaled.jpg?fit=1200%2C781&ssl=1&resize=700%2C400 2x, https:\/\/i0.wp.com\/noticiasribeiraopreto.com.br\/wp-content\/uploads\/2025\/10\/FeriadosRP-Max-Gallao-Mesquita-Arquivo-scaled.jpg?fit=1200%2C781&ssl=1&resize=1050%2C600 3x"},"classes":[]},{"id":79128,"url":"https:\/\/noticiasribeiraopreto.com.br\/index.php\/2025\/10\/24\/confira-os-feriados-de-2026-em-ribeirao-preto\/","url_meta":{"origin":83361,"position":1},"title":"Confira os feriados de 2026 em Ribeir\u00e3o Preto","author":"noticiasribeiraopreto.com.br","date":"24 de October de 2025","format":false,"excerpt":"A Prefeitura de Ribeir\u00e3o Preto divulgou nesta sexta-feira (24) o calend\u00e1rio de feriados e pontos facultativos do munic\u00edpio para o ano de 2026. Segundo publica\u00e7\u00e3o no Di\u00e1rio Oficial, a cidade ter\u00e1 14 feriados e 10 pontos facultativos ao longo do pr\u00f3ximo ano. O expediente das reparti\u00e7\u00f5es p\u00fablicas, relativo ao dia\u2026","rel":"","context":"In &quot;Not\u00edcias de Ribeir\u00e3o Preto-SP e Regi\u00e3o&quot;","block_context":{"text":"Not\u00edcias de Ribeir\u00e3o Preto-SP e Regi\u00e3o","link":"https:\/\/noticiasribeiraopreto.com.br\/index.php\/category\/noticias-de-ribeirao-preto-sp-e-regiao-ismael-colosi\/"},"img":{"alt_text":"","src":"https:\/\/i0.wp.com\/noticiasribeiraopreto.com.br\/wp-content\/uploads\/2025\/10\/Copia-de-Copia-de-Copia-de-TAMANHO-EXATO-PARA-FOTOS-NO-SISTEMA-NOVO-2025-10-24T180452.289_2025-10-24_21-04-57.webp.webp?fit=1200%2C675&ssl=1&resize=350%2C200","width":350,"height":200,"srcset":"https:\/\/i0.wp.com\/noticiasribeiraopreto.com.br\/wp-content\/uploads\/2025\/10\/Copia-de-Copia-de-Copia-de-TAMANHO-EXATO-PARA-FOTOS-NO-SISTEMA-NOVO-2025-10-24T180452.289_2025-10-24_21-04-57.webp.webp?fit=1200%2C675&ssl=1&resize=350%2C200 1x, https:\/\/i0.wp.com\/noticiasribeiraopreto.com.br\/wp-content\/uploads\/2025\/10\/Copia-de-Copia-de-Copia-de-TAMANHO-EXATO-PARA-FOTOS-NO-SISTEMA-NOVO-2025-10-24T180452.289_2025-10-24_21-04-57.webp.webp?fit=1200%2C675&ssl=1&resize=525%2C300 1.5x, https:\/\/i0.wp.com\/noticiasribeiraopreto.com.br\/wp-content\/uploads\/2025\/10\/Copia-de-Copia-de-Copia-de-TAMANHO-EXATO-PARA-FOTOS-NO-SISTEMA-NOVO-2025-10-24T180452.289_2025-10-24_21-04-57.webp.webp?fit=1200%2C675&ssl=1&resize=700%2C400 2x, https:\/\/i0.wp.com\/noticiasribeiraopreto.com.br\/wp-content\/uploads\/2025\/10\/Copia-de-Copia-de-Copia-de-TAMANHO-EXATO-PARA-FOTOS-NO-SISTEMA-NOVO-2025-10-24T180452.289_2025-10-24_21-04-57.webp.webp?fit=1200%2C675&ssl=1&resize=1050%2C600 3x"},"classes":[]},{"id":81426,"url":"https:\/\/noticiasribeiraopreto.com.br\/index.php\/2026\/01\/05\/prefeitura-de-ribeirao-preto-divulga-calendario-do-iptu-2026\/","url_meta":{"origin":83361,"position":2},"title":"Prefeitura de Ribeir\u00e3o Preto divulga calend\u00e1rio do IPTU 2026","author":"noticiasribeiraopreto.com.br","date":"5 de January de 2026","format":false,"excerpt":"\r \r \r 5 de janeiro de 2026 18:02 \r Compartilhar0 Carn\u00eas come\u00e7am a ser entregues nesta segunda, dia 5; imposto tamb\u00e9m est\u00e1 dispon\u00edvel para consulta online A Prefeitura de Ribeir\u00e3o Preto, por meio da Secretaria da Fazenda divulgou as informa\u00e7\u00f5es referentes ao pagamento do Imposto Predial e Territorial Urbano\u2026","rel":"","context":"In &quot;Not\u00edcias de Ribeir\u00e3o Preto-SP e Regi\u00e3o&quot;","block_context":{"text":"Not\u00edcias de Ribeir\u00e3o Preto-SP e Regi\u00e3o","link":"https:\/\/noticiasribeiraopreto.com.br\/index.php\/category\/noticias-de-ribeirao-preto-sp-e-regiao-ismael-colosi\/"},"img":{"alt_text":"","src":"https:\/\/i0.wp.com\/noticiasribeiraopreto.com.br\/wp-content\/uploads\/2026\/01\/iptu.jpg?fit=700%2C450&ssl=1&resize=350%2C200","width":350,"height":200,"srcset":"https:\/\/i0.wp.com\/noticiasribeiraopreto.com.br\/wp-content\/uploads\/2026\/01\/iptu.jpg?fit=700%2C450&ssl=1&resize=350%2C200 1x, https:\/\/i0.wp.com\/noticiasribeiraopreto.com.br\/wp-content\/uploads\/2026\/01\/iptu.jpg?fit=700%2C450&ssl=1&resize=525%2C300 1.5x, https:\/\/i0.wp.com\/noticiasribeiraopreto.com.br\/wp-content\/uploads\/2026\/01\/iptu.jpg?fit=700%2C450&ssl=1&resize=700%2C400 2x"},"classes":[]},{"id":57108,"url":"https:\/\/noticiasribeiraopreto.com.br\/index.php\/2024\/08\/23\/anvisa-proibe-venda-de-balas-dori-por-risco-de-contaminacao-por-salmonella-veja-lotes\/","url_meta":{"origin":83361,"position":3},"title":"Anvisa pro\u00edbe venda de balas Dori por risco de contamina\u00e7\u00e3o por Salmonella; Veja lotes","author":"noticiasribeiraopreto.com.br","date":"23 de August de 2024","format":false,"excerpt":"Nesta quinta-feira (22), a empresa de balas Dori Alimentos S.A. anunciou a retirada de produtos que foram fabricados em Rol\u00e2ndia (PR), entre 21 de junho a 10 de julho de 2024. De acordo com um comunicado, o motivo \u00e9 um potencial risco de contamina\u00e7\u00e3o com Salmonella muenchen. A Anvisa (Ag\u00eancia\u2026","rel":"","context":"In &quot;Not\u00edcias de Ribeir\u00e3o Preto-SP e Regi\u00e3o&quot;","block_context":{"text":"Not\u00edcias de Ribeir\u00e3o Preto-SP e Regi\u00e3o","link":"https:\/\/noticiasribeiraopreto.com.br\/index.php\/category\/noticias-de-ribeirao-preto-sp-e-regiao-ismael-colosi\/"},"img":{"alt_text":"","src":"https:\/\/i0.wp.com\/noticiasribeiraopreto.com.br\/wp-content\/uploads\/2024\/08\/dori-alimentos-750x430-1_2024-08-23_13-09-30_jpg_2024-08-23_13-09-30.webp.webp?fit=750%2C430&ssl=1&resize=350%2C200","width":350,"height":200,"srcset":"https:\/\/i0.wp.com\/noticiasribeiraopreto.com.br\/wp-content\/uploads\/2024\/08\/dori-alimentos-750x430-1_2024-08-23_13-09-30_jpg_2024-08-23_13-09-30.webp.webp?fit=750%2C430&ssl=1&resize=350%2C200 1x, https:\/\/i0.wp.com\/noticiasribeiraopreto.com.br\/wp-content\/uploads\/2024\/08\/dori-alimentos-750x430-1_2024-08-23_13-09-30_jpg_2024-08-23_13-09-30.webp.webp?fit=750%2C430&ssl=1&resize=525%2C300 1.5x, https:\/\/i0.wp.com\/noticiasribeiraopreto.com.br\/wp-content\/uploads\/2024\/08\/dori-alimentos-750x430-1_2024-08-23_13-09-30_jpg_2024-08-23_13-09-30.webp.webp?fit=750%2C430&ssl=1&resize=700%2C400 2x"},"classes":[]},{"id":57112,"url":"https:\/\/noticiasribeiraopreto.com.br\/index.php\/2024\/08\/23\/anvisa-proibe-venda-de-balas-dori-por-risco-de-contaminacao-por-salmonella-veja-lotes-2\/","url_meta":{"origin":83361,"position":4},"title":"Anvisa pro\u00edbe venda de balas Dori por risco de contamina\u00e7\u00e3o por Salmonella; Veja lotes","author":"noticiasribeiraopreto.com.br","date":"23 de August de 2024","format":false,"excerpt":"Nesta quinta-feira (22), a empresa de balas Dori Alimentos S.A. anunciou a retirada de produtos que foram fabricados em Rol\u00e2ndia (PR), entre 21 de junho a 10 de julho de 2024. De acordo com um comunicado, o motivo \u00e9 um potencial risco de contamina\u00e7\u00e3o com Salmonella muenchen. A Anvisa (Ag\u00eancia\u2026","rel":"","context":"In &quot;Not\u00edcias de Ribeir\u00e3o Preto-SP e Regi\u00e3o&quot;","block_context":{"text":"Not\u00edcias de Ribeir\u00e3o Preto-SP e Regi\u00e3o","link":"https:\/\/noticiasribeiraopreto.com.br\/index.php\/category\/noticias-de-ribeirao-preto-sp-e-regiao-ismael-colosi\/"},"img":{"alt_text":"","src":"https:\/\/i0.wp.com\/noticiasribeiraopreto.com.br\/wp-content\/uploads\/2024\/08\/BALA_2024-08-23_13-40-22_jpg_2024-08-23_13-40-23.webp.webp?fit=1200%2C585&ssl=1&resize=350%2C200","width":350,"height":200,"srcset":"https:\/\/i0.wp.com\/noticiasribeiraopreto.com.br\/wp-content\/uploads\/2024\/08\/BALA_2024-08-23_13-40-22_jpg_2024-08-23_13-40-23.webp.webp?fit=1200%2C585&ssl=1&resize=350%2C200 1x, https:\/\/i0.wp.com\/noticiasribeiraopreto.com.br\/wp-content\/uploads\/2024\/08\/BALA_2024-08-23_13-40-22_jpg_2024-08-23_13-40-23.webp.webp?fit=1200%2C585&ssl=1&resize=525%2C300 1.5x, https:\/\/i0.wp.com\/noticiasribeiraopreto.com.br\/wp-content\/uploads\/2024\/08\/BALA_2024-08-23_13-40-22_jpg_2024-08-23_13-40-23.webp.webp?fit=1200%2C585&ssl=1&resize=700%2C400 2x, https:\/\/i0.wp.com\/noticiasribeiraopreto.com.br\/wp-content\/uploads\/2024\/08\/BALA_2024-08-23_13-40-22_jpg_2024-08-23_13-40-23.webp.webp?fit=1200%2C585&ssl=1&resize=1050%2C600 3x"},"classes":[]},{"id":65798,"url":"https:\/\/noticiasribeiraopreto.com.br\/index.php\/2025\/03\/24\/principal-vestibular-de-acesso-a-usp-veja-quando-comecam-as-inscricoes-da-fuvest-2026\/","url_meta":{"origin":83361,"position":5},"title":"Principal vestibular de acesso \u00e0 USP: Veja quando come\u00e7am as inscri\u00e7\u00f5es da Fuvest 2026","author":"noticiasribeiraopreto.com.br","date":"24 de March de 2025","format":false,"excerpt":"A Fuvest (Funda\u00e7\u00e3o Universit\u00e1ria para o Vestibular) divulga o cronograma do Vestibular 2026, uma das principais portas de entrada \u00e0 USP (Universidade de S\u00e3o Paulo). A primeira fase ser\u00e1 realizada em 23 de novembro e a segunda, nos dias 14 e 15 de dezembro de 2025. Os locais de aplica\u00e7\u00e3o\u2026","rel":"","context":"In &quot;Not\u00edcias de Ribeir\u00e3o Preto-SP e Regi\u00e3o&quot;","block_context":{"text":"Not\u00edcias de Ribeir\u00e3o Preto-SP e Regi\u00e3o","link":"https:\/\/noticiasribeiraopreto.com.br\/index.php\/category\/noticias-de-ribeirao-preto-sp-e-regiao-ismael-colosi\/"},"img":{"alt_text":"","src":"https:\/\/i0.wp.com\/noticiasribeiraopreto.com.br\/wp-content\/uploads\/2025\/01\/21_2025-01-02_15-54-47_jpg_2025-01-02_15-54-47.webp.webp?fit=1200%2C767&ssl=1&resize=350%2C200","width":350,"height":200,"srcset":"https:\/\/i0.wp.com\/noticiasribeiraopreto.com.br\/wp-content\/uploads\/2025\/01\/21_2025-01-02_15-54-47_jpg_2025-01-02_15-54-47.webp.webp?fit=1200%2C767&ssl=1&resize=350%2C200 1x, https:\/\/i0.wp.com\/noticiasribeiraopreto.com.br\/wp-content\/uploads\/2025\/01\/21_2025-01-02_15-54-47_jpg_2025-01-02_15-54-47.webp.webp?fit=1200%2C767&ssl=1&resize=525%2C300 1.5x, https:\/\/i0.wp.com\/noticiasribeiraopreto.com.br\/wp-content\/uploads\/2025\/01\/21_2025-01-02_15-54-47_jpg_2025-01-02_15-54-47.webp.webp?fit=1200%2C767&ssl=1&resize=700%2C400 2x, https:\/\/i0.wp.com\/noticiasribeiraopreto.com.br\/wp-content\/uploads\/2025\/01\/21_2025-01-02_15-54-47_jpg_2025-01-02_15-54-47.webp.webp?fit=1200%2C767&ssl=1&resize=1050%2C600 3x"},"classes":[]}],"jetpack_sharing_enabled":true,"jetpack_shortlink":"https:\/\/wp.me\/peQAOb-lGx","_links":{"self":[{"href":"https:\/\/noticiasribeiraopreto.com.br\/index.php\/wp-json\/wp\/v2\/posts\/83361","targetHints":{"allow":["GET"]}}],"collection":[{"href":"https:\/\/noticiasribeiraopreto.com.br\/index.php\/wp-json\/wp\/v2\/posts"}],"about":[{"href":"https:\/\/noticiasribeiraopreto.com.br\/index.php\/wp-json\/wp\/v2\/types\/post"}],"author":[{"embeddable":true,"href":"https:\/\/noticiasribeiraopreto.com.br\/index.php\/wp-json\/wp\/v2\/users\/1"}],"replies":[{"embeddable":true,"href":"https:\/\/noticiasribeiraopreto.com.br\/index.php\/wp-json\/wp\/v2\/comments?post=83361"}],"version-history":[{"count":0,"href":"https:\/\/noticiasribeiraopreto.com.br\/index.php\/wp-json\/wp\/v2\/posts\/83361\/revisions"}],"wp:featuredmedia":[{"embeddable":true,"href":"https:\/\/noticiasribeiraopreto.com.br\/index.php\/wp-json\/wp\/v2\/media\/83362"}],"wp:attachment":[{"href":"https:\/\/noticiasribeiraopreto.com.br\/index.php\/wp-json\/wp\/v2\/media?parent=83361"}],"wp:term":[{"taxonomy":"category","embeddable":true,"href":"https:\/\/noticiasribeiraopreto.com.br\/index.php\/wp-json\/wp\/v2\/categories?post=83361"},{"taxonomy":"post_tag","embeddable":true,"href":"https:\/\/noticiasribeiraopreto.com.br\/index.php\/wp-json\/wp\/v2\/tags?post=83361"}],"curies":[{"name":"wp","href":"https:\/\/api.w.org\/{rel}","templated":true}]}}