{"id":83363,"date":"2026-03-17T10:47:24","date_gmt":"2026-03-17T13:47:24","guid":{"rendered":"https:\/\/noticiasribeiraopreto.com.br\/index.php\/2026\/03\/17\/ribeirao-preto-recebe-evento-com-brechos-em-homenagem-as-mulheres-veja-quando\/"},"modified":"2026-03-17T10:47:24","modified_gmt":"2026-03-17T13:47:24","slug":"ribeirao-preto-recebe-evento-com-brechos-em-homenagem-as-mulheres-veja-quando","status":"publish","type":"post","link":"https:\/\/noticiasribeiraopreto.com.br\/index.php\/2026\/03\/17\/ribeirao-preto-recebe-evento-com-brechos-em-homenagem-as-mulheres-veja-quando\/","title":{"rendered":"Ribeir\u00e3o Preto recebe evento com brech\u00f3s em homenagem \u00e0s mulheres; Veja quando"},"content":{"rendered":"<div class='code-block code-block-1' style='margin: 8px 0 8px auto; text-align: right; display: block; clear: both;'>\n<p><a href=\"https:\/\/wa.link\/vpicfd\"><img data-recalc-dims=\"1\" class=\"wp-image-4922\" style=\"aspect-ratio: 2.0253164556962027; width: 561px; height: auto;\" src=\"https:\/\/i0.wp.com\/ismaelcolosi.com.br\/wp-content\/uploads\/2023\/11\/grupo-de-empregos-whatsapp-e-facebook-ismael-colosi-vagas.jpg?ssl=1\" alt=\"\" \/><\/a><\/p>\n<!-- \/wp:image -->\n<\/div>\n<p> <br \/>\n<\/p>\n<div id=\"dsoaudio\">\n            <button type=\"button\" title=\"Salvar mat\u00e9ria\" class=\"dso bookmark-injection bookmark-save\"><br \/>\n        <svg xmlns=\"http:\/\/www.w3.org\/2000\/svg\" width=\"20\" height=\"24\" viewbox=\"0 0 20 24\" fill=\"none\">\n            <path d=\"M1 23V1H19V23L10 15.6667L1 23Z\" stroke=\"black\" stroke-width=\"1.3\" stroke-linejoin=\"round\"\/>\n        <\/svg><br \/>\n    <\/button> <\/p>\n<p><strong>O Encontro de Brech\u00f3s ter\u00e1 uma edi\u00e7\u00e3o especial em homenagem ao m\u00eas das mulheres em Ribeir\u00e3o Preto.<\/strong><\/p>\n<p><mark style=\"background-color:#fcb900\" class=\"has-inline-color has-black-color\">O evento, que tem entrada gratuita, ser\u00e1 realizado no pr\u00f3ximo s\u00e1bado (21), das 9h \u00e0s 17h, em um hotel no Centro da cidade.<\/mark><\/p>\n<p>Nesta edi\u00e7\u00e3o, dezenas de expositoras da regi\u00e3o levar\u00e3o ao p\u00fablico grande diversidade de roupas, acess\u00f3rios e pe\u00e7as exclusivas.<\/p>\n<p>Al\u00e9m dos brech\u00f3s, o evento contar\u00e1 com expositores de artesanato, bazar da ONG Focinhos S.A. e servi\u00e7o de lanchonete.<\/p>\n<p>Um dos destaques ser\u00e1 o sorteio de mais de 30 vouchers de at\u00e9 50% de desconto, v\u00e1lidos para compras durante o encontro. Os interessados em concorrer devem realizar gratuitamente o cadastro no link divulgado na bio do perfil no Instagram do Encontro de Brech\u00f3s.<\/p>\n<p>\u201cMais do que um evento de moda, o Encontro de Brech\u00f3s se consolidou como um espa\u00e7o de valoriza\u00e7\u00e3o do empreendedorismo feminino. Ao longo de sua trajet\u00f3ria, a iniciativa tem reunido e fortalecido expositoras que encontraram nos brech\u00f3s e no com\u00e9rcio criativo uma forma de gerar renda, autonomia e novas oportunidades de trabalho para mulheres\u201d, dizem os organizadores.<\/p>\n<h2 class=\"wp-block-heading\">Servi\u00e7o<\/h2>\n<p><em>Encontro de Brech\u00f3s \u2013 Especial m\u00eas das mulheres<\/em><\/p>\n<p><strong>Quando:<\/strong> S\u00e1bado, dia 21 de mar\u00e7o<br \/><strong>Hor\u00e1rio:<\/strong> Das 9h \u00e0s 17h<br \/><strong>Onde:<\/strong> Hotel Nacional Inn<br \/><strong>Endere\u00e7o:<\/strong> Rua Duque de Caxias, 1313, Centro \u2013 Ribeir\u00e3o Preto<br \/>Entrada gratuita<\/p>\n<p>SAIBA MAIS<\/p>\n<p>Avenida Nove de Julho recebe festival gratuito com m\u00fasica, gastronomia e atividades culturais<\/p>\n<h3 class=\"wp-block-heading\">FIQUE ON<\/h3>\n<p>Fique ligado em tudo que acontece em Ribeir\u00e3o Preto e regi\u00e3o. Siga os perfis do\u00a0<strong>acidade on<\/strong>\u00a0no<a href=\"https:\/\/www.instagram.com\/acidadeonribeirao\" target=\"_blank\" rel=\"noreferrer noopener\">\u00a0Instagram<\/a>\u00a0e no\u00a0<a href=\"https:\/\/www.facebook.com\/acidadeonribeirao\/\" target=\"_blank\" rel=\"noreferrer noopener\">Facebook<\/a>.<\/p>\n<p>Receba not\u00edcias do<strong>\u00a0acidade on<\/strong>\u00a0no WhatsApp. Para entrar no grupo,\u00a0basta\u00a0<a href=\"https:\/\/chat.whatsapp.com\/GFH9HUMUTHNFJdnyEd0xxq\" target=\"_blank\" rel=\"noreferrer noopener\">clicar aqui<\/a>. Ou, acesse o nosso\u00a0Canal<a href=\"https:\/\/whatsapp.com\/channel\/0029Vb6IQl1JENyAeS57fk2p\" target=\"_blank\" rel=\"noreferrer noopener\">\u00a0clicando aqui<\/a>.<\/p>\n<p>Fa\u00e7a uma den\u00fancia ou sugira uma reportagem sobre Ribeir\u00e3o Preto e regi\u00e3o pelo WhatsApp: 16 99117 7802.<\/p>\n<p>VEJA TAMB\u00c9M<\/p>\n<p>Salgados de festa: 4 receitas pr\u00e1ticas para fazer em casa<\/p>\n<p><input type=\"hidden\" name=\"postID\" id=\"postID\" value=\"149168\"\/><br \/>\n            <input type=\"hidden\" name=\"postType\" id=\"postType\" value=\"post\"\/><br \/>\n<!-- AI CONTENT END 1 -->\n        <\/div>\n<p><script async src=\"\/\/www.instagram.com\/embed.js\"><\/script><br \/>\n<br \/><br \/>\n<br \/><a href=\"https:\/\/www.acidadeon.com\/ribeiraopreto\/lazer-e-cultura\/ribeirao-preto-recebe-evento-com-brechos-em-homenagem-as-mulheres-veja-quando\/\">Source link <\/a><\/p>\n<!-- CONTENT END 1 -->\n","protected":false},"excerpt":{"rendered":"<p>O Encontro de Brech\u00f3s ter\u00e1 uma edi\u00e7\u00e3o especial em homenagem ao m\u00eas das mulheres em Ribeir\u00e3o Preto. O evento, que tem entrada gratuita, ser\u00e1 realizado&#8230;<\/p>\n","protected":false},"author":1,"featured_media":83364,"comment_status":"open","ping_status":"open","sticky":false,"template":"","format":"standard","meta":{"advanced_seo_description":"","jetpack_seo_html_title":"","jetpack_seo_noindex":false,"jetpack_post_was_ever_published":false,"_jetpack_newsletter_access":"","_jetpack_dont_email_post_to_subs":false,"_jetpack_newsletter_tier_id":0,"_jetpack_memberships_contains_paywalled_content":false,"_jetpack_memberships_contains_paid_content":false,"footnotes":"","jetpack_publicize_message":"","jetpack_publicize_feature_enabled":true,"jetpack_social_post_already_shared":true,"jetpack_social_options":{"image_generator_settings":{"template":"highway","default_image_id":0,"font":"","enabled":false},"version":2}},"categories":[11],"tags":[],"class_list":["post-83363","post","type-post","status-publish","format-standard","has-post-thumbnail","hentry","category-noticias-de-ribeirao-preto-sp-e-regiao-ismael-colosi"],"jetpack_publicize_connections":[],"jetpack_featured_media_url":"https:\/\/i0.wp.com\/noticiasribeiraopreto.com.br\/wp-content\/uploads\/2026\/03\/Encontro07dez-44_2026-03-17_11-35-58.webp.webp?fit=1200%2C773&ssl=1","jetpack-related-posts":[{"id":80597,"url":"https:\/\/noticiasribeiraopreto.com.br\/index.php\/2025\/12\/07\/encontro-de-brechos-encerra-o-ano-com-edicao-especial-em-ribeirao-preto-saiba-quando\/","url_meta":{"origin":83363,"position":0},"title":"Encontro de Brech\u00f3s encerra o ano com edi\u00e7\u00e3o especial em Ribeir\u00e3o Preto; Saiba quando","author":"noticiasribeiraopreto.com.br","date":"7 de December de 2025","format":false,"excerpt":"O Encontro de Brech\u00f3s de Ribeir\u00e3o Preto realiza neste domingo (7) sua \u00faltima edi\u00e7\u00e3o de 2025, desta vez no CPP (Centro do Professorado Paulista), no Jardim Independ\u00eancia, na zona Norte da cidade, a partir das 9h30. A entrada \u00e9 gratuita e aberta ao p\u00fablico. Criado para incentivar o consumo consciente\u2026","rel":"","context":"In &quot;Not\u00edcias de Ribeir\u00e3o Preto-SP e Regi\u00e3o&quot;","block_context":{"text":"Not\u00edcias de Ribeir\u00e3o Preto-SP e Regi\u00e3o","link":"https:\/\/noticiasribeiraopreto.com.br\/index.php\/category\/noticias-de-ribeirao-preto-sp-e-regiao-ismael-colosi\/"},"img":{"alt_text":"","src":"https:\/\/i0.wp.com\/noticiasribeiraopreto.com.br\/wp-content\/uploads\/2025\/12\/Encontro07dez-27_2025-12-06_15-17-40.webp.webp?fit=1200%2C1200&ssl=1&resize=350%2C200","width":350,"height":200,"srcset":"https:\/\/i0.wp.com\/noticiasribeiraopreto.com.br\/wp-content\/uploads\/2025\/12\/Encontro07dez-27_2025-12-06_15-17-40.webp.webp?fit=1200%2C1200&ssl=1&resize=350%2C200 1x, https:\/\/i0.wp.com\/noticiasribeiraopreto.com.br\/wp-content\/uploads\/2025\/12\/Encontro07dez-27_2025-12-06_15-17-40.webp.webp?fit=1200%2C1200&ssl=1&resize=525%2C300 1.5x, https:\/\/i0.wp.com\/noticiasribeiraopreto.com.br\/wp-content\/uploads\/2025\/12\/Encontro07dez-27_2025-12-06_15-17-40.webp.webp?fit=1200%2C1200&ssl=1&resize=700%2C400 2x, https:\/\/i0.wp.com\/noticiasribeiraopreto.com.br\/wp-content\/uploads\/2025\/12\/Encontro07dez-27_2025-12-06_15-17-40.webp.webp?fit=1200%2C1200&ssl=1&resize=1050%2C600 3x"},"classes":[]},{"id":84305,"url":"https:\/\/noticiasribeiraopreto.com.br\/index.php\/2026\/04\/07\/evento-reune-40-brechos-e-15-mil-pecas-em-ribeirao-preto-veja-quando\/","url_meta":{"origin":83363,"position":1},"title":"Evento re\u00fane 40 brech\u00f3s e 15 mil pe\u00e7as em Ribeir\u00e3o Preto; Veja quando","author":"noticiasribeiraopreto.com.br","date":"7 de April de 2026","format":false,"excerpt":"Ribeir\u00e3o Preto recebe a 40\u00aa edi\u00e7\u00e3o do Encontro de Brech\u00f3s no pr\u00f3ximo s\u00e1bado (11), das 9h \u00e0s 17h, em um hotel na Vila Tib\u00e9rio, zona Oeste da cidade. A entrada \u00e9 gratuita. Segundo a organiza\u00e7\u00e3o, ser\u00e3o 40 brech\u00f3s reunidos e mais de 15 mil pe\u00e7as dispon\u00edveis entre roupas, acess\u00f3rios e\u2026","rel":"","context":"In &quot;Not\u00edcias de Ribeir\u00e3o Preto-SP e Regi\u00e3o&quot;","block_context":{"text":"Not\u00edcias de Ribeir\u00e3o Preto-SP e Regi\u00e3o","link":"https:\/\/noticiasribeiraopreto.com.br\/index.php\/category\/noticias-de-ribeirao-preto-sp-e-regiao-ismael-colosi\/"},"img":{"alt_text":"","src":"https:\/\/i0.wp.com\/noticiasribeiraopreto.com.br\/wp-content\/uploads\/2026\/04\/Encontro07dez-26_2026-04-07_12-03-09.webp.webp?fit=1200%2C1200&ssl=1&resize=350%2C200","width":350,"height":200,"srcset":"https:\/\/i0.wp.com\/noticiasribeiraopreto.com.br\/wp-content\/uploads\/2026\/04\/Encontro07dez-26_2026-04-07_12-03-09.webp.webp?fit=1200%2C1200&ssl=1&resize=350%2C200 1x, https:\/\/i0.wp.com\/noticiasribeiraopreto.com.br\/wp-content\/uploads\/2026\/04\/Encontro07dez-26_2026-04-07_12-03-09.webp.webp?fit=1200%2C1200&ssl=1&resize=525%2C300 1.5x, https:\/\/i0.wp.com\/noticiasribeiraopreto.com.br\/wp-content\/uploads\/2026\/04\/Encontro07dez-26_2026-04-07_12-03-09.webp.webp?fit=1200%2C1200&ssl=1&resize=700%2C400 2x, https:\/\/i0.wp.com\/noticiasribeiraopreto.com.br\/wp-content\/uploads\/2026\/04\/Encontro07dez-26_2026-04-07_12-03-09.webp.webp?fit=1200%2C1200&ssl=1&resize=1050%2C600 3x"},"classes":[]},{"id":79265,"url":"https:\/\/noticiasribeiraopreto.com.br\/index.php\/2025\/10\/28\/evento-reune-20-brechos-no-sesi-em-ribeirao-preto-veja-quando\/","url_meta":{"origin":83363,"position":2},"title":"Evento re\u00fane 20 brech\u00f3s no Sesi em Ribeir\u00e3o Preto; Veja quando","author":"noticiasribeiraopreto.com.br","date":"28 de October de 2025","format":false,"excerpt":"Ribeir\u00e3o Preto recebe nesta quarta-feira (29) o evento \u201cEncontro de Brech\u00f3s\u201d, no Sesi, localizado no Jardim Castelo Branco, zona Leste de Ribeir\u00e3o Preto. A entrada \u00e9 gratuita. O evento ser\u00e1 das 16h \u00e0s 21h e reunir\u00e1 20 brech\u00f3s com op\u00e7\u00f5es em pe\u00e7as femininas, masculinas e infantis. Os organizadores dizem que\u2026","rel":"","context":"In &quot;Not\u00edcias de Ribeir\u00e3o Preto-SP e Regi\u00e3o&quot;","block_context":{"text":"Not\u00edcias de Ribeir\u00e3o Preto-SP e Regi\u00e3o","link":"https:\/\/noticiasribeiraopreto.com.br\/index.php\/category\/noticias-de-ribeirao-preto-sp-e-regiao-ismael-colosi\/"},"img":{"alt_text":"","src":"https:\/\/i0.wp.com\/noticiasribeiraopreto.com.br\/wp-content\/uploads\/2025\/10\/Encontro07dez-7_2025-10-28_17-54-57.webp.webp?fit=1200%2C1200&ssl=1&resize=350%2C200","width":350,"height":200,"srcset":"https:\/\/i0.wp.com\/noticiasribeiraopreto.com.br\/wp-content\/uploads\/2025\/10\/Encontro07dez-7_2025-10-28_17-54-57.webp.webp?fit=1200%2C1200&ssl=1&resize=350%2C200 1x, https:\/\/i0.wp.com\/noticiasribeiraopreto.com.br\/wp-content\/uploads\/2025\/10\/Encontro07dez-7_2025-10-28_17-54-57.webp.webp?fit=1200%2C1200&ssl=1&resize=525%2C300 1.5x, https:\/\/i0.wp.com\/noticiasribeiraopreto.com.br\/wp-content\/uploads\/2025\/10\/Encontro07dez-7_2025-10-28_17-54-57.webp.webp?fit=1200%2C1200&ssl=1&resize=700%2C400 2x, https:\/\/i0.wp.com\/noticiasribeiraopreto.com.br\/wp-content\/uploads\/2025\/10\/Encontro07dez-7_2025-10-28_17-54-57.webp.webp?fit=1200%2C1200&ssl=1&resize=1050%2C600 3x"},"classes":[]},{"id":52993,"url":"https:\/\/noticiasribeiraopreto.com.br\/index.php\/2024\/06\/14\/sesc-ribeirao-preto-realiza-encontro-de-brechos-neste-fim-de-semana\/","url_meta":{"origin":83363,"position":3},"title":"Sesc Ribeir\u00e3o Preto realiza \u2018Encontro de Brech\u00f3s\u2019 neste fim de semana","author":"noticiasribeiraopreto.com.br","date":"14 de June de 2024","format":false,"excerpt":"O Sesc Ribeir\u00e3o Preto realiza, neste s\u00e1bado (15), a primeira edi\u00e7\u00e3o do \u201cEncontro de Brech\u00f3s\u201d. A iniciativa, que tem como objetivo a conscientiza\u00e7\u00e3o sobre o consumo consciente, ser\u00e1 das 12h \u00e0s 18h. Ao todo, ser\u00e3o 20 expositores, de diversos segmentos, que estar\u00e3o na conviv\u00eancia do local. O evento tem entrada\u2026","rel":"","context":"In &quot;Not\u00edcias de Ribeir\u00e3o Preto-SP e Regi\u00e3o&quot;","block_context":{"text":"Not\u00edcias de Ribeir\u00e3o Preto-SP e Regi\u00e3o","link":"https:\/\/noticiasribeiraopreto.com.br\/index.php\/category\/noticias-de-ribeirao-preto-sp-e-regiao-ismael-colosi\/"},"img":{"alt_text":"","src":"https:\/\/i0.wp.com\/noticiasribeiraopreto.com.br\/wp-content\/uploads\/2024\/06\/brechos-664x332-1_2024-06-14_20-32-34_png_2024-06-14_20-32-34.webp.webp?fit=664%2C332&ssl=1&resize=350%2C200","width":350,"height":200,"srcset":"https:\/\/i0.wp.com\/noticiasribeiraopreto.com.br\/wp-content\/uploads\/2024\/06\/brechos-664x332-1_2024-06-14_20-32-34_png_2024-06-14_20-32-34.webp.webp?fit=664%2C332&ssl=1&resize=350%2C200 1x, https:\/\/i0.wp.com\/noticiasribeiraopreto.com.br\/wp-content\/uploads\/2024\/06\/brechos-664x332-1_2024-06-14_20-32-34_png_2024-06-14_20-32-34.webp.webp?fit=664%2C332&ssl=1&resize=525%2C300 1.5x"},"classes":[]},{"id":6335,"url":"https:\/\/noticiasribeiraopreto.com.br\/index.php\/2023\/11\/25\/ribeirao-tem-encontro-de-brechos-com-entrada-gratuita-neste-domingo\/","url_meta":{"origin":83363,"position":4},"title":"Ribeir\u00e3o tem encontro de brech\u00f3s com entrada gratuita\u00a0neste domingo","author":"noticiasribeiraopreto.com.br","date":"25 de November de 2023","format":false,"excerpt":"Ribeir\u00e3o Preto recebe neste domingo (26) o \u2018Encontro de Brech\u00f3s\u2019 \u2013 edi\u00e7\u00e3o especial de 1 ano -, que re\u00fane moda sustent\u00e1vel, consumo consciente e diversidade, no Jardim Sumar\u00e9, na zona Sul da cidade. \u00a0 O evento acontece das 9h \u00e0s 17h e a entrada e o estacionamento s\u00e3o gratuitos. \u00a0\u2026","rel":"","context":"In &quot;Not\u00edcias de Ribeir\u00e3o Preto-SP e Regi\u00e3o&quot;","block_context":{"text":"Not\u00edcias de Ribeir\u00e3o Preto-SP e Regi\u00e3o","link":"https:\/\/noticiasribeiraopreto.com.br\/index.php\/category\/noticias-de-ribeirao-preto-sp-e-regiao-ismael-colosi\/"},"img":{"alt_text":"","src":"https:\/\/i0.wp.com\/noticiasribeiraopreto.com.br\/wp-content\/uploads\/2023\/11\/lindo-mercado-de-segunda-mao-1-scaled.jpg?fit=1200%2C800&ssl=1&resize=350%2C200","width":350,"height":200,"srcset":"https:\/\/i0.wp.com\/noticiasribeiraopreto.com.br\/wp-content\/uploads\/2023\/11\/lindo-mercado-de-segunda-mao-1-scaled.jpg?fit=1200%2C800&ssl=1&resize=350%2C200 1x, https:\/\/i0.wp.com\/noticiasribeiraopreto.com.br\/wp-content\/uploads\/2023\/11\/lindo-mercado-de-segunda-mao-1-scaled.jpg?fit=1200%2C800&ssl=1&resize=525%2C300 1.5x, https:\/\/i0.wp.com\/noticiasribeiraopreto.com.br\/wp-content\/uploads\/2023\/11\/lindo-mercado-de-segunda-mao-1-scaled.jpg?fit=1200%2C800&ssl=1&resize=700%2C400 2x, https:\/\/i0.wp.com\/noticiasribeiraopreto.com.br\/wp-content\/uploads\/2023\/11\/lindo-mercado-de-segunda-mao-1-scaled.jpg?fit=1200%2C800&ssl=1&resize=1050%2C600 3x"},"classes":[]},{"id":61227,"url":"https:\/\/noticiasribeiraopreto.com.br\/index.php\/2024\/12\/06\/ribeirao-preto-recebe-evento-com-22-brechos-neste-sabado-veja-onde\/","url_meta":{"origin":83363,"position":5},"title":"Ribeir\u00e3o Preto recebe evento com 22 brech\u00f3s neste s\u00e1bado; Veja onde","author":"noticiasribeiraopreto.com.br","date":"6 de December de 2024","format":false,"excerpt":"Ribeir\u00e3o Preto recebe neste s\u00e1bado (7), das 12h \u00e0s 17h30, um encontro de brech\u00f3s, no Sesc. A entrada \u00e9 gratuita. O evento ter\u00e1 22 brech\u00f3s com variedades em pe\u00e7as femininas, masculinas, infantis e at\u00e9 itens pet. A organiza\u00e7\u00e3o diz que a iniciativa \u00e9 uma forma de promover a moda sustent\u00e1vel\u2026","rel":"","context":"In &quot;Not\u00edcias de Ribeir\u00e3o Preto-SP e Regi\u00e3o&quot;","block_context":{"text":"Not\u00edcias de Ribeir\u00e3o Preto-SP e Regi\u00e3o","link":"https:\/\/noticiasribeiraopreto.com.br\/index.php\/category\/noticias-de-ribeirao-preto-sp-e-regiao-ismael-colosi\/"},"img":{"alt_text":"","src":"https:\/\/i0.wp.com\/noticiasribeiraopreto.com.br\/wp-content\/uploads\/2024\/12\/WhatsApp-Image-2024-12-06-at-11.01.46_2024-12-06_16-27-03_jpeg_2024-12-06_16-27-03.webp.webp?fit=1200%2C800&ssl=1&resize=350%2C200","width":350,"height":200,"srcset":"https:\/\/i0.wp.com\/noticiasribeiraopreto.com.br\/wp-content\/uploads\/2024\/12\/WhatsApp-Image-2024-12-06-at-11.01.46_2024-12-06_16-27-03_jpeg_2024-12-06_16-27-03.webp.webp?fit=1200%2C800&ssl=1&resize=350%2C200 1x, https:\/\/i0.wp.com\/noticiasribeiraopreto.com.br\/wp-content\/uploads\/2024\/12\/WhatsApp-Image-2024-12-06-at-11.01.46_2024-12-06_16-27-03_jpeg_2024-12-06_16-27-03.webp.webp?fit=1200%2C800&ssl=1&resize=525%2C300 1.5x, https:\/\/i0.wp.com\/noticiasribeiraopreto.com.br\/wp-content\/uploads\/2024\/12\/WhatsApp-Image-2024-12-06-at-11.01.46_2024-12-06_16-27-03_jpeg_2024-12-06_16-27-03.webp.webp?fit=1200%2C800&ssl=1&resize=700%2C400 2x, https:\/\/i0.wp.com\/noticiasribeiraopreto.com.br\/wp-content\/uploads\/2024\/12\/WhatsApp-Image-2024-12-06-at-11.01.46_2024-12-06_16-27-03_jpeg_2024-12-06_16-27-03.webp.webp?fit=1200%2C800&ssl=1&resize=1050%2C600 3x"},"classes":[]}],"jetpack_sharing_enabled":true,"jetpack_shortlink":"https:\/\/wp.me\/peQAOb-lGz","_links":{"self":[{"href":"https:\/\/noticiasribeiraopreto.com.br\/index.php\/wp-json\/wp\/v2\/posts\/83363","targetHints":{"allow":["GET"]}}],"collection":[{"href":"https:\/\/noticiasribeiraopreto.com.br\/index.php\/wp-json\/wp\/v2\/posts"}],"about":[{"href":"https:\/\/noticiasribeiraopreto.com.br\/index.php\/wp-json\/wp\/v2\/types\/post"}],"author":[{"embeddable":true,"href":"https:\/\/noticiasribeiraopreto.com.br\/index.php\/wp-json\/wp\/v2\/users\/1"}],"replies":[{"embeddable":true,"href":"https:\/\/noticiasribeiraopreto.com.br\/index.php\/wp-json\/wp\/v2\/comments?post=83363"}],"version-history":[{"count":0,"href":"https:\/\/noticiasribeiraopreto.com.br\/index.php\/wp-json\/wp\/v2\/posts\/83363\/revisions"}],"wp:featuredmedia":[{"embeddable":true,"href":"https:\/\/noticiasribeiraopreto.com.br\/index.php\/wp-json\/wp\/v2\/media\/83364"}],"wp:attachment":[{"href":"https:\/\/noticiasribeiraopreto.com.br\/index.php\/wp-json\/wp\/v2\/media?parent=83363"}],"wp:term":[{"taxonomy":"category","embeddable":true,"href":"https:\/\/noticiasribeiraopreto.com.br\/index.php\/wp-json\/wp\/v2\/categories?post=83363"},{"taxonomy":"post_tag","embeddable":true,"href":"https:\/\/noticiasribeiraopreto.com.br\/index.php\/wp-json\/wp\/v2\/tags?post=83363"}],"curies":[{"name":"wp","href":"https:\/\/api.w.org\/{rel}","templated":true}]}}