{"id":83365,"date":"2026-03-17T10:54:30","date_gmt":"2026-03-17T13:54:30","guid":{"rendered":"https:\/\/noticiasribeiraopreto.com.br\/index.php\/2026\/03\/17\/temporais-podem-atingir-o-interior-de-sp-nesta-terca-veja-previsao\/"},"modified":"2026-03-17T10:54:30","modified_gmt":"2026-03-17T13:54:30","slug":"temporais-podem-atingir-o-interior-de-sp-nesta-terca-veja-previsao","status":"publish","type":"post","link":"https:\/\/noticiasribeiraopreto.com.br\/index.php\/2026\/03\/17\/temporais-podem-atingir-o-interior-de-sp-nesta-terca-veja-previsao\/","title":{"rendered":"Temporais podem atingir o interior de SP nesta ter\u00e7a; Veja previs\u00e3o"},"content":{"rendered":"<div class='code-block code-block-1' style='margin: 8px 0 8px auto; text-align: right; display: block; clear: both;'>\n<p><a href=\"https:\/\/wa.link\/vpicfd\"><img data-recalc-dims=\"1\" class=\"wp-image-4922\" style=\"aspect-ratio: 2.0253164556962027; width: 561px; height: auto;\" src=\"https:\/\/i0.wp.com\/ismaelcolosi.com.br\/wp-content\/uploads\/2023\/11\/grupo-de-empregos-whatsapp-e-facebook-ismael-colosi-vagas.jpg?ssl=1\" alt=\"\" \/><\/a><\/p>\n<!-- \/wp:image -->\n<\/div>\n<p> <br \/>\n<\/p>\n<div id=\"dsoaudio\">\n            <button type=\"button\" title=\"Salvar mat\u00e9ria\" class=\"dso bookmark-injection bookmark-save\"><br \/>\n        <svg xmlns=\"http:\/\/www.w3.org\/2000\/svg\" width=\"20\" height=\"24\" viewbox=\"0 0 20 24\" fill=\"none\">\n            <path d=\"M1 23V1H19V23L10 15.6667L1 23Z\" stroke=\"black\" stroke-width=\"1.3\" stroke-linejoin=\"round\"\/>\n        <\/svg><br \/>\n    <\/button> <\/p>\n<p><strong>A regi\u00e3o norte do estado de S\u00e3o Paulo tem alerta para temporais nesta ter\u00e7a-feira (17).<\/strong> <strong>Veja <\/strong>no <strong>mapa<\/strong>.<\/p>\n<p>Segundo a <a href=\"https:\/\/www.climatempo.com.br\/\" data-type=\"link\" data-id=\"https:\/\/www.climatempo.com.br\/\" target=\"_blank\" rel=\"noopener\">Climatempo<\/a>, <mark style=\"background-color:#fcb900\" class=\"has-inline-color has-black-color\">cidades da regi\u00e3o de Ribeir\u00e3o Preto, especialmente na divisa com Minas Gerais, est\u00e3o em risco para temporais e rajadas com ventos acima de 70km\/h.<\/mark><\/p>\n<p>Conforme a meteorologia, o calor e a umidade na atmosfera podem causar pancadas isoladas de chuva e t\u00edpicas de ver\u00e3o.<\/p>\n<p>Para Ribeir\u00e3o Preto est\u00e3o previstos 14,7 mil\u00edmetros de chuva, com temperaturas entre 21\u00b0C e 31\u00b0C.<\/p>\n<p>SAIBA MAIS<\/p>\n<p>Avenida Nove de Julho recebe festival gratuito com m\u00fasica, gastronomia e atividades culturais<\/p>\n<h3 class=\"wp-block-heading\"><strong>FIQUE ON<\/strong><\/h3>\n<p>Fique ligado em tudo que acontece em Ribeir\u00e3o Preto e regi\u00e3o. Siga os perfis do\u00a0<strong>acidade on<\/strong>\u00a0no<a href=\"https:\/\/www.instagram.com\/acidadeonribeirao\" target=\"_blank\" rel=\"noreferrer noopener\">\u00a0Instagram<\/a>\u00a0e no\u00a0<a href=\"https:\/\/www.facebook.com\/acidadeonribeirao\/\" target=\"_blank\" rel=\"noreferrer noopener\">Facebook<\/a>.<\/p>\n<p>Receba not\u00edcias do<strong>\u00a0acidade on<\/strong>\u00a0no WhatsApp. Para entrar no grupo,\u00a0basta\u00a0<a href=\"https:\/\/chat.whatsapp.com\/GFH9HUMUTHNFJdnyEd0xxq\" target=\"_blank\" rel=\"noreferrer noopener\">clicar aqui<\/a>. Ou, acesse o nosso\u00a0Canal<a href=\"https:\/\/whatsapp.com\/channel\/0029Vb6IQl1JENyAeS57fk2p\" target=\"_blank\" rel=\"noreferrer noopener\">\u00a0clicando aqui<\/a>.<\/p>\n<p>Fa\u00e7a uma den\u00fancia ou sugira uma reportagem sobre Ribeir\u00e3o Preto e regi\u00e3o pelo WhatsApp: 16 99117 7802.<\/p>\n<p>VEJA TAMB\u00c9M<\/p>\n<p>Salgados de festa: 4 receitas pr\u00e1ticas para fazer em casa<a href=\"https:\/\/www.acidadeon.com\/ribeiraopreto\/lazer-e-cultura\/comida-di-buteco-conheca-os-32-bares-participantes-em-ribeirao-preto\/\" target=\"_blank\" rel=\"noreferrer noopener\"\/><a href=\"https:\/\/www.acidadeon.com\/ribeiraopreto\/cotidiano\/avenida-nove-de-julho-recebe-festival-gratuito-com-musica-gastronomia-e-atividades-culturais\/\" target=\"_blank\" rel=\"noreferrer noopener\"\/><\/p>\n<p><input type=\"hidden\" name=\"postID\" id=\"postID\" value=\"149162\"\/><br \/>\n            <input type=\"hidden\" name=\"postType\" id=\"postType\" value=\"post\"\/><br \/>\n<!-- AI CONTENT END 1 -->\n        <\/div>\n<p><script async src=\"\/\/www.instagram.com\/embed.js\"><\/script><br \/>\n<br \/><br \/>\n<br \/><a href=\"https:\/\/www.acidadeon.com\/ribeiraopreto\/cotidiano\/temporais-podem-atingir-o-interior-de-sp-nesta-terca-veja-previsao\/\">Source link <\/a><\/p>\n<!-- CONTENT END 1 -->\n","protected":false},"excerpt":{"rendered":"<p>A regi\u00e3o norte do estado de S\u00e3o Paulo tem alerta para temporais nesta ter\u00e7a-feira (17). Veja no mapa. Segundo a Climatempo, cidades da regi\u00e3o de&#8230;<\/p>\n","protected":false},"author":1,"featured_media":83366,"comment_status":"open","ping_status":"open","sticky":false,"template":"","format":"standard","meta":{"advanced_seo_description":"","jetpack_seo_html_title":"","jetpack_seo_noindex":false,"jetpack_post_was_ever_published":false,"_jetpack_newsletter_access":"","_jetpack_dont_email_post_to_subs":false,"_jetpack_newsletter_tier_id":0,"_jetpack_memberships_contains_paywalled_content":false,"_jetpack_memberships_contains_paid_content":false,"footnotes":"","jetpack_publicize_message":"","jetpack_publicize_feature_enabled":true,"jetpack_social_post_already_shared":true,"jetpack_social_options":{"image_generator_settings":{"template":"highway","default_image_id":0,"font":"","enabled":false},"version":2}},"categories":[11],"tags":[],"class_list":["post-83365","post","type-post","status-publish","format-standard","has-post-thumbnail","hentry","category-noticias-de-ribeirao-preto-sp-e-regiao-ismael-colosi"],"jetpack_publicize_connections":[],"jetpack_featured_media_url":"https:\/\/i0.wp.com\/noticiasribeiraopreto.com.br\/wp-content\/uploads\/2026\/03\/mapa-sp_2026-03-17_11-29-29.webp.webp?fit=1200%2C675&ssl=1","jetpack-related-posts":[{"id":45981,"url":"https:\/\/noticiasribeiraopreto.com.br\/index.php\/2024\/04\/09\/interior-de-sp-tem-alerta-de-temporais-nesta-terca-feira-confira-a-previsao\/","url_meta":{"origin":83365,"position":0},"title":"Interior de SP tem alerta de temporais nesta ter\u00e7a-feira; Confira a previs\u00e3o","author":"noticiasribeiraopreto.com.br","date":"9 de April de 2024","format":false,"excerpt":"O interior de S\u00e3o Paulo tem previs\u00e3o de pancadas de chuva e alerta de temporais nesta ter\u00e7a-feira (9). Segundo a Climatempo, a circula\u00e7\u00e3o de ventos e a presen\u00e7a de um cavado meteorol\u00f3gico ajudam a transportar umidade para estado paulista. Na regi\u00e3o de Ribeir\u00e3o Preto est\u00e3o previstas pancadas de chuva hoje,\u2026","rel":"","context":"In &quot;Not\u00edcias de Ribeir\u00e3o Preto-SP e Regi\u00e3o&quot;","block_context":{"text":"Not\u00edcias de Ribeir\u00e3o Preto-SP e Regi\u00e3o","link":"https:\/\/noticiasribeiraopreto.com.br\/index.php\/category\/noticias-de-ribeirao-preto-sp-e-regiao-ismael-colosi\/"},"img":{"alt_text":"","src":"https:\/\/i0.wp.com\/noticiasribeiraopreto.com.br\/wp-content\/uploads\/2024\/04\/WhatsApp-Image-2024-04-09-at-07.20.27.jpeg?fit=1200%2C541&ssl=1&resize=350%2C200","width":350,"height":200,"srcset":"https:\/\/i0.wp.com\/noticiasribeiraopreto.com.br\/wp-content\/uploads\/2024\/04\/WhatsApp-Image-2024-04-09-at-07.20.27.jpeg?fit=1200%2C541&ssl=1&resize=350%2C200 1x, https:\/\/i0.wp.com\/noticiasribeiraopreto.com.br\/wp-content\/uploads\/2024\/04\/WhatsApp-Image-2024-04-09-at-07.20.27.jpeg?fit=1200%2C541&ssl=1&resize=525%2C300 1.5x, https:\/\/i0.wp.com\/noticiasribeiraopreto.com.br\/wp-content\/uploads\/2024\/04\/WhatsApp-Image-2024-04-09-at-07.20.27.jpeg?fit=1200%2C541&ssl=1&resize=700%2C400 2x, https:\/\/i0.wp.com\/noticiasribeiraopreto.com.br\/wp-content\/uploads\/2024\/04\/WhatsApp-Image-2024-04-09-at-07.20.27.jpeg?fit=1200%2C541&ssl=1&resize=1050%2C600 3x"},"classes":[]},{"id":77700,"url":"https:\/\/noticiasribeiraopreto.com.br\/index.php\/2025\/09\/24\/interior-de-sp-tem-risco-de-temporais-nesta-quarta-veja-previsao\/","url_meta":{"origin":83365,"position":1},"title":"Interior de SP tem risco de temporais nesta quarta; Veja previs\u00e3o","author":"noticiasribeiraopreto.com.br","date":"24 de September de 2025","format":false,"excerpt":"O interior de S\u00e3o Paulo tem previs\u00e3o de temporais nesta quarta-feira (24). Confira o mapa abaixo. Segundo a Climatempo, as regi\u00f5es norte, leste e litoral norte do estado podem ter chuvas fortes. As rajadas est\u00e3o previstas at\u00e9 60 km\/h. O deslocamento da frente fria sobre a costa e o fluxo\u2026","rel":"","context":"In &quot;Not\u00edcias de Ribeir\u00e3o Preto-SP e Regi\u00e3o&quot;","block_context":{"text":"Not\u00edcias de Ribeir\u00e3o Preto-SP e Regi\u00e3o","link":"https:\/\/noticiasribeiraopreto.com.br\/index.php\/category\/noticias-de-ribeirao-preto-sp-e-regiao-ismael-colosi\/"},"img":{"alt_text":"","src":"https:\/\/i0.wp.com\/noticiasribeiraopreto.com.br\/wp-content\/uploads\/2025\/08\/WhatsApp-Image-2025-04-14-at-16.00.00_2025-04-15_10-06-50_jpeg_2025-04-15_10-06-50.webp.webp?fit=1200%2C553&ssl=1&resize=350%2C200","width":350,"height":200,"srcset":"https:\/\/i0.wp.com\/noticiasribeiraopreto.com.br\/wp-content\/uploads\/2025\/08\/WhatsApp-Image-2025-04-14-at-16.00.00_2025-04-15_10-06-50_jpeg_2025-04-15_10-06-50.webp.webp?fit=1200%2C553&ssl=1&resize=350%2C200 1x, https:\/\/i0.wp.com\/noticiasribeiraopreto.com.br\/wp-content\/uploads\/2025\/08\/WhatsApp-Image-2025-04-14-at-16.00.00_2025-04-15_10-06-50_jpeg_2025-04-15_10-06-50.webp.webp?fit=1200%2C553&ssl=1&resize=525%2C300 1.5x, https:\/\/i0.wp.com\/noticiasribeiraopreto.com.br\/wp-content\/uploads\/2025\/08\/WhatsApp-Image-2025-04-14-at-16.00.00_2025-04-15_10-06-50_jpeg_2025-04-15_10-06-50.webp.webp?fit=1200%2C553&ssl=1&resize=700%2C400 2x, https:\/\/i0.wp.com\/noticiasribeiraopreto.com.br\/wp-content\/uploads\/2025\/08\/WhatsApp-Image-2025-04-14-at-16.00.00_2025-04-15_10-06-50_jpeg_2025-04-15_10-06-50.webp.webp?fit=1200%2C553&ssl=1&resize=1050%2C600 3x"},"classes":[]},{"id":82673,"url":"https:\/\/noticiasribeiraopreto.com.br\/index.php\/2026\/02\/23\/ribeirao-preto-esta-em-area-de-alerta-para-temporais-nesta-segunda-feira-veja-mapa\/","url_meta":{"origin":83365,"position":2},"title":"Ribeir\u00e3o Preto est\u00e1 em \u00e1rea de alerta para temporais nesta segunda-feira; Veja mapa","author":"noticiasribeiraopreto.com.br","date":"23 de February de 2026","format":false,"excerpt":"Ribeir\u00e3o Preto est\u00e1 em alerta para o risco de temporais nesta segunda-feira (23). Veja o mapa de risco. Neste domingo (22), uma forte chuva provocou transtornos na cidade. Segundo a Climatempo, a combina\u00e7\u00e3o de calor e umidade do oceano e da Amaz\u00f4nia contribui para pancadas isoladas de chuva nesta segunda,\u2026","rel":"","context":"In &quot;Not\u00edcias de Ribeir\u00e3o Preto-SP e Regi\u00e3o&quot;","block_context":{"text":"Not\u00edcias de Ribeir\u00e3o Preto-SP e Regi\u00e3o","link":"https:\/\/noticiasribeiraopreto.com.br\/index.php\/category\/noticias-de-ribeirao-preto-sp-e-regiao-ismael-colosi\/"},"img":{"alt_text":"","src":"https:\/\/i0.wp.com\/noticiasribeiraopreto.com.br\/wp-content\/uploads\/2026\/02\/sudeste-temporal-19_2026-02-23_11-57-39.webp.webp?fit=1200%2C675&ssl=1&resize=350%2C200","width":350,"height":200,"srcset":"https:\/\/i0.wp.com\/noticiasribeiraopreto.com.br\/wp-content\/uploads\/2026\/02\/sudeste-temporal-19_2026-02-23_11-57-39.webp.webp?fit=1200%2C675&ssl=1&resize=350%2C200 1x, https:\/\/i0.wp.com\/noticiasribeiraopreto.com.br\/wp-content\/uploads\/2026\/02\/sudeste-temporal-19_2026-02-23_11-57-39.webp.webp?fit=1200%2C675&ssl=1&resize=525%2C300 1.5x, https:\/\/i0.wp.com\/noticiasribeiraopreto.com.br\/wp-content\/uploads\/2026\/02\/sudeste-temporal-19_2026-02-23_11-57-39.webp.webp?fit=1200%2C675&ssl=1&resize=700%2C400 2x, https:\/\/i0.wp.com\/noticiasribeiraopreto.com.br\/wp-content\/uploads\/2026\/02\/sudeste-temporal-19_2026-02-23_11-57-39.webp.webp?fit=1200%2C675&ssl=1&resize=1050%2C600 3x"},"classes":[]},{"id":61332,"url":"https:\/\/noticiasribeiraopreto.com.br\/index.php\/2024\/12\/10\/instabilidade-traz-chuva-ao-interior-de-sp-ha-risco-de-temporais-nesta-terca\/","url_meta":{"origin":83365,"position":3},"title":"Instabilidade traz chuva ao interior de SP; H\u00e1 risco de temporais nesta ter\u00e7a","author":"noticiasribeiraopreto.com.br","date":"10 de December de 2024","format":false,"excerpt":"As instabilidades ganham intensidade no estado de S\u00e3o Paulo e a chuva pode ser forte, com risco de temporais em algumas \u00e1reas nesta ter\u00e7a-feira (10). Segundo a Climatempo, a chuva mais intensa \u00e9 prevista no Sudoeste paulista, Litoral e Regi\u00e3o Metropolitana da Capital. Os maiores acumulados previstos nesta ter\u00e7a devem\u2026","rel":"","context":"In &quot;Not\u00edcias de Ribeir\u00e3o Preto-SP e Regi\u00e3o&quot;","block_context":{"text":"Not\u00edcias de Ribeir\u00e3o Preto-SP e Regi\u00e3o","link":"https:\/\/noticiasribeiraopreto.com.br\/index.php\/category\/noticias-de-ribeirao-preto-sp-e-regiao-ismael-colosi\/"},"img":{"alt_text":"","src":"https:\/\/i0.wp.com\/noticiasribeiraopreto.com.br\/wp-content\/uploads\/2024\/12\/WhatsApp-Image-2024-12-10-at-07.02.40_2024-12-10_10-08-11_jpeg_2024-12-10_10-08-11.webp.webp?fit=1200%2C553&ssl=1&resize=350%2C200","width":350,"height":200,"srcset":"https:\/\/i0.wp.com\/noticiasribeiraopreto.com.br\/wp-content\/uploads\/2024\/12\/WhatsApp-Image-2024-12-10-at-07.02.40_2024-12-10_10-08-11_jpeg_2024-12-10_10-08-11.webp.webp?fit=1200%2C553&ssl=1&resize=350%2C200 1x, https:\/\/i0.wp.com\/noticiasribeiraopreto.com.br\/wp-content\/uploads\/2024\/12\/WhatsApp-Image-2024-12-10-at-07.02.40_2024-12-10_10-08-11_jpeg_2024-12-10_10-08-11.webp.webp?fit=1200%2C553&ssl=1&resize=525%2C300 1.5x, https:\/\/i0.wp.com\/noticiasribeiraopreto.com.br\/wp-content\/uploads\/2024\/12\/WhatsApp-Image-2024-12-10-at-07.02.40_2024-12-10_10-08-11_jpeg_2024-12-10_10-08-11.webp.webp?fit=1200%2C553&ssl=1&resize=700%2C400 2x, https:\/\/i0.wp.com\/noticiasribeiraopreto.com.br\/wp-content\/uploads\/2024\/12\/WhatsApp-Image-2024-12-10-at-07.02.40_2024-12-10_10-08-11_jpeg_2024-12-10_10-08-11.webp.webp?fit=1200%2C553&ssl=1&resize=1050%2C600 3x"},"classes":[]},{"id":61008,"url":"https:\/\/noticiasribeiraopreto.com.br\/index.php\/2024\/12\/02\/tempo-instavel-e-alerta-de-temporais-veja-previsao-no-interior-de-sp\/","url_meta":{"origin":83365,"position":4},"title":"Tempo inst\u00e1vel e alerta de temporais; Veja previs\u00e3o no interior de SP","author":"noticiasribeiraopreto.com.br","date":"2 de December de 2024","format":false,"excerpt":"O interior de S\u00e3o Paulo tem previs\u00e3o de tempo inst\u00e1vel neste in\u00edcio de semana. Segundo a Climatempo, a regi\u00e3o de Ribeir\u00e3o Preto tem alerta para temporais nesta segunda-feira (2), com rajadas de vento entre 40 km\/h e 50 km\/h. A forma\u00e7\u00e3o das nuvens de chuva \u00e9 causada pelo transporte de\u2026","rel":"","context":"In &quot;Not\u00edcias de Ribeir\u00e3o Preto-SP e Regi\u00e3o&quot;","block_context":{"text":"Not\u00edcias de Ribeir\u00e3o Preto-SP e Regi\u00e3o","link":"https:\/\/noticiasribeiraopreto.com.br\/index.php\/category\/noticias-de-ribeirao-preto-sp-e-regiao-ismael-colosi\/"},"img":{"alt_text":"","src":"https:\/\/i0.wp.com\/noticiasribeiraopreto.com.br\/wp-content\/uploads\/2024\/10\/RIBEIRAO-PRETO_2024-07-29_16-25-16_jpg_2024-07-29_16-25-17.webp.webp?fit=1200%2C679&ssl=1&resize=350%2C200","width":350,"height":200,"srcset":"https:\/\/i0.wp.com\/noticiasribeiraopreto.com.br\/wp-content\/uploads\/2024\/10\/RIBEIRAO-PRETO_2024-07-29_16-25-16_jpg_2024-07-29_16-25-17.webp.webp?fit=1200%2C679&ssl=1&resize=350%2C200 1x, https:\/\/i0.wp.com\/noticiasribeiraopreto.com.br\/wp-content\/uploads\/2024\/10\/RIBEIRAO-PRETO_2024-07-29_16-25-16_jpg_2024-07-29_16-25-17.webp.webp?fit=1200%2C679&ssl=1&resize=525%2C300 1.5x, https:\/\/i0.wp.com\/noticiasribeiraopreto.com.br\/wp-content\/uploads\/2024\/10\/RIBEIRAO-PRETO_2024-07-29_16-25-16_jpg_2024-07-29_16-25-17.webp.webp?fit=1200%2C679&ssl=1&resize=700%2C400 2x, https:\/\/i0.wp.com\/noticiasribeiraopreto.com.br\/wp-content\/uploads\/2024\/10\/RIBEIRAO-PRETO_2024-07-29_16-25-16_jpg_2024-07-29_16-25-17.webp.webp?fit=1200%2C679&ssl=1&resize=1050%2C600 3x"},"classes":[]},{"id":80255,"url":"https:\/\/noticiasribeiraopreto.com.br\/index.php\/2025\/11\/18\/evento-na-regiao-de-ribeirao-preto-discute-empreendedorismo-e-lideranca\/","url_meta":{"origin":83365,"position":5},"title":"Evento na regi\u00e3o de Ribeir\u00e3o Preto discute empreendedorismo e lideran\u00e7a","author":"noticiasribeiraopreto.com.br","date":"18 de November de 2025","format":false,"excerpt":"O Complexo Rio Sol, localizado entre Rifaina, na regi\u00e3o de Ribeir\u00e3o Preto, e Sacramento-MG, recebe no pr\u00f3ximo dia 6 de dezembro de 2025 o evento A Trinca Real Estate, voltado ao empreendedorismo, lideran\u00e7a e performance, com Fl\u00e1vio Augusto, Joel Jota, Caio Carneiro e C\u00e9zar Haik. O evento deve reunir tr\u00eas\u2026","rel":"","context":"In &quot;Not\u00edcias de Ribeir\u00e3o Preto-SP e Regi\u00e3o&quot;","block_context":{"text":"Not\u00edcias de Ribeir\u00e3o Preto-SP e Regi\u00e3o","link":"https:\/\/noticiasribeiraopreto.com.br\/index.php\/category\/noticias-de-ribeirao-preto-sp-e-regiao-ismael-colosi\/"},"img":{"alt_text":"","src":"https:\/\/i0.wp.com\/noticiasribeiraopreto.com.br\/wp-content\/uploads\/2025\/11\/A-Trinca-Real-Estate_2025-11-18_18-26-22.webp.webp?fit=1200%2C800&ssl=1&resize=350%2C200","width":350,"height":200,"srcset":"https:\/\/i0.wp.com\/noticiasribeiraopreto.com.br\/wp-content\/uploads\/2025\/11\/A-Trinca-Real-Estate_2025-11-18_18-26-22.webp.webp?fit=1200%2C800&ssl=1&resize=350%2C200 1x, https:\/\/i0.wp.com\/noticiasribeiraopreto.com.br\/wp-content\/uploads\/2025\/11\/A-Trinca-Real-Estate_2025-11-18_18-26-22.webp.webp?fit=1200%2C800&ssl=1&resize=525%2C300 1.5x, https:\/\/i0.wp.com\/noticiasribeiraopreto.com.br\/wp-content\/uploads\/2025\/11\/A-Trinca-Real-Estate_2025-11-18_18-26-22.webp.webp?fit=1200%2C800&ssl=1&resize=700%2C400 2x, https:\/\/i0.wp.com\/noticiasribeiraopreto.com.br\/wp-content\/uploads\/2025\/11\/A-Trinca-Real-Estate_2025-11-18_18-26-22.webp.webp?fit=1200%2C800&ssl=1&resize=1050%2C600 3x"},"classes":[]}],"jetpack_sharing_enabled":true,"jetpack_shortlink":"https:\/\/wp.me\/peQAOb-lGB","_links":{"self":[{"href":"https:\/\/noticiasribeiraopreto.com.br\/index.php\/wp-json\/wp\/v2\/posts\/83365","targetHints":{"allow":["GET"]}}],"collection":[{"href":"https:\/\/noticiasribeiraopreto.com.br\/index.php\/wp-json\/wp\/v2\/posts"}],"about":[{"href":"https:\/\/noticiasribeiraopreto.com.br\/index.php\/wp-json\/wp\/v2\/types\/post"}],"author":[{"embeddable":true,"href":"https:\/\/noticiasribeiraopreto.com.br\/index.php\/wp-json\/wp\/v2\/users\/1"}],"replies":[{"embeddable":true,"href":"https:\/\/noticiasribeiraopreto.com.br\/index.php\/wp-json\/wp\/v2\/comments?post=83365"}],"version-history":[{"count":0,"href":"https:\/\/noticiasribeiraopreto.com.br\/index.php\/wp-json\/wp\/v2\/posts\/83365\/revisions"}],"wp:featuredmedia":[{"embeddable":true,"href":"https:\/\/noticiasribeiraopreto.com.br\/index.php\/wp-json\/wp\/v2\/media\/83366"}],"wp:attachment":[{"href":"https:\/\/noticiasribeiraopreto.com.br\/index.php\/wp-json\/wp\/v2\/media?parent=83365"}],"wp:term":[{"taxonomy":"category","embeddable":true,"href":"https:\/\/noticiasribeiraopreto.com.br\/index.php\/wp-json\/wp\/v2\/categories?post=83365"},{"taxonomy":"post_tag","embeddable":true,"href":"https:\/\/noticiasribeiraopreto.com.br\/index.php\/wp-json\/wp\/v2\/tags?post=83365"}],"curies":[{"name":"wp","href":"https:\/\/api.w.org\/{rel}","templated":true}]}}