{"id":83367,"date":"2026-03-17T11:03:52","date_gmt":"2026-03-17T14:03:52","guid":{"rendered":"https:\/\/noticiasribeiraopreto.com.br\/index.php\/2026\/03\/17\/avenida-nove-de-julho-recebe-festival-gratuito-com-musica-gastronomia-e-atividades-culturais-2\/"},"modified":"2026-03-17T11:03:52","modified_gmt":"2026-03-17T14:03:52","slug":"avenida-nove-de-julho-recebe-festival-gratuito-com-musica-gastronomia-e-atividades-culturais-2","status":"publish","type":"post","link":"https:\/\/noticiasribeiraopreto.com.br\/index.php\/2026\/03\/17\/avenida-nove-de-julho-recebe-festival-gratuito-com-musica-gastronomia-e-atividades-culturais-2\/","title":{"rendered":"Avenida Nove de Julho recebe festival gratuito com m\u00fasica, gastronomia e atividades culturais"},"content":{"rendered":"<div class='code-block code-block-1' style='margin: 8px 0 8px auto; text-align: right; display: block; clear: both;'>\n<p><a href=\"https:\/\/wa.link\/vpicfd\"><img data-recalc-dims=\"1\" class=\"wp-image-4922\" style=\"aspect-ratio: 2.0253164556962027; width: 561px; height: auto;\" src=\"https:\/\/i0.wp.com\/ismaelcolosi.com.br\/wp-content\/uploads\/2023\/11\/grupo-de-empregos-whatsapp-e-facebook-ismael-colosi-vagas.jpg?ssl=1\" alt=\"\" \/><\/a><\/p>\n<!-- \/wp:image -->\n<\/div>\n<p> <br \/>\n<\/p>\n<div id=\"dsoaudio\">\n            <button type=\"button\" title=\"Salvar mat\u00e9ria\" class=\"dso bookmark-injection bookmark-save\"><br \/>\n        <svg xmlns=\"http:\/\/www.w3.org\/2000\/svg\" width=\"20\" height=\"24\" viewbox=\"0 0 20 24\" fill=\"none\">\n            <path d=\"M1 23V1H19V23L10 15.6667L1 23Z\" stroke=\"black\" stroke-width=\"1.3\" stroke-linejoin=\"round\"\/>\n        <\/svg><br \/>\n    <\/button> <\/p>\n<p>A <strong>avenida Nove de Julho<\/strong> volta a ser <strong>ocupada <\/strong>neste final de semana para a realiza\u00e7\u00e3o da <strong>3\u00aa edi\u00e7\u00e3o Festival P\u00e9 na Rua<\/strong>, evento gratuito que re\u00fane m\u00fasica ao vivo, gastronomia, atividades culturais e experi\u00eancias para toda a fam\u00edlia.<\/p>\n<p><strong><mark style=\"background-color:#fcb900\" class=\"has-inline-color\">O festival acontece no domingo (22), das 12h \u00e0s 21h<\/mark><\/strong>, e busca transformar tr\u00eas quarteir\u00f5es da tradicional avenida em um grande espa\u00e7o de conviv\u00eancia e encontro, reunindo arte, cultura, lazer e empreendedorismo local.<\/p>\n<p>Segundo a organiza\u00e7\u00e3o, o p\u00fablico poder\u00e1 circular por um quarteir\u00e3o com cerca de 40 marcas autorais de arte, moda e design. <strong>Tamb\u00e9m haver\u00e1 um corredor gastron\u00f4mico com mais de 10 restaurantes.<\/strong><\/p>\n<p>A programa\u00e7\u00e3o musical ocorre ao longo da tarde e da noite, com artistas da cena local e apresenta\u00e7\u00f5es que v\u00e3o do samba \u00e0 m\u00fasica brasileira contempor\u00e2nea.<\/p>\n<figure class=\"wp-block-pullquote\">\n<blockquote>\n<p>Al\u00e9m dos shows, o festival tamb\u00e9m ter\u00e1 apresenta\u00e7\u00f5es de dan\u00e7a, oficinas criativas, atividades para crian\u00e7as, recrea\u00e7\u00e3o infantil, rodas de leitura, jogos de tabuleiro e a\u00e7\u00f5es voltadas ao p\u00fablico 50+, promovendo um ambiente diverso e acess\u00edvel para diferentes gera\u00e7\u00f5es<\/p>\n<p><cite>Produtora Coisa Boa<\/cite><\/p><\/blockquote>\n<\/figure>\n<figure class=\"wp-block-gallery has-nested-images columns-default is-cropped wp-block-gallery-1 is-layout-flex wp-block-gallery-is-layout-flex\">\n<figure class=\"wp-block-image size-large\"><img data-recalc-dims=\"1\" loading=\"lazy\" decoding=\"async\" width=\"1024\" height=\"684\" data-id=\"149057\" alt=\"Festival P\u00e9 na Rua acontece neste final de semana - Foto: Leonardo Gallo.\" class=\"wp-image-149057\" title=\"Avenida Nove de Julho recebe festival gratuito com m\u00fasica, gastronomia e atividades culturais 1\" srcset=\"https:\/\/www.acidadeon.com\/ribeiraopreto\/wp-content\/uploads\/sites\/3\/2026\/03\/WhatsApp-Image-2026-03-16-at-17.34.58_2026-03-16_20-48-59-1024x684.webp 1024w, https:\/\/www.acidadeon.com\/ribeiraopreto\/wp-content\/uploads\/sites\/3\/2026\/03\/WhatsApp-Image-2026-03-16-at-17.34.58_2026-03-16_20-48-59-300x200.webp 300w, https:\/\/www.acidadeon.com\/ribeiraopreto\/wp-content\/uploads\/sites\/3\/2026\/03\/WhatsApp-Image-2026-03-16-at-17.34.58_2026-03-16_20-48-59-768x513.webp 768w, https:\/\/www.acidadeon.com\/ribeiraopreto\/wp-content\/uploads\/sites\/3\/2026\/03\/WhatsApp-Image-2026-03-16-at-17.34.58_2026-03-16_20-48-59-696x465.webp 696w, https:\/\/www.acidadeon.com\/ribeiraopreto\/wp-content\/uploads\/sites\/3\/2026\/03\/WhatsApp-Image-2026-03-16-at-17.34.58_2026-03-16_20-48-59-1068x713.webp 1068w, https:\/\/www.acidadeon.com\/ribeiraopreto\/wp-content\/uploads\/sites\/3\/2026\/03\/WhatsApp-Image-2026-03-16-at-17.34.58_2026-03-16_20-48-59.webp 1200w\" data-lazy-sizes=\"(max-width: 1024px) 100vw, 1024px\" src=\"https:\/\/i0.wp.com\/cdn.media-acidadeon.com.br\/ribeiraopreto\/wp-content\/uploads\/sites\/3\/2026\/03\/WhatsApp-Image-2026-03-16-at-17.34.58_2026-03-16_20-48-59-1024x684.webp?resize=1024%2C684&#038;ssl=1\"\/><img data-recalc-dims=\"1\" loading=\"lazy\" decoding=\"async\" width=\"1024\" height=\"684\" data-id=\"149057\" src=\"https:\/\/i0.wp.com\/cdn.media-acidadeon.com.br\/ribeiraopreto\/wp-content\/uploads\/sites\/3\/2026\/03\/WhatsApp-Image-2026-03-16-at-17.34.58_2026-03-16_20-48-59-1024x684.webp?resize=1024%2C684&#038;ssl=1\" alt=\"Festival P\u00e9 na Rua acontece neste final de semana - Foto: Leonardo Gallo.\" class=\"wp-image-149057\" title=\"Avenida Nove de Julho recebe festival gratuito com m\u00fasica, gastronomia e atividades culturais 1\" srcset=\"https:\/\/www.acidadeon.com\/ribeiraopreto\/wp-content\/uploads\/sites\/3\/2026\/03\/WhatsApp-Image-2026-03-16-at-17.34.58_2026-03-16_20-48-59-1024x684.webp 1024w, https:\/\/www.acidadeon.com\/ribeiraopreto\/wp-content\/uploads\/sites\/3\/2026\/03\/WhatsApp-Image-2026-03-16-at-17.34.58_2026-03-16_20-48-59-300x200.webp 300w, https:\/\/www.acidadeon.com\/ribeiraopreto\/wp-content\/uploads\/sites\/3\/2026\/03\/WhatsApp-Image-2026-03-16-at-17.34.58_2026-03-16_20-48-59-768x513.webp 768w, https:\/\/www.acidadeon.com\/ribeiraopreto\/wp-content\/uploads\/sites\/3\/2026\/03\/WhatsApp-Image-2026-03-16-at-17.34.58_2026-03-16_20-48-59-696x465.webp 696w, https:\/\/www.acidadeon.com\/ribeiraopreto\/wp-content\/uploads\/sites\/3\/2026\/03\/WhatsApp-Image-2026-03-16-at-17.34.58_2026-03-16_20-48-59-1068x713.webp 1068w, https:\/\/www.acidadeon.com\/ribeiraopreto\/wp-content\/uploads\/sites\/3\/2026\/03\/WhatsApp-Image-2026-03-16-at-17.34.58_2026-03-16_20-48-59.webp 1200w\" sizes=\"auto, (max-width: 1024px) 100vw, 1024px\"\/><figcaption class=\"wp-element-caption\">Festival P\u00e9 na Rua acontece neste final de semana \u2013 Foto: Leonardo Gallo.<\/figcaption><\/figure>\n<figure class=\"wp-block-image size-large\"><img data-recalc-dims=\"1\" loading=\"lazy\" decoding=\"async\" width=\"1024\" height=\"684\" data-id=\"149058\" alt=\"Festival P\u00e9 na Rua acontece neste final de semana - Foto: Leonardo Gallo.\" class=\"wp-image-149058\" title=\"Avenida Nove de Julho recebe festival gratuito com m\u00fasica, gastronomia e atividades culturais 2\" srcset=\"https:\/\/www.acidadeon.com\/ribeiraopreto\/wp-content\/uploads\/sites\/3\/2026\/03\/WhatsApp-Image-2026-03-16-at-17.34.57-1_2026-03-16_20-49-07-1024x684.webp 1024w, https:\/\/www.acidadeon.com\/ribeiraopreto\/wp-content\/uploads\/sites\/3\/2026\/03\/WhatsApp-Image-2026-03-16-at-17.34.57-1_2026-03-16_20-49-07-300x200.webp 300w, https:\/\/www.acidadeon.com\/ribeiraopreto\/wp-content\/uploads\/sites\/3\/2026\/03\/WhatsApp-Image-2026-03-16-at-17.34.57-1_2026-03-16_20-49-07-768x513.webp 768w, https:\/\/www.acidadeon.com\/ribeiraopreto\/wp-content\/uploads\/sites\/3\/2026\/03\/WhatsApp-Image-2026-03-16-at-17.34.57-1_2026-03-16_20-49-07-696x465.webp 696w, https:\/\/www.acidadeon.com\/ribeiraopreto\/wp-content\/uploads\/sites\/3\/2026\/03\/WhatsApp-Image-2026-03-16-at-17.34.57-1_2026-03-16_20-49-07-1068x713.webp 1068w, https:\/\/www.acidadeon.com\/ribeiraopreto\/wp-content\/uploads\/sites\/3\/2026\/03\/WhatsApp-Image-2026-03-16-at-17.34.57-1_2026-03-16_20-49-07.webp 1200w\" data-lazy-sizes=\"(max-width: 1024px) 100vw, 1024px\" src=\"https:\/\/i0.wp.com\/cdn.media-acidadeon.com.br\/ribeiraopreto\/wp-content\/uploads\/sites\/3\/2026\/03\/WhatsApp-Image-2026-03-16-at-17.34.57-1_2026-03-16_20-49-07-1024x684.webp?resize=1024%2C684&#038;ssl=1\"\/><img data-recalc-dims=\"1\" loading=\"lazy\" decoding=\"async\" width=\"1024\" height=\"684\" data-id=\"149058\" src=\"https:\/\/i0.wp.com\/cdn.media-acidadeon.com.br\/ribeiraopreto\/wp-content\/uploads\/sites\/3\/2026\/03\/WhatsApp-Image-2026-03-16-at-17.34.57-1_2026-03-16_20-49-07-1024x684.webp?resize=1024%2C684&#038;ssl=1\" alt=\"Festival P\u00e9 na Rua acontece neste final de semana - Foto: Leonardo Gallo.\" class=\"wp-image-149058\" title=\"Avenida Nove de Julho recebe festival gratuito com m\u00fasica, gastronomia e atividades culturais 2\" srcset=\"https:\/\/www.acidadeon.com\/ribeiraopreto\/wp-content\/uploads\/sites\/3\/2026\/03\/WhatsApp-Image-2026-03-16-at-17.34.57-1_2026-03-16_20-49-07-1024x684.webp 1024w, https:\/\/www.acidadeon.com\/ribeiraopreto\/wp-content\/uploads\/sites\/3\/2026\/03\/WhatsApp-Image-2026-03-16-at-17.34.57-1_2026-03-16_20-49-07-300x200.webp 300w, https:\/\/www.acidadeon.com\/ribeiraopreto\/wp-content\/uploads\/sites\/3\/2026\/03\/WhatsApp-Image-2026-03-16-at-17.34.57-1_2026-03-16_20-49-07-768x513.webp 768w, https:\/\/www.acidadeon.com\/ribeiraopreto\/wp-content\/uploads\/sites\/3\/2026\/03\/WhatsApp-Image-2026-03-16-at-17.34.57-1_2026-03-16_20-49-07-696x465.webp 696w, https:\/\/www.acidadeon.com\/ribeiraopreto\/wp-content\/uploads\/sites\/3\/2026\/03\/WhatsApp-Image-2026-03-16-at-17.34.57-1_2026-03-16_20-49-07-1068x713.webp 1068w, https:\/\/www.acidadeon.com\/ribeiraopreto\/wp-content\/uploads\/sites\/3\/2026\/03\/WhatsApp-Image-2026-03-16-at-17.34.57-1_2026-03-16_20-49-07.webp 1200w\" sizes=\"auto, (max-width: 1024px) 100vw, 1024px\"\/><figcaption class=\"wp-element-caption\">Festival P\u00e9 na Rua acontece neste final de semana \u2013 Foto: Leonardo Gallo.<\/figcaption><\/figure>\n<figure class=\"wp-block-image size-large\"><img data-recalc-dims=\"1\" loading=\"lazy\" decoding=\"async\" width=\"1024\" height=\"684\" data-id=\"149060\" alt=\"Festival P\u00e9 na Rua acontece neste final de semana - Foto: Leonardo Gallo.\" class=\"wp-image-149060\" title=\"Avenida Nove de Julho recebe festival gratuito com m\u00fasica, gastronomia e atividades culturais 3\" srcset=\"https:\/\/www.acidadeon.com\/ribeiraopreto\/wp-content\/uploads\/sites\/3\/2026\/03\/WhatsApp-Image-2026-03-16-at-17.35.01_2026-03-16_20-49-12-1024x684.webp 1024w, https:\/\/www.acidadeon.com\/ribeiraopreto\/wp-content\/uploads\/sites\/3\/2026\/03\/WhatsApp-Image-2026-03-16-at-17.35.01_2026-03-16_20-49-12-300x200.webp 300w, https:\/\/www.acidadeon.com\/ribeiraopreto\/wp-content\/uploads\/sites\/3\/2026\/03\/WhatsApp-Image-2026-03-16-at-17.35.01_2026-03-16_20-49-12-768x513.webp 768w, https:\/\/www.acidadeon.com\/ribeiraopreto\/wp-content\/uploads\/sites\/3\/2026\/03\/WhatsApp-Image-2026-03-16-at-17.35.01_2026-03-16_20-49-12-696x465.webp 696w, https:\/\/www.acidadeon.com\/ribeiraopreto\/wp-content\/uploads\/sites\/3\/2026\/03\/WhatsApp-Image-2026-03-16-at-17.35.01_2026-03-16_20-49-12-1068x713.webp 1068w, https:\/\/www.acidadeon.com\/ribeiraopreto\/wp-content\/uploads\/sites\/3\/2026\/03\/WhatsApp-Image-2026-03-16-at-17.35.01_2026-03-16_20-49-12.webp 1200w\" data-lazy-sizes=\"(max-width: 1024px) 100vw, 1024px\" src=\"https:\/\/i0.wp.com\/cdn.media-acidadeon.com.br\/ribeiraopreto\/wp-content\/uploads\/sites\/3\/2026\/03\/WhatsApp-Image-2026-03-16-at-17.35.01_2026-03-16_20-49-12-1024x684.webp?resize=1024%2C684&#038;ssl=1\"\/><img data-recalc-dims=\"1\" loading=\"lazy\" decoding=\"async\" width=\"1024\" height=\"684\" data-id=\"149060\" src=\"https:\/\/i0.wp.com\/cdn.media-acidadeon.com.br\/ribeiraopreto\/wp-content\/uploads\/sites\/3\/2026\/03\/WhatsApp-Image-2026-03-16-at-17.35.01_2026-03-16_20-49-12-1024x684.webp?resize=1024%2C684&#038;ssl=1\" alt=\"Festival P\u00e9 na Rua acontece neste final de semana - Foto: Leonardo Gallo.\" class=\"wp-image-149060\" title=\"Avenida Nove de Julho recebe festival gratuito com m\u00fasica, gastronomia e atividades culturais 3\" srcset=\"https:\/\/www.acidadeon.com\/ribeiraopreto\/wp-content\/uploads\/sites\/3\/2026\/03\/WhatsApp-Image-2026-03-16-at-17.35.01_2026-03-16_20-49-12-1024x684.webp 1024w, https:\/\/www.acidadeon.com\/ribeiraopreto\/wp-content\/uploads\/sites\/3\/2026\/03\/WhatsApp-Image-2026-03-16-at-17.35.01_2026-03-16_20-49-12-300x200.webp 300w, https:\/\/www.acidadeon.com\/ribeiraopreto\/wp-content\/uploads\/sites\/3\/2026\/03\/WhatsApp-Image-2026-03-16-at-17.35.01_2026-03-16_20-49-12-768x513.webp 768w, https:\/\/www.acidadeon.com\/ribeiraopreto\/wp-content\/uploads\/sites\/3\/2026\/03\/WhatsApp-Image-2026-03-16-at-17.35.01_2026-03-16_20-49-12-696x465.webp 696w, https:\/\/www.acidadeon.com\/ribeiraopreto\/wp-content\/uploads\/sites\/3\/2026\/03\/WhatsApp-Image-2026-03-16-at-17.35.01_2026-03-16_20-49-12-1068x713.webp 1068w, https:\/\/www.acidadeon.com\/ribeiraopreto\/wp-content\/uploads\/sites\/3\/2026\/03\/WhatsApp-Image-2026-03-16-at-17.35.01_2026-03-16_20-49-12.webp 1200w\" sizes=\"auto, (max-width: 1024px) 100vw, 1024px\"\/><figcaption class=\"wp-element-caption\">Festival P\u00e9 na Rua acontece neste final de semana \u2013 Foto: Leonardo Gallo.<\/figcaption><\/figure>\n<figure class=\"wp-block-image size-large\"><img data-recalc-dims=\"1\" loading=\"lazy\" decoding=\"async\" width=\"1024\" height=\"684\" data-id=\"149062\" alt=\"Festival P\u00e9 na Rua acontece neste final de semana - Foto: Leonardo Gallo.\" class=\"wp-image-149062\" title=\"Avenida Nove de Julho recebe festival gratuito com m\u00fasica, gastronomia e atividades culturais 4\" srcset=\"https:\/\/www.acidadeon.com\/ribeiraopreto\/wp-content\/uploads\/sites\/3\/2026\/03\/WhatsApp-Image-2026-03-16-at-17.34.58-1_2026-03-16_20-49-17-1024x684.webp 1024w, https:\/\/www.acidadeon.com\/ribeiraopreto\/wp-content\/uploads\/sites\/3\/2026\/03\/WhatsApp-Image-2026-03-16-at-17.34.58-1_2026-03-16_20-49-17-300x200.webp 300w, https:\/\/www.acidadeon.com\/ribeiraopreto\/wp-content\/uploads\/sites\/3\/2026\/03\/WhatsApp-Image-2026-03-16-at-17.34.58-1_2026-03-16_20-49-17-768x513.webp 768w, https:\/\/www.acidadeon.com\/ribeiraopreto\/wp-content\/uploads\/sites\/3\/2026\/03\/WhatsApp-Image-2026-03-16-at-17.34.58-1_2026-03-16_20-49-17-696x465.webp 696w, https:\/\/www.acidadeon.com\/ribeiraopreto\/wp-content\/uploads\/sites\/3\/2026\/03\/WhatsApp-Image-2026-03-16-at-17.34.58-1_2026-03-16_20-49-17-1068x713.webp 1068w, https:\/\/www.acidadeon.com\/ribeiraopreto\/wp-content\/uploads\/sites\/3\/2026\/03\/WhatsApp-Image-2026-03-16-at-17.34.58-1_2026-03-16_20-49-17.webp 1200w\" data-lazy-sizes=\"(max-width: 1024px) 100vw, 1024px\" src=\"https:\/\/i0.wp.com\/cdn.media-acidadeon.com.br\/ribeiraopreto\/wp-content\/uploads\/sites\/3\/2026\/03\/WhatsApp-Image-2026-03-16-at-17.34.58-1_2026-03-16_20-49-17-1024x684.webp?resize=1024%2C684&#038;ssl=1\"\/><img data-recalc-dims=\"1\" loading=\"lazy\" decoding=\"async\" width=\"1024\" height=\"684\" data-id=\"149062\" src=\"https:\/\/i0.wp.com\/cdn.media-acidadeon.com.br\/ribeiraopreto\/wp-content\/uploads\/sites\/3\/2026\/03\/WhatsApp-Image-2026-03-16-at-17.34.58-1_2026-03-16_20-49-17-1024x684.webp?resize=1024%2C684&#038;ssl=1\" alt=\"Festival P\u00e9 na Rua acontece neste final de semana - Foto: Leonardo Gallo.\" class=\"wp-image-149062\" title=\"Avenida Nove de Julho recebe festival gratuito com m\u00fasica, gastronomia e atividades culturais 4\" srcset=\"https:\/\/www.acidadeon.com\/ribeiraopreto\/wp-content\/uploads\/sites\/3\/2026\/03\/WhatsApp-Image-2026-03-16-at-17.34.58-1_2026-03-16_20-49-17-1024x684.webp 1024w, https:\/\/www.acidadeon.com\/ribeiraopreto\/wp-content\/uploads\/sites\/3\/2026\/03\/WhatsApp-Image-2026-03-16-at-17.34.58-1_2026-03-16_20-49-17-300x200.webp 300w, https:\/\/www.acidadeon.com\/ribeiraopreto\/wp-content\/uploads\/sites\/3\/2026\/03\/WhatsApp-Image-2026-03-16-at-17.34.58-1_2026-03-16_20-49-17-768x513.webp 768w, https:\/\/www.acidadeon.com\/ribeiraopreto\/wp-content\/uploads\/sites\/3\/2026\/03\/WhatsApp-Image-2026-03-16-at-17.34.58-1_2026-03-16_20-49-17-696x465.webp 696w, https:\/\/www.acidadeon.com\/ribeiraopreto\/wp-content\/uploads\/sites\/3\/2026\/03\/WhatsApp-Image-2026-03-16-at-17.34.58-1_2026-03-16_20-49-17-1068x713.webp 1068w, https:\/\/www.acidadeon.com\/ribeiraopreto\/wp-content\/uploads\/sites\/3\/2026\/03\/WhatsApp-Image-2026-03-16-at-17.34.58-1_2026-03-16_20-49-17.webp 1200w\" sizes=\"auto, (max-width: 1024px) 100vw, 1024px\"\/><figcaption class=\"wp-element-caption\">Festival P\u00e9 na Rua acontece neste final de semana \u2013 Foto: Leonardo Gallo.<\/figcaption><\/figure>\n<figure class=\"wp-block-image size-large\"><img data-recalc-dims=\"1\" loading=\"lazy\" decoding=\"async\" width=\"1024\" height=\"684\" data-id=\"149059\" alt=\"Festival P\u00e9 na Rua acontece neste final de semana - Foto: Leonardo Gallo.\" class=\"wp-image-149059\" title=\"Avenida Nove de Julho recebe festival gratuito com m\u00fasica, gastronomia e atividades culturais 5\" srcset=\"https:\/\/www.acidadeon.com\/ribeiraopreto\/wp-content\/uploads\/sites\/3\/2026\/03\/WhatsApp-Image-2026-03-16-at-17.34.58-2_2026-03-16_20-49-10-1024x684.webp 1024w, https:\/\/www.acidadeon.com\/ribeiraopreto\/wp-content\/uploads\/sites\/3\/2026\/03\/WhatsApp-Image-2026-03-16-at-17.34.58-2_2026-03-16_20-49-10-300x200.webp 300w, https:\/\/www.acidadeon.com\/ribeiraopreto\/wp-content\/uploads\/sites\/3\/2026\/03\/WhatsApp-Image-2026-03-16-at-17.34.58-2_2026-03-16_20-49-10-768x513.webp 768w, https:\/\/www.acidadeon.com\/ribeiraopreto\/wp-content\/uploads\/sites\/3\/2026\/03\/WhatsApp-Image-2026-03-16-at-17.34.58-2_2026-03-16_20-49-10-696x465.webp 696w, https:\/\/www.acidadeon.com\/ribeiraopreto\/wp-content\/uploads\/sites\/3\/2026\/03\/WhatsApp-Image-2026-03-16-at-17.34.58-2_2026-03-16_20-49-10-1068x713.webp 1068w, https:\/\/www.acidadeon.com\/ribeiraopreto\/wp-content\/uploads\/sites\/3\/2026\/03\/WhatsApp-Image-2026-03-16-at-17.34.58-2_2026-03-16_20-49-10.webp 1200w\" data-lazy-sizes=\"(max-width: 1024px) 100vw, 1024px\" src=\"https:\/\/i0.wp.com\/cdn.media-acidadeon.com.br\/ribeiraopreto\/wp-content\/uploads\/sites\/3\/2026\/03\/WhatsApp-Image-2026-03-16-at-17.34.58-2_2026-03-16_20-49-10-1024x684.webp?resize=1024%2C684&#038;ssl=1\"\/><img data-recalc-dims=\"1\" loading=\"lazy\" decoding=\"async\" width=\"1024\" height=\"684\" data-id=\"149059\" src=\"https:\/\/i0.wp.com\/cdn.media-acidadeon.com.br\/ribeiraopreto\/wp-content\/uploads\/sites\/3\/2026\/03\/WhatsApp-Image-2026-03-16-at-17.34.58-2_2026-03-16_20-49-10-1024x684.webp?resize=1024%2C684&#038;ssl=1\" alt=\"Festival P\u00e9 na Rua acontece neste final de semana - Foto: Leonardo Gallo.\" class=\"wp-image-149059\" title=\"Avenida Nove de Julho recebe festival gratuito com m\u00fasica, gastronomia e atividades culturais 5\" srcset=\"https:\/\/www.acidadeon.com\/ribeiraopreto\/wp-content\/uploads\/sites\/3\/2026\/03\/WhatsApp-Image-2026-03-16-at-17.34.58-2_2026-03-16_20-49-10-1024x684.webp 1024w, https:\/\/www.acidadeon.com\/ribeiraopreto\/wp-content\/uploads\/sites\/3\/2026\/03\/WhatsApp-Image-2026-03-16-at-17.34.58-2_2026-03-16_20-49-10-300x200.webp 300w, https:\/\/www.acidadeon.com\/ribeiraopreto\/wp-content\/uploads\/sites\/3\/2026\/03\/WhatsApp-Image-2026-03-16-at-17.34.58-2_2026-03-16_20-49-10-768x513.webp 768w, https:\/\/www.acidadeon.com\/ribeiraopreto\/wp-content\/uploads\/sites\/3\/2026\/03\/WhatsApp-Image-2026-03-16-at-17.34.58-2_2026-03-16_20-49-10-696x465.webp 696w, https:\/\/www.acidadeon.com\/ribeiraopreto\/wp-content\/uploads\/sites\/3\/2026\/03\/WhatsApp-Image-2026-03-16-at-17.34.58-2_2026-03-16_20-49-10-1068x713.webp 1068w, https:\/\/www.acidadeon.com\/ribeiraopreto\/wp-content\/uploads\/sites\/3\/2026\/03\/WhatsApp-Image-2026-03-16-at-17.34.58-2_2026-03-16_20-49-10.webp 1200w\" sizes=\"auto, (max-width: 1024px) 100vw, 1024px\"\/><figcaption class=\"wp-element-caption\">Festival P\u00e9 na Rua acontece neste final de semana \u2013 Foto: Leonardo Gallo.<\/figcaption><\/figure>\n<figure class=\"wp-block-image size-large\"><img data-recalc-dims=\"1\" loading=\"lazy\" decoding=\"async\" width=\"1024\" height=\"684\" data-id=\"149061\" alt=\"Festival P\u00e9 na Rua acontece neste final de semana - Foto: Leonardo Gallo.\" class=\"wp-image-149061\" title=\"Avenida Nove de Julho recebe festival gratuito com m\u00fasica, gastronomia e atividades culturais 6\" srcset=\"https:\/\/www.acidadeon.com\/ribeiraopreto\/wp-content\/uploads\/sites\/3\/2026\/03\/WhatsApp-Image-2026-03-16-at-17.34.59_2026-03-16_20-49-15-1024x684.webp 1024w, https:\/\/www.acidadeon.com\/ribeiraopreto\/wp-content\/uploads\/sites\/3\/2026\/03\/WhatsApp-Image-2026-03-16-at-17.34.59_2026-03-16_20-49-15-300x200.webp 300w, https:\/\/www.acidadeon.com\/ribeiraopreto\/wp-content\/uploads\/sites\/3\/2026\/03\/WhatsApp-Image-2026-03-16-at-17.34.59_2026-03-16_20-49-15-768x513.webp 768w, https:\/\/www.acidadeon.com\/ribeiraopreto\/wp-content\/uploads\/sites\/3\/2026\/03\/WhatsApp-Image-2026-03-16-at-17.34.59_2026-03-16_20-49-15-696x465.webp 696w, https:\/\/www.acidadeon.com\/ribeiraopreto\/wp-content\/uploads\/sites\/3\/2026\/03\/WhatsApp-Image-2026-03-16-at-17.34.59_2026-03-16_20-49-15-1068x713.webp 1068w, https:\/\/www.acidadeon.com\/ribeiraopreto\/wp-content\/uploads\/sites\/3\/2026\/03\/WhatsApp-Image-2026-03-16-at-17.34.59_2026-03-16_20-49-15.webp 1200w\" data-lazy-sizes=\"(max-width: 1024px) 100vw, 1024px\" src=\"https:\/\/i0.wp.com\/cdn.media-acidadeon.com.br\/ribeiraopreto\/wp-content\/uploads\/sites\/3\/2026\/03\/WhatsApp-Image-2026-03-16-at-17.34.59_2026-03-16_20-49-15-1024x684.webp?resize=1024%2C684&#038;ssl=1\"\/><img data-recalc-dims=\"1\" loading=\"lazy\" decoding=\"async\" width=\"1024\" height=\"684\" data-id=\"149061\" src=\"https:\/\/i0.wp.com\/cdn.media-acidadeon.com.br\/ribeiraopreto\/wp-content\/uploads\/sites\/3\/2026\/03\/WhatsApp-Image-2026-03-16-at-17.34.59_2026-03-16_20-49-15-1024x684.webp?resize=1024%2C684&#038;ssl=1\" alt=\"Festival P\u00e9 na Rua acontece neste final de semana - Foto: Leonardo Gallo.\" class=\"wp-image-149061\" title=\"Avenida Nove de Julho recebe festival gratuito com m\u00fasica, gastronomia e atividades culturais 6\" srcset=\"https:\/\/www.acidadeon.com\/ribeiraopreto\/wp-content\/uploads\/sites\/3\/2026\/03\/WhatsApp-Image-2026-03-16-at-17.34.59_2026-03-16_20-49-15-1024x684.webp 1024w, https:\/\/www.acidadeon.com\/ribeiraopreto\/wp-content\/uploads\/sites\/3\/2026\/03\/WhatsApp-Image-2026-03-16-at-17.34.59_2026-03-16_20-49-15-300x200.webp 300w, https:\/\/www.acidadeon.com\/ribeiraopreto\/wp-content\/uploads\/sites\/3\/2026\/03\/WhatsApp-Image-2026-03-16-at-17.34.59_2026-03-16_20-49-15-768x513.webp 768w, https:\/\/www.acidadeon.com\/ribeiraopreto\/wp-content\/uploads\/sites\/3\/2026\/03\/WhatsApp-Image-2026-03-16-at-17.34.59_2026-03-16_20-49-15-696x465.webp 696w, https:\/\/www.acidadeon.com\/ribeiraopreto\/wp-content\/uploads\/sites\/3\/2026\/03\/WhatsApp-Image-2026-03-16-at-17.34.59_2026-03-16_20-49-15-1068x713.webp 1068w, https:\/\/www.acidadeon.com\/ribeiraopreto\/wp-content\/uploads\/sites\/3\/2026\/03\/WhatsApp-Image-2026-03-16-at-17.34.59_2026-03-16_20-49-15.webp 1200w\" sizes=\"auto, (max-width: 1024px) 100vw, 1024px\"\/><figcaption class=\"wp-element-caption\">Festival P\u00e9 na Rua acontece neste final de semana \u2013 Foto: Leonardo Gallo.<\/figcaption><\/figure>\n<\/figure>\n<h2 class=\"wp-block-heading\"><strong>Confira a programa\u00e7\u00e3o do Festival P\u00e9 na Rua<\/strong><\/h2>\n<ul class=\"wp-block-list\">\n<li>12h \u00e0s 12h30 \u2013 Apresenta\u00e7\u00e3o de dan\u00e7a \u2013 Projeto Respirarte<\/li>\n<li>12h40 \u00e0s 13h \u2013 Apresenta\u00e7\u00e3o de dan\u00e7a do ventre \u2013 Emiliany<\/li>\n<li>13h \u00e0s 15h \u2013 Show musical \u2013 DJ Mamma Joy<\/li>\n<li>14h \u00e0s 17h \u2013 Conta\u00e7\u00e3o de hist\u00f3rias e pintura facial \u2013 Hipop\u00f3 e Rafa Rezende<\/li>\n<li>14h \u00e0s 17h \u2013 Atividades criativas \u2013 Entrelinhas (oficina de bordado)<\/li>\n<li>14h \u00e0s 21h \u2013 Espa\u00e7o infantil \u2013 Mega Joy (brinquedos infl\u00e1veis)<\/li>\n<li>14h30 \u00e0s 16h30 \u2013 Oficina criativa infantil de P\u00e1scoa \u2013 BrincArte<\/li>\n<li>15h \u00e0s 17h \u2013 Pintura de ovos de P\u00e1scoa em MDF \u2013 atividade infantil<\/li>\n<li>15h \u00e0s 16h30 \u2013 Show musical \u2013 Magutta<\/li>\n<li>15h30 \u00e0s 19h \u2013 Recrea\u00e7\u00e3o infantil \u2013 Tio Cabelinho<\/li>\n<li>16h \u00e0s 16h30 \u2013 Atividade corporal \u2013 Mat Pilates 50+ com Cl\u00ednica Qualidade<\/li>\n<li>16h \u00e0s 17h30 \u2013 Oficina de ilustra\u00e7\u00e3o para marcadores de p\u00e1gina \u2013 Cazu\u00e1<\/li>\n<li>16h \u00e0s 21h \u2013 Espa\u00e7o de jogos \u2013 Tabul\u00e1rio (jogos de tabuleiro)<\/li>\n<li>16h30 \u00e0s 18h30 \u2013 Show musical \u2013 Samba da Nega com Fernanda Marx<\/li>\n<li>17h \u00e0s 19h \u2013 Roda de leitura e conversa \u2013 Lud, da Livraria Levante<\/li>\n<li>17h30 \u00e0s 21h \u2013 Show musical \u2013 Radinho de Pilha<\/li>\n<\/ul>\n<h2 class=\"wp-block-heading\"><strong>Servi\u00e7o<\/strong><\/h2>\n<p><em>Festival P\u00e9 na Rua \u2013 3\u00aa edi\u00e7\u00e3o<\/em><\/p>\n<p>Quando: 22 de mar\u00e7o<\/p>\n<p>Hor\u00e1rio: 12h \u00e0s 21h<\/p>\n<p>Local: avenida Nove de Julho, entre as ruas \u00c1lvares Cabral e Bar\u00e3o do Amazonas<\/p>\n<p>Entrada gratuita<\/p>\n<p>Realiza\u00e7\u00e3o: Produtora Coisa Boa | Patroc\u00ednio: Cervejaria Walfanger e Cory<\/p>\n<hr class=\"wp-block-separator has-alpha-channel-opacity\"\/>\n<p>SAIBA MAIS<\/p>\n<p>Comida di Buteco: Conhe\u00e7a os 32 bares participantes em Ribeir\u00e3o Preto<\/p>\n<h4 class=\"wp-block-heading\"><strong>FIQUE ON<\/strong><\/h4>\n<p>Fique ligado em tudo que acontece em Ribeir\u00e3o Preto e regi\u00e3o. Siga os perfis do\u00a0<strong>acidade on<\/strong>\u00a0no<a href=\"https:\/\/www.instagram.com\/acidadeonribeirao\" target=\"_blank\" rel=\"noreferrer noopener\">\u00a0Instagram<\/a>\u00a0e no\u00a0<a href=\"https:\/\/www.facebook.com\/acidadeonribeirao\/\" target=\"_blank\" rel=\"noreferrer noopener\">Facebook<\/a>.<\/p>\n<p>Receba not\u00edcias do<strong>\u00a0acidade on<\/strong>\u00a0no WhatsApp. Para entrar no grupo,\u00a0basta\u00a0<a href=\"https:\/\/chat.whatsapp.com\/GFH9HUMUTHNFJdnyEd0xxq\" target=\"_blank\" rel=\"noreferrer noopener\">clicar aqui<\/a>. Ou, acesse o nosso\u00a0Canal<a href=\"https:\/\/whatsapp.com\/channel\/0029Vb6IQl1JENyAeS57fk2p\" target=\"_blank\" rel=\"noreferrer noopener\">\u00a0clicando aqui<\/a>.<\/p>\n<p>Fa\u00e7a uma den\u00fancia ou sugira uma reportagem sobre Ribeir\u00e3o Preto e regi\u00e3o pelo WhatsApp: 16 99117 7802.<\/p>\n<p>VEJA TAMB\u00c9M<\/p>\n<p>Salgados de festa: 4 receitas pr\u00e1ticas para fazer em casa<\/p>\n<p><input type=\"hidden\" name=\"postID\" id=\"postID\" value=\"149054\"\/><br \/>\n            <input type=\"hidden\" name=\"postType\" id=\"postType\" value=\"post\"\/><br \/>\n<!-- AI CONTENT END 1 -->\n        <\/div>\n<p><script async src=\"\/\/www.instagram.com\/embed.js\"><\/script><br \/>\n<br \/><br \/>\n<br \/><a href=\"https:\/\/www.acidadeon.com\/ribeiraopreto\/lazer-e-cultura\/avenida-nove-de-julho-recebe-festival-gratuito-com-musica-gastronomia-e-atividades-culturais\/\">Source link <\/a><\/p>\n<!-- CONTENT END 1 -->\n","protected":false},"excerpt":{"rendered":"<p>A avenida Nove de Julho volta a ser ocupada neste final de semana para a realiza\u00e7\u00e3o da 3\u00aa edi\u00e7\u00e3o Festival P\u00e9 na Rua, evento gratuito&#8230;<\/p>\n","protected":false},"author":1,"featured_media":0,"comment_status":"open","ping_status":"open","sticky":false,"template":"","format":"standard","meta":{"advanced_seo_description":"","jetpack_seo_html_title":"","jetpack_seo_noindex":false,"jetpack_post_was_ever_published":false,"_jetpack_newsletter_access":"","_jetpack_dont_email_post_to_subs":false,"_jetpack_newsletter_tier_id":0,"_jetpack_memberships_contains_paywalled_content":false,"_jetpack_memberships_contains_paid_content":false,"footnotes":"","jetpack_publicize_message":"","jetpack_publicize_feature_enabled":true,"jetpack_social_post_already_shared":true,"jetpack_social_options":{"image_generator_settings":{"template":"highway","default_image_id":0,"font":"","enabled":false},"version":2}},"categories":[11],"tags":[],"class_list":["post-83367","post","type-post","status-publish","format-standard","hentry","category-noticias-de-ribeirao-preto-sp-e-regiao-ismael-colosi"],"jetpack_publicize_connections":[],"jetpack_featured_media_url":"","jetpack-related-posts":[{"id":83335,"url":"https:\/\/noticiasribeiraopreto.com.br\/index.php\/2026\/03\/16\/avenida-nove-de-julho-recebe-festival-gratuito-com-musica-gastronomia-e-atividades-culturais\/","url_meta":{"origin":83367,"position":0},"title":"Avenida Nove de Julho recebe festival gratuito com m\u00fasica, gastronomia e atividades culturais","author":"noticiasribeiraopreto.com.br","date":"16 de March de 2026","format":false,"excerpt":"A avenida Nove de Julho volta a ser ocupada neste final de semana para a realiza\u00e7\u00e3o da 3\u00aa edi\u00e7\u00e3o Festival P\u00e9 na Rua, evento gratuito que re\u00fane m\u00fasica ao vivo, gastronomia, atividades culturais e experi\u00eancias para toda a fam\u00edlia. O festival acontece no domingo (22), das 12h \u00e0s 21h, e\u2026","rel":"","context":"In &quot;Not\u00edcias de Ribeir\u00e3o Preto-SP e Regi\u00e3o&quot;","block_context":{"text":"Not\u00edcias de Ribeir\u00e3o Preto-SP e Regi\u00e3o","link":"https:\/\/noticiasribeiraopreto.com.br\/index.php\/category\/noticias-de-ribeirao-preto-sp-e-regiao-ismael-colosi\/"},"img":{"alt_text":"","src":"https:\/\/i0.wp.com\/noticiasribeiraopreto.com.br\/wp-content\/uploads\/2026\/03\/WhatsApp-Image-2026-03-16-at-17.34.58_2026-03-16_20-48-59-1024x684.webp.webp?fit=1024%2C684&ssl=1&resize=350%2C200","width":350,"height":200,"srcset":"https:\/\/i0.wp.com\/noticiasribeiraopreto.com.br\/wp-content\/uploads\/2026\/03\/WhatsApp-Image-2026-03-16-at-17.34.58_2026-03-16_20-48-59-1024x684.webp.webp?fit=1024%2C684&ssl=1&resize=350%2C200 1x, https:\/\/i0.wp.com\/noticiasribeiraopreto.com.br\/wp-content\/uploads\/2026\/03\/WhatsApp-Image-2026-03-16-at-17.34.58_2026-03-16_20-48-59-1024x684.webp.webp?fit=1024%2C684&ssl=1&resize=525%2C300 1.5x, https:\/\/i0.wp.com\/noticiasribeiraopreto.com.br\/wp-content\/uploads\/2026\/03\/WhatsApp-Image-2026-03-16-at-17.34.58_2026-03-16_20-48-59-1024x684.webp.webp?fit=1024%2C684&ssl=1&resize=700%2C400 2x"},"classes":[]},{"id":83268,"url":"https:\/\/noticiasribeiraopreto.com.br\/index.php\/2026\/03\/14\/avenida-nove-de-julho-recebe-evento-gratuito-com-musica-gastronomia-e-artesanato\/","url_meta":{"origin":83367,"position":1},"title":"Avenida Nove de Julho recebe evento gratuito com m\u00fasica, gastronomia e artesanato","author":"noticiasribeiraopreto.com.br","date":"14 de March de 2026","format":false,"excerpt":"A avenida Nove de Julho, em Ribeir\u00e3o Preto, recebe neste domingo (15), das 15h \u00e0s 19h, a 6\u00aa edi\u00e7\u00e3o do Viva a Nove. O evento gratuito re\u00fane atividades culturais, esportivas e gastron\u00f4micas ao longo da via. A programa\u00e7\u00e3o prev\u00ea apresenta\u00e7\u00f5es musicais, oficinas, brincadeiras, incentivo \u00e0 leitura, feira de artesanato, a\u00e7\u00f5es\u2026","rel":"","context":"In &quot;Not\u00edcias de Ribeir\u00e3o Preto-SP e Regi\u00e3o&quot;","block_context":{"text":"Not\u00edcias de Ribeir\u00e3o Preto-SP e Regi\u00e3o","link":"https:\/\/noticiasribeiraopreto.com.br\/index.php\/category\/noticias-de-ribeirao-preto-sp-e-regiao-ismael-colosi\/"},"img":{"alt_text":"","src":"https:\/\/i0.wp.com\/noticiasribeiraopreto.com.br\/wp-content\/uploads\/2025\/11\/encontro-de-brechos_2025-11-15_17-57-25.webp.webp?fit=1200%2C889&ssl=1&resize=350%2C200","width":350,"height":200,"srcset":"https:\/\/i0.wp.com\/noticiasribeiraopreto.com.br\/wp-content\/uploads\/2025\/11\/encontro-de-brechos_2025-11-15_17-57-25.webp.webp?fit=1200%2C889&ssl=1&resize=350%2C200 1x, https:\/\/i0.wp.com\/noticiasribeiraopreto.com.br\/wp-content\/uploads\/2025\/11\/encontro-de-brechos_2025-11-15_17-57-25.webp.webp?fit=1200%2C889&ssl=1&resize=525%2C300 1.5x, https:\/\/i0.wp.com\/noticiasribeiraopreto.com.br\/wp-content\/uploads\/2025\/11\/encontro-de-brechos_2025-11-15_17-57-25.webp.webp?fit=1200%2C889&ssl=1&resize=700%2C400 2x, https:\/\/i0.wp.com\/noticiasribeiraopreto.com.br\/wp-content\/uploads\/2025\/11\/encontro-de-brechos_2025-11-15_17-57-25.webp.webp?fit=1200%2C889&ssl=1&resize=1050%2C600 3x"},"classes":[]},{"id":77283,"url":"https:\/\/noticiasribeiraopreto.com.br\/index.php\/2025\/09\/15\/avenida-nove-de-julho-recebe-programacao-cultural-e-gastronomica-no-final-de-semana\/","url_meta":{"origin":83367,"position":2},"title":"Avenida Nove de Julho recebe programa\u00e7\u00e3o cultural e gastron\u00f4mica no final de semana","author":"noticiasribeiraopreto.com.br","date":"15 de September de 2025","format":false,"excerpt":"Ribeir\u00e3o Preto recebe neste domingo (21), a partir das 12h, a primeira edi\u00e7\u00e3o do \u2018Festival P\u00e9 na Rua\u2019, iniciativa que pretende reocupar a avenida Nove de Julho, um dos endere\u00e7os mais tradicionais da cidade. O evento, gratuito e aberto ao p\u00fablico, prop\u00f5e a revitaliza\u00e7\u00e3o da avenida (que j\u00e1 foi palco\u2026","rel":"","context":"In &quot;Not\u00edcias de Ribeir\u00e3o Preto-SP e Regi\u00e3o&quot;","block_context":{"text":"Not\u00edcias de Ribeir\u00e3o Preto-SP e Regi\u00e3o","link":"https:\/\/noticiasribeiraopreto.com.br\/index.php\/category\/noticias-de-ribeirao-preto-sp-e-regiao-ismael-colosi\/"},"img":{"alt_text":"","src":"https:\/\/i0.wp.com\/noticiasribeiraopreto.com.br\/wp-content\/uploads\/2025\/07\/avenida-nove-de-julho_2025-07-18_19-28-18.webp.webp?fit=1200%2C800&ssl=1&resize=350%2C200","width":350,"height":200,"srcset":"https:\/\/i0.wp.com\/noticiasribeiraopreto.com.br\/wp-content\/uploads\/2025\/07\/avenida-nove-de-julho_2025-07-18_19-28-18.webp.webp?fit=1200%2C800&ssl=1&resize=350%2C200 1x, https:\/\/i0.wp.com\/noticiasribeiraopreto.com.br\/wp-content\/uploads\/2025\/07\/avenida-nove-de-julho_2025-07-18_19-28-18.webp.webp?fit=1200%2C800&ssl=1&resize=525%2C300 1.5x, https:\/\/i0.wp.com\/noticiasribeiraopreto.com.br\/wp-content\/uploads\/2025\/07\/avenida-nove-de-julho_2025-07-18_19-28-18.webp.webp?fit=1200%2C800&ssl=1&resize=700%2C400 2x, https:\/\/i0.wp.com\/noticiasribeiraopreto.com.br\/wp-content\/uploads\/2025\/07\/avenida-nove-de-julho_2025-07-18_19-28-18.webp.webp?fit=1200%2C800&ssl=1&resize=1050%2C600 3x"},"classes":[]},{"id":77388,"url":"https:\/\/noticiasribeiraopreto.com.br\/index.php\/2025\/09\/17\/festival-pe-na-rua-veja-programacao-do-evento-que-reune-cultura-e-gastronomia-na-avenida-nove-de-julho\/","url_meta":{"origin":83367,"position":3},"title":"&#8216;Festival P\u00e9 na Rua&#8217;: Veja programa\u00e7\u00e3o do evento que re\u00fane cultura e gastronomia na avenida Nove de Julho","author":"noticiasribeiraopreto.com.br","date":"17 de September de 2025","format":false,"excerpt":"A primeira edi\u00e7\u00e3o do \u2018Festival P\u00e9 na Rua\u2019, acontece neste domingo (21), a partir das 12h30, na avenida Nove de Julho, regi\u00e3o Central de Ribeir\u00e3o Preto. O evento \u00e9 gratuito e prop\u00f5e a revitaliza\u00e7\u00e3o da avenida, que j\u00e1 foi palco de desfiles, festas e grandes encontros, por meio da cultura,\u2026","rel":"","context":"In &quot;Not\u00edcias de Ribeir\u00e3o Preto-SP e Regi\u00e3o&quot;","block_context":{"text":"Not\u00edcias de Ribeir\u00e3o Preto-SP e Regi\u00e3o","link":"https:\/\/noticiasribeiraopreto.com.br\/index.php\/category\/noticias-de-ribeirao-preto-sp-e-regiao-ismael-colosi\/"},"img":{"alt_text":"","src":"https:\/\/i0.wp.com\/noticiasribeiraopreto.com.br\/wp-content\/uploads\/2025\/09\/Copia-de-Copia-de-Copia-de-TAMANHO-EXATO-PARA-FOTOS-NO-SISTEMA-NOVO-2025-09-17T143528.984_2025-09-17_17-35-58.webp.webp?fit=1200%2C675&ssl=1&resize=350%2C200","width":350,"height":200,"srcset":"https:\/\/i0.wp.com\/noticiasribeiraopreto.com.br\/wp-content\/uploads\/2025\/09\/Copia-de-Copia-de-Copia-de-TAMANHO-EXATO-PARA-FOTOS-NO-SISTEMA-NOVO-2025-09-17T143528.984_2025-09-17_17-35-58.webp.webp?fit=1200%2C675&ssl=1&resize=350%2C200 1x, https:\/\/i0.wp.com\/noticiasribeiraopreto.com.br\/wp-content\/uploads\/2025\/09\/Copia-de-Copia-de-Copia-de-TAMANHO-EXATO-PARA-FOTOS-NO-SISTEMA-NOVO-2025-09-17T143528.984_2025-09-17_17-35-58.webp.webp?fit=1200%2C675&ssl=1&resize=525%2C300 1.5x, https:\/\/i0.wp.com\/noticiasribeiraopreto.com.br\/wp-content\/uploads\/2025\/09\/Copia-de-Copia-de-Copia-de-TAMANHO-EXATO-PARA-FOTOS-NO-SISTEMA-NOVO-2025-09-17T143528.984_2025-09-17_17-35-58.webp.webp?fit=1200%2C675&ssl=1&resize=700%2C400 2x, https:\/\/i0.wp.com\/noticiasribeiraopreto.com.br\/wp-content\/uploads\/2025\/09\/Copia-de-Copia-de-Copia-de-TAMANHO-EXATO-PARA-FOTOS-NO-SISTEMA-NOVO-2025-09-17T143528.984_2025-09-17_17-35-58.webp.webp?fit=1200%2C675&ssl=1&resize=1050%2C600 3x"},"classes":[]},{"id":80618,"url":"https:\/\/noticiasribeiraopreto.com.br\/index.php\/2025\/12\/08\/papai-noel-oficinas-e-musica-veja-programacao-de-festival-na-avenida-nove-de-julho\/","url_meta":{"origin":83367,"position":4},"title":"Papai Noel, oficinas e m\u00fasica: Veja programa\u00e7\u00e3o de festival na avenida Nove de Julho","author":"noticiasribeiraopreto.com.br","date":"8 de December de 2025","format":false,"excerpt":"Acontece neste domingo (7), a segunda edi\u00e7\u00e3o do \u2018Festival P\u00e9 na Rua\u2018, a partir das 12h, na avenida Nove de Julho, regi\u00e3o Central de Ribeir\u00e3o Preto. Com entrada gratuita, o evento re\u00fane gastronomia, feira criativa, apresenta\u00e7\u00f5es art\u00edsticas e atividades para todas as idades ao longo do dia \u2013 veja a\u2026","rel":"","context":"In &quot;Not\u00edcias de Ribeir\u00e3o Preto-SP e Regi\u00e3o&quot;","block_context":{"text":"Not\u00edcias de Ribeir\u00e3o Preto-SP e Regi\u00e3o","link":"https:\/\/noticiasribeiraopreto.com.br\/index.php\/category\/noticias-de-ribeirao-preto-sp-e-regiao-ismael-colosi\/"},"img":{"alt_text":"","src":"https:\/\/i0.wp.com\/noticiasribeiraopreto.com.br\/wp-content\/uploads\/2025\/12\/Copia-de-Copia-de-Copia-de-TAMANHO-EXATO-PARA-FOTOS-NO-SISTEMA-NOVO-2025-11-27T115056.145_2025-11-27_14-52-08.webp.webp?fit=1200%2C675&ssl=1&resize=350%2C200","width":350,"height":200,"srcset":"https:\/\/i0.wp.com\/noticiasribeiraopreto.com.br\/wp-content\/uploads\/2025\/12\/Copia-de-Copia-de-Copia-de-TAMANHO-EXATO-PARA-FOTOS-NO-SISTEMA-NOVO-2025-11-27T115056.145_2025-11-27_14-52-08.webp.webp?fit=1200%2C675&ssl=1&resize=350%2C200 1x, https:\/\/i0.wp.com\/noticiasribeiraopreto.com.br\/wp-content\/uploads\/2025\/12\/Copia-de-Copia-de-Copia-de-TAMANHO-EXATO-PARA-FOTOS-NO-SISTEMA-NOVO-2025-11-27T115056.145_2025-11-27_14-52-08.webp.webp?fit=1200%2C675&ssl=1&resize=525%2C300 1.5x, https:\/\/i0.wp.com\/noticiasribeiraopreto.com.br\/wp-content\/uploads\/2025\/12\/Copia-de-Copia-de-Copia-de-TAMANHO-EXATO-PARA-FOTOS-NO-SISTEMA-NOVO-2025-11-27T115056.145_2025-11-27_14-52-08.webp.webp?fit=1200%2C675&ssl=1&resize=700%2C400 2x, https:\/\/i0.wp.com\/noticiasribeiraopreto.com.br\/wp-content\/uploads\/2025\/12\/Copia-de-Copia-de-Copia-de-TAMANHO-EXATO-PARA-FOTOS-NO-SISTEMA-NOVO-2025-11-27T115056.145_2025-11-27_14-52-08.webp.webp?fit=1200%2C675&ssl=1&resize=1050%2C600 3x"},"classes":[]},{"id":77557,"url":"https:\/\/noticiasribeiraopreto.com.br\/index.php\/2025\/09\/21\/avenida-nove-de-julho-recebe-evento-com-cultura-e-gastronomia-neste-domingo\/","url_meta":{"origin":83367,"position":5},"title":"Avenida Nove de Julho recebe evento com cultura e gastronomia neste domingo","author":"noticiasribeiraopreto.com.br","date":"21 de September de 2025","format":false,"excerpt":"A avenida Nove de Julho recebe neste domingo (21) a primeira edi\u00e7\u00e3o do \u2018Festival P\u00e9 na Rua\u2019, a partir das 12h30, em\u00a0Ribeir\u00e3o Preto. O evento \u00e9\u00a0gratuito\u00a0e quer propor a\u00a0revitaliza\u00e7\u00e3o da avenida por meio da\u00a0cultura, da\u00a0gastronomia\u00a0e da\u00a0economia criativa. A organiza\u00e7\u00e3o tem expectativa de receber aproximadamente\u00a0nove mil pessoas,\u00a0entre as ruas \u00c1lvares de\u2026","rel":"","context":"In &quot;Not\u00edcias de Ribeir\u00e3o Preto-SP e Regi\u00e3o&quot;","block_context":{"text":"Not\u00edcias de Ribeir\u00e3o Preto-SP e Regi\u00e3o","link":"https:\/\/noticiasribeiraopreto.com.br\/index.php\/category\/noticias-de-ribeirao-preto-sp-e-regiao-ismael-colosi\/"},"img":{"alt_text":"","src":"https:\/\/i0.wp.com\/noticiasribeiraopreto.com.br\/wp-content\/uploads\/2025\/07\/avenida-nove-de-julho_2025-07-18_19-28-18.webp.webp?fit=1200%2C800&ssl=1&resize=350%2C200","width":350,"height":200,"srcset":"https:\/\/i0.wp.com\/noticiasribeiraopreto.com.br\/wp-content\/uploads\/2025\/07\/avenida-nove-de-julho_2025-07-18_19-28-18.webp.webp?fit=1200%2C800&ssl=1&resize=350%2C200 1x, https:\/\/i0.wp.com\/noticiasribeiraopreto.com.br\/wp-content\/uploads\/2025\/07\/avenida-nove-de-julho_2025-07-18_19-28-18.webp.webp?fit=1200%2C800&ssl=1&resize=525%2C300 1.5x, https:\/\/i0.wp.com\/noticiasribeiraopreto.com.br\/wp-content\/uploads\/2025\/07\/avenida-nove-de-julho_2025-07-18_19-28-18.webp.webp?fit=1200%2C800&ssl=1&resize=700%2C400 2x, https:\/\/i0.wp.com\/noticiasribeiraopreto.com.br\/wp-content\/uploads\/2025\/07\/avenida-nove-de-julho_2025-07-18_19-28-18.webp.webp?fit=1200%2C800&ssl=1&resize=1050%2C600 3x"},"classes":[]}],"jetpack_sharing_enabled":true,"jetpack_shortlink":"https:\/\/wp.me\/peQAOb-lGD","_links":{"self":[{"href":"https:\/\/noticiasribeiraopreto.com.br\/index.php\/wp-json\/wp\/v2\/posts\/83367","targetHints":{"allow":["GET"]}}],"collection":[{"href":"https:\/\/noticiasribeiraopreto.com.br\/index.php\/wp-json\/wp\/v2\/posts"}],"about":[{"href":"https:\/\/noticiasribeiraopreto.com.br\/index.php\/wp-json\/wp\/v2\/types\/post"}],"author":[{"embeddable":true,"href":"https:\/\/noticiasribeiraopreto.com.br\/index.php\/wp-json\/wp\/v2\/users\/1"}],"replies":[{"embeddable":true,"href":"https:\/\/noticiasribeiraopreto.com.br\/index.php\/wp-json\/wp\/v2\/comments?post=83367"}],"version-history":[{"count":0,"href":"https:\/\/noticiasribeiraopreto.com.br\/index.php\/wp-json\/wp\/v2\/posts\/83367\/revisions"}],"wp:attachment":[{"href":"https:\/\/noticiasribeiraopreto.com.br\/index.php\/wp-json\/wp\/v2\/media?parent=83367"}],"wp:term":[{"taxonomy":"category","embeddable":true,"href":"https:\/\/noticiasribeiraopreto.com.br\/index.php\/wp-json\/wp\/v2\/categories?post=83367"},{"taxonomy":"post_tag","embeddable":true,"href":"https:\/\/noticiasribeiraopreto.com.br\/index.php\/wp-json\/wp\/v2\/tags?post=83367"}],"curies":[{"name":"wp","href":"https:\/\/api.w.org\/{rel}","templated":true}]}}