{"id":83368,"date":"2026-03-17T11:18:15","date_gmt":"2026-03-17T14:18:15","guid":{"rendered":"https:\/\/noticiasribeiraopreto.com.br\/index.php\/2026\/03\/17\/laudo-confirma-chumbinho-em-copo-de-acai\/"},"modified":"2026-03-17T11:18:15","modified_gmt":"2026-03-17T14:18:15","slug":"laudo-confirma-chumbinho-em-copo-de-acai","status":"publish","type":"post","link":"https:\/\/noticiasribeiraopreto.com.br\/index.php\/2026\/03\/17\/laudo-confirma-chumbinho-em-copo-de-acai\/","title":{"rendered":"Laudo confirma \u201cchumbinho\u201d em copo de a\u00e7a\u00ed"},"content":{"rendered":"<div class='code-block code-block-1' style='margin: 8px 0 8px auto; text-align: right; display: block; clear: both;'>\n<p><a href=\"https:\/\/wa.link\/vpicfd\"><img data-recalc-dims=\"1\" class=\"wp-image-4922\" style=\"aspect-ratio: 2.0253164556962027; width: 561px; height: auto;\" src=\"https:\/\/i0.wp.com\/ismaelcolosi.com.br\/wp-content\/uploads\/2023\/11\/grupo-de-empregos-whatsapp-e-facebook-ismael-colosi-vagas.jpg?ssl=1\" alt=\"\" \/><\/a><\/p>\n<!-- \/wp:image -->\n<\/div>\n<p> <br \/>\n<\/p>\n<div id=\"\">&#13;<\/p>\n<h2 class=\"penci-post-subtitle\">Caso deve passar a ser investigado como tentativa de homic\u00eddio e principal suspeita \u00e9 companheira da v\u00edtima<\/h2>\n<p>&#13;<\/p>\n<p>&#13;<br \/>\n\t\t\t\t\t\t\t\t\t<span class=\"entry-meta-item penci-posted-on\"><i class=\"fa fa-clock-o\"\/><time class=\"entry-date published updated\" datetime=\"2026-03-17T11:16:19-03:00\">17 de mar\u00e7o de 2026 11:16<\/time><\/span><span class=\"entry-meta-item penci-post-countview\"\/>\t\t\t\t\t\t\t\t<\/p>\n<p><!-- .entry-meta -->&#13;<br \/>\n\t\t\t\t\t\t\t\t<span class=\"penci-social-buttons penci-social-share-footer\"><span class=\"penci-social-share-text\">Compartilhar<\/span><a href=\"#\" class=\"penci-post-like penci_post-meta_item  single-like-button penci-social-item like\" data-post_id=\"457618\" title=\"Like\" data-like=\"Like\" data-unlike=\"Unlike\"><i class=\"fa fa-thumbs-o-up\"\/><span class=\"penci-share-number\">1<\/span><\/a><i class=\"fa fa-facebook\"\/><a class=\"penci-social-item twitter\" target=\"_blank\" rel=\"noopener\" title=\"\" href=\"https:\/\/twitter.com\/intent\/tweet?text=Laudo%20confirma%20\u201cchumbinho\u201d%20em%20copo%20de%20a\u00e7a\u00ed%20-%20https:\/\/www.tribunaribeirao.com.br\/laudo-confirma-chumbinho-em-copo-de-acai\/\"><i class=\"fa fa-twitter\"\/><\/a><i class=\"fa fa-linkedin\"\/><i class=\"fa fa-whatsapp\"\/><i class=\"fa fa-telegram\"\/><i class=\"fa fa-envelope\"\/><\/span>\t\t\t\t\t\t\t<\/div>\n<div>\n<p>Por: Adalberto Luque<\/p>\n<p>A Pol\u00edcia Civil confirmou que o laudo do Instituto de Criminal\u00edstica (IC) constatou a presen\u00e7a de terbuf\u00f3s, princ\u00edpio ativo do \u201cchumbinho\u201d no copo de a\u00e7a\u00ed consumido por Adenilson Ferreira Parente, de 27 anos. Ele passou mal ap\u00f3s consumir o produto no dia 5 de fevereiro e chegou a ficar internado na Unidade de Terapia Intensiva (UTI) do Hospital das Cl\u00ednicas \u2013 Unidade de Emerg\u00eancia (HC-UE).<\/p>\n<p>O laudo do exame de sangue, divulgado h\u00e1 alguns dias, n\u00e3o detectou a presen\u00e7a do veneno, mas o material s\u00f3 foi coletado depois que Adenilson passou por tratamento. Desta forma, n\u00e3o teria como afirmar que havia resqu\u00edcios de \u201cchumbinho\u201d em seu organismo.<\/p>\n<p>Com a confirma\u00e7\u00e3o da presen\u00e7a do veneno, o caso deve passar a ser investigado como tentativa de homic\u00eddio. A Pol\u00edcia Civil j\u00e1 havia descartado que o veneno tenha sido aplicado no estabelecimento que vendeu o produto.<\/p>\n<figure id=\"attachment_457623\" aria-describedby=\"caption-attachment-457623\" style=\"width: 1170px\" class=\"wp-caption alignnone\"><img data-recalc-dims=\"1\" loading=\"lazy\" decoding=\"async\" class=\"size-full wp-image-457623 lazyload\" src=\"https:\/\/i0.wp.com\/www.tribunaribeirao.com.br\/wp-content\/uploads\/2026\/03\/02-mar-2023-dr.-Araujo-03-Foto-Alfredo-Risk-scaled.jpg?resize=1170%2C780&#038;ssl=1\" alt=\"\" width=\"1170\" height=\"780\" srcset=\"https:\/\/www.tribunaribeirao.com.br\/wp-content\/uploads\/2026\/03\/02-mar-2023-dr.-Araujo-03-Foto-Alfredo-Risk-scaled.jpg 1170w, https:\/\/www.tribunaribeirao.com.br\/wp-content\/uploads\/2026\/03\/02-mar-2023-dr.-Araujo-03-Foto-Alfredo-Risk-300x200.jpg 300w, https:\/\/www.tribunaribeirao.com.br\/wp-content\/uploads\/2026\/03\/02-mar-2023-dr.-Araujo-03-Foto-Alfredo-Risk-1024x683.jpg 1024w, https:\/\/www.tribunaribeirao.com.br\/wp-content\/uploads\/2026\/03\/02-mar-2023-dr.-Araujo-03-Foto-Alfredo-Risk-768x512.jpg 768w, https:\/\/www.tribunaribeirao.com.br\/wp-content\/uploads\/2026\/03\/02-mar-2023-dr.-Araujo-03-Foto-Alfredo-Risk-1536x1024.jpg 1536w, https:\/\/www.tribunaribeirao.com.br\/wp-content\/uploads\/2026\/03\/02-mar-2023-dr.-Araujo-03-Foto-Alfredo-Risk-480x320.jpg 480w, https:\/\/www.tribunaribeirao.com.br\/wp-content\/uploads\/2026\/03\/02-mar-2023-dr.-Araujo-03-Foto-Alfredo-Risk-280x186.jpg 280w, https:\/\/www.tribunaribeirao.com.br\/wp-content\/uploads\/2026\/03\/02-mar-2023-dr.-Araujo-03-Foto-Alfredo-Risk-960x640.jpg 960w, https:\/\/www.tribunaribeirao.com.br\/wp-content\/uploads\/2026\/03\/02-mar-2023-dr.-Araujo-03-Foto-Alfredo-Risk-600x400.jpg 600w, https:\/\/www.tribunaribeirao.com.br\/wp-content\/uploads\/2026\/03\/02-mar-2023-dr.-Araujo-03-Foto-Alfredo-Risk-585x390.jpg 585w\" data-sizes=\"(max-width: 1170px) 100vw, 1170px\" style=\"--smush-placeholder-width: 1170px; --smush-placeholder-aspect-ratio: 1170\/780;\"\/><figcaption id=\"caption-attachment-457623\" class=\"wp-caption-text\">Delegado Ara\u00fajo disse, h\u00e1 algumas semanas que, se constatada a presen\u00e7a de veneno no a\u00e7a\u00ed, principal suspeita seria companheira da v\u00edtima (Foto: Alfredo Risk)<\/figcaption><\/figure>\n<p>Os propriet\u00e1rios da a\u00e7aiteria encaminharam farto material, com c\u00e2meras de v\u00eddeo que demonstram a montagem dos produtos, o armazenamento e sua retirada. Assim, a principal suspeita passa a ser a companheira de Adenilson, Larissa Batista de Souza.<\/p>\n<p>O delegado respons\u00e1vel pela Divis\u00e3o Especializada de Investiga\u00e7\u00f5es Criminais (DEIC), Jos\u00e9 Carvalho de Ara\u00fajo, disse h\u00e1 algumas semanas que, caso fosse confirmada a presen\u00e7a de \u201cchumbinho\u201d no a\u00e7a\u00ed, ela seria a principal suspeita. Contudo, a Pol\u00edcia Civil ainda n\u00e3o se manifestou oficialmente sobre o rumo das investiga\u00e7\u00f5es.<\/p>\n<p>A reportagem pediu uma nota para J\u00e9ssica Noz\u00e9, advogada de Larissa, mas ainda n\u00e3o recebeu retorno. O espa\u00e7o segue aberto para a manifesta\u00e7\u00e3o da defesa.<\/p>\n<p><strong>Entenda o caso<\/strong><\/p>\n<p>Adenilson e Larissa decidiram comprar o a\u00e7a\u00ed, cada qual com seu celular, aproveitando oferta em um aplicativo de delivery de g\u00eaneros aliment\u00edcios. Eles optaram por retirar os dois copos no estabelecimento, que fica pr\u00f3ximo \u00e0 resid\u00eancia onde moram. Isso ocorreu no dia 5 de fevereiro.<\/p>\n<figure id=\"attachment_457620\" aria-describedby=\"caption-attachment-457620\" style=\"width: 826px\" class=\"wp-caption alignnone\"><img data-recalc-dims=\"1\" loading=\"lazy\" decoding=\"async\" class=\"size-full wp-image-457620 lazyload\" src=\"https:\/\/i0.wp.com\/www.tribunaribeirao.com.br\/wp-content\/uploads\/2026\/03\/17-mar-2025-acaienvenenado2.jpg?resize=826%2C669&#038;ssl=1\" alt=\"\" width=\"826\" height=\"669\" srcset=\"https:\/\/www.tribunaribeirao.com.br\/wp-content\/uploads\/2026\/03\/17-mar-2025-acaienvenenado2.jpg 826w, https:\/\/www.tribunaribeirao.com.br\/wp-content\/uploads\/2026\/03\/17-mar-2025-acaienvenenado2-300x243.jpg 300w, https:\/\/www.tribunaribeirao.com.br\/wp-content\/uploads\/2026\/03\/17-mar-2025-acaienvenenado2-768x622.jpg 768w, https:\/\/www.tribunaribeirao.com.br\/wp-content\/uploads\/2026\/03\/17-mar-2025-acaienvenenado2-494x400.jpg 494w, https:\/\/www.tribunaribeirao.com.br\/wp-content\/uploads\/2026\/03\/17-mar-2025-acaienvenenado2-585x474.jpg 585w\" data-sizes=\"(max-width: 826px) 100vw, 826px\" style=\"--smush-placeholder-width: 826px; --smush-placeholder-aspect-ratio: 826\/669;\"\/><figcaption id=\"caption-attachment-457620\" class=\"wp-caption-text\">Imagens de c\u00e2meras de seguran\u00e7a mostraram a produ\u00e7\u00e3o do a\u00e7a\u00ed e Pol\u00edcia Civil descartou que envenenamento tenha ocorrido durante este processo (Foto: Reprodu\u00e7\u00e3o)<\/figcaption><\/figure>\n<p>O casal foi at\u00e9 o local de carro. Larissa desceu e apanhou os dois copos, voltando para o carro onde estava Adenilson. Ele disse que ela teria insistido para ele tomar, mas ele n\u00e3o quis.<\/p>\n<p>Chegaram em casa, onde uma c\u00e2mera de seguran\u00e7a de um vizinho registrou tudo por imagens. Larissa entra com seu copo, mas Adenilson deixa o dele no ch\u00e3o e sai com o carro. Ela volta e apanha o copo.<\/p>\n<p>Ele chega mais duas vezes e sai logo em seguida, at\u00e9 finalmente chegar e entrar em casa. Pouco depois, o casal sai e volta \u00e0 a\u00e7aiteria. Eles devolvem o produto e voltam para casa.<\/p>\n<figure id=\"attachment_457621\" aria-describedby=\"caption-attachment-457621\" style=\"width: 888px\" class=\"wp-caption alignnone\"><img data-recalc-dims=\"1\" loading=\"lazy\" decoding=\"async\" class=\"size-full wp-image-457621 lazyload\" src=\"https:\/\/i0.wp.com\/www.tribunaribeirao.com.br\/wp-content\/uploads\/2026\/03\/17-mar-2026-acai1.jpg?resize=888%2C557&#038;ssl=1\" alt=\"\" width=\"888\" height=\"557\" srcset=\"https:\/\/www.tribunaribeirao.com.br\/wp-content\/uploads\/2026\/03\/17-mar-2026-acai1.jpg 888w, https:\/\/www.tribunaribeirao.com.br\/wp-content\/uploads\/2026\/03\/17-mar-2026-acai1-300x188.jpg 300w, https:\/\/www.tribunaribeirao.com.br\/wp-content\/uploads\/2026\/03\/17-mar-2026-acai1-768x482.jpg 768w, https:\/\/www.tribunaribeirao.com.br\/wp-content\/uploads\/2026\/03\/17-mar-2026-acai1-638x400.jpg 638w, https:\/\/www.tribunaribeirao.com.br\/wp-content\/uploads\/2026\/03\/17-mar-2026-acai1-585x367.jpg 585w\" data-sizes=\"(max-width: 888px) 100vw, 888px\" style=\"--smush-placeholder-width: 888px; --smush-placeholder-aspect-ratio: 888\/557;\"\/><figcaption id=\"caption-attachment-457621\" class=\"wp-caption-text\">Suspeita no caso de envenenamento foi quem retirou os produtos na a\u00e7a\u00edteria, enquanto v\u00edtima aguardava no carro (Foto: Reprodu\u00e7\u00e3o)<\/figcaption><\/figure>\n<p>Pouco mais tarde, a c\u00e2mera de seguran\u00e7a registra familiares de Adenilson chegando na casa. O irm\u00e3o pulou o port\u00e3o, que estava fechado. Em seguida, saem amparando o rapaz e o colocam no carro para lev\u00e1-lo at\u00e9 a Unidade de Pronto Atendimento (UPA) da avenida 13 de Maio, onde, diante de seu quadro, foi transferido para o HC-UE, sendo entubado e internado na UTI.<\/p>\n<p>A a\u00e7aiteria forneceu diversas imagens de c\u00e2meras de seguran\u00e7a mostrando a produ\u00e7\u00e3o, entrega e a frente da loja. Nas imagens, \u00e9 poss\u00edvel ver que Larissa retira o produto e vai at\u00e9 o carro onde estava seu companheiro.<\/p>\n<p>Adenilson, que recebeu alta em 15 de fevereiro, voltou para sua casa. Ele voltou a viver com Larissa e disse que acreditava na inoc\u00eancia da companheira. A reportagem n\u00e3o conseguiu contato com o rapaz.<\/p>\n<\/div>\n<p><script async src=\"\/\/platform.twitter.com\/widgets.js\" charset=\"utf-8\"><\/script><br \/>\n<br \/><br \/>\n<br \/><a href=\"https:\/\/www.tribunaribeirao.com.br\/laudo-confirma-chumbinho-em-copo-de-acai\/\">Source link <\/a><\/p>\n<!-- CONTENT END 1 -->\n","protected":false},"excerpt":{"rendered":"<p>&#13; Caso deve passar a ser investigado como tentativa de homic\u00eddio e principal suspeita \u00e9 companheira da v\u00edtima &#13; &#13; 17 de mar\u00e7o de 2026&#8230;<\/p>\n","protected":false},"author":1,"featured_media":83369,"comment_status":"open","ping_status":"open","sticky":false,"template":"","format":"standard","meta":{"advanced_seo_description":"","jetpack_seo_html_title":"","jetpack_seo_noindex":false,"jetpack_post_was_ever_published":false,"_jetpack_newsletter_access":"","_jetpack_dont_email_post_to_subs":false,"_jetpack_newsletter_tier_id":0,"_jetpack_memberships_contains_paywalled_content":false,"_jetpack_memberships_contains_paid_content":false,"footnotes":"","jetpack_publicize_message":"","jetpack_publicize_feature_enabled":true,"jetpack_social_post_already_shared":true,"jetpack_social_options":{"image_generator_settings":{"template":"highway","default_image_id":0,"font":"","enabled":false},"version":2}},"categories":[11],"tags":[],"class_list":["post-83368","post","type-post","status-publish","format-standard","has-post-thumbnail","hentry","category-noticias-de-ribeirao-preto-sp-e-regiao-ismael-colosi"],"jetpack_publicize_connections":[],"jetpack_featured_media_url":"https:\/\/i0.wp.com\/noticiasribeiraopreto.com.br\/wp-content\/uploads\/2026\/03\/17-mar-2026-acai2-scaled.jpg?fit=1200%2C773&ssl=1","jetpack-related-posts":[{"id":16216,"url":"https:\/\/noticiasribeiraopreto.com.br\/index.php\/2023\/12\/15\/urgente-publicado-edital-para-144-vagas-e-cadastros-de-analistas-2\/","url_meta":{"origin":83368,"position":0},"title":"Urgente! Publicado edital para 144 vagas e cadastros de analistas","author":"noticiasribeiraopreto.com.br","date":"15 de December de 2023","format":false,"excerpt":"Foi publicado, no di\u00e1rio oficial da Uni\u00e3o desta sexta-feira, 15 de dezembro, o edital do novo concurso Capes (Coordena\u00e7\u00e3o de Aperfei\u00e7oamento de Pessoal de N\u00edvel Superior). A sele\u00e7\u00e3o j\u00e1 contava com contrato assinado com a banca desde o \u00faltimo dia 1 de dezembro e conta com oferta de 144 vagas,\u2026","rel":"","context":"In &quot;Vagas de Emprego em Ribeir\u00e3o Preto-SP&quot;","block_context":{"text":"Vagas de Emprego em Ribeir\u00e3o Preto-SP","link":"https:\/\/noticiasribeiraopreto.com.br\/index.php\/category\/empregos-classificados-vagas-trabalho\/vagas-de-empregos-em-ribeirao-preto-regiao-brasil\/"},"img":{"alt_text":"cap1","src":"https:\/\/i0.wp.com\/jcconcursos.com.br\/media\/uploads\/cap1.jpg?resize=350%2C200&ssl=1","width":350,"height":200,"srcset":"https:\/\/i0.wp.com\/jcconcursos.com.br\/media\/uploads\/cap1.jpg?resize=350%2C200&ssl=1 1x, https:\/\/i0.wp.com\/jcconcursos.com.br\/media\/uploads\/cap1.jpg?resize=525%2C300&ssl=1 1.5x, https:\/\/i0.wp.com\/jcconcursos.com.br\/media\/uploads\/cap1.jpg?resize=700%2C400&ssl=1 2x"},"classes":[]},{"id":13616,"url":"https:\/\/noticiasribeiraopreto.com.br\/index.php\/2023\/12\/10\/vagas-offshore-para-operador-de-producao-enfermeiro-marinheiro-de-conves-coordenador-de-operacoes-hse-e-coordenador-de-perfuracao-sao-iniciadas-pela-brunel\/","url_meta":{"origin":83368,"position":1},"title":"Vagas offshore para Operador de Produ\u00e7\u00e3o, Enfermeiro, Marinheiro de Conv\u00e9s, Coordenador de Opera\u00e7\u00f5es, HSE e Coordenador de Perfura\u00e7\u00e3o s\u00e3o iniciadas pela Brunel","author":"noticiasribeiraopreto.com.br","date":"10 de December de 2023","format":false,"excerpt":"A Brunel, uma das principais empresas de recrutamento e sele\u00e7\u00e3o no setor de petr\u00f3leo e g\u00e1s, anunciou a abertura de diversas vagas na \u00e1rea offshore no dia 08\/12\/2023, uma oportunidade imperd\u00edvel para profissionais que buscam desafios e desenvolvimento em um setor din\u00e2mico e em constante evolu\u00e7\u00e3o. As vagas dispon\u00edveis s\u00e3o\u2026","rel":"","context":"In &quot;Vagas de Emprego em Ribeir\u00e3o Preto-SP&quot;","block_context":{"text":"Vagas de Emprego em Ribeir\u00e3o Preto-SP","link":"https:\/\/noticiasribeiraopreto.com.br\/index.php\/category\/empregos-classificados-vagas-trabalho\/vagas-de-empregos-em-ribeirao-preto-regiao-brasil\/"},"img":{"alt_text":"","src":"https:\/\/i0.wp.com\/noticiasribeiraopreto.com.br\/wp-content\/uploads\/2023\/12\/banner03-1-830x450.jpg?fit=830%2C450&ssl=1&resize=350%2C200","width":350,"height":200,"srcset":"https:\/\/i0.wp.com\/noticiasribeiraopreto.com.br\/wp-content\/uploads\/2023\/12\/banner03-1-830x450.jpg?fit=830%2C450&ssl=1&resize=350%2C200 1x, https:\/\/i0.wp.com\/noticiasribeiraopreto.com.br\/wp-content\/uploads\/2023\/12\/banner03-1-830x450.jpg?fit=830%2C450&ssl=1&resize=525%2C300 1.5x, https:\/\/i0.wp.com\/noticiasribeiraopreto.com.br\/wp-content\/uploads\/2023\/12\/banner03-1-830x450.jpg?fit=830%2C450&ssl=1&resize=700%2C400 2x"},"classes":[]},{"id":40392,"url":"https:\/\/noticiasribeiraopreto.com.br\/index.php\/2024\/03\/03\/arquivo-recebeu-mais-de-13-mil-pedidos-de-certidoes-de-imigracao\/","url_meta":{"origin":83368,"position":2},"title":"Arquivo recebeu mais de 13 mil pedidos de certid\u00f5es de imigra\u00e7\u00e3o\u00a0","author":"noticiasribeiraopreto.com.br","date":"3 de March de 2024","format":false,"excerpt":"3 de mar\u00e7o de 2024 | 11:002 de mar\u00e7o de 2024 | 11:56 0O Arquivo P\u00fablico do Estado de S\u00e3o Paulo (APESP) recebeu 13.372 requerimentos de certid\u00f5es de imigra\u00e7\u00e3o em 2023. Desse total, quase 60% foram de descendentes italianos em busca de mais informa\u00e7\u00f5es sobre os familiares. Desde 2011, os\u2026","rel":"","context":"In &quot;Not\u00edcias de Ribeir\u00e3o Preto-SP e Regi\u00e3o&quot;","block_context":{"text":"Not\u00edcias de Ribeir\u00e3o Preto-SP e Regi\u00e3o","link":"https:\/\/noticiasribeiraopreto.com.br\/index.php\/category\/noticias-de-ribeirao-preto-sp-e-regiao-ismael-colosi\/"},"img":{"alt_text":"","src":"https:\/\/i0.wp.com\/noticiasribeiraopreto.com.br\/wp-content\/uploads\/2024\/03\/fotoarquivopublicodoestadodesaopaulo-creditoreproducao-scaled.jpg?fit=967%2C645&ssl=1&resize=350%2C200","width":350,"height":200,"srcset":"https:\/\/i0.wp.com\/noticiasribeiraopreto.com.br\/wp-content\/uploads\/2024\/03\/fotoarquivopublicodoestadodesaopaulo-creditoreproducao-scaled.jpg?fit=967%2C645&ssl=1&resize=350%2C200 1x, https:\/\/i0.wp.com\/noticiasribeiraopreto.com.br\/wp-content\/uploads\/2024\/03\/fotoarquivopublicodoestadodesaopaulo-creditoreproducao-scaled.jpg?fit=967%2C645&ssl=1&resize=525%2C300 1.5x, https:\/\/i0.wp.com\/noticiasribeiraopreto.com.br\/wp-content\/uploads\/2024\/03\/fotoarquivopublicodoestadodesaopaulo-creditoreproducao-scaled.jpg?fit=967%2C645&ssl=1&resize=700%2C400 2x"},"classes":[]},{"id":83670,"url":"https:\/\/noticiasribeiraopreto.com.br\/index.php\/2026\/03\/23\/hotelaria-de-ribeirao-mostra-forca-mas-enfrenta-desafios-de-mao-de-obra-e-acessibilidade\/","url_meta":{"origin":83368,"position":3},"title":"Hotelaria de Ribeir\u00e3o mostra for\u00e7a, mas enfrenta desafios de m\u00e3o de obra e acessibilidade","author":"noticiasribeiraopreto.com.br","date":"23 de March de 2026","format":false,"excerpt":"Pesquisa foi realizada entre os dias 6 e 16 de fevereiro de 2026 e contou com a participa\u00e7\u00e3o de 54 estabelecimentos, de um total de 59 hot\u00e9is ativos na cidade A hotelaria de Ribeir\u00e3o Preto vive um momento de consolida\u00e7\u00e3o e crescimento, mas ainda enfrenta desafios importantes, especialmente nas \u00e1reas\u2026","rel":"","context":"In &quot;Not\u00edcias de Ribeir\u00e3o Preto-SP e Regi\u00e3o&quot;","block_context":{"text":"Not\u00edcias de Ribeir\u00e3o Preto-SP e Regi\u00e3o","link":"https:\/\/noticiasribeiraopreto.com.br\/index.php\/category\/noticias-de-ribeirao-preto-sp-e-regiao-ismael-colosi\/"},"img":{"alt_text":"","src":"https:\/\/i0.wp.com\/noticiasribeiraopreto.com.br\/wp-content\/uploads\/2026\/03\/observatorio-turismo-scaled.jpeg?fit=1170%2C780&ssl=1&resize=350%2C200","width":350,"height":200,"srcset":"https:\/\/i0.wp.com\/noticiasribeiraopreto.com.br\/wp-content\/uploads\/2026\/03\/observatorio-turismo-scaled.jpeg?fit=1170%2C780&ssl=1&resize=350%2C200 1x, https:\/\/i0.wp.com\/noticiasribeiraopreto.com.br\/wp-content\/uploads\/2026\/03\/observatorio-turismo-scaled.jpeg?fit=1170%2C780&ssl=1&resize=525%2C300 1.5x, https:\/\/i0.wp.com\/noticiasribeiraopreto.com.br\/wp-content\/uploads\/2026\/03\/observatorio-turismo-scaled.jpeg?fit=1170%2C780&ssl=1&resize=700%2C400 2x, https:\/\/i0.wp.com\/noticiasribeiraopreto.com.br\/wp-content\/uploads\/2026\/03\/observatorio-turismo-scaled.jpeg?fit=1170%2C780&ssl=1&resize=1050%2C600 3x"},"classes":[]},{"id":42074,"url":"https:\/\/noticiasribeiraopreto.com.br\/index.php\/2024\/03\/12\/sonar-solucoes-em-engenharia-e-individualizacao-qualidade-e-seguranca-em-primeiro-lugar\/","url_meta":{"origin":83368,"position":4},"title":"Sonar Solu\u00e7\u00f5es em Engenharia e Individualiza\u00e7\u00e3o: Qualidade e Seguran\u00e7a em Primeiro Lugar","author":"noticiasribeiraopreto.com.br","date":"12 de March de 2024","format":false,"excerpt":"Sonar Solu\u00e7\u00f5es em Engenharia e Individualiza\u00e7\u00e3o:Qualidade e Seguran\u00e7a em Primeiro LugarA Sonar Solu\u00e7\u00f5es em Engenharia \u00e9 uma empresa dedicada a oferecer servi\u00e7os de alta qualidade e seguran\u00e7a para seus clientes. Com profissionais graduados em Engenharia de Seguran\u00e7a do Trabalho, Mec\u00e2nica e El\u00e9trica, a empresa conta com uma equipe experiente e\u2026","rel":"","context":"In &quot;Not\u00edcias de Ribeir\u00e3o Preto-SP e Regi\u00e3o&quot;","block_context":{"text":"Not\u00edcias de Ribeir\u00e3o Preto-SP e Regi\u00e3o","link":"https:\/\/noticiasribeiraopreto.com.br\/index.php\/category\/noticias-de-ribeirao-preto-sp-e-regiao-ismael-colosi\/"},"img":{"alt_text":"","src":"https:\/\/i0.wp.com\/noticiasribeiraopreto.com.br\/wp-content\/uploads\/2024\/03\/imagem1-1-scaled.jpg?fit=1000%2C439&ssl=1&resize=350%2C200","width":350,"height":200,"srcset":"https:\/\/i0.wp.com\/noticiasribeiraopreto.com.br\/wp-content\/uploads\/2024\/03\/imagem1-1-scaled.jpg?fit=1000%2C439&ssl=1&resize=350%2C200 1x, https:\/\/i0.wp.com\/noticiasribeiraopreto.com.br\/wp-content\/uploads\/2024\/03\/imagem1-1-scaled.jpg?fit=1000%2C439&ssl=1&resize=525%2C300 1.5x, https:\/\/i0.wp.com\/noticiasribeiraopreto.com.br\/wp-content\/uploads\/2024\/03\/imagem1-1-scaled.jpg?fit=1000%2C439&ssl=1&resize=700%2C400 2x"},"classes":[]},{"id":14654,"url":"https:\/\/noticiasribeiraopreto.com.br\/index.php\/2023\/12\/12\/concurso-do-lna-abre-inscricao-para-13-vagas-de-pesquisador-e-tecnologista\/","url_meta":{"origin":83368,"position":5},"title":"Concurso do LNA abre inscri\u00e7\u00e3o para 13 vagas de pesquisador e tecnologista","author":"noticiasribeiraopreto.com.br","date":"12 de December de 2023","format":false,"excerpt":"Entra em vigor nesta ter\u00e7a-feira, dia 12 de dezembro, o prazo de inscri\u00e7\u00e3o dos dois editais do concurso do LNA (Laborat\u00f3rio Nacional de Astrof\u00edsica), unidade de Pesquisa integrante da estrutura do Minist\u00e9rio da Ci\u00eancia, Tecnologia e Inova\u00e7\u00e3o \u2013 MCTI. O certame oferece 13 vagas, sendo cinco para carreira de pesquisador\u2026","rel":"","context":"In &quot;Vagas de Emprego em Ribeir\u00e3o Preto-SP&quot;","block_context":{"text":"Vagas de Emprego em Ribeir\u00e3o Preto-SP","link":"https:\/\/noticiasribeiraopreto.com.br\/index.php\/category\/empregos-classificados-vagas-trabalho\/vagas-de-empregos-em-ribeirao-preto-regiao-brasil\/"},"img":{"alt_text":"","src":"https:\/\/i0.wp.com\/noticiasribeiraopreto.com.br\/wp-content\/uploads\/2023\/12\/concurso-lna-foto-telescopio-russo-divulgacao.jpg?fit=1200%2C675&ssl=1&resize=350%2C200","width":350,"height":200,"srcset":"https:\/\/i0.wp.com\/noticiasribeiraopreto.com.br\/wp-content\/uploads\/2023\/12\/concurso-lna-foto-telescopio-russo-divulgacao.jpg?fit=1200%2C675&ssl=1&resize=350%2C200 1x, https:\/\/i0.wp.com\/noticiasribeiraopreto.com.br\/wp-content\/uploads\/2023\/12\/concurso-lna-foto-telescopio-russo-divulgacao.jpg?fit=1200%2C675&ssl=1&resize=525%2C300 1.5x, https:\/\/i0.wp.com\/noticiasribeiraopreto.com.br\/wp-content\/uploads\/2023\/12\/concurso-lna-foto-telescopio-russo-divulgacao.jpg?fit=1200%2C675&ssl=1&resize=700%2C400 2x, https:\/\/i0.wp.com\/noticiasribeiraopreto.com.br\/wp-content\/uploads\/2023\/12\/concurso-lna-foto-telescopio-russo-divulgacao.jpg?fit=1200%2C675&ssl=1&resize=1050%2C600 3x"},"classes":[]}],"jetpack_sharing_enabled":true,"jetpack_shortlink":"https:\/\/wp.me\/peQAOb-lGE","_links":{"self":[{"href":"https:\/\/noticiasribeiraopreto.com.br\/index.php\/wp-json\/wp\/v2\/posts\/83368","targetHints":{"allow":["GET"]}}],"collection":[{"href":"https:\/\/noticiasribeiraopreto.com.br\/index.php\/wp-json\/wp\/v2\/posts"}],"about":[{"href":"https:\/\/noticiasribeiraopreto.com.br\/index.php\/wp-json\/wp\/v2\/types\/post"}],"author":[{"embeddable":true,"href":"https:\/\/noticiasribeiraopreto.com.br\/index.php\/wp-json\/wp\/v2\/users\/1"}],"replies":[{"embeddable":true,"href":"https:\/\/noticiasribeiraopreto.com.br\/index.php\/wp-json\/wp\/v2\/comments?post=83368"}],"version-history":[{"count":0,"href":"https:\/\/noticiasribeiraopreto.com.br\/index.php\/wp-json\/wp\/v2\/posts\/83368\/revisions"}],"wp:featuredmedia":[{"embeddable":true,"href":"https:\/\/noticiasribeiraopreto.com.br\/index.php\/wp-json\/wp\/v2\/media\/83369"}],"wp:attachment":[{"href":"https:\/\/noticiasribeiraopreto.com.br\/index.php\/wp-json\/wp\/v2\/media?parent=83368"}],"wp:term":[{"taxonomy":"category","embeddable":true,"href":"https:\/\/noticiasribeiraopreto.com.br\/index.php\/wp-json\/wp\/v2\/categories?post=83368"},{"taxonomy":"post_tag","embeddable":true,"href":"https:\/\/noticiasribeiraopreto.com.br\/index.php\/wp-json\/wp\/v2\/tags?post=83368"}],"curies":[{"name":"wp","href":"https:\/\/api.w.org\/{rel}","templated":true}]}}