{"id":83370,"date":"2026-03-17T12:32:01","date_gmt":"2026-03-17T15:32:01","guid":{"rendered":"https:\/\/noticiasribeiraopreto.com.br\/index.php\/2026\/03\/17\/alguem-tentou-matar-a-vitima-diz-delegado-apos-laudo-comprovar-que-acai-tinha-chumbinho\/"},"modified":"2026-03-17T12:32:01","modified_gmt":"2026-03-17T15:32:01","slug":"alguem-tentou-matar-a-vitima-diz-delegado-apos-laudo-comprovar-que-acai-tinha-chumbinho","status":"publish","type":"post","link":"https:\/\/noticiasribeiraopreto.com.br\/index.php\/2026\/03\/17\/alguem-tentou-matar-a-vitima-diz-delegado-apos-laudo-comprovar-que-acai-tinha-chumbinho\/","title":{"rendered":"\u2018Algu\u00e9m tentou matar a v\u00edtima\u2019, diz delegado ap\u00f3s laudo comprovar que a\u00e7a\u00ed tinha chumbinho"},"content":{"rendered":"<div class='code-block code-block-1' style='margin: 8px 0 8px auto; text-align: right; display: block; clear: both;'>\n<p><a href=\"https:\/\/wa.link\/vpicfd\"><img data-recalc-dims=\"1\" class=\"wp-image-4922\" style=\"aspect-ratio: 2.0253164556962027; width: 561px; height: auto;\" src=\"https:\/\/i0.wp.com\/ismaelcolosi.com.br\/wp-content\/uploads\/2023\/11\/grupo-de-empregos-whatsapp-e-facebook-ismael-colosi-vagas.jpg?ssl=1\" alt=\"\" \/><\/a><\/p>\n<!-- \/wp:image -->\n<\/div>\n<p> <br \/>\n<\/p>\n<div id=\"dsoaudio\">\n            <button type=\"button\" title=\"Salvar mat\u00e9ria\" class=\"dso bookmark-injection bookmark-save\"><br \/>\n        <svg xmlns=\"http:\/\/www.w3.org\/2000\/svg\" width=\"20\" height=\"24\" viewbox=\"0 0 20 24\" fill=\"none\">\n            <path d=\"M1 23V1H19V23L10 15.6667L1 23Z\" stroke=\"black\" stroke-width=\"1.3\" stroke-linejoin=\"round\"\/>\n        <\/svg><br \/>\n    <\/button> <\/p>\n<p>O laudo da <strong>Pol\u00edcia Civil<\/strong> comprovou que tinha chumbinho no copo do a\u00e7a\u00ed do homem que foi internado no <strong>HC-UE (Hospital das Cl\u00ednicas \u2013 Unidade de Emerg\u00eancia) de Ribeir\u00e3o Preto<\/strong>, no \u00faltimo m\u00eas de fevereiro.<\/p>\n<p>Para o delegado <strong>Jos\u00e9 Carvalho de Ara\u00fajo J\u00fanior<\/strong>, isso comprova que algu\u00e9m tentou matar a v\u00edtima, Adenilson Ferreira Parente.<\/p>\n<p>\u201cConstatou o exame de que realmente havia veneno, conhecido como chumbinho, neste copo. \u00c9 o que foi ingerido pela v\u00edtima. Para o inqu\u00e9rito policial, isso \u00e9 uma prova t\u00e9cnica. Temos a certeza, que de alguma forma, algu\u00e9m tentou matar a v\u00edtima\u201d, disse em entrevista \u00e0 <strong>EPTV<\/strong>.<\/p>\n<figure class=\"wp-block-image size-large\"><img data-recalc-dims=\"1\" loading=\"lazy\" decoding=\"async\" width=\"1024\" height=\"636\" alt=\"delegado araujo 2026 03 17 15 19 27\" class=\"wp-image-149209\" title=\"\u2018Algu\u00e9m tentou matar a v\u00edtima\u2019, diz delegado ap\u00f3s laudo comprovar que a\u00e7a\u00ed tinha chumbinho 1\" srcset=\"https:\/\/www.acidadeon.com\/ribeiraopreto\/wp-content\/uploads\/sites\/3\/2026\/03\/delegado-araujo_2026-03-17_15-19-27-1024x636.webp 1024w, https:\/\/www.acidadeon.com\/ribeiraopreto\/wp-content\/uploads\/sites\/3\/2026\/03\/delegado-araujo_2026-03-17_15-19-27-300x186.webp 300w, https:\/\/www.acidadeon.com\/ribeiraopreto\/wp-content\/uploads\/sites\/3\/2026\/03\/delegado-araujo_2026-03-17_15-19-27-768x477.webp 768w, https:\/\/www.acidadeon.com\/ribeiraopreto\/wp-content\/uploads\/sites\/3\/2026\/03\/delegado-araujo_2026-03-17_15-19-27-400x248.webp 400w, https:\/\/www.acidadeon.com\/ribeiraopreto\/wp-content\/uploads\/sites\/3\/2026\/03\/delegado-araujo_2026-03-17_15-19-27-150x93.webp 150w, https:\/\/www.acidadeon.com\/ribeiraopreto\/wp-content\/uploads\/sites\/3\/2026\/03\/delegado-araujo_2026-03-17_15-19-27.webp 1200w\" data-lazy-sizes=\"(max-width: 1024px) 100vw, 1024px\" src=\"https:\/\/i0.wp.com\/www.acidadeon.com\/ribeiraopreto\/wp-content\/uploads\/sites\/3\/2026\/03\/delegado-araujo_2026-03-17_15-19-27-1024x636.webp?resize=1024%2C636&#038;ssl=1\"\/><img data-recalc-dims=\"1\" loading=\"lazy\" decoding=\"async\" width=\"1024\" height=\"636\" src=\"https:\/\/i0.wp.com\/www.acidadeon.com\/ribeiraopreto\/wp-content\/uploads\/sites\/3\/2026\/03\/delegado-araujo_2026-03-17_15-19-27-1024x636.webp?resize=1024%2C636&#038;ssl=1\" alt=\"delegado araujo 2026 03 17 15 19 27\" class=\"wp-image-149209\" title=\"\u2018Algu\u00e9m tentou matar a v\u00edtima\u2019, diz delegado ap\u00f3s laudo comprovar que a\u00e7a\u00ed tinha chumbinho 1\" srcset=\"https:\/\/www.acidadeon.com\/ribeiraopreto\/wp-content\/uploads\/sites\/3\/2026\/03\/delegado-araujo_2026-03-17_15-19-27-1024x636.webp 1024w, https:\/\/www.acidadeon.com\/ribeiraopreto\/wp-content\/uploads\/sites\/3\/2026\/03\/delegado-araujo_2026-03-17_15-19-27-300x186.webp 300w, https:\/\/www.acidadeon.com\/ribeiraopreto\/wp-content\/uploads\/sites\/3\/2026\/03\/delegado-araujo_2026-03-17_15-19-27-768x477.webp 768w, https:\/\/www.acidadeon.com\/ribeiraopreto\/wp-content\/uploads\/sites\/3\/2026\/03\/delegado-araujo_2026-03-17_15-19-27-400x248.webp 400w, https:\/\/www.acidadeon.com\/ribeiraopreto\/wp-content\/uploads\/sites\/3\/2026\/03\/delegado-araujo_2026-03-17_15-19-27-150x93.webp 150w, https:\/\/www.acidadeon.com\/ribeiraopreto\/wp-content\/uploads\/sites\/3\/2026\/03\/delegado-araujo_2026-03-17_15-19-27.webp 1200w\" sizes=\"auto, (max-width: 1024px) 100vw, 1024px\"\/><figcaption class=\"wp-element-caption\">Delegado Jos\u00e9 Carvalho de Ara\u00fajo J\u00fanior, respons\u00e1vel pela investiga\u00e7\u00e3o (Foto: reprodu\u00e7\u00e3o\/EPTV)<\/figcaption><\/figure>\n<h2 class=\"wp-block-heading\"><strong>O caso<\/strong><\/h2>\n<p>Segundo familiares e registros de seguran\u00e7a do estabelecimento, o a\u00e7a\u00ed foi comprado por aplicativo na tarde de 5 de fevereiro. O produto foi preparado \u00e0s 16h31 e retirado \u00e0s 16h38 pela esposa da v\u00edtima.<\/p>\n<p>Cerca de uma hora e meia depois, o casal retornou ao local, reclamou do sabor estranho e devolveu o a\u00e7a\u00ed, que foi descartado. Mais tarde, familiares relataram que Adenilson apresentava mal-estar e solicitaram o copo descartado para an\u00e1lise. Ele foi socorrido ao Hospital das Cl\u00ednicas de Ribeir\u00e3o Preto, que acionou a pol\u00edcia ao identificar poss\u00edvel caso de intoxica\u00e7\u00e3o.<\/p>\n<p>O material foi encaminhado ao Instituto M\u00e9dico Legal (IML), que realizar\u00e1 per\u00edcia para confirmar ou descartar a suspeita de envenenamento.<\/p>\n<p>Em depoimento, a namorada de Adenilson, Larissa de Souza Batista, negou qualquer envolvimento no caso. \u201cN\u00e3o sou culpada, n\u00e3o fui eu. Ele tomou a\u00e7a\u00ed e, cerca de meia hora depois, come\u00e7ou a ter alguns sintomas\u201d.<\/p>\n<p>SAIBA MAIS<br \/>Feira Alta Caf\u00e9 2026 projeta R$ 260 milh\u00f5es em neg\u00f3cios e 20 mil visitantes<\/p>\n<h2 class=\"wp-block-heading\"><strong>FIQUE ON<\/strong><\/h2>\n<p>Fique ligado em tudo que acontece em Ribeir\u00e3o Preto e regi\u00e3o. Siga os perfis do\u00a0<strong>acidade on\u00a0<\/strong>no<a href=\"https:\/\/www.instagram.com\/acidadeonribeirao\" target=\"_blank\" rel=\"noreferrer noopener\">\u00a0Instagram<\/a>\u00a0e no\u00a0<a href=\"https:\/\/www.facebook.com\/acidadeonribeirao\/\" target=\"_blank\" rel=\"noreferrer noopener\">Facebook<\/a>.<\/p>\n<p>Receba not\u00edcias do<strong>\u00a0acidade on<\/strong>\u00a0no WhatsApp. Para entrar no grupo,\u00a0basta<a href=\"https:\/\/chat.whatsapp.com\/GFH9HUMUTHNFJdnyEd0xxq\" target=\"_blank\" rel=\"noreferrer noopener\">\u00a0clicar aqui<\/a>. Ou, acesse o nosso\u00a0Canal\u00a0<a href=\"https:\/\/whatsapp.com\/channel\/0029Vb6IQl1JENyAeS57fk2p\" target=\"_blank\" rel=\"noreferrer noopener\">clicando aqui<\/a>.<\/p>\n<p>Fa\u00e7a uma den\u00fancia ou sugira uma reportagem sobre Ribeir\u00e3o Preto e regi\u00e3o pelo WhatsApp: 16 99117 7802.<\/p>\n<p>VEJA TAMB\u00c9M<br \/>6 dicas para montar um cronograma de estudos eficiente para as provas<\/p>\n<p><input type=\"hidden\" name=\"postID\" id=\"postID\" value=\"149204\"\/><br \/>\n            <input type=\"hidden\" name=\"postType\" id=\"postType\" value=\"post\"\/><br \/>\n<!-- AI CONTENT END 1 -->\n        <\/div>\n<p><script async src=\"\/\/www.instagram.com\/embed.js\"><\/script><br \/>\n<br \/><br \/>\n<br \/><a href=\"https:\/\/www.acidadeon.com\/ribeiraopreto\/cotidiano\/alguem-tentou-matar-a-vitima-diz-delegado-apos-laudo-comprovar-que-acai-tinha-chumbinho\/\">Source link <\/a><\/p>\n<!-- CONTENT END 1 -->\n","protected":false},"excerpt":{"rendered":"<p>O laudo da Pol\u00edcia Civil comprovou que tinha chumbinho no copo do a\u00e7a\u00ed do homem que foi internado no HC-UE (Hospital das Cl\u00ednicas \u2013 Unidade&#8230;<\/p>\n","protected":false},"author":1,"featured_media":83371,"comment_status":"open","ping_status":"open","sticky":false,"template":"","format":"standard","meta":{"advanced_seo_description":"","jetpack_seo_html_title":"","jetpack_seo_noindex":false,"jetpack_post_was_ever_published":false,"_jetpack_newsletter_access":"","_jetpack_dont_email_post_to_subs":false,"_jetpack_newsletter_tier_id":0,"_jetpack_memberships_contains_paywalled_content":false,"_jetpack_memberships_contains_paid_content":false,"footnotes":"","jetpack_publicize_message":"","jetpack_publicize_feature_enabled":true,"jetpack_social_post_already_shared":true,"jetpack_social_options":{"image_generator_settings":{"template":"highway","default_image_id":0,"font":"","enabled":false},"version":2}},"categories":[11],"tags":[],"class_list":["post-83370","post","type-post","status-publish","format-standard","has-post-thumbnail","hentry","category-noticias-de-ribeirao-preto-sp-e-regiao-ismael-colosi"],"jetpack_publicize_connections":[],"jetpack_featured_media_url":"https:\/\/i0.wp.com\/noticiasribeiraopreto.com.br\/wp-content\/uploads\/2026\/03\/namorada-acai_2026-03-17_15-17-04.webp.webp?fit=1200%2C735&ssl=1","jetpack-related-posts":[{"id":83442,"url":"https:\/\/noticiasribeiraopreto.com.br\/index.php\/2026\/03\/18\/chumbinho-no-copo-de-acai-entenda-o-que-e-o-produto-identificado-pela-policia-de-ribeirao\/","url_meta":{"origin":83370,"position":0},"title":"Chumbinho no copo de a\u00e7a\u00ed: entenda o que \u00e9 o produto identificado pela pol\u00edcia de Ribeir\u00e3o","author":"noticiasribeiraopreto.com.br","date":"18 de March de 2026","format":false,"excerpt":"A Pol\u00edcia de Ribeir\u00e3o Preto quer saber quem colocou chumbinho em um copo de a\u00e7a\u00ed que deixou um jovem em estado grave. A v\u00edtima, Adenilson Ferreira Parente, chegou a ser internada em estado grave no HC-UE (Hospital das Cl\u00ednicas \u2013 Unidade de Emerg\u00eancia). No in\u00edcio desta semana, um laudo da\u2026","rel":"","context":"In &quot;Not\u00edcias de Ribeir\u00e3o Preto-SP e Regi\u00e3o&quot;","block_context":{"text":"Not\u00edcias de Ribeir\u00e3o Preto-SP e Regi\u00e3o","link":"https:\/\/noticiasribeiraopreto.com.br\/index.php\/category\/noticias-de-ribeirao-preto-sp-e-regiao-ismael-colosi\/"},"img":{"alt_text":"","src":"https:\/\/i0.wp.com\/noticiasribeiraopreto.com.br\/wp-content\/uploads\/2026\/03\/CHUMBINHO-COPO-ACAI_2026-03-18_18-13-30.webp.webp?fit=1200%2C748&ssl=1&resize=350%2C200","width":350,"height":200,"srcset":"https:\/\/i0.wp.com\/noticiasribeiraopreto.com.br\/wp-content\/uploads\/2026\/03\/CHUMBINHO-COPO-ACAI_2026-03-18_18-13-30.webp.webp?fit=1200%2C748&ssl=1&resize=350%2C200 1x, https:\/\/i0.wp.com\/noticiasribeiraopreto.com.br\/wp-content\/uploads\/2026\/03\/CHUMBINHO-COPO-ACAI_2026-03-18_18-13-30.webp.webp?fit=1200%2C748&ssl=1&resize=525%2C300 1.5x, https:\/\/i0.wp.com\/noticiasribeiraopreto.com.br\/wp-content\/uploads\/2026\/03\/CHUMBINHO-COPO-ACAI_2026-03-18_18-13-30.webp.webp?fit=1200%2C748&ssl=1&resize=700%2C400 2x, https:\/\/i0.wp.com\/noticiasribeiraopreto.com.br\/wp-content\/uploads\/2026\/03\/CHUMBINHO-COPO-ACAI_2026-03-18_18-13-30.webp.webp?fit=1200%2C748&ssl=1&resize=1050%2C600 3x"},"classes":[]},{"id":82381,"url":"https:\/\/noticiasribeiraopreto.com.br\/index.php\/2026\/02\/12\/nos-vamos-aguardar-o-resultado-da-pericia-diz-delegado-sobre-suspeita-de-acai-envenenado\/","url_meta":{"origin":83370,"position":1},"title":"\u2018N\u00f3s vamos aguardar o resultado da per\u00edcia\u2019, diz delegado sobre suspeita de a\u00e7a\u00ed envenenado","author":"noticiasribeiraopreto.com.br","date":"12 de February de 2026","format":false,"excerpt":"A Pol\u00edcia Civil apreendeu nesta quarta-feira (11) o copo no qual o homem internado com suspeita de envenenamento em Ribeir\u00e3o Preto teria tomado o a\u00e7a\u00ed que estaria contaminado com chumbinho. Al\u00e9m disso, a investiga\u00e7\u00e3o tamb\u00e9m apreendeu dois celulares e uma vasilha para realiza\u00e7\u00e3o do laudo da per\u00edcia. \u201cN\u00f3s vamos aguardar\u2026","rel":"","context":"In &quot;Not\u00edcias de Ribeir\u00e3o Preto-SP e Regi\u00e3o&quot;","block_context":{"text":"Not\u00edcias de Ribeir\u00e3o Preto-SP e Regi\u00e3o","link":"https:\/\/noticiasribeiraopreto.com.br\/index.php\/category\/noticias-de-ribeirao-preto-sp-e-regiao-ismael-colosi\/"},"img":{"alt_text":"","src":"https:\/\/i0.wp.com\/noticiasribeiraopreto.com.br\/wp-content\/uploads\/2026\/02\/acai-copo_2026-02-11_21-34-27.webp.webp?fit=1200%2C675&ssl=1&resize=350%2C200","width":350,"height":200,"srcset":"https:\/\/i0.wp.com\/noticiasribeiraopreto.com.br\/wp-content\/uploads\/2026\/02\/acai-copo_2026-02-11_21-34-27.webp.webp?fit=1200%2C675&ssl=1&resize=350%2C200 1x, https:\/\/i0.wp.com\/noticiasribeiraopreto.com.br\/wp-content\/uploads\/2026\/02\/acai-copo_2026-02-11_21-34-27.webp.webp?fit=1200%2C675&ssl=1&resize=525%2C300 1.5x, https:\/\/i0.wp.com\/noticiasribeiraopreto.com.br\/wp-content\/uploads\/2026\/02\/acai-copo_2026-02-11_21-34-27.webp.webp?fit=1200%2C675&ssl=1&resize=700%2C400 2x, https:\/\/i0.wp.com\/noticiasribeiraopreto.com.br\/wp-content\/uploads\/2026\/02\/acai-copo_2026-02-11_21-34-27.webp.webp?fit=1200%2C675&ssl=1&resize=1050%2C600 3x"},"classes":[]},{"id":83368,"url":"https:\/\/noticiasribeiraopreto.com.br\/index.php\/2026\/03\/17\/laudo-confirma-chumbinho-em-copo-de-acai\/","url_meta":{"origin":83370,"position":2},"title":"Laudo confirma \u201cchumbinho\u201d em copo de a\u00e7a\u00ed","author":"noticiasribeiraopreto.com.br","date":"17 de March de 2026","format":false,"excerpt":"\r Caso deve passar a ser investigado como tentativa de homic\u00eddio e principal suspeita \u00e9 companheira da v\u00edtima\r \r 17 de mar\u00e7o de 2026 11:16 \r Compartilhar1 Por: Adalberto Luque A Pol\u00edcia Civil confirmou que o laudo do Instituto de Criminal\u00edstica (IC) constatou a presen\u00e7a de terbuf\u00f3s, princ\u00edpio ativo do\u2026","rel":"","context":"In &quot;Not\u00edcias de Ribeir\u00e3o Preto-SP e Regi\u00e3o&quot;","block_context":{"text":"Not\u00edcias de Ribeir\u00e3o Preto-SP e Regi\u00e3o","link":"https:\/\/noticiasribeiraopreto.com.br\/index.php\/category\/noticias-de-ribeirao-preto-sp-e-regiao-ismael-colosi\/"},"img":{"alt_text":"","src":"https:\/\/i0.wp.com\/noticiasribeiraopreto.com.br\/wp-content\/uploads\/2026\/03\/17-mar-2026-acai2-scaled.jpg?fit=1200%2C773&ssl=1&resize=350%2C200","width":350,"height":200,"srcset":"https:\/\/i0.wp.com\/noticiasribeiraopreto.com.br\/wp-content\/uploads\/2026\/03\/17-mar-2026-acai2-scaled.jpg?fit=1200%2C773&ssl=1&resize=350%2C200 1x, https:\/\/i0.wp.com\/noticiasribeiraopreto.com.br\/wp-content\/uploads\/2026\/03\/17-mar-2026-acai2-scaled.jpg?fit=1200%2C773&ssl=1&resize=525%2C300 1.5x, https:\/\/i0.wp.com\/noticiasribeiraopreto.com.br\/wp-content\/uploads\/2026\/03\/17-mar-2026-acai2-scaled.jpg?fit=1200%2C773&ssl=1&resize=700%2C400 2x, https:\/\/i0.wp.com\/noticiasribeiraopreto.com.br\/wp-content\/uploads\/2026\/03\/17-mar-2026-acai2-scaled.jpg?fit=1200%2C773&ssl=1&resize=1050%2C600 3x"},"classes":[]},{"id":84682,"url":"https:\/\/noticiasribeiraopreto.com.br\/index.php\/2026\/04\/14\/acai-envenenado-mulher-suspeita-de-tentar-matar-namorado-e-considerada-foragida\/","url_meta":{"origin":83370,"position":3},"title":"A\u00e7a\u00ed envenenado: Mulher suspeita de tentar matar namorado \u00e9 considerada foragida","author":"noticiasribeiraopreto.com.br","date":"14 de April de 2026","format":false,"excerpt":"Ler o resumo da not\u00edcia Larissa de Souza teve pris\u00e3o preventiva decretada por suspeita de envenenar o namorado com a\u00e7a\u00ed; ela \u00e9 considerada foragida. A ordem de pris\u00e3o foi expedida na segunda-feira (13) por volta das 17h, mas a suspecta n\u00e3o foi encontrada. O namorado Adenilson Parente tamb\u00e9m n\u00e3o foi\u2026","rel":"","context":"In &quot;Not\u00edcias de Ribeir\u00e3o Preto-SP e Regi\u00e3o&quot;","block_context":{"text":"Not\u00edcias de Ribeir\u00e3o Preto-SP e Regi\u00e3o","link":"https:\/\/noticiasribeiraopreto.com.br\/index.php\/category\/noticias-de-ribeirao-preto-sp-e-regiao-ismael-colosi\/"},"img":{"alt_text":"","src":"https:\/\/i0.wp.com\/noticiasribeiraopreto.com.br\/wp-content\/uploads\/2026\/04\/image_2026-04-13_21-30-19.webp.webp?fit=984%2C553&ssl=1&resize=350%2C200","width":350,"height":200,"srcset":"https:\/\/i0.wp.com\/noticiasribeiraopreto.com.br\/wp-content\/uploads\/2026\/04\/image_2026-04-13_21-30-19.webp.webp?fit=984%2C553&ssl=1&resize=350%2C200 1x, https:\/\/i0.wp.com\/noticiasribeiraopreto.com.br\/wp-content\/uploads\/2026\/04\/image_2026-04-13_21-30-19.webp.webp?fit=984%2C553&ssl=1&resize=525%2C300 1.5x, https:\/\/i0.wp.com\/noticiasribeiraopreto.com.br\/wp-content\/uploads\/2026\/04\/image_2026-04-13_21-30-19.webp.webp?fit=984%2C553&ssl=1&resize=700%2C400 2x"},"classes":[]},{"id":83710,"url":"https:\/\/noticiasribeiraopreto.com.br\/index.php\/2026\/03\/24\/chumbinho-no-acai-namorada-e-indiciada-por-envenenamento\/","url_meta":{"origin":83370,"position":4},"title":"&#8220;Chumbinho&#8221; no a\u00e7a\u00ed: namorada \u00e9 indiciada por envenenamento","author":"noticiasribeiraopreto.com.br","date":"24 de March de 2026","format":false,"excerpt":"Por: Adalberto Luque A Pol\u00edcia Civil indiciou Larissa Batista de Sousa por tentativa de homic\u00eddio qualificado por envenenamento. A jovem \u00e9 namorada de Adenilson Ferreira Parente, de 27 anos, que passou mal e chegou a ser internado na Unidade de Terapia Intensiva (UTI) do Hospital das Cl\u00ednicas \u2013 Unidade de\u2026","rel":"","context":"In &quot;Not\u00edcias de Ribeir\u00e3o Preto-SP e Regi\u00e3o&quot;","block_context":{"text":"Not\u00edcias de Ribeir\u00e3o Preto-SP e Regi\u00e3o","link":"https:\/\/noticiasribeiraopreto.com.br\/index.php\/category\/noticias-de-ribeirao-preto-sp-e-regiao-ismael-colosi\/"},"img":{"alt_text":"","src":"https:\/\/i0.wp.com\/noticiasribeiraopreto.com.br\/wp-content\/uploads\/2026\/03\/1774361054_17-mar-2026-acai2-1-scaled.jpg?fit=1200%2C773&ssl=1&resize=350%2C200","width":350,"height":200,"srcset":"https:\/\/i0.wp.com\/noticiasribeiraopreto.com.br\/wp-content\/uploads\/2026\/03\/1774361054_17-mar-2026-acai2-1-scaled.jpg?fit=1200%2C773&ssl=1&resize=350%2C200 1x, https:\/\/i0.wp.com\/noticiasribeiraopreto.com.br\/wp-content\/uploads\/2026\/03\/1774361054_17-mar-2026-acai2-1-scaled.jpg?fit=1200%2C773&ssl=1&resize=525%2C300 1.5x, https:\/\/i0.wp.com\/noticiasribeiraopreto.com.br\/wp-content\/uploads\/2026\/03\/1774361054_17-mar-2026-acai2-1-scaled.jpg?fit=1200%2C773&ssl=1&resize=700%2C400 2x, https:\/\/i0.wp.com\/noticiasribeiraopreto.com.br\/wp-content\/uploads\/2026\/03\/1774361054_17-mar-2026-acai2-1-scaled.jpg?fit=1200%2C773&ssl=1&resize=1050%2C600 3x"},"classes":[]},{"id":82354,"url":"https:\/\/noticiasribeiraopreto.com.br\/index.php\/2026\/02\/11\/policia-investiga-se-homem-foi-envenenado-com-chumbinho\/","url_meta":{"origin":83370,"position":5},"title":"Pol\u00edcia investiga se homem foi envenenado com chumbinho","author":"noticiasribeiraopreto.com.br","date":"11 de February de 2026","format":false,"excerpt":"\r V\u00edtima precisou ser internada no HC e foi necess\u00e1rio entubar, ficando em estado grave\r \r 11 de fevereiro de 2026 13:03 \r Compartilhar2 Por: Adalberto Luque \u2013 A Pol\u00edcia Civil investiga um poss\u00edvel caso de envenenamento por chumbinho, ap\u00f3s o consumo de um copo de a\u00e7a\u00ed. O homem passou\u2026","rel":"","context":"In &quot;Not\u00edcias de Ribeir\u00e3o Preto-SP e Regi\u00e3o&quot;","block_context":{"text":"Not\u00edcias de Ribeir\u00e3o Preto-SP e Regi\u00e3o","link":"https:\/\/noticiasribeiraopreto.com.br\/index.php\/category\/noticias-de-ribeirao-preto-sp-e-regiao-ismael-colosi\/"},"img":{"alt_text":"","src":"https:\/\/i0.wp.com\/noticiasribeiraopreto.com.br\/wp-content\/uploads\/2026\/02\/11-fev-2025-acaienvenenado1.jpg?fit=599%2C380&ssl=1&resize=350%2C200","width":350,"height":200,"srcset":"https:\/\/i0.wp.com\/noticiasribeiraopreto.com.br\/wp-content\/uploads\/2026\/02\/11-fev-2025-acaienvenenado1.jpg?fit=599%2C380&ssl=1&resize=350%2C200 1x, https:\/\/i0.wp.com\/noticiasribeiraopreto.com.br\/wp-content\/uploads\/2026\/02\/11-fev-2025-acaienvenenado1.jpg?fit=599%2C380&ssl=1&resize=525%2C300 1.5x"},"classes":[]}],"jetpack_sharing_enabled":true,"jetpack_shortlink":"https:\/\/wp.me\/peQAOb-lGG","_links":{"self":[{"href":"https:\/\/noticiasribeiraopreto.com.br\/index.php\/wp-json\/wp\/v2\/posts\/83370","targetHints":{"allow":["GET"]}}],"collection":[{"href":"https:\/\/noticiasribeiraopreto.com.br\/index.php\/wp-json\/wp\/v2\/posts"}],"about":[{"href":"https:\/\/noticiasribeiraopreto.com.br\/index.php\/wp-json\/wp\/v2\/types\/post"}],"author":[{"embeddable":true,"href":"https:\/\/noticiasribeiraopreto.com.br\/index.php\/wp-json\/wp\/v2\/users\/1"}],"replies":[{"embeddable":true,"href":"https:\/\/noticiasribeiraopreto.com.br\/index.php\/wp-json\/wp\/v2\/comments?post=83370"}],"version-history":[{"count":0,"href":"https:\/\/noticiasribeiraopreto.com.br\/index.php\/wp-json\/wp\/v2\/posts\/83370\/revisions"}],"wp:featuredmedia":[{"embeddable":true,"href":"https:\/\/noticiasribeiraopreto.com.br\/index.php\/wp-json\/wp\/v2\/media\/83371"}],"wp:attachment":[{"href":"https:\/\/noticiasribeiraopreto.com.br\/index.php\/wp-json\/wp\/v2\/media?parent=83370"}],"wp:term":[{"taxonomy":"category","embeddable":true,"href":"https:\/\/noticiasribeiraopreto.com.br\/index.php\/wp-json\/wp\/v2\/categories?post=83370"},{"taxonomy":"post_tag","embeddable":true,"href":"https:\/\/noticiasribeiraopreto.com.br\/index.php\/wp-json\/wp\/v2\/tags?post=83370"}],"curies":[{"name":"wp","href":"https:\/\/api.w.org\/{rel}","templated":true}]}}