{"id":83372,"date":"2026-03-17T12:39:07","date_gmt":"2026-03-17T15:39:07","guid":{"rendered":"https:\/\/noticiasribeiraopreto.com.br\/index.php\/2026\/03\/17\/trecho-da-avenida-nove-de-julho-e-interditado-para-conserto-do-paralelepipedo\/"},"modified":"2026-03-17T12:39:07","modified_gmt":"2026-03-17T15:39:07","slug":"trecho-da-avenida-nove-de-julho-e-interditado-para-conserto-do-paralelepipedo","status":"publish","type":"post","link":"https:\/\/noticiasribeiraopreto.com.br\/index.php\/2026\/03\/17\/trecho-da-avenida-nove-de-julho-e-interditado-para-conserto-do-paralelepipedo\/","title":{"rendered":"Trecho da avenida Nove de Julho \u00e9 interditado para conserto do paralelep\u00edpedo"},"content":{"rendered":"<div class='code-block code-block-1' style='margin: 8px 0 8px auto; text-align: right; display: block; clear: both;'>\n<p><a href=\"https:\/\/wa.link\/vpicfd\"><img data-recalc-dims=\"1\" class=\"wp-image-4922\" style=\"aspect-ratio: 2.0253164556962027; width: 561px; height: auto;\" src=\"https:\/\/i0.wp.com\/ismaelcolosi.com.br\/wp-content\/uploads\/2023\/11\/grupo-de-empregos-whatsapp-e-facebook-ismael-colosi-vagas.jpg?ssl=1\" alt=\"\" \/><\/a><\/p>\n<!-- \/wp:image -->\n<\/div>\n<p> <br \/>\n<\/p>\n<div id=\"dsoaudio\">\n            <button type=\"button\" title=\"Salvar mat\u00e9ria\" class=\"dso bookmark-injection bookmark-save\"><br \/>\n        <svg xmlns=\"http:\/\/www.w3.org\/2000\/svg\" width=\"20\" height=\"24\" viewbox=\"0 0 20 24\" fill=\"none\">\n            <path d=\"M1 23V1H19V23L10 15.6667L1 23Z\" stroke=\"black\" stroke-width=\"1.3\" stroke-linejoin=\"round\"\/>\n        <\/svg><br \/>\n    <\/button> <\/p>\n<p><strong>O acesso \u00e0 avenida Independ\u00eancia pela pista Centro-bairro da avenida Nove de Julho, <strong><strong>a partir da rua Floriano Peixoto<\/strong><\/strong><\/strong>, <strong>foi interditado emergencialmente<\/strong> <strong>na manh\u00e3 desta ter\u00e7a-feira (17)<\/strong>, <strong>em Ribeir\u00e3o Preto.<\/strong><\/p>\n<p>Segundo a <a href=\"https:\/\/www.ribeiraopreto.sp.gov.br\/portal\/rpmobi\/\" data-type=\"link\" data-id=\"https:\/\/www.ribeiraopreto.sp.gov.br\/portal\/rpmobi\/\" target=\"_blank\" rel=\"noopener\">RP Mobi<\/a>, <mark style=\"background-color:#fcb900\" class=\"has-inline-color has-black-color\">a medida \u00e9 necess\u00e1ria para a realiza\u00e7\u00e3o de obras de manuten\u00e7\u00e3o vi\u00e1ria no local.<\/mark> Os <strong>paralelep\u00edpedos <\/strong>est\u00e3o se <strong>soltando <\/strong>em <strong>trechos <\/strong>da <strong>Nove<\/strong>.<\/p>\n<p>A construtora Era T\u00e9cnica, respons\u00e1vel pela interven\u00e7\u00e3o, informou \u00e0 RP Mobi que a previs\u00e3o da interdi\u00e7\u00e3o \u00e9 de aproximadamente dez dias.<\/p>\n<p>Durante o per\u00edodo de interdi\u00e7\u00e3o, o acesso \u00e0 pista Centro-bairro da avenida Nove de Julho, no cruzamento com a rua Floriano Peixoto, estar\u00e1 liberado apenas para moradores e comerciantes da regi\u00e3o.<\/p>\n<h2 class=\"wp-block-heading\">Veja a rota a alternativa<\/h2>\n<p>Os motoristas que seguem pela rua Floriano Peixoto, no sentido da avenida Independ\u00eancia, devem atravessar o cruzamento com a avenida Nove de Julho e, na sequ\u00eancia, virar \u00e0 esquerda na rua Jo\u00e3o Penteado para acessar a avenida e seguir o trajeto de interesse.<\/p>\n<p>A RP Mobi orienta os condutores a redobrarem a aten\u00e7\u00e3o ao trafegar pela regi\u00e3o e a respeitarem a sinaliza\u00e7\u00e3o implantada no local.<\/p>\n<figure class=\"wp-block-image\"><img data-recalc-dims=\"1\" loading=\"lazy\" decoding=\"async\" width=\"1200\" height=\"839\" alt=\"mapa\" class=\"wp-image-149194\" title=\"Trecho da avenida Nove de Julho \u00e9 interditado para conserto do paralelep\u00edpedo 1\" srcset=\"https:\/\/www.acidadeon.com\/ribeiraopreto\/wp-content\/uploads\/sites\/3\/2026\/03\/mapa_interdicao_nove_julho_17mar_26.jpg_2026-03-17_14-48-21.webp 1200w, https:\/\/www.acidadeon.com\/ribeiraopreto\/wp-content\/uploads\/sites\/3\/2026\/03\/mapa_interdicao_nove_julho_17mar_26.jpg_2026-03-17_14-48-21-300x210.webp 300w, https:\/\/www.acidadeon.com\/ribeiraopreto\/wp-content\/uploads\/sites\/3\/2026\/03\/mapa_interdicao_nove_julho_17mar_26.jpg_2026-03-17_14-48-21-1024x716.webp 1024w, https:\/\/www.acidadeon.com\/ribeiraopreto\/wp-content\/uploads\/sites\/3\/2026\/03\/mapa_interdicao_nove_julho_17mar_26.jpg_2026-03-17_14-48-21-768x537.webp 768w, https:\/\/www.acidadeon.com\/ribeiraopreto\/wp-content\/uploads\/sites\/3\/2026\/03\/mapa_interdicao_nove_julho_17mar_26.jpg_2026-03-17_14-48-21-400x280.webp 400w, https:\/\/www.acidadeon.com\/ribeiraopreto\/wp-content\/uploads\/sites\/3\/2026\/03\/mapa_interdicao_nove_julho_17mar_26.jpg_2026-03-17_14-48-21-150x105.webp 150w\" data-lazy-sizes=\"(max-width: 1200px) 100vw, 1200px\" src=\"https:\/\/i0.wp.com\/www.acidadeon.com\/ribeiraopreto\/wp-content\/uploads\/sites\/3\/2026\/03\/mapa_interdicao_nove_julho_17mar_26.jpg_2026-03-17_14-48-21.webp?resize=1200%2C839&#038;ssl=1\"\/><img data-recalc-dims=\"1\" loading=\"lazy\" decoding=\"async\" width=\"1200\" height=\"839\" src=\"https:\/\/i0.wp.com\/www.acidadeon.com\/ribeiraopreto\/wp-content\/uploads\/sites\/3\/2026\/03\/mapa_interdicao_nove_julho_17mar_26.jpg_2026-03-17_14-48-21.webp?resize=1200%2C839&#038;ssl=1\" alt=\"mapa\" class=\"wp-image-149194\" title=\"Trecho da avenida Nove de Julho \u00e9 interditado para conserto do paralelep\u00edpedo 1\" srcset=\"https:\/\/www.acidadeon.com\/ribeiraopreto\/wp-content\/uploads\/sites\/3\/2026\/03\/mapa_interdicao_nove_julho_17mar_26.jpg_2026-03-17_14-48-21.webp 1200w, https:\/\/www.acidadeon.com\/ribeiraopreto\/wp-content\/uploads\/sites\/3\/2026\/03\/mapa_interdicao_nove_julho_17mar_26.jpg_2026-03-17_14-48-21-300x210.webp 300w, https:\/\/www.acidadeon.com\/ribeiraopreto\/wp-content\/uploads\/sites\/3\/2026\/03\/mapa_interdicao_nove_julho_17mar_26.jpg_2026-03-17_14-48-21-1024x716.webp 1024w, https:\/\/www.acidadeon.com\/ribeiraopreto\/wp-content\/uploads\/sites\/3\/2026\/03\/mapa_interdicao_nove_julho_17mar_26.jpg_2026-03-17_14-48-21-768x537.webp 768w, https:\/\/www.acidadeon.com\/ribeiraopreto\/wp-content\/uploads\/sites\/3\/2026\/03\/mapa_interdicao_nove_julho_17mar_26.jpg_2026-03-17_14-48-21-400x280.webp 400w, https:\/\/www.acidadeon.com\/ribeiraopreto\/wp-content\/uploads\/sites\/3\/2026\/03\/mapa_interdicao_nove_julho_17mar_26.jpg_2026-03-17_14-48-21-150x105.webp 150w\" sizes=\"auto, (max-width: 1200px) 100vw, 1200px\"\/><\/figure>\n<p>SAIBA MAIS<\/p>\n<p>Veja os bairros com alerta para falta d\u2019\u00e1gua nesta ter\u00e7a em Ribeir\u00e3o Preto<\/p>\n<h3 class=\"wp-block-heading\">FIQUE ON<\/h3>\n<p>Fique ligado em tudo que acontece em Ribeir\u00e3o Preto e regi\u00e3o. Siga os perfis do\u00a0<strong>acidade on<\/strong>\u00a0no<a href=\"https:\/\/www.instagram.com\/acidadeonribeirao\" target=\"_blank\" rel=\"noreferrer noopener\">\u00a0Instagram<\/a>\u00a0e no\u00a0<a href=\"https:\/\/www.facebook.com\/acidadeonribeirao\/\" target=\"_blank\" rel=\"noreferrer noopener\">Facebook<\/a>.<\/p>\n<p>Receba not\u00edcias do<strong>\u00a0acidade on<\/strong>\u00a0no WhatsApp. Para entrar no grupo,\u00a0basta\u00a0<a href=\"https:\/\/chat.whatsapp.com\/GFH9HUMUTHNFJdnyEd0xxq\" target=\"_blank\" rel=\"noreferrer noopener\">clicar aqui<\/a>. Ou, acesse o nosso\u00a0Canal<a href=\"https:\/\/whatsapp.com\/channel\/0029Vb6IQl1JENyAeS57fk2p\" target=\"_blank\" rel=\"noreferrer noopener\">\u00a0clicando aqui<\/a>.<\/p>\n<p>Fa\u00e7a uma den\u00fancia ou sugira uma reportagem sobre Ribeir\u00e3o Preto e regi\u00e3o pelo WhatsApp: 16 99117 7802.<\/p>\n<p>VEJA TAMB\u00c9M<\/p>\n<p>Salgados de festa: 4 receitas pr\u00e1ticas para fazer em casa<\/p>\n<p><input type=\"hidden\" name=\"postID\" id=\"postID\" value=\"149190\"\/><br \/>\n            <input type=\"hidden\" name=\"postType\" id=\"postType\" value=\"post\"\/><br \/>\n<!-- AI CONTENT END 1 -->\n        <\/div>\n<p><script async src=\"\/\/www.instagram.com\/embed.js\"><\/script><br \/>\n<br \/><br \/>\n<br \/><a href=\"https:\/\/www.acidadeon.com\/ribeiraopreto\/cotidiano\/trecho-da-avenida-nove-de-julho-e-interditado-para-conserto-do-paralelepipedo\/\">Source link <\/a><\/p>\n<!-- CONTENT END 1 -->\n","protected":false},"excerpt":{"rendered":"<p>O acesso \u00e0 avenida Independ\u00eancia pela pista Centro-bairro da avenida Nove de Julho, a partir da rua Floriano Peixoto, foi interditado emergencialmente na manh\u00e3 desta&#8230;<\/p>\n","protected":false},"author":1,"featured_media":48094,"comment_status":"open","ping_status":"open","sticky":false,"template":"","format":"standard","meta":{"advanced_seo_description":"","jetpack_seo_html_title":"","jetpack_seo_noindex":false,"jetpack_post_was_ever_published":false,"_jetpack_newsletter_access":"","_jetpack_dont_email_post_to_subs":false,"_jetpack_newsletter_tier_id":0,"_jetpack_memberships_contains_paywalled_content":false,"_jetpack_memberships_contains_paid_content":false,"footnotes":"","jetpack_publicize_message":"","jetpack_publicize_feature_enabled":true,"jetpack_social_post_already_shared":true,"jetpack_social_options":{"image_generator_settings":{"template":"highway","default_image_id":0,"font":"","enabled":false},"version":2}},"categories":[11],"tags":[],"class_list":["post-83372","post","type-post","status-publish","format-standard","has-post-thumbnail","hentry","category-noticias-de-ribeirao-preto-sp-e-regiao-ismael-colosi"],"jetpack_publicize_connections":[],"jetpack_featured_media_url":"https:\/\/i0.wp.com\/noticiasribeiraopreto.com.br\/wp-content\/uploads\/2024\/04\/Copia-de-Copia-de-TAMANHO-EXATO-PARA-FOTOS-NO-SISTEMA-NOVO-24-1_2024-04-30_19-23-42_jpg.webp.webp?fit=1200%2C675&ssl=1","jetpack-related-posts":[{"id":51799,"url":"https:\/\/noticiasribeiraopreto.com.br\/index.php\/2024\/05\/30\/novo-trecho-da-avenida-nove-de-julho-em-ribeirao-preto-sera-interditado-por-60-dias\/","url_meta":{"origin":83372,"position":0},"title":"Novo trecho da avenida Nove de Julho em Ribeir\u00e3o Preto ser\u00e1 interditado por 60 dias","author":"noticiasribeiraopreto.com.br","date":"30 de May de 2024","format":false,"excerpt":"Um novo trecho da avenida Nove de Julho ser\u00e1 interditado por 60 dias, a partir desta sexta-feira (31). O bloqueio ser\u00e1 na pista bairro-Centro, da rua Cerqueira C\u00e9sar at\u00e9 a rua Comandante Marcondes Salgado. Os acessos neste trecho ser\u00e3o liberados somente para os moradores e comerciantes da regi\u00e3o. A RP\u2026","rel":"","context":"In &quot;Not\u00edcias de Ribeir\u00e3o Preto-SP e Regi\u00e3o&quot;","block_context":{"text":"Not\u00edcias de Ribeir\u00e3o Preto-SP e Regi\u00e3o","link":"https:\/\/noticiasribeiraopreto.com.br\/index.php\/category\/noticias-de-ribeirao-preto-sp-e-regiao-ismael-colosi\/"},"img":{"alt_text":"","src":"https:\/\/i0.wp.com\/noticiasribeiraopreto.com.br\/wp-content\/uploads\/2024\/05\/Copia-de-Copia-de-TAMANHO-EXATO-PARA-FOTOS-NO-SISTEMA-NOVO-66_2024-05-30_16-47-36_jpg_2024-05-30_16-47-37.webp.webp?fit=1200%2C675&ssl=1&resize=350%2C200","width":350,"height":200,"srcset":"https:\/\/i0.wp.com\/noticiasribeiraopreto.com.br\/wp-content\/uploads\/2024\/05\/Copia-de-Copia-de-TAMANHO-EXATO-PARA-FOTOS-NO-SISTEMA-NOVO-66_2024-05-30_16-47-36_jpg_2024-05-30_16-47-37.webp.webp?fit=1200%2C675&ssl=1&resize=350%2C200 1x, https:\/\/i0.wp.com\/noticiasribeiraopreto.com.br\/wp-content\/uploads\/2024\/05\/Copia-de-Copia-de-TAMANHO-EXATO-PARA-FOTOS-NO-SISTEMA-NOVO-66_2024-05-30_16-47-36_jpg_2024-05-30_16-47-37.webp.webp?fit=1200%2C675&ssl=1&resize=525%2C300 1.5x, https:\/\/i0.wp.com\/noticiasribeiraopreto.com.br\/wp-content\/uploads\/2024\/05\/Copia-de-Copia-de-TAMANHO-EXATO-PARA-FOTOS-NO-SISTEMA-NOVO-66_2024-05-30_16-47-36_jpg_2024-05-30_16-47-37.webp.webp?fit=1200%2C675&ssl=1&resize=700%2C400 2x, https:\/\/i0.wp.com\/noticiasribeiraopreto.com.br\/wp-content\/uploads\/2024\/05\/Copia-de-Copia-de-TAMANHO-EXATO-PARA-FOTOS-NO-SISTEMA-NOVO-66_2024-05-30_16-47-36_jpg_2024-05-30_16-47-37.webp.webp?fit=1200%2C675&ssl=1&resize=1050%2C600 3x"},"classes":[]},{"id":52381,"url":"https:\/\/noticiasribeiraopreto.com.br\/index.php\/2024\/06\/06\/mais-um-trecho-da-avenida-nove-de-julho-e-interditado-em-ribeirao-preto\/","url_meta":{"origin":83372,"position":1},"title":"Mais um trecho da avenida Nove de Julho \u00e9 interditado em Ribeir\u00e3o Preto","author":"noticiasribeiraopreto.com.br","date":"6 de June de 2024","format":false,"excerpt":"A Prefeitura de Ribeir\u00e3o Preto informou, nesta quinta-feira (06), que interditou mais um trecho da avenida Nove de Julho, em Ribeir\u00e3o Preto, sendo no sentido Centro\/Bairro da via, a partir da rua Bar\u00e3o do Amazonas at\u00e9 a rua Cerqueira C\u00e9sar. De acordo com a Era-T\u00e9cnica Engenharia Constru\u00e7\u00f5es e Servi\u00e7os Ltda,\u2026","rel":"","context":"In &quot;Not\u00edcias de Ribeir\u00e3o Preto-SP e Regi\u00e3o&quot;","block_context":{"text":"Not\u00edcias de Ribeir\u00e3o Preto-SP e Regi\u00e3o","link":"https:\/\/noticiasribeiraopreto.com.br\/index.php\/category\/noticias-de-ribeirao-preto-sp-e-regiao-ismael-colosi\/"},"img":{"alt_text":"","src":"https:\/\/i0.wp.com\/noticiasribeiraopreto.com.br\/wp-content\/uploads\/2024\/06\/avenida-nove-de-julho-3.jpeg?fit=1200%2C675&ssl=1&resize=350%2C200","width":350,"height":200,"srcset":"https:\/\/i0.wp.com\/noticiasribeiraopreto.com.br\/wp-content\/uploads\/2024\/06\/avenida-nove-de-julho-3.jpeg?fit=1200%2C675&ssl=1&resize=350%2C200 1x, https:\/\/i0.wp.com\/noticiasribeiraopreto.com.br\/wp-content\/uploads\/2024\/06\/avenida-nove-de-julho-3.jpeg?fit=1200%2C675&ssl=1&resize=525%2C300 1.5x, https:\/\/i0.wp.com\/noticiasribeiraopreto.com.br\/wp-content\/uploads\/2024\/06\/avenida-nove-de-julho-3.jpeg?fit=1200%2C675&ssl=1&resize=700%2C400 2x, https:\/\/i0.wp.com\/noticiasribeiraopreto.com.br\/wp-content\/uploads\/2024\/06\/avenida-nove-de-julho-3.jpeg?fit=1200%2C675&ssl=1&resize=1050%2C600 3x"},"classes":[]},{"id":25302,"url":"https:\/\/noticiasribeiraopreto.com.br\/index.php\/2024\/01\/06\/cruzamento-da-avenida-nove-de-julho-segue-interditado-veja-o-novo-prazo-para-liberacao\/","url_meta":{"origin":83372,"position":2},"title":"Cruzamento da avenida Nove de Julho segue interditado; Veja o novo prazo para libera\u00e7\u00e3o","author":"noticiasribeiraopreto.com.br","date":"6 de January de 2024","format":false,"excerpt":"O cruzamento da avenida Nove de Julho com a rua Comandante Marcondes Salgado, em Ribeir\u00e3o Preto, que deveria ser liberado na sexta-feira (5), permanecer\u00e1 interditado de acordo com a Prefeitura do munic\u00edpio, at\u00e9 o domingo (7). O trecho, que est\u00e1 bloqueado desde junho de 2023, teve o prazo prorrogado pela\u2026","rel":"","context":"In &quot;Not\u00edcias de Ribeir\u00e3o Preto-SP e Regi\u00e3o&quot;","block_context":{"text":"Not\u00edcias de Ribeir\u00e3o Preto-SP e Regi\u00e3o","link":"https:\/\/noticiasribeiraopreto.com.br\/index.php\/category\/noticias-de-ribeirao-preto-sp-e-regiao-ismael-colosi\/"},"img":{"alt_text":"","src":"https:\/\/i0.wp.com\/noticiasribeiraopreto.com.br\/wp-content\/uploads\/2024\/01\/liberacao_cruzamento_nove_de_julho_x_marcondes_salgado_2.jpg?fit=1000%2C666&ssl=1&resize=350%2C200","width":350,"height":200,"srcset":"https:\/\/i0.wp.com\/noticiasribeiraopreto.com.br\/wp-content\/uploads\/2024\/01\/liberacao_cruzamento_nove_de_julho_x_marcondes_salgado_2.jpg?fit=1000%2C666&ssl=1&resize=350%2C200 1x, https:\/\/i0.wp.com\/noticiasribeiraopreto.com.br\/wp-content\/uploads\/2024\/01\/liberacao_cruzamento_nove_de_julho_x_marcondes_salgado_2.jpg?fit=1000%2C666&ssl=1&resize=525%2C300 1.5x, https:\/\/i0.wp.com\/noticiasribeiraopreto.com.br\/wp-content\/uploads\/2024\/01\/liberacao_cruzamento_nove_de_julho_x_marcondes_salgado_2.jpg?fit=1000%2C666&ssl=1&resize=700%2C400 2x"},"classes":[]},{"id":9550,"url":"https:\/\/noticiasribeiraopreto.com.br\/index.php\/2023\/12\/02\/tunel-da-avenida-independencia-sera-interditado-neste-sabado-dia-2\/","url_meta":{"origin":83372,"position":3},"title":"T\u00fanel da avenida Independ\u00eancia ser\u00e1 interditado neste s\u00e1bado, dia 2","author":"noticiasribeiraopreto.com.br","date":"2 de December de 2023","format":false,"excerpt":"2 de dezembro de 2023 | 9:301 de dezembro de 2023 | 22:32 0O t\u00fanel Jos\u00e9 Bonif\u00e1cio de Andrada come\u00e7a na avenida Independ\u00eancia, na altura da rua Bernardino de Campos, passando por baixo da Nove de Julho, e termina na Avenida Presidente Vargas, entre as ruas Jo\u00e3o Penteado e Eliseu\u2026","rel":"","context":"In &quot;Not\u00edcias de Ribeir\u00e3o Preto-SP e Regi\u00e3o&quot;","block_context":{"text":"Not\u00edcias de Ribeir\u00e3o Preto-SP e Regi\u00e3o","link":"https:\/\/noticiasribeiraopreto.com.br\/index.php\/category\/noticias-de-ribeirao-preto-sp-e-regiao-ismael-colosi\/"},"img":{"alt_text":"","src":"https:\/\/i0.wp.com\/noticiasribeiraopreto.com.br\/wp-content\/uploads\/2023\/12\/tunel-scaled.jpeg?fit=842%2C645&ssl=1&resize=350%2C200","width":350,"height":200,"srcset":"https:\/\/i0.wp.com\/noticiasribeiraopreto.com.br\/wp-content\/uploads\/2023\/12\/tunel-scaled.jpeg?fit=842%2C645&ssl=1&resize=350%2C200 1x, https:\/\/i0.wp.com\/noticiasribeiraopreto.com.br\/wp-content\/uploads\/2023\/12\/tunel-scaled.jpeg?fit=842%2C645&ssl=1&resize=525%2C300 1.5x, https:\/\/i0.wp.com\/noticiasribeiraopreto.com.br\/wp-content\/uploads\/2023\/12\/tunel-scaled.jpeg?fit=842%2C645&ssl=1&resize=700%2C400 2x"},"classes":[]},{"id":15070,"url":"https:\/\/noticiasribeiraopreto.com.br\/index.php\/2023\/12\/13\/tunel-sera-interditado-na-tarde-desta-terca-em-ribeirao-preto-veja-o-motivo\/","url_meta":{"origin":83372,"position":4},"title":"T\u00fanel ser\u00e1 interditado na tarde desta ter\u00e7a em Ribeir\u00e3o Preto; Veja o motivo","author":"noticiasribeiraopreto.com.br","date":"13 de December de 2023","format":false,"excerpt":"O acesso ao t\u00fanel Jos\u00e9 Bonif\u00e1cio de Andrada, em Ribeir\u00e3o Preto, ser\u00e1 interditado na tarde desta ter\u00e7a-feira (12), a partir das 16h para pintura. A previs\u00e3o \u00e9 que o dispositivo vi\u00e1rio seja liberado ao tr\u00e1fego de ve\u00edculos por volta das 17h. De acordo com a Secretaria Municipal de Infraestrutura, o\u2026","rel":"","context":"In &quot;Not\u00edcias de Ribeir\u00e3o Preto-SP e Regi\u00e3o&quot;","block_context":{"text":"Not\u00edcias de Ribeir\u00e3o Preto-SP e Regi\u00e3o","link":"https:\/\/noticiasribeiraopreto.com.br\/index.php\/category\/noticias-de-ribeirao-preto-sp-e-regiao-ismael-colosi\/"},"img":{"alt_text":"","src":"https:\/\/i0.wp.com\/noticiasribeiraopreto.com.br\/wp-content\/uploads\/2023\/12\/TUNEL.jpg?fit=1200%2C853&ssl=1&resize=350%2C200","width":350,"height":200,"srcset":"https:\/\/i0.wp.com\/noticiasribeiraopreto.com.br\/wp-content\/uploads\/2023\/12\/TUNEL.jpg?fit=1200%2C853&ssl=1&resize=350%2C200 1x, https:\/\/i0.wp.com\/noticiasribeiraopreto.com.br\/wp-content\/uploads\/2023\/12\/TUNEL.jpg?fit=1200%2C853&ssl=1&resize=525%2C300 1.5x, https:\/\/i0.wp.com\/noticiasribeiraopreto.com.br\/wp-content\/uploads\/2023\/12\/TUNEL.jpg?fit=1200%2C853&ssl=1&resize=700%2C400 2x, https:\/\/i0.wp.com\/noticiasribeiraopreto.com.br\/wp-content\/uploads\/2023\/12\/TUNEL.jpg?fit=1200%2C853&ssl=1&resize=1050%2C600 3x"},"classes":[]},{"id":4372,"url":"https:\/\/noticiasribeiraopreto.com.br\/index.php\/2023\/11\/21\/tunel-sera-interditado-novamente-em-ribeirao-preto-veja-o-motivo\/","url_meta":{"origin":83372,"position":5},"title":"T\u00fanel ser\u00e1 interditado novamente em Ribeir\u00e3o Preto; Veja o motivo","author":"noticiasribeiraopreto.com.br","date":"21 de November de 2023","format":false,"excerpt":"O t\u00fanel Jos\u00e9 Bonif\u00e1cio, entre as avenidas Independ\u00eancia e Presidente Vargas, em Ribeir\u00e3o Preto, ser\u00e1 interditado novamente na tarde desta ter\u00e7a-feira (21). De acordo com a RP Mobi, a interdi\u00e7\u00e3o \u00e9 necess\u00e1ria para pintura do t\u00fanel. A interdi\u00e7\u00e3o do dispositivo come\u00e7a \u00e0s 14h e a previs\u00e3o \u00e9 que a via\u2026","rel":"","context":"In &quot;Not\u00edcias de Ribeir\u00e3o Preto-SP e Regi\u00e3o&quot;","block_context":{"text":"Not\u00edcias de Ribeir\u00e3o Preto-SP e Regi\u00e3o","link":"https:\/\/noticiasribeiraopreto.com.br\/index.php\/category\/noticias-de-ribeirao-preto-sp-e-regiao-ismael-colosi\/"},"img":{"alt_text":"","src":"https:\/\/i0.wp.com\/noticiasribeiraopreto.com.br\/wp-content\/uploads\/2023\/11\/1700578607_tunel-jose-bonifacio.jpg?fit=1200%2C800&ssl=1&resize=350%2C200","width":350,"height":200,"srcset":"https:\/\/i0.wp.com\/noticiasribeiraopreto.com.br\/wp-content\/uploads\/2023\/11\/1700578607_tunel-jose-bonifacio.jpg?fit=1200%2C800&ssl=1&resize=350%2C200 1x, https:\/\/i0.wp.com\/noticiasribeiraopreto.com.br\/wp-content\/uploads\/2023\/11\/1700578607_tunel-jose-bonifacio.jpg?fit=1200%2C800&ssl=1&resize=525%2C300 1.5x, https:\/\/i0.wp.com\/noticiasribeiraopreto.com.br\/wp-content\/uploads\/2023\/11\/1700578607_tunel-jose-bonifacio.jpg?fit=1200%2C800&ssl=1&resize=700%2C400 2x, https:\/\/i0.wp.com\/noticiasribeiraopreto.com.br\/wp-content\/uploads\/2023\/11\/1700578607_tunel-jose-bonifacio.jpg?fit=1200%2C800&ssl=1&resize=1050%2C600 3x"},"classes":[]}],"jetpack_sharing_enabled":true,"jetpack_shortlink":"https:\/\/wp.me\/peQAOb-lGI","_links":{"self":[{"href":"https:\/\/noticiasribeiraopreto.com.br\/index.php\/wp-json\/wp\/v2\/posts\/83372","targetHints":{"allow":["GET"]}}],"collection":[{"href":"https:\/\/noticiasribeiraopreto.com.br\/index.php\/wp-json\/wp\/v2\/posts"}],"about":[{"href":"https:\/\/noticiasribeiraopreto.com.br\/index.php\/wp-json\/wp\/v2\/types\/post"}],"author":[{"embeddable":true,"href":"https:\/\/noticiasribeiraopreto.com.br\/index.php\/wp-json\/wp\/v2\/users\/1"}],"replies":[{"embeddable":true,"href":"https:\/\/noticiasribeiraopreto.com.br\/index.php\/wp-json\/wp\/v2\/comments?post=83372"}],"version-history":[{"count":0,"href":"https:\/\/noticiasribeiraopreto.com.br\/index.php\/wp-json\/wp\/v2\/posts\/83372\/revisions"}],"wp:featuredmedia":[{"embeddable":true,"href":"https:\/\/noticiasribeiraopreto.com.br\/index.php\/wp-json\/wp\/v2\/media\/48094"}],"wp:attachment":[{"href":"https:\/\/noticiasribeiraopreto.com.br\/index.php\/wp-json\/wp\/v2\/media?parent=83372"}],"wp:term":[{"taxonomy":"category","embeddable":true,"href":"https:\/\/noticiasribeiraopreto.com.br\/index.php\/wp-json\/wp\/v2\/categories?post=83372"},{"taxonomy":"post_tag","embeddable":true,"href":"https:\/\/noticiasribeiraopreto.com.br\/index.php\/wp-json\/wp\/v2\/tags?post=83372"}],"curies":[{"name":"wp","href":"https:\/\/api.w.org\/{rel}","templated":true}]}}