{"id":83373,"date":"2026-03-17T12:45:46","date_gmt":"2026-03-17T15:45:46","guid":{"rendered":"https:\/\/noticiasribeiraopreto.com.br\/index.php\/2026\/03\/17\/pre-venda-de-ingressos-para-o-joao-rock-comeca-nesta-terca-feira\/"},"modified":"2026-03-17T12:45:46","modified_gmt":"2026-03-17T15:45:46","slug":"pre-venda-de-ingressos-para-o-joao-rock-comeca-nesta-terca-feira","status":"publish","type":"post","link":"https:\/\/noticiasribeiraopreto.com.br\/index.php\/2026\/03\/17\/pre-venda-de-ingressos-para-o-joao-rock-comeca-nesta-terca-feira\/","title":{"rendered":"Pr\u00e9-venda de ingressos para o Jo\u00e3o Rock come\u00e7a nesta ter\u00e7a-feira"},"content":{"rendered":"<div class='code-block code-block-1' style='margin: 8px 0 8px auto; text-align: right; display: block; clear: both;'>\n<p><a href=\"https:\/\/wa.link\/vpicfd\"><img data-recalc-dims=\"1\" class=\"wp-image-4922\" style=\"aspect-ratio: 2.0253164556962027; width: 561px; height: auto;\" src=\"https:\/\/i0.wp.com\/ismaelcolosi.com.br\/wp-content\/uploads\/2023\/11\/grupo-de-empregos-whatsapp-e-facebook-ismael-colosi-vagas.jpg?ssl=1\" alt=\"\" \/><\/a><\/p>\n<!-- \/wp:image -->\n<\/div>\n<p> <br \/>\n<\/p>\n<div id=\"dsoaudio\">\n            <button type=\"button\" title=\"Salvar mat\u00e9ria\" class=\"dso bookmark-injection bookmark-save\"><br \/>\n        <svg xmlns=\"http:\/\/www.w3.org\/2000\/svg\" width=\"20\" height=\"24\" viewbox=\"0 0 20 24\" fill=\"none\">\n            <path d=\"M1 23V1H19V23L10 15.6667L1 23Z\" stroke=\"black\" stroke-width=\"1.3\" stroke-linejoin=\"round\"\/>\n        <\/svg><br \/>\n    <\/button> <\/p>\n<p>A pr\u00e9-venda de ingressos para o <strong>Festival Jo\u00e3o Rock<\/strong>, que acontece em <strong>Ribeir\u00e3o Preto<\/strong> no dia 1\u00ba de agosto, come\u00e7a nesta ter\u00e7a-feira (17), \u00e0s 12h. O Jo\u00e3o Rock j\u00e1 confirmou os primeiros nomes para a edi\u00e7\u00e3o de 2026: CPM 22, Detonautas, Armandinho, Os Paralamas do Sucesso, Criolo, Z\u00e9 Ramalho e Marina Sena.<\/p>\n<p>Ao todo, o festival reunir\u00e1 27 atra\u00e7\u00f5es distribu\u00eddas em cinco palcos. O Jo\u00e3o Rock 2026 acontece no dia 1\u00ba de agosto, no Parque Permanente de Exposi\u00e7\u00f5es, e espera receber mais de 55 mil pessoas.<\/p>\n<blockquote class=\"instagram-media\" data-instgrm-permalink=\"https:\/\/www.instagram.com\/p\/DVtTILGDkx7\/?utm_source=ig_embed&amp;utm_campaign=loading\" data-instgrm-version=\"14\" style=\" background:#FFF; border:0; border-radius:3px; box-shadow:0 0 1px 0 rgba(0,0,0,0.5),0 1px 10px 0 rgba(0,0,0,0.15); margin: 1px; max-width:540px; min-width:326px; padding:0; width:99.375%; width:-webkit-calc(100% - 2px); width:calc(100% - 2px);\"\/>\n<h2 class=\"wp-block-heading\"><strong>Pr\u00e9-venda<\/strong><\/h2>\n<p>A comercializa\u00e7\u00e3o de ingressos na pr\u00e9-venda segue at\u00e9 o dia 23 de mar\u00e7o (ou enquanto durarem os ingressos disponibilizados para a\u00e7\u00e3o por setor) somente pelo site oficial do evento (<a href=\"https:\/\/www.joaorock.com.br\/\" data-type=\"link\" data-id=\"https:\/\/www.joaorock.com.br\/\" target=\"_blank\" rel=\"noopener\">clique aqui<\/a>). Os clientes dos cart\u00f5es BB Visa ter\u00e3o 20% de desconto no valor dos ingressos.<\/p>\n<p>Os setores dispon\u00edveis s\u00e3o Pista, Pista Premium, Camarote Jo\u00e3o Rock e Camarote Eisen, espa\u00e7o que, nesta edi\u00e7\u00e3o, passa a adotar novo nome, por\u00e9m mantendo o formato open bar e open food, com estrutura voltada ao conforto e servi\u00e7os exclusivos para o p\u00fablico.<\/p>\n<p>Cada CPF poder\u00e1 adquirir at\u00e9 quatro ingressos, independentemente do setor escolhido.<\/p>\n<p>SAIBA MAIS<br \/>Feira Alta Caf\u00e9 2026 projeta R$ 260 milh\u00f5es em neg\u00f3cios e 20 mil visitantes<\/p>\n<h2 class=\"wp-block-heading\"><strong>FIQUE ON<\/strong><\/h2>\n<p>Fique ligado em tudo que acontece em Ribeir\u00e3o Preto e regi\u00e3o. Siga os perfis do\u00a0<strong>acidade on\u00a0<\/strong>no<a href=\"https:\/\/www.instagram.com\/acidadeonribeirao\" target=\"_blank\" rel=\"noreferrer noopener\">\u00a0Instagram<\/a>\u00a0e no\u00a0<a href=\"https:\/\/www.facebook.com\/acidadeonribeirao\/\" target=\"_blank\" rel=\"noreferrer noopener\">Facebook<\/a>.<\/p>\n<p>Receba not\u00edcias do<strong>\u00a0acidade on<\/strong>\u00a0no WhatsApp. Para entrar no grupo,\u00a0basta<a href=\"https:\/\/chat.whatsapp.com\/GFH9HUMUTHNFJdnyEd0xxq\" target=\"_blank\" rel=\"noreferrer noopener\">\u00a0clicar aqui<\/a>. Ou, acesse o nosso\u00a0Canal\u00a0<a href=\"https:\/\/whatsapp.com\/channel\/0029Vb6IQl1JENyAeS57fk2p\" target=\"_blank\" rel=\"noreferrer noopener\">clicando aqui<\/a>.<\/p>\n<p>Fa\u00e7a uma den\u00fancia ou sugira uma reportagem sobre Ribeir\u00e3o Preto e regi\u00e3o pelo WhatsApp: 16 99117 7802.<\/p>\n<p>VEJA TAMB\u00c9M<br \/>6 dicas para montar um cronograma de estudos eficiente para as provas<\/p>\n<p><input type=\"hidden\" name=\"postID\" id=\"postID\" value=\"149186\"\/><br \/>\n            <input type=\"hidden\" name=\"postType\" id=\"postType\" value=\"post\"\/><br \/>\n<!-- AI CONTENT END 1 -->\n        <\/div>\n<p><script async src=\"\/\/www.instagram.com\/embed.js\"><\/script><br \/>\n<br \/><br \/>\n<br \/><a href=\"https:\/\/www.acidadeon.com\/ribeiraopreto\/lazer-e-cultura\/pre-venda-de-ingressos-para-o-joao-rock-comeca-nesta-terca-feira\/\">Source link <\/a><\/p>\n<!-- CONTENT END 1 -->\n","protected":false},"excerpt":{"rendered":"<p>A pr\u00e9-venda de ingressos para o Festival Jo\u00e3o Rock, que acontece em Ribeir\u00e3o Preto no dia 1\u00ba de agosto, come\u00e7a nesta ter\u00e7a-feira (17), \u00e0s 12h&#8230;.<\/p>\n","protected":false},"author":1,"featured_media":83374,"comment_status":"open","ping_status":"open","sticky":false,"template":"","format":"standard","meta":{"advanced_seo_description":"","jetpack_seo_html_title":"","jetpack_seo_noindex":false,"jetpack_post_was_ever_published":false,"_jetpack_newsletter_access":"","_jetpack_dont_email_post_to_subs":false,"_jetpack_newsletter_tier_id":0,"_jetpack_memberships_contains_paywalled_content":false,"_jetpack_memberships_contains_paid_content":false,"footnotes":"","jetpack_publicize_message":"","jetpack_publicize_feature_enabled":true,"jetpack_social_post_already_shared":true,"jetpack_social_options":{"image_generator_settings":{"template":"highway","default_image_id":0,"font":"","enabled":false},"version":2}},"categories":[11],"tags":[],"class_list":["post-83373","post","type-post","status-publish","format-standard","has-post-thumbnail","hentry","category-noticias-de-ribeirao-preto-sp-e-regiao-ismael-colosi"],"jetpack_publicize_connections":[],"jetpack_featured_media_url":"https:\/\/i0.wp.com\/noticiasribeiraopreto.com.br\/wp-content\/uploads\/2026\/03\/joao-rock-festival_2025-12-16_13-36-38.webp.webp?fit=1200%2C800&ssl=1","jetpack-related-posts":[{"id":39027,"url":"https:\/\/noticiasribeiraopreto.com.br\/index.php\/2024\/02\/22\/pre-venda-de-ingressos-para-o-joao-rock-em-ribeirao-preto-comeca-no-dia-27\/","url_meta":{"origin":83373,"position":0},"title":"Pr\u00e9-venda de ingressos para o Jo\u00e3o Rock em Ribeir\u00e3o Preto come\u00e7a no dia 27","author":"noticiasribeiraopreto.com.br","date":"22 de February de 2024","format":false,"excerpt":"A pr\u00e9-venda dos ingressos para o 21\u00ba Festival Jo\u00e3o Rock 2024 come\u00e7a \u00e0s 12h de ter\u00e7a-feira (27). O evento acontece no dia 8 de junho, no Parque Permanente de Exposi\u00e7\u00f5es de Ribeir\u00e3o Preto. O lote de antecipa\u00e7\u00e3o de venda para um dos principais festivais de m\u00fasica do pa\u00eds acontece sempre\u2026","rel":"","context":"In &quot;Not\u00edcias de Ribeir\u00e3o Preto-SP e Regi\u00e3o&quot;","block_context":{"text":"Not\u00edcias de Ribeir\u00e3o Preto-SP e Regi\u00e3o","link":"https:\/\/noticiasribeiraopreto.com.br\/index.php\/category\/noticias-de-ribeirao-preto-sp-e-regiao-ismael-colosi\/"},"img":{"alt_text":"","src":"https:\/\/i0.wp.com\/noticiasribeiraopreto.com.br\/wp-content\/uploads\/2024\/02\/3-13.jpg?fit=1200%2C675&ssl=1&resize=350%2C200","width":350,"height":200,"srcset":"https:\/\/i0.wp.com\/noticiasribeiraopreto.com.br\/wp-content\/uploads\/2024\/02\/3-13.jpg?fit=1200%2C675&ssl=1&resize=350%2C200 1x, https:\/\/i0.wp.com\/noticiasribeiraopreto.com.br\/wp-content\/uploads\/2024\/02\/3-13.jpg?fit=1200%2C675&ssl=1&resize=525%2C300 1.5x, https:\/\/i0.wp.com\/noticiasribeiraopreto.com.br\/wp-content\/uploads\/2024\/02\/3-13.jpg?fit=1200%2C675&ssl=1&resize=700%2C400 2x, https:\/\/i0.wp.com\/noticiasribeiraopreto.com.br\/wp-content\/uploads\/2024\/02\/3-13.jpg?fit=1200%2C675&ssl=1&resize=1050%2C600 3x"},"classes":[]},{"id":39654,"url":"https:\/\/noticiasribeiraopreto.com.br\/index.php\/2024\/02\/27\/comeca-pre-venda-de-ingressos-do-joao-rock-em-ribeirao-preto-2\/","url_meta":{"origin":83373,"position":1},"title":"Come\u00e7a pr\u00e9-venda de ingressos do Jo\u00e3o Rock em Ribeir\u00e3o Preto","author":"noticiasribeiraopreto.com.br","date":"27 de February de 2024","format":false,"excerpt":"Come\u00e7a nesta ter\u00e7a-feira (27), a partir das 12h, a pr\u00e9-venda de ingressos do Festival Jo\u00e3o Rock, que acontece dia 8 de junho, no Parque Permanente de Exposi\u00e7\u00f5es de Ribeir\u00e3o Preto. O per\u00edodo promocional vai at\u00e9 dia 4 de mar\u00e7o, \u00e0s 23h59, ou at\u00e9 esgotar o lote. Em 2023, os ingressos\u2026","rel":"","context":"In &quot;Not\u00edcias de Ribeir\u00e3o Preto-SP e Regi\u00e3o&quot;","block_context":{"text":"Not\u00edcias de Ribeir\u00e3o Preto-SP e Regi\u00e3o","link":"https:\/\/noticiasribeiraopreto.com.br\/index.php\/category\/noticias-de-ribeirao-preto-sp-e-regiao-ismael-colosi\/"},"img":{"alt_text":"","src":"https:\/\/i0.wp.com\/noticiasribeiraopreto.com.br\/wp-content\/uploads\/2024\/02\/1709051693_joao_rock_1200x675_12052022153444.jpg?fit=1200%2C675&ssl=1&resize=350%2C200","width":350,"height":200,"srcset":"https:\/\/i0.wp.com\/noticiasribeiraopreto.com.br\/wp-content\/uploads\/2024\/02\/1709051693_joao_rock_1200x675_12052022153444.jpg?fit=1200%2C675&ssl=1&resize=350%2C200 1x, https:\/\/i0.wp.com\/noticiasribeiraopreto.com.br\/wp-content\/uploads\/2024\/02\/1709051693_joao_rock_1200x675_12052022153444.jpg?fit=1200%2C675&ssl=1&resize=525%2C300 1.5x, https:\/\/i0.wp.com\/noticiasribeiraopreto.com.br\/wp-content\/uploads\/2024\/02\/1709051693_joao_rock_1200x675_12052022153444.jpg?fit=1200%2C675&ssl=1&resize=700%2C400 2x, https:\/\/i0.wp.com\/noticiasribeiraopreto.com.br\/wp-content\/uploads\/2024\/02\/1709051693_joao_rock_1200x675_12052022153444.jpg?fit=1200%2C675&ssl=1&resize=1050%2C600 3x"},"classes":[]},{"id":39620,"url":"https:\/\/noticiasribeiraopreto.com.br\/index.php\/2024\/02\/27\/comeca-pre-venda-de-ingressos-do-joao-rock-em-ribeirao-preto\/","url_meta":{"origin":83373,"position":2},"title":"Come\u00e7a pr\u00e9-venda de ingressos do Jo\u00e3o Rock em Ribeir\u00e3o Preto","author":"noticiasribeiraopreto.com.br","date":"27 de February de 2024","format":false,"excerpt":"Come\u00e7a nesta ter\u00e7a-feira (27), a partir das 12h, a pr\u00e9-venda de ingressos do Festival Jo\u00e3o Rock, que acontece dia 8 de junho, no Parque Permanente de Exposi\u00e7\u00f5es de Ribeir\u00e3o Preto. As vendas s\u00e3o tradicionalmente iniciada antes da divulga\u00e7\u00e3o do line-up do evento. O per\u00edodo promocional vai at\u00e9 dia 4 de\u2026","rel":"","context":"In &quot;Not\u00edcias de Ribeir\u00e3o Preto-SP e Regi\u00e3o&quot;","block_context":{"text":"Not\u00edcias de Ribeir\u00e3o Preto-SP e Regi\u00e3o","link":"https:\/\/noticiasribeiraopreto.com.br\/index.php\/category\/noticias-de-ribeirao-preto-sp-e-regiao-ismael-colosi\/"},"img":{"alt_text":"","src":"https:\/\/i0.wp.com\/noticiasribeiraopreto.com.br\/wp-content\/uploads\/2024\/02\/joao_rock_1200x675_12052022153444.jpg?fit=1200%2C675&ssl=1&resize=350%2C200","width":350,"height":200,"srcset":"https:\/\/i0.wp.com\/noticiasribeiraopreto.com.br\/wp-content\/uploads\/2024\/02\/joao_rock_1200x675_12052022153444.jpg?fit=1200%2C675&ssl=1&resize=350%2C200 1x, https:\/\/i0.wp.com\/noticiasribeiraopreto.com.br\/wp-content\/uploads\/2024\/02\/joao_rock_1200x675_12052022153444.jpg?fit=1200%2C675&ssl=1&resize=525%2C300 1.5x, https:\/\/i0.wp.com\/noticiasribeiraopreto.com.br\/wp-content\/uploads\/2024\/02\/joao_rock_1200x675_12052022153444.jpg?fit=1200%2C675&ssl=1&resize=700%2C400 2x, https:\/\/i0.wp.com\/noticiasribeiraopreto.com.br\/wp-content\/uploads\/2024\/02\/joao_rock_1200x675_12052022153444.jpg?fit=1200%2C675&ssl=1&resize=1050%2C600 3x"},"classes":[]},{"id":39017,"url":"https:\/\/noticiasribeiraopreto.com.br\/index.php\/2024\/02\/22\/joao-rock-inicia-pre-venda-de-ingressos-no-dia-27-de-fevereiro\/","url_meta":{"origin":83373,"position":3},"title":"Jo\u00e3o Rock inicia pr\u00e9-venda de ingressos no dia 27 de fevereiro","author":"noticiasribeiraopreto.com.br","date":"22 de February de 2024","format":false,"excerpt":"22 de fevereiro de 2024 | 18:43 0Come\u00e7a na pr\u00f3xima ter\u00e7a-feira, dia 27, \u00e0s 12h, a pr\u00e9-venda de ingressos para um dos principais festivais de m\u00fasica do pa\u00eds, o Jo\u00e3o Rock. A 21\u00aa edi\u00e7\u00e3o do evento acontece no dia 08 de junho, no Parque Permanente de Exposi\u00e7\u00f5es em Ribeir\u00e3o Preto\/SP.O\u2026","rel":"","context":"In &quot;Not\u00edcias de Ribeir\u00e3o Preto-SP e Regi\u00e3o&quot;","block_context":{"text":"Not\u00edcias de Ribeir\u00e3o Preto-SP e Regi\u00e3o","link":"https:\/\/noticiasribeiraopreto.com.br\/index.php\/category\/noticias-de-ribeirao-preto-sp-e-regiao-ismael-colosi\/"},"img":{"alt_text":"","src":"https:\/\/i0.wp.com\/noticiasribeiraopreto.com.br\/wp-content\/uploads\/2024\/02\/1708639331_3-11.jpg?fit=800%2C511&ssl=1&resize=350%2C200","width":350,"height":200,"srcset":"https:\/\/i0.wp.com\/noticiasribeiraopreto.com.br\/wp-content\/uploads\/2024\/02\/1708639331_3-11.jpg?fit=800%2C511&ssl=1&resize=350%2C200 1x, https:\/\/i0.wp.com\/noticiasribeiraopreto.com.br\/wp-content\/uploads\/2024\/02\/1708639331_3-11.jpg?fit=800%2C511&ssl=1&resize=525%2C300 1.5x, https:\/\/i0.wp.com\/noticiasribeiraopreto.com.br\/wp-content\/uploads\/2024\/02\/1708639331_3-11.jpg?fit=800%2C511&ssl=1&resize=700%2C400 2x"},"classes":[]},{"id":39660,"url":"https:\/\/noticiasribeiraopreto.com.br\/index.php\/2024\/02\/27\/festival-joao-rock-alerta-para-ingressos-falsos\/","url_meta":{"origin":83373,"position":4},"title":"Festival Jo\u00e3o Rock alerta para ingressos falsos","author":"noticiasribeiraopreto.com.br","date":"27 de February de 2024","format":false,"excerpt":"27 de fevereiro de 2024 | 14:02 0Come\u00e7ou nesta ter\u00e7a-feira, 27 de fevereiro, a pr\u00e9-venda de ingressos para um dos principais festivais de m\u00fasica do pa\u00eds, o Jo\u00e3o Rock. A 21\u00aa edi\u00e7\u00e3o do evento acontece em 8 de junho, no Parque Permanente de Exposi\u00e7\u00f5es de Ribeir\u00e3o Preto. A organiza\u00e7\u00e3o, no\u2026","rel":"","context":"In &quot;Not\u00edcias de Ribeir\u00e3o Preto-SP e Regi\u00e3o&quot;","block_context":{"text":"Not\u00edcias de Ribeir\u00e3o Preto-SP e Regi\u00e3o","link":"https:\/\/noticiasribeiraopreto.com.br\/index.php\/category\/noticias-de-ribeirao-preto-sp-e-regiao-ismael-colosi\/"},"img":{"alt_text":"","src":"https:\/\/i0.wp.com\/noticiasribeiraopreto.com.br\/wp-content\/uploads\/2024\/02\/JoaRock-Divulgacao-scaled.jpg?fit=1000%2C634&ssl=1&resize=350%2C200","width":350,"height":200,"srcset":"https:\/\/i0.wp.com\/noticiasribeiraopreto.com.br\/wp-content\/uploads\/2024\/02\/JoaRock-Divulgacao-scaled.jpg?fit=1000%2C634&ssl=1&resize=350%2C200 1x, https:\/\/i0.wp.com\/noticiasribeiraopreto.com.br\/wp-content\/uploads\/2024\/02\/JoaRock-Divulgacao-scaled.jpg?fit=1000%2C634&ssl=1&resize=525%2C300 1.5x, https:\/\/i0.wp.com\/noticiasribeiraopreto.com.br\/wp-content\/uploads\/2024\/02\/JoaRock-Divulgacao-scaled.jpg?fit=1000%2C634&ssl=1&resize=700%2C400 2x"},"classes":[]},{"id":62896,"url":"https:\/\/noticiasribeiraopreto.com.br\/index.php\/2025\/01\/27\/joao-rock-anuncia-pre-venda-de-ingressos-saiba-como-comprar\/","url_meta":{"origin":83373,"position":5},"title":"Jo\u00e3o Rock anuncia pr\u00e9-venda de ingressos; saiba como comprar","author":"noticiasribeiraopreto.com.br","date":"27 de January de 2025","format":false,"excerpt":"A 22\u00aa edi\u00e7\u00e3o do Jo\u00e3o Rock acontece no dia 14 de junho, em Ribeir\u00e3o Preto, e os f\u00e3s do festival j\u00e1 podem garantir seus ingressos durante o per\u00edodo de pr\u00e9-venda, que come\u00e7a nesta ter\u00e7a-feira (28), a partir das 12h. O lote promocional vai at\u00e9 o dia 3 de fevereiro, \u00e0s\u2026","rel":"","context":"In &quot;Not\u00edcias de Ribeir\u00e3o Preto-SP e Regi\u00e3o&quot;","block_context":{"text":"Not\u00edcias de Ribeir\u00e3o Preto-SP e Regi\u00e3o","link":"https:\/\/noticiasribeiraopreto.com.br\/index.php\/category\/noticias-de-ribeirao-preto-sp-e-regiao-ismael-colosi\/"},"img":{"alt_text":"","src":"https:\/\/i0.wp.com\/noticiasribeiraopreto.com.br\/wp-content\/uploads\/2025\/01\/Imagem-do-WhatsApp-de-2025-01-27-as-18.05.46_992e34a1_2025-01-27_21-19-54_jpg_2025-01-27_21-19-54.webp.webp?fit=800%2C450&ssl=1&resize=350%2C200","width":350,"height":200,"srcset":"https:\/\/i0.wp.com\/noticiasribeiraopreto.com.br\/wp-content\/uploads\/2025\/01\/Imagem-do-WhatsApp-de-2025-01-27-as-18.05.46_992e34a1_2025-01-27_21-19-54_jpg_2025-01-27_21-19-54.webp.webp?fit=800%2C450&ssl=1&resize=350%2C200 1x, https:\/\/i0.wp.com\/noticiasribeiraopreto.com.br\/wp-content\/uploads\/2025\/01\/Imagem-do-WhatsApp-de-2025-01-27-as-18.05.46_992e34a1_2025-01-27_21-19-54_jpg_2025-01-27_21-19-54.webp.webp?fit=800%2C450&ssl=1&resize=525%2C300 1.5x, https:\/\/i0.wp.com\/noticiasribeiraopreto.com.br\/wp-content\/uploads\/2025\/01\/Imagem-do-WhatsApp-de-2025-01-27-as-18.05.46_992e34a1_2025-01-27_21-19-54_jpg_2025-01-27_21-19-54.webp.webp?fit=800%2C450&ssl=1&resize=700%2C400 2x"},"classes":[]}],"jetpack_sharing_enabled":true,"jetpack_shortlink":"https:\/\/wp.me\/peQAOb-lGJ","_links":{"self":[{"href":"https:\/\/noticiasribeiraopreto.com.br\/index.php\/wp-json\/wp\/v2\/posts\/83373","targetHints":{"allow":["GET"]}}],"collection":[{"href":"https:\/\/noticiasribeiraopreto.com.br\/index.php\/wp-json\/wp\/v2\/posts"}],"about":[{"href":"https:\/\/noticiasribeiraopreto.com.br\/index.php\/wp-json\/wp\/v2\/types\/post"}],"author":[{"embeddable":true,"href":"https:\/\/noticiasribeiraopreto.com.br\/index.php\/wp-json\/wp\/v2\/users\/1"}],"replies":[{"embeddable":true,"href":"https:\/\/noticiasribeiraopreto.com.br\/index.php\/wp-json\/wp\/v2\/comments?post=83373"}],"version-history":[{"count":0,"href":"https:\/\/noticiasribeiraopreto.com.br\/index.php\/wp-json\/wp\/v2\/posts\/83373\/revisions"}],"wp:featuredmedia":[{"embeddable":true,"href":"https:\/\/noticiasribeiraopreto.com.br\/index.php\/wp-json\/wp\/v2\/media\/83374"}],"wp:attachment":[{"href":"https:\/\/noticiasribeiraopreto.com.br\/index.php\/wp-json\/wp\/v2\/media?parent=83373"}],"wp:term":[{"taxonomy":"category","embeddable":true,"href":"https:\/\/noticiasribeiraopreto.com.br\/index.php\/wp-json\/wp\/v2\/categories?post=83373"},{"taxonomy":"post_tag","embeddable":true,"href":"https:\/\/noticiasribeiraopreto.com.br\/index.php\/wp-json\/wp\/v2\/tags?post=83373"}],"curies":[{"name":"wp","href":"https:\/\/api.w.org\/{rel}","templated":true}]}}