{"id":83375,"date":"2026-03-17T12:52:58","date_gmt":"2026-03-17T15:52:58","guid":{"rendered":"https:\/\/noticiasribeiraopreto.com.br\/index.php\/2026\/03\/17\/grupo-3coracoes-compra-operacoes-da-dona-da-yoki-e-kitano-por-r-800-milhoes\/"},"modified":"2026-03-17T12:52:58","modified_gmt":"2026-03-17T15:52:58","slug":"grupo-3coracoes-compra-operacoes-da-dona-da-yoki-e-kitano-por-r-800-milhoes","status":"publish","type":"post","link":"https:\/\/noticiasribeiraopreto.com.br\/index.php\/2026\/03\/17\/grupo-3coracoes-compra-operacoes-da-dona-da-yoki-e-kitano-por-r-800-milhoes\/","title":{"rendered":"Grupo 3cora\u00e7\u00f5es compra opera\u00e7\u00f5es da dona da Yoki e Kitano por R$ 800 milh\u00f5es"},"content":{"rendered":"<div class='code-block code-block-1' style='margin: 8px 0 8px auto; text-align: right; display: block; clear: both;'>\n<p><a href=\"https:\/\/wa.link\/vpicfd\"><img data-recalc-dims=\"1\" class=\"wp-image-4922\" style=\"aspect-ratio: 2.0253164556962027; width: 561px; height: auto;\" src=\"https:\/\/i0.wp.com\/ismaelcolosi.com.br\/wp-content\/uploads\/2023\/11\/grupo-de-empregos-whatsapp-e-facebook-ismael-colosi-vagas.jpg?ssl=1\" alt=\"\" \/><\/a><\/p>\n<!-- \/wp:image -->\n<\/div>\n<p> <br \/>\n<\/p>\n<div id=\"dsoaudio\">\n            <button type=\"button\" title=\"Salvar mat\u00e9ria\" class=\"dso bookmark-injection bookmark-save\"><br \/>\n        <svg xmlns=\"http:\/\/www.w3.org\/2000\/svg\" width=\"20\" height=\"24\" viewbox=\"0 0 20 24\" fill=\"none\">\n            <path d=\"M1 23V1H19V23L10 15.6667L1 23Z\" stroke=\"black\" stroke-width=\"1.3\" stroke-linejoin=\"round\"\/>\n        <\/svg><br \/>\n    <\/button> <\/p>\n<p>O<strong> Grupo 3cora\u00e7\u00f5es<\/strong>, l\u00edder no segmento de caf\u00e9s, comprou as opera\u00e7\u00f5es no Brasil do grupo norte-americano <strong>General Mills<\/strong>, incluindo as marcas <strong>Yoki <\/strong>e <strong>Kitano<\/strong>, por R$ 800 milh\u00f5es. A opera\u00e7\u00e3o no Brasil contribuiu com US$ 350 milh\u00f5es para as vendas l\u00edquidas da General Mills no ano fiscal de 2025.<\/p>\n<p><mark style=\"background-color:#ff6900\" class=\"has-inline-color has-black-color\">O neg\u00f3cio anunciado nesta ter\u00e7a-feira (17) marca um movimento estrat\u00e9gico para expandir a atua\u00e7\u00e3o da 3cora\u00e7\u00f5es no setor aliment\u00edcio, para al\u00e9m do caf\u00e9.<\/mark> A Yoki \u00e9 famosa por produtos como farofa, pipoca de micro-ondas, batata palha e farin\u00e1ceos. J\u00e1 a Kitano \u00e9 refer\u00eancia em temperos naturais. As marcas ser\u00e3o mantidas.<\/p>\n<p>A General Mills comprou a Yoki da fam\u00edlia de imigrantes japoneses em 2012 por cerca de R$ 2 bilh\u00f5es, em meio a uma trag\u00e9dia familiar \u2013 o assassinato do neto do fundador, o diretor Marcos Kitano Matsunaga.<\/p>\n<p>\u201cA integra\u00e7\u00e3o dos novos produtos permite que a companhia atenda a todas as ocasi\u00f5es de consumo do brasileiro, do caf\u00e9 da manh\u00e3 ao jantar\u201d, afirma um comunicado do Grupo 3cora\u00e7\u00f5es.<\/p>\n<p><strong>3cora\u00e7\u00f5es<\/strong><\/p>\n<p>Fundado em 1959, o Grupo 3cora\u00e7\u00f5es \u00e9 conhecido por suas mais de 30 marcas de caf\u00e9s no Brasil, com produtos que incluem caf\u00e9s torrados e mo\u00eddos, cappuccino, c\u00e1psulas, sol\u00faveis, instant\u00e2neos e prontos para beber. No Brasil, est\u00e1 presente em mais de 600 mil pontos de venda, de acordo com o comunicado.<\/p>\n<p>\u201cA venda refor\u00e7a a prioridade da General Mills de remodelar seu portf\u00f3lio para gerar um crescimento lucrativo a longo prazo\u201d, afirma a empresa norte-americana em outro comunicado.<\/p>\n<p>O grupo est\u00e1 desde 2018 redesenhando suas opera\u00e7\u00f5es, com vendas de ativos e aquisi\u00e7\u00f5es, com foco em \u00e1reas priorit\u00e1rias, incluindo sorvete super-premium, comida mexicana, barras de lanche e comida para pets. \u201cAp\u00f3s a conclus\u00e3o da venda, a General Mills ter\u00e1 renovado quase um ter\u00e7o de seu portf\u00f3lio por meio de aquisi\u00e7\u00f5es e desinvestimentos desde o ano fiscal de 2018.\u201d<\/p>\n<p>A conclus\u00e3o da transa\u00e7\u00e3o ainda precisa da aprova\u00e7\u00e3o das autoridades regulat\u00f3rias e \u00e9 esperada para o final de 2026. O Goldman Sachs assessorou a General Mills. O Deutsche Bank assessorou a 3cora\u00e7\u00f5es.<\/p>\n<p>Na assessoria jur\u00eddica, o KLA Advogados esteve com a empresa norte-americana e o Miguel Neto Advogados com os brasileiros (com informa\u00e7\u00f5es <strong>Altamiro Silva Junior\/Estad\u00e3o Conte\u00fado<\/strong>).<\/p>\n<p>SAIBA MAIS<br \/>Feira Alta Caf\u00e9 2026 projeta R$ 260 milh\u00f5es em neg\u00f3cios e 20 mil visitantes<\/p>\n<h2 class=\"wp-block-heading\"><strong>FIQUE ON<\/strong><\/h2>\n<p>Fique ligado em tudo que acontece em Ribeir\u00e3o Preto e regi\u00e3o. Siga os perfis do\u00a0<strong>acidade on\u00a0<\/strong>no<a href=\"https:\/\/www.instagram.com\/acidadeonribeirao\" target=\"_blank\" rel=\"noreferrer noopener\">\u00a0Instagram<\/a>\u00a0e no\u00a0<a href=\"https:\/\/www.facebook.com\/acidadeonribeirao\/\" target=\"_blank\" rel=\"noreferrer noopener\">Facebook<\/a>.<\/p>\n<p>Receba not\u00edcias do<strong>\u00a0acidade on<\/strong>\u00a0no WhatsApp. Para entrar no grupo,\u00a0basta<a href=\"https:\/\/chat.whatsapp.com\/GFH9HUMUTHNFJdnyEd0xxq\" target=\"_blank\" rel=\"noreferrer noopener\">\u00a0clicar aqui<\/a>. Ou, acesse o nosso\u00a0Canal\u00a0<a href=\"https:\/\/whatsapp.com\/channel\/0029Vb6IQl1JENyAeS57fk2p\" target=\"_blank\" rel=\"noreferrer noopener\">clicando aqui<\/a>.<\/p>\n<p>Fa\u00e7a uma den\u00fancia ou sugira uma reportagem sobre Ribeir\u00e3o Preto e regi\u00e3o pelo WhatsApp: 16 99117 7802.<\/p>\n<p>VEJA TAMB\u00c9M<br \/>6 dicas para montar um cronograma de estudos eficiente para as provas<\/p>\n<p><input type=\"hidden\" name=\"postID\" id=\"postID\" value=\"149184\"\/><br \/>\n            <input type=\"hidden\" name=\"postType\" id=\"postType\" value=\"post\"\/><br \/>\n<!-- AI CONTENT END 1 -->\n        <\/div>\n<p><script async src=\"\/\/www.instagram.com\/embed.js\"><\/script><br \/>\n<br \/><br \/>\n<br \/><a href=\"https:\/\/www.acidadeon.com\/ribeiraopreto\/economia\/grupo-3coracoes-compra-operacoes-da-dona-da-yoki-e-kitano-por-r-800-milhoes\/\">Source link <\/a><\/p>\n<!-- CONTENT END 1 -->\n","protected":false},"excerpt":{"rendered":"<p>O Grupo 3cora\u00e7\u00f5es, l\u00edder no segmento de caf\u00e9s, comprou as opera\u00e7\u00f5es no Brasil do grupo norte-americano General Mills, incluindo as marcas Yoki e Kitano, por&#8230;<\/p>\n","protected":false},"author":1,"featured_media":83376,"comment_status":"open","ping_status":"open","sticky":false,"template":"","format":"standard","meta":{"advanced_seo_description":"","jetpack_seo_html_title":"","jetpack_seo_noindex":false,"jetpack_post_was_ever_published":false,"_jetpack_newsletter_access":"","_jetpack_dont_email_post_to_subs":false,"_jetpack_newsletter_tier_id":0,"_jetpack_memberships_contains_paywalled_content":false,"_jetpack_memberships_contains_paid_content":false,"footnotes":"","jetpack_publicize_message":"","jetpack_publicize_feature_enabled":true,"jetpack_social_post_already_shared":true,"jetpack_social_options":{"image_generator_settings":{"template":"highway","default_image_id":0,"font":"","enabled":false},"version":2}},"categories":[11],"tags":[],"class_list":["post-83375","post","type-post","status-publish","format-standard","has-post-thumbnail","hentry","category-noticias-de-ribeirao-preto-sp-e-regiao-ismael-colosi"],"jetpack_publicize_connections":[],"jetpack_featured_media_url":"https:\/\/i0.wp.com\/noticiasribeiraopreto.com.br\/wp-content\/uploads\/2026\/03\/3-coracoes-yoki-kitano_2026-03-17_13-47-54.webp.webp?fit=1200%2C674&ssl=1","jetpack-related-posts":[{"id":17097,"url":"https:\/\/noticiasribeiraopreto.com.br\/index.php\/2023\/12\/17\/por-que-este-tipo-de-pipoca-pode-estar-associada-ao-alzheimer\/","url_meta":{"origin":83375,"position":0},"title":"Por que este tipo de pipoca pode estar associada ao Alzheimer?","author":"noticiasribeiraopreto.com.br","date":"17 de December de 2023","format":false,"excerpt":"Cr\u00e9ditos: Getty Images\/iStockphoto*Em nota, a Yoki, que produz pipoca de micro-ondas no Brasil, informou que n\u00e3o utiliza diacetil na composi\u00e7\u00e3o do produto \u2013 iStock\/Getty Images O diacetil, composto presente em algumas marcas de pipoca de micro-ondas e respons\u00e1vel por dar o gosto amanteigado ao alimento,\u00a0 se tornou foco de pesquisas\u2026","rel":"","context":"In &quot;Variedades&quot;","block_context":{"text":"Variedades","link":"https:\/\/noticiasribeiraopreto.com.br\/index.php\/category\/variedades\/"},"img":{"alt_text":"","src":"https:\/\/i0.wp.com\/noticiasribeiraopreto.com.br\/wp-content\/uploads\/2023\/12\/istock-690515228.jpg?fit=1200%2C638&ssl=1&resize=350%2C200","width":350,"height":200,"srcset":"https:\/\/i0.wp.com\/noticiasribeiraopreto.com.br\/wp-content\/uploads\/2023\/12\/istock-690515228.jpg?fit=1200%2C638&ssl=1&resize=350%2C200 1x, https:\/\/i0.wp.com\/noticiasribeiraopreto.com.br\/wp-content\/uploads\/2023\/12\/istock-690515228.jpg?fit=1200%2C638&ssl=1&resize=525%2C300 1.5x, https:\/\/i0.wp.com\/noticiasribeiraopreto.com.br\/wp-content\/uploads\/2023\/12\/istock-690515228.jpg?fit=1200%2C638&ssl=1&resize=700%2C400 2x, https:\/\/i0.wp.com\/noticiasribeiraopreto.com.br\/wp-content\/uploads\/2023\/12\/istock-690515228.jpg?fit=1200%2C638&ssl=1&resize=1050%2C600 3x"},"classes":[]},{"id":64265,"url":"https:\/\/noticiasribeiraopreto.com.br\/index.php\/2025\/03\/06\/gigante-do-cafe-pede-recuperacao-judicial-por-dividas-de-r-21-bilhoes\/","url_meta":{"origin":83375,"position":1},"title":"Gigante do caf\u00e9 pede recupera\u00e7\u00e3o judicial por d\u00edvidas de R$ 2,1 bilh\u00f5es","author":"noticiasribeiraopreto.com.br","date":"6 de March de 2025","format":false,"excerpt":"O GMT (Grupo Montesanto Tavares), um dos maiores exportadores de caf\u00e9 ar\u00e1bica do Brasil, entrou com pedido de recupera\u00e7\u00e3o judicial para reestruturar um passivo de R$ 2,13 bilh\u00f5es. O processo foi protocolado na 2\u00aa Vara Empresarial da Comarca de Belo Horizonte-MG e inclui as empresas Atl\u00e2ntica Exporta\u00e7\u00e3o e Importa\u00e7\u00e3o, Cafebras\u2026","rel":"","context":"In &quot;Not\u00edcias de Ribeir\u00e3o Preto-SP e Regi\u00e3o&quot;","block_context":{"text":"Not\u00edcias de Ribeir\u00e3o Preto-SP e Regi\u00e3o","link":"https:\/\/noticiasribeiraopreto.com.br\/index.php\/category\/noticias-de-ribeirao-preto-sp-e-regiao-ismael-colosi\/"},"img":{"alt_text":"","src":"https:\/\/i0.wp.com\/noticiasribeiraopreto.com.br\/wp-content\/uploads\/2025\/03\/cafe_2025-03-06_14-17-28_jpg_2025-03-06_14-17-28.webp.webp?fit=1200%2C800&ssl=1&resize=350%2C200","width":350,"height":200,"srcset":"https:\/\/i0.wp.com\/noticiasribeiraopreto.com.br\/wp-content\/uploads\/2025\/03\/cafe_2025-03-06_14-17-28_jpg_2025-03-06_14-17-28.webp.webp?fit=1200%2C800&ssl=1&resize=350%2C200 1x, https:\/\/i0.wp.com\/noticiasribeiraopreto.com.br\/wp-content\/uploads\/2025\/03\/cafe_2025-03-06_14-17-28_jpg_2025-03-06_14-17-28.webp.webp?fit=1200%2C800&ssl=1&resize=525%2C300 1.5x, https:\/\/i0.wp.com\/noticiasribeiraopreto.com.br\/wp-content\/uploads\/2025\/03\/cafe_2025-03-06_14-17-28_jpg_2025-03-06_14-17-28.webp.webp?fit=1200%2C800&ssl=1&resize=700%2C400 2x, https:\/\/i0.wp.com\/noticiasribeiraopreto.com.br\/wp-content\/uploads\/2025\/03\/cafe_2025-03-06_14-17-28_jpg_2025-03-06_14-17-28.webp.webp?fit=1200%2C800&ssl=1&resize=1050%2C600 3x"},"classes":[]},{"id":81536,"url":"https:\/\/noticiasribeiraopreto.com.br\/index.php\/2026\/01\/09\/justica-decreta-prisao-de-empresario-investigado-por-sumico-de-20-mil-sacas-de-cafe\/","url_meta":{"origin":83375,"position":2},"title":"Justi\u00e7a decreta pris\u00e3o de empres\u00e1rio investigado por sumi\u00e7o de 20 mil sacas de caf\u00e9","author":"noticiasribeiraopreto.com.br","date":"9 de January de 2026","format":false,"excerpt":"A Justi\u00e7a determinou a pris\u00e3o preventiva do empres\u00e1rio Elvis Vilhena Faleiros, de Franca, investigado por suposto envolvimento no desaparecimento de cerca de 20 mil sacas de caf\u00e9 pertencente a cooperados. O caso envolve uma cooperativa agr\u00edcola com mais de 600 produtores ativos e apura preju\u00edzos que podem chegar a R$\u2026","rel":"","context":"In &quot;Not\u00edcias de Ribeir\u00e3o Preto-SP e Regi\u00e3o&quot;","block_context":{"text":"Not\u00edcias de Ribeir\u00e3o Preto-SP e Regi\u00e3o","link":"https:\/\/noticiasribeiraopreto.com.br\/index.php\/category\/noticias-de-ribeirao-preto-sp-e-regiao-ismael-colosi\/"},"img":{"alt_text":"","src":"https:\/\/i0.wp.com\/noticiasribeiraopreto.com.br\/wp-content\/uploads\/2026\/01\/Imagem-do-WhatsApp-de-2026-01-08-as-19.37.18_49b7861a_2026-01-08_22-41-12.webp.webp?fit=1200%2C752&ssl=1&resize=350%2C200","width":350,"height":200,"srcset":"https:\/\/i0.wp.com\/noticiasribeiraopreto.com.br\/wp-content\/uploads\/2026\/01\/Imagem-do-WhatsApp-de-2026-01-08-as-19.37.18_49b7861a_2026-01-08_22-41-12.webp.webp?fit=1200%2C752&ssl=1&resize=350%2C200 1x, https:\/\/i0.wp.com\/noticiasribeiraopreto.com.br\/wp-content\/uploads\/2026\/01\/Imagem-do-WhatsApp-de-2026-01-08-as-19.37.18_49b7861a_2026-01-08_22-41-12.webp.webp?fit=1200%2C752&ssl=1&resize=525%2C300 1.5x, https:\/\/i0.wp.com\/noticiasribeiraopreto.com.br\/wp-content\/uploads\/2026\/01\/Imagem-do-WhatsApp-de-2026-01-08-as-19.37.18_49b7861a_2026-01-08_22-41-12.webp.webp?fit=1200%2C752&ssl=1&resize=700%2C400 2x, https:\/\/i0.wp.com\/noticiasribeiraopreto.com.br\/wp-content\/uploads\/2026\/01\/Imagem-do-WhatsApp-de-2026-01-08-as-19.37.18_49b7861a_2026-01-08_22-41-12.webp.webp?fit=1200%2C752&ssl=1&resize=1050%2C600 3x"},"classes":[]},{"id":83339,"url":"https:\/\/noticiasribeiraopreto.com.br\/index.php\/2026\/03\/16\/feira-alta-cafe-2026-projeta-r-260-milhoes-em-negocios-e-20-mil-visitantes\/","url_meta":{"origin":83375,"position":3},"title":"Feira Alta Caf\u00e9 2026 projeta R$ 260 milh\u00f5es em neg\u00f3cios e 20 mil visitantes","author":"noticiasribeiraopreto.com.br","date":"16 de March de 2026","format":false,"excerpt":"00:00 A+ A- A Alta Caf\u00e9 (Feira de Neg\u00f3cios e Tecnologia da Alta Mogiana) chega, em 2026, \u00e0 sua 6\u00aa edi\u00e7\u00e3o com expectativa de gerar at\u00e9 R$ 260 milh\u00f5es em neg\u00f3cios. O evento ser\u00e1 realizado de 24 a 26 de mar\u00e7o, no Clube de Campo da Franca, em Restinga. A\u2026","rel":"","context":"In &quot;Not\u00edcias de Ribeir\u00e3o Preto-SP e Regi\u00e3o&quot;","block_context":{"text":"Not\u00edcias de Ribeir\u00e3o Preto-SP e Regi\u00e3o","link":"https:\/\/noticiasribeiraopreto.com.br\/index.php\/category\/noticias-de-ribeirao-preto-sp-e-regiao-ismael-colosi\/"},"img":{"alt_text":"","src":"https:\/\/i0.wp.com\/noticiasribeiraopreto.com.br\/wp-content\/uploads\/2026\/03\/alta-cafe_2026-03-16_20-02-15.webp.webp?fit=1024%2C683&ssl=1&resize=350%2C200","width":350,"height":200,"srcset":"https:\/\/i0.wp.com\/noticiasribeiraopreto.com.br\/wp-content\/uploads\/2026\/03\/alta-cafe_2026-03-16_20-02-15.webp.webp?fit=1024%2C683&ssl=1&resize=350%2C200 1x, https:\/\/i0.wp.com\/noticiasribeiraopreto.com.br\/wp-content\/uploads\/2026\/03\/alta-cafe_2026-03-16_20-02-15.webp.webp?fit=1024%2C683&ssl=1&resize=525%2C300 1.5x, https:\/\/i0.wp.com\/noticiasribeiraopreto.com.br\/wp-content\/uploads\/2026\/03\/alta-cafe_2026-03-16_20-02-15.webp.webp?fit=1024%2C683&ssl=1&resize=700%2C400 2x"},"classes":[]},{"id":79893,"url":"https:\/\/noticiasribeiraopreto.com.br\/index.php\/2025\/11\/10\/raizen-anuncia-venda-de-usina-continental-por-r-750-milhoes\/","url_meta":{"origin":83375,"position":4},"title":"Ra\u00edzen anuncia venda de usina Continental por R$ 750 milh\u00f5es","author":"noticiasribeiraopreto.com.br","date":"10 de November de 2025","format":false,"excerpt":"A Ra\u00edzen anunciou a venda da usina Continental, localizada em Col\u00f4mbia, a 103 quil\u00f4metros de Ribeir\u00e3o Preto, para o Grupo Colorado. A unidade tem capacidade para moer cerca de dois milh\u00f5es de toneladas por safra. Conforme anuncio feito aos acionistas e ao mercado na manh\u00e3 desta segunda-feira (10), o valor\u2026","rel":"","context":"In &quot;Not\u00edcias de Ribeir\u00e3o Preto-SP e Regi\u00e3o&quot;","block_context":{"text":"Not\u00edcias de Ribeir\u00e3o Preto-SP e Regi\u00e3o","link":"https:\/\/noticiasribeiraopreto.com.br\/index.php\/category\/noticias-de-ribeirao-preto-sp-e-regiao-ismael-colosi\/"},"img":{"alt_text":"","src":"https:\/\/i0.wp.com\/noticiasribeiraopreto.com.br\/wp-content\/uploads\/2025\/07\/canavial_2025-07-15_14-42-17.webp.webp?fit=978%2C548&ssl=1&resize=350%2C200","width":350,"height":200,"srcset":"https:\/\/i0.wp.com\/noticiasribeiraopreto.com.br\/wp-content\/uploads\/2025\/07\/canavial_2025-07-15_14-42-17.webp.webp?fit=978%2C548&ssl=1&resize=350%2C200 1x, https:\/\/i0.wp.com\/noticiasribeiraopreto.com.br\/wp-content\/uploads\/2025\/07\/canavial_2025-07-15_14-42-17.webp.webp?fit=978%2C548&ssl=1&resize=525%2C300 1.5x, https:\/\/i0.wp.com\/noticiasribeiraopreto.com.br\/wp-content\/uploads\/2025\/07\/canavial_2025-07-15_14-42-17.webp.webp?fit=978%2C548&ssl=1&resize=700%2C400 2x"},"classes":[]},{"id":32147,"url":"https:\/\/noticiasribeiraopreto.com.br\/index.php\/2024\/01\/24\/pao-de-acucar-pcar3-embolsa-quase-r-800-milhoes-com-a-venda-do-exito-nos-eua-e-colombia-e-varejista-ja-esta-de-olho-em-novos-negocios\/","url_meta":{"origin":83375,"position":5},"title":"P\u00e3o de A\u00e7\u00facar (PCAR3) embolsa quase R$ 800 milh\u00f5es com a venda do \u00c9xito nos EUA e Col\u00f4mbia \u2014 e varejista j\u00e1 est\u00e1 de olho em novos neg\u00f3cios","author":"noticiasribeiraopreto.com.br","date":"24 de January de 2024","format":false,"excerpt":"O P\u00e3o de A\u00e7\u00facar (PCAR3) deu mais um passo no plano de diminuir seu endividamento com a conclus\u00e3o da venda da participa\u00e7\u00e3o no \u00c9xito. A companhia recebeu US$ 156,4 milh\u00f5es (R$ 789 milh\u00f5es) pela fatia de 13,31% que possu\u00eda na rede de supermercados colombiana. O montante \u00e9 resultado da oferta\u2026","rel":"","context":"In &quot;Dinheiro e Investimento&quot;","block_context":{"text":"Dinheiro e Investimento","link":"https:\/\/noticiasribeiraopreto.com.br\/index.php\/category\/dinheiro-e-investimento-como-fazer-como-ganhar\/"},"img":{"alt_text":"","src":"https:\/\/i0.wp.com\/noticiasribeiraopreto.com.br\/wp-content\/uploads\/2024\/01\/GPA-Pao-de-Acucar-2-scaled-e1695148534796-715x402.jpg?fit=715%2C402&ssl=1&resize=350%2C200","width":350,"height":200,"srcset":"https:\/\/i0.wp.com\/noticiasribeiraopreto.com.br\/wp-content\/uploads\/2024\/01\/GPA-Pao-de-Acucar-2-scaled-e1695148534796-715x402.jpg?fit=715%2C402&ssl=1&resize=350%2C200 1x, https:\/\/i0.wp.com\/noticiasribeiraopreto.com.br\/wp-content\/uploads\/2024\/01\/GPA-Pao-de-Acucar-2-scaled-e1695148534796-715x402.jpg?fit=715%2C402&ssl=1&resize=525%2C300 1.5x, https:\/\/i0.wp.com\/noticiasribeiraopreto.com.br\/wp-content\/uploads\/2024\/01\/GPA-Pao-de-Acucar-2-scaled-e1695148534796-715x402.jpg?fit=715%2C402&ssl=1&resize=700%2C400 2x"},"classes":[]}],"jetpack_sharing_enabled":true,"jetpack_shortlink":"https:\/\/wp.me\/peQAOb-lGL","_links":{"self":[{"href":"https:\/\/noticiasribeiraopreto.com.br\/index.php\/wp-json\/wp\/v2\/posts\/83375","targetHints":{"allow":["GET"]}}],"collection":[{"href":"https:\/\/noticiasribeiraopreto.com.br\/index.php\/wp-json\/wp\/v2\/posts"}],"about":[{"href":"https:\/\/noticiasribeiraopreto.com.br\/index.php\/wp-json\/wp\/v2\/types\/post"}],"author":[{"embeddable":true,"href":"https:\/\/noticiasribeiraopreto.com.br\/index.php\/wp-json\/wp\/v2\/users\/1"}],"replies":[{"embeddable":true,"href":"https:\/\/noticiasribeiraopreto.com.br\/index.php\/wp-json\/wp\/v2\/comments?post=83375"}],"version-history":[{"count":0,"href":"https:\/\/noticiasribeiraopreto.com.br\/index.php\/wp-json\/wp\/v2\/posts\/83375\/revisions"}],"wp:featuredmedia":[{"embeddable":true,"href":"https:\/\/noticiasribeiraopreto.com.br\/index.php\/wp-json\/wp\/v2\/media\/83376"}],"wp:attachment":[{"href":"https:\/\/noticiasribeiraopreto.com.br\/index.php\/wp-json\/wp\/v2\/media?parent=83375"}],"wp:term":[{"taxonomy":"category","embeddable":true,"href":"https:\/\/noticiasribeiraopreto.com.br\/index.php\/wp-json\/wp\/v2\/categories?post=83375"},{"taxonomy":"post_tag","embeddable":true,"href":"https:\/\/noticiasribeiraopreto.com.br\/index.php\/wp-json\/wp\/v2\/tags?post=83375"}],"curies":[{"name":"wp","href":"https:\/\/api.w.org\/{rel}","templated":true}]}}