{"id":83377,"date":"2026-03-17T14:32:24","date_gmt":"2026-03-17T17:32:24","guid":{"rendered":"https:\/\/noticiasribeiraopreto.com.br\/index.php\/2026\/03\/17\/futsal-ribeirao-anuncia-pausa-nas-atividades-em-2026\/"},"modified":"2026-03-17T14:32:24","modified_gmt":"2026-03-17T17:32:24","slug":"futsal-ribeirao-anuncia-pausa-nas-atividades-em-2026","status":"publish","type":"post","link":"https:\/\/noticiasribeiraopreto.com.br\/index.php\/2026\/03\/17\/futsal-ribeirao-anuncia-pausa-nas-atividades-em-2026\/","title":{"rendered":"Futsal Ribeir\u00e3o anuncia pausa nas atividades em 2026"},"content":{"rendered":"<div class='code-block code-block-1' style='margin: 8px 0 8px auto; text-align: right; display: block; clear: both;'>\n<p><a href=\"https:\/\/wa.link\/vpicfd\"><img data-recalc-dims=\"1\" class=\"wp-image-4922\" style=\"aspect-ratio: 2.0253164556962027; width: 561px; height: auto;\" src=\"https:\/\/i0.wp.com\/ismaelcolosi.com.br\/wp-content\/uploads\/2023\/11\/grupo-de-empregos-whatsapp-e-facebook-ismael-colosi-vagas.jpg?ssl=1\" alt=\"\" \/><\/a><\/p>\n<!-- \/wp:image -->\n<\/div>\n<p> <br \/>\n<\/p>\n<div id=\"\">&#13;<\/p>\n<h2 class=\"penci-post-subtitle\">Equipe alega \u2018motivo estrat\u00e9gico e organizacional\u2019, e passa suporte ao time de fut7<\/h2>\n<p>&#13;<\/p>\n<p>&#13;<br \/>\n\t\t\t\t\t\t\t\t\t<span class=\"entry-meta-item penci-posted-on\"><i class=\"fa fa-clock-o\"\/><time class=\"entry-date published updated\" datetime=\"2026-03-17T14:29:14-03:00\">17 de mar\u00e7o de 2026 14:29<\/time><\/span><span class=\"entry-meta-item penci-post-countview\"\/>\t\t\t\t\t\t\t\t<\/p>\n<p><!-- .entry-meta -->&#13;<br \/>\n\t\t\t\t\t\t\t\t<span class=\"penci-social-buttons penci-social-share-footer\"><span class=\"penci-social-share-text\">Compartilhar<\/span><a href=\"#\" class=\"penci-post-like penci_post-meta_item  single-like-button penci-social-item like\" data-post_id=\"457646\" title=\"Like\" data-like=\"Like\" data-unlike=\"Unlike\"><i class=\"fa fa-thumbs-o-up\"\/><span class=\"penci-share-number\">1<\/span><\/a><i class=\"fa fa-facebook\"\/><a class=\"penci-social-item twitter\" target=\"_blank\" rel=\"noopener\" title=\"\" href=\"https:\/\/twitter.com\/intent\/tweet?text=Futsal%20Ribeir\u00e3o%20anuncia%20pausa%20nas%20atividades%20em%202026%20-%20https:\/\/www.tribunaribeirao.com.br\/futsal-ribeirao-anuncia-pausa-nas-atividades-em-2026\/\"><i class=\"fa fa-twitter\"\/><\/a><i class=\"fa fa-linkedin\"\/><i class=\"fa fa-whatsapp\"\/><i class=\"fa fa-telegram\"\/><i class=\"fa fa-envelope\"\/><\/span>\t\t\t\t\t\t\t<\/div>\n<div>\n<p><strong><em>Por Hugo Luque<\/em><\/strong><\/p>\n<p>O Bar\u00e3o de Mau\u00e1\/Futsal Ribeir\u00e3o anunciou, nesta ter\u00e7a-feira (17), que dar\u00e1 uma pausa nas atividades durante 2026. Ap\u00f3s oito temporadas consecutivas nas quadras, o projeto foi descontinuado nas quadras, ao menos neste ano, por motivo \u201cestrat\u00e9gico e organizacional\u201d.<\/p>\n<p>Na nota oficial divulgada pelo time, foi informado que o novo foco da agremia\u00e7\u00e3o ser\u00e1 o campo society. Neste ano, o principal apoiador do conjunto de futsal passou tamb\u00e9m a patrocinar o Ribeir\u00e3o Fut7, que tinha parceria com o Botafogo.<\/p>\n<p>\u201cO Bar\u00e3o de Mau\u00e1\/Futsal Ribeir\u00e3o comunica que far\u00e1 uma pausa nas quadras em 2026, por um motivo estrat\u00e9gico e organizacional. Depois de 8 anos seguidos, estamos passando por um momento de mudan\u00e7a e evolu\u00e7\u00e3o, organizando a casa e preparando um futuro ainda mais forte, competitivo e cheio de novidades. Por isso, na temporada 2026, o foco estar\u00e1 no gramado sint\u00e9tico, com nosso time representando agora o Bar\u00e3o de Mau\u00e1\/Ribeir\u00e3o FUT7 em grandes competi\u00e7\u00f5es nacionais\u201d, diz a nota.<\/p>\n<p>Fundado em 2021, o time de fut7 da cidade ganhou destaque nacional com os t\u00edtulos do Campeonato Brasileiro, da elite do Paulista, da Recopa e da Ta\u00e7a Brasil. Fora do pa\u00eds, tamb\u00e9m ergueu a Copa Am\u00e9rica de Clubes, em 2024 \u2013 foi a primeira conquista durante o per\u00edodo de parceria com o Pantera, iniciado em mar\u00e7o daquele ano. Na estreia do Trof\u00e9u Federa\u00e7\u00e3o, no \u00faltimo fim de semana, a equipe goleou Atibaia por 5 a 0, em S\u00e3o Paulo (SP).<\/p>\n<p>J\u00e1 nas quadras, o Ribeir\u00e3o Futsal apresenta hist\u00f3ria tamb\u00e9m vitoriosa com as cores da cidade. Desde 2018, foram quatro t\u00edtulos consecutivos dos Jogos Regionais, dois da Copa da Liga Paulista de Futsal (LPF), um da Supercopa dos Campe\u00f5es de Futsal e dois da S\u00e9rie Ouro da Copa Record. Em 2025, teve campanha de destaque na Copa da LPF, mas perdeu a final para o Pinda Futsal.<\/p>\n<\/div>\n<p><script async src=\"\/\/platform.twitter.com\/widgets.js\" charset=\"utf-8\"><\/script><br \/>\n<br \/><br \/>\n<br \/><a href=\"https:\/\/www.tribunaribeirao.com.br\/futsal-ribeirao-anuncia-pausa-nas-atividades-em-2026\/\">Source link <\/a><\/p>\n<!-- CONTENT END 1 -->\n","protected":false},"excerpt":{"rendered":"<p>&#13; Equipe alega \u2018motivo estrat\u00e9gico e organizacional\u2019, e passa suporte ao time de fut7 &#13; &#13; 17 de mar\u00e7o de 2026 14:29 &#13; Compartilhar1 Por&#8230;<\/p>\n","protected":false},"author":1,"featured_media":83378,"comment_status":"open","ping_status":"open","sticky":false,"template":"","format":"standard","meta":{"advanced_seo_description":"","jetpack_seo_html_title":"","jetpack_seo_noindex":false,"jetpack_post_was_ever_published":false,"_jetpack_newsletter_access":"","_jetpack_dont_email_post_to_subs":false,"_jetpack_newsletter_tier_id":0,"_jetpack_memberships_contains_paywalled_content":false,"_jetpack_memberships_contains_paid_content":false,"footnotes":"","jetpack_publicize_message":"","jetpack_publicize_feature_enabled":true,"jetpack_social_post_already_shared":true,"jetpack_social_options":{"image_generator_settings":{"template":"highway","default_image_id":0,"font":"","enabled":false},"version":2}},"categories":[11],"tags":[],"class_list":["post-83377","post","type-post","status-publish","format-standard","has-post-thumbnail","hentry","category-noticias-de-ribeirao-preto-sp-e-regiao-ismael-colosi"],"jetpack_publicize_connections":[],"jetpack_featured_media_url":"https:\/\/i0.wp.com\/noticiasribeiraopreto.com.br\/wp-content\/uploads\/2026\/03\/2-Ribeirao-x-Uniara-Renan-Bin_FollowX-Comunicacao-scaled.jpg?fit=1170%2C780&ssl=1","jetpack-related-posts":[{"id":66567,"url":"https:\/\/noticiasribeiraopreto.com.br\/index.php\/2025\/04\/02\/avenida-tanquinho-e-obras-de-microdrenagem-aparecem-em-discussao-da-ldo-2026-de-ribeirao\/","url_meta":{"origin":83377,"position":0},"title":"Avenida Tanquinho e obras de microdrenagem aparecem em discuss\u00e3o da LDO 2026 de Ribeir\u00e3o","author":"noticiasribeiraopreto.com.br","date":"2 de April de 2025","format":false,"excerpt":"Foi realizada na manh\u00e3 desta quarta-feira (2) a audi\u00eancia p\u00fablica para discutir a LDO (Lei de Diretrizes Or\u00e7ament\u00e1rias) 2026 e o PPA (Plano Plurianual) 2026-2029 de Ribeir\u00e3o Preto. Entre os projetos priorit\u00e1rios, est\u00e3o o corredor de \u00f4nibus da avenida Tanquinho e da avenida Rio Pardo, e obras de microdrenagem. Os\u2026","rel":"","context":"In &quot;Not\u00edcias de Ribeir\u00e3o Preto-SP e Regi\u00e3o&quot;","block_context":{"text":"Not\u00edcias de Ribeir\u00e3o Preto-SP e Regi\u00e3o","link":"https:\/\/noticiasribeiraopreto.com.br\/index.php\/category\/noticias-de-ribeirao-preto-sp-e-regiao-ismael-colosi\/"},"img":{"alt_text":"","src":"https:\/\/i0.wp.com\/noticiasribeiraopreto.com.br\/wp-content\/uploads\/2025\/04\/centroa-administrativo-ribeirao-preto.jpg?fit=1200%2C606&ssl=1&resize=350%2C200","width":350,"height":200,"srcset":"https:\/\/i0.wp.com\/noticiasribeiraopreto.com.br\/wp-content\/uploads\/2025\/04\/centroa-administrativo-ribeirao-preto.jpg?fit=1200%2C606&ssl=1&resize=350%2C200 1x, https:\/\/i0.wp.com\/noticiasribeiraopreto.com.br\/wp-content\/uploads\/2025\/04\/centroa-administrativo-ribeirao-preto.jpg?fit=1200%2C606&ssl=1&resize=525%2C300 1.5x, https:\/\/i0.wp.com\/noticiasribeiraopreto.com.br\/wp-content\/uploads\/2025\/04\/centroa-administrativo-ribeirao-preto.jpg?fit=1200%2C606&ssl=1&resize=700%2C400 2x, https:\/\/i0.wp.com\/noticiasribeiraopreto.com.br\/wp-content\/uploads\/2025\/04\/centroa-administrativo-ribeirao-preto.jpg?fit=1200%2C606&ssl=1&resize=1050%2C600 3x"},"classes":[]},{"id":84996,"url":"https:\/\/noticiasribeiraopreto.com.br\/index.php\/2026\/04\/19\/veja-quatro-processos-seletivos-da-faepa-com-vagas-abertas-em-ribeirao-preto\/","url_meta":{"origin":83377,"position":1},"title":"Veja quatro processos seletivos da Faepa com vagas abertas em Ribeir\u00e3o Preto","author":"noticiasribeiraopreto.com.br","date":"19 de April de 2026","format":false,"excerpt":"Ler o resumo da not\u00edcia A Faepa (Funda\u00e7\u00e3o de Apoio ao Ensino, Pesquisa e Assist\u00eancia do Hospital das Cl\u00ednicas) abriu quatro processos seletivos em Ribeir\u00e3o Preto. As vagas s\u00e3o divulgadas nos editais 115\/2026, 116\/2026, 117\/2026 e 118\/2026. Os interessados podem consultar as oportunidades e se inscrever pelos canais oficiais da\u2026","rel":"","context":"In &quot;Not\u00edcias de Ribeir\u00e3o Preto-SP e Regi\u00e3o&quot;","block_context":{"text":"Not\u00edcias de Ribeir\u00e3o Preto-SP e Regi\u00e3o","link":"https:\/\/noticiasribeiraopreto.com.br\/index.php\/category\/noticias-de-ribeirao-preto-sp-e-regiao-ismael-colosi\/"},"img":{"alt_text":"","src":"https:\/\/i0.wp.com\/noticiasribeiraopreto.com.br\/wp-content\/uploads\/2026\/04\/entrevista-de-emprego.jpg?fit=1200%2C800&ssl=1&resize=350%2C200","width":350,"height":200,"srcset":"https:\/\/i0.wp.com\/noticiasribeiraopreto.com.br\/wp-content\/uploads\/2026\/04\/entrevista-de-emprego.jpg?fit=1200%2C800&ssl=1&resize=350%2C200 1x, https:\/\/i0.wp.com\/noticiasribeiraopreto.com.br\/wp-content\/uploads\/2026\/04\/entrevista-de-emprego.jpg?fit=1200%2C800&ssl=1&resize=525%2C300 1.5x, https:\/\/i0.wp.com\/noticiasribeiraopreto.com.br\/wp-content\/uploads\/2026\/04\/entrevista-de-emprego.jpg?fit=1200%2C800&ssl=1&resize=700%2C400 2x, https:\/\/i0.wp.com\/noticiasribeiraopreto.com.br\/wp-content\/uploads\/2026\/04\/entrevista-de-emprego.jpg?fit=1200%2C800&ssl=1&resize=1050%2C600 3x"},"classes":[]},{"id":79128,"url":"https:\/\/noticiasribeiraopreto.com.br\/index.php\/2025\/10\/24\/confira-os-feriados-de-2026-em-ribeirao-preto\/","url_meta":{"origin":83377,"position":2},"title":"Confira os feriados de 2026 em Ribeir\u00e3o Preto","author":"noticiasribeiraopreto.com.br","date":"24 de October de 2025","format":false,"excerpt":"A Prefeitura de Ribeir\u00e3o Preto divulgou nesta sexta-feira (24) o calend\u00e1rio de feriados e pontos facultativos do munic\u00edpio para o ano de 2026. Segundo publica\u00e7\u00e3o no Di\u00e1rio Oficial, a cidade ter\u00e1 14 feriados e 10 pontos facultativos ao longo do pr\u00f3ximo ano. O expediente das reparti\u00e7\u00f5es p\u00fablicas, relativo ao dia\u2026","rel":"","context":"In &quot;Not\u00edcias de Ribeir\u00e3o Preto-SP e Regi\u00e3o&quot;","block_context":{"text":"Not\u00edcias de Ribeir\u00e3o Preto-SP e Regi\u00e3o","link":"https:\/\/noticiasribeiraopreto.com.br\/index.php\/category\/noticias-de-ribeirao-preto-sp-e-regiao-ismael-colosi\/"},"img":{"alt_text":"","src":"https:\/\/i0.wp.com\/noticiasribeiraopreto.com.br\/wp-content\/uploads\/2025\/10\/Copia-de-Copia-de-Copia-de-TAMANHO-EXATO-PARA-FOTOS-NO-SISTEMA-NOVO-2025-10-24T180452.289_2025-10-24_21-04-57.webp.webp?fit=1200%2C675&ssl=1&resize=350%2C200","width":350,"height":200,"srcset":"https:\/\/i0.wp.com\/noticiasribeiraopreto.com.br\/wp-content\/uploads\/2025\/10\/Copia-de-Copia-de-Copia-de-TAMANHO-EXATO-PARA-FOTOS-NO-SISTEMA-NOVO-2025-10-24T180452.289_2025-10-24_21-04-57.webp.webp?fit=1200%2C675&ssl=1&resize=350%2C200 1x, https:\/\/i0.wp.com\/noticiasribeiraopreto.com.br\/wp-content\/uploads\/2025\/10\/Copia-de-Copia-de-Copia-de-TAMANHO-EXATO-PARA-FOTOS-NO-SISTEMA-NOVO-2025-10-24T180452.289_2025-10-24_21-04-57.webp.webp?fit=1200%2C675&ssl=1&resize=525%2C300 1.5x, https:\/\/i0.wp.com\/noticiasribeiraopreto.com.br\/wp-content\/uploads\/2025\/10\/Copia-de-Copia-de-Copia-de-TAMANHO-EXATO-PARA-FOTOS-NO-SISTEMA-NOVO-2025-10-24T180452.289_2025-10-24_21-04-57.webp.webp?fit=1200%2C675&ssl=1&resize=700%2C400 2x, https:\/\/i0.wp.com\/noticiasribeiraopreto.com.br\/wp-content\/uploads\/2025\/10\/Copia-de-Copia-de-Copia-de-TAMANHO-EXATO-PARA-FOTOS-NO-SISTEMA-NOVO-2025-10-24T180452.289_2025-10-24_21-04-57.webp.webp?fit=1200%2C675&ssl=1&resize=1050%2C600 3x"},"classes":[]},{"id":83995,"url":"https:\/\/noticiasribeiraopreto.com.br\/index.php\/2026\/03\/30\/ribeirao-preto-passa-a-contar-com-mais-opcoes-de-voos-para-sp\/","url_meta":{"origin":83377,"position":3},"title":"Ribeir\u00e3o Preto passa a contar com mais op\u00e7\u00f5es de voos para SP","author":"noticiasribeiraopreto.com.br","date":"30 de March de 2026","format":false,"excerpt":"Ler o resumo da not\u00edcia GOL Linhas A\u00e9reas ampliou a frequ\u00eancia de voos entre Ribeir\u00e3o Preto e Congonhas (SP) a partir de 29 de mar\u00e7o de 2026. A rota passou de 12 para 13 voos semanais em cada sentido, operando todos os dias da semana. O aumento representa crescimento de\u2026","rel":"","context":"In &quot;Not\u00edcias de Ribeir\u00e3o Preto-SP e Regi\u00e3o&quot;","block_context":{"text":"Not\u00edcias de Ribeir\u00e3o Preto-SP e Regi\u00e3o","link":"https:\/\/noticiasribeiraopreto.com.br\/index.php\/category\/noticias-de-ribeirao-preto-sp-e-regiao-ismael-colosi\/"},"img":{"alt_text":"","src":"https:\/\/i0.wp.com\/noticiasribeiraopreto.com.br\/wp-content\/uploads\/2026\/03\/gol_2025-10-01_19-10-00.webp.webp?fit=1200%2C791&ssl=1&resize=350%2C200","width":350,"height":200,"srcset":"https:\/\/i0.wp.com\/noticiasribeiraopreto.com.br\/wp-content\/uploads\/2026\/03\/gol_2025-10-01_19-10-00.webp.webp?fit=1200%2C791&ssl=1&resize=350%2C200 1x, https:\/\/i0.wp.com\/noticiasribeiraopreto.com.br\/wp-content\/uploads\/2026\/03\/gol_2025-10-01_19-10-00.webp.webp?fit=1200%2C791&ssl=1&resize=525%2C300 1.5x, https:\/\/i0.wp.com\/noticiasribeiraopreto.com.br\/wp-content\/uploads\/2026\/03\/gol_2025-10-01_19-10-00.webp.webp?fit=1200%2C791&ssl=1&resize=700%2C400 2x, https:\/\/i0.wp.com\/noticiasribeiraopreto.com.br\/wp-content\/uploads\/2026\/03\/gol_2025-10-01_19-10-00.webp.webp?fit=1200%2C791&ssl=1&resize=1050%2C600 3x"},"classes":[]},{"id":82204,"url":"https:\/\/noticiasribeiraopreto.com.br\/index.php\/2026\/02\/07\/confessionario-outros-ares-tribuna-ribeirao\/","url_meta":{"origin":83377,"position":4},"title":"CONFESSION\u00c1RIO &#8211; Outros ares &#8211; Tribuna Ribeir\u00e3o","author":"noticiasribeiraopreto.com.br","date":"7 de February de 2026","format":false,"excerpt":"\r \r \r \r \r 7 de fevereiro de 2026 09:176 de fevereiro de 2026 13:54 \r Compartilhar0 \r O vereador Lincoln Fernandes (PL), l\u00edder do governo na C\u00e2mara n\u00e3o \u00e9 mais apresentador da r\u00e1dio Jovem Pan News, de Ribeir\u00e3o Preto. Pessoas pr\u00f3ximas de ambos garantem que Lincoln e Isaac\u2026","rel":"","context":"In &quot;Not\u00edcias de Ribeir\u00e3o Preto-SP e Regi\u00e3o&quot;","block_context":{"text":"Not\u00edcias de Ribeir\u00e3o Preto-SP e Regi\u00e3o","link":"https:\/\/noticiasribeiraopreto.com.br\/index.php\/category\/noticias-de-ribeirao-preto-sp-e-regiao-ismael-colosi\/"},"img":{"alt_text":"","src":"","width":0,"height":0},"classes":[]},{"id":81673,"url":"https:\/\/noticiasribeiraopreto.com.br\/index.php\/2026\/01\/13\/quer-economizar-shoppings-de-ribeirao-preto-reunem-promocoes-e-descontos-de-ate-70\/","url_meta":{"origin":83377,"position":5},"title":"Quer economizar? Shoppings de Ribeir\u00e3o Preto re\u00fanem promo\u00e7\u00f5es e descontos de at\u00e9 70%","author":"noticiasribeiraopreto.com.br","date":"13 de January de 2026","format":false,"excerpt":"Os shoppings de Ribeir\u00e3o Preto iniciam o ano com campanhas de liquida\u00e7\u00e3o que oferecem descontos de at\u00e9 70% em diversos segmentos do varejo. As a\u00e7\u00f5es acontecem entre os dias 12 e 19 de janeiro de 2026 e envolvem o Ribeir\u00e3o Shopping, o Shopping Santa \u00darsula e o Iguatemi Ribeir\u00e3o Preto.\u2026","rel":"","context":"In &quot;Not\u00edcias de Ribeir\u00e3o Preto-SP e Regi\u00e3o&quot;","block_context":{"text":"Not\u00edcias de Ribeir\u00e3o Preto-SP e Regi\u00e3o","link":"https:\/\/noticiasribeiraopreto.com.br\/index.php\/category\/noticias-de-ribeirao-preto-sp-e-regiao-ismael-colosi\/"},"img":{"alt_text":"","src":"https:\/\/i0.wp.com\/noticiasribeiraopreto.com.br\/wp-content\/uploads\/2026\/01\/Imagem-do-WhatsApp-de-2026-01-12-as-16.01.55_ee3779b2_2026-01-12_19-03-59.webp.webp?fit=1200%2C800&ssl=1&resize=350%2C200","width":350,"height":200,"srcset":"https:\/\/i0.wp.com\/noticiasribeiraopreto.com.br\/wp-content\/uploads\/2026\/01\/Imagem-do-WhatsApp-de-2026-01-12-as-16.01.55_ee3779b2_2026-01-12_19-03-59.webp.webp?fit=1200%2C800&ssl=1&resize=350%2C200 1x, https:\/\/i0.wp.com\/noticiasribeiraopreto.com.br\/wp-content\/uploads\/2026\/01\/Imagem-do-WhatsApp-de-2026-01-12-as-16.01.55_ee3779b2_2026-01-12_19-03-59.webp.webp?fit=1200%2C800&ssl=1&resize=525%2C300 1.5x, https:\/\/i0.wp.com\/noticiasribeiraopreto.com.br\/wp-content\/uploads\/2026\/01\/Imagem-do-WhatsApp-de-2026-01-12-as-16.01.55_ee3779b2_2026-01-12_19-03-59.webp.webp?fit=1200%2C800&ssl=1&resize=700%2C400 2x, https:\/\/i0.wp.com\/noticiasribeiraopreto.com.br\/wp-content\/uploads\/2026\/01\/Imagem-do-WhatsApp-de-2026-01-12-as-16.01.55_ee3779b2_2026-01-12_19-03-59.webp.webp?fit=1200%2C800&ssl=1&resize=1050%2C600 3x"},"classes":[]}],"jetpack_sharing_enabled":true,"jetpack_shortlink":"https:\/\/wp.me\/peQAOb-lGN","_links":{"self":[{"href":"https:\/\/noticiasribeiraopreto.com.br\/index.php\/wp-json\/wp\/v2\/posts\/83377","targetHints":{"allow":["GET"]}}],"collection":[{"href":"https:\/\/noticiasribeiraopreto.com.br\/index.php\/wp-json\/wp\/v2\/posts"}],"about":[{"href":"https:\/\/noticiasribeiraopreto.com.br\/index.php\/wp-json\/wp\/v2\/types\/post"}],"author":[{"embeddable":true,"href":"https:\/\/noticiasribeiraopreto.com.br\/index.php\/wp-json\/wp\/v2\/users\/1"}],"replies":[{"embeddable":true,"href":"https:\/\/noticiasribeiraopreto.com.br\/index.php\/wp-json\/wp\/v2\/comments?post=83377"}],"version-history":[{"count":0,"href":"https:\/\/noticiasribeiraopreto.com.br\/index.php\/wp-json\/wp\/v2\/posts\/83377\/revisions"}],"wp:featuredmedia":[{"embeddable":true,"href":"https:\/\/noticiasribeiraopreto.com.br\/index.php\/wp-json\/wp\/v2\/media\/83378"}],"wp:attachment":[{"href":"https:\/\/noticiasribeiraopreto.com.br\/index.php\/wp-json\/wp\/v2\/media?parent=83377"}],"wp:term":[{"taxonomy":"category","embeddable":true,"href":"https:\/\/noticiasribeiraopreto.com.br\/index.php\/wp-json\/wp\/v2\/categories?post=83377"},{"taxonomy":"post_tag","embeddable":true,"href":"https:\/\/noticiasribeiraopreto.com.br\/index.php\/wp-json\/wp\/v2\/tags?post=83377"}],"curies":[{"name":"wp","href":"https:\/\/api.w.org\/{rel}","templated":true}]}}