{"id":83379,"date":"2026-03-17T14:36:15","date_gmt":"2026-03-17T17:36:15","guid":{"rendered":"https:\/\/noticiasribeiraopreto.com.br\/index.php\/2026\/03\/17\/helio-castroneves-confirma-retorno-para-500-milhas-de-indianapolis\/"},"modified":"2026-03-17T14:36:15","modified_gmt":"2026-03-17T17:36:15","slug":"helio-castroneves-confirma-retorno-para-500-milhas-de-indianapolis","status":"publish","type":"post","link":"https:\/\/noticiasribeiraopreto.com.br\/index.php\/2026\/03\/17\/helio-castroneves-confirma-retorno-para-500-milhas-de-indianapolis\/","title":{"rendered":"Helio Castroneves confirma retorno para 500 Milhas de Indian\u00e1polis"},"content":{"rendered":"<div class='code-block code-block-1' style='margin: 8px 0 8px auto; text-align: right; display: block; clear: both;'>\n<p><a href=\"https:\/\/wa.link\/vpicfd\"><img data-recalc-dims=\"1\" class=\"wp-image-4922\" style=\"aspect-ratio: 2.0253164556962027; width: 561px; height: auto;\" src=\"https:\/\/i0.wp.com\/ismaelcolosi.com.br\/wp-content\/uploads\/2023\/11\/grupo-de-empregos-whatsapp-e-facebook-ismael-colosi-vagas.jpg?ssl=1\" alt=\"\" \/><\/a><\/p>\n<!-- \/wp:image -->\n<\/div>\n<p> <br \/>\n<\/p>\n<div id=\"dsoaudio\">\n            <button type=\"button\" title=\"Salvar mat\u00e9ria\" class=\"dso bookmark-injection bookmark-save\"><br \/>\n        <svg xmlns=\"http:\/\/www.w3.org\/2000\/svg\" width=\"20\" height=\"24\" viewbox=\"0 0 20 24\" fill=\"none\">\n            <path d=\"M1 23V1H19V23L10 15.6667L1 23Z\" stroke=\"black\" stroke-width=\"1.3\" stroke-linejoin=\"round\"\/>\n        <\/svg><br \/>\n    <\/button> <\/p>\n<p>O piloto<strong> Helio Castroneves<\/strong>, radicado em <strong>Ribeir\u00e3o Preto<\/strong>, confirmou nesta ter\u00e7a-feira (17) que vai tentar a quinta vit\u00f3ria nas <strong>500 Milhas de Indian\u00e1polis<\/strong>, que acontece no pr\u00f3ximo dia 24 de maio. Com quatro vit\u00f3rias, Castroneves \u00e9 uma dos maiores vencedores da principal corrida do automobilismo mundial.<\/p>\n<p>Helio Castroneves vai pilotar o carro n\u00famero 6, da <strong>Meyer Shank Racing<\/strong>, equipe da qual \u00e9 um dos s\u00f3cios. O piloto venceu as 500 Milhas de Indian\u00e1polis em 2001, 2002, 2009 e 2021.<\/p>\n<p>\u201cA busca pela quinta vit\u00f3ria continua viva\u201d, disse Helio Castroneves em publica\u00e7\u00e3o nas redes sociais. O piloto j\u00e1 disputou a prova 25 vezes, com 17 chegadas no top-10, sendo quatro vit\u00f3rias.<\/p>\n<blockquote class=\"instagram-media\" data-instgrm-permalink=\"https:\/\/www.instagram.com\/reel\/DV_PNpsDrH9\/?utm_source=ig_embed&amp;utm_campaign=loading\" data-instgrm-version=\"14\" style=\" background:#FFF; border:0; border-radius:3px; box-shadow:0 0 1px 0 rgba(0,0,0,0.5),0 1px 10px 0 rgba(0,0,0,0.15); margin: 1px; max-width:540px; min-width:326px; padding:0; width:99.375%; width:-webkit-calc(100% - 2px); width:calc(100% - 2px);\"\/>\n<p>SAIBA MAIS<br \/>Feira Alta Caf\u00e9 2026 projeta R$ 260 milh\u00f5es em neg\u00f3cios e 20 mil visitantes<\/p>\n<h2 class=\"wp-block-heading\"><strong>FIQUE ON<\/strong><\/h2>\n<p>Fique ligado em tudo que acontece em Ribeir\u00e3o Preto e regi\u00e3o. Siga os perfis do\u00a0<strong>acidade on\u00a0<\/strong>no<a href=\"https:\/\/www.instagram.com\/acidadeonribeirao\" target=\"_blank\" rel=\"noreferrer noopener\">\u00a0Instagram<\/a>\u00a0e no\u00a0<a href=\"https:\/\/www.facebook.com\/acidadeonribeirao\/\" target=\"_blank\" rel=\"noreferrer noopener\">Facebook<\/a>.<\/p>\n<p>Receba not\u00edcias do<strong>\u00a0acidade on<\/strong>\u00a0no WhatsApp. Para entrar no grupo,\u00a0basta<a href=\"https:\/\/chat.whatsapp.com\/GFH9HUMUTHNFJdnyEd0xxq\" target=\"_blank\" rel=\"noreferrer noopener\">\u00a0clicar aqui<\/a>. Ou, acesse o nosso\u00a0Canal\u00a0<a href=\"https:\/\/whatsapp.com\/channel\/0029Vb6IQl1JENyAeS57fk2p\" target=\"_blank\" rel=\"noreferrer noopener\">clicando aqui<\/a>.<\/p>\n<p>Fa\u00e7a uma den\u00fancia ou sugira uma reportagem sobre Ribeir\u00e3o Preto e regi\u00e3o pelo WhatsApp: 16 99117 7802.<\/p>\n<p>VEJA TAMB\u00c9M<br \/>6 dicas para montar um cronograma de estudos eficiente para as provas<\/p>\n<p><input type=\"hidden\" name=\"postID\" id=\"postID\" value=\"149226\"\/><br \/>\n            <input type=\"hidden\" name=\"postType\" id=\"postType\" value=\"post\"\/><br \/>\n<!-- AI CONTENT END 1 -->\n        <\/div>\n<p><script async src=\"\/\/www.instagram.com\/embed.js\"><\/script><br \/>\n<br \/><br \/>\n<br \/><a href=\"https:\/\/www.acidadeon.com\/ribeiraopreto\/esportes\/helio-castroneves-confirma-retorno-para-500-milhas-de-indianapolis\/\">Source link <\/a><\/p>\n<!-- CONTENT END 1 -->\n","protected":false},"excerpt":{"rendered":"<p>O piloto Helio Castroneves, radicado em Ribeir\u00e3o Preto, confirmou nesta ter\u00e7a-feira (17) que vai tentar a quinta vit\u00f3ria nas 500 Milhas de Indian\u00e1polis, que acontece&#8230;<\/p>\n","protected":false},"author":1,"featured_media":83380,"comment_status":"open","ping_status":"open","sticky":false,"template":"","format":"standard","meta":{"advanced_seo_description":"","jetpack_seo_html_title":"","jetpack_seo_noindex":false,"jetpack_post_was_ever_published":false,"_jetpack_newsletter_access":"","_jetpack_dont_email_post_to_subs":false,"_jetpack_newsletter_tier_id":0,"_jetpack_memberships_contains_paywalled_content":false,"_jetpack_memberships_contains_paid_content":false,"footnotes":"","jetpack_publicize_message":"","jetpack_publicize_feature_enabled":true,"jetpack_social_post_already_shared":true,"jetpack_social_options":{"image_generator_settings":{"template":"highway","default_image_id":0,"font":"","enabled":false},"version":2}},"categories":[11],"tags":[],"class_list":["post-83379","post","type-post","status-publish","format-standard","has-post-thumbnail","hentry","category-noticias-de-ribeirao-preto-sp-e-regiao-ismael-colosi"],"jetpack_publicize_connections":[],"jetpack_featured_media_url":"https:\/\/i0.wp.com\/noticiasribeiraopreto.com.br\/wp-content\/uploads\/2026\/03\/helio-castroneves_2026-03-17_16-47-00.webp.webp?fit=1200%2C800&ssl=1","jetpack-related-posts":[{"id":70309,"url":"https:\/\/noticiasribeiraopreto.com.br\/index.php\/2025\/05\/24\/helio-castroneves-busca-penta-inedito-nas-500-milhas-de-indianapolis-neste-domingo\/","url_meta":{"origin":83379,"position":0},"title":"Helio Castroneves busca penta in\u00e9dito nas 500 Milhas de Indian\u00e1polis neste domingo","author":"noticiasribeiraopreto.com.br","date":"24 de May de 2025","format":false,"excerpt":"O piloto Helio Castroneves, radicado em Ribeir\u00e3o Preto, busca neste domingo (25) o in\u00e9dito penta das 500 Milhas de Indian\u00e1polis, disputada nos Estados Unidos. A prova, que chega \u00e0 109\u00aa edi\u00e7\u00e3o, acontece a partir das 13h (hor\u00e1rio de Bras\u00edlia). Castroneves vai largar da 22\u00aa posi\u00e7\u00e3o, com o carro n\u00famero 6\u2026","rel":"","context":"In &quot;Not\u00edcias de Ribeir\u00e3o Preto-SP e Regi\u00e3o&quot;","block_context":{"text":"Not\u00edcias de Ribeir\u00e3o Preto-SP e Regi\u00e3o","link":"https:\/\/noticiasribeiraopreto.com.br\/index.php\/category\/noticias-de-ribeirao-preto-sp-e-regiao-ismael-colosi\/"},"img":{"alt_text":"","src":"https:\/\/i0.wp.com\/noticiasribeiraopreto.com.br\/wp-content\/uploads\/2025\/05\/helio-castroneves_2025-05-24_19-19-10.webp.webp?fit=1000%2C563&ssl=1&resize=350%2C200","width":350,"height":200,"srcset":"https:\/\/i0.wp.com\/noticiasribeiraopreto.com.br\/wp-content\/uploads\/2025\/05\/helio-castroneves_2025-05-24_19-19-10.webp.webp?fit=1000%2C563&ssl=1&resize=350%2C200 1x, https:\/\/i0.wp.com\/noticiasribeiraopreto.com.br\/wp-content\/uploads\/2025\/05\/helio-castroneves_2025-05-24_19-19-10.webp.webp?fit=1000%2C563&ssl=1&resize=525%2C300 1.5x, https:\/\/i0.wp.com\/noticiasribeiraopreto.com.br\/wp-content\/uploads\/2025\/05\/helio-castroneves_2025-05-24_19-19-10.webp.webp?fit=1000%2C563&ssl=1&resize=700%2C400 2x"},"classes":[]},{"id":63408,"url":"https:\/\/noticiasribeiraopreto.com.br\/index.php\/2025\/02\/12\/piloto-de-ribeirao-preto-e-eleito-para-o-hall-da-fama-do-circuito-de-indianapolis\/","url_meta":{"origin":83379,"position":1},"title":"Piloto de Ribeir\u00e3o Preto \u00e9 eleito para o Hall da Fama do circuito de Indian\u00e1polis","author":"noticiasribeiraopreto.com.br","date":"12 de February de 2025","format":false,"excerpt":"O piloto Helio Castroneves, radicado em Ribeir\u00e3o Preto, foi eleito nesta quarta-feira (12) para o Hall da Fama do circuito de Indian\u00e1polis, nos Estados Unidos, considerado um dos maiores templos do automobilismo mundial. O piloto \u00e9 tetracampe\u00e3o das 500 Milhas de Indian\u00e1polis, realizada no aut\u00f3dromo \u2013 2001, 2002, 2009 e\u2026","rel":"","context":"In &quot;Not\u00edcias de Ribeir\u00e3o Preto-SP e Regi\u00e3o&quot;","block_context":{"text":"Not\u00edcias de Ribeir\u00e3o Preto-SP e Regi\u00e3o","link":"https:\/\/noticiasribeiraopreto.com.br\/index.php\/category\/noticias-de-ribeirao-preto-sp-e-regiao-ismael-colosi\/"},"img":{"alt_text":"","src":"https:\/\/i0.wp.com\/noticiasribeiraopreto.com.br\/wp-content\/uploads\/2025\/02\/helio-castroneves_2025-02-12_17-46-39_jpg_2025-02-12_17-46-39.webp.webp?fit=940%2C564&ssl=1&resize=350%2C200","width":350,"height":200,"srcset":"https:\/\/i0.wp.com\/noticiasribeiraopreto.com.br\/wp-content\/uploads\/2025\/02\/helio-castroneves_2025-02-12_17-46-39_jpg_2025-02-12_17-46-39.webp.webp?fit=940%2C564&ssl=1&resize=350%2C200 1x, https:\/\/i0.wp.com\/noticiasribeiraopreto.com.br\/wp-content\/uploads\/2025\/02\/helio-castroneves_2025-02-12_17-46-39_jpg_2025-02-12_17-46-39.webp.webp?fit=940%2C564&ssl=1&resize=525%2C300 1.5x, https:\/\/i0.wp.com\/noticiasribeiraopreto.com.br\/wp-content\/uploads\/2025\/02\/helio-castroneves_2025-02-12_17-46-39_jpg_2025-02-12_17-46-39.webp.webp?fit=940%2C564&ssl=1&resize=700%2C400 2x"},"classes":[]},{"id":70387,"url":"https:\/\/noticiasribeiraopreto.com.br\/index.php\/2025\/05\/25\/helio-castroneves-termina-as-500-milhas-de-indianapolis-na-13a-colocacao\/","url_meta":{"origin":83379,"position":2},"title":"Helio Castroneves termina as 500 Milhas de Indian\u00e1polis na 13\u00aa coloca\u00e7\u00e3o","author":"noticiasribeiraopreto.com.br","date":"25 de May de 2025","format":false,"excerpt":"O piloto Helio Castroneves, radicado em Ribeir\u00e3o Preto, finalizou na 13\u00aa coloca\u00e7\u00e3o na 109\u00aa edi\u00e7\u00e3o das 500 Milhas de Indian\u00e1polis, realizada neste domingo (26), nos Estados Unidos. Castroneves iniciou a prova na 22\u00aa posi\u00e7\u00e3o, conduzindo o carro n\u00famero 6 da equipe Meyer Shank, da qual \u00e9 um dos s\u00f3cios. O\u2026","rel":"","context":"In &quot;Not\u00edcias de Ribeir\u00e3o Preto-SP e Regi\u00e3o&quot;","block_context":{"text":"Not\u00edcias de Ribeir\u00e3o Preto-SP e Regi\u00e3o","link":"https:\/\/noticiasribeiraopreto.com.br\/index.php\/category\/noticias-de-ribeirao-preto-sp-e-regiao-ismael-colosi\/"},"img":{"alt_text":"","src":"https:\/\/i0.wp.com\/noticiasribeiraopreto.com.br\/wp-content\/uploads\/2025\/05\/helio-castroneves_2025-05-24_19-19-10.webp.webp?fit=1000%2C563&ssl=1&resize=350%2C200","width":350,"height":200,"srcset":"https:\/\/i0.wp.com\/noticiasribeiraopreto.com.br\/wp-content\/uploads\/2025\/05\/helio-castroneves_2025-05-24_19-19-10.webp.webp?fit=1000%2C563&ssl=1&resize=350%2C200 1x, https:\/\/i0.wp.com\/noticiasribeiraopreto.com.br\/wp-content\/uploads\/2025\/05\/helio-castroneves_2025-05-24_19-19-10.webp.webp?fit=1000%2C563&ssl=1&resize=525%2C300 1.5x, https:\/\/i0.wp.com\/noticiasribeiraopreto.com.br\/wp-content\/uploads\/2025\/05\/helio-castroneves_2025-05-24_19-19-10.webp.webp?fit=1000%2C563&ssl=1&resize=700%2C400 2x"},"classes":[]},{"id":68829,"url":"https:\/\/noticiasribeiraopreto.com.br\/index.php\/2025\/04\/29\/helio-castroneves-retorna-ao-brasil-para-a-temporada-2025-da-stock-car\/","url_meta":{"origin":83379,"position":3},"title":"Helio Castroneves retorna ao Brasil para a temporada 2025 da Stock Car","author":"noticiasribeiraopreto.com.br","date":"29 de April de 2025","format":false,"excerpt":"O piloto Helio Castroneves, radicado em Ribeir\u00e3o Preto, anunciou nesta ter\u00e7a-feira (29) o retorno ao automobilismo brasileiro. O tetracampe\u00e3o das 500 Milhas de Indian\u00e1polis foi confirmado na temporada 2025 da Stock Car. Helio vai assumir o volante do carro da RTR Sport Team. \u201cEstou de volta ao lar\u201d, escreveu o\u2026","rel":"","context":"In &quot;Not\u00edcias de Ribeir\u00e3o Preto-SP e Regi\u00e3o&quot;","block_context":{"text":"Not\u00edcias de Ribeir\u00e3o Preto-SP e Regi\u00e3o","link":"https:\/\/noticiasribeiraopreto.com.br\/index.php\/category\/noticias-de-ribeirao-preto-sp-e-regiao-ismael-colosi\/"},"img":{"alt_text":"","src":"https:\/\/i0.wp.com\/noticiasribeiraopreto.com.br\/wp-content\/uploads\/2025\/01\/helio-castroneves_2025-01-07_14-04-52_jpg_2025-01-07_14-04-53.webp.webp?fit=1200%2C800&ssl=1&resize=350%2C200","width":350,"height":200,"srcset":"https:\/\/i0.wp.com\/noticiasribeiraopreto.com.br\/wp-content\/uploads\/2025\/01\/helio-castroneves_2025-01-07_14-04-52_jpg_2025-01-07_14-04-53.webp.webp?fit=1200%2C800&ssl=1&resize=350%2C200 1x, https:\/\/i0.wp.com\/noticiasribeiraopreto.com.br\/wp-content\/uploads\/2025\/01\/helio-castroneves_2025-01-07_14-04-52_jpg_2025-01-07_14-04-53.webp.webp?fit=1200%2C800&ssl=1&resize=525%2C300 1.5x, https:\/\/i0.wp.com\/noticiasribeiraopreto.com.br\/wp-content\/uploads\/2025\/01\/helio-castroneves_2025-01-07_14-04-52_jpg_2025-01-07_14-04-53.webp.webp?fit=1200%2C800&ssl=1&resize=700%2C400 2x, https:\/\/i0.wp.com\/noticiasribeiraopreto.com.br\/wp-content\/uploads\/2025\/01\/helio-castroneves_2025-01-07_14-04-52_jpg_2025-01-07_14-04-53.webp.webp?fit=1200%2C800&ssl=1&resize=1050%2C600 3x"},"classes":[]},{"id":51351,"url":"https:\/\/noticiasribeiraopreto.com.br\/index.php\/2024\/05\/25\/helio-castroneves-busca-sua-quinta-vitoria-na-indy-500-neste-domingo-veja-onde-assistir\/","url_meta":{"origin":83379,"position":4},"title":"Helio Castroneves busca sua quinta vit\u00f3ria na Indy 500 neste domingo; Veja onde assistir","author":"noticiasribeiraopreto.com.br","date":"25 de May de 2024","format":false,"excerpt":"A tradicional 500 milhas de Indian\u00e1polis acontece neste domingo (25), no Indianapolis Motor Speedway, e o piloto Helio Castroneves, radicado em Ribeir\u00e3o Preto, busca sua quinta vit\u00f3ria na competi\u00e7\u00e3o. At\u00e9 hoje nenhum participante alcan\u00e7ou esse feito, na competi\u00e7\u00e3o que \u00e9 considerada um dos eventos mais importantes dos Estados Unidos. Com\u2026","rel":"","context":"In &quot;Not\u00edcias de Ribeir\u00e3o Preto-SP e Regi\u00e3o&quot;","block_context":{"text":"Not\u00edcias de Ribeir\u00e3o Preto-SP e Regi\u00e3o","link":"https:\/\/noticiasribeiraopreto.com.br\/index.php\/category\/noticias-de-ribeirao-preto-sp-e-regiao-ismael-colosi\/"},"img":{"alt_text":"","src":"https:\/\/i0.wp.com\/noticiasribeiraopreto.com.br\/wp-content\/uploads\/2024\/05\/JDC_6449_2024-05-25_14-46-06_jpg_2024-05-25_14-46-06.webp.webp?fit=1200%2C960&ssl=1&resize=350%2C200","width":350,"height":200,"srcset":"https:\/\/i0.wp.com\/noticiasribeiraopreto.com.br\/wp-content\/uploads\/2024\/05\/JDC_6449_2024-05-25_14-46-06_jpg_2024-05-25_14-46-06.webp.webp?fit=1200%2C960&ssl=1&resize=350%2C200 1x, https:\/\/i0.wp.com\/noticiasribeiraopreto.com.br\/wp-content\/uploads\/2024\/05\/JDC_6449_2024-05-25_14-46-06_jpg_2024-05-25_14-46-06.webp.webp?fit=1200%2C960&ssl=1&resize=525%2C300 1.5x, https:\/\/i0.wp.com\/noticiasribeiraopreto.com.br\/wp-content\/uploads\/2024\/05\/JDC_6449_2024-05-25_14-46-06_jpg_2024-05-25_14-46-06.webp.webp?fit=1200%2C960&ssl=1&resize=700%2C400 2x, https:\/\/i0.wp.com\/noticiasribeiraopreto.com.br\/wp-content\/uploads\/2024\/05\/JDC_6449_2024-05-25_14-46-06_jpg_2024-05-25_14-46-06.webp.webp?fit=1200%2C960&ssl=1&resize=1050%2C600 3x"},"classes":[]},{"id":62198,"url":"https:\/\/noticiasribeiraopreto.com.br\/index.php\/2025\/01\/07\/piloto-de-ribeirao-preto-vai-disputar-a-principal-corrida-da-nascar\/","url_meta":{"origin":83379,"position":5},"title":"Piloto de Ribeir\u00e3o Preto vai disputar a principal corrida da Nascar","author":"noticiasribeiraopreto.com.br","date":"7 de January de 2025","format":false,"excerpt":"O piloto Helio Castroneves, que \u00e9 radicado em Ribeir\u00e3o Preto, anunciou na \u00faltima segunda-feira (6), que vai disputar as 500 milhas de Daytona, a principal prova das Nascar, nos Estados Unidos. A corrida acontece no dia 16 de fevereiro e abre a temporada de uma das principais categorias do automobilismo\u2026","rel":"","context":"In &quot;Not\u00edcias de Ribeir\u00e3o Preto-SP e Regi\u00e3o&quot;","block_context":{"text":"Not\u00edcias de Ribeir\u00e3o Preto-SP e Regi\u00e3o","link":"https:\/\/noticiasribeiraopreto.com.br\/index.php\/category\/noticias-de-ribeirao-preto-sp-e-regiao-ismael-colosi\/"},"img":{"alt_text":"","src":"https:\/\/i0.wp.com\/noticiasribeiraopreto.com.br\/wp-content\/uploads\/2025\/01\/helio-castroneves_2025-01-07_14-04-52_jpg_2025-01-07_14-04-53.webp.webp?fit=1200%2C800&ssl=1&resize=350%2C200","width":350,"height":200,"srcset":"https:\/\/i0.wp.com\/noticiasribeiraopreto.com.br\/wp-content\/uploads\/2025\/01\/helio-castroneves_2025-01-07_14-04-52_jpg_2025-01-07_14-04-53.webp.webp?fit=1200%2C800&ssl=1&resize=350%2C200 1x, https:\/\/i0.wp.com\/noticiasribeiraopreto.com.br\/wp-content\/uploads\/2025\/01\/helio-castroneves_2025-01-07_14-04-52_jpg_2025-01-07_14-04-53.webp.webp?fit=1200%2C800&ssl=1&resize=525%2C300 1.5x, https:\/\/i0.wp.com\/noticiasribeiraopreto.com.br\/wp-content\/uploads\/2025\/01\/helio-castroneves_2025-01-07_14-04-52_jpg_2025-01-07_14-04-53.webp.webp?fit=1200%2C800&ssl=1&resize=700%2C400 2x, https:\/\/i0.wp.com\/noticiasribeiraopreto.com.br\/wp-content\/uploads\/2025\/01\/helio-castroneves_2025-01-07_14-04-52_jpg_2025-01-07_14-04-53.webp.webp?fit=1200%2C800&ssl=1&resize=1050%2C600 3x"},"classes":[]}],"jetpack_sharing_enabled":true,"jetpack_shortlink":"https:\/\/wp.me\/peQAOb-lGP","_links":{"self":[{"href":"https:\/\/noticiasribeiraopreto.com.br\/index.php\/wp-json\/wp\/v2\/posts\/83379","targetHints":{"allow":["GET"]}}],"collection":[{"href":"https:\/\/noticiasribeiraopreto.com.br\/index.php\/wp-json\/wp\/v2\/posts"}],"about":[{"href":"https:\/\/noticiasribeiraopreto.com.br\/index.php\/wp-json\/wp\/v2\/types\/post"}],"author":[{"embeddable":true,"href":"https:\/\/noticiasribeiraopreto.com.br\/index.php\/wp-json\/wp\/v2\/users\/1"}],"replies":[{"embeddable":true,"href":"https:\/\/noticiasribeiraopreto.com.br\/index.php\/wp-json\/wp\/v2\/comments?post=83379"}],"version-history":[{"count":0,"href":"https:\/\/noticiasribeiraopreto.com.br\/index.php\/wp-json\/wp\/v2\/posts\/83379\/revisions"}],"wp:featuredmedia":[{"embeddable":true,"href":"https:\/\/noticiasribeiraopreto.com.br\/index.php\/wp-json\/wp\/v2\/media\/83380"}],"wp:attachment":[{"href":"https:\/\/noticiasribeiraopreto.com.br\/index.php\/wp-json\/wp\/v2\/media?parent=83379"}],"wp:term":[{"taxonomy":"category","embeddable":true,"href":"https:\/\/noticiasribeiraopreto.com.br\/index.php\/wp-json\/wp\/v2\/categories?post=83379"},{"taxonomy":"post_tag","embeddable":true,"href":"https:\/\/noticiasribeiraopreto.com.br\/index.php\/wp-json\/wp\/v2\/tags?post=83379"}],"curies":[{"name":"wp","href":"https:\/\/api.w.org\/{rel}","templated":true}]}}