{"id":83389,"date":"2026-03-17T16:57:28","date_gmt":"2026-03-17T19:57:28","guid":{"rendered":"https:\/\/noticiasribeiraopreto.com.br\/index.php\/2026\/03\/17\/receita-federal-de-ribeirao-preto-apreende-r-200-mil-em-maquinas-fotograficas\/"},"modified":"2026-03-17T16:57:28","modified_gmt":"2026-03-17T19:57:28","slug":"receita-federal-de-ribeirao-preto-apreende-r-200-mil-em-maquinas-fotograficas","status":"publish","type":"post","link":"https:\/\/noticiasribeiraopreto.com.br\/index.php\/2026\/03\/17\/receita-federal-de-ribeirao-preto-apreende-r-200-mil-em-maquinas-fotograficas\/","title":{"rendered":"Receita Federal de Ribeir\u00e3o Preto apreende R$ 200 mil em m\u00e1quinas fotogr\u00e1ficas"},"content":{"rendered":"<div class='code-block code-block-1' style='margin: 8px 0 8px auto; text-align: right; display: block; clear: both;'>\n<p><a href=\"https:\/\/wa.link\/vpicfd\"><img data-recalc-dims=\"1\" class=\"wp-image-4922\" style=\"aspect-ratio: 2.0253164556962027; width: 561px; height: auto;\" src=\"https:\/\/i0.wp.com\/ismaelcolosi.com.br\/wp-content\/uploads\/2023\/11\/grupo-de-empregos-whatsapp-e-facebook-ismael-colosi-vagas.jpg?ssl=1\" alt=\"\" \/><\/a><\/p>\n<!-- \/wp:image -->\n<\/div>\n<p> <br \/>\n<\/p>\n<div id=\"dsoaudio\">\n            <button type=\"button\" title=\"Salvar mat\u00e9ria\" class=\"dso bookmark-injection bookmark-save\"><br \/>\n        <svg xmlns=\"http:\/\/www.w3.org\/2000\/svg\" width=\"20\" height=\"24\" viewbox=\"0 0 20 24\" fill=\"none\">\n            <path d=\"M1 23V1H19V23L10 15.6667L1 23Z\" stroke=\"black\" stroke-width=\"1.3\" stroke-linejoin=\"round\"\/>\n        <\/svg><br \/>\n    <\/button> <\/p>\n<p>A <strong>Fiscaliza\u00e7\u00e3o Aduaneira da Receita Federal de Ribeir\u00e3o Preto<\/strong> apreendeu 50 m\u00e1quinas fotogr\u00e1ficas, avaliadas em R$ 200 mil. A a\u00e7\u00e3o aconteceu nesta ter\u00e7a-feira (17) em uma transportadora da regi\u00e3o.<\/p>\n<p>Segundo a<strong> Receita Federal<\/strong>, os equipamentos foram enviados sem nenhuma documenta\u00e7\u00e3o fiscal que comprovasse a regularidade do envio da carga, o que configura a pr\u00e1tica do crime de descaminho.<\/p>\n<figure class=\"wp-block-gallery has-nested-images columns-default is-cropped wp-block-gallery-1 is-layout-flex wp-block-gallery-is-layout-flex\">\n<figure class=\"wp-block-image size-large\"><img data-recalc-dims=\"1\" loading=\"lazy\" decoding=\"async\" width=\"1024\" height=\"768\" data-id=\"149234\" alt=\"maquinas foto receita 1 2026 03 17 17 42 25\" class=\"wp-image-149234\" title=\"Receita Federal de Ribeir\u00e3o Preto apreende R$ 200 mil em m\u00e1quinas fotogr\u00e1ficas 1\" srcset=\"https:\/\/www.acidadeon.com\/ribeiraopreto\/wp-content\/uploads\/sites\/3\/2026\/03\/maquinas-foto-receita-1_2026-03-17_17-42-25-1024x768.webp 1024w, https:\/\/www.acidadeon.com\/ribeiraopreto\/wp-content\/uploads\/sites\/3\/2026\/03\/maquinas-foto-receita-1_2026-03-17_17-42-25-300x225.webp 300w, https:\/\/www.acidadeon.com\/ribeiraopreto\/wp-content\/uploads\/sites\/3\/2026\/03\/maquinas-foto-receita-1_2026-03-17_17-42-25-768x576.webp 768w, https:\/\/www.acidadeon.com\/ribeiraopreto\/wp-content\/uploads\/sites\/3\/2026\/03\/maquinas-foto-receita-1_2026-03-17_17-42-25-400x300.webp 400w, https:\/\/www.acidadeon.com\/ribeiraopreto\/wp-content\/uploads\/sites\/3\/2026\/03\/maquinas-foto-receita-1_2026-03-17_17-42-25-150x113.webp 150w, https:\/\/www.acidadeon.com\/ribeiraopreto\/wp-content\/uploads\/sites\/3\/2026\/03\/maquinas-foto-receita-1_2026-03-17_17-42-25.webp 1200w\" data-lazy-sizes=\"(max-width: 1024px) 100vw, 1024px\" src=\"https:\/\/i0.wp.com\/www.acidadeon.com\/ribeiraopreto\/wp-content\/uploads\/sites\/3\/2026\/03\/maquinas-foto-receita-1_2026-03-17_17-42-25-1024x768.webp?resize=1024%2C768&#038;ssl=1\"\/><img data-recalc-dims=\"1\" loading=\"lazy\" decoding=\"async\" width=\"1024\" height=\"768\" data-id=\"149234\" src=\"https:\/\/i0.wp.com\/www.acidadeon.com\/ribeiraopreto\/wp-content\/uploads\/sites\/3\/2026\/03\/maquinas-foto-receita-1_2026-03-17_17-42-25-1024x768.webp?resize=1024%2C768&#038;ssl=1\" alt=\"maquinas foto receita 1 2026 03 17 17 42 25\" class=\"wp-image-149234\" title=\"Receita Federal de Ribeir\u00e3o Preto apreende R$ 200 mil em m\u00e1quinas fotogr\u00e1ficas 1\" srcset=\"https:\/\/www.acidadeon.com\/ribeiraopreto\/wp-content\/uploads\/sites\/3\/2026\/03\/maquinas-foto-receita-1_2026-03-17_17-42-25-1024x768.webp 1024w, https:\/\/www.acidadeon.com\/ribeiraopreto\/wp-content\/uploads\/sites\/3\/2026\/03\/maquinas-foto-receita-1_2026-03-17_17-42-25-300x225.webp 300w, https:\/\/www.acidadeon.com\/ribeiraopreto\/wp-content\/uploads\/sites\/3\/2026\/03\/maquinas-foto-receita-1_2026-03-17_17-42-25-768x576.webp 768w, https:\/\/www.acidadeon.com\/ribeiraopreto\/wp-content\/uploads\/sites\/3\/2026\/03\/maquinas-foto-receita-1_2026-03-17_17-42-25-400x300.webp 400w, https:\/\/www.acidadeon.com\/ribeiraopreto\/wp-content\/uploads\/sites\/3\/2026\/03\/maquinas-foto-receita-1_2026-03-17_17-42-25-150x113.webp 150w, https:\/\/www.acidadeon.com\/ribeiraopreto\/wp-content\/uploads\/sites\/3\/2026\/03\/maquinas-foto-receita-1_2026-03-17_17-42-25.webp 1200w\" sizes=\"auto, (max-width: 1024px) 100vw, 1024px\"\/><figcaption class=\"wp-element-caption\">Foto: divulga\u00e7\u00e3o\/Receita Federal<\/figcaption><\/figure>\n<figure class=\"wp-block-image size-large\"><img data-recalc-dims=\"1\" loading=\"lazy\" decoding=\"async\" width=\"1024\" height=\"768\" data-id=\"149233\" alt=\"maquinas foto receita 2 2026 03 17 17 42 25\" class=\"wp-image-149233\" title=\"Receita Federal de Ribeir\u00e3o Preto apreende R$ 200 mil em m\u00e1quinas fotogr\u00e1ficas 2\" srcset=\"https:\/\/www.acidadeon.com\/ribeiraopreto\/wp-content\/uploads\/sites\/3\/2026\/03\/maquinas-foto-receita-2_2026-03-17_17-42-25-1024x768.webp 1024w, https:\/\/www.acidadeon.com\/ribeiraopreto\/wp-content\/uploads\/sites\/3\/2026\/03\/maquinas-foto-receita-2_2026-03-17_17-42-25-300x225.webp 300w, https:\/\/www.acidadeon.com\/ribeiraopreto\/wp-content\/uploads\/sites\/3\/2026\/03\/maquinas-foto-receita-2_2026-03-17_17-42-25-768x576.webp 768w, https:\/\/www.acidadeon.com\/ribeiraopreto\/wp-content\/uploads\/sites\/3\/2026\/03\/maquinas-foto-receita-2_2026-03-17_17-42-25-400x300.webp 400w, https:\/\/www.acidadeon.com\/ribeiraopreto\/wp-content\/uploads\/sites\/3\/2026\/03\/maquinas-foto-receita-2_2026-03-17_17-42-25-150x113.webp 150w, https:\/\/www.acidadeon.com\/ribeiraopreto\/wp-content\/uploads\/sites\/3\/2026\/03\/maquinas-foto-receita-2_2026-03-17_17-42-25.webp 1200w\" data-lazy-sizes=\"(max-width: 1024px) 100vw, 1024px\" src=\"https:\/\/i0.wp.com\/www.acidadeon.com\/ribeiraopreto\/wp-content\/uploads\/sites\/3\/2026\/03\/maquinas-foto-receita-2_2026-03-17_17-42-25-1024x768.webp?resize=1024%2C768&#038;ssl=1\"\/><img data-recalc-dims=\"1\" loading=\"lazy\" decoding=\"async\" width=\"1024\" height=\"768\" data-id=\"149233\" src=\"https:\/\/i0.wp.com\/www.acidadeon.com\/ribeiraopreto\/wp-content\/uploads\/sites\/3\/2026\/03\/maquinas-foto-receita-2_2026-03-17_17-42-25-1024x768.webp?resize=1024%2C768&#038;ssl=1\" alt=\"maquinas foto receita 2 2026 03 17 17 42 25\" class=\"wp-image-149233\" title=\"Receita Federal de Ribeir\u00e3o Preto apreende R$ 200 mil em m\u00e1quinas fotogr\u00e1ficas 2\" srcset=\"https:\/\/www.acidadeon.com\/ribeiraopreto\/wp-content\/uploads\/sites\/3\/2026\/03\/maquinas-foto-receita-2_2026-03-17_17-42-25-1024x768.webp 1024w, https:\/\/www.acidadeon.com\/ribeiraopreto\/wp-content\/uploads\/sites\/3\/2026\/03\/maquinas-foto-receita-2_2026-03-17_17-42-25-300x225.webp 300w, https:\/\/www.acidadeon.com\/ribeiraopreto\/wp-content\/uploads\/sites\/3\/2026\/03\/maquinas-foto-receita-2_2026-03-17_17-42-25-768x576.webp 768w, https:\/\/www.acidadeon.com\/ribeiraopreto\/wp-content\/uploads\/sites\/3\/2026\/03\/maquinas-foto-receita-2_2026-03-17_17-42-25-400x300.webp 400w, https:\/\/www.acidadeon.com\/ribeiraopreto\/wp-content\/uploads\/sites\/3\/2026\/03\/maquinas-foto-receita-2_2026-03-17_17-42-25-150x113.webp 150w, https:\/\/www.acidadeon.com\/ribeiraopreto\/wp-content\/uploads\/sites\/3\/2026\/03\/maquinas-foto-receita-2_2026-03-17_17-42-25.webp 1200w\" sizes=\"auto, (max-width: 1024px) 100vw, 1024px\"\/><figcaption class=\"wp-element-caption\">Foto: divulga\u00e7\u00e3o\/Receita Federal<\/figcaption><\/figure>\n<\/figure>\n<p>\u201cComo a carga n\u00e3o possui origem conhecida, pode ser, inclusive, oriunda de outros crimes, como roubo ou furto\u201d, comunicou o \u00f3rg\u00e3o.<\/p>\n<p>De acordo com a Receita Federal, a carga foi declarada pelo remetente por apenas R$ 1. \u201cEsta pr\u00e1tica, al\u00e9m do preju\u00edzo ao Estado em raz\u00e3o dos tributos sonegados, tamb\u00e9m promove graves distor\u00e7\u00f5es na economia, uma vez que promove a concorr\u00eancia desleal entre as empresas do ramo\u201d.\u00a0<\/p>\n<blockquote class=\"instagram-media\" data-instgrm-permalink=\"https:\/\/www.instagram.com\/reel\/DV_scM6jr9m\/?utm_source=ig_embed&amp;utm_campaign=loading\" data-instgrm-version=\"14\" style=\" background:#FFF; border:0; border-radius:3px; box-shadow:0 0 1px 0 rgba(0,0,0,0.5),0 1px 10px 0 rgba(0,0,0,0.15); margin: 1px; max-width:540px; min-width:326px; padding:0; width:99.375%; width:-webkit-calc(100% - 2px); width:calc(100% - 2px);\"\/>\n<p>SAIBA MAIS<br \/>Feira Alta Caf\u00e9 2026 projeta R$ 260 milh\u00f5es em neg\u00f3cios e 20 mil visitantes<\/p>\n<h2 class=\"wp-block-heading\"><strong>FIQUE ON<\/strong><\/h2>\n<p>Fique ligado em tudo que acontece em Ribeir\u00e3o Preto e regi\u00e3o. Siga os perfis do\u00a0<strong>acidade on\u00a0<\/strong>no<a href=\"https:\/\/www.instagram.com\/acidadeonribeirao\" target=\"_blank\" rel=\"noreferrer noopener\">\u00a0Instagram<\/a>\u00a0e no\u00a0<a href=\"https:\/\/www.facebook.com\/acidadeonribeirao\/\" target=\"_blank\" rel=\"noreferrer noopener\">Facebook<\/a>.<\/p>\n<p>Receba not\u00edcias do<strong>\u00a0acidade on<\/strong>\u00a0no WhatsApp. Para entrar no grupo,\u00a0basta<a href=\"https:\/\/chat.whatsapp.com\/GFH9HUMUTHNFJdnyEd0xxq\" target=\"_blank\" rel=\"noreferrer noopener\">\u00a0clicar aqui<\/a>. Ou, acesse o nosso\u00a0Canal\u00a0<a href=\"https:\/\/whatsapp.com\/channel\/0029Vb6IQl1JENyAeS57fk2p\" target=\"_blank\" rel=\"noreferrer noopener\">clicando aqui<\/a>.<\/p>\n<p>Fa\u00e7a uma den\u00fancia ou sugira uma reportagem sobre Ribeir\u00e3o Preto e regi\u00e3o pelo WhatsApp: 16 99117 7802.<\/p>\n<p>VEJA TAMB\u00c9M<br \/>6 dicas para montar um cronograma de estudos eficiente para as provas<\/p>\n<p><input type=\"hidden\" name=\"postID\" id=\"postID\" value=\"149230\"\/><br \/>\n            <input type=\"hidden\" name=\"postType\" id=\"postType\" value=\"post\"\/><br \/>\n<!-- AI CONTENT END 1 -->\n        <\/div>\n<p><script async src=\"\/\/www.instagram.com\/embed.js\"><\/script><br \/>\n<br \/><br \/>\n<br \/><a href=\"https:\/\/www.acidadeon.com\/ribeiraopreto\/cotidiano\/receita-federal-de-ribeirao-preto-apreende-200-mil-em-maquinas-fotograficas\/\">Source link <\/a><\/p>\n<!-- CONTENT END 1 -->\n","protected":false},"excerpt":{"rendered":"<p>A Fiscaliza\u00e7\u00e3o Aduaneira da Receita Federal de Ribeir\u00e3o Preto apreendeu 50 m\u00e1quinas fotogr\u00e1ficas, avaliadas em R$ 200 mil. A a\u00e7\u00e3o aconteceu nesta ter\u00e7a-feira (17) em&#8230;<\/p>\n","protected":false},"author":1,"featured_media":83390,"comment_status":"open","ping_status":"open","sticky":false,"template":"","format":"standard","meta":{"advanced_seo_description":"","jetpack_seo_html_title":"","jetpack_seo_noindex":false,"jetpack_post_was_ever_published":false,"_jetpack_newsletter_access":"","_jetpack_dont_email_post_to_subs":false,"_jetpack_newsletter_tier_id":0,"_jetpack_memberships_contains_paywalled_content":false,"_jetpack_memberships_contains_paid_content":false,"footnotes":"","jetpack_publicize_message":"","jetpack_publicize_feature_enabled":true,"jetpack_social_post_already_shared":true,"jetpack_social_options":{"image_generator_settings":{"template":"highway","default_image_id":0,"font":"","enabled":false},"version":2}},"categories":[11],"tags":[],"class_list":["post-83389","post","type-post","status-publish","format-standard","has-post-thumbnail","hentry","category-noticias-de-ribeirao-preto-sp-e-regiao-ismael-colosi"],"jetpack_publicize_connections":[],"jetpack_featured_media_url":"https:\/\/i0.wp.com\/noticiasribeiraopreto.com.br\/wp-content\/uploads\/2026\/03\/maquinas-foto-receita-1_2026-03-17_17-41-17.webp.webp?fit=1200%2C900&ssl=1","jetpack-related-posts":[{"id":60905,"url":"https:\/\/noticiasribeiraopreto.com.br\/index.php\/2024\/11\/28\/receita-federal-apreende-r-200-mil-em-celulares-perfumes-e-cigarros-eletronicos-em-ribeirao\/","url_meta":{"origin":83389,"position":0},"title":"Receita Federal apreende R$ 200 mil em celulares, perfumes e cigarros eletr\u00f4nicos em Ribeir\u00e3o","author":"noticiasribeiraopreto.com.br","date":"28 de November de 2024","format":false,"excerpt":"Uma opera\u00e7\u00e3o conjunta da Receita Federal e dos Correios apreendeu cerca de R$ 200 mil em celulares, tablets, computadores, medicamentos de uso controlado, perfumes e cigarros eletr\u00f4nicos em Ribeir\u00e3o Preto, na manh\u00e3 desta quinta-feira (28). De acordo com a Receita Federal, foram apreendidas cerca de 120 encomendas no centro de\u2026","rel":"","context":"In &quot;Not\u00edcias de Ribeir\u00e3o Preto-SP e Regi\u00e3o&quot;","block_context":{"text":"Not\u00edcias de Ribeir\u00e3o Preto-SP e Regi\u00e3o","link":"https:\/\/noticiasribeiraopreto.com.br\/index.php\/category\/noticias-de-ribeirao-preto-sp-e-regiao-ismael-colosi\/"},"img":{"alt_text":"","src":"https:\/\/i0.wp.com\/noticiasribeiraopreto.com.br\/wp-content\/uploads\/2024\/11\/WhatsApp-Image-2024-11-28-at-10.53.05_2024-11-28_18-44-38_jpeg_2024-11-28_18-44-38.webp.webp?fit=1200%2C998&ssl=1&resize=350%2C200","width":350,"height":200,"srcset":"https:\/\/i0.wp.com\/noticiasribeiraopreto.com.br\/wp-content\/uploads\/2024\/11\/WhatsApp-Image-2024-11-28-at-10.53.05_2024-11-28_18-44-38_jpeg_2024-11-28_18-44-38.webp.webp?fit=1200%2C998&ssl=1&resize=350%2C200 1x, https:\/\/i0.wp.com\/noticiasribeiraopreto.com.br\/wp-content\/uploads\/2024\/11\/WhatsApp-Image-2024-11-28-at-10.53.05_2024-11-28_18-44-38_jpeg_2024-11-28_18-44-38.webp.webp?fit=1200%2C998&ssl=1&resize=525%2C300 1.5x, https:\/\/i0.wp.com\/noticiasribeiraopreto.com.br\/wp-content\/uploads\/2024\/11\/WhatsApp-Image-2024-11-28-at-10.53.05_2024-11-28_18-44-38_jpeg_2024-11-28_18-44-38.webp.webp?fit=1200%2C998&ssl=1&resize=700%2C400 2x, https:\/\/i0.wp.com\/noticiasribeiraopreto.com.br\/wp-content\/uploads\/2024\/11\/WhatsApp-Image-2024-11-28-at-10.53.05_2024-11-28_18-44-38_jpeg_2024-11-28_18-44-38.webp.webp?fit=1200%2C998&ssl=1&resize=1050%2C600 3x"},"classes":[]},{"id":60915,"url":"https:\/\/noticiasribeiraopreto.com.br\/index.php\/2024\/11\/28\/receita-federal-apreende-r-200-mil-em-celulares-perfumes-e-cigarros-eletronicos-em-ribeirao-2\/","url_meta":{"origin":83389,"position":1},"title":"Receita Federal apreende R$ 200 mil em celulares, perfumes e cigarros eletr\u00f4nicos em Ribeir\u00e3o","author":"noticiasribeiraopreto.com.br","date":"28 de November de 2024","format":false,"excerpt":"Uma opera\u00e7\u00e3o conjunta da Receita Federal e dos Correios apreendeu cerca de R$ 200 mil em celulares, tablets, computadores, medicamentos de uso controlado, perfumes e cigarros eletr\u00f4nicos em Ribeir\u00e3o Preto, na manh\u00e3 desta quinta-feira (28). De acordo com a Receita Federal, foram apreendidas cerca de 120 encomendas no centro de\u2026","rel":"","context":"In &quot;Not\u00edcias de Ribeir\u00e3o Preto-SP e Regi\u00e3o&quot;","block_context":{"text":"Not\u00edcias de Ribeir\u00e3o Preto-SP e Regi\u00e3o","link":"https:\/\/noticiasribeiraopreto.com.br\/index.php\/category\/noticias-de-ribeirao-preto-sp-e-regiao-ismael-colosi\/"},"img":{"alt_text":"","src":"https:\/\/i0.wp.com\/noticiasribeiraopreto.com.br\/wp-content\/uploads\/2024\/11\/WhatsApp-Image-2024-11-28-at-10.53.05_2024-11-28_18-44-38_jpeg_2024-11-28_18-44-38.webp.webp?fit=1200%2C998&ssl=1&resize=350%2C200","width":350,"height":200,"srcset":"https:\/\/i0.wp.com\/noticiasribeiraopreto.com.br\/wp-content\/uploads\/2024\/11\/WhatsApp-Image-2024-11-28-at-10.53.05_2024-11-28_18-44-38_jpeg_2024-11-28_18-44-38.webp.webp?fit=1200%2C998&ssl=1&resize=350%2C200 1x, https:\/\/i0.wp.com\/noticiasribeiraopreto.com.br\/wp-content\/uploads\/2024\/11\/WhatsApp-Image-2024-11-28-at-10.53.05_2024-11-28_18-44-38_jpeg_2024-11-28_18-44-38.webp.webp?fit=1200%2C998&ssl=1&resize=525%2C300 1.5x, https:\/\/i0.wp.com\/noticiasribeiraopreto.com.br\/wp-content\/uploads\/2024\/11\/WhatsApp-Image-2024-11-28-at-10.53.05_2024-11-28_18-44-38_jpeg_2024-11-28_18-44-38.webp.webp?fit=1200%2C998&ssl=1&resize=700%2C400 2x, https:\/\/i0.wp.com\/noticiasribeiraopreto.com.br\/wp-content\/uploads\/2024\/11\/WhatsApp-Image-2024-11-28-at-10.53.05_2024-11-28_18-44-38_jpeg_2024-11-28_18-44-38.webp.webp?fit=1200%2C998&ssl=1&resize=1050%2C600 3x"},"classes":[]},{"id":62469,"url":"https:\/\/noticiasribeiraopreto.com.br\/index.php\/2025\/01\/15\/leilao-da-receita-federal-tem-playstation-5-por-r-100-eletronicos-e-joias-veja-como-participar\/","url_meta":{"origin":83389,"position":2},"title":"Leil\u00e3o da Receita Federal tem PlayStation 5 por R$ 100, eletr\u00f4nicos e joias; Veja como participar","author":"noticiasribeiraopreto.com.br","date":"15 de January de 2025","format":false,"excerpt":"O leil\u00e3o da Receita Federal em S\u00e3o Paulo acontece no pr\u00f3ximo dia 30 de janeiro e conta com 203 lotes com diversos produtos, como por exemplo, um PlayStation 5 por R$ 100. Al\u00e9m de videogames, os lotes incluem \u00f3culos de realidade virtual, notebooks, smartphones, joias, diamantes, ve\u00edculos, instrumentos musicais, m\u00e1quinas\u2026","rel":"","context":"In &quot;Not\u00edcias de Ribeir\u00e3o Preto-SP e Regi\u00e3o&quot;","block_context":{"text":"Not\u00edcias de Ribeir\u00e3o Preto-SP e Regi\u00e3o","link":"https:\/\/noticiasribeiraopreto.com.br\/index.php\/category\/noticias-de-ribeirao-preto-sp-e-regiao-ismael-colosi\/"},"img":{"alt_text":"","src":"https:\/\/i0.wp.com\/noticiasribeiraopreto.com.br\/wp-content\/uploads\/2025\/01\/Copia-de-Copia-de-Copia-de-TAMANHO-EXATO-PARA-FOTOS-NO-SISTEMA-NOVO-2025-01-15T115632.396_2025-01-15_14-56-37_png_2025-01-15_14-56-37.webp.webp?fit=1200%2C675&ssl=1&resize=350%2C200","width":350,"height":200,"srcset":"https:\/\/i0.wp.com\/noticiasribeiraopreto.com.br\/wp-content\/uploads\/2025\/01\/Copia-de-Copia-de-Copia-de-TAMANHO-EXATO-PARA-FOTOS-NO-SISTEMA-NOVO-2025-01-15T115632.396_2025-01-15_14-56-37_png_2025-01-15_14-56-37.webp.webp?fit=1200%2C675&ssl=1&resize=350%2C200 1x, https:\/\/i0.wp.com\/noticiasribeiraopreto.com.br\/wp-content\/uploads\/2025\/01\/Copia-de-Copia-de-Copia-de-TAMANHO-EXATO-PARA-FOTOS-NO-SISTEMA-NOVO-2025-01-15T115632.396_2025-01-15_14-56-37_png_2025-01-15_14-56-37.webp.webp?fit=1200%2C675&ssl=1&resize=525%2C300 1.5x, https:\/\/i0.wp.com\/noticiasribeiraopreto.com.br\/wp-content\/uploads\/2025\/01\/Copia-de-Copia-de-Copia-de-TAMANHO-EXATO-PARA-FOTOS-NO-SISTEMA-NOVO-2025-01-15T115632.396_2025-01-15_14-56-37_png_2025-01-15_14-56-37.webp.webp?fit=1200%2C675&ssl=1&resize=700%2C400 2x, https:\/\/i0.wp.com\/noticiasribeiraopreto.com.br\/wp-content\/uploads\/2025\/01\/Copia-de-Copia-de-Copia-de-TAMANHO-EXATO-PARA-FOTOS-NO-SISTEMA-NOVO-2025-01-15T115632.396_2025-01-15_14-56-37_png_2025-01-15_14-56-37.webp.webp?fit=1200%2C675&ssl=1&resize=1050%2C600 3x"},"classes":[]},{"id":62757,"url":"https:\/\/noticiasribeiraopreto.com.br\/index.php\/2025\/01\/23\/receita-federal-apreende-r-200-mil-em-mercadorias-em-ribeirao-preto\/","url_meta":{"origin":83389,"position":3},"title":"Receita Federal apreende R$ 200 mil em mercadorias em Ribeir\u00e3o Preto","author":"noticiasribeiraopreto.com.br","date":"23 de January de 2025","format":false,"excerpt":"A Receita Federal apreendeu R$ 200 mil em mercadorias com suspeita de falsifica\u00e7\u00e3o em Ribeir\u00e3o Preto. A opera\u00e7\u00e3o aconteceu na \u00faltima quarta-feira (22) em quatro lojas de diversos pontos da cidade \u2013 os locais n\u00e3o foram divulgados. Segundo a Receita Federal, as mercadorias apreendidas supostamente \u201cimitariam marcas famosas\u201d. Durante a\u2026","rel":"","context":"In &quot;Not\u00edcias de Ribeir\u00e3o Preto-SP e Regi\u00e3o&quot;","block_context":{"text":"Not\u00edcias de Ribeir\u00e3o Preto-SP e Regi\u00e3o","link":"https:\/\/noticiasribeiraopreto.com.br\/index.php\/category\/noticias-de-ribeirao-preto-sp-e-regiao-ismael-colosi\/"},"img":{"alt_text":"","src":"https:\/\/i0.wp.com\/noticiasribeiraopreto.com.br\/wp-content\/uploads\/2025\/01\/receita-mercadorias_2025-01-23_18-04-22_jpg_2025-01-23_18-04-22.webp.webp?fit=900%2C642&ssl=1&resize=350%2C200","width":350,"height":200,"srcset":"https:\/\/i0.wp.com\/noticiasribeiraopreto.com.br\/wp-content\/uploads\/2025\/01\/receita-mercadorias_2025-01-23_18-04-22_jpg_2025-01-23_18-04-22.webp.webp?fit=900%2C642&ssl=1&resize=350%2C200 1x, https:\/\/i0.wp.com\/noticiasribeiraopreto.com.br\/wp-content\/uploads\/2025\/01\/receita-mercadorias_2025-01-23_18-04-22_jpg_2025-01-23_18-04-22.webp.webp?fit=900%2C642&ssl=1&resize=525%2C300 1.5x, https:\/\/i0.wp.com\/noticiasribeiraopreto.com.br\/wp-content\/uploads\/2025\/01\/receita-mercadorias_2025-01-23_18-04-22_jpg_2025-01-23_18-04-22.webp.webp?fit=900%2C642&ssl=1&resize=700%2C400 2x"},"classes":[]},{"id":28854,"url":"https:\/\/noticiasribeiraopreto.com.br\/index.php\/2024\/01\/16\/receita-realiza-leilao-em-ribeirao-preto\/","url_meta":{"origin":83389,"position":4},"title":"Receita realiza leil\u00e3o em Ribeir\u00e3o Preto","author":"noticiasribeiraopreto.com.br","date":"16 de January de 2024","format":false,"excerpt":"Novo leil\u00e3o da Receita Federal ter\u00e1 smartphones, smartwatches, notebooks e outras mercadorias apreendidas ou abandonadas 16 de janeiro de 2024 | 16:46 2Por: Adalberto LuqueA Delegacia da Receita Federal em Ribeir\u00e3o Preto vai realizar, no dia 30 de janeiro, mais um leil\u00e3o com mercadorias apreendidas ou abandonadas. Ser\u00e3o 74 lotes,\u2026","rel":"","context":"In &quot;Not\u00edcias de Ribeir\u00e3o Preto-SP e Regi\u00e3o&quot;","block_context":{"text":"Not\u00edcias de Ribeir\u00e3o Preto-SP e Regi\u00e3o","link":"https:\/\/noticiasribeiraopreto.com.br\/index.php\/category\/noticias-de-ribeirao-preto-sp-e-regiao-ismael-colosi\/"},"img":{"alt_text":"","src":"https:\/\/i0.wp.com\/noticiasribeiraopreto.com.br\/wp-content\/uploads\/2024\/01\/00-16-jan-2024-leilao-receita-01-foto-reproducao-scaled.jpg?fit=857%2C645&ssl=1&resize=350%2C200","width":350,"height":200,"srcset":"https:\/\/i0.wp.com\/noticiasribeiraopreto.com.br\/wp-content\/uploads\/2024\/01\/00-16-jan-2024-leilao-receita-01-foto-reproducao-scaled.jpg?fit=857%2C645&ssl=1&resize=350%2C200 1x, https:\/\/i0.wp.com\/noticiasribeiraopreto.com.br\/wp-content\/uploads\/2024\/01\/00-16-jan-2024-leilao-receita-01-foto-reproducao-scaled.jpg?fit=857%2C645&ssl=1&resize=525%2C300 1.5x, https:\/\/i0.wp.com\/noticiasribeiraopreto.com.br\/wp-content\/uploads\/2024\/01\/00-16-jan-2024-leilao-receita-01-foto-reproducao-scaled.jpg?fit=857%2C645&ssl=1&resize=700%2C400 2x"},"classes":[]},{"id":59172,"url":"https:\/\/noticiasribeiraopreto.com.br\/index.php\/2024\/10\/16\/receita-federal-apreende-r-300-mil-em-smartphones-em-ribeirao-preto\/","url_meta":{"origin":83389,"position":5},"title":"Receita Federal apreende R$ 300 mil em smartphones em Ribeir\u00e3o Preto","author":"noticiasribeiraopreto.com.br","date":"16 de October de 2024","format":false,"excerpt":"A Receita Federal informou que a equipe de Vigil\u00e2ncia e Repress\u00e3o Aduaneira de Ribeir\u00e3o Preto apreendeu uma carga avaliada em R$ 300 mil de smartphones que teria entrado de maneira irregular no Brasil. A a\u00e7\u00e3o aconteceu na \u00faltima segunda-feira (14) e divulgada nesta quarta-feira. De acordo com a Receita Federal,\u2026","rel":"","context":"In &quot;Not\u00edcias de Ribeir\u00e3o Preto-SP e Regi\u00e3o&quot;","block_context":{"text":"Not\u00edcias de Ribeir\u00e3o Preto-SP e Regi\u00e3o","link":"https:\/\/noticiasribeiraopreto.com.br\/index.php\/category\/noticias-de-ribeirao-preto-sp-e-regiao-ismael-colosi\/"},"img":{"alt_text":"","src":"https:\/\/i0.wp.com\/noticiasribeiraopreto.com.br\/wp-content\/uploads\/2024\/10\/receita-2_2024-10-16_17-44-35_jpeg_2024-10-16_17-44-35.webp.webp?fit=1200%2C900&ssl=1&resize=350%2C200","width":350,"height":200,"srcset":"https:\/\/i0.wp.com\/noticiasribeiraopreto.com.br\/wp-content\/uploads\/2024\/10\/receita-2_2024-10-16_17-44-35_jpeg_2024-10-16_17-44-35.webp.webp?fit=1200%2C900&ssl=1&resize=350%2C200 1x, https:\/\/i0.wp.com\/noticiasribeiraopreto.com.br\/wp-content\/uploads\/2024\/10\/receita-2_2024-10-16_17-44-35_jpeg_2024-10-16_17-44-35.webp.webp?fit=1200%2C900&ssl=1&resize=525%2C300 1.5x, https:\/\/i0.wp.com\/noticiasribeiraopreto.com.br\/wp-content\/uploads\/2024\/10\/receita-2_2024-10-16_17-44-35_jpeg_2024-10-16_17-44-35.webp.webp?fit=1200%2C900&ssl=1&resize=700%2C400 2x, https:\/\/i0.wp.com\/noticiasribeiraopreto.com.br\/wp-content\/uploads\/2024\/10\/receita-2_2024-10-16_17-44-35_jpeg_2024-10-16_17-44-35.webp.webp?fit=1200%2C900&ssl=1&resize=1050%2C600 3x"},"classes":[]}],"jetpack_sharing_enabled":true,"jetpack_shortlink":"https:\/\/wp.me\/peQAOb-lGZ","_links":{"self":[{"href":"https:\/\/noticiasribeiraopreto.com.br\/index.php\/wp-json\/wp\/v2\/posts\/83389","targetHints":{"allow":["GET"]}}],"collection":[{"href":"https:\/\/noticiasribeiraopreto.com.br\/index.php\/wp-json\/wp\/v2\/posts"}],"about":[{"href":"https:\/\/noticiasribeiraopreto.com.br\/index.php\/wp-json\/wp\/v2\/types\/post"}],"author":[{"embeddable":true,"href":"https:\/\/noticiasribeiraopreto.com.br\/index.php\/wp-json\/wp\/v2\/users\/1"}],"replies":[{"embeddable":true,"href":"https:\/\/noticiasribeiraopreto.com.br\/index.php\/wp-json\/wp\/v2\/comments?post=83389"}],"version-history":[{"count":0,"href":"https:\/\/noticiasribeiraopreto.com.br\/index.php\/wp-json\/wp\/v2\/posts\/83389\/revisions"}],"wp:featuredmedia":[{"embeddable":true,"href":"https:\/\/noticiasribeiraopreto.com.br\/index.php\/wp-json\/wp\/v2\/media\/83390"}],"wp:attachment":[{"href":"https:\/\/noticiasribeiraopreto.com.br\/index.php\/wp-json\/wp\/v2\/media?parent=83389"}],"wp:term":[{"taxonomy":"category","embeddable":true,"href":"https:\/\/noticiasribeiraopreto.com.br\/index.php\/wp-json\/wp\/v2\/categories?post=83389"},{"taxonomy":"post_tag","embeddable":true,"href":"https:\/\/noticiasribeiraopreto.com.br\/index.php\/wp-json\/wp\/v2\/tags?post=83389"}],"curies":[{"name":"wp","href":"https:\/\/api.w.org\/{rel}","templated":true}]}}