{"id":83391,"date":"2026-03-17T17:32:25","date_gmt":"2026-03-17T20:32:25","guid":{"rendered":"https:\/\/noticiasribeiraopreto.com.br\/index.php\/2026\/03\/17\/chuva-provoca-queda-de-arvores-falhas-em-semaforos-e-interdicoes-em-ribeirao-preto\/"},"modified":"2026-03-17T17:32:25","modified_gmt":"2026-03-17T20:32:25","slug":"chuva-provoca-queda-de-arvores-falhas-em-semaforos-e-interdicoes-em-ribeirao-preto","status":"publish","type":"post","link":"https:\/\/noticiasribeiraopreto.com.br\/index.php\/2026\/03\/17\/chuva-provoca-queda-de-arvores-falhas-em-semaforos-e-interdicoes-em-ribeirao-preto\/","title":{"rendered":"Chuva provoca queda de \u00e1rvores, falhas em sem\u00e1foros e interdi\u00e7\u00f5es em Ribeir\u00e3o Preto"},"content":{"rendered":"<div class='code-block code-block-1' style='margin: 8px 0 8px auto; text-align: right; display: block; clear: both;'>\n<p><a href=\"https:\/\/wa.link\/vpicfd\"><img data-recalc-dims=\"1\" class=\"wp-image-4922\" style=\"aspect-ratio: 2.0253164556962027; width: 561px; height: auto;\" src=\"https:\/\/i0.wp.com\/ismaelcolosi.com.br\/wp-content\/uploads\/2023\/11\/grupo-de-empregos-whatsapp-e-facebook-ismael-colosi-vagas.jpg?ssl=1\" alt=\"\" \/><\/a><\/p>\n<!-- \/wp:image -->\n<\/div>\n<p> <br \/>\n<\/p>\n<div id=\"\">&#13;<br \/>\n\t\t\t\t\t\t\t\t&#13;<\/p>\n<p>&#13;<br \/>\n\t\t\t\t\t\t\t\t\t<span class=\"entry-meta-item penci-posted-on\"><i class=\"fa fa-clock-o\"\/><time class=\"entry-date published updated\" datetime=\"2026-03-17T17:32:08-03:00\">17 de mar\u00e7o de 2026 17:32<\/time><\/span><span class=\"entry-meta-item penci-post-countview\"\/>\t\t\t\t\t\t\t\t<\/p>\n<p><!-- .entry-meta -->&#13;<br \/>\n\t\t\t\t\t\t\t\t<span class=\"penci-social-buttons penci-social-share-footer\"><span class=\"penci-social-share-text\">Compartilhar<\/span><a href=\"#\" class=\"penci-post-like penci_post-meta_item  single-like-button penci-social-item like\" data-post_id=\"457649\" title=\"Like\" data-like=\"Like\" data-unlike=\"Unlike\"><i class=\"fa fa-thumbs-o-up\"\/><span class=\"penci-share-number\">0<\/span><\/a><i class=\"fa fa-facebook\"\/><a class=\"penci-social-item twitter\" target=\"_blank\" rel=\"noopener\" title=\"\" href=\"https:\/\/twitter.com\/intent\/tweet?text=Chuva%20provoca%20queda%20de%20\u00e1rvores,%20falhas%20em%20sem\u00e1foros%20e%20interdi\u00e7\u00f5es%20em%20Ribeir\u00e3o%20Preto%20-%20https:\/\/www.tribunaribeirao.com.br\/chuva-provoca-queda-de-arvores-falhas-em-semaforos-e-interdicoes-em-ribeirao-preto\/\"><i class=\"fa fa-twitter\"\/><\/a><i class=\"fa fa-linkedin\"\/><i class=\"fa fa-whatsapp\"\/><i class=\"fa fa-telegram\"\/><i class=\"fa fa-envelope\"\/><\/span>\t\t\t\t\t\t\t<\/div>\n<div>\n<p><iframe loading=\"lazy\" title=\"Chuva provoca queda de \u00e1rvores, falhas em sem\u00e1foros e interdi\u00e7\u00f5es em Ribeir\u00e3o Preto\" width=\"500\" height=\"281\" src=\"https:\/\/www.youtube.com\/embed\/THPD1wOHBXw?feature=oembed\" frameborder=\"0\" allow=\"accelerometer; autoplay; clipboard-write; encrypted-media; gyroscope; picture-in-picture; web-share\" referrerpolicy=\"strict-origin-when-cross-origin\" allowfullscreen><\/iframe><\/p>\n<p>A forte chuva que atingiu Ribeir\u00e3o Preto na tarde desta ter\u00e7a-feira (17) causou uma s\u00e9rie de transtornos no tr\u00e2nsito, com quedas de \u00e1rvores, interrup\u00e7\u00f5es de vias e problemas na sinaliza\u00e7\u00e3o semaf\u00f3rica em diferentes regi\u00f5es da cidade.<\/p>\n<p>De acordo com boletim divulgado pela RP Mobi \u00e0s 16h53, uma \u00e1rvore de grande porte caiu na Rua Olavo Bilac com a Avenida Dr. Francisco Junqueira. Outro ponto cr\u00edtico foi registrado na Avenida Marechal Costa e Silva, no bairro Campos El\u00edseos, onde a queda de \u00e1rvore interrompeu totalmente o tr\u00e2nsito.<\/p>\n<p>Tamb\u00e9m houve registros de \u00e1rvores ca\u00eddas nas ruas Luiz Barreto e Itarar\u00e9, al\u00e9m de galhos na pista na Avenida Meira J\u00fanior, onde sem\u00e1foros ficaram desligados entre a Rua Carlos Augusto Bras\u00e3o e a Avenida Treze de Maio. No Alto da Boa Vista, a queda de \u00e1rvore e fios na Rua S\u00e3o Jos\u00e9 causou interdi\u00e7\u00e3o parcial da via.<\/p>\n<p>No Centro, uma \u00e1rvore tamb\u00e9m caiu na Avenida Nove de Julho, refor\u00e7ando o impacto da tempestade em diversas regi\u00f5es da cidade. Segundo a RP Mobi, agentes de tr\u00e2nsito seguem mobilizados para orientar motoristas, acompanhar as condi\u00e7\u00f5es das vias e garantir a seguran\u00e7a vi\u00e1ria.<\/p>\n<p>A orienta\u00e7\u00e3o \u00e9 para que condutores redobrem a aten\u00e7\u00e3o, evitem \u00e1reas afetadas e respeitem as sinaliza\u00e7\u00f5es e orienta\u00e7\u00f5es das equipes em campo.<\/p>\n<\/div>\n<p><script async src=\"\/\/platform.twitter.com\/widgets.js\" charset=\"utf-8\"><\/script><br \/>\n<br \/><br \/>\n<br \/><a href=\"https:\/\/www.tribunaribeirao.com.br\/chuva-provoca-queda-de-arvores-falhas-em-semaforos-e-interdicoes-em-ribeirao-preto\/\">Source link <\/a><\/p>\n<!-- CONTENT END 1 -->\n","protected":false},"excerpt":{"rendered":"<p>&#13; &#13; &#13; 17 de mar\u00e7o de 2026 17:32 &#13; Compartilhar0 A forte chuva que atingiu Ribeir\u00e3o Preto na tarde desta ter\u00e7a-feira (17) causou uma&#8230;<\/p>\n","protected":false},"author":1,"featured_media":83393,"comment_status":"open","ping_status":"open","sticky":false,"template":"","format":"standard","meta":{"advanced_seo_description":"","jetpack_seo_html_title":"","jetpack_seo_noindex":false,"jetpack_post_was_ever_published":false,"_jetpack_newsletter_access":"","_jetpack_dont_email_post_to_subs":false,"_jetpack_newsletter_tier_id":0,"_jetpack_memberships_contains_paywalled_content":false,"_jetpack_memberships_contains_paid_content":false,"footnotes":"","jetpack_publicize_message":"","jetpack_publicize_feature_enabled":true,"jetpack_social_post_already_shared":true,"jetpack_social_options":{"image_generator_settings":{"template":"highway","default_image_id":0,"font":"","enabled":false},"version":2}},"categories":[11],"tags":[],"class_list":["post-83391","post","type-post","status-publish","format-standard","has-post-thumbnail","hentry","category-noticias-de-ribeirao-preto-sp-e-regiao-ismael-colosi"],"jetpack_publicize_connections":[],"jetpack_featured_media_url":"https:\/\/i0.wp.com\/noticiasribeiraopreto.com.br\/wp-content\/uploads\/2026\/03\/chuva-17-mar-scaled.jpg?fit=1200%2C675&ssl=1","jetpack-related-posts":[{"id":37682,"url":"https:\/\/noticiasribeiraopreto.com.br\/index.php\/2024\/02\/17\/alerta-de-chuva-cancela-evento-cultural-em-praca-de-ribeirao-preto\/","url_meta":{"origin":83391,"position":0},"title":"Alerta de chuva cancela evento cultural em pra\u00e7a de Ribeir\u00e3o Preto","author":"noticiasribeiraopreto.com.br","date":"17 de February de 2024","format":false,"excerpt":"A Secretaria Municipal da Cultura e do Turismo cancelou na tarde deste s\u00e1bado (17), a Feira de Artesanato, que aconteceria neste domingo (18), na pra\u00e7a Jos\u00e9 Mortari, no bairro Vila Tib\u00e9rio em Ribeir\u00e3o Preto. O motivo, de acordo com uma publica\u00e7\u00e3o em rede social da pasta (veja abaixo), \u00e9 por\u2026","rel":"","context":"In &quot;Not\u00edcias de Ribeir\u00e3o Preto-SP e Regi\u00e3o&quot;","block_context":{"text":"Not\u00edcias de Ribeir\u00e3o Preto-SP e Regi\u00e3o","link":"https:\/\/noticiasribeiraopreto.com.br\/index.php\/category\/noticias-de-ribeirao-preto-sp-e-regiao-ismael-colosi\/"},"img":{"alt_text":"","src":"https:\/\/i0.wp.com\/noticiasribeiraopreto.com.br\/wp-content\/uploads\/2024\/02\/1708201697_WhatsApp-Image-2024-01-17-at-17.46.28.jpeg?fit=1200%2C675&ssl=1&resize=350%2C200","width":350,"height":200,"srcset":"https:\/\/i0.wp.com\/noticiasribeiraopreto.com.br\/wp-content\/uploads\/2024\/02\/1708201697_WhatsApp-Image-2024-01-17-at-17.46.28.jpeg?fit=1200%2C675&ssl=1&resize=350%2C200 1x, https:\/\/i0.wp.com\/noticiasribeiraopreto.com.br\/wp-content\/uploads\/2024\/02\/1708201697_WhatsApp-Image-2024-01-17-at-17.46.28.jpeg?fit=1200%2C675&ssl=1&resize=525%2C300 1.5x, https:\/\/i0.wp.com\/noticiasribeiraopreto.com.br\/wp-content\/uploads\/2024\/02\/1708201697_WhatsApp-Image-2024-01-17-at-17.46.28.jpeg?fit=1200%2C675&ssl=1&resize=700%2C400 2x, https:\/\/i0.wp.com\/noticiasribeiraopreto.com.br\/wp-content\/uploads\/2024\/02\/1708201697_WhatsApp-Image-2024-01-17-at-17.46.28.jpeg?fit=1200%2C675&ssl=1&resize=1050%2C600 3x"},"classes":[]},{"id":42788,"url":"https:\/\/noticiasribeiraopreto.com.br\/index.php\/2024\/03\/17\/capa-17-03-2024\/","url_meta":{"origin":83391,"position":1},"title":"Capa 17\/03\/2024 &#8211; Jornal Tribuna Ribeir\u00e3o","author":"noticiasribeiraopreto.com.br","date":"17 de March de 2024","format":false,"excerpt":"Ribeir\u00e3o Preto \u00e9 o centro de uma regi\u00e3o com mais de 3 milh\u00f5es de habitantes. O agroneg\u00f3cio, o com\u00e9rcio e a presta\u00e7\u00e3o de servi\u00e7os s\u00e3o os pontos fortes da economia. O jornal Tribuna circula em Ribeir\u00e3o Preto e em outras 10 cidades da regi\u00e3o. Sua linha editorial \u00e9 informativa e\u2026","rel":"","context":"In &quot;Not\u00edcias de Ribeir\u00e3o Preto-SP e Regi\u00e3o&quot;","block_context":{"text":"Not\u00edcias de Ribeir\u00e3o Preto-SP e Regi\u00e3o","link":"https:\/\/noticiasribeiraopreto.com.br\/index.php\/category\/noticias-de-ribeirao-preto-sp-e-regiao-ismael-colosi\/"},"img":{"alt_text":"","src":"https:\/\/i0.wp.com\/noticiasribeiraopreto.com.br\/wp-content\/uploads\/2024\/03\/Capa-6863-Domingo-1-scaled.jpg?fit=368%2C645&ssl=1&resize=350%2C200","width":350,"height":200},"classes":[]},{"id":62574,"url":"https:\/\/noticiasribeiraopreto.com.br\/index.php\/2025\/01\/17\/quais-sao-os-cursos-oferecidos-pela-usp-ribeirao-preto\/","url_meta":{"origin":83391,"position":2},"title":"Quais s\u00e3o os cursos oferecidos pela USP Ribeir\u00e3o Preto?","author":"noticiasribeiraopreto.com.br","date":"17 de January de 2025","format":false,"excerpt":"A USP (Universidade de S\u00e3o Paulo) oferece 183 cursos de gradua\u00e7\u00e3o, dedicados a todas as \u00e1reas do conhecimento. Os cursos est\u00e3o distribu\u00eddos em\u00a042 unidades de ensino e pesquisa\u00a0em sete cidades do estado de S\u00e3o Paulo. Em Ribeir\u00e3o Preto, a universidade oferece 26 cursos de gradua\u00e7\u00e3o. Veja a rela\u00e7\u00e3o dos cursos\u2026","rel":"","context":"In &quot;Not\u00edcias de Ribeir\u00e3o Preto-SP e Regi\u00e3o&quot;","block_context":{"text":"Not\u00edcias de Ribeir\u00e3o Preto-SP e Regi\u00e3o","link":"https:\/\/noticiasribeiraopreto.com.br\/index.php\/category\/noticias-de-ribeirao-preto-sp-e-regiao-ismael-colosi\/"},"img":{"alt_text":"","src":"https:\/\/i0.wp.com\/noticiasribeiraopreto.com.br\/wp-content\/uploads\/2025\/01\/usp_ribeirao_1024x576_30032021153451.jpg?fit=1024%2C576&ssl=1&resize=350%2C200","width":350,"height":200,"srcset":"https:\/\/i0.wp.com\/noticiasribeiraopreto.com.br\/wp-content\/uploads\/2025\/01\/usp_ribeirao_1024x576_30032021153451.jpg?fit=1024%2C576&ssl=1&resize=350%2C200 1x, https:\/\/i0.wp.com\/noticiasribeiraopreto.com.br\/wp-content\/uploads\/2025\/01\/usp_ribeirao_1024x576_30032021153451.jpg?fit=1024%2C576&ssl=1&resize=525%2C300 1.5x, https:\/\/i0.wp.com\/noticiasribeiraopreto.com.br\/wp-content\/uploads\/2025\/01\/usp_ribeirao_1024x576_30032021153451.jpg?fit=1024%2C576&ssl=1&resize=700%2C400 2x"},"classes":[]},{"id":78590,"url":"https:\/\/noticiasribeiraopreto.com.br\/index.php\/2025\/10\/14\/ribeirao-preto-recebe-evento-que-homenageia-a-cultura-hip-hop\/","url_meta":{"origin":83391,"position":3},"title":"Ribeir\u00e3o Preto recebe evento que homenageia a cultura hip hop","author":"noticiasribeiraopreto.com.br","date":"14 de October de 2025","format":false,"excerpt":"Ribeir\u00e3o Preto e Prad\u00f3polis recebem o \u201cFunk Fockers na Casa\u201d, entre os dias 15 a 17 de outubro. O evento, que homenageia a cultura hip hop, re\u00fane as artes do MC, DJ e grafite em uma roda de breaking. A entrada \u00e9 gratuita. O evento acontece em Ribeir\u00e3o Preto nos\u2026","rel":"","context":"In &quot;Not\u00edcias de Ribeir\u00e3o Preto-SP e Regi\u00e3o&quot;","block_context":{"text":"Not\u00edcias de Ribeir\u00e3o Preto-SP e Regi\u00e3o","link":"https:\/\/noticiasribeiraopreto.com.br\/index.php\/category\/noticias-de-ribeirao-preto-sp-e-regiao-ismael-colosi\/"},"img":{"alt_text":"","src":"https:\/\/i0.wp.com\/noticiasribeiraopreto.com.br\/wp-content\/uploads\/2025\/10\/Copia-de-Copia-de-Copia-de-TAMANHO-EXATO-PARA-FOTOS-NO-SISTEMA-NOVO-77_2025-10-14_12-02-05.webp.webp?fit=1200%2C675&ssl=1&resize=350%2C200","width":350,"height":200,"srcset":"https:\/\/i0.wp.com\/noticiasribeiraopreto.com.br\/wp-content\/uploads\/2025\/10\/Copia-de-Copia-de-Copia-de-TAMANHO-EXATO-PARA-FOTOS-NO-SISTEMA-NOVO-77_2025-10-14_12-02-05.webp.webp?fit=1200%2C675&ssl=1&resize=350%2C200 1x, https:\/\/i0.wp.com\/noticiasribeiraopreto.com.br\/wp-content\/uploads\/2025\/10\/Copia-de-Copia-de-Copia-de-TAMANHO-EXATO-PARA-FOTOS-NO-SISTEMA-NOVO-77_2025-10-14_12-02-05.webp.webp?fit=1200%2C675&ssl=1&resize=525%2C300 1.5x, https:\/\/i0.wp.com\/noticiasribeiraopreto.com.br\/wp-content\/uploads\/2025\/10\/Copia-de-Copia-de-Copia-de-TAMANHO-EXATO-PARA-FOTOS-NO-SISTEMA-NOVO-77_2025-10-14_12-02-05.webp.webp?fit=1200%2C675&ssl=1&resize=700%2C400 2x, https:\/\/i0.wp.com\/noticiasribeiraopreto.com.br\/wp-content\/uploads\/2025\/10\/Copia-de-Copia-de-Copia-de-TAMANHO-EXATO-PARA-FOTOS-NO-SISTEMA-NOVO-77_2025-10-14_12-02-05.webp.webp?fit=1200%2C675&ssl=1&resize=1050%2C600 3x"},"classes":[]},{"id":31988,"url":"https:\/\/noticiasribeiraopreto.com.br\/index.php\/2024\/01\/23\/20-vagas-de-empregos-entre-e-veja-oportunidades-de-trabalho-em-ribeirao-preto-sp-17\/","url_meta":{"origin":83391,"position":4},"title":"20 vagas de empregos: entre e veja oportunidades de trabalho em Ribeir\u00e3o Preto-SP","author":"noticiasribeiraopreto.com.br","date":"23 de January de 2024","format":false,"excerpt":"Lista de Vagas em Ribeir\u00e3o Preto Ribeir\u00e3o Preto - SP Recepcionista Ver mais Ribeir\u00e3o Preto - SP Gerente Comercial PJ Ver mais Ribeir\u00e3o Preto - SP ASSISTENTE DE LOJA Ver mais Ribeir\u00e3o Preto - SP Terapeuta Ocupacional Ver mais Ribeir\u00e3o Preto - SP Jovem Aprendiz Administrativo Ver mais Ribeir\u00e3o Preto\u2026","rel":"","context":"In &quot;Vagas de Emprego em Ribeir\u00e3o Preto-SP&quot;","block_context":{"text":"Vagas de Emprego em Ribeir\u00e3o Preto-SP","link":"https:\/\/noticiasribeiraopreto.com.br\/index.php\/category\/empregos-classificados-vagas-trabalho\/vagas-de-empregos-em-ribeirao-preto-regiao-brasil\/"},"img":{"alt_text":"","src":"","width":0,"height":0},"classes":[]},{"id":80192,"url":"https:\/\/noticiasribeiraopreto.com.br\/index.php\/2025\/11\/17\/industria-de-alimentos-conta-com-mais-de-200-vagas-abertas-em-ribeirao-preto\/","url_meta":{"origin":83391,"position":5},"title":"Ind\u00fastria de alimentos conta com mais de 200 vagas abertas em Ribeir\u00e3o Preto","author":"noticiasribeiraopreto.com.br","date":"17 de November de 2025","format":false,"excerpt":"A Santa Helena Alimentos est\u00e1 com mais de 200 vagas de emprego abertas em Ribeir\u00e3o Preto. As oportunidades s\u00e3o para \u00e1rea de produ\u00e7\u00e3o das marcas Pa\u00e7oquita, Mendorato, Crok\u00edssimo, Trof\u00e9u e Santa Helena. As vagas abertas s\u00e3o para Auxiliar de Produ\u00e7\u00e3o e Operador Multifuncional, com jornadas distribu\u00eddas em tr\u00eas turnos: de\u2026","rel":"","context":"In &quot;Not\u00edcias de Ribeir\u00e3o Preto-SP e Regi\u00e3o&quot;","block_context":{"text":"Not\u00edcias de Ribeir\u00e3o Preto-SP e Regi\u00e3o","link":"https:\/\/noticiasribeiraopreto.com.br\/index.php\/category\/noticias-de-ribeirao-preto-sp-e-regiao-ismael-colosi\/"},"img":{"alt_text":"","src":"https:\/\/i0.wp.com\/noticiasribeiraopreto.com.br\/wp-content\/uploads\/2025\/11\/SANTA-HELENA-VAGAS_2025-11-17_13-22-52.webp.webp?fit=1200%2C798&ssl=1&resize=350%2C200","width":350,"height":200,"srcset":"https:\/\/i0.wp.com\/noticiasribeiraopreto.com.br\/wp-content\/uploads\/2025\/11\/SANTA-HELENA-VAGAS_2025-11-17_13-22-52.webp.webp?fit=1200%2C798&ssl=1&resize=350%2C200 1x, https:\/\/i0.wp.com\/noticiasribeiraopreto.com.br\/wp-content\/uploads\/2025\/11\/SANTA-HELENA-VAGAS_2025-11-17_13-22-52.webp.webp?fit=1200%2C798&ssl=1&resize=525%2C300 1.5x, https:\/\/i0.wp.com\/noticiasribeiraopreto.com.br\/wp-content\/uploads\/2025\/11\/SANTA-HELENA-VAGAS_2025-11-17_13-22-52.webp.webp?fit=1200%2C798&ssl=1&resize=700%2C400 2x, https:\/\/i0.wp.com\/noticiasribeiraopreto.com.br\/wp-content\/uploads\/2025\/11\/SANTA-HELENA-VAGAS_2025-11-17_13-22-52.webp.webp?fit=1200%2C798&ssl=1&resize=1050%2C600 3x"},"classes":[]}],"jetpack_sharing_enabled":true,"jetpack_shortlink":"https:\/\/wp.me\/peQAOb-lH1","_links":{"self":[{"href":"https:\/\/noticiasribeiraopreto.com.br\/index.php\/wp-json\/wp\/v2\/posts\/83391","targetHints":{"allow":["GET"]}}],"collection":[{"href":"https:\/\/noticiasribeiraopreto.com.br\/index.php\/wp-json\/wp\/v2\/posts"}],"about":[{"href":"https:\/\/noticiasribeiraopreto.com.br\/index.php\/wp-json\/wp\/v2\/types\/post"}],"author":[{"embeddable":true,"href":"https:\/\/noticiasribeiraopreto.com.br\/index.php\/wp-json\/wp\/v2\/users\/1"}],"replies":[{"embeddable":true,"href":"https:\/\/noticiasribeiraopreto.com.br\/index.php\/wp-json\/wp\/v2\/comments?post=83391"}],"version-history":[{"count":0,"href":"https:\/\/noticiasribeiraopreto.com.br\/index.php\/wp-json\/wp\/v2\/posts\/83391\/revisions"}],"wp:featuredmedia":[{"embeddable":true,"href":"https:\/\/noticiasribeiraopreto.com.br\/index.php\/wp-json\/wp\/v2\/media\/83393"}],"wp:attachment":[{"href":"https:\/\/noticiasribeiraopreto.com.br\/index.php\/wp-json\/wp\/v2\/media?parent=83391"}],"wp:term":[{"taxonomy":"category","embeddable":true,"href":"https:\/\/noticiasribeiraopreto.com.br\/index.php\/wp-json\/wp\/v2\/categories?post=83391"},{"taxonomy":"post_tag","embeddable":true,"href":"https:\/\/noticiasribeiraopreto.com.br\/index.php\/wp-json\/wp\/v2\/tags?post=83391"}],"curies":[{"name":"wp","href":"https:\/\/api.w.org\/{rel}","templated":true}]}}