{"id":83398,"date":"2026-03-17T18:38:15","date_gmt":"2026-03-17T21:38:15","guid":{"rendered":"https:\/\/noticiasribeiraopreto.com.br\/index.php\/2026\/03\/17\/transito-na-zona-norte-tera-mudancas-com-interdicao-da-dom-pedro-veja-quando\/"},"modified":"2026-03-17T18:38:15","modified_gmt":"2026-03-17T21:38:15","slug":"transito-na-zona-norte-tera-mudancas-com-interdicao-da-dom-pedro-veja-quando","status":"publish","type":"post","link":"https:\/\/noticiasribeiraopreto.com.br\/index.php\/2026\/03\/17\/transito-na-zona-norte-tera-mudancas-com-interdicao-da-dom-pedro-veja-quando\/","title":{"rendered":"Tr\u00e2nsito na zona Norte ter\u00e1 mudan\u00e7as com interdi\u00e7\u00e3o da Dom Pedro; Veja quando"},"content":{"rendered":"<div class='code-block code-block-1' style='margin: 8px 0 8px auto; text-align: right; display: block; clear: both;'>\n<p><a href=\"https:\/\/wa.link\/vpicfd\"><img data-recalc-dims=\"1\" class=\"wp-image-4922\" style=\"aspect-ratio: 2.0253164556962027; width: 561px; height: auto;\" src=\"https:\/\/i0.wp.com\/ismaelcolosi.com.br\/wp-content\/uploads\/2023\/11\/grupo-de-empregos-whatsapp-e-facebook-ismael-colosi-vagas.jpg?ssl=1\" alt=\"\" \/><\/a><\/p>\n<!-- \/wp:image -->\n<\/div>\n<p> <br \/>\n<\/p>\n<div id=\"dsoaudio\">\n            <button type=\"button\" title=\"Salvar mat\u00e9ria\" class=\"dso bookmark-injection bookmark-save\"><br \/>\n        <svg xmlns=\"http:\/\/www.w3.org\/2000\/svg\" width=\"20\" height=\"24\" viewbox=\"0 0 20 24\" fill=\"none\">\n            <path d=\"M1 23V1H19V23L10 15.6667L1 23Z\" stroke=\"black\" stroke-width=\"1.3\" stroke-linejoin=\"round\"\/>\n        <\/svg><br \/>\n    <\/button> <\/p>\n<p>A <strong>RP Mobi<\/strong> informou que <strong>avenida Dom Pedro I<\/strong>, na zona Norte da cidade, ser\u00e1 <strong>interditada <\/strong>nesta quarta-feira (18) para a continuidade dos servi\u00e7os de manuten\u00e7\u00e3o na estrutura do portal localizado na via.<\/p>\n<p><mark style=\"background-color:#fcb900\" class=\"has-inline-color\">O bloqueio acontece entre as ruas Par\u00e1 e Rio Grande do Sul, das 19h30 \u00e0s 23h, at\u00e9 a quinta-feira (19). <\/mark>Segundo a empresa respons\u00e1vel pelo tr\u00e2nsito da cidade, a interdi\u00e7\u00e3o foi solicitada pela <strong>Associa\u00e7\u00e3o Comercial e Industrial de Ribeir\u00e3o Preto (Acirp)<\/strong>.<\/p>\n<p>Al\u00e9m do bloqueio principal, <strong>tamb\u00e9m estar\u00e3o interditados os acessos \u00e0s travessas Graja\u00fa e Alc\u00e2ntara<\/strong>, com o objetivo de garantir a seguran\u00e7a vi\u00e1ria durante a execu\u00e7\u00e3o dos trabalhos.<\/p>\n<p>A interven\u00e7\u00e3o ocorre em apoio \u00e0s atividades t\u00e9cnicas que envolvem a manuten\u00e7\u00e3o da estrutura, exigindo a ocupa\u00e7\u00e3o completa da via no trecho indicado.<\/p>\n<div class=\"wp-block-image\">\n<figure class=\"aligncenter size-full is-resized\"><img data-recalc-dims=\"1\" loading=\"lazy\" width=\"1200\" height=\"675\" decoding=\"async\" alt=\"Avenida Dom Pedro I ser\u00e1 interditada - Foto: Divulga\u00e7\u00e3o\/ CCS Ribeir\u00e3o Preto.\" class=\"wp-image-12139\" style=\"width:654px\" title=\"Tr\u00e2nsito na zona Norte ter\u00e1 mudan\u00e7as com interdi\u00e7\u00e3o da Dom Pedro; Veja quando 1\" src=\"https:\/\/i0.wp.com\/www.acidadeon.com\/ribeiraopreto\/wp-content\/uploads\/sites\/3\/2023\/07\/avenida_dom_1200x675_27072022154811.jpg?resize=1200%2C675&#038;ssl=1\"\/><img data-recalc-dims=\"1\" loading=\"lazy\" width=\"1200\" height=\"675\" decoding=\"async\" src=\"https:\/\/i0.wp.com\/www.acidadeon.com\/ribeiraopreto\/wp-content\/uploads\/sites\/3\/2023\/07\/avenida_dom_1200x675_27072022154811.jpg?resize=1200%2C675&#038;ssl=1\" alt=\"Avenida Dom Pedro I ser\u00e1 interditada - Foto: Divulga\u00e7\u00e3o\/ CCS Ribeir\u00e3o Preto.\" class=\"wp-image-12139\" style=\"width:654px\" title=\"Tr\u00e2nsito na zona Norte ter\u00e1 mudan\u00e7as com interdi\u00e7\u00e3o da Dom Pedro; Veja quando 1\"\/><figcaption class=\"wp-element-caption\">Avenida Dom Pedro I ser\u00e1 interditada \u2013 Foto: Divulga\u00e7\u00e3o\/ CCS Ribeir\u00e3o Preto.<\/figcaption><\/figure>\n<\/div>\n<h2 class=\"wp-block-heading\"><strong>Confira rotas alternativas<\/strong><\/h2>\n<p>Por conta da interdi\u00e7\u00e3o, motoristas devem ficar atentos \u00e0s mudan\u00e7as e utilizar as seguintes rotas alternativas durante o per\u00edodo de interdi\u00e7\u00e3o:<\/p>\n<ul class=\"wp-block-list\">\n<li>Para acessar a Avenida Dom Pedro I: seguir \u00e0 direita na Rua Rio Grande do Sul, \u00e0 esquerda na Rua Andr\u00e9 Rebou\u00e7as, \u00e0 esquerda na Rua Par\u00e1 e, em seguida, \u00e0 direita para acessar a avenida.<\/li>\n<\/ul>\n<ul class=\"wp-block-list\">\n<li>Quem trafega pela Dom Pedro I no sentido Centro: virar \u00e0 direita na Rua Par\u00e1, \u00e0 esquerda na Rua Maranh\u00e3o e, posteriormente, \u00e0 esquerda na Rua Rio Grande do Sul para acessar a Avenida Capit\u00e3o Salom\u00e3o.<\/li>\n<\/ul>\n<p>Vale lembrar que a <strong>RP Mobi<\/strong> orienta que os condutores redobrem a aten\u00e7\u00e3o \u00e0 sinaliza\u00e7\u00e3o no local e, sempre que poss\u00edvel, moradores devem programar seus deslocamentos com anteced\u00eancia para evitar transtornos.<\/p>\n<hr class=\"wp-block-separator has-alpha-channel-opacity\"\/>\n<p>SAIBA MAIS<\/p>\n<p>Temporal deixa rastro de estragos por Ribeir\u00e3o Preto; V\u00eddeo<\/p>\n<h4 class=\"wp-block-heading\"><strong>FIQUE ON<\/strong><\/h4>\n<p>Fique ligado em tudo que acontece em Ribeir\u00e3o Preto e regi\u00e3o. Siga os perfis do\u00a0<strong>acidade on\u00a0<\/strong>no<a href=\"https:\/\/www.instagram.com\/acidadeonribeirao\" target=\"_blank\" rel=\"noreferrer noopener\">\u00a0Instagram<\/a>\u00a0e no\u00a0<a href=\"https:\/\/www.facebook.com\/acidadeonribeirao\/\" target=\"_blank\" rel=\"noreferrer noopener\">Facebook<\/a>.<\/p>\n<p>Receba not\u00edcias do<strong>\u00a0acidade on<\/strong>\u00a0no WhatsApp. Para entrar no grupo,\u00a0basta<a href=\"https:\/\/chat.whatsapp.com\/GFH9HUMUTHNFJdnyEd0xxq\" target=\"_blank\" rel=\"noreferrer noopener\">\u00a0clicar aqui<\/a>. Ou, acesse o nosso\u00a0Canal\u00a0<a href=\"https:\/\/whatsapp.com\/channel\/0029Vb6IQl1JENyAeS57fk2p\" target=\"_blank\" rel=\"noreferrer noopener\">clicando aqui<\/a>.<\/p>\n<p>Fa\u00e7a uma den\u00fancia ou sugira uma reportagem sobre Ribeir\u00e3o Preto e regi\u00e3o pelo WhatsApp: 16 99117 7802.<\/p>\n<p>VEJA TAMB\u00c9M<\/p>\n<p>BBB 26: Ana Paula, Breno ou Boneco? Veja quem ser\u00e1 eliminado no pared\u00e3o de hoje, segundo enquetes<\/p>\n<p><input type=\"hidden\" name=\"postID\" id=\"postID\" value=\"149281\"\/><br \/>\n            <input type=\"hidden\" name=\"postType\" id=\"postType\" value=\"post\"\/><br \/>\n<!-- AI CONTENT END 1 -->\n        <\/div>\n<p><script async src=\"\/\/www.instagram.com\/embed.js\"><\/script><br \/>\n<br \/><br \/>\n<br \/><a href=\"https:\/\/www.acidadeon.com\/ribeiraopreto\/cotidiano\/transito-na-zona-norte-tera-mudancas-com-interdicao-da-dom-pedro-veja-quando\/\">Source link <\/a><\/p>\n<!-- CONTENT END 1 -->\n","protected":false},"excerpt":{"rendered":"<p>A RP Mobi informou que avenida Dom Pedro I, na zona Norte da cidade, ser\u00e1 interditada nesta quarta-feira (18) para a continuidade dos servi\u00e7os de&#8230;<\/p>\n","protected":false},"author":1,"featured_media":83399,"comment_status":"open","ping_status":"open","sticky":false,"template":"","format":"standard","meta":{"advanced_seo_description":"","jetpack_seo_html_title":"","jetpack_seo_noindex":false,"jetpack_post_was_ever_published":false,"_jetpack_newsletter_access":"","_jetpack_dont_email_post_to_subs":false,"_jetpack_newsletter_tier_id":0,"_jetpack_memberships_contains_paywalled_content":false,"_jetpack_memberships_contains_paid_content":false,"footnotes":"","jetpack_publicize_message":"","jetpack_publicize_feature_enabled":true,"jetpack_social_post_already_shared":true,"jetpack_social_options":{"image_generator_settings":{"template":"highway","default_image_id":0,"font":"","enabled":false},"version":2}},"categories":[11],"tags":[],"class_list":["post-83398","post","type-post","status-publish","format-standard","has-post-thumbnail","hentry","category-noticias-de-ribeirao-preto-sp-e-regiao-ismael-colosi"],"jetpack_publicize_connections":[],"jetpack_featured_media_url":"https:\/\/i0.wp.com\/noticiasribeiraopreto.com.br\/wp-content\/uploads\/2026\/03\/conscientizacao_faixa_exclusiva_2.jpeg?fit=1002%2C672&ssl=1","jetpack-related-posts":[{"id":70444,"url":"https:\/\/noticiasribeiraopreto.com.br\/index.php\/2025\/05\/26\/entenda-cena-de-acidente-que-causou-interdicao-na-avenida-dom-pedro-i-em-ribeirao-preto\/","url_meta":{"origin":83398,"position":0},"title":"Entenda cena de acidente que causou interdi\u00e7\u00e3o na avenida Dom Pedro I em Ribeir\u00e3o Preto","author":"noticiasribeiraopreto.com.br","date":"26 de May de 2025","format":false,"excerpt":"A simula\u00e7\u00e3o de um grave acidente de tr\u00e2nsito chamou a aten\u00e7\u00e3o na manh\u00e3 desta segunda-feira (26), na avenida Dom Pedro I, zona Norte de Ribeir\u00e3o Preto. Assista ao v\u00eddeo abaixo. O que aconteceu? A RP Mobi, empresa respons\u00e1vel por gerenciar o tr\u00e2nsito na cidade, informou que realizou o simulado de\u2026","rel":"","context":"In &quot;Not\u00edcias de Ribeir\u00e3o Preto-SP e Regi\u00e3o&quot;","block_context":{"text":"Not\u00edcias de Ribeir\u00e3o Preto-SP e Regi\u00e3o","link":"https:\/\/noticiasribeiraopreto.com.br\/index.php\/category\/noticias-de-ribeirao-preto-sp-e-regiao-ismael-colosi\/"},"img":{"alt_text":"","src":"https:\/\/i0.wp.com\/noticiasribeiraopreto.com.br\/wp-content\/uploads\/2025\/05\/WhatsApp-Image-2025-05-26-at-12.05.19_2025-05-26_15-19-05.webp.webp?fit=1200%2C554&ssl=1&resize=350%2C200","width":350,"height":200,"srcset":"https:\/\/i0.wp.com\/noticiasribeiraopreto.com.br\/wp-content\/uploads\/2025\/05\/WhatsApp-Image-2025-05-26-at-12.05.19_2025-05-26_15-19-05.webp.webp?fit=1200%2C554&ssl=1&resize=350%2C200 1x, https:\/\/i0.wp.com\/noticiasribeiraopreto.com.br\/wp-content\/uploads\/2025\/05\/WhatsApp-Image-2025-05-26-at-12.05.19_2025-05-26_15-19-05.webp.webp?fit=1200%2C554&ssl=1&resize=525%2C300 1.5x, https:\/\/i0.wp.com\/noticiasribeiraopreto.com.br\/wp-content\/uploads\/2025\/05\/WhatsApp-Image-2025-05-26-at-12.05.19_2025-05-26_15-19-05.webp.webp?fit=1200%2C554&ssl=1&resize=700%2C400 2x, https:\/\/i0.wp.com\/noticiasribeiraopreto.com.br\/wp-content\/uploads\/2025\/05\/WhatsApp-Image-2025-05-26-at-12.05.19_2025-05-26_15-19-05.webp.webp?fit=1200%2C554&ssl=1&resize=1050%2C600 3x"},"classes":[]},{"id":83893,"url":"https:\/\/noticiasribeiraopreto.com.br\/index.php\/2026\/03\/27\/transito-em-ribeirao-preto-tera-mudancas-neste-fim-de-semana\/","url_meta":{"origin":83398,"position":1},"title":"Tr\u00e2nsito em Ribeir\u00e3o Preto ter\u00e1 mudan\u00e7as neste fim de semana","author":"noticiasribeiraopreto.com.br","date":"27 de March de 2026","format":false,"excerpt":"Ribeir\u00e3o Preto ter\u00e1 mudan\u00e7as no tr\u00e2nsito neste fim de semana, dias 28 e 29 de mar\u00e7o, por causa de servi\u00e7os de infraestrutura, manuten\u00e7\u00e3o e realiza\u00e7\u00e3o de eventos esportivos e religiosos. Equipes da RP Mobi atuar\u00e3o no monitoramento e na orienta\u00e7\u00e3o de motoristas nas regi\u00f5es com bloqueios. Confira as interdi\u00e7\u00f5es S\u00e1bado\u2026","rel":"","context":"In &quot;Not\u00edcias de Ribeir\u00e3o Preto-SP e Regi\u00e3o&quot;","block_context":{"text":"Not\u00edcias de Ribeir\u00e3o Preto-SP e Regi\u00e3o","link":"https:\/\/noticiasribeiraopreto.com.br\/index.php\/category\/noticias-de-ribeirao-preto-sp-e-regiao-ismael-colosi\/"},"img":{"alt_text":"","src":"https:\/\/i0.wp.com\/noticiasribeiraopreto.com.br\/wp-content\/uploads\/2026\/03\/interdicoes_004_2025-12-12_21-33-02.webp.webp?fit=1200%2C799&ssl=1&resize=350%2C200","width":350,"height":200,"srcset":"https:\/\/i0.wp.com\/noticiasribeiraopreto.com.br\/wp-content\/uploads\/2026\/03\/interdicoes_004_2025-12-12_21-33-02.webp.webp?fit=1200%2C799&ssl=1&resize=350%2C200 1x, https:\/\/i0.wp.com\/noticiasribeiraopreto.com.br\/wp-content\/uploads\/2026\/03\/interdicoes_004_2025-12-12_21-33-02.webp.webp?fit=1200%2C799&ssl=1&resize=525%2C300 1.5x, https:\/\/i0.wp.com\/noticiasribeiraopreto.com.br\/wp-content\/uploads\/2026\/03\/interdicoes_004_2025-12-12_21-33-02.webp.webp?fit=1200%2C799&ssl=1&resize=700%2C400 2x, https:\/\/i0.wp.com\/noticiasribeiraopreto.com.br\/wp-content\/uploads\/2026\/03\/interdicoes_004_2025-12-12_21-33-02.webp.webp?fit=1200%2C799&ssl=1&resize=1050%2C600 3x"},"classes":[]},{"id":36470,"url":"https:\/\/noticiasribeiraopreto.com.br\/index.php\/2024\/02\/09\/ribeirao-preto-tem-18-interdicoes-no-transito-durante-o-carnaval-veja-os-locais\/","url_meta":{"origin":83398,"position":2},"title":"Ribeir\u00e3o Preto t\u00eam 18 interdi\u00e7\u00f5es no tr\u00e2nsito durante o Carnaval; Veja os locais","author":"noticiasribeiraopreto.com.br","date":"9 de February de 2024","format":false,"excerpt":"Devido aos blocos de Carnaval que v\u00e3o sair \u00e0s ruas de Ribeir\u00e3o Preto, a cidade ter\u00e1 18 interdi\u00e7\u00f5es monitoradas pelos Agentes de Tr\u00e2nsito da RP Mobi, a partir desta sexta-feira (9). Os bloqueios acontecem em diversos pontos da cidade, at\u00e9 a ter\u00e7a-feira (13), em hor\u00e1rios pr\u00e9-estabelecidos \u2013 confira a programa\u00e7\u00e3o\u2026","rel":"","context":"In &quot;Not\u00edcias de Ribeir\u00e3o Preto-SP e Regi\u00e3o&quot;","block_context":{"text":"Not\u00edcias de Ribeir\u00e3o Preto-SP e Regi\u00e3o","link":"https:\/\/noticiasribeiraopreto.com.br\/index.php\/category\/noticias-de-ribeirao-preto-sp-e-regiao-ismael-colosi\/"},"img":{"alt_text":"","src":"https:\/\/i0.wp.com\/noticiasribeiraopreto.com.br\/wp-content\/uploads\/2024\/02\/agentes_interdicao_2.jpeg?fit=1200%2C900&ssl=1&resize=350%2C200","width":350,"height":200,"srcset":"https:\/\/i0.wp.com\/noticiasribeiraopreto.com.br\/wp-content\/uploads\/2024\/02\/agentes_interdicao_2.jpeg?fit=1200%2C900&ssl=1&resize=350%2C200 1x, https:\/\/i0.wp.com\/noticiasribeiraopreto.com.br\/wp-content\/uploads\/2024\/02\/agentes_interdicao_2.jpeg?fit=1200%2C900&ssl=1&resize=525%2C300 1.5x, https:\/\/i0.wp.com\/noticiasribeiraopreto.com.br\/wp-content\/uploads\/2024\/02\/agentes_interdicao_2.jpeg?fit=1200%2C900&ssl=1&resize=700%2C400 2x, https:\/\/i0.wp.com\/noticiasribeiraopreto.com.br\/wp-content\/uploads\/2024\/02\/agentes_interdicao_2.jpeg?fit=1200%2C900&ssl=1&resize=1050%2C600 3x"},"classes":[]},{"id":36478,"url":"https:\/\/noticiasribeiraopreto.com.br\/index.php\/2024\/02\/09\/rp-tera-18-interdicoes-no-transito-durante-o-carnaval\/","url_meta":{"origin":83398,"position":3},"title":"RP ter\u00e1 18 interdi\u00e7\u00f5es no tr\u00e2nsito durante o Carnaval","author":"noticiasribeiraopreto.com.br","date":"9 de February de 2024","format":false,"excerpt":"A RP Mobi, entidade executiva de tr\u00e2nsito de Ribeir\u00e3o Preto, informa que devido aos blocos de Carnaval, a cidade ter\u00e1 18 interdi\u00e7\u00f5es monitoradas pelos Agentes de Tr\u00e2nsito do munic\u00edpio.Os bloqueios come\u00e7aram na tarde desta sexta-feira, dia 9 de fevereiro e se encerram na ter\u00e7a-feira, dia 13 de fevereiro.A RP Mobi\u2026","rel":"","context":"In &quot;Not\u00edcias de Ribeir\u00e3o Preto-SP e Regi\u00e3o&quot;","block_context":{"text":"Not\u00edcias de Ribeir\u00e3o Preto-SP e Regi\u00e3o","link":"https:\/\/noticiasribeiraopreto.com.br\/index.php\/category\/noticias-de-ribeirao-preto-sp-e-regiao-ismael-colosi\/"},"img":{"alt_text":"","src":"https:\/\/i0.wp.com\/noticiasribeiraopreto.com.br\/wp-content\/uploads\/2024\/02\/agentes_interdicao_2-scaled.jpeg?fit=860%2C645&ssl=1&resize=350%2C200","width":350,"height":200,"srcset":"https:\/\/i0.wp.com\/noticiasribeiraopreto.com.br\/wp-content\/uploads\/2024\/02\/agentes_interdicao_2-scaled.jpeg?fit=860%2C645&ssl=1&resize=350%2C200 1x, https:\/\/i0.wp.com\/noticiasribeiraopreto.com.br\/wp-content\/uploads\/2024\/02\/agentes_interdicao_2-scaled.jpeg?fit=860%2C645&ssl=1&resize=525%2C300 1.5x, https:\/\/i0.wp.com\/noticiasribeiraopreto.com.br\/wp-content\/uploads\/2024\/02\/agentes_interdicao_2-scaled.jpeg?fit=860%2C645&ssl=1&resize=700%2C400 2x"},"classes":[]},{"id":76520,"url":"https:\/\/noticiasribeiraopreto.com.br\/index.php\/2025\/08\/30\/ribeirao-preto-tera-bloqueios-no-transito-nos-proximos-dias-veja-locais\/","url_meta":{"origin":83398,"position":4},"title":"Ribeir\u00e3o Preto ter\u00e1 bloqueios no tr\u00e2nsito nos pr\u00f3ximos dias; Veja locais","author":"noticiasribeiraopreto.com.br","date":"30 de August de 2025","format":false,"excerpt":"O tr\u00e2nsito em Ribeir\u00e3o Preto sofrer\u00e1 duas interdi\u00e7\u00f5es nos pr\u00f3ximos dias. O primeiro bloqueio acontece neste domingo (31), por conta de uma corrida de rua. J\u00e1 na segunda-feira (1\u00ba), haver\u00e1 interdi\u00e7\u00e3o parcial devido \u00e0s obras de duplica\u00e7\u00e3o da avenida Carlos Drumont de Andrade, na regi\u00e3o Norte da cidade. Confira: Maur\u00edlio\u2026","rel":"","context":"In &quot;Not\u00edcias de Ribeir\u00e3o Preto-SP e Regi\u00e3o&quot;","block_context":{"text":"Not\u00edcias de Ribeir\u00e3o Preto-SP e Regi\u00e3o","link":"https:\/\/noticiasribeiraopreto.com.br\/index.php\/category\/noticias-de-ribeirao-preto-sp-e-regiao-ismael-colosi\/"},"img":{"alt_text":"","src":"https:\/\/i0.wp.com\/noticiasribeiraopreto.com.br\/wp-content\/uploads\/2025\/08\/a.ok_.interdicao_domingo02_2025-08-30_19-39-45.webp.webp?fit=1200%2C800&ssl=1&resize=350%2C200","width":350,"height":200,"srcset":"https:\/\/i0.wp.com\/noticiasribeiraopreto.com.br\/wp-content\/uploads\/2025\/08\/a.ok_.interdicao_domingo02_2025-08-30_19-39-45.webp.webp?fit=1200%2C800&ssl=1&resize=350%2C200 1x, https:\/\/i0.wp.com\/noticiasribeiraopreto.com.br\/wp-content\/uploads\/2025\/08\/a.ok_.interdicao_domingo02_2025-08-30_19-39-45.webp.webp?fit=1200%2C800&ssl=1&resize=525%2C300 1.5x, https:\/\/i0.wp.com\/noticiasribeiraopreto.com.br\/wp-content\/uploads\/2025\/08\/a.ok_.interdicao_domingo02_2025-08-30_19-39-45.webp.webp?fit=1200%2C800&ssl=1&resize=700%2C400 2x, https:\/\/i0.wp.com\/noticiasribeiraopreto.com.br\/wp-content\/uploads\/2025\/08\/a.ok_.interdicao_domingo02_2025-08-30_19-39-45.webp.webp?fit=1200%2C800&ssl=1&resize=1050%2C600 3x"},"classes":[]},{"id":84509,"url":"https:\/\/noticiasribeiraopreto.com.br\/index.php\/2026\/04\/10\/transito-em-ribeirao-preto-tera-interdicoes-neste-fim-de-semana-veja-locais-e-horarios\/","url_meta":{"origin":83398,"position":5},"title":"Tr\u00e2nsito em Ribeir\u00e3o Preto ter\u00e1 interdi\u00e7\u00f5es neste fim de semana; veja locais e hor\u00e1rios","author":"noticiasribeiraopreto.com.br","date":"10 de April de 2026","format":false,"excerpt":"Ler o resumo da not\u00edcia Tr\u00e2nsito em Ribeir\u00e3o Preto ter\u00e1 interdi\u00e7\u00f5es neste fim de semana, entre s\u00e1bado (11) e domingo (12), devido a eventos na cidade. No s\u00e1bado, ocorrer\u00e3o tr\u00eas eventos com bloqueios: Churrasquinho Menos \u00e9 Mais no Est\u00e1dio do Comercial (14h-23h59), Xtreme \u2013 A\u00e7\u00e3o Solid\u00e1ria na Avenida \u00c1urea Machado\u2026","rel":"","context":"In &quot;Not\u00edcias de Ribeir\u00e3o Preto-SP e Regi\u00e3o&quot;","block_context":{"text":"Not\u00edcias de Ribeir\u00e3o Preto-SP e Regi\u00e3o","link":"https:\/\/noticiasribeiraopreto.com.br\/index.php\/category\/noticias-de-ribeirao-preto-sp-e-regiao-ismael-colosi\/"},"img":{"alt_text":"","src":"https:\/\/i0.wp.com\/noticiasribeiraopreto.com.br\/wp-content\/uploads\/2026\/04\/carros_transerp_2__2026-03-02_18-03-41.webp.webp?fit=1200%2C800&ssl=1&resize=350%2C200","width":350,"height":200,"srcset":"https:\/\/i0.wp.com\/noticiasribeiraopreto.com.br\/wp-content\/uploads\/2026\/04\/carros_transerp_2__2026-03-02_18-03-41.webp.webp?fit=1200%2C800&ssl=1&resize=350%2C200 1x, https:\/\/i0.wp.com\/noticiasribeiraopreto.com.br\/wp-content\/uploads\/2026\/04\/carros_transerp_2__2026-03-02_18-03-41.webp.webp?fit=1200%2C800&ssl=1&resize=525%2C300 1.5x, https:\/\/i0.wp.com\/noticiasribeiraopreto.com.br\/wp-content\/uploads\/2026\/04\/carros_transerp_2__2026-03-02_18-03-41.webp.webp?fit=1200%2C800&ssl=1&resize=700%2C400 2x, https:\/\/i0.wp.com\/noticiasribeiraopreto.com.br\/wp-content\/uploads\/2026\/04\/carros_transerp_2__2026-03-02_18-03-41.webp.webp?fit=1200%2C800&ssl=1&resize=1050%2C600 3x"},"classes":[]}],"jetpack_sharing_enabled":true,"jetpack_shortlink":"https:\/\/wp.me\/peQAOb-lH8","_links":{"self":[{"href":"https:\/\/noticiasribeiraopreto.com.br\/index.php\/wp-json\/wp\/v2\/posts\/83398","targetHints":{"allow":["GET"]}}],"collection":[{"href":"https:\/\/noticiasribeiraopreto.com.br\/index.php\/wp-json\/wp\/v2\/posts"}],"about":[{"href":"https:\/\/noticiasribeiraopreto.com.br\/index.php\/wp-json\/wp\/v2\/types\/post"}],"author":[{"embeddable":true,"href":"https:\/\/noticiasribeiraopreto.com.br\/index.php\/wp-json\/wp\/v2\/users\/1"}],"replies":[{"embeddable":true,"href":"https:\/\/noticiasribeiraopreto.com.br\/index.php\/wp-json\/wp\/v2\/comments?post=83398"}],"version-history":[{"count":0,"href":"https:\/\/noticiasribeiraopreto.com.br\/index.php\/wp-json\/wp\/v2\/posts\/83398\/revisions"}],"wp:featuredmedia":[{"embeddable":true,"href":"https:\/\/noticiasribeiraopreto.com.br\/index.php\/wp-json\/wp\/v2\/media\/83399"}],"wp:attachment":[{"href":"https:\/\/noticiasribeiraopreto.com.br\/index.php\/wp-json\/wp\/v2\/media?parent=83398"}],"wp:term":[{"taxonomy":"category","embeddable":true,"href":"https:\/\/noticiasribeiraopreto.com.br\/index.php\/wp-json\/wp\/v2\/categories?post=83398"},{"taxonomy":"post_tag","embeddable":true,"href":"https:\/\/noticiasribeiraopreto.com.br\/index.php\/wp-json\/wp\/v2\/tags?post=83398"}],"curies":[{"name":"wp","href":"https:\/\/api.w.org\/{rel}","templated":true}]}}