{"id":83402,"date":"2026-03-17T18:56:54","date_gmt":"2026-03-17T21:56:54","guid":{"rendered":"https:\/\/noticiasribeiraopreto.com.br\/index.php\/2026\/03\/17\/temporal-provoca-alagamento-na-avenida-nove-de-julho-em-ribeirao-video\/"},"modified":"2026-03-17T18:56:54","modified_gmt":"2026-03-17T21:56:54","slug":"temporal-provoca-alagamento-na-avenida-nove-de-julho-em-ribeirao-video","status":"publish","type":"post","link":"https:\/\/noticiasribeiraopreto.com.br\/index.php\/2026\/03\/17\/temporal-provoca-alagamento-na-avenida-nove-de-julho-em-ribeirao-video\/","title":{"rendered":"Temporal provoca alagamento na avenida Nove de Julho em Ribeir\u00e3o; V\u00eddeo"},"content":{"rendered":"<div class='code-block code-block-1' style='margin: 8px 0 8px auto; text-align: right; display: block; clear: both;'>\n<p><a href=\"https:\/\/wa.link\/vpicfd\"><img data-recalc-dims=\"1\" class=\"wp-image-4922\" style=\"aspect-ratio: 2.0253164556962027; width: 561px; height: auto;\" src=\"https:\/\/i0.wp.com\/ismaelcolosi.com.br\/wp-content\/uploads\/2023\/11\/grupo-de-empregos-whatsapp-e-facebook-ismael-colosi-vagas.jpg?ssl=1\" alt=\"\" \/><\/a><\/p>\n<!-- \/wp:image -->\n<\/div>\n<p> <br \/>\n<\/p>\n<div id=\"dsoaudio\">\n            <button type=\"button\" title=\"Salvar mat\u00e9ria\" class=\"dso bookmark-injection bookmark-save\"><br \/>\n        <svg xmlns=\"http:\/\/www.w3.org\/2000\/svg\" width=\"20\" height=\"24\" viewbox=\"0 0 20 24\" fill=\"none\">\n            <path d=\"M1 23V1H19V23L10 15.6667L1 23Z\" stroke=\"black\" stroke-width=\"1.3\" stroke-linejoin=\"round\"\/>\n        <\/svg><br \/>\n    <\/button> <\/p>\n<p>A chuva que atingiu <strong>Ribeir\u00e3o Preto<\/strong> na tarde desta ter\u00e7a-feira (17) provocou alagamento na <strong>avenida Nove de Julho<\/strong>, que mais cedo havia sido interditada emergencialmente para obras de manuten\u00e7\u00e3o vi\u00e1ria.<\/p>\n<p>Nas redes sociais, moradores registraram a situa\u00e7\u00e3o no local. As imagens mostram <strong>grande volume de \u00e1gua<\/strong> no trecho entre as ruas Sete de Setembro e Garibaldi \u2013 veja o v\u00eddeo abaixo.<\/p>\n<figure class=\"wp-block-video\"><video height=\"674\" style=\"aspect-ratio: 1200 \/ 674;\" width=\"1200\" controls=\"\" src=\"https:\/\/www.acidadeon.com\/ribeiraopreto\/wp-content\/uploads\/sites\/3\/2026\/03\/domingo.mp4\"\/><\/figure>\n<h2 class=\"wp-block-heading\"><strong>Mais transtornos<\/strong><\/h2>\n<p>Al\u00e9m dos transtornos registrados na <strong>tradicional avenida de Ribeir\u00e3o Preto<\/strong>, outro ponto de grande movimento tamb\u00e9m foi afetado pela chuva.<\/p>\n<p>Uma <strong>\u00e1rvore de grande<\/strong> porte caiu no <strong>cruzamento da avenida Francisco Junqueira com a rua Olavo Bilac<\/strong>, provocando a interdi\u00e7\u00e3o da via \u2013 conforme apura\u00e7\u00e3o da <strong>EPTV<\/strong>, pelo menos seis carros foram atingidos. At\u00e9 o momento, n\u00e3o h\u00e1 informa\u00e7\u00f5es sobre feridos.<\/p>\n<p>Tamb\u00e9m houve ac\u00famulo de \u00e1gua na avenida Henrique Dumont. At\u00e9 o momento, n\u00e3o h\u00e1 confirma\u00e7\u00e3o sobre feridos ou a extens\u00e3o dos danos.<\/p>\n<div class=\"wp-block-image\">\n<figure class=\"aligncenter size-large is-resized\"><img data-recalc-dims=\"1\" loading=\"lazy\" decoding=\"async\" width=\"1024\" height=\"576\" alt=\"\u00c1rvore de grande porte caiu ap\u00f3s temporal em Ribeir\u00e3o Preto - Foto: Andrielly Ferro\/ EPTV.\" class=\"wp-image-149276\" style=\"width:654px\" title=\"Temporal provoca alagamento na avenida Nove de Julho em Ribeir\u00e3o; V\u00eddeo 1\" srcset=\"https:\/\/www.acidadeon.com\/ribeiraopreto\/wp-content\/uploads\/sites\/3\/2026\/03\/palace_2026-03-17_20-51-16-1024x576.webp 1024w, https:\/\/www.acidadeon.com\/ribeiraopreto\/wp-content\/uploads\/sites\/3\/2026\/03\/palace_2026-03-17_20-51-16-300x169.webp 300w, https:\/\/www.acidadeon.com\/ribeiraopreto\/wp-content\/uploads\/sites\/3\/2026\/03\/palace_2026-03-17_20-51-16-768x432.webp 768w, https:\/\/www.acidadeon.com\/ribeiraopreto\/wp-content\/uploads\/sites\/3\/2026\/03\/palace_2026-03-17_20-51-16-400x225.webp 400w, https:\/\/www.acidadeon.com\/ribeiraopreto\/wp-content\/uploads\/sites\/3\/2026\/03\/palace_2026-03-17_20-51-16-150x84.webp 150w, https:\/\/www.acidadeon.com\/ribeiraopreto\/wp-content\/uploads\/sites\/3\/2026\/03\/palace_2026-03-17_20-51-16.webp 1200w\" data-lazy-sizes=\"(max-width: 1024px) 100vw, 1024px\" src=\"https:\/\/i0.wp.com\/www.acidadeon.com\/ribeiraopreto\/wp-content\/uploads\/sites\/3\/2026\/03\/palace_2026-03-17_20-51-16-1024x576.webp?resize=1024%2C576&#038;ssl=1\"\/><img data-recalc-dims=\"1\" loading=\"lazy\" decoding=\"async\" width=\"1024\" height=\"576\" src=\"https:\/\/i0.wp.com\/www.acidadeon.com\/ribeiraopreto\/wp-content\/uploads\/sites\/3\/2026\/03\/palace_2026-03-17_20-51-16-1024x576.webp?resize=1024%2C576&#038;ssl=1\" alt=\"\u00c1rvore de grande porte caiu ap\u00f3s temporal em Ribeir\u00e3o Preto - Foto: Andrielly Ferro\/ EPTV.\" class=\"wp-image-149276\" style=\"width:654px\" title=\"Temporal provoca alagamento na avenida Nove de Julho em Ribeir\u00e3o; V\u00eddeo 1\" srcset=\"https:\/\/www.acidadeon.com\/ribeiraopreto\/wp-content\/uploads\/sites\/3\/2026\/03\/palace_2026-03-17_20-51-16-1024x576.webp 1024w, https:\/\/www.acidadeon.com\/ribeiraopreto\/wp-content\/uploads\/sites\/3\/2026\/03\/palace_2026-03-17_20-51-16-300x169.webp 300w, https:\/\/www.acidadeon.com\/ribeiraopreto\/wp-content\/uploads\/sites\/3\/2026\/03\/palace_2026-03-17_20-51-16-768x432.webp 768w, https:\/\/www.acidadeon.com\/ribeiraopreto\/wp-content\/uploads\/sites\/3\/2026\/03\/palace_2026-03-17_20-51-16-400x225.webp 400w, https:\/\/www.acidadeon.com\/ribeiraopreto\/wp-content\/uploads\/sites\/3\/2026\/03\/palace_2026-03-17_20-51-16-150x84.webp 150w, https:\/\/www.acidadeon.com\/ribeiraopreto\/wp-content\/uploads\/sites\/3\/2026\/03\/palace_2026-03-17_20-51-16.webp 1200w\" sizes=\"auto, (max-width: 1024px) 100vw, 1024px\"\/><figcaption class=\"wp-element-caption\">\u00c1rvore de grande porte caiu ap\u00f3s temporal em Ribeir\u00e3o Preto \u2013 Foto: Andrielly Ferro\/ EPTV.<\/figcaption><\/figure>\n<\/div>\n<h3 class=\"wp-block-heading\"><strong>Interdi\u00e7\u00f5es<\/strong><\/h3>\n<p>De acordo com boletim divulgado pela <strong>RP Mobi<\/strong>, a chamada \u201cOpera\u00e7\u00e3o Chuva\u201d contabiliza diversas ocorr\u00eancias simult\u00e2neas. Confira:<\/p>\n<ul class=\"wp-block-list\">\n<li>\u00c1rvore com risco de queda na Rua Itarar\u00e9, 604, no Jardim Paulista.<\/li>\n<li>\u00c1rvore de grande porte cai sobre a via na Rua Olavo Bilac com Av. Dr. Francisco Junqueira.<\/li>\n<li>\u00c1rvore ca\u00edda sobre a via interrompe totalmente o tr\u00e2nsito na Avenida Marechal Costa e Silva, 1919, no bairro Campos El\u00edseos.<\/li>\n<li>\u00c1rvore de grande porte cai sobre a via na Rua Luiz Barreto, 1149, no bairro Campos El\u00edseos.<\/li>\n<li>\u00c1rvore e fios ca\u00eddos na Rua S\u00e3o Jos\u00e9, 2170, no Alto da Boa Vista, geram interdi\u00e7\u00e3o parcial da via.<\/li>\n<li>Sem\u00e1foros est\u00e3o desligados na Avenida Meira J\u00fanior, entre a Rua Carlos Augusto Bras\u00e3o e a Av. Treze de Maio.<\/li>\n<li>Galhos na via foram registrados na Avenida Meira J\u00fanior, Trincheira sentido Bairro Centro.<\/li>\n<li>\u00c1rvore ca\u00edda sobre a via na Avenida Nove de Julho, 1190, no Centro<\/li>\n<\/ul>\n<hr class=\"wp-block-separator has-alpha-channel-opacity\"\/>\n<p>SAIBA MAIS<\/p>\n<p>Chuva provoca quedas de \u00e1rvores e interdita vias em Ribeir\u00e3o Preto<\/p>\n<h4 class=\"wp-block-heading\"><strong>FIQUE ON<\/strong><\/h4>\n<p>Fique ligado em tudo que acontece em Ribeir\u00e3o Preto e regi\u00e3o. Siga os perfis do\u00a0<strong>acidade on\u00a0<\/strong>no<a href=\"https:\/\/www.instagram.com\/acidadeonribeirao\" target=\"_blank\" rel=\"noreferrer noopener\">\u00a0Instagram<\/a>\u00a0e no\u00a0<a href=\"https:\/\/www.facebook.com\/acidadeonribeirao\/\" target=\"_blank\" rel=\"noreferrer noopener\">Facebook<\/a>.<\/p>\n<p>Receba not\u00edcias do<strong>\u00a0acidade on<\/strong>\u00a0no WhatsApp. Para entrar no grupo,\u00a0basta<a href=\"https:\/\/chat.whatsapp.com\/GFH9HUMUTHNFJdnyEd0xxq\" target=\"_blank\" rel=\"noreferrer noopener\">\u00a0clicar aqui<\/a>. Ou, acesse o nosso\u00a0Canal\u00a0<a href=\"https:\/\/whatsapp.com\/channel\/0029Vb6IQl1JENyAeS57fk2p\" target=\"_blank\" rel=\"noreferrer noopener\">clicando aqui<\/a>.<\/p>\n<p>Fa\u00e7a uma den\u00fancia ou sugira uma reportagem sobre Ribeir\u00e3o Preto e regi\u00e3o pelo WhatsApp: 16 99117 7802.<\/p>\n<p>VEJA TAMB\u00c9M<\/p>\n<p>Kiki Shepard, de \u201cTodo Mundo Odeia o Chris\u201d, morre aos 74 anos<\/p>\n<p><input type=\"hidden\" name=\"postID\" id=\"postID\" value=\"149273\"\/><br \/>\n            <input type=\"hidden\" name=\"postType\" id=\"postType\" value=\"post\"\/><br \/>\n<!-- AI CONTENT END 1 -->\n        <\/div>\n<p><script async src=\"\/\/www.instagram.com\/embed.js\"><\/script><br \/>\n<br \/><br \/>\n<br \/><a href=\"https:\/\/www.acidadeon.com\/ribeiraopreto\/cotidiano\/temporal-provoca-alagamento-na-avenida-nove-de-julho-em-ribeirao-video\/\">Source link <\/a><\/p>\n<!-- CONTENT END 1 -->\n","protected":false},"excerpt":{"rendered":"<p>A chuva que atingiu Ribeir\u00e3o Preto na tarde desta ter\u00e7a-feira (17) provocou alagamento na avenida Nove de Julho, que mais cedo havia sido interditada emergencialmente&#8230;<\/p>\n","protected":false},"author":1,"featured_media":83403,"comment_status":"open","ping_status":"open","sticky":false,"template":"","format":"standard","meta":{"advanced_seo_description":"","jetpack_seo_html_title":"","jetpack_seo_noindex":false,"jetpack_post_was_ever_published":false,"_jetpack_newsletter_access":"","_jetpack_dont_email_post_to_subs":false,"_jetpack_newsletter_tier_id":0,"_jetpack_memberships_contains_paywalled_content":false,"_jetpack_memberships_contains_paid_content":false,"footnotes":"","jetpack_publicize_message":"","jetpack_publicize_feature_enabled":true,"jetpack_social_post_already_shared":true,"jetpack_social_options":{"image_generator_settings":{"template":"highway","default_image_id":0,"font":"","enabled":false},"version":2}},"categories":[11],"tags":[],"class_list":["post-83402","post","type-post","status-publish","format-standard","has-post-thumbnail","hentry","category-noticias-de-ribeirao-preto-sp-e-regiao-ismael-colosi"],"jetpack_publicize_connections":[],"jetpack_featured_media_url":"https:\/\/i0.wp.com\/noticiasribeiraopreto.com.br\/wp-content\/uploads\/2026\/03\/domingo_2026-03-17_20-45-39.webp.webp?fit=1200%2C675&ssl=1","jetpack-related-posts":[{"id":34336,"url":"https:\/\/noticiasribeiraopreto.com.br\/index.php\/2024\/02\/01\/chuva-causa-alagamentos-em-ribeirao-preto-veja-os-pontos\/","url_meta":{"origin":83402,"position":0},"title":"Chuva causa alagamentos em Ribeir\u00e3o Preto; Veja os pontos","author":"noticiasribeiraopreto.com.br","date":"1 de February de 2024","format":false,"excerpt":"As chuvas que ca\u00edram na tarde desta quinta-feira (1\u00ba) em Ribeir\u00e3o Preto provocaram v\u00e1rios pontos de alagamentos em toda cidade. De acordo com a Defesa Civil do munic\u00edpio, at\u00e9 o momento os locais que est\u00e3o alagados s\u00e3o: Rua Am\u00e9rico Batista com a Via Norte Via Norte em frente a Faculdade\u2026","rel":"","context":"In &quot;Not\u00edcias de Ribeir\u00e3o Preto-SP e Regi\u00e3o&quot;","block_context":{"text":"Not\u00edcias de Ribeir\u00e3o Preto-SP e Regi\u00e3o","link":"https:\/\/noticiasribeiraopreto.com.br\/index.php\/category\/noticias-de-ribeirao-preto-sp-e-regiao-ismael-colosi\/"},"img":{"alt_text":"","src":"https:\/\/i0.wp.com\/noticiasribeiraopreto.com.br\/wp-content\/uploads\/2024\/02\/chuva.jpg?fit=762%2C422&ssl=1&resize=350%2C200","width":350,"height":200,"srcset":"https:\/\/i0.wp.com\/noticiasribeiraopreto.com.br\/wp-content\/uploads\/2024\/02\/chuva.jpg?fit=762%2C422&ssl=1&resize=350%2C200 1x, https:\/\/i0.wp.com\/noticiasribeiraopreto.com.br\/wp-content\/uploads\/2024\/02\/chuva.jpg?fit=762%2C422&ssl=1&resize=525%2C300 1.5x, https:\/\/i0.wp.com\/noticiasribeiraopreto.com.br\/wp-content\/uploads\/2024\/02\/chuva.jpg?fit=762%2C422&ssl=1&resize=700%2C400 2x"},"classes":[]},{"id":77388,"url":"https:\/\/noticiasribeiraopreto.com.br\/index.php\/2025\/09\/17\/festival-pe-na-rua-veja-programacao-do-evento-que-reune-cultura-e-gastronomia-na-avenida-nove-de-julho\/","url_meta":{"origin":83402,"position":1},"title":"&#8216;Festival P\u00e9 na Rua&#8217;: Veja programa\u00e7\u00e3o do evento que re\u00fane cultura e gastronomia na avenida Nove de Julho","author":"noticiasribeiraopreto.com.br","date":"17 de September de 2025","format":false,"excerpt":"A primeira edi\u00e7\u00e3o do \u2018Festival P\u00e9 na Rua\u2019, acontece neste domingo (21), a partir das 12h30, na avenida Nove de Julho, regi\u00e3o Central de Ribeir\u00e3o Preto. O evento \u00e9 gratuito e prop\u00f5e a revitaliza\u00e7\u00e3o da avenida, que j\u00e1 foi palco de desfiles, festas e grandes encontros, por meio da cultura,\u2026","rel":"","context":"In &quot;Not\u00edcias de Ribeir\u00e3o Preto-SP e Regi\u00e3o&quot;","block_context":{"text":"Not\u00edcias de Ribeir\u00e3o Preto-SP e Regi\u00e3o","link":"https:\/\/noticiasribeiraopreto.com.br\/index.php\/category\/noticias-de-ribeirao-preto-sp-e-regiao-ismael-colosi\/"},"img":{"alt_text":"","src":"https:\/\/i0.wp.com\/noticiasribeiraopreto.com.br\/wp-content\/uploads\/2025\/09\/Copia-de-Copia-de-Copia-de-TAMANHO-EXATO-PARA-FOTOS-NO-SISTEMA-NOVO-2025-09-17T143528.984_2025-09-17_17-35-58.webp.webp?fit=1200%2C675&ssl=1&resize=350%2C200","width":350,"height":200,"srcset":"https:\/\/i0.wp.com\/noticiasribeiraopreto.com.br\/wp-content\/uploads\/2025\/09\/Copia-de-Copia-de-Copia-de-TAMANHO-EXATO-PARA-FOTOS-NO-SISTEMA-NOVO-2025-09-17T143528.984_2025-09-17_17-35-58.webp.webp?fit=1200%2C675&ssl=1&resize=350%2C200 1x, https:\/\/i0.wp.com\/noticiasribeiraopreto.com.br\/wp-content\/uploads\/2025\/09\/Copia-de-Copia-de-Copia-de-TAMANHO-EXATO-PARA-FOTOS-NO-SISTEMA-NOVO-2025-09-17T143528.984_2025-09-17_17-35-58.webp.webp?fit=1200%2C675&ssl=1&resize=525%2C300 1.5x, https:\/\/i0.wp.com\/noticiasribeiraopreto.com.br\/wp-content\/uploads\/2025\/09\/Copia-de-Copia-de-Copia-de-TAMANHO-EXATO-PARA-FOTOS-NO-SISTEMA-NOVO-2025-09-17T143528.984_2025-09-17_17-35-58.webp.webp?fit=1200%2C675&ssl=1&resize=700%2C400 2x, https:\/\/i0.wp.com\/noticiasribeiraopreto.com.br\/wp-content\/uploads\/2025\/09\/Copia-de-Copia-de-Copia-de-TAMANHO-EXATO-PARA-FOTOS-NO-SISTEMA-NOVO-2025-09-17T143528.984_2025-09-17_17-35-58.webp.webp?fit=1200%2C675&ssl=1&resize=1050%2C600 3x"},"classes":[]},{"id":51799,"url":"https:\/\/noticiasribeiraopreto.com.br\/index.php\/2024\/05\/30\/novo-trecho-da-avenida-nove-de-julho-em-ribeirao-preto-sera-interditado-por-60-dias\/","url_meta":{"origin":83402,"position":2},"title":"Novo trecho da avenida Nove de Julho em Ribeir\u00e3o Preto ser\u00e1 interditado por 60 dias","author":"noticiasribeiraopreto.com.br","date":"30 de May de 2024","format":false,"excerpt":"Um novo trecho da avenida Nove de Julho ser\u00e1 interditado por 60 dias, a partir desta sexta-feira (31). O bloqueio ser\u00e1 na pista bairro-Centro, da rua Cerqueira C\u00e9sar at\u00e9 a rua Comandante Marcondes Salgado. Os acessos neste trecho ser\u00e3o liberados somente para os moradores e comerciantes da regi\u00e3o. A RP\u2026","rel":"","context":"In &quot;Not\u00edcias de Ribeir\u00e3o Preto-SP e Regi\u00e3o&quot;","block_context":{"text":"Not\u00edcias de Ribeir\u00e3o Preto-SP e Regi\u00e3o","link":"https:\/\/noticiasribeiraopreto.com.br\/index.php\/category\/noticias-de-ribeirao-preto-sp-e-regiao-ismael-colosi\/"},"img":{"alt_text":"","src":"https:\/\/i0.wp.com\/noticiasribeiraopreto.com.br\/wp-content\/uploads\/2024\/05\/Copia-de-Copia-de-TAMANHO-EXATO-PARA-FOTOS-NO-SISTEMA-NOVO-66_2024-05-30_16-47-36_jpg_2024-05-30_16-47-37.webp.webp?fit=1200%2C675&ssl=1&resize=350%2C200","width":350,"height":200,"srcset":"https:\/\/i0.wp.com\/noticiasribeiraopreto.com.br\/wp-content\/uploads\/2024\/05\/Copia-de-Copia-de-TAMANHO-EXATO-PARA-FOTOS-NO-SISTEMA-NOVO-66_2024-05-30_16-47-36_jpg_2024-05-30_16-47-37.webp.webp?fit=1200%2C675&ssl=1&resize=350%2C200 1x, https:\/\/i0.wp.com\/noticiasribeiraopreto.com.br\/wp-content\/uploads\/2024\/05\/Copia-de-Copia-de-TAMANHO-EXATO-PARA-FOTOS-NO-SISTEMA-NOVO-66_2024-05-30_16-47-36_jpg_2024-05-30_16-47-37.webp.webp?fit=1200%2C675&ssl=1&resize=525%2C300 1.5x, https:\/\/i0.wp.com\/noticiasribeiraopreto.com.br\/wp-content\/uploads\/2024\/05\/Copia-de-Copia-de-TAMANHO-EXATO-PARA-FOTOS-NO-SISTEMA-NOVO-66_2024-05-30_16-47-36_jpg_2024-05-30_16-47-37.webp.webp?fit=1200%2C675&ssl=1&resize=700%2C400 2x, https:\/\/i0.wp.com\/noticiasribeiraopreto.com.br\/wp-content\/uploads\/2024\/05\/Copia-de-Copia-de-TAMANHO-EXATO-PARA-FOTOS-NO-SISTEMA-NOVO-66_2024-05-30_16-47-36_jpg_2024-05-30_16-47-37.webp.webp?fit=1200%2C675&ssl=1&resize=1050%2C600 3x"},"classes":[]},{"id":18395,"url":"https:\/\/noticiasribeiraopreto.com.br\/index.php\/2023\/12\/20\/prefeitura-de-ribeirao-preto-vai-fazer-nova-licitacao-para-obra-da-nove-de-julho\/","url_meta":{"origin":83402,"position":3},"title":"Prefeitura de Ribeir\u00e3o Preto vai fazer nova licita\u00e7\u00e3o para obra da Nove de Julho","author":"noticiasribeiraopreto.com.br","date":"20 de December de 2023","format":false,"excerpt":"A Prefeitura de Ribeir\u00e3o Preto vai precisar fazer uma nova licita\u00e7\u00e3o para concluir a obra da avenida Nove de Julho, na regi\u00e3o central da cidade. A Construtora Metropolitana, que venceu a primeira licita\u00e7\u00e3o j\u00e1 foi, inclusive, multada pela Prefeitura de Ribeir\u00e3o Preto por n\u00e3o respeitar o cronograma \u2013 contrato tamb\u00e9m\u2026","rel":"","context":"In &quot;Not\u00edcias de Ribeir\u00e3o Preto-SP e Regi\u00e3o&quot;","block_context":{"text":"Not\u00edcias de Ribeir\u00e3o Preto-SP e Regi\u00e3o","link":"https:\/\/noticiasribeiraopreto.com.br\/index.php\/category\/noticias-de-ribeirao-preto-sp-e-regiao-ismael-colosi\/"},"img":{"alt_text":"","src":"https:\/\/i0.wp.com\/noticiasribeiraopreto.com.br\/wp-content\/uploads\/2023\/12\/WhatsApp-Image-2023-12-20-at-10.47.41.jpeg?fit=1200%2C675&ssl=1&resize=350%2C200","width":350,"height":200,"srcset":"https:\/\/i0.wp.com\/noticiasribeiraopreto.com.br\/wp-content\/uploads\/2023\/12\/WhatsApp-Image-2023-12-20-at-10.47.41.jpeg?fit=1200%2C675&ssl=1&resize=350%2C200 1x, https:\/\/i0.wp.com\/noticiasribeiraopreto.com.br\/wp-content\/uploads\/2023\/12\/WhatsApp-Image-2023-12-20-at-10.47.41.jpeg?fit=1200%2C675&ssl=1&resize=525%2C300 1.5x, https:\/\/i0.wp.com\/noticiasribeiraopreto.com.br\/wp-content\/uploads\/2023\/12\/WhatsApp-Image-2023-12-20-at-10.47.41.jpeg?fit=1200%2C675&ssl=1&resize=700%2C400 2x, https:\/\/i0.wp.com\/noticiasribeiraopreto.com.br\/wp-content\/uploads\/2023\/12\/WhatsApp-Image-2023-12-20-at-10.47.41.jpeg?fit=1200%2C675&ssl=1&resize=1050%2C600 3x"},"classes":[]},{"id":71155,"url":"https:\/\/noticiasribeiraopreto.com.br\/index.php\/2025\/06\/03\/video-chuva-atipica-causa-transtorno-em-rp\/","url_meta":{"origin":83402,"position":4},"title":"V\u00cdDEO &#8211; Chuva at\u00edpica causa transtorno em RP","author":"noticiasribeiraopreto.com.br","date":"3 de June de 2025","format":false,"excerpt":"V\u00e1rios pontos de alagamento e sem\u00e1foros desligados foram notados pelos motoristas 3 de junho de 2025 10:243 de junho de 2025 10:287 Compartilhar2 Por: Adalberto Luque A forte chuva que caiu sobre Ribeir\u00e3o Preto, no in\u00edcio da manh\u00e3 desta ter\u00e7a-feira (3), causou transtornos no tr\u00e2nsito em v\u00e1rios locais da cidade.\u2026","rel":"","context":"In &quot;Not\u00edcias de Ribeir\u00e3o Preto-SP e Regi\u00e3o&quot;","block_context":{"text":"Not\u00edcias de Ribeir\u00e3o Preto-SP e Regi\u00e3o","link":"https:\/\/noticiasribeiraopreto.com.br\/index.php\/category\/noticias-de-ribeirao-preto-sp-e-regiao-ismael-colosi\/"},"img":{"alt_text":"","src":"https:\/\/i0.wp.com\/noticiasribeiraopreto.com.br\/wp-content\/uploads\/2025\/06\/maxresdefault-1.jpg?fit=1200%2C675&ssl=1&resize=350%2C200","width":350,"height":200,"srcset":"https:\/\/i0.wp.com\/noticiasribeiraopreto.com.br\/wp-content\/uploads\/2025\/06\/maxresdefault-1.jpg?fit=1200%2C675&ssl=1&resize=350%2C200 1x, https:\/\/i0.wp.com\/noticiasribeiraopreto.com.br\/wp-content\/uploads\/2025\/06\/maxresdefault-1.jpg?fit=1200%2C675&ssl=1&resize=525%2C300 1.5x, https:\/\/i0.wp.com\/noticiasribeiraopreto.com.br\/wp-content\/uploads\/2025\/06\/maxresdefault-1.jpg?fit=1200%2C675&ssl=1&resize=700%2C400 2x, https:\/\/i0.wp.com\/noticiasribeiraopreto.com.br\/wp-content\/uploads\/2025\/06\/maxresdefault-1.jpg?fit=1200%2C675&ssl=1&resize=1050%2C600 3x"},"classes":[]},{"id":52381,"url":"https:\/\/noticiasribeiraopreto.com.br\/index.php\/2024\/06\/06\/mais-um-trecho-da-avenida-nove-de-julho-e-interditado-em-ribeirao-preto\/","url_meta":{"origin":83402,"position":5},"title":"Mais um trecho da avenida Nove de Julho \u00e9 interditado em Ribeir\u00e3o Preto","author":"noticiasribeiraopreto.com.br","date":"6 de June de 2024","format":false,"excerpt":"A Prefeitura de Ribeir\u00e3o Preto informou, nesta quinta-feira (06), que interditou mais um trecho da avenida Nove de Julho, em Ribeir\u00e3o Preto, sendo no sentido Centro\/Bairro da via, a partir da rua Bar\u00e3o do Amazonas at\u00e9 a rua Cerqueira C\u00e9sar. De acordo com a Era-T\u00e9cnica Engenharia Constru\u00e7\u00f5es e Servi\u00e7os Ltda,\u2026","rel":"","context":"In &quot;Not\u00edcias de Ribeir\u00e3o Preto-SP e Regi\u00e3o&quot;","block_context":{"text":"Not\u00edcias de Ribeir\u00e3o Preto-SP e Regi\u00e3o","link":"https:\/\/noticiasribeiraopreto.com.br\/index.php\/category\/noticias-de-ribeirao-preto-sp-e-regiao-ismael-colosi\/"},"img":{"alt_text":"","src":"https:\/\/i0.wp.com\/noticiasribeiraopreto.com.br\/wp-content\/uploads\/2024\/06\/avenida-nove-de-julho-3.jpeg?fit=1200%2C675&ssl=1&resize=350%2C200","width":350,"height":200,"srcset":"https:\/\/i0.wp.com\/noticiasribeiraopreto.com.br\/wp-content\/uploads\/2024\/06\/avenida-nove-de-julho-3.jpeg?fit=1200%2C675&ssl=1&resize=350%2C200 1x, https:\/\/i0.wp.com\/noticiasribeiraopreto.com.br\/wp-content\/uploads\/2024\/06\/avenida-nove-de-julho-3.jpeg?fit=1200%2C675&ssl=1&resize=525%2C300 1.5x, https:\/\/i0.wp.com\/noticiasribeiraopreto.com.br\/wp-content\/uploads\/2024\/06\/avenida-nove-de-julho-3.jpeg?fit=1200%2C675&ssl=1&resize=700%2C400 2x, https:\/\/i0.wp.com\/noticiasribeiraopreto.com.br\/wp-content\/uploads\/2024\/06\/avenida-nove-de-julho-3.jpeg?fit=1200%2C675&ssl=1&resize=1050%2C600 3x"},"classes":[]}],"jetpack_sharing_enabled":true,"jetpack_shortlink":"https:\/\/wp.me\/peQAOb-lHc","_links":{"self":[{"href":"https:\/\/noticiasribeiraopreto.com.br\/index.php\/wp-json\/wp\/v2\/posts\/83402","targetHints":{"allow":["GET"]}}],"collection":[{"href":"https:\/\/noticiasribeiraopreto.com.br\/index.php\/wp-json\/wp\/v2\/posts"}],"about":[{"href":"https:\/\/noticiasribeiraopreto.com.br\/index.php\/wp-json\/wp\/v2\/types\/post"}],"author":[{"embeddable":true,"href":"https:\/\/noticiasribeiraopreto.com.br\/index.php\/wp-json\/wp\/v2\/users\/1"}],"replies":[{"embeddable":true,"href":"https:\/\/noticiasribeiraopreto.com.br\/index.php\/wp-json\/wp\/v2\/comments?post=83402"}],"version-history":[{"count":0,"href":"https:\/\/noticiasribeiraopreto.com.br\/index.php\/wp-json\/wp\/v2\/posts\/83402\/revisions"}],"wp:featuredmedia":[{"embeddable":true,"href":"https:\/\/noticiasribeiraopreto.com.br\/index.php\/wp-json\/wp\/v2\/media\/83403"}],"wp:attachment":[{"href":"https:\/\/noticiasribeiraopreto.com.br\/index.php\/wp-json\/wp\/v2\/media?parent=83402"}],"wp:term":[{"taxonomy":"category","embeddable":true,"href":"https:\/\/noticiasribeiraopreto.com.br\/index.php\/wp-json\/wp\/v2\/categories?post=83402"},{"taxonomy":"post_tag","embeddable":true,"href":"https:\/\/noticiasribeiraopreto.com.br\/index.php\/wp-json\/wp\/v2\/tags?post=83402"}],"curies":[{"name":"wp","href":"https:\/\/api.w.org\/{rel}","templated":true}]}}