{"id":83404,"date":"2026-03-17T19:05:12","date_gmt":"2026-03-17T22:05:12","guid":{"rendered":"https:\/\/noticiasribeiraopreto.com.br\/index.php\/2026\/03\/17\/chuva-provoca-quedas-de-arvores-e-interdita-vias-em-ribeirao-preto\/"},"modified":"2026-03-17T19:05:12","modified_gmt":"2026-03-17T22:05:12","slug":"chuva-provoca-quedas-de-arvores-e-interdita-vias-em-ribeirao-preto","status":"publish","type":"post","link":"https:\/\/noticiasribeiraopreto.com.br\/index.php\/2026\/03\/17\/chuva-provoca-quedas-de-arvores-e-interdita-vias-em-ribeirao-preto\/","title":{"rendered":"Chuva provoca quedas de \u00e1rvores e interdita vias em Ribeir\u00e3o Preto"},"content":{"rendered":"<div class='code-block code-block-1' style='margin: 8px 0 8px auto; text-align: right; display: block; clear: both;'>\n<p><a href=\"https:\/\/wa.link\/vpicfd\"><img data-recalc-dims=\"1\" class=\"wp-image-4922\" style=\"aspect-ratio: 2.0253164556962027; width: 561px; height: auto;\" src=\"https:\/\/i0.wp.com\/ismaelcolosi.com.br\/wp-content\/uploads\/2023\/11\/grupo-de-empregos-whatsapp-e-facebook-ismael-colosi-vagas.jpg?ssl=1\" alt=\"\" \/><\/a><\/p>\n<!-- \/wp:image -->\n<\/div>\n<p> <br \/>\n<\/p>\n<div id=\"dsoaudio\">\n            <button type=\"button\" title=\"Salvar mat\u00e9ria\" class=\"dso bookmark-injection bookmark-save\"><br \/>\n        <svg xmlns=\"http:\/\/www.w3.org\/2000\/svg\" width=\"20\" height=\"24\" viewbox=\"0 0 20 24\" fill=\"none\">\n            <path d=\"M1 23V1H19V23L10 15.6667L1 23Z\" stroke=\"black\" stroke-width=\"1.3\" stroke-linejoin=\"round\"\/>\n        <\/svg><br \/>\n    <\/button> <\/p>\n<p>A <strong>chuva que atingiu Ribeir\u00e3o Preto<\/strong> na tarde desta ter\u00e7a-feira (17) <strong>causou transtornos em diferentes pontos da cidade<\/strong>, com registro de <strong>alagamentos<\/strong>, queda de \u00e1rvores e problemas no tr\u00e2nsito.<\/p>\n<p>Houve ac\u00famulo de \u00e1gua nas avenidas Henrique Dumont e Francisco Junqueira, o que dificultou a circula\u00e7\u00e3o de ve\u00edculos. Ainda na zona Leste, uma \u00e1rvore caiu sobre uma loja no cruzamento da avenida Francisco Junqueira com a rua Olavo Bilac. At\u00e9 o momento, n\u00e3o h\u00e1 confirma\u00e7\u00e3o sobre feridos ou a extens\u00e3o dos danos.<\/p>\n<figure class=\"wp-block-gallery has-nested-images columns-default is-cropped wp-block-gallery-1 is-layout-flex wp-block-gallery-is-layout-flex\">\n<figure class=\"wp-block-image size-large\"><img data-recalc-dims=\"1\" loading=\"lazy\" decoding=\"async\" width=\"1024\" height=\"576\" data-id=\"149267\" alt=\"palace 76 2026 03 17 20 07 20\" class=\"wp-image-149267\" title=\"Chuva provoca quedas de \u00e1rvores e interdita vias em Ribeir\u00e3o Preto 1\" srcset=\"https:\/\/www.acidadeon.com\/ribeiraopreto\/wp-content\/uploads\/sites\/3\/2026\/03\/palace-76_2026-03-17_20-07-20-1024x576.webp 1024w, https:\/\/www.acidadeon.com\/ribeiraopreto\/wp-content\/uploads\/sites\/3\/2026\/03\/palace-76_2026-03-17_20-07-20-300x169.webp 300w, https:\/\/www.acidadeon.com\/ribeiraopreto\/wp-content\/uploads\/sites\/3\/2026\/03\/palace-76_2026-03-17_20-07-20-768x432.webp 768w, https:\/\/www.acidadeon.com\/ribeiraopreto\/wp-content\/uploads\/sites\/3\/2026\/03\/palace-76_2026-03-17_20-07-20-400x225.webp 400w, https:\/\/www.acidadeon.com\/ribeiraopreto\/wp-content\/uploads\/sites\/3\/2026\/03\/palace-76_2026-03-17_20-07-20-150x84.webp 150w, https:\/\/www.acidadeon.com\/ribeiraopreto\/wp-content\/uploads\/sites\/3\/2026\/03\/palace-76_2026-03-17_20-07-20.webp 1200w\" data-lazy-sizes=\"(max-width: 1024px) 100vw, 1024px\" src=\"https:\/\/i0.wp.com\/www.acidadeon.com\/ribeiraopreto\/wp-content\/uploads\/sites\/3\/2026\/03\/palace-76_2026-03-17_20-07-20-1024x576.webp?resize=1024%2C576&#038;ssl=1\"\/><img data-recalc-dims=\"1\" loading=\"lazy\" decoding=\"async\" width=\"1024\" height=\"576\" data-id=\"149267\" src=\"https:\/\/i0.wp.com\/www.acidadeon.com\/ribeiraopreto\/wp-content\/uploads\/sites\/3\/2026\/03\/palace-76_2026-03-17_20-07-20-1024x576.webp?resize=1024%2C576&#038;ssl=1\" alt=\"palace 76 2026 03 17 20 07 20\" class=\"wp-image-149267\" title=\"Chuva provoca quedas de \u00e1rvores e interdita vias em Ribeir\u00e3o Preto 1\" srcset=\"https:\/\/www.acidadeon.com\/ribeiraopreto\/wp-content\/uploads\/sites\/3\/2026\/03\/palace-76_2026-03-17_20-07-20-1024x576.webp 1024w, https:\/\/www.acidadeon.com\/ribeiraopreto\/wp-content\/uploads\/sites\/3\/2026\/03\/palace-76_2026-03-17_20-07-20-300x169.webp 300w, https:\/\/www.acidadeon.com\/ribeiraopreto\/wp-content\/uploads\/sites\/3\/2026\/03\/palace-76_2026-03-17_20-07-20-768x432.webp 768w, https:\/\/www.acidadeon.com\/ribeiraopreto\/wp-content\/uploads\/sites\/3\/2026\/03\/palace-76_2026-03-17_20-07-20-400x225.webp 400w, https:\/\/www.acidadeon.com\/ribeiraopreto\/wp-content\/uploads\/sites\/3\/2026\/03\/palace-76_2026-03-17_20-07-20-150x84.webp 150w, https:\/\/www.acidadeon.com\/ribeiraopreto\/wp-content\/uploads\/sites\/3\/2026\/03\/palace-76_2026-03-17_20-07-20.webp 1200w\" sizes=\"auto, (max-width: 1024px) 100vw, 1024px\"\/><\/figure>\n<figure class=\"wp-block-image size-large\"><img data-recalc-dims=\"1\" loading=\"lazy\" decoding=\"async\" width=\"1024\" height=\"576\" data-id=\"149268\" alt=\"palace 75 2026 03 17 20 07 25\" class=\"wp-image-149268\" title=\"Chuva provoca quedas de \u00e1rvores e interdita vias em Ribeir\u00e3o Preto 2\" srcset=\"https:\/\/www.acidadeon.com\/ribeiraopreto\/wp-content\/uploads\/sites\/3\/2026\/03\/palace-75_2026-03-17_20-07-25-1024x576.webp 1024w, https:\/\/www.acidadeon.com\/ribeiraopreto\/wp-content\/uploads\/sites\/3\/2026\/03\/palace-75_2026-03-17_20-07-25-300x169.webp 300w, https:\/\/www.acidadeon.com\/ribeiraopreto\/wp-content\/uploads\/sites\/3\/2026\/03\/palace-75_2026-03-17_20-07-25-768x432.webp 768w, https:\/\/www.acidadeon.com\/ribeiraopreto\/wp-content\/uploads\/sites\/3\/2026\/03\/palace-75_2026-03-17_20-07-25-400x225.webp 400w, https:\/\/www.acidadeon.com\/ribeiraopreto\/wp-content\/uploads\/sites\/3\/2026\/03\/palace-75_2026-03-17_20-07-25-150x84.webp 150w, https:\/\/www.acidadeon.com\/ribeiraopreto\/wp-content\/uploads\/sites\/3\/2026\/03\/palace-75_2026-03-17_20-07-25.webp 1200w\" data-lazy-sizes=\"(max-width: 1024px) 100vw, 1024px\" src=\"https:\/\/i0.wp.com\/www.acidadeon.com\/ribeiraopreto\/wp-content\/uploads\/sites\/3\/2026\/03\/palace-75_2026-03-17_20-07-25-1024x576.webp?resize=1024%2C576&#038;ssl=1\"\/><img data-recalc-dims=\"1\" loading=\"lazy\" decoding=\"async\" width=\"1024\" height=\"576\" data-id=\"149268\" src=\"https:\/\/i0.wp.com\/www.acidadeon.com\/ribeiraopreto\/wp-content\/uploads\/sites\/3\/2026\/03\/palace-75_2026-03-17_20-07-25-1024x576.webp?resize=1024%2C576&#038;ssl=1\" alt=\"palace 75 2026 03 17 20 07 25\" class=\"wp-image-149268\" title=\"Chuva provoca quedas de \u00e1rvores e interdita vias em Ribeir\u00e3o Preto 2\" srcset=\"https:\/\/www.acidadeon.com\/ribeiraopreto\/wp-content\/uploads\/sites\/3\/2026\/03\/palace-75_2026-03-17_20-07-25-1024x576.webp 1024w, https:\/\/www.acidadeon.com\/ribeiraopreto\/wp-content\/uploads\/sites\/3\/2026\/03\/palace-75_2026-03-17_20-07-25-300x169.webp 300w, https:\/\/www.acidadeon.com\/ribeiraopreto\/wp-content\/uploads\/sites\/3\/2026\/03\/palace-75_2026-03-17_20-07-25-768x432.webp 768w, https:\/\/www.acidadeon.com\/ribeiraopreto\/wp-content\/uploads\/sites\/3\/2026\/03\/palace-75_2026-03-17_20-07-25-400x225.webp 400w, https:\/\/www.acidadeon.com\/ribeiraopreto\/wp-content\/uploads\/sites\/3\/2026\/03\/palace-75_2026-03-17_20-07-25-150x84.webp 150w, https:\/\/www.acidadeon.com\/ribeiraopreto\/wp-content\/uploads\/sites\/3\/2026\/03\/palace-75_2026-03-17_20-07-25.webp 1200w\" sizes=\"auto, (max-width: 1024px) 100vw, 1024px\"\/><\/figure>\n<\/figure>\n<h2 class=\"wp-block-heading\">Boletim do tr\u00e2nsito<\/h2>\n<p>De acordo com boletim divulgado pela RP Mobi, a chamada \u201cOpera\u00e7\u00e3o Chuva\u201d contabiliza diversas ocorr\u00eancias simult\u00e2neas. Entre elas, a queda de \u00e1rvores em diferentes regi\u00f5es da cidade, incluindo a rua Olavo Bilac com a avenida Dr. Francisco Junqueira, a avenida Marechal Costa e Silva, no bairro Campos El\u00edseos \u2014 onde o tr\u00e2nsito foi totalmente interrompido \u2014, e a rua Luiz Barreto, tamb\u00e9m no mesmo bairro.<\/p>\n<p>Outros pontos afetados incluem a avenida Nove de Julho, na regi\u00e3o central, e a rua S\u00e3o Jos\u00e9, no Alto da Boa Vista, onde a queda de \u00e1rvore e fios provocou interdi\u00e7\u00e3o parcial. Na rua Itarar\u00e9, no Jardim Paulista, h\u00e1 registro de \u00e1rvore com risco de queda.<\/p>\n<figure class=\"wp-block-gallery has-nested-images columns-default is-cropped wp-block-gallery-2 is-layout-flex wp-block-gallery-is-layout-flex\">\n<figure class=\"wp-block-image size-large\"><img data-recalc-dims=\"1\" loading=\"lazy\" decoding=\"async\" width=\"1024\" height=\"576\" data-id=\"149266\" alt=\"palace 74 2026 03 17 20 05 19\" class=\"wp-image-149266\" title=\"Chuva provoca quedas de \u00e1rvores e interdita vias em Ribeir\u00e3o Preto 3\" srcset=\"https:\/\/www.acidadeon.com\/ribeiraopreto\/wp-content\/uploads\/sites\/3\/2026\/03\/palace-74_2026-03-17_20-05-19-1024x576.webp 1024w, https:\/\/www.acidadeon.com\/ribeiraopreto\/wp-content\/uploads\/sites\/3\/2026\/03\/palace-74_2026-03-17_20-05-19-300x169.webp 300w, https:\/\/www.acidadeon.com\/ribeiraopreto\/wp-content\/uploads\/sites\/3\/2026\/03\/palace-74_2026-03-17_20-05-19-768x432.webp 768w, https:\/\/www.acidadeon.com\/ribeiraopreto\/wp-content\/uploads\/sites\/3\/2026\/03\/palace-74_2026-03-17_20-05-19-400x225.webp 400w, https:\/\/www.acidadeon.com\/ribeiraopreto\/wp-content\/uploads\/sites\/3\/2026\/03\/palace-74_2026-03-17_20-05-19-150x84.webp 150w, https:\/\/www.acidadeon.com\/ribeiraopreto\/wp-content\/uploads\/sites\/3\/2026\/03\/palace-74_2026-03-17_20-05-19.webp 1200w\" data-lazy-sizes=\"(max-width: 1024px) 100vw, 1024px\" src=\"https:\/\/i0.wp.com\/www.acidadeon.com\/ribeiraopreto\/wp-content\/uploads\/sites\/3\/2026\/03\/palace-74_2026-03-17_20-05-19-1024x576.webp?resize=1024%2C576&#038;ssl=1\"\/><img data-recalc-dims=\"1\" loading=\"lazy\" decoding=\"async\" width=\"1024\" height=\"576\" data-id=\"149266\" src=\"https:\/\/i0.wp.com\/www.acidadeon.com\/ribeiraopreto\/wp-content\/uploads\/sites\/3\/2026\/03\/palace-74_2026-03-17_20-05-19-1024x576.webp?resize=1024%2C576&#038;ssl=1\" alt=\"palace 74 2026 03 17 20 05 19\" class=\"wp-image-149266\" title=\"Chuva provoca quedas de \u00e1rvores e interdita vias em Ribeir\u00e3o Preto 3\" srcset=\"https:\/\/www.acidadeon.com\/ribeiraopreto\/wp-content\/uploads\/sites\/3\/2026\/03\/palace-74_2026-03-17_20-05-19-1024x576.webp 1024w, https:\/\/www.acidadeon.com\/ribeiraopreto\/wp-content\/uploads\/sites\/3\/2026\/03\/palace-74_2026-03-17_20-05-19-300x169.webp 300w, https:\/\/www.acidadeon.com\/ribeiraopreto\/wp-content\/uploads\/sites\/3\/2026\/03\/palace-74_2026-03-17_20-05-19-768x432.webp 768w, https:\/\/www.acidadeon.com\/ribeiraopreto\/wp-content\/uploads\/sites\/3\/2026\/03\/palace-74_2026-03-17_20-05-19-400x225.webp 400w, https:\/\/www.acidadeon.com\/ribeiraopreto\/wp-content\/uploads\/sites\/3\/2026\/03\/palace-74_2026-03-17_20-05-19-150x84.webp 150w, https:\/\/www.acidadeon.com\/ribeiraopreto\/wp-content\/uploads\/sites\/3\/2026\/03\/palace-74_2026-03-17_20-05-19.webp 1200w\" sizes=\"auto, (max-width: 1024px) 100vw, 1024px\"\/><\/figure>\n<figure class=\"wp-block-image size-large\"><img data-recalc-dims=\"1\" loading=\"lazy\" decoding=\"async\" width=\"1024\" height=\"576\" data-id=\"149265\" alt=\"palace 73 2026 03 17 20 05 19\" class=\"wp-image-149265\" title=\"Chuva provoca quedas de \u00e1rvores e interdita vias em Ribeir\u00e3o Preto 4\" srcset=\"https:\/\/www.acidadeon.com\/ribeiraopreto\/wp-content\/uploads\/sites\/3\/2026\/03\/palace-73_2026-03-17_20-05-19-1024x576.webp 1024w, https:\/\/www.acidadeon.com\/ribeiraopreto\/wp-content\/uploads\/sites\/3\/2026\/03\/palace-73_2026-03-17_20-05-19-300x169.webp 300w, https:\/\/www.acidadeon.com\/ribeiraopreto\/wp-content\/uploads\/sites\/3\/2026\/03\/palace-73_2026-03-17_20-05-19-768x432.webp 768w, https:\/\/www.acidadeon.com\/ribeiraopreto\/wp-content\/uploads\/sites\/3\/2026\/03\/palace-73_2026-03-17_20-05-19-400x225.webp 400w, https:\/\/www.acidadeon.com\/ribeiraopreto\/wp-content\/uploads\/sites\/3\/2026\/03\/palace-73_2026-03-17_20-05-19-150x84.webp 150w, https:\/\/www.acidadeon.com\/ribeiraopreto\/wp-content\/uploads\/sites\/3\/2026\/03\/palace-73_2026-03-17_20-05-19.webp 1200w\" data-lazy-sizes=\"(max-width: 1024px) 100vw, 1024px\" src=\"https:\/\/i0.wp.com\/www.acidadeon.com\/ribeiraopreto\/wp-content\/uploads\/sites\/3\/2026\/03\/palace-73_2026-03-17_20-05-19-1024x576.webp?resize=1024%2C576&#038;ssl=1\"\/><img data-recalc-dims=\"1\" loading=\"lazy\" decoding=\"async\" width=\"1024\" height=\"576\" data-id=\"149265\" src=\"https:\/\/i0.wp.com\/www.acidadeon.com\/ribeiraopreto\/wp-content\/uploads\/sites\/3\/2026\/03\/palace-73_2026-03-17_20-05-19-1024x576.webp?resize=1024%2C576&#038;ssl=1\" alt=\"palace 73 2026 03 17 20 05 19\" class=\"wp-image-149265\" title=\"Chuva provoca quedas de \u00e1rvores e interdita vias em Ribeir\u00e3o Preto 4\" srcset=\"https:\/\/www.acidadeon.com\/ribeiraopreto\/wp-content\/uploads\/sites\/3\/2026\/03\/palace-73_2026-03-17_20-05-19-1024x576.webp 1024w, https:\/\/www.acidadeon.com\/ribeiraopreto\/wp-content\/uploads\/sites\/3\/2026\/03\/palace-73_2026-03-17_20-05-19-300x169.webp 300w, https:\/\/www.acidadeon.com\/ribeiraopreto\/wp-content\/uploads\/sites\/3\/2026\/03\/palace-73_2026-03-17_20-05-19-768x432.webp 768w, https:\/\/www.acidadeon.com\/ribeiraopreto\/wp-content\/uploads\/sites\/3\/2026\/03\/palace-73_2026-03-17_20-05-19-400x225.webp 400w, https:\/\/www.acidadeon.com\/ribeiraopreto\/wp-content\/uploads\/sites\/3\/2026\/03\/palace-73_2026-03-17_20-05-19-150x84.webp 150w, https:\/\/www.acidadeon.com\/ribeiraopreto\/wp-content\/uploads\/sites\/3\/2026\/03\/palace-73_2026-03-17_20-05-19.webp 1200w\" sizes=\"auto, (max-width: 1024px) 100vw, 1024px\"\/><\/figure>\n<\/figure>\n<p>Al\u00e9m das quedas, h\u00e1 impacto na sinaliza\u00e7\u00e3o vi\u00e1ria. Sem\u00e1foros est\u00e3o desligados na avenida Meira J\u00fanior, entre a rua Carlos Augusto Bras\u00e3o e a avenida Treze de Maio. No mesmo trecho, foram registrados galhos na pista, na trincheira no sentido bairro-Centro.<\/p>\n<hr class=\"wp-block-separator has-alpha-channel-opacity\"\/>\n<p>SAIBA MAIS<\/p>\n<p>Pr\u00e9-venda de ingressos para o Jo\u00e3o Rock come\u00e7a nesta ter\u00e7a-feira<\/p>\n<h4 class=\"wp-block-heading\"><strong>FIQUE ON<\/strong><\/h4>\n<p>Fique ligado em tudo que acontece em Ribeir\u00e3o Preto e regi\u00e3o. Siga os perfis do\u00a0<strong>acidade on\u00a0<\/strong>no<a href=\"https:\/\/www.instagram.com\/acidadeonribeirao\" target=\"_blank\" rel=\"noreferrer noopener\">\u00a0Instagram<\/a>\u00a0e no\u00a0<a href=\"https:\/\/www.facebook.com\/acidadeonribeirao\/\" target=\"_blank\" rel=\"noreferrer noopener\">Facebook<\/a>.<\/p>\n<p>Receba not\u00edcias do<strong>\u00a0acidade on<\/strong>\u00a0no WhatsApp. Para entrar no grupo,\u00a0basta<a href=\"https:\/\/chat.whatsapp.com\/GFH9HUMUTHNFJdnyEd0xxq\" target=\"_blank\" rel=\"noreferrer noopener\">\u00a0clicar aqui<\/a>. Ou, acesse o nosso\u00a0Canal\u00a0<a href=\"https:\/\/whatsapp.com\/channel\/0029Vb6IQl1JENyAeS57fk2p\" target=\"_blank\" rel=\"noreferrer noopener\">clicando aqui<\/a>.<\/p>\n<p>Fa\u00e7a uma den\u00fancia ou sugira uma reportagem sobre Ribeir\u00e3o Preto e regi\u00e3o pelo WhatsApp: 16 99117 7802.<\/p>\n<p>VEJA TAMB\u00c9M<br \/>6 dicas para montar um cronograma de estudos eficiente para as provas<\/p>\n<p><input type=\"hidden\" name=\"postID\" id=\"postID\" value=\"149261\"\/><br \/>\n            <input type=\"hidden\" name=\"postType\" id=\"postType\" value=\"post\"\/><br \/>\n<!-- AI CONTENT END 1 -->\n        <\/div>\n<p><script async src=\"\/\/www.instagram.com\/embed.js\"><\/script><br \/>\n<br \/><br \/>\n<br \/><a href=\"https:\/\/www.acidadeon.com\/ribeiraopreto\/cotidiano\/chuva-provoca-quedas-de-arvores-e-interdita-vias-em-ribeirao-preto\/\">Source link <\/a><\/p>\n<!-- CONTENT END 1 -->\n","protected":false},"excerpt":{"rendered":"<p>A chuva que atingiu Ribeir\u00e3o Preto na tarde desta ter\u00e7a-feira (17) causou transtornos em diferentes pontos da cidade, com registro de alagamentos, queda de \u00e1rvores&#8230;<\/p>\n","protected":false},"author":1,"featured_media":83405,"comment_status":"open","ping_status":"open","sticky":false,"template":"","format":"standard","meta":{"advanced_seo_description":"","jetpack_seo_html_title":"","jetpack_seo_noindex":false,"jetpack_post_was_ever_published":false,"_jetpack_newsletter_access":"","_jetpack_dont_email_post_to_subs":false,"_jetpack_newsletter_tier_id":0,"_jetpack_memberships_contains_paywalled_content":false,"_jetpack_memberships_contains_paid_content":false,"footnotes":"","jetpack_publicize_message":"","jetpack_publicize_feature_enabled":true,"jetpack_social_post_already_shared":true,"jetpack_social_options":{"image_generator_settings":{"template":"highway","default_image_id":0,"font":"","enabled":false},"version":2}},"categories":[11],"tags":[],"class_list":["post-83404","post","type-post","status-publish","format-standard","has-post-thumbnail","hentry","category-noticias-de-ribeirao-preto-sp-e-regiao-ismael-colosi"],"jetpack_publicize_connections":[],"jetpack_featured_media_url":"https:\/\/i0.wp.com\/noticiasribeiraopreto.com.br\/wp-content\/uploads\/2026\/03\/domingo-28_2026-03-17_20-01-40.webp.webp?fit=1200%2C675&ssl=1","jetpack-related-posts":[{"id":80616,"url":"https:\/\/noticiasribeiraopreto.com.br\/index.php\/2025\/12\/08\/transito-e-afetado-por-queda-de-arvore-e-desligamento-de-semaforos-apos-chuva-em-ribeirao\/","url_meta":{"origin":83404,"position":0},"title":"Tr\u00e2nsito \u00e9 afetado por queda de \u00e1rvore e desligamento de sem\u00e1foros ap\u00f3s chuva em Ribeir\u00e3o","author":"noticiasribeiraopreto.com.br","date":"8 de December de 2025","format":false,"excerpt":"Uma \u00e1rvore de grande porte caiu durante a chuva que atingiu Ribeir\u00e3o Preto na tarde deste domingo (7), bloqueando parte da avenida do Caf\u00e9. Segundo a RP Mobi, empresa que gerencia o tr\u00e2nsito do munic\u00edpio, foi necess\u00e1rio interditar o trecho entre a avenida e a rua Moreira Cabral para que\u2026","rel":"","context":"In &quot;Not\u00edcias de Ribeir\u00e3o Preto-SP e Regi\u00e3o&quot;","block_context":{"text":"Not\u00edcias de Ribeir\u00e3o Preto-SP e Regi\u00e3o","link":"https:\/\/noticiasribeiraopreto.com.br\/index.php\/category\/noticias-de-ribeirao-preto-sp-e-regiao-ismael-colosi\/"},"img":{"alt_text":"","src":"https:\/\/i0.wp.com\/noticiasribeiraopreto.com.br\/wp-content\/uploads\/2025\/12\/WhatsApp-Image-2025-12-07-at-14.44.16_2025-12-07_18-23-28.webp.webp?fit=1200%2C675&ssl=1&resize=350%2C200","width":350,"height":200,"srcset":"https:\/\/i0.wp.com\/noticiasribeiraopreto.com.br\/wp-content\/uploads\/2025\/12\/WhatsApp-Image-2025-12-07-at-14.44.16_2025-12-07_18-23-28.webp.webp?fit=1200%2C675&ssl=1&resize=350%2C200 1x, https:\/\/i0.wp.com\/noticiasribeiraopreto.com.br\/wp-content\/uploads\/2025\/12\/WhatsApp-Image-2025-12-07-at-14.44.16_2025-12-07_18-23-28.webp.webp?fit=1200%2C675&ssl=1&resize=525%2C300 1.5x, https:\/\/i0.wp.com\/noticiasribeiraopreto.com.br\/wp-content\/uploads\/2025\/12\/WhatsApp-Image-2025-12-07-at-14.44.16_2025-12-07_18-23-28.webp.webp?fit=1200%2C675&ssl=1&resize=700%2C400 2x, https:\/\/i0.wp.com\/noticiasribeiraopreto.com.br\/wp-content\/uploads\/2025\/12\/WhatsApp-Image-2025-12-07-at-14.44.16_2025-12-07_18-23-28.webp.webp?fit=1200%2C675&ssl=1&resize=1050%2C600 3x"},"classes":[]},{"id":83391,"url":"https:\/\/noticiasribeiraopreto.com.br\/index.php\/2026\/03\/17\/chuva-provoca-queda-de-arvores-falhas-em-semaforos-e-interdicoes-em-ribeirao-preto\/","url_meta":{"origin":83404,"position":1},"title":"Chuva provoca queda de \u00e1rvores, falhas em sem\u00e1foros e interdi\u00e7\u00f5es em Ribeir\u00e3o Preto","author":"noticiasribeiraopreto.com.br","date":"17 de March de 2026","format":false,"excerpt":"\r \r \r 17 de mar\u00e7o de 2026 17:32 \r Compartilhar0 A forte chuva que atingiu Ribeir\u00e3o Preto na tarde desta ter\u00e7a-feira (17) causou uma s\u00e9rie de transtornos no tr\u00e2nsito, com quedas de \u00e1rvores, interrup\u00e7\u00f5es de vias e problemas na sinaliza\u00e7\u00e3o semaf\u00f3rica em diferentes regi\u00f5es da cidade. De acordo com\u2026","rel":"","context":"In &quot;Not\u00edcias de Ribeir\u00e3o Preto-SP e Regi\u00e3o&quot;","block_context":{"text":"Not\u00edcias de Ribeir\u00e3o Preto-SP e Regi\u00e3o","link":"https:\/\/noticiasribeiraopreto.com.br\/index.php\/category\/noticias-de-ribeirao-preto-sp-e-regiao-ismael-colosi\/"},"img":{"alt_text":"","src":"https:\/\/i0.wp.com\/noticiasribeiraopreto.com.br\/wp-content\/uploads\/2026\/03\/chuva-17-mar-scaled.jpg?fit=1200%2C675&ssl=1&resize=350%2C200","width":350,"height":200,"srcset":"https:\/\/i0.wp.com\/noticiasribeiraopreto.com.br\/wp-content\/uploads\/2026\/03\/chuva-17-mar-scaled.jpg?fit=1200%2C675&ssl=1&resize=350%2C200 1x, https:\/\/i0.wp.com\/noticiasribeiraopreto.com.br\/wp-content\/uploads\/2026\/03\/chuva-17-mar-scaled.jpg?fit=1200%2C675&ssl=1&resize=525%2C300 1.5x, https:\/\/i0.wp.com\/noticiasribeiraopreto.com.br\/wp-content\/uploads\/2026\/03\/chuva-17-mar-scaled.jpg?fit=1200%2C675&ssl=1&resize=700%2C400 2x, https:\/\/i0.wp.com\/noticiasribeiraopreto.com.br\/wp-content\/uploads\/2026\/03\/chuva-17-mar-scaled.jpg?fit=1200%2C675&ssl=1&resize=1050%2C600 3x"},"classes":[]},{"id":83402,"url":"https:\/\/noticiasribeiraopreto.com.br\/index.php\/2026\/03\/17\/temporal-provoca-alagamento-na-avenida-nove-de-julho-em-ribeirao-video\/","url_meta":{"origin":83404,"position":2},"title":"Temporal provoca alagamento na avenida Nove de Julho em Ribeir\u00e3o; V\u00eddeo","author":"noticiasribeiraopreto.com.br","date":"17 de March de 2026","format":false,"excerpt":"A chuva que atingiu Ribeir\u00e3o Preto na tarde desta ter\u00e7a-feira (17) provocou alagamento na avenida Nove de Julho, que mais cedo havia sido interditada emergencialmente para obras de manuten\u00e7\u00e3o vi\u00e1ria. Nas redes sociais, moradores registraram a situa\u00e7\u00e3o no local. As imagens mostram grande volume de \u00e1gua no trecho entre as\u2026","rel":"","context":"In &quot;Not\u00edcias de Ribeir\u00e3o Preto-SP e Regi\u00e3o&quot;","block_context":{"text":"Not\u00edcias de Ribeir\u00e3o Preto-SP e Regi\u00e3o","link":"https:\/\/noticiasribeiraopreto.com.br\/index.php\/category\/noticias-de-ribeirao-preto-sp-e-regiao-ismael-colosi\/"},"img":{"alt_text":"","src":"https:\/\/i0.wp.com\/noticiasribeiraopreto.com.br\/wp-content\/uploads\/2026\/03\/domingo_2026-03-17_20-45-39.webp.webp?fit=1200%2C675&ssl=1&resize=350%2C200","width":350,"height":200,"srcset":"https:\/\/i0.wp.com\/noticiasribeiraopreto.com.br\/wp-content\/uploads\/2026\/03\/domingo_2026-03-17_20-45-39.webp.webp?fit=1200%2C675&ssl=1&resize=350%2C200 1x, https:\/\/i0.wp.com\/noticiasribeiraopreto.com.br\/wp-content\/uploads\/2026\/03\/domingo_2026-03-17_20-45-39.webp.webp?fit=1200%2C675&ssl=1&resize=525%2C300 1.5x, https:\/\/i0.wp.com\/noticiasribeiraopreto.com.br\/wp-content\/uploads\/2026\/03\/domingo_2026-03-17_20-45-39.webp.webp?fit=1200%2C675&ssl=1&resize=700%2C400 2x, https:\/\/i0.wp.com\/noticiasribeiraopreto.com.br\/wp-content\/uploads\/2026\/03\/domingo_2026-03-17_20-45-39.webp.webp?fit=1200%2C675&ssl=1&resize=1050%2C600 3x"},"classes":[]},{"id":62264,"url":"https:\/\/noticiasribeiraopreto.com.br\/index.php\/2025\/01\/08\/interdicao-alagamento-e-queda-de-arvore-veja-a-situacao-de-ribeirao-preto-apos-a-chuva-2\/","url_meta":{"origin":83404,"position":3},"title":"Interdi\u00e7\u00e3o, alagamento e queda de \u00e1rvore: Veja a situa\u00e7\u00e3o de Ribeir\u00e3o Preto ap\u00f3s a chuva","author":"noticiasribeiraopreto.com.br","date":"8 de January de 2025","format":false,"excerpt":"Um\u00a0temporal\u00a0atingiu\u00a0Ribeir\u00e3o Preto\u00a0na tarde desta quarta-feira (8) e provocou\u00a0alagamentos,\u00a0interdi\u00e7\u00f5es e quedas de \u00e1rvores\u00a0em diferentes pontos. Ruas do Centro da cidade se transformaram em um \u2018rio de lama\u2019. De acordo com a RP Mobi, foram registradas as seguintes ocorr\u00eancias: TR\u00c2NSITO LIBERADOCruzamento da avenida Maur\u00edlio Biagi com a avenida Alzira Couto MachadoAvenida Caramuru\u2026","rel":"","context":"In &quot;Not\u00edcias de Ribeir\u00e3o Preto-SP e Regi\u00e3o&quot;","block_context":{"text":"Not\u00edcias de Ribeir\u00e3o Preto-SP e Regi\u00e3o","link":"https:\/\/noticiasribeiraopreto.com.br\/index.php\/category\/noticias-de-ribeirao-preto-sp-e-regiao-ismael-colosi\/"},"img":{"alt_text":"","src":"https:\/\/i0.wp.com\/noticiasribeiraopreto.com.br\/wp-content\/uploads\/2025\/01\/Imagem-do-WhatsApp-de-2025-01-08-as-15.51.57_fbe4808f_2025-01-08_19-59-30_jpg_2025-01-08_19-59-30.webp.webp?fit=1200%2C540&ssl=1&resize=350%2C200","width":350,"height":200,"srcset":"https:\/\/i0.wp.com\/noticiasribeiraopreto.com.br\/wp-content\/uploads\/2025\/01\/Imagem-do-WhatsApp-de-2025-01-08-as-15.51.57_fbe4808f_2025-01-08_19-59-30_jpg_2025-01-08_19-59-30.webp.webp?fit=1200%2C540&ssl=1&resize=350%2C200 1x, https:\/\/i0.wp.com\/noticiasribeiraopreto.com.br\/wp-content\/uploads\/2025\/01\/Imagem-do-WhatsApp-de-2025-01-08-as-15.51.57_fbe4808f_2025-01-08_19-59-30_jpg_2025-01-08_19-59-30.webp.webp?fit=1200%2C540&ssl=1&resize=525%2C300 1.5x, https:\/\/i0.wp.com\/noticiasribeiraopreto.com.br\/wp-content\/uploads\/2025\/01\/Imagem-do-WhatsApp-de-2025-01-08-as-15.51.57_fbe4808f_2025-01-08_19-59-30_jpg_2025-01-08_19-59-30.webp.webp?fit=1200%2C540&ssl=1&resize=700%2C400 2x, https:\/\/i0.wp.com\/noticiasribeiraopreto.com.br\/wp-content\/uploads\/2025\/01\/Imagem-do-WhatsApp-de-2025-01-08-as-15.51.57_fbe4808f_2025-01-08_19-59-30_jpg_2025-01-08_19-59-30.webp.webp?fit=1200%2C540&ssl=1&resize=1050%2C600 3x"},"classes":[]},{"id":83430,"url":"https:\/\/noticiasribeiraopreto.com.br\/index.php\/2026\/03\/18\/motorista-enfrenta-transito-lento-na-francisco-junqueira-apos-queda-de-arvore\/","url_meta":{"origin":83404,"position":4},"title":"Motorista enfrenta tr\u00e2nsito lento na Francisco Junqueira ap\u00f3s queda de \u00e1rvore","author":"noticiasribeiraopreto.com.br","date":"18 de March de 2026","format":false,"excerpt":"O motorista que passa pela avenida Francisco Junqueira enfrenta muita lentid\u00e3o no tr\u00e2nsito na manh\u00e3 desta quarta-feira (18), principalmente na pista sentido Centro-bairro, ap\u00f3s a queda de uma \u00e1rvore de grande porte durante temporal nesta ter\u00e7a-feira (17), na altura do cruzamento com a rua Olavo Bilac. H\u00e1 bloqueio parcial no\u2026","rel":"","context":"In &quot;Not\u00edcias de Ribeir\u00e3o Preto-SP e Regi\u00e3o&quot;","block_context":{"text":"Not\u00edcias de Ribeir\u00e3o Preto-SP e Regi\u00e3o","link":"https:\/\/noticiasribeiraopreto.com.br\/index.php\/category\/noticias-de-ribeirao-preto-sp-e-regiao-ismael-colosi\/"},"img":{"alt_text":"","src":"https:\/\/i0.wp.com\/noticiasribeiraopreto.com.br\/wp-content\/uploads\/2026\/03\/WhatsApp-Image-2026-03-18-at-08.30.58_2026-03-18_12-19-07.webp.webp?fit=1200%2C675&ssl=1&resize=350%2C200","width":350,"height":200,"srcset":"https:\/\/i0.wp.com\/noticiasribeiraopreto.com.br\/wp-content\/uploads\/2026\/03\/WhatsApp-Image-2026-03-18-at-08.30.58_2026-03-18_12-19-07.webp.webp?fit=1200%2C675&ssl=1&resize=350%2C200 1x, https:\/\/i0.wp.com\/noticiasribeiraopreto.com.br\/wp-content\/uploads\/2026\/03\/WhatsApp-Image-2026-03-18-at-08.30.58_2026-03-18_12-19-07.webp.webp?fit=1200%2C675&ssl=1&resize=525%2C300 1.5x, https:\/\/i0.wp.com\/noticiasribeiraopreto.com.br\/wp-content\/uploads\/2026\/03\/WhatsApp-Image-2026-03-18-at-08.30.58_2026-03-18_12-19-07.webp.webp?fit=1200%2C675&ssl=1&resize=700%2C400 2x, https:\/\/i0.wp.com\/noticiasribeiraopreto.com.br\/wp-content\/uploads\/2026\/03\/WhatsApp-Image-2026-03-18-at-08.30.58_2026-03-18_12-19-07.webp.webp?fit=1200%2C675&ssl=1&resize=1050%2C600 3x"},"classes":[]},{"id":62260,"url":"https:\/\/noticiasribeiraopreto.com.br\/index.php\/2025\/01\/08\/interdicao-alagamento-e-queda-de-arvore-veja-a-situacao-de-ribeirao-preto-apos-a-chuva\/","url_meta":{"origin":83404,"position":5},"title":"Interdi\u00e7\u00e3o, alagamento e queda de \u00e1rvore: Veja a situa\u00e7\u00e3o de Ribeir\u00e3o Preto ap\u00f3s a chuva","author":"noticiasribeiraopreto.com.br","date":"8 de January de 2025","format":false,"excerpt":"Um\u00a0temporal\u00a0atingiu\u00a0Ribeir\u00e3o Preto\u00a0na tarde desta quarta-feira (8) e provocou\u00a0alagamentos,\u00a0interdi\u00e7\u00f5es e quedas de \u00e1rvores\u00a0em diferentes pontos. Ruas do Centro da cidade se transformaram em um \u2018rio de lama\u2019. De acordo com a RP Mobi, foram registradas as seguintes ocorr\u00eancias: INTERDI\u00c7\u00c3O TOTAL OU PARCIALAlagamento no cruzamento da rua S\u00e3o Francisco com a rua\u2026","rel":"","context":"In &quot;Not\u00edcias de Ribeir\u00e3o Preto-SP e Regi\u00e3o&quot;","block_context":{"text":"Not\u00edcias de Ribeir\u00e3o Preto-SP e Regi\u00e3o","link":"https:\/\/noticiasribeiraopreto.com.br\/index.php\/category\/noticias-de-ribeirao-preto-sp-e-regiao-ismael-colosi\/"},"img":{"alt_text":"","src":"https:\/\/i0.wp.com\/noticiasribeiraopreto.com.br\/wp-content\/uploads\/2025\/01\/Imagem-do-WhatsApp-de-2025-01-08-as-15.51.57_fbe4808f_2025-01-08_19-59-30_jpg_2025-01-08_19-59-30.webp.webp?fit=1200%2C540&ssl=1&resize=350%2C200","width":350,"height":200,"srcset":"https:\/\/i0.wp.com\/noticiasribeiraopreto.com.br\/wp-content\/uploads\/2025\/01\/Imagem-do-WhatsApp-de-2025-01-08-as-15.51.57_fbe4808f_2025-01-08_19-59-30_jpg_2025-01-08_19-59-30.webp.webp?fit=1200%2C540&ssl=1&resize=350%2C200 1x, https:\/\/i0.wp.com\/noticiasribeiraopreto.com.br\/wp-content\/uploads\/2025\/01\/Imagem-do-WhatsApp-de-2025-01-08-as-15.51.57_fbe4808f_2025-01-08_19-59-30_jpg_2025-01-08_19-59-30.webp.webp?fit=1200%2C540&ssl=1&resize=525%2C300 1.5x, https:\/\/i0.wp.com\/noticiasribeiraopreto.com.br\/wp-content\/uploads\/2025\/01\/Imagem-do-WhatsApp-de-2025-01-08-as-15.51.57_fbe4808f_2025-01-08_19-59-30_jpg_2025-01-08_19-59-30.webp.webp?fit=1200%2C540&ssl=1&resize=700%2C400 2x, https:\/\/i0.wp.com\/noticiasribeiraopreto.com.br\/wp-content\/uploads\/2025\/01\/Imagem-do-WhatsApp-de-2025-01-08-as-15.51.57_fbe4808f_2025-01-08_19-59-30_jpg_2025-01-08_19-59-30.webp.webp?fit=1200%2C540&ssl=1&resize=1050%2C600 3x"},"classes":[]}],"jetpack_sharing_enabled":true,"jetpack_shortlink":"https:\/\/wp.me\/peQAOb-lHe","_links":{"self":[{"href":"https:\/\/noticiasribeiraopreto.com.br\/index.php\/wp-json\/wp\/v2\/posts\/83404","targetHints":{"allow":["GET"]}}],"collection":[{"href":"https:\/\/noticiasribeiraopreto.com.br\/index.php\/wp-json\/wp\/v2\/posts"}],"about":[{"href":"https:\/\/noticiasribeiraopreto.com.br\/index.php\/wp-json\/wp\/v2\/types\/post"}],"author":[{"embeddable":true,"href":"https:\/\/noticiasribeiraopreto.com.br\/index.php\/wp-json\/wp\/v2\/users\/1"}],"replies":[{"embeddable":true,"href":"https:\/\/noticiasribeiraopreto.com.br\/index.php\/wp-json\/wp\/v2\/comments?post=83404"}],"version-history":[{"count":0,"href":"https:\/\/noticiasribeiraopreto.com.br\/index.php\/wp-json\/wp\/v2\/posts\/83404\/revisions"}],"wp:featuredmedia":[{"embeddable":true,"href":"https:\/\/noticiasribeiraopreto.com.br\/index.php\/wp-json\/wp\/v2\/media\/83405"}],"wp:attachment":[{"href":"https:\/\/noticiasribeiraopreto.com.br\/index.php\/wp-json\/wp\/v2\/media?parent=83404"}],"wp:term":[{"taxonomy":"category","embeddable":true,"href":"https:\/\/noticiasribeiraopreto.com.br\/index.php\/wp-json\/wp\/v2\/categories?post=83404"},{"taxonomy":"post_tag","embeddable":true,"href":"https:\/\/noticiasribeiraopreto.com.br\/index.php\/wp-json\/wp\/v2\/tags?post=83404"}],"curies":[{"name":"wp","href":"https:\/\/api.w.org\/{rel}","templated":true}]}}