{"id":83406,"date":"2026-03-17T19:16:14","date_gmt":"2026-03-17T22:16:14","guid":{"rendered":"https:\/\/noticiasribeiraopreto.com.br\/index.php\/2026\/03\/17\/ribeirao-preto-recebe-nova-edicao-de-festival-geek-gratuito-neste-fim-de-semana\/"},"modified":"2026-03-17T19:16:14","modified_gmt":"2026-03-17T22:16:14","slug":"ribeirao-preto-recebe-nova-edicao-de-festival-geek-gratuito-neste-fim-de-semana","status":"publish","type":"post","link":"https:\/\/noticiasribeiraopreto.com.br\/index.php\/2026\/03\/17\/ribeirao-preto-recebe-nova-edicao-de-festival-geek-gratuito-neste-fim-de-semana\/","title":{"rendered":"Ribeir\u00e3o Preto recebe nova edi\u00e7\u00e3o de festival geek gratuito neste fim de semana"},"content":{"rendered":"<div class='code-block code-block-1' style='margin: 8px 0 8px auto; text-align: right; display: block; clear: both;'>\n<p><a href=\"https:\/\/wa.link\/vpicfd\"><img data-recalc-dims=\"1\" class=\"wp-image-4922\" style=\"aspect-ratio: 2.0253164556962027; width: 561px; height: auto;\" src=\"https:\/\/i0.wp.com\/ismaelcolosi.com.br\/wp-content\/uploads\/2023\/11\/grupo-de-empregos-whatsapp-e-facebook-ismael-colosi-vagas.jpg?ssl=1\" alt=\"\" \/><\/a><\/p>\n<!-- \/wp:image -->\n<\/div>\n<p> <br \/>\n<\/p>\n<div id=\"dsoaudio\">\n            <button type=\"button\" title=\"Salvar mat\u00e9ria\" class=\"dso bookmark-injection bookmark-save\"><br \/>\n        <svg xmlns=\"http:\/\/www.w3.org\/2000\/svg\" width=\"20\" height=\"24\" viewbox=\"0 0 20 24\" fill=\"none\">\n            <path d=\"M1 23V1H19V23L10 15.6667L1 23Z\" stroke=\"black\" stroke-width=\"1.3\" stroke-linejoin=\"round\"\/>\n        <\/svg><br \/>\n    <\/button> <\/p>\n<p>O <strong>Parque Maur\u00edlio Biagi<\/strong>, em Ribeir\u00e3o Preto, recebe neste fim de semana a <strong>2\u00aa edi\u00e7\u00e3o do Festival Geek<\/strong>, evento cultural tem\u00e1tico voltado ao universo <strong>geek <\/strong>e \u00e0 <strong>cultura pop<\/strong>.<\/p>\n<p>Com <strong>entrada gratuita<\/strong>, a programa\u00e7\u00e3o acontece no <strong>s\u00e1bado (21), das 18h \u00e0s 22h<\/strong>, e no <strong>domingo (22), das 15h \u00e0s 22h<\/strong>.<\/p>\n<p>A programa\u00e7\u00e3o inclui <strong>exposi\u00e7\u00f5es<\/strong>, <strong>concursos de cosplay<\/strong>, <strong>apresenta\u00e7\u00f5es musicais<\/strong> e <strong>performances tem\u00e1ticas<\/strong>, al\u00e9m de palestras e oficinas com convidados especializados \u2013 veja a programa\u00e7\u00e3o abaixo.<\/p>\n<p>O p\u00fablico tamb\u00e9m poder\u00e1 aproveitar o espa\u00e7o gamer, <mark style=\"background-color:#fcb900\" class=\"has-inline-color\">com torneios de e-sports e jogos retr\u00f4, espa\u00e7o infantil e feira de produtos criativos.<\/mark><\/p>\n<p>O festival \u00e9 voltado a p\u00fablicos de todas as idades, incluindo jovens, crian\u00e7as, fam\u00edlias, estudantes, produtores culturais, empreendedores criativos e admiradores da cultura pop.<\/p>\n<h2 class=\"wp-block-heading\"><strong>Confira a programa\u00e7\u00e3o<\/strong><\/h2>\n<p><strong><em>\ud83d\udcc5 S\u00e1bado (21 de mar\u00e7o)<\/em><\/strong><\/p>\n<ul class=\"wp-block-list\">\n<li>18h00 \u2013 GIRP (Grupos Independentes de Dan\u00e7a)<\/li>\n<li>18h30 \u2013 Aikido (Hashi Dojo)<\/li>\n<li>19h10 \u2013 Kamiya Himura (Grupo de Teatro Cosplay)<\/li>\n<li>19h40 \u2013 Abertura oficial<\/li>\n<li>20h00 \u2013 Otaku no Topo (Banda)<\/li>\n<\/ul>\n<p><strong><em>\ud83d\udcc5 Domingo (22 de mar\u00e7o)<\/em><\/strong><\/p>\n<ul class=\"wp-block-list\">\n<li>15h00 \u2013 Ado\u00e7\u00e3o de animais (S\u00f3 Gatinhos)<\/li>\n<li>15h00 \u2013 Desfile pet<\/li>\n<li>15h30 \u2013 Kizuna Brothers (Grupo de Teatro Cosplay)<\/li>\n<li>16h00 \u2013 Aikido (Hashi Dojo)<\/li>\n<li>16h40 \u2013 GIRP (Grupos Independentes de Dan\u00e7a)<\/li>\n<li>17h00 \u2013 Kizuna Brothers (Grupo de Teatro Cosplay)<\/li>\n<li>17h20 \u2013 GIRP (Grupos Independentes de Dan\u00e7a)<\/li>\n<li>17h50 \u2013 Desfile cosplay<\/li>\n<li>18h20 \u2013 Yukio Yamashita (Grupo de Taiko)<\/li>\n<li>18h50 \u2013 Workshop de Taiko (Yukio Yamashita)<\/li>\n<li>19h30 \u2013 Gika Bacci (Cantora)<\/li>\n<\/ul>\n<p><em><strong>\ud83c\udfa8 Oficinas \u2013 S\u00e1bado (21 de mar\u00e7o)<\/strong><\/em><\/p>\n<ul class=\"wp-block-list\">\n<li>18h00 \u2013 Criativa Reciclo Fashion (Moda Sustent\u00e1vel)<\/li>\n<li>19h30 \u2013 Teru Teru Bozu<\/li>\n<\/ul>\n<p><strong><em>\ud83c\udfae Oficinas e atividades \u2013 Domingo (22 de mar\u00e7o)<\/em><\/strong><\/p>\n<ul class=\"wp-block-list\">\n<li>13h00 \u2013 Teru Teru Bozu<\/li>\n<li>15h00 \u00e0s 21h \u2013 Espa\u00e7o Game (Pikot Games)<\/li>\n<li>15h00 \u00e0s 18h \u2013 Espa\u00e7o Card Game (PoPKai)<\/li>\n<li>15h30 \u2013 Arte no Lixo (O Rastro do Meu Passo)<\/li>\n<li>16h00 \u2013 Arte no Lixo (O Rastro que me Veste)<\/li>\n<li>18h00 \u00e0s 21h \u2013 Rob\u00f3tica (ClimMusicBot)<\/li>\n<\/ul>\n<hr class=\"wp-block-separator has-alpha-channel-opacity\"\/>\n<p>SAIBA MAIS<\/p>\n<p>Espet\u00e1culo convida p\u00fablico a criar hist\u00f3rias com o pr\u00f3prio corpo em Ribeir\u00e3o; Veja quando<\/p>\n<p><strong>FIQUE ON<\/strong><\/p>\n<p>Fique ligado em tudo que acontece em Ribeir\u00e3o Preto e regi\u00e3o. Siga os perfis do\u00a0<strong>acidade on\u00a0<\/strong>no<a href=\"https:\/\/www.instagram.com\/acidadeonribeirao\" target=\"_blank\" rel=\"noreferrer noopener\">\u00a0Instagram<\/a>\u00a0e no\u00a0<a href=\"https:\/\/www.facebook.com\/acidadeonribeirao\/\" target=\"_blank\" rel=\"noreferrer noopener\">Facebook<\/a>.<\/p>\n<p>Receba not\u00edcias do<strong>\u00a0acidade on<\/strong>\u00a0no WhatsApp. Para entrar no grupo,\u00a0basta<a href=\"https:\/\/chat.whatsapp.com\/GFH9HUMUTHNFJdnyEd0xxq\" target=\"_blank\" rel=\"noreferrer noopener\">\u00a0clicar aqui<\/a>. Ou, acesse o nosso\u00a0Canal\u00a0<a href=\"https:\/\/whatsapp.com\/channel\/0029Vb6IQl1JENyAeS57fk2p\" target=\"_blank\" rel=\"noreferrer noopener\">clicando aqui<\/a>.<\/p>\n<p>Fa\u00e7a uma den\u00fancia ou sugira uma reportagem sobre Ribeir\u00e3o Preto e regi\u00e3o pelo WhatsApp: 16 99117 7802.<\/p>\n<p>VEJA TAMB\u00c9M<br \/>6 dicas para montar um cronograma de estudos eficiente para as provas<\/p>\n<p><input type=\"hidden\" name=\"postID\" id=\"postID\" value=\"149257\"\/><br \/>\n            <input type=\"hidden\" name=\"postType\" id=\"postType\" value=\"post\"\/><br \/>\n<!-- AI CONTENT END 1 -->\n        <\/div>\n<p><script async src=\"\/\/www.instagram.com\/embed.js\"><\/script><br \/>\n<br \/><br \/>\n<br \/><a href=\"https:\/\/www.acidadeon.com\/ribeiraopreto\/lazer-e-cultura\/ribeirao-preto-recebe-nova-edicao-de-festival-geek-gratuito-neste-fim-de-semana\/\">Source link <\/a><\/p>\n<!-- CONTENT END 1 -->\n","protected":false},"excerpt":{"rendered":"<p>O Parque Maur\u00edlio Biagi, em Ribeir\u00e3o Preto, recebe neste fim de semana a 2\u00aa edi\u00e7\u00e3o do Festival Geek, evento cultural tem\u00e1tico voltado ao universo geek&#8230;<\/p>\n","protected":false},"author":1,"featured_media":83407,"comment_status":"open","ping_status":"open","sticky":false,"template":"","format":"standard","meta":{"advanced_seo_description":"","jetpack_seo_html_title":"","jetpack_seo_noindex":false,"jetpack_post_was_ever_published":false,"_jetpack_newsletter_access":"","_jetpack_dont_email_post_to_subs":false,"_jetpack_newsletter_tier_id":0,"_jetpack_memberships_contains_paywalled_content":false,"_jetpack_memberships_contains_paid_content":false,"footnotes":"","jetpack_publicize_message":"","jetpack_publicize_feature_enabled":true,"jetpack_social_post_already_shared":true,"jetpack_social_options":{"image_generator_settings":{"template":"highway","default_image_id":0,"font":"","enabled":false},"version":2}},"categories":[11],"tags":[],"class_list":["post-83406","post","type-post","status-publish","format-standard","has-post-thumbnail","hentry","category-noticias-de-ribeirao-preto-sp-e-regiao-ismael-colosi"],"jetpack_publicize_connections":[],"jetpack_featured_media_url":"https:\/\/i0.wp.com\/noticiasribeiraopreto.com.br\/wp-content\/uploads\/2026\/03\/festival_geek_2025_17_2_2026-03-17_19-37-52.webp.webp?fit=1200%2C799&ssl=1","jetpack-related-posts":[{"id":83544,"url":"https:\/\/noticiasribeiraopreto.com.br\/index.php\/2026\/03\/20\/fim-de-semana-tem-shows-teatro-e-eventos-gratuitos-em-ribeirao-e-regiao-confira-a-agenda\/","url_meta":{"origin":83406,"position":0},"title":"Fim de semana tem shows, teatro e eventos gratuitos em Ribeir\u00e3o e regi\u00e3o; Confira a agenda","author":"noticiasribeiraopreto.com.br","date":"20 de March de 2026","format":false,"excerpt":"O final de semana chegou e n\u00e3o faltam op\u00e7\u00f5es para aproveitar em Ribeir\u00e3o Preto e regi\u00e3o. Tem shows sertanejos, feira de brech\u00f3s, teatro e apresenta\u00e7\u00f5es de com\u00e9dia para todos os gostos. Confira a agenda cultural Cravinhos Rodeio Show O munic\u00edpio de Cravinhos celebra 150 anos com programa\u00e7\u00e3o especial e shows\u2026","rel":"","context":"In &quot;Not\u00edcias de Ribeir\u00e3o Preto-SP e Regi\u00e3o&quot;","block_context":{"text":"Not\u00edcias de Ribeir\u00e3o Preto-SP e Regi\u00e3o","link":"https:\/\/noticiasribeiraopreto.com.br\/index.php\/category\/noticias-de-ribeirao-preto-sp-e-regiao-ismael-colosi\/"},"img":{"alt_text":"","src":"https:\/\/i0.wp.com\/noticiasribeiraopreto.com.br\/wp-content\/uploads\/2026\/03\/domingo-2_2026-03-20_15-01-33.webp.webp?fit=1200%2C675&ssl=1&resize=350%2C200","width":350,"height":200,"srcset":"https:\/\/i0.wp.com\/noticiasribeiraopreto.com.br\/wp-content\/uploads\/2026\/03\/domingo-2_2026-03-20_15-01-33.webp.webp?fit=1200%2C675&ssl=1&resize=350%2C200 1x, https:\/\/i0.wp.com\/noticiasribeiraopreto.com.br\/wp-content\/uploads\/2026\/03\/domingo-2_2026-03-20_15-01-33.webp.webp?fit=1200%2C675&ssl=1&resize=525%2C300 1.5x, https:\/\/i0.wp.com\/noticiasribeiraopreto.com.br\/wp-content\/uploads\/2026\/03\/domingo-2_2026-03-20_15-01-33.webp.webp?fit=1200%2C675&ssl=1&resize=700%2C400 2x, https:\/\/i0.wp.com\/noticiasribeiraopreto.com.br\/wp-content\/uploads\/2026\/03\/domingo-2_2026-03-20_15-01-33.webp.webp?fit=1200%2C675&ssl=1&resize=1050%2C600 3x"},"classes":[]},{"id":80135,"url":"https:\/\/noticiasribeiraopreto.com.br\/index.php\/2025\/11\/15\/ribeirao-preto-recebe-festival-da-cultura-geek-confira-a-programacao\/","url_meta":{"origin":83406,"position":1},"title":"Ribeir\u00e3o Preto recebe festival da cultura geek; Confira a programa\u00e7\u00e3o","author":"noticiasribeiraopreto.com.br","date":"15 de November de 2025","format":false,"excerpt":"A Secretaria da Cultura e Turismo de Ribeir\u00e3o Preto realiza o 1\u00ba Festival Ribeir\u00e3o Cultura Geek. O evento dedicado \u00e0 cultura pop, geek e japonesa tem entrada gratuita e acontece no parque Maur\u00edlio Biagi neste s\u00e1bado (15), a partir das 17h, e no domingo (16), a partir das 10h. Al\u00e9m\u2026","rel":"","context":"In &quot;Not\u00edcias de Ribeir\u00e3o Preto-SP e Regi\u00e3o&quot;","block_context":{"text":"Not\u00edcias de Ribeir\u00e3o Preto-SP e Regi\u00e3o","link":"https:\/\/noticiasribeiraopreto.com.br\/index.php\/category\/noticias-de-ribeirao-preto-sp-e-regiao-ismael-colosi\/"},"img":{"alt_text":"","src":"https:\/\/i0.wp.com\/noticiasribeiraopreto.com.br\/wp-content\/uploads\/2025\/07\/parque-maurilio-biagi_2025-07-22_13-13-00.webp.webp?fit=1200%2C800&ssl=1&resize=350%2C200","width":350,"height":200,"srcset":"https:\/\/i0.wp.com\/noticiasribeiraopreto.com.br\/wp-content\/uploads\/2025\/07\/parque-maurilio-biagi_2025-07-22_13-13-00.webp.webp?fit=1200%2C800&ssl=1&resize=350%2C200 1x, https:\/\/i0.wp.com\/noticiasribeiraopreto.com.br\/wp-content\/uploads\/2025\/07\/parque-maurilio-biagi_2025-07-22_13-13-00.webp.webp?fit=1200%2C800&ssl=1&resize=525%2C300 1.5x, https:\/\/i0.wp.com\/noticiasribeiraopreto.com.br\/wp-content\/uploads\/2025\/07\/parque-maurilio-biagi_2025-07-22_13-13-00.webp.webp?fit=1200%2C800&ssl=1&resize=700%2C400 2x, https:\/\/i0.wp.com\/noticiasribeiraopreto.com.br\/wp-content\/uploads\/2025\/07\/parque-maurilio-biagi_2025-07-22_13-13-00.webp.webp?fit=1200%2C800&ssl=1&resize=1050%2C600 3x"},"classes":[]},{"id":80080,"url":"https:\/\/noticiasribeiraopreto.com.br\/index.php\/2025\/11\/14\/whindersson-nunes-desfile-pet-e-festival-geek-veja-opcoes-para-curtir-o-fim-de-semana-em-ribeirao-preto\/","url_meta":{"origin":83406,"position":2},"title":"Whindersson Nunes, desfile Pet e festival geek: veja op\u00e7\u00f5es para curtir o fim de semana em Ribeir\u00e3o Preto","author":"noticiasribeiraopreto.com.br","date":"14 de November de 2025","format":false,"excerpt":"Ribeir\u00e3o Preto conta com diversas op\u00e7\u00f5es para quem deseja aproveitar o fim de semana com os amigos e a fam\u00edlia. A agenda cultural recebe o stand-up de Whindersson Nunes, desfile de pet e concerto de Natal. Confira tudo abaixo. Whindersson Nunes Whindersson Nunes apresenta neste s\u00e1bado (15), o stand-up \u201cIsso\u2026","rel":"","context":"In &quot;Not\u00edcias de Ribeir\u00e3o Preto-SP e Regi\u00e3o&quot;","block_context":{"text":"Not\u00edcias de Ribeir\u00e3o Preto-SP e Regi\u00e3o","link":"https:\/\/noticiasribeiraopreto.com.br\/index.php\/category\/noticias-de-ribeirao-preto-sp-e-regiao-ismael-colosi\/"},"img":{"alt_text":"","src":"https:\/\/i0.wp.com\/noticiasribeiraopreto.com.br\/wp-content\/uploads\/2025\/08\/Copia-de-Copia-de-TAMANHO-EXATO-PARA-FOTOS-NO-SISTEMA-NOVO-87_2024-06-20_19-27-32_png_2024-06-20_19-27-32.webp.webp?fit=1200%2C675&ssl=1&resize=350%2C200","width":350,"height":200,"srcset":"https:\/\/i0.wp.com\/noticiasribeiraopreto.com.br\/wp-content\/uploads\/2025\/08\/Copia-de-Copia-de-TAMANHO-EXATO-PARA-FOTOS-NO-SISTEMA-NOVO-87_2024-06-20_19-27-32_png_2024-06-20_19-27-32.webp.webp?fit=1200%2C675&ssl=1&resize=350%2C200 1x, https:\/\/i0.wp.com\/noticiasribeiraopreto.com.br\/wp-content\/uploads\/2025\/08\/Copia-de-Copia-de-TAMANHO-EXATO-PARA-FOTOS-NO-SISTEMA-NOVO-87_2024-06-20_19-27-32_png_2024-06-20_19-27-32.webp.webp?fit=1200%2C675&ssl=1&resize=525%2C300 1.5x, https:\/\/i0.wp.com\/noticiasribeiraopreto.com.br\/wp-content\/uploads\/2025\/08\/Copia-de-Copia-de-TAMANHO-EXATO-PARA-FOTOS-NO-SISTEMA-NOVO-87_2024-06-20_19-27-32_png_2024-06-20_19-27-32.webp.webp?fit=1200%2C675&ssl=1&resize=700%2C400 2x, https:\/\/i0.wp.com\/noticiasribeiraopreto.com.br\/wp-content\/uploads\/2025\/08\/Copia-de-Copia-de-TAMANHO-EXATO-PARA-FOTOS-NO-SISTEMA-NOVO-87_2024-06-20_19-27-32_png_2024-06-20_19-27-32.webp.webp?fit=1200%2C675&ssl=1&resize=1050%2C600 3x"},"classes":[]},{"id":79957,"url":"https:\/\/noticiasribeiraopreto.com.br\/index.php\/2025\/11\/11\/parque-de-ribeirao-preto-recebe-desfile-cosplay-para-animais-no-final-de-semana\/","url_meta":{"origin":83406,"position":3},"title":"Parque de Ribeir\u00e3o Preto recebe desfile cosplay para animais no final de semana","author":"noticiasribeiraopreto.com.br","date":"11 de November de 2025","format":false,"excerpt":"O Parque Maur\u00edlio Biagi recebe neste domingo (16), \u00e0s 10h, o Desfile Cosplay Fofo Pet, parte da programa\u00e7\u00e3o do 1\u00ba Festival Cultura Geek em Ribeir\u00e3o Preto. Aberto a todas as esp\u00e9cies \u2014 c\u00e3es, gatos, aves, roedores, r\u00e9pteis, peixes ornamentais e outros companheiros \u2014 o desfile convida tutores e animais de\u2026","rel":"","context":"In &quot;Not\u00edcias de Ribeir\u00e3o Preto-SP e Regi\u00e3o&quot;","block_context":{"text":"Not\u00edcias de Ribeir\u00e3o Preto-SP e Regi\u00e3o","link":"https:\/\/noticiasribeiraopreto.com.br\/index.php\/category\/noticias-de-ribeirao-preto-sp-e-regiao-ismael-colosi\/"},"img":{"alt_text":"","src":"https:\/\/i0.wp.com\/noticiasribeiraopreto.com.br\/wp-content\/uploads\/2025\/11\/party-dog_2025-11-11_21-19-11.webp.webp?fit=1200%2C1200&ssl=1&resize=350%2C200","width":350,"height":200,"srcset":"https:\/\/i0.wp.com\/noticiasribeiraopreto.com.br\/wp-content\/uploads\/2025\/11\/party-dog_2025-11-11_21-19-11.webp.webp?fit=1200%2C1200&ssl=1&resize=350%2C200 1x, https:\/\/i0.wp.com\/noticiasribeiraopreto.com.br\/wp-content\/uploads\/2025\/11\/party-dog_2025-11-11_21-19-11.webp.webp?fit=1200%2C1200&ssl=1&resize=525%2C300 1.5x, https:\/\/i0.wp.com\/noticiasribeiraopreto.com.br\/wp-content\/uploads\/2025\/11\/party-dog_2025-11-11_21-19-11.webp.webp?fit=1200%2C1200&ssl=1&resize=700%2C400 2x, https:\/\/i0.wp.com\/noticiasribeiraopreto.com.br\/wp-content\/uploads\/2025\/11\/party-dog_2025-11-11_21-19-11.webp.webp?fit=1200%2C1200&ssl=1&resize=1050%2C600 3x"},"classes":[]},{"id":53584,"url":"https:\/\/noticiasribeiraopreto.com.br\/index.php\/2024\/06\/21\/raimundos-e-encontro-de-fuscas-veja-a-programacao-do-fim-de-semana-em-ribeirao\/","url_meta":{"origin":83406,"position":4},"title":"Raimundos e Encontro de Fuscas: Veja a programa\u00e7\u00e3o do fim de semana em Ribeir\u00e3o","author":"noticiasribeiraopreto.com.br","date":"21 de June de 2024","format":false,"excerpt":"A programa\u00e7\u00e3o cultural deste fim de semana em Ribeir\u00e3o Preto recebe atividades para toda curtir com a fam\u00edlia e amigos, al\u00e9m de diversos eventos gratuitos. Entre os destaques est\u00e3o: Show dos Raimundos e Encontro de Fuscas. Confira o que fazer neste fim de semana em Ribeir\u00e3o Preto: Raimundos A banda\u2026","rel":"","context":"In &quot;Not\u00edcias de Ribeir\u00e3o Preto-SP e Regi\u00e3o&quot;","block_context":{"text":"Not\u00edcias de Ribeir\u00e3o Preto-SP e Regi\u00e3o","link":"https:\/\/noticiasribeiraopreto.com.br\/index.php\/category\/noticias-de-ribeirao-preto-sp-e-regiao-ismael-colosi\/"},"img":{"alt_text":"","src":"https:\/\/i0.wp.com\/noticiasribeiraopreto.com.br\/wp-content\/uploads\/2024\/06\/Copia-de-Copia-de-TAMANHO-EXATO-PARA-FOTOS-NO-SISTEMA-NOVO-15_2024-06-21_12-55-47_jpg_2024-06-21_12-55-47.webp.webp?fit=1200%2C675&ssl=1&resize=350%2C200","width":350,"height":200,"srcset":"https:\/\/i0.wp.com\/noticiasribeiraopreto.com.br\/wp-content\/uploads\/2024\/06\/Copia-de-Copia-de-TAMANHO-EXATO-PARA-FOTOS-NO-SISTEMA-NOVO-15_2024-06-21_12-55-47_jpg_2024-06-21_12-55-47.webp.webp?fit=1200%2C675&ssl=1&resize=350%2C200 1x, https:\/\/i0.wp.com\/noticiasribeiraopreto.com.br\/wp-content\/uploads\/2024\/06\/Copia-de-Copia-de-TAMANHO-EXATO-PARA-FOTOS-NO-SISTEMA-NOVO-15_2024-06-21_12-55-47_jpg_2024-06-21_12-55-47.webp.webp?fit=1200%2C675&ssl=1&resize=525%2C300 1.5x, https:\/\/i0.wp.com\/noticiasribeiraopreto.com.br\/wp-content\/uploads\/2024\/06\/Copia-de-Copia-de-TAMANHO-EXATO-PARA-FOTOS-NO-SISTEMA-NOVO-15_2024-06-21_12-55-47_jpg_2024-06-21_12-55-47.webp.webp?fit=1200%2C675&ssl=1&resize=700%2C400 2x, https:\/\/i0.wp.com\/noticiasribeiraopreto.com.br\/wp-content\/uploads\/2024\/06\/Copia-de-Copia-de-TAMANHO-EXATO-PARA-FOTOS-NO-SISTEMA-NOVO-15_2024-06-21_12-55-47_jpg_2024-06-21_12-55-47.webp.webp?fit=1200%2C675&ssl=1&resize=1050%2C600 3x"},"classes":[]},{"id":73253,"url":"https:\/\/noticiasribeiraopreto.com.br\/index.php\/2025\/06\/27\/ribeirao-preto-recebe-6a-edicao-de-festival-pe-na-porta-neste-final-de-semana\/","url_meta":{"origin":83406,"position":5},"title":"Ribeir\u00e3o Preto recebe 6\u00aa edi\u00e7\u00e3o de &#8216;Festival P\u00e9 na Porta&#8217; neste final de semana","author":"noticiasribeiraopreto.com.br","date":"27 de June de 2025","format":false,"excerpt":"O Teatro de Arena de Ribeir\u00e3o Preto recebe neste domingo (29), a partir das 15h, a 6\u00aa edi\u00e7\u00e3o do Festival P\u00e9 na Porta, que celebra a m\u00fasica independente e cultural local. A entrada \u00e9 gratuita e haver\u00e1 arrecada\u00e7\u00e3o de um quilo de alimento n\u00e3o perec\u00edvel. A programa\u00e7\u00e3o oferece mais de\u2026","rel":"","context":"In &quot;Not\u00edcias de Ribeir\u00e3o Preto-SP e Regi\u00e3o&quot;","block_context":{"text":"Not\u00edcias de Ribeir\u00e3o Preto-SP e Regi\u00e3o","link":"https:\/\/noticiasribeiraopreto.com.br\/index.php\/category\/noticias-de-ribeirao-preto-sp-e-regiao-ismael-colosi\/"},"img":{"alt_text":"","src":"https:\/\/i0.wp.com\/noticiasribeiraopreto.com.br\/wp-content\/uploads\/2025\/06\/show_2025-06-27_15-01-23.webp.webp?fit=1200%2C804&ssl=1&resize=350%2C200","width":350,"height":200,"srcset":"https:\/\/i0.wp.com\/noticiasribeiraopreto.com.br\/wp-content\/uploads\/2025\/06\/show_2025-06-27_15-01-23.webp.webp?fit=1200%2C804&ssl=1&resize=350%2C200 1x, https:\/\/i0.wp.com\/noticiasribeiraopreto.com.br\/wp-content\/uploads\/2025\/06\/show_2025-06-27_15-01-23.webp.webp?fit=1200%2C804&ssl=1&resize=525%2C300 1.5x, https:\/\/i0.wp.com\/noticiasribeiraopreto.com.br\/wp-content\/uploads\/2025\/06\/show_2025-06-27_15-01-23.webp.webp?fit=1200%2C804&ssl=1&resize=700%2C400 2x, https:\/\/i0.wp.com\/noticiasribeiraopreto.com.br\/wp-content\/uploads\/2025\/06\/show_2025-06-27_15-01-23.webp.webp?fit=1200%2C804&ssl=1&resize=1050%2C600 3x"},"classes":[]}],"jetpack_sharing_enabled":true,"jetpack_shortlink":"https:\/\/wp.me\/peQAOb-lHg","_links":{"self":[{"href":"https:\/\/noticiasribeiraopreto.com.br\/index.php\/wp-json\/wp\/v2\/posts\/83406","targetHints":{"allow":["GET"]}}],"collection":[{"href":"https:\/\/noticiasribeiraopreto.com.br\/index.php\/wp-json\/wp\/v2\/posts"}],"about":[{"href":"https:\/\/noticiasribeiraopreto.com.br\/index.php\/wp-json\/wp\/v2\/types\/post"}],"author":[{"embeddable":true,"href":"https:\/\/noticiasribeiraopreto.com.br\/index.php\/wp-json\/wp\/v2\/users\/1"}],"replies":[{"embeddable":true,"href":"https:\/\/noticiasribeiraopreto.com.br\/index.php\/wp-json\/wp\/v2\/comments?post=83406"}],"version-history":[{"count":0,"href":"https:\/\/noticiasribeiraopreto.com.br\/index.php\/wp-json\/wp\/v2\/posts\/83406\/revisions"}],"wp:featuredmedia":[{"embeddable":true,"href":"https:\/\/noticiasribeiraopreto.com.br\/index.php\/wp-json\/wp\/v2\/media\/83407"}],"wp:attachment":[{"href":"https:\/\/noticiasribeiraopreto.com.br\/index.php\/wp-json\/wp\/v2\/media?parent=83406"}],"wp:term":[{"taxonomy":"category","embeddable":true,"href":"https:\/\/noticiasribeiraopreto.com.br\/index.php\/wp-json\/wp\/v2\/categories?post=83406"},{"taxonomy":"post_tag","embeddable":true,"href":"https:\/\/noticiasribeiraopreto.com.br\/index.php\/wp-json\/wp\/v2\/tags?post=83406"}],"curies":[{"name":"wp","href":"https:\/\/api.w.org\/{rel}","templated":true}]}}