{"id":8398,"date":"2023-11-29T15:31:13","date_gmt":"2023-11-29T18:31:13","guid":{"rendered":"https:\/\/noticiasribeiraopreto.com.br\/index.php\/2023\/11\/29\/gcms-sao-inocentados-e-funkeiro-sera-investigado\/"},"modified":"2023-11-29T15:31:13","modified_gmt":"2023-11-29T18:31:13","slug":"gcms-sao-inocentados-e-funkeiro-sera-investigado","status":"publish","type":"post","link":"https:\/\/noticiasribeiraopreto.com.br\/index.php\/2023\/11\/29\/gcms-sao-inocentados-e-funkeiro-sera-investigado\/","title":{"rendered":"GCMs s\u00e3o inocentados e funkeiro ser\u00e1 investigado"},"content":{"rendered":"<div class='code-block code-block-1' style='margin: 8px 0 8px auto; text-align: right; display: block; clear: both;'>\n<p><a href=\"https:\/\/wa.link\/vpicfd\"><img data-recalc-dims=\"1\" class=\"wp-image-4922\" style=\"aspect-ratio: 2.0253164556962027; width: 561px; height: auto;\" src=\"https:\/\/i0.wp.com\/ismaelcolosi.com.br\/wp-content\/uploads\/2023\/11\/grupo-de-empregos-whatsapp-e-facebook-ismael-colosi-vagas.jpg?ssl=1\" alt=\"\" \/><\/a><\/p>\n<!-- \/wp:image -->\n<\/div>\n<p> <br \/>\n<\/p>\n<div id=\"\">\n<h2 class=\"penci-post-subtitle\">Guardas civis de Ribeir\u00e3o Preto eram acusados de extors\u00e3o pelo artista e defesa dos agentes entrou com a\u00e7\u00e3o criminal contra MC Misa<\/h2>\n<p> <span class=\"entry-meta-item penci-posted-on\"><i class=\"fa fa-clock-o\"\/><time class=\"entry-date published\" datetime=\"2023-11-29T15:31:13-03:00\">29 de novembro de 2023 | 15:31<\/time><time class=\"updated\" datetime=\"2023-11-29T16:03:26-03:00\">29 de novembro de 2023 | 16:03<\/time><\/span><\/p>\n<p> <span class=\"penci-social-buttons penci-social-share-footer\"><a href=\"#\" class=\"penci-post-like penci_post-meta_item  single-like-button penci-social-item like\" data-post_id=\"365677\" title=\"Like\" data-like=\"Like\" data-unlike=\"Unlike\"><i class=\"fa fa-thumbs-o-up\"\/><span class=\"penci-share-number\">2<\/span><\/a><i class=\"fa fa-facebook\"\/><a class=\"penci-social-item twitter\" target=\"_blank\" rel=\"noopener\" title=\"\" href=\"https:\/\/twitter.com\/intent\/tweet?text=GCMs%20s\u00e3o%20inocentados%20e%20funkeiro%20ser\u00e1%20investigado%20-%20https:\/\/www.tribunaribeirao.com.br\/site\/gcms-sao-inocentados-e-funkeiro-sera-investigado\/\"><i class=\"fa fa-twitter\"\/><\/a><i class=\"fa fa-whatsapp\"\/><\/span><\/div>\n<div>\n<p>Por: Adalberto Luque<\/p>\n<p>A Justi\u00e7a inocentou os guardas civis metropolitanos de Ribeir\u00e3o Preto, Rodrigo Francisco Andrade, de 46 anos e Misael Fernandes da Silva, de 40 anos, pelo crime de extors\u00e3o pelo qual eram acusados. O funkeiro Misael Rangel da Silva e Souza, o MC Misa, de 28 anos, afirmava \u00e0 \u00e9poca que havia sido extorquido e amea\u00e7ado pelos agentes em fun\u00e7\u00e3o de uma d\u00edvida de R$ 8 mil e que os guardas civis exigiam R$ 30 mil.<\/p>\n<p>Os GCMs chegaram a ser presos, no dia 31 de julho. A partir da den\u00fancia formulada pelo funkeiro, a Pol\u00edcia Civil montou uma opera\u00e7\u00e3o com viaturas descaracterizadas. Quando os GCMs chegaram, os policiais civis fizeram a abordagem. Um deles estava com duas armas de uso permitido, uma das quais da Corpora\u00e7\u00e3o municipal.<\/p>\n<p>Eles foram presos em flagrante e levados para a Central de Pol\u00edcia Judici\u00e1ria (CPJ), onde, ap\u00f3s os depoimentos, foram encaminhados para uma unidade prisional. A Corregedoria Geral do Munic\u00edpio abriu dois processos administrativos para investigar a conduta dos guardas civis metropolitanos, acusados de tentar extorquir R$ 30 mil do funkeiro.<\/p>\n<p>O advogado de defesa, Homero Tranquilli, disse que realizou um trabalho intenso, inclusive buscando casos criminais onde o MC Misa figurasse, para anexar ao processo. O Minist\u00e9rio P\u00fablico de S\u00e3o Paulo (MPSP) entendeu que n\u00e3o ficou caracterizada extors\u00e3o e o Tribunal de Justi\u00e7a de S\u00e3o Paulo (TJSP) absolveu os dois GCMs. Com o tr\u00e2nsito em Julgado, a defesa pretende tomar outras provid\u00eancias nas \u00e1reas criminal e c\u00edvel contra o funkeiro, que na sua avalia\u00e7\u00e3o, seria um profissional no estelionato, envolvendo at\u00e9 mesmo a Pol\u00edcia Civil em sua mentira.<\/p>\n<figure id=\"attachment_365691\" aria-describedby=\"caption-attachment-365691\" style=\"width: 936px\" class=\"wp-caption alignnone\"><noscript><img data-recalc-dims=\"1\" loading=\"lazy\" decoding=\"async\" class=\"size-full wp-image-365691\" src=\"https:\/\/i0.wp.com\/www.tribunaribeirao.com.br\/site\/wp-content\/uploads\/2023\/11\/00-29-nov-2023-gcms-inocentados-mc-misa-foto-reproducao-eptv.jpg?resize=936%2C620&#038;ssl=1\" alt=\"\" width=\"936\" height=\"620\" srcset=\"https:\/\/www.tribunaribeirao.com.br\/site\/wp-content\/uploads\/2023\/11\/00-29-nov-2023-gcms-inocentados-mc-misa-foto-reproducao-eptv.jpg 936w, https:\/\/www.tribunaribeirao.com.br\/site\/wp-content\/uploads\/2023\/11\/00-29-nov-2023-gcms-inocentados-mc-misa-foto-reproducao-eptv-300x199.jpg 300w, https:\/\/www.tribunaribeirao.com.br\/site\/wp-content\/uploads\/2023\/11\/00-29-nov-2023-gcms-inocentados-mc-misa-foto-reproducao-eptv-768x509.jpg 768w, https:\/\/www.tribunaribeirao.com.br\/site\/wp-content\/uploads\/2023\/11\/00-29-nov-2023-gcms-inocentados-mc-misa-foto-reproducao-eptv-280x186.jpg 280w, https:\/\/www.tribunaribeirao.com.br\/site\/wp-content\/uploads\/2023\/11\/00-29-nov-2023-gcms-inocentados-mc-misa-foto-reproducao-eptv-604x400.jpg 604w, https:\/\/www.tribunaribeirao.com.br\/site\/wp-content\/uploads\/2023\/11\/00-29-nov-2023-gcms-inocentados-mc-misa-foto-reproducao-eptv-585x388.jpg 585w\" sizes=\"auto, (max-width: 936px) 100vw, 936px\"\/><\/noscript><figcaption id=\"caption-attachment-365691\" class=\"wp-caption-text\">MC Misa ser\u00e1 denunciado pela defesa dos guardas civis, inclusive em caso de peruano que seria extorquido pelo funkeiro (Foto: Reprodu\u00e7\u00e3o\/EPTV)<\/figcaption><\/figure>\n<p>\u201cOs GCMs responderam presos o processo, foram exatos 109 dias. Os fatos come\u00e7aram a mudar quando n\u00f3s, da defesa de Misael Fernandes, trouxemos aos autos uma representa\u00e7\u00e3o Criminal de um peruano que veio a trabalho para Ribeir\u00e3o Preto e foi v\u00edtima de estelionato e extors\u00e3o da ent\u00e3o vitima Misael Rangel. A partir da\u00ed fizemos uma busca em todos os Tribunais de Justi\u00e7a do Brasil e encontramos in\u00fameros casos criminais envolvendo Rangel, dentre eles contra uma Promotora de Justi\u00e7a de Balne\u00e1rio Cambori\u00fa\/SC, que foi nossa testemunha na instru\u00e7\u00e3o criminal desse processo. Agora que a verdade veio \u00e0 tona e conseguimos inverter as posi\u00e7\u00f5es de acusados e v\u00edtima, iremos buscar primeiro a reintegra\u00e7\u00e3o dos guardas em seus cargos, e ap\u00f3s, representar o MC Misael Rangel por denuncia\u00e7\u00e3o caluniosa, com pena que varia entre 2 a 8 anos de reclus\u00e3o\u201d, explicou Tranquilli.<\/p>\n<p>A GCM de Ribeir\u00e3o Preto se manifestou atrav\u00e9s de nota. \u201cA Guarda Civil Metropolitana informa que os GCMs foram inocentados das acusa\u00e7\u00f5es e retomar\u00e3o suas fun\u00e7\u00f5es assim que se apresentarem.\u201d<\/p>\n<p>A reportagem n\u00e3o conseguiu contato com o funkeiro Misael Rangel da Silva e Souza, o MC Misa, mas est\u00e1 \u00e0 disposi\u00e7\u00e3o caso ele queira se manifestar.<\/p>\n<\/div>\n<p><script async src=\"\/\/platform.twitter.com\/widgets.js\" charset=\"utf-8\"><\/script><br \/>\n<br \/><br \/>\n<br \/><a href=\"https:\/\/www.tribunaribeirao.com.br\/site\/gcms-sao-inocentados-e-funkeiro-sera-investigado\/\">Source link <\/a><\/p>\n<!-- CONTENT END 1 -->\n","protected":false},"excerpt":{"rendered":"<p>Guardas civis de Ribeir\u00e3o Preto eram acusados de extors\u00e3o pelo artista e defesa dos agentes entrou com a\u00e7\u00e3o criminal contra MC Misa 29 de novembro&#8230;<\/p>\n","protected":false},"author":1,"featured_media":8399,"comment_status":"open","ping_status":"open","sticky":false,"template":"","format":"standard","meta":{"advanced_seo_description":"","jetpack_seo_html_title":"","jetpack_seo_noindex":false,"jetpack_post_was_ever_published":false,"_jetpack_newsletter_access":"","_jetpack_dont_email_post_to_subs":false,"_jetpack_newsletter_tier_id":0,"_jetpack_memberships_contains_paywalled_content":false,"_jetpack_memberships_contains_paid_content":false,"footnotes":"","jetpack_publicize_message":"","jetpack_publicize_feature_enabled":true,"jetpack_social_post_already_shared":true,"jetpack_social_options":{"image_generator_settings":{"template":"highway","default_image_id":0,"font":"","enabled":false},"version":2}},"categories":[11],"tags":[1104,1102,1103,133,50,172],"class_list":["post-8398","post","type-post","status-publish","format-standard","has-post-thumbnail","hentry","category-noticias-de-ribeirao-preto-sp-e-regiao-ismael-colosi","tag-funkeiro","tag-gcms","tag-inocentados","tag-investigado","tag-sao","tag-sera"],"jetpack_publicize_connections":[],"jetpack_featured_media_url":"https:\/\/i0.wp.com\/noticiasribeiraopreto.com.br\/wp-content\/uploads\/2023\/11\/00-29-nov-2023-gcms-inocentados-foto-reproducao.jpg?fit=888%2C645&ssl=1","jetpack-related-posts":[{"id":79704,"url":"https:\/\/noticiasribeiraopreto.com.br\/index.php\/2025\/11\/06\/policia-e-guarda-civil-metropolitana-apreendem-r-258-mil-na-regiao-de-ribeirao-preto\/","url_meta":{"origin":8398,"position":0},"title":"Pol\u00edcia e Guarda Civil Metropolitana apreendem R$ 258 mil na regi\u00e3o de Ribeir\u00e3o Preto","author":"noticiasribeiraopreto.com.br","date":"6 de November de 2025","format":false,"excerpt":"6 de novembro de 2025 12:316 de novembro de 2025 12:320 Compartilhar0 A Pol\u00edcia Civil de Jardin\u00f3polis e a Guarda Civil Metropolitana (GCM) de Ribeir\u00e3o Preto apreenderam cerca de R$ 258 mil na manh\u00e3 desta quinta-feira (6) em uma resid\u00eancia no distrito de Juruc\u00ea ap\u00f3s o cumprimento de um mandado\u2026","rel":"","context":"In &quot;Not\u00edcias de Ribeir\u00e3o Preto-SP e Regi\u00e3o&quot;","block_context":{"text":"Not\u00edcias de Ribeir\u00e3o Preto-SP e Regi\u00e3o","link":"https:\/\/noticiasribeiraopreto.com.br\/index.php\/category\/noticias-de-ribeirao-preto-sp-e-regiao-ismael-colosi\/"},"img":{"alt_text":"","src":"https:\/\/i0.wp.com\/noticiasribeiraopreto.com.br\/wp-content\/uploads\/2025\/11\/WhatsApp-Image-2025-11-06-at-12.24.5102.jpeg?fit=960%2C768&ssl=1&resize=350%2C200","width":350,"height":200,"srcset":"https:\/\/i0.wp.com\/noticiasribeiraopreto.com.br\/wp-content\/uploads\/2025\/11\/WhatsApp-Image-2025-11-06-at-12.24.5102.jpeg?fit=960%2C768&ssl=1&resize=350%2C200 1x, https:\/\/i0.wp.com\/noticiasribeiraopreto.com.br\/wp-content\/uploads\/2025\/11\/WhatsApp-Image-2025-11-06-at-12.24.5102.jpeg?fit=960%2C768&ssl=1&resize=525%2C300 1.5x, https:\/\/i0.wp.com\/noticiasribeiraopreto.com.br\/wp-content\/uploads\/2025\/11\/WhatsApp-Image-2025-11-06-at-12.24.5102.jpeg?fit=960%2C768&ssl=1&resize=700%2C400 2x"},"classes":[]},{"id":51717,"url":"https:\/\/noticiasribeiraopreto.com.br\/index.php\/2024\/05\/29\/justica-autoriza-retomada-de-concurso-publico-para-gcm-de-ribeirao-preto\/","url_meta":{"origin":8398,"position":1},"title":"Justi\u00e7a autoriza retomada de concurso p\u00fablico para GCM de Ribeir\u00e3o Preto","author":"noticiasribeiraopreto.com.br","date":"29 de May de 2024","format":false,"excerpt":"A Justi\u00e7a autorizou que o concurso p\u00fablico para contrata\u00e7\u00e3o de 120 agentes da GCM (Guarda Civil Metropolitana) de Ribeir\u00e3o Preto seja retomado, ap\u00f3s suspens\u00e3o em 22 de agosto de 2023. A informa\u00e7\u00e3o foi publicada no Di\u00e1rio Oficial do Munic\u00edpio, do \u00faltimo dia 27. Em nota, a GCM informou que o\u2026","rel":"","context":"In &quot;Not\u00edcias de Ribeir\u00e3o Preto-SP e Regi\u00e3o&quot;","block_context":{"text":"Not\u00edcias de Ribeir\u00e3o Preto-SP e Regi\u00e3o","link":"https:\/\/noticiasribeiraopreto.com.br\/index.php\/category\/noticias-de-ribeirao-preto-sp-e-regiao-ismael-colosi\/"},"img":{"alt_text":"","src":"https:\/\/i0.wp.com\/noticiasribeiraopreto.com.br\/wp-content\/uploads\/2024\/05\/Copia-de-Copia-de-TAMANHO-EXATO-PARA-FOTOS-NO-SISTEMA-NOVO-60_2024-05-29_16-11-41_jpg_2024-05-29_16-11-41.webp.webp?fit=1200%2C675&ssl=1&resize=350%2C200","width":350,"height":200,"srcset":"https:\/\/i0.wp.com\/noticiasribeiraopreto.com.br\/wp-content\/uploads\/2024\/05\/Copia-de-Copia-de-TAMANHO-EXATO-PARA-FOTOS-NO-SISTEMA-NOVO-60_2024-05-29_16-11-41_jpg_2024-05-29_16-11-41.webp.webp?fit=1200%2C675&ssl=1&resize=350%2C200 1x, https:\/\/i0.wp.com\/noticiasribeiraopreto.com.br\/wp-content\/uploads\/2024\/05\/Copia-de-Copia-de-TAMANHO-EXATO-PARA-FOTOS-NO-SISTEMA-NOVO-60_2024-05-29_16-11-41_jpg_2024-05-29_16-11-41.webp.webp?fit=1200%2C675&ssl=1&resize=525%2C300 1.5x, https:\/\/i0.wp.com\/noticiasribeiraopreto.com.br\/wp-content\/uploads\/2024\/05\/Copia-de-Copia-de-TAMANHO-EXATO-PARA-FOTOS-NO-SISTEMA-NOVO-60_2024-05-29_16-11-41_jpg_2024-05-29_16-11-41.webp.webp?fit=1200%2C675&ssl=1&resize=700%2C400 2x, https:\/\/i0.wp.com\/noticiasribeiraopreto.com.br\/wp-content\/uploads\/2024\/05\/Copia-de-Copia-de-TAMANHO-EXATO-PARA-FOTOS-NO-SISTEMA-NOVO-60_2024-05-29_16-11-41_jpg_2024-05-29_16-11-41.webp.webp?fit=1200%2C675&ssl=1&resize=1050%2C600 3x"},"classes":[]},{"id":79706,"url":"https:\/\/noticiasribeiraopreto.com.br\/index.php\/2025\/11\/06\/policia-e-gcm-apreendem-r-258-mil-na-regiao\/","url_meta":{"origin":8398,"position":2},"title":"Pol\u00edcia e GCM apreendem R$ 258 mil na regi\u00e3o","author":"noticiasribeiraopreto.com.br","date":"6 de November de 2025","format":false,"excerpt":"6 de novembro de 2025 12:316 de novembro de 2025 12:4513 Compartilhar0 \u00a0 A Pol\u00edcia Civil de Jardin\u00f3polis e a Guarda Civil Metropolitana (GCM) de Ribeir\u00e3o Preto apreenderam cerca de R$ 258 mil na manh\u00e3 desta quinta-feira (6) em uma resid\u00eancia no distrito de Juruc\u00ea ap\u00f3s o cumprimento de um\u2026","rel":"","context":"In &quot;Not\u00edcias de Ribeir\u00e3o Preto-SP e Regi\u00e3o&quot;","block_context":{"text":"Not\u00edcias de Ribeir\u00e3o Preto-SP e Regi\u00e3o","link":"https:\/\/noticiasribeiraopreto.com.br\/index.php\/category\/noticias-de-ribeirao-preto-sp-e-regiao-ismael-colosi\/"},"img":{"alt_text":"","src":"https:\/\/i0.wp.com\/noticiasribeiraopreto.com.br\/wp-content\/uploads\/2025\/11\/1762444167_WhatsApp-Image-2025-11-06-at-12.24.5102.jpeg?fit=960%2C768&ssl=1&resize=350%2C200","width":350,"height":200,"srcset":"https:\/\/i0.wp.com\/noticiasribeiraopreto.com.br\/wp-content\/uploads\/2025\/11\/1762444167_WhatsApp-Image-2025-11-06-at-12.24.5102.jpeg?fit=960%2C768&ssl=1&resize=350%2C200 1x, https:\/\/i0.wp.com\/noticiasribeiraopreto.com.br\/wp-content\/uploads\/2025\/11\/1762444167_WhatsApp-Image-2025-11-06-at-12.24.5102.jpeg?fit=960%2C768&ssl=1&resize=525%2C300 1.5x, https:\/\/i0.wp.com\/noticiasribeiraopreto.com.br\/wp-content\/uploads\/2025\/11\/1762444167_WhatsApp-Image-2025-11-06-at-12.24.5102.jpeg?fit=960%2C768&ssl=1&resize=700%2C400 2x"},"classes":[]},{"id":8079,"url":"https:\/\/noticiasribeiraopreto.com.br\/index.php\/2023\/11\/29\/gcm-encontra-drogas-em-churrasqueira\/","url_meta":{"origin":8398,"position":3},"title":"GCM encontra drogas em \u201cchurrasqueira\u201d","author":"noticiasribeiraopreto.com.br","date":"29 de November de 2023","format":false,"excerpt":"Ap\u00f3s perseguir suspeito que conseguiu fugir, unidade do Canil vasculhou terreno e encontrou drogas escondidas 29 de novembro de 2023 | 12:15 0Por: Adalberto LuqueEm uma a\u00e7\u00e3o conjunta entre a Romu e o Canil, ambos da Guarda Civil Metropolitana (GCM) de Ribeir\u00e3o Preto, os agentes localizaram tijolos de maconha, por\u00e7\u00f5es\u2026","rel":"","context":"In &quot;Not\u00edcias de Ribeir\u00e3o Preto-SP e Regi\u00e3o&quot;","block_context":{"text":"Not\u00edcias de Ribeir\u00e3o Preto-SP e Regi\u00e3o","link":"https:\/\/noticiasribeiraopreto.com.br\/index.php\/category\/noticias-de-ribeirao-preto-sp-e-regiao-ismael-colosi\/"},"img":{"alt_text":"","src":"https:\/\/i0.wp.com\/noticiasribeiraopreto.com.br\/wp-content\/uploads\/2023\/11\/gcm-pequena-1.jpg?fit=822%2C525&ssl=1&resize=350%2C200","width":350,"height":200,"srcset":"https:\/\/i0.wp.com\/noticiasribeiraopreto.com.br\/wp-content\/uploads\/2023\/11\/gcm-pequena-1.jpg?fit=822%2C525&ssl=1&resize=350%2C200 1x, https:\/\/i0.wp.com\/noticiasribeiraopreto.com.br\/wp-content\/uploads\/2023\/11\/gcm-pequena-1.jpg?fit=822%2C525&ssl=1&resize=525%2C300 1.5x, https:\/\/i0.wp.com\/noticiasribeiraopreto.com.br\/wp-content\/uploads\/2023\/11\/gcm-pequena-1.jpg?fit=822%2C525&ssl=1&resize=700%2C400 2x"},"classes":[]},{"id":84377,"url":"https:\/\/noticiasribeiraopreto.com.br\/index.php\/2026\/04\/08\/camisetas-furtadas-em-loja-de-artigos-esportivos-sao-encontradas-em-ribeirao-preto\/","url_meta":{"origin":8398,"position":4},"title":"Camisetas furtadas em loja de artigos esportivos s\u00e3o encontradas em Ribeir\u00e3o Preto","author":"noticiasribeiraopreto.com.br","date":"8 de April de 2026","format":false,"excerpt":"00:00 A+ A- Ler o resumo da not\u00edcia \r GCM de Ribeir\u00e3o Preto recuperou camisetas furtadas de loja de artigos esportivos na City Ribeir\u00e3o.\r Furto ocorreu na madrugada de s\u00e1bado (4); recupera\u00e7\u00e3o foi nesta quarta-feira (8).\r Pelo menos cinco criminosos participaram do crime; mais de 300 camisetas eram de um\u2026","rel":"","context":"In &quot;Not\u00edcias de Ribeir\u00e3o Preto-SP e Regi\u00e3o&quot;","block_context":{"text":"Not\u00edcias de Ribeir\u00e3o Preto-SP e Regi\u00e3o","link":"https:\/\/noticiasribeiraopreto.com.br\/index.php\/category\/noticias-de-ribeirao-preto-sp-e-regiao-ismael-colosi\/"},"img":{"alt_text":"","src":"https:\/\/i0.wp.com\/noticiasribeiraopreto.com.br\/wp-content\/uploads\/2026\/04\/camisetas_2026-04-08_16-40-14.webp.webp?fit=1200%2C900&ssl=1&resize=350%2C200","width":350,"height":200,"srcset":"https:\/\/i0.wp.com\/noticiasribeiraopreto.com.br\/wp-content\/uploads\/2026\/04\/camisetas_2026-04-08_16-40-14.webp.webp?fit=1200%2C900&ssl=1&resize=350%2C200 1x, https:\/\/i0.wp.com\/noticiasribeiraopreto.com.br\/wp-content\/uploads\/2026\/04\/camisetas_2026-04-08_16-40-14.webp.webp?fit=1200%2C900&ssl=1&resize=525%2C300 1.5x, https:\/\/i0.wp.com\/noticiasribeiraopreto.com.br\/wp-content\/uploads\/2026\/04\/camisetas_2026-04-08_16-40-14.webp.webp?fit=1200%2C900&ssl=1&resize=700%2C400 2x, https:\/\/i0.wp.com\/noticiasribeiraopreto.com.br\/wp-content\/uploads\/2026\/04\/camisetas_2026-04-08_16-40-14.webp.webp?fit=1200%2C900&ssl=1&resize=1050%2C600 3x"},"classes":[]},{"id":53529,"url":"https:\/\/noticiasribeiraopreto.com.br\/index.php\/2024\/06\/20\/homem-acusado-de-abuso-sexual-e-preso-na-praca-xv-de-novembro-em-ribeirao-preto\/","url_meta":{"origin":8398,"position":5},"title":"Homem acusado de abuso sexual \u00e9 preso na Pra\u00e7a XV de Novembro em Ribeir\u00e3o Preto","author":"noticiasribeiraopreto.com.br","date":"20 de June de 2024","format":false,"excerpt":"Um homem foi preso nesta quinta-feira (20), acusado de abusar sexualmente de uma mulher na pra\u00e7a XV de Novembro, no Centro de Ribeir\u00e3o Preto. De acordo com a Guarda Civil Metropolitana (GCM), populares ouviram gritos de socorro pela pra\u00e7a e solicitaram o apoio da equipe que trabalha na base m\u00f3vel\u2026","rel":"","context":"In &quot;Not\u00edcias de Ribeir\u00e3o Preto-SP e Regi\u00e3o&quot;","block_context":{"text":"Not\u00edcias de Ribeir\u00e3o Preto-SP e Regi\u00e3o","link":"https:\/\/noticiasribeiraopreto.com.br\/index.php\/category\/noticias-de-ribeirao-preto-sp-e-regiao-ismael-colosi\/"},"img":{"alt_text":"","src":"https:\/\/i0.wp.com\/noticiasribeiraopreto.com.br\/wp-content\/uploads\/2024\/06\/praca_xv_1200x675_15062022115458.jpg?fit=1200%2C675&ssl=1&resize=350%2C200","width":350,"height":200,"srcset":"https:\/\/i0.wp.com\/noticiasribeiraopreto.com.br\/wp-content\/uploads\/2024\/06\/praca_xv_1200x675_15062022115458.jpg?fit=1200%2C675&ssl=1&resize=350%2C200 1x, https:\/\/i0.wp.com\/noticiasribeiraopreto.com.br\/wp-content\/uploads\/2024\/06\/praca_xv_1200x675_15062022115458.jpg?fit=1200%2C675&ssl=1&resize=525%2C300 1.5x, https:\/\/i0.wp.com\/noticiasribeiraopreto.com.br\/wp-content\/uploads\/2024\/06\/praca_xv_1200x675_15062022115458.jpg?fit=1200%2C675&ssl=1&resize=700%2C400 2x, https:\/\/i0.wp.com\/noticiasribeiraopreto.com.br\/wp-content\/uploads\/2024\/06\/praca_xv_1200x675_15062022115458.jpg?fit=1200%2C675&ssl=1&resize=1050%2C600 3x"},"classes":[]}],"jetpack_sharing_enabled":true,"jetpack_shortlink":"https:\/\/wp.me\/peQAOb-2bs","_links":{"self":[{"href":"https:\/\/noticiasribeiraopreto.com.br\/index.php\/wp-json\/wp\/v2\/posts\/8398","targetHints":{"allow":["GET"]}}],"collection":[{"href":"https:\/\/noticiasribeiraopreto.com.br\/index.php\/wp-json\/wp\/v2\/posts"}],"about":[{"href":"https:\/\/noticiasribeiraopreto.com.br\/index.php\/wp-json\/wp\/v2\/types\/post"}],"author":[{"embeddable":true,"href":"https:\/\/noticiasribeiraopreto.com.br\/index.php\/wp-json\/wp\/v2\/users\/1"}],"replies":[{"embeddable":true,"href":"https:\/\/noticiasribeiraopreto.com.br\/index.php\/wp-json\/wp\/v2\/comments?post=8398"}],"version-history":[{"count":0,"href":"https:\/\/noticiasribeiraopreto.com.br\/index.php\/wp-json\/wp\/v2\/posts\/8398\/revisions"}],"wp:featuredmedia":[{"embeddable":true,"href":"https:\/\/noticiasribeiraopreto.com.br\/index.php\/wp-json\/wp\/v2\/media\/8399"}],"wp:attachment":[{"href":"https:\/\/noticiasribeiraopreto.com.br\/index.php\/wp-json\/wp\/v2\/media?parent=8398"}],"wp:term":[{"taxonomy":"category","embeddable":true,"href":"https:\/\/noticiasribeiraopreto.com.br\/index.php\/wp-json\/wp\/v2\/categories?post=8398"},{"taxonomy":"post_tag","embeddable":true,"href":"https:\/\/noticiasribeiraopreto.com.br\/index.php\/wp-json\/wp\/v2\/tags?post=8398"}],"curies":[{"name":"wp","href":"https:\/\/api.w.org\/{rel}","templated":true}]}}