{"id":84088,"date":"2026-04-01T13:17:02","date_gmt":"2026-04-01T16:17:02","guid":{"rendered":"https:\/\/noticiasribeiraopreto.com.br\/index.php\/2026\/04\/01\/fim-da-declaracao-do-imposto-de-renda-entenda-proposta-do-ministro-da-fazenda\/"},"modified":"2026-04-01T13:17:02","modified_gmt":"2026-04-01T16:17:02","slug":"fim-da-declaracao-do-imposto-de-renda-entenda-proposta-do-ministro-da-fazenda","status":"publish","type":"post","link":"https:\/\/noticiasribeiraopreto.com.br\/index.php\/2026\/04\/01\/fim-da-declaracao-do-imposto-de-renda-entenda-proposta-do-ministro-da-fazenda\/","title":{"rendered":"Fim da declara\u00e7\u00e3o do Imposto de Renda? entenda proposta do ministro da Fazenda"},"content":{"rendered":"<div class='code-block code-block-1' style='margin: 8px 0 8px auto; text-align: right; display: block; clear: both;'>\n<p><a href=\"https:\/\/wa.link\/vpicfd\"><img data-recalc-dims=\"1\" class=\"wp-image-4922\" style=\"aspect-ratio: 2.0253164556962027; width: 561px; height: auto;\" src=\"https:\/\/i0.wp.com\/ismaelcolosi.com.br\/wp-content\/uploads\/2023\/11\/grupo-de-empregos-whatsapp-e-facebook-ismael-colosi-vagas.jpg?ssl=1\" alt=\"\" \/><\/a><\/p>\n<!-- \/wp:image -->\n<\/div>\n<p> <br \/>\n<\/p>\n<div id=\"dsoaudio\">\n<div class=\"oknexcerpt resumo-noticia\">\n\t\t\t\t\t\t\t<button class=\"resumo-noticia__btn\" aria-expanded=\"false\" aria-controls=\"resumo-noticia-content\"><br \/>\n\t\t\t\t\t\t\t\t<span class=\"resumo-noticia__btn-text\">Ler o resumo da not\u00edcia<\/span><br \/>\n\t\t\t\t\t\t\t\t<svg xmlns=\"http:\/\/www.w3.org\/2000\/svg\" class=\"resumo-noticia__btn-icon\" width=\"24\" height=\"24\" viewbox=\"0 0 24 24\" fill=\"none\">\n\t\t\t\t\t\t\t\t\t<path d=\"M7.41 8.59L12 13.17L16.59 8.59L18 10L12 16L6 10L7.41 8.59Z\" fill=\"#196AA9\"\/>\n\t\t\t\t\t\t\t\t<\/svg><br \/>\n\t\t\t\t\t\t\t<\/button><\/p>\n<div class=\"resumo-noticia__content\" id=\"resumo-noticia-content\" style=\"max-height: 0px;\">\n<div class=\"resumo-noticia__content-inner\">\n<ul>\n<li>Ministro da Fazenda pediu \u00e0 Receita Federal que informatize o sistema para eliminar a declara\u00e7\u00e3o anual do Imposto de Renda.<\/li>\n<li>Proposta integra dados de bancos, empresas e planos de sa\u00fade para que contribuintes apenas validem informa\u00e7\u00f5es pr\u00e9-preenchidas.<\/li>\n<li>Modelo \u00e9 evolu\u00e7\u00e3o da declara\u00e7\u00e3o pr\u00e9-preenchida, que j\u00e1 atinge cerca de 60% dos contribuintes.<\/li>\n<li>Objetivo \u00e9 reduzir a burocracia no pa\u00eds e avan\u00e7ar para uma economia de inova\u00e7\u00e3o, segundo o ministro.<\/li>\n<\/ul><\/div>\n<\/p><\/div>\n<\/p><\/div>\n<p><button type=\"button\" title=\"Salvar mat\u00e9ria\" class=\"dso bookmark-injection bookmark-save\"><br \/>\n        <svg xmlns=\"http:\/\/www.w3.org\/2000\/svg\" width=\"20\" height=\"24\" viewbox=\"0 0 20 24\" fill=\"none\">\n            <path d=\"M1 23V1H19V23L10 15.6667L1 23Z\" stroke=\"black\" stroke-width=\"1.3\" stroke-linejoin=\"round\"\/>\n        <\/svg><br \/>\n    <\/button> <\/p>\n<p>O ministro da Fazenda,<strong> Dario Durigan<\/strong>, afirmou durante a reuni\u00e3o ministerial convocada pelo presidente da Rep\u00fablica,<strong> Luiz In\u00e1cio Lula da Silva (PT)<\/strong>, que pediu para a Receita Federal informatizar o sistema de declara\u00e7\u00e3o do Imposto de Renda para que os contribuintes deixem de fazer a declara\u00e7\u00e3o anual.<\/p>\n<p>\u201cEu tenho pedido para a Receita, \u00e9 que a gente construa um sistema, para logo, que a gente n\u00e3o precise declarar mais Imposto de Renda. Como n\u00f3s temos um Pa\u00eds informatizado, as informa\u00e7\u00f5es dos bancos, das empresas, do plano de sa\u00fade, isso tudo vai sendo colocado no sistema e a pessoa tem que validar, simplesmente. N\u00f3s temos que caminhar para isso, n\u00f3s temos que caminhar para um Pa\u00eds com menos burocracia\u201d, disse o ministro.<\/p>\n<h2 class=\"wp-block-heading\">Sistema autom\u00e1tico<\/h2>\n<p>A proposta prev\u00ea a integra\u00e7\u00e3o de dados j\u00e1 dispon\u00edveis em bases oficiais e privadas, como informa\u00e7\u00f5es banc\u00e1rias, registros de empresas e dados de planos de sa\u00fade. Com isso, o contribuinte passaria apenas a revisar e validar os dados apresentados pelo sistema.<\/p>\n<p>O modelo seria uma evolu\u00e7\u00e3o da declara\u00e7\u00e3o pr\u00e9-preenchida, que tem sido ampliada nos \u00faltimos anos e, segundo estimativas do Fisco, deve alcan\u00e7ar cerca de 60% dos contribuintes.<\/p>\n<figure class=\"wp-block-image size-large\"><img data-recalc-dims=\"1\" loading=\"lazy\" decoding=\"async\" width=\"1024\" height=\"613\" alt=\"imposto de renda 2026 03 20 12 43 21\" class=\"wp-image-149518\" title=\"Fim da declara\u00e7\u00e3o do Imposto de Renda? entenda proposta do ministro da Fazenda 1\" srcset=\"https:\/\/www.acidadeon.com\/ribeiraopreto\/wp-content\/uploads\/sites\/3\/2026\/03\/imposto-de-renda_2026-03-20_12-43-21-1024x613.webp 1024w, https:\/\/www.acidadeon.com\/ribeiraopreto\/wp-content\/uploads\/sites\/3\/2026\/03\/imposto-de-renda_2026-03-20_12-43-21-300x179.webp 300w, https:\/\/www.acidadeon.com\/ribeiraopreto\/wp-content\/uploads\/sites\/3\/2026\/03\/imposto-de-renda_2026-03-20_12-43-21-768x459.webp 768w, https:\/\/www.acidadeon.com\/ribeiraopreto\/wp-content\/uploads\/sites\/3\/2026\/03\/imposto-de-renda_2026-03-20_12-43-21-400x239.webp 400w, https:\/\/www.acidadeon.com\/ribeiraopreto\/wp-content\/uploads\/sites\/3\/2026\/03\/imposto-de-renda_2026-03-20_12-43-21-150x90.webp 150w, https:\/\/www.acidadeon.com\/ribeiraopreto\/wp-content\/uploads\/sites\/3\/2026\/03\/imposto-de-renda_2026-03-20_12-43-21.webp 1170w\" data-lazy-sizes=\"(max-width: 1024px) 100vw, 1024px\" src=\"https:\/\/i0.wp.com\/www.acidadeon.com\/ribeiraopreto\/wp-content\/uploads\/sites\/3\/2026\/03\/imposto-de-renda_2026-03-20_12-43-21-1024x613.webp?resize=1024%2C613&#038;ssl=1\"\/><img data-recalc-dims=\"1\" loading=\"lazy\" decoding=\"async\" width=\"1024\" height=\"613\" src=\"https:\/\/i0.wp.com\/www.acidadeon.com\/ribeiraopreto\/wp-content\/uploads\/sites\/3\/2026\/03\/imposto-de-renda_2026-03-20_12-43-21-1024x613.webp?resize=1024%2C613&#038;ssl=1\" alt=\"imposto de renda 2026 03 20 12 43 21\" class=\"wp-image-149518\" title=\"Fim da declara\u00e7\u00e3o do Imposto de Renda? entenda proposta do ministro da Fazenda 1\" srcset=\"https:\/\/www.acidadeon.com\/ribeiraopreto\/wp-content\/uploads\/sites\/3\/2026\/03\/imposto-de-renda_2026-03-20_12-43-21-1024x613.webp 1024w, https:\/\/www.acidadeon.com\/ribeiraopreto\/wp-content\/uploads\/sites\/3\/2026\/03\/imposto-de-renda_2026-03-20_12-43-21-300x179.webp 300w, https:\/\/www.acidadeon.com\/ribeiraopreto\/wp-content\/uploads\/sites\/3\/2026\/03\/imposto-de-renda_2026-03-20_12-43-21-768x459.webp 768w, https:\/\/www.acidadeon.com\/ribeiraopreto\/wp-content\/uploads\/sites\/3\/2026\/03\/imposto-de-renda_2026-03-20_12-43-21-400x239.webp 400w, https:\/\/www.acidadeon.com\/ribeiraopreto\/wp-content\/uploads\/sites\/3\/2026\/03\/imposto-de-renda_2026-03-20_12-43-21-150x90.webp 150w, https:\/\/www.acidadeon.com\/ribeiraopreto\/wp-content\/uploads\/sites\/3\/2026\/03\/imposto-de-renda_2026-03-20_12-43-21.webp 1170w\" sizes=\"auto, (max-width: 1024px) 100vw, 1024px\"\/><figcaption class=\"wp-element-caption\">Envio da declara\u00e7\u00e3o do Imposto de Renda segue at\u00e9 maio (Foto:  Rafa Neddermeyer\/Ag\u00eancia Brasil)<\/figcaption><\/figure>\n<h2 class=\"wp-block-heading\"><strong>Menos burocracia<\/strong><\/h2>\n<p>De acordo com Durigan, a mudan\u00e7a busca simplificar o sistema tribut\u00e1rio e reduzir a burocracia no pa\u00eds. O ministro tamb\u00e9m defendeu que o Brasil avance em dire\u00e7\u00e3o a um ambiente mais favor\u00e1vel \u00e0 inova\u00e7\u00e3o. \u201c\u00c9 preciso caminhar para um pa\u00eds com menos burocracia, para uma economia de inova\u00e7\u00e3o\u201d, completou.<\/p>\n<h2 class=\"wp-block-heading\"><strong>Mudan\u00e7a gradual<\/strong><\/h2>\n<p>Atualmente, a declara\u00e7\u00e3o pr\u00e9-preenchida j\u00e1 re\u00fane dados como rendimentos, bens, investimentos e dedu\u00e7\u00f5es. Ainda assim, a Receita Federal orienta os contribuintes a conferirem as informa\u00e7\u00f5es, j\u00e1 que os dados s\u00e3o fornecidos por terceiros.<\/p>\n<p>A proposta do governo \u00e9 ampliar gradualmente esse modelo at\u00e9 que o envio manual deixe de ser necess\u00e1rio (com informa\u00e7\u00f5es<strong> Gabriel de Sousa, Gabriel Hirabahasi e Mateus Maia\/Estad\u00e3o Conte\u00fado\/Wellton M\u00e1ximo\/Ag\u00eancia Brasil<\/strong>).<\/p>\n<p>SAIBA MAIS<br \/>Alerta laranja: Inmet prev\u00ea chuvas intensas em grande parte do estado de SP<\/p>\n<h2 class=\"wp-block-heading\"><strong>FIQUE ON<\/strong><\/h2>\n<p>Fique ligado em tudo que acontece em Ribeir\u00e3o Preto e regi\u00e3o. Siga os perfis do\u00a0<strong>acidade on<\/strong>\u00a0no<a href=\"https:\/\/www.instagram.com\/acidadeonribeirao\/\" target=\"_blank\" rel=\"noreferrer noopener\">\u00a0Instagram<\/a>\u00a0e no\u00a0<a href=\"https:\/\/www.facebook.com\/acidadeonribeirao\" target=\"_blank\" rel=\"noreferrer noopener\">Facebook<\/a>.<\/p>\n<p>Receba not\u00edcias do\u00a0acidade on\u00a0no WhatsApp. Para entrar no grupo,\u00a0basta\u00a0<a href=\"https:\/\/chat.whatsapp.com\/DfXwcjKVIddHUT3BvnQuPZ?mode=hqctshi\" target=\"_blank\" rel=\"noreferrer noopener\">clicar aqui<\/a>. Ou, acesse o nosso\u00a0Canal\u00a0<a href=\"https:\/\/whatsapp.com\/channel\/0029Vb6IQl1JENyAeS57fk2p\" target=\"_blank\" rel=\"noreferrer noopener\">clicando aqui<\/a>.<\/p>\n<p>Fa\u00e7a uma den\u00fancia ou sugira uma reportagem sobre Ribeir\u00e3o Preto e regi\u00e3o pelo WhatsApp: 16 99117 7802.<\/p>\n<p>VEJA TAMB\u00c9M<br \/>Charlie Brown Jr.: fundadores anunciam turn\u00ea ac\u00fastica em homenagem \u00e0 banda<\/p>\n<p><input type=\"hidden\" name=\"postID\" id=\"postID\" value=\"150862\"\/><br \/>\n            <input type=\"hidden\" name=\"postType\" id=\"postType\" value=\"post\"\/><br \/>\n<!-- AI CONTENT END 1 -->\n        <\/div>\n<p><script async src=\"\/\/www.instagram.com\/embed.js\"><\/script><br \/>\n<br \/><br \/>\n<br \/><a href=\"https:\/\/www.acidadeon.com\/ribeiraopreto\/economia\/fim-da-declaracao-do-imposto-de-renda-entenda-proposta-do-ministro-da-fazenda\/\">Source link <\/a><\/p>\n<!-- CONTENT END 1 -->\n","protected":false},"excerpt":{"rendered":"<p>Ler o resumo da not\u00edcia Ministro da Fazenda pediu \u00e0 Receita Federal que informatize o sistema para eliminar a declara\u00e7\u00e3o anual do Imposto de Renda&#8230;.<\/p>\n","protected":false},"author":1,"featured_media":83518,"comment_status":"open","ping_status":"open","sticky":false,"template":"","format":"standard","meta":{"advanced_seo_description":"","jetpack_seo_html_title":"","jetpack_seo_noindex":false,"jetpack_post_was_ever_published":false,"_jetpack_newsletter_access":"","_jetpack_dont_email_post_to_subs":false,"_jetpack_newsletter_tier_id":0,"_jetpack_memberships_contains_paywalled_content":false,"_jetpack_memberships_contains_paid_content":false,"footnotes":"","jetpack_publicize_message":"","jetpack_publicize_feature_enabled":true,"jetpack_social_post_already_shared":true,"jetpack_social_options":{"image_generator_settings":{"template":"highway","default_image_id":0,"font":"","enabled":false},"version":2}},"categories":[11],"tags":[],"class_list":["post-84088","post","type-post","status-publish","format-standard","has-post-thumbnail","hentry","category-noticias-de-ribeirao-preto-sp-e-regiao-ismael-colosi"],"jetpack_publicize_connections":[],"jetpack_featured_media_url":"https:\/\/i0.wp.com\/noticiasribeiraopreto.com.br\/wp-content\/uploads\/2026\/03\/dario-durigan_2026-03-19_20-11-15.webp.webp?fit=1200%2C675&ssl=1","jetpack-related-posts":[{"id":65201,"url":"https:\/\/noticiasribeiraopreto.com.br\/index.php\/2025\/03\/17\/mais-de-246-mil-pessoas-devem-fazer-a-declaracao-do-imposto-de-renda-em-ribeirao-preto\/","url_meta":{"origin":84088,"position":0},"title":"Mais de 246 mil pessoas devem fazer a declara\u00e7\u00e3o do Imposto de Renda em Ribeir\u00e3o Preto","author":"noticiasribeiraopreto.com.br","date":"17 de March de 2025","format":false,"excerpt":"A Receita Federal informou que 246.910 moradores de Ribeir\u00e3o Preto devem fazer a declara\u00e7\u00e3o do Imposto de Renda Pessoa F\u00edsica 2025. O prazo de entrega come\u00e7ou \u00e0s 8h desta segunda-feira (17) e termina \u00e0s 23h59 do dia de 30 de maio. O programa gerador da declara\u00e7\u00e3o est\u00e1 dispon\u00edvel desde quinta-feira\u2026","rel":"","context":"In &quot;Not\u00edcias de Ribeir\u00e3o Preto-SP e Regi\u00e3o&quot;","block_context":{"text":"Not\u00edcias de Ribeir\u00e3o Preto-SP e Regi\u00e3o","link":"https:\/\/noticiasribeiraopreto.com.br\/index.php\/category\/noticias-de-ribeirao-preto-sp-e-regiao-ismael-colosi\/"},"img":{"alt_text":"","src":"https:\/\/i0.wp.com\/noticiasribeiraopreto.com.br\/wp-content\/uploads\/2025\/03\/1742229416_novo_lote_1024x576_22072020125933.jpg?fit=1024%2C575&ssl=1&resize=350%2C200","width":350,"height":200,"srcset":"https:\/\/i0.wp.com\/noticiasribeiraopreto.com.br\/wp-content\/uploads\/2025\/03\/1742229416_novo_lote_1024x576_22072020125933.jpg?fit=1024%2C575&ssl=1&resize=350%2C200 1x, https:\/\/i0.wp.com\/noticiasribeiraopreto.com.br\/wp-content\/uploads\/2025\/03\/1742229416_novo_lote_1024x576_22072020125933.jpg?fit=1024%2C575&ssl=1&resize=525%2C300 1.5x, https:\/\/i0.wp.com\/noticiasribeiraopreto.com.br\/wp-content\/uploads\/2025\/03\/1742229416_novo_lote_1024x576_22072020125933.jpg?fit=1024%2C575&ssl=1&resize=700%2C400 2x"},"classes":[]},{"id":66447,"url":"https:\/\/noticiasribeiraopreto.com.br\/index.php\/2025\/04\/01\/declaracao-pre-preenchida-completa-do-ir-esta-disponivel-a-partir-desta-terca-entenda\/","url_meta":{"origin":84088,"position":1},"title":"Declara\u00e7\u00e3o pr\u00e9-preenchida completa do IR est\u00e1 dispon\u00edvel a partir desta ter\u00e7a; Entenda","author":"noticiasribeiraopreto.com.br","date":"1 de April de 2025","format":false,"excerpt":"A declara\u00e7\u00e3o pr\u00e9-preenchida do\u00a0Imposto de Renda Pessoa F\u00edsica (IRPF)\u00a0est\u00e1 dispon\u00edvel com dados completos a partir desta ter\u00e7a-feira (1), depois de duas semanas com informa\u00e7\u00f5es parciais. O atraso ocorreu por causa da greve dos auditores-fiscais da Receita Federal. Tamb\u00e9m a partir desta ter\u00e7a,\u00a0est\u00e1 dispon\u00edvel a declara\u00e7\u00e3o pelo celular e pelo Centro\u2026","rel":"","context":"In &quot;Not\u00edcias de Ribeir\u00e3o Preto-SP e Regi\u00e3o&quot;","block_context":{"text":"Not\u00edcias de Ribeir\u00e3o Preto-SP e Regi\u00e3o","link":"https:\/\/noticiasribeiraopreto.com.br\/index.php\/category\/noticias-de-ribeirao-preto-sp-e-regiao-ismael-colosi\/"},"img":{"alt_text":"","src":"https:\/\/i0.wp.com\/noticiasribeiraopreto.com.br\/wp-content\/uploads\/2024\/03\/imposto-de-renda.webp.webp?fit=1170%2C700&ssl=1&resize=350%2C200","width":350,"height":200,"srcset":"https:\/\/i0.wp.com\/noticiasribeiraopreto.com.br\/wp-content\/uploads\/2024\/03\/imposto-de-renda.webp.webp?fit=1170%2C700&ssl=1&resize=350%2C200 1x, https:\/\/i0.wp.com\/noticiasribeiraopreto.com.br\/wp-content\/uploads\/2024\/03\/imposto-de-renda.webp.webp?fit=1170%2C700&ssl=1&resize=525%2C300 1.5x, https:\/\/i0.wp.com\/noticiasribeiraopreto.com.br\/wp-content\/uploads\/2024\/03\/imposto-de-renda.webp.webp?fit=1170%2C700&ssl=1&resize=700%2C400 2x, https:\/\/i0.wp.com\/noticiasribeiraopreto.com.br\/wp-content\/uploads\/2024\/03\/imposto-de-renda.webp.webp?fit=1170%2C700&ssl=1&resize=1050%2C600 3x"},"classes":[]},{"id":42543,"url":"https:\/\/noticiasribeiraopreto.com.br\/index.php\/2024\/03\/15\/receita-comeca-a-receber-o-ir\/","url_meta":{"origin":84088,"position":2},"title":"Receita come\u00e7a\u00a0a receber o IR \u00a0","author":"noticiasribeiraopreto.com.br","date":"15 de March de 2024","format":false,"excerpt":"15 de mar\u00e7o de 2024 | 9:0014 de mar\u00e7o de 2024 | 20:09 0A Receita Federal abre nesta sexta-feira, 15 de mar\u00e7o, a partir das oito horas, o prazo para entrega da declara\u00e7\u00e3o de Imposto de Renda Pessoa F\u00edsica de 2024 (ano-base 2023). O contribuinte tem at\u00e9 as 23h59min59s de\u2026","rel":"","context":"In &quot;Not\u00edcias de Ribeir\u00e3o Preto-SP e Regi\u00e3o&quot;","block_context":{"text":"Not\u00edcias de Ribeir\u00e3o Preto-SP e Regi\u00e3o","link":"https:\/\/noticiasribeiraopreto.com.br\/index.php\/category\/noticias-de-ribeirao-preto-sp-e-regiao-ismael-colosi\/"},"img":{"alt_text":"","src":"https:\/\/i0.wp.com\/noticiasribeiraopreto.com.br\/wp-content\/uploads\/2024\/03\/LeaoIR-Joedson-Alves-Ag.Br_-scaled.jpg?fit=1000%2C598&ssl=1&resize=350%2C200","width":350,"height":200,"srcset":"https:\/\/i0.wp.com\/noticiasribeiraopreto.com.br\/wp-content\/uploads\/2024\/03\/LeaoIR-Joedson-Alves-Ag.Br_-scaled.jpg?fit=1000%2C598&ssl=1&resize=350%2C200 1x, https:\/\/i0.wp.com\/noticiasribeiraopreto.com.br\/wp-content\/uploads\/2024\/03\/LeaoIR-Joedson-Alves-Ag.Br_-scaled.jpg?fit=1000%2C598&ssl=1&resize=525%2C300 1.5x, https:\/\/i0.wp.com\/noticiasribeiraopreto.com.br\/wp-content\/uploads\/2024\/03\/LeaoIR-Joedson-Alves-Ag.Br_-scaled.jpg?fit=1000%2C598&ssl=1&resize=700%2C400 2x"},"classes":[]},{"id":70007,"url":"https:\/\/noticiasribeiraopreto.com.br\/index.php\/2025\/05\/21\/esperando-a-restituicao-do-ir-2025-saiba-quando-sera-pago-o-primeiro-lote\/","url_meta":{"origin":84088,"position":3},"title":"Esperando a restitui\u00e7\u00e3o do IR 2025? Saiba quando ser\u00e1 pago o primeiro lote","author":"noticiasribeiraopreto.com.br","date":"21 de May de 2025","format":false,"excerpt":"A Receita Federal vai pagar o primeiro lote de restitui\u00e7\u00e3o do Imposto de Renda 2025 no dia 30 de maio. O lote inclui 6,3 milh\u00f5es de contribuintes e totaliza R$ 11 bilh\u00f5es em restitui\u00e7\u00f5es, o maior valor j\u00e1 registrado. O pagamento abrange contribuintes com prioridade no reembolso, incluindo restitui\u00e7\u00f5es residuais\u2026","rel":"","context":"In &quot;Not\u00edcias de Ribeir\u00e3o Preto-SP e Regi\u00e3o&quot;","block_context":{"text":"Not\u00edcias de Ribeir\u00e3o Preto-SP e Regi\u00e3o","link":"https:\/\/noticiasribeiraopreto.com.br\/index.php\/category\/noticias-de-ribeirao-preto-sp-e-regiao-ismael-colosi\/"},"img":{"alt_text":"","src":"https:\/\/i0.wp.com\/noticiasribeiraopreto.com.br\/wp-content\/uploads\/2025\/05\/1747872885_novo_lote_1024x576_22072020125933.jpg?fit=1024%2C575&ssl=1&resize=350%2C200","width":350,"height":200,"srcset":"https:\/\/i0.wp.com\/noticiasribeiraopreto.com.br\/wp-content\/uploads\/2025\/05\/1747872885_novo_lote_1024x576_22072020125933.jpg?fit=1024%2C575&ssl=1&resize=350%2C200 1x, https:\/\/i0.wp.com\/noticiasribeiraopreto.com.br\/wp-content\/uploads\/2025\/05\/1747872885_novo_lote_1024x576_22072020125933.jpg?fit=1024%2C575&ssl=1&resize=525%2C300 1.5x, https:\/\/i0.wp.com\/noticiasribeiraopreto.com.br\/wp-content\/uploads\/2025\/05\/1747872885_novo_lote_1024x576_22072020125933.jpg?fit=1024%2C575&ssl=1&resize=700%2C400 2x"},"classes":[]},{"id":83646,"url":"https:\/\/noticiasribeiraopreto.com.br\/index.php\/2026\/03\/23\/quando-comeca-a-restituicao-do-imposto-de-renda-veja-o-calendario\/","url_meta":{"origin":84088,"position":4},"title":"Quando come\u00e7a a restitui\u00e7\u00e3o do Imposto de Renda? Veja o calend\u00e1rio","author":"noticiasribeiraopreto.com.br","date":"23 de March de 2026","format":false,"excerpt":"Os contribuintes j\u00e1 podem acertar as contas com o Le\u00e3o. Come\u00e7ou nesta segunda-feira (23) o prazo de envio da Declara\u00e7\u00e3o do Imposto de Renda Pessoa F\u00edsica 2026 (ano-base 2025). Segundo a Receita Federal, o 1\u00ba lote de restitui\u00e7\u00e3o ser\u00e1 pago a partir de 29 de maio \u2013 veja o calend\u00e1rio\u2026","rel":"","context":"In &quot;Not\u00edcias de Ribeir\u00e3o Preto-SP e Regi\u00e3o&quot;","block_context":{"text":"Not\u00edcias de Ribeir\u00e3o Preto-SP e Regi\u00e3o","link":"https:\/\/noticiasribeiraopreto.com.br\/index.php\/category\/noticias-de-ribeirao-preto-sp-e-regiao-ismael-colosi\/"},"img":{"alt_text":"","src":"https:\/\/i0.wp.com\/noticiasribeiraopreto.com.br\/wp-content\/uploads\/2026\/03\/imposto-de-renda_2026-03-20_12-43-21.webp.webp?fit=1170%2C700&ssl=1&resize=350%2C200","width":350,"height":200,"srcset":"https:\/\/i0.wp.com\/noticiasribeiraopreto.com.br\/wp-content\/uploads\/2026\/03\/imposto-de-renda_2026-03-20_12-43-21.webp.webp?fit=1170%2C700&ssl=1&resize=350%2C200 1x, https:\/\/i0.wp.com\/noticiasribeiraopreto.com.br\/wp-content\/uploads\/2026\/03\/imposto-de-renda_2026-03-20_12-43-21.webp.webp?fit=1170%2C700&ssl=1&resize=525%2C300 1.5x, https:\/\/i0.wp.com\/noticiasribeiraopreto.com.br\/wp-content\/uploads\/2026\/03\/imposto-de-renda_2026-03-20_12-43-21.webp.webp?fit=1170%2C700&ssl=1&resize=700%2C400 2x, https:\/\/i0.wp.com\/noticiasribeiraopreto.com.br\/wp-content\/uploads\/2026\/03\/imposto-de-renda_2026-03-20_12-43-21.webp.webp?fit=1170%2C700&ssl=1&resize=1050%2C600 3x"},"classes":[]},{"id":64811,"url":"https:\/\/noticiasribeiraopreto.com.br\/index.php\/2025\/03\/12\/confira-as-regras-do-imposto-de-renda-2025-prazo-para-declaracao-comeca-na-segunda-feira\/","url_meta":{"origin":84088,"position":5},"title":"Confira as regras do Imposto de Renda 2025; Prazo para declara\u00e7\u00e3o come\u00e7a na segunda-feira","author":"noticiasribeiraopreto.com.br","date":"12 de March de 2025","format":false,"excerpt":"A Receita Federal divulgou na tarde desta quarta-feira (12), as regras do Imposto de Renda 2025. O prazo para a entrega da declara\u00e7\u00e3o ano-base 2024 ser\u00e1 de 17 de mar\u00e7o a 30 de maio. O programa do IR 2025 estar\u00e1 dispon\u00edvel para download a partir desta quinta-feira (13), no entanto,\u2026","rel":"","context":"In &quot;Not\u00edcias de Ribeir\u00e3o Preto-SP e Regi\u00e3o&quot;","block_context":{"text":"Not\u00edcias de Ribeir\u00e3o Preto-SP e Regi\u00e3o","link":"https:\/\/noticiasribeiraopreto.com.br\/index.php\/category\/noticias-de-ribeirao-preto-sp-e-regiao-ismael-colosi\/"},"img":{"alt_text":"","src":"https:\/\/i0.wp.com\/noticiasribeiraopreto.com.br\/wp-content\/uploads\/2025\/03\/novo_lote_1024x576_22072020125933.jpg?fit=1024%2C575&ssl=1&resize=350%2C200","width":350,"height":200,"srcset":"https:\/\/i0.wp.com\/noticiasribeiraopreto.com.br\/wp-content\/uploads\/2025\/03\/novo_lote_1024x576_22072020125933.jpg?fit=1024%2C575&ssl=1&resize=350%2C200 1x, https:\/\/i0.wp.com\/noticiasribeiraopreto.com.br\/wp-content\/uploads\/2025\/03\/novo_lote_1024x576_22072020125933.jpg?fit=1024%2C575&ssl=1&resize=525%2C300 1.5x, https:\/\/i0.wp.com\/noticiasribeiraopreto.com.br\/wp-content\/uploads\/2025\/03\/novo_lote_1024x576_22072020125933.jpg?fit=1024%2C575&ssl=1&resize=700%2C400 2x"},"classes":[]}],"jetpack_sharing_enabled":true,"jetpack_shortlink":"https:\/\/wp.me\/peQAOb-lSg","_links":{"self":[{"href":"https:\/\/noticiasribeiraopreto.com.br\/index.php\/wp-json\/wp\/v2\/posts\/84088","targetHints":{"allow":["GET"]}}],"collection":[{"href":"https:\/\/noticiasribeiraopreto.com.br\/index.php\/wp-json\/wp\/v2\/posts"}],"about":[{"href":"https:\/\/noticiasribeiraopreto.com.br\/index.php\/wp-json\/wp\/v2\/types\/post"}],"author":[{"embeddable":true,"href":"https:\/\/noticiasribeiraopreto.com.br\/index.php\/wp-json\/wp\/v2\/users\/1"}],"replies":[{"embeddable":true,"href":"https:\/\/noticiasribeiraopreto.com.br\/index.php\/wp-json\/wp\/v2\/comments?post=84088"}],"version-history":[{"count":0,"href":"https:\/\/noticiasribeiraopreto.com.br\/index.php\/wp-json\/wp\/v2\/posts\/84088\/revisions"}],"wp:featuredmedia":[{"embeddable":true,"href":"https:\/\/noticiasribeiraopreto.com.br\/index.php\/wp-json\/wp\/v2\/media\/83518"}],"wp:attachment":[{"href":"https:\/\/noticiasribeiraopreto.com.br\/index.php\/wp-json\/wp\/v2\/media?parent=84088"}],"wp:term":[{"taxonomy":"category","embeddable":true,"href":"https:\/\/noticiasribeiraopreto.com.br\/index.php\/wp-json\/wp\/v2\/categories?post=84088"},{"taxonomy":"post_tag","embeddable":true,"href":"https:\/\/noticiasribeiraopreto.com.br\/index.php\/wp-json\/wp\/v2\/tags?post=84088"}],"curies":[{"name":"wp","href":"https:\/\/api.w.org\/{rel}","templated":true}]}}