{"id":84153,"date":"2026-04-02T19:36:21","date_gmt":"2026-04-02T22:36:21","guid":{"rendered":"https:\/\/noticiasribeiraopreto.com.br\/index.php\/2026\/04\/02\/36-mil-aprovados-no-concurso-publico-unificado-devem-comecar-a-tomar-posse-em-maio\/"},"modified":"2026-04-02T19:36:21","modified_gmt":"2026-04-02T22:36:21","slug":"36-mil-aprovados-no-concurso-publico-unificado-devem-comecar-a-tomar-posse-em-maio","status":"publish","type":"post","link":"https:\/\/noticiasribeiraopreto.com.br\/index.php\/2026\/04\/02\/36-mil-aprovados-no-concurso-publico-unificado-devem-comecar-a-tomar-posse-em-maio\/","title":{"rendered":"3,6 mil aprovados no Concurso P\u00fablico Unificado devem come\u00e7ar a tomar posse em maio"},"content":{"rendered":"<div class='code-block code-block-1' style='margin: 8px 0 8px auto; text-align: right; display: block; clear: both;'>\n<p><a href=\"https:\/\/wa.link\/vpicfd\"><img data-recalc-dims=\"1\" class=\"wp-image-4922\" style=\"aspect-ratio: 2.0253164556962027; width: 561px; height: auto;\" src=\"https:\/\/i0.wp.com\/ismaelcolosi.com.br\/wp-content\/uploads\/2023\/11\/grupo-de-empregos-whatsapp-e-facebook-ismael-colosi-vagas.jpg?ssl=1\" alt=\"\" \/><\/a><\/p>\n<!-- \/wp:image -->\n<\/div>\n<p> <br \/>\n<\/p>\n<div id=\"dsoaudio\">\n<div class=\"oknexcerpt resumo-noticia\">\n\t\t\t\t\t\t\t<button class=\"resumo-noticia__btn\" aria-expanded=\"false\" aria-controls=\"resumo-noticia-content\"><br \/>\n\t\t\t\t\t\t\t\t<span class=\"resumo-noticia__btn-text\">Ler o resumo da not\u00edcia<\/span><br \/>\n\t\t\t\t\t\t\t\t<svg xmlns=\"http:\/\/www.w3.org\/2000\/svg\" class=\"resumo-noticia__btn-icon\" width=\"24\" height=\"24\" viewbox=\"0 0 24 24\" fill=\"none\">\n\t\t\t\t\t\t\t\t\t<path d=\"M7.41 8.59L12 13.17L16.59 8.59L18 10L12 16L6 10L7.41 8.59Z\" fill=\"#196AA9\"\/>\n\t\t\t\t\t\t\t\t<\/svg><br \/>\n\t\t\t\t\t\t\t<\/button><\/p>\n<div class=\"resumo-noticia__content\" id=\"resumo-noticia-content\" style=\"max-height: 0px;\">\n<div class=\"resumo-noticia__content-inner\">\n<ul>\n<li>3,6 mil aprovados no Concurso P\u00fablico Unificado devem come\u00e7ar a tomar posse em maio<\/li>\n<li>A titular de Gest\u00e3o e Inova\u00e7\u00e3o em Servi\u00e7os P\u00fablicos, Esther Dweck, disse nesta quinta-feira (2), que os minist\u00e9rios est\u00e3o finalizando os pedidos de homologa\u00e7\u00e3o para que mais de 3,6 mil pessoas aprovadas no CNU (Concurso P\u00fablico Nacional Unificado) possam come\u00e7ar a ser empossadas a partir do pr\u00f3ximo m\u00eas. \u201cTodos os concursos homologados antes de junho, antes do defeso eleitoral, podem ser chamados durante o per\u00edodo eleitoral. O que voc\u00ea n\u00e3o pode \u00e9 homologar um concurso novo. Ent\u00e3o, concursos homologados n\u00e3o t\u00eam trava eleitoral. Tanto CNU 1 quanto o 2 v\u00e3o estar homologados antes do per\u00edodo eleitoral, portanto, a gente vai poder chamar excedentes, inclusive, ao longo do pr\u00f3ximo semestre\u201d, explica. Excedentes<\/li>\n<li>A ministra Esther Dweck tamb\u00e9m adiantou informa\u00e7\u00f5es sobre novos concursos e chamadas de excedentes para 2026. Ela anunciou que o presidente Lula autorizou refor\u00e7o na Pol\u00edcia Federal. &#8221; A gente deve chamar a\u00ed mais mil imediatamente, talvez mais 500 ainda neste ano&#8221;. Outras \u00e1reas, como sa\u00fade (Fiocruz), minera\u00e7\u00e3o (ANM) e regula\u00e7\u00e3o (Anvisa), tamb\u00e9m passar\u00e3o por an\u00e1lises para novas convoca\u00e7\u00f5es na pr\u00f3xima semana. SAIBA MAIS\u00c1lbum da Copa 2026 ter\u00e1 980 figurinhas; veja o pre\u00e7o dos pacotes<\/li>\n<li>FIQUE ON<\/li>\n<li>Fique ligado em tudo que acontece em Ribeir\u00e3o Preto e regi\u00e3o.<\/li>\n<\/ul><\/div>\n<\/p><\/div>\n<\/p><\/div>\n<p><button type=\"button\" title=\"Salvar mat\u00e9ria\" class=\"dso bookmark-injection bookmark-save\"><br \/>\n        <svg xmlns=\"http:\/\/www.w3.org\/2000\/svg\" width=\"20\" height=\"24\" viewbox=\"0 0 20 24\" fill=\"none\">\n            <path d=\"M1 23V1H19V23L10 15.6667L1 23Z\" stroke=\"black\" stroke-width=\"1.3\" stroke-linejoin=\"round\"\/>\n        <\/svg><br \/>\n    <\/button> <\/p>\n<p>A titular de Gest\u00e3o e Inova\u00e7\u00e3o em Servi\u00e7os P\u00fablicos,<strong> Esther Dweck<\/strong>, disse nesta quinta-feira (2), que os minist\u00e9rios est\u00e3o finalizando os pedidos de homologa\u00e7\u00e3o para que mais de 3,6 mil pessoas aprovadas no <strong>CNU (Concurso P\u00fablico Nacional Unificado) <\/strong>possam come\u00e7ar a ser empossadas a partir do pr\u00f3ximo m\u00eas.\u00a0<\/p>\n<p>\u201cEssas 3.652 pessoas v\u00e3o come\u00e7ar a tomar posse, na nossa expectativa, no in\u00edcio de maio\u201d, anunciou a ministra. Esther Dweck ressaltou que as homologa\u00e7\u00f5es feitas at\u00e9 junho garantem que as chamadas ocorram sem impedimentos pelo per\u00edodo eleitoral.<\/p>\n<p>\u201cTodos os concursos homologados antes de junho, antes do defeso eleitoral, podem ser chamados durante o per\u00edodo eleitoral. O que voc\u00ea n\u00e3o pode \u00e9 homologar um concurso novo. Ent\u00e3o, concursos homologados n\u00e3o t\u00eam trava eleitoral. Tanto CNU 1 quanto o 2 v\u00e3o estar homologados antes do per\u00edodo eleitoral, portanto, a gente vai poder chamar excedentes, inclusive, ao longo do pr\u00f3ximo semestre\u201d, explica.<\/p>\n<h2 class=\"wp-block-heading\"><strong>Excedentes<\/strong><\/h2>\n<p>A ministra Esther Dweck tamb\u00e9m adiantou informa\u00e7\u00f5es sobre novos concursos e chamadas de excedentes para 2026. Ela anunciou que o presidente Lula autorizou refor\u00e7o na Pol\u00edcia Federal. \u201cA gente deve chamar a\u00ed mais mil imediatamente, talvez mais 500 ainda neste ano\u201d. <\/p>\n<p>Outras \u00e1reas, como sa\u00fade (Fiocruz), minera\u00e7\u00e3o (ANM) e regula\u00e7\u00e3o (Anvisa), tamb\u00e9m passar\u00e3o por an\u00e1lises para novas convoca\u00e7\u00f5es na pr\u00f3xima semana.<\/p>\n<p>SAIBA MAIS<br \/>\u00c1lbum da Copa 2026 ter\u00e1 980 figurinhas; veja o pre\u00e7o dos pacotes<\/p>\n<h2 class=\"wp-block-heading\"><strong>FIQUE ON<\/strong><\/h2>\n<p>Fique ligado em tudo que acontece em Ribeir\u00e3o Preto e regi\u00e3o. Siga os perfis do\u00a0<strong>acidade on\u00a0<\/strong>no\u00a0<a href=\"https:\/\/www.instagram.com\/acidadeonribeirao\/\" target=\"_blank\" rel=\"noreferrer noopener\">Instagram<\/a>\u00a0e no\u00a0<a href=\"https:\/\/www.facebook.com\/acidadeonribeirao\" target=\"_blank\" rel=\"noreferrer noopener\">Facebook<\/a>.<\/p>\n<p>Receba not\u00edcias do<strong>\u00a0acidade on\u00a0<\/strong>no WhatsApp. Para entrar no grupo,\u00a0basta<a href=\"https:\/\/chat.whatsapp.com\/DfXwcjKVIddHUT3BvnQuPZ?mode=hqctshi\" target=\"_blank\" rel=\"noreferrer noopener\">\u00a0clicar aqui<\/a>. Ou, acesse o nosso\u00a0Canal<a href=\"https:\/\/whatsapp.com\/channel\/0029Vb6IQl1JENyAeS57fk2p\" target=\"_blank\" rel=\"noreferrer noopener\">\u00a0clicando aqui<\/a>.<\/p>\n<p>Fa\u00e7a uma den\u00fancia ou sugira uma reportagem sobre Ribeir\u00e3o Preto e regi\u00e3o pelo WhatsApp: 16 99117 7802.<\/p>\n<p>VEJA TAMB\u00c9M<br \/>Fifa come\u00e7a a testar nova regra de impedimento para favorecer ataques; entenda mudan\u00e7as<\/p>\n<p><input type=\"hidden\" name=\"postID\" id=\"postID\" value=\"151075\"\/><br \/>\n            <input type=\"hidden\" name=\"postType\" id=\"postType\" value=\"post\"\/><br \/>\n<!-- AI CONTENT END 1 -->\n        <\/div>\n<p><script async src=\"\/\/www.instagram.com\/embed.js\"><\/script><br \/>\n<br \/><br \/>\n<br \/><a href=\"https:\/\/www.acidadeon.com\/ribeiraopreto\/economia\/36-mil-aprovados-no-concurso-publico-unificado-devem-comecar-a-tomar-posse-em-maio\/\">Source link <\/a><\/p>\n<!-- CONTENT END 1 -->\n","protected":false},"excerpt":{"rendered":"<p>Ler o resumo da not\u00edcia 3,6 mil aprovados no Concurso P\u00fablico Unificado devem come\u00e7ar a tomar posse em maio A titular de Gest\u00e3o e Inova\u00e7\u00e3o&#8230;<\/p>\n","protected":false},"author":1,"featured_media":84154,"comment_status":"open","ping_status":"open","sticky":false,"template":"","format":"standard","meta":{"advanced_seo_description":"","jetpack_seo_html_title":"","jetpack_seo_noindex":false,"jetpack_post_was_ever_published":false,"_jetpack_newsletter_access":"","_jetpack_dont_email_post_to_subs":false,"_jetpack_newsletter_tier_id":0,"_jetpack_memberships_contains_paywalled_content":false,"_jetpack_memberships_contains_paid_content":false,"footnotes":"","jetpack_publicize_message":"","jetpack_publicize_feature_enabled":true,"jetpack_social_post_already_shared":true,"jetpack_social_options":{"image_generator_settings":{"template":"highway","default_image_id":0,"font":"","enabled":false},"version":2}},"categories":[11],"tags":[],"class_list":["post-84153","post","type-post","status-publish","format-standard","has-post-thumbnail","hentry","category-noticias-de-ribeirao-preto-sp-e-regiao-ismael-colosi"],"jetpack_publicize_connections":[],"jetpack_featured_media_url":"https:\/\/i0.wp.com\/noticiasribeiraopreto.com.br\/wp-content\/uploads\/2026\/04\/concurso-caixa_2025-11-05_15-46-40.webp.webp?fit=1200%2C800&ssl=1","jetpack-related-posts":[{"id":26816,"url":"https:\/\/noticiasribeiraopreto.com.br\/index.php\/2024\/01\/10\/veja-o-edital-do-concurso-publico-nacional-unificado-sao-66-mil-vagas\/","url_meta":{"origin":84153,"position":0},"title":"Veja o edital do Concurso P\u00fablico Nacional Unificado; S\u00e3o 6,6 mil vagas","author":"noticiasribeiraopreto.com.br","date":"10 de January de 2024","format":false,"excerpt":"O Governo Federal divulgou nesta quarta-feira (10) o edital do Concurso P\u00fablico Nacional Unificado, o Enem dos Concursos \u2013 Veja aqui. As provas ser\u00e3o realizadas no dia 5 de maio em 217 cidades brasileiras, incluindo Ribeir\u00e3o Preto \u2013 veja todas cidades aqui. As inscri\u00e7\u00f5es v\u00e3o come\u00e7ar dia 19 de janeiro\u2026","rel":"","context":"In &quot;Not\u00edcias de Ribeir\u00e3o Preto-SP e Regi\u00e3o&quot;","block_context":{"text":"Not\u00edcias de Ribeir\u00e3o Preto-SP e Regi\u00e3o","link":"https:\/\/noticiasribeiraopreto.com.br\/index.php\/category\/noticias-de-ribeirao-preto-sp-e-regiao-ismael-colosi\/"},"img":{"alt_text":"","src":"https:\/\/i0.wp.com\/noticiasribeiraopreto.com.br\/wp-content\/uploads\/2024\/01\/concurso-publico-nacional-unificado-cesgranrio.jpg?fit=1200%2C798&ssl=1&resize=350%2C200","width":350,"height":200,"srcset":"https:\/\/i0.wp.com\/noticiasribeiraopreto.com.br\/wp-content\/uploads\/2024\/01\/concurso-publico-nacional-unificado-cesgranrio.jpg?fit=1200%2C798&ssl=1&resize=350%2C200 1x, https:\/\/i0.wp.com\/noticiasribeiraopreto.com.br\/wp-content\/uploads\/2024\/01\/concurso-publico-nacional-unificado-cesgranrio.jpg?fit=1200%2C798&ssl=1&resize=525%2C300 1.5x, https:\/\/i0.wp.com\/noticiasribeiraopreto.com.br\/wp-content\/uploads\/2024\/01\/concurso-publico-nacional-unificado-cesgranrio.jpg?fit=1200%2C798&ssl=1&resize=700%2C400 2x, https:\/\/i0.wp.com\/noticiasribeiraopreto.com.br\/wp-content\/uploads\/2024\/01\/concurso-publico-nacional-unificado-cesgranrio.jpg?fit=1200%2C798&ssl=1&resize=1050%2C600 3x"},"classes":[]},{"id":20016,"url":"https:\/\/noticiasribeiraopreto.com.br\/index.php\/2023\/12\/23\/mais-de-50-mil-vagas-previstas-confira-lista-dos-concursos-para-o-proximo-ano\/","url_meta":{"origin":84153,"position":1},"title":"Mais de 50 mil VAGAS previstas! Confira lista dos CONCURSOS para o pr\u00f3ximo ano","author":"noticiasribeiraopreto.com.br","date":"23 de December de 2023","format":false,"excerpt":"As vagas s\u00e3o para v\u00e1rios cargos e sal\u00e1rios As vagas para os concursos em 2024 s\u00e3o excelentes. Vale lembrar que s\u00e3o mais de 50 mil oportunidades. Com isso, muitos cargos ser\u00e3o ofertados. Ficou interessado? Veja a seguir. Or\u00e7amento Aprovado com Mais de 50 Mil Vagas Previstas Em um desfecho positivo\u2026","rel":"","context":"In &quot;Vagas de Emprego em Ribeir\u00e3o Preto-SP&quot;","block_context":{"text":"Vagas de Emprego em Ribeir\u00e3o Preto-SP","link":"https:\/\/noticiasribeiraopreto.com.br\/index.php\/category\/empregos-classificados-vagas-trabalho\/vagas-de-empregos-em-ribeirao-preto-regiao-brasil\/"},"img":{"alt_text":"","src":"https:\/\/i0.wp.com\/noticiasribeiraopreto.com.br\/wp-content\/uploads\/2023\/12\/noticiasconcursos.com_.br-mais-de-50-mil-vagas-previstas-confira-lista-dos-concursos-para-o-proximo-ano-pexels-jeshootscom-834897-6.jpg?fit=1200%2C800&ssl=1&resize=350%2C200","width":350,"height":200,"srcset":"https:\/\/i0.wp.com\/noticiasribeiraopreto.com.br\/wp-content\/uploads\/2023\/12\/noticiasconcursos.com_.br-mais-de-50-mil-vagas-previstas-confira-lista-dos-concursos-para-o-proximo-ano-pexels-jeshootscom-834897-6.jpg?fit=1200%2C800&ssl=1&resize=350%2C200 1x, https:\/\/i0.wp.com\/noticiasribeiraopreto.com.br\/wp-content\/uploads\/2023\/12\/noticiasconcursos.com_.br-mais-de-50-mil-vagas-previstas-confira-lista-dos-concursos-para-o-proximo-ano-pexels-jeshootscom-834897-6.jpg?fit=1200%2C800&ssl=1&resize=525%2C300 1.5x, https:\/\/i0.wp.com\/noticiasribeiraopreto.com.br\/wp-content\/uploads\/2023\/12\/noticiasconcursos.com_.br-mais-de-50-mil-vagas-previstas-confira-lista-dos-concursos-para-o-proximo-ano-pexels-jeshootscom-834897-6.jpg?fit=1200%2C800&ssl=1&resize=700%2C400 2x, https:\/\/i0.wp.com\/noticiasribeiraopreto.com.br\/wp-content\/uploads\/2023\/12\/noticiasconcursos.com_.br-mais-de-50-mil-vagas-previstas-confira-lista-dos-concursos-para-o-proximo-ano-pexels-jeshootscom-834897-6.jpg?fit=1200%2C800&ssl=1&resize=1050%2C600 3x"},"classes":[]},{"id":26537,"url":"https:\/\/noticiasribeiraopreto.com.br\/index.php\/2024\/01\/10\/edital-do-enem-dos-concursos-publicos-sera-divulgado-nesta-quarta-ribeirao-recebe-provas\/","url_meta":{"origin":84153,"position":2},"title":"Edital do \u2018Enem dos concursos p\u00fablicos\u2019 ser\u00e1 divulgado nesta quarta; Ribeir\u00e3o recebe provas","author":"noticiasribeiraopreto.com.br","date":"10 de January de 2024","format":false,"excerpt":"O edital do Concurso P\u00fablico Nacional Unificado, o \u201cEnem dos Concursos P\u00fablicos\u201d, ser\u00e1 publicado nesta quarta-feira (10) pelo Governo Federal. A prova ser\u00e1 aplicada em 217 cidades de todo o Brasil, incluindo Ribeir\u00e3o Preto. As inscri\u00e7\u00f5es v\u00e3o come\u00e7ar dia 19 de janeiro e seguem at\u00e9 9 de fevereiro no site\u2026","rel":"","context":"In &quot;Not\u00edcias de Ribeir\u00e3o Preto-SP e Regi\u00e3o&quot;","block_context":{"text":"Not\u00edcias de Ribeir\u00e3o Preto-SP e Regi\u00e3o","link":"https:\/\/noticiasribeiraopreto.com.br\/index.php\/category\/noticias-de-ribeirao-preto-sp-e-regiao-ismael-colosi\/"},"img":{"alt_text":"","src":"https:\/\/i0.wp.com\/noticiasribeiraopreto.com.br\/wp-content\/uploads\/2024\/01\/1704886578_concurso-publico.jpg?fit=1200%2C800&ssl=1&resize=350%2C200","width":350,"height":200,"srcset":"https:\/\/i0.wp.com\/noticiasribeiraopreto.com.br\/wp-content\/uploads\/2024\/01\/1704886578_concurso-publico.jpg?fit=1200%2C800&ssl=1&resize=350%2C200 1x, https:\/\/i0.wp.com\/noticiasribeiraopreto.com.br\/wp-content\/uploads\/2024\/01\/1704886578_concurso-publico.jpg?fit=1200%2C800&ssl=1&resize=525%2C300 1.5x, https:\/\/i0.wp.com\/noticiasribeiraopreto.com.br\/wp-content\/uploads\/2024\/01\/1704886578_concurso-publico.jpg?fit=1200%2C800&ssl=1&resize=700%2C400 2x, https:\/\/i0.wp.com\/noticiasribeiraopreto.com.br\/wp-content\/uploads\/2024\/01\/1704886578_concurso-publico.jpg?fit=1200%2C800&ssl=1&resize=1050%2C600 3x"},"classes":[]},{"id":9204,"url":"https:\/\/noticiasribeiraopreto.com.br\/index.php\/2023\/12\/01\/ribeirao-preto-vai-ser-uma-das-sedes-do-enem-dos-concursos-publicos-veja-a-lista\/","url_meta":{"origin":84153,"position":3},"title":"Ribeir\u00e3o Preto vai ser uma das sedes do Enem dos concursos p\u00fablicos; Veja a lista","author":"noticiasribeiraopreto.com.br","date":"1 de December de 2023","format":false,"excerpt":"Ribeir\u00e3o Preto est\u00e1 entre os 180 munic\u00edpios brasileiros que v\u00e3o receber as provas do Concurso P\u00fablico Nacional Unificado, o \u201cEnem dos concursos\u201d. Segundo o Governo Federal, o concurso p\u00fablico contar\u00e1 com 6.640 vagas em 21 \u00f3rg\u00e3os federais. A lista completa de cidades que v\u00e3o sediar o Concurso P\u00fablico Nacional Unificado\u2026","rel":"","context":"In &quot;Not\u00edcias de Ribeir\u00e3o Preto-SP e Regi\u00e3o&quot;","block_context":{"text":"Not\u00edcias de Ribeir\u00e3o Preto-SP e Regi\u00e3o","link":"https:\/\/noticiasribeiraopreto.com.br\/index.php\/category\/noticias-de-ribeirao-preto-sp-e-regiao-ismael-colosi\/"},"img":{"alt_text":"","src":"https:\/\/i0.wp.com\/noticiasribeiraopreto.com.br\/wp-content\/uploads\/2023\/12\/eu-amo-ribeirao-preto.jpeg?fit=1200%2C800&ssl=1&resize=350%2C200","width":350,"height":200,"srcset":"https:\/\/i0.wp.com\/noticiasribeiraopreto.com.br\/wp-content\/uploads\/2023\/12\/eu-amo-ribeirao-preto.jpeg?fit=1200%2C800&ssl=1&resize=350%2C200 1x, https:\/\/i0.wp.com\/noticiasribeiraopreto.com.br\/wp-content\/uploads\/2023\/12\/eu-amo-ribeirao-preto.jpeg?fit=1200%2C800&ssl=1&resize=525%2C300 1.5x, https:\/\/i0.wp.com\/noticiasribeiraopreto.com.br\/wp-content\/uploads\/2023\/12\/eu-amo-ribeirao-preto.jpeg?fit=1200%2C800&ssl=1&resize=700%2C400 2x, https:\/\/i0.wp.com\/noticiasribeiraopreto.com.br\/wp-content\/uploads\/2023\/12\/eu-amo-ribeirao-preto.jpeg?fit=1200%2C800&ssl=1&resize=1050%2C600 3x"},"classes":[]},{"id":15845,"url":"https:\/\/noticiasribeiraopreto.com.br\/index.php\/2023\/12\/14\/concurso-publico-nacional-unificado-ganha-data-de-prova\/","url_meta":{"origin":84153,"position":4},"title":"Concurso P\u00fablico Nacional Unificado ganha data de prova","author":"noticiasribeiraopreto.com.br","date":"14 de December de 2023","format":false,"excerpt":"O Minist\u00e9rio da Gest\u00e3o e da Inova\u00e7\u00e3o em Servi\u00e7os P\u00fablicos informou nesta quinta-feira (14) que o edital do Concurso P\u00fablico Nacional Unificado, com todas as regras do exame, ser\u00e1 divulgado no dia 10 de janeiro. As inscri\u00e7\u00f5es v\u00e3o come\u00e7ar dia 19 de janeiro e seguem at\u00e9 9 de fevereiro. A\u2026","rel":"","context":"In &quot;Dinheiro e Investimento&quot;","block_context":{"text":"Dinheiro e Investimento","link":"https:\/\/noticiasribeiraopreto.com.br\/index.php\/category\/dinheiro-e-investimento-como-fazer-como-ganhar\/"},"img":{"alt_text":"","src":"https:\/\/i0.wp.com\/noticiasribeiraopreto.com.br\/wp-content\/uploads\/2023\/12\/concursos_abertos-715x402.jpg?fit=715%2C402&ssl=1&resize=350%2C200","width":350,"height":200,"srcset":"https:\/\/i0.wp.com\/noticiasribeiraopreto.com.br\/wp-content\/uploads\/2023\/12\/concursos_abertos-715x402.jpg?fit=715%2C402&ssl=1&resize=350%2C200 1x, https:\/\/i0.wp.com\/noticiasribeiraopreto.com.br\/wp-content\/uploads\/2023\/12\/concursos_abertos-715x402.jpg?fit=715%2C402&ssl=1&resize=525%2C300 1.5x, https:\/\/i0.wp.com\/noticiasribeiraopreto.com.br\/wp-content\/uploads\/2023\/12\/concursos_abertos-715x402.jpg?fit=715%2C402&ssl=1&resize=700%2C400 2x"},"classes":[]},{"id":38413,"url":"https:\/\/noticiasribeiraopreto.com.br\/index.php\/2024\/02\/19\/concurso-nacional-unificado-tem-21-milhoes-de-inscritos-confirmados\/","url_meta":{"origin":84153,"position":5},"title":"Concurso Nacional Unificado tem 2,1 milh\u00f5es de inscritos confirmados","author":"noticiasribeiraopreto.com.br","date":"19 de February de 2024","format":false,"excerpt":"19 de fevereiro de 2024 | 15:3019 de fevereiro de 2024 | 14:54 0O Concurso P\u00fablico Nacional Unificado (CPNU) j\u00e1 registra 2,1 milh\u00f5es de inscri\u00e7\u00f5es confirmadas para este que \u00e9 considerado o maior certame j\u00e1 realizado para o servi\u00e7o p\u00fablico federal. De acordo com o Minist\u00e9rio da Gest\u00e3o e da\u2026","rel":"","context":"In &quot;Not\u00edcias de Ribeir\u00e3o Preto-SP e Regi\u00e3o&quot;","block_context":{"text":"Not\u00edcias de Ribeir\u00e3o Preto-SP e Regi\u00e3o","link":"https:\/\/noticiasribeiraopreto.com.br\/index.php\/category\/noticias-de-ribeirao-preto-sp-e-regiao-ismael-colosi\/"},"img":{"alt_text":"","src":"https:\/\/i0.wp.com\/noticiasribeiraopreto.com.br\/wp-content\/uploads\/2024\/02\/808ac240-0d47-41fa-a0ea-eb2bce24baf7-scaled.jpg?fit=1000%2C598&ssl=1&resize=350%2C200","width":350,"height":200,"srcset":"https:\/\/i0.wp.com\/noticiasribeiraopreto.com.br\/wp-content\/uploads\/2024\/02\/808ac240-0d47-41fa-a0ea-eb2bce24baf7-scaled.jpg?fit=1000%2C598&ssl=1&resize=350%2C200 1x, https:\/\/i0.wp.com\/noticiasribeiraopreto.com.br\/wp-content\/uploads\/2024\/02\/808ac240-0d47-41fa-a0ea-eb2bce24baf7-scaled.jpg?fit=1000%2C598&ssl=1&resize=525%2C300 1.5x, https:\/\/i0.wp.com\/noticiasribeiraopreto.com.br\/wp-content\/uploads\/2024\/02\/808ac240-0d47-41fa-a0ea-eb2bce24baf7-scaled.jpg?fit=1000%2C598&ssl=1&resize=700%2C400 2x"},"classes":[]}],"jetpack_sharing_enabled":true,"jetpack_shortlink":"https:\/\/wp.me\/peQAOb-lTj","_links":{"self":[{"href":"https:\/\/noticiasribeiraopreto.com.br\/index.php\/wp-json\/wp\/v2\/posts\/84153","targetHints":{"allow":["GET"]}}],"collection":[{"href":"https:\/\/noticiasribeiraopreto.com.br\/index.php\/wp-json\/wp\/v2\/posts"}],"about":[{"href":"https:\/\/noticiasribeiraopreto.com.br\/index.php\/wp-json\/wp\/v2\/types\/post"}],"author":[{"embeddable":true,"href":"https:\/\/noticiasribeiraopreto.com.br\/index.php\/wp-json\/wp\/v2\/users\/1"}],"replies":[{"embeddable":true,"href":"https:\/\/noticiasribeiraopreto.com.br\/index.php\/wp-json\/wp\/v2\/comments?post=84153"}],"version-history":[{"count":0,"href":"https:\/\/noticiasribeiraopreto.com.br\/index.php\/wp-json\/wp\/v2\/posts\/84153\/revisions"}],"wp:featuredmedia":[{"embeddable":true,"href":"https:\/\/noticiasribeiraopreto.com.br\/index.php\/wp-json\/wp\/v2\/media\/84154"}],"wp:attachment":[{"href":"https:\/\/noticiasribeiraopreto.com.br\/index.php\/wp-json\/wp\/v2\/media?parent=84153"}],"wp:term":[{"taxonomy":"category","embeddable":true,"href":"https:\/\/noticiasribeiraopreto.com.br\/index.php\/wp-json\/wp\/v2\/categories?post=84153"},{"taxonomy":"post_tag","embeddable":true,"href":"https:\/\/noticiasribeiraopreto.com.br\/index.php\/wp-json\/wp\/v2\/tags?post=84153"}],"curies":[{"name":"wp","href":"https:\/\/api.w.org\/{rel}","templated":true}]}}